{"id":75245,"date":"2024-10-17T21:31:24","date_gmt":"2024-10-17T19:31:24","guid":{"rendered":"https:\/\/lightweb.dev\/l\/svm-temp\/?p=75245"},"modified":"2024-10-21T10:22:45","modified_gmt":"2024-10-21T08:22:45","slug":"nu-rivs-taket-till-parkeringsgaraget","status":"publish","type":"post","link":"https:\/\/lightweb.dev\/l\/svm-temp\/nyheter\/nu-rivs-taket-till-parkeringsgaraget\/","title":{"rendered":"Nu rivs taket till parkeringsgaraget"},"content":{"rendered":"<p><strong>Senaste dagarna har en gr\u00e4vmaskin inlett rivningen av taket till parkeringsgaraget i Fuengirolas gamla Merca centro.<\/strong><\/p>\n<p><strong>Nyligen stannade arbetena upp efter att man uppt\u00e4ckt att delar av garagets struktur h\u00e5ller ihop med en intilliggande byggnad.<\/strong><\/p>\n<p>Sent p\u00e5 eftermiddagen p\u00e5 torsdagen hade s\u00e5 gott som hela taket till det underjordiska garaget i den gamla saluhallen rivits.<\/p>\n<div id=\"attachment_75244\" style=\"width: 910px\" class=\"wp-caption alignnone\"><img loading=\"lazy\" decoding=\"async\" aria-describedby=\"caption-attachment-75244\" class=\"wp-image-75244 size-full\" src=\"https:\/\/lightweb.dev\/l\/svm-temp\/wp-content\/uploads\/2024\/10\/svm20241017192720.webp\" alt=\"\" width=\"900\" height=\"400\" srcset=\"https:\/\/lightweb.dev\/l\/svm-temp\/wp-content\/uploads\/2024\/10\/svm20241017192720.webp 900w, https:\/\/lightweb.dev\/l\/svm-temp\/wp-content\/uploads\/2024\/10\/svm20241017192720-300x133.webp 300w, https:\/\/lightweb.dev\/l\/svm-temp\/wp-content\/uploads\/2024\/10\/svm20241017192720-768x341.webp 768w, https:\/\/lightweb.dev\/l\/svm-temp\/wp-content\/uploads\/2024\/10\/svm20241017192720-610x271.webp 610w, https:\/\/lightweb.dev\/l\/svm-temp\/wp-content\/uploads\/2024\/10\/svm20241017192720-600x267.webp 600w\" sizes=\"(max-width: 900px) 100vw, 900px\" \/><p id=\"caption-attachment-75244\" class=\"wp-caption-text\">Det har h\u00e4nt en hel del p\u00e5 ett par dagar.<\/p><\/div>\n<p>Fr\u00e5n b\u00f6rjan var det meningen att garaget skulle f\u00e5 vara kvar i samband med bygget av den nya saluhallen.<\/p>\n<p>Den komplicerade strukturen g\u00f6r att garaget rivs.<\/p>\n<p>Som <a href=\"https:\/\/lightweb.dev\/l\/svm-temp\/nyheter\/bygget-av-fuengirolas-nya-saluhall-har-avstannat\/\">Svenska Magasinet<\/a> tidigare har ber\u00e4ttat f\u00f6rsenas bygget av den nya saluhallen med minst sju m\u00e5nader och blir dyrare \u00e4n ber\u00e4knat.<\/p>\n<p>Nu g\u00e4ller det att modifiera projektet f\u00f6r att kunna g\u00e5 vidare f\u00f6r att garantera stabiliteten och s\u00e4kerheten f\u00f6r den framtida byggnaden.<\/p>\n<blockquote class=\"twitter-tweet\" data-media-max-width=\"560\">\n<p dir=\"ltr\" lang=\"sv\">Arbetet med att riva parkeringshuset under gamla saluhallen p\u00e5g\u00e5r och \u00e4r snart klart. <a href=\"https:\/\/twitter.com\/hashtag\/Fuengirola?src=hash&amp;ref_src=twsrc%5Etfw\">#Fuengirola<\/a> <a href=\"https:\/\/twitter.com\/hashtag\/Mercacentro?src=hash&amp;ref_src=twsrc%5Etfw\">#Mercacentro<\/a> <a href=\"https:\/\/t.co\/aGz4ixedjM\">pic.twitter.com\/aGz4ixedjM<\/a><\/p>\n<p>\u2014 Svenska Magasinet (@SvenskaMagasine) <a href=\"https:\/\/twitter.com\/SvenskaMagasine\/status\/1848274244657947095?ref_src=twsrc%5Etfw\">October 21, 2024<\/a><\/p><\/blockquote>\n<p><script async src=\"https:\/\/platform.twitter.com\/widgets.js\" charset=\"utf-8\"><\/script><\/p>\n<p>I st\u00e4llet f\u00f6r att den nya saluhallen skulle st\u00e5 klar till v\u00e5ren blir det n\u00e5gon g\u00e5ng under sista kvartalet 2025. S\u00e5 \u00e4r planerna just nu.<\/p>\n<p>Det inneb\u00e4r \u00e4ven att kostnaderna \u00f6kar med cirka en miljon euro till 14 miljoner euro.<\/p>\n","protected":false},"excerpt":{"rendered":"<p>Senaste dagarna har en gr\u00e4vmaskin inlett rivningen av taket till parkeringsgaraget i Fuengirolas gamla Merca centro. Nyligen stannade arbetena upp efter att man uppt\u00e4ckt att delar av garagets struktur h\u00e5ller ihop med en intilliggande byggnad&#8230;<\/p>\n","protected":false},"author":7,"featured_media":75243,"comment_status":"closed","ping_status":"closed","sticky":false,"template":"","format":"standard","meta":{"_et_pb_use_builder":"","_et_pb_old_content":"","_et_gb_content_width":"","footnotes":""},"categories":[284,3],"tags":[],"class_list":["post-75245","post","type-post","status-publish","format-standard","has-post-thumbnail","hentry","category-inrikes","category-nyheter"],"yoast_head":"<!-- This site is optimized with the Yoast SEO Premium plugin v26.2 (Yoast SEO v27.4) - https:\/\/yoast.com\/product\/yoast-seo-premium-wordpress\/ -->\n<title>Nu rivs taket till parkeringsgaraget - Svenska Magasinet<\/title>\n<meta name=\"description\" content=\"Senaste dagarna har en gr\u00e4vmaskin inlett rivningen av taket till parkeringsgaraget i Fuengirolas gamla Merca centro. Nyligen stannade arbetena upp efter att man uppt\u00e4ckt att delar av garagets struktur h\u00e5ller ihop med en intilliggande byggnad.\" \/>\n<meta name=\"robots\" content=\"noindex, follow, max-snippet:-1, max-image-preview:large, max-video-preview:-1\" \/>\n<meta property=\"og:locale\" content=\"sv_SE\" \/>\n<meta property=\"og:type\" content=\"article\" \/>\n<meta property=\"og:title\" content=\"Nu rivs taket till parkeringsgaraget\" \/>\n<meta property=\"og:description\" content=\"Senaste dagarna har en gr\u00e4vmaskin inlett rivningen av taket till parkeringsgaraget i Fuengirolas gamla Merca centro. Nyligen stannade arbetena upp efter att man uppt\u00e4ckt att delar av garagets struktur h\u00e5ller ihop med en intilliggande byggnad.\" \/>\n<meta property=\"og:url\" content=\"https:\/\/lightweb.dev\/l\/svm-temp\/nyheter\/nu-rivs-taket-till-parkeringsgaraget\/\" \/>\n<meta property=\"og:site_name\" content=\"Svenska Magasinet\" \/>\n<meta property=\"article:publisher\" content=\"https:\/\/www.facebook.com\/svenskamagasinet\" \/>\n<meta property=\"article:published_time\" content=\"2024-10-17T19:31:24+00:00\" \/>\n<meta property=\"article:modified_time\" content=\"2024-10-21T08:22:45+00:00\" \/>\n<meta property=\"og:image\" content=\"https:\/\/lightweb.dev\/l\/svm-temp\/wp-content\/uploads\/2024\/10\/svm20241017192632.webp\" \/>\n\t<meta property=\"og:image:width\" content=\"900\" \/>\n\t<meta property=\"og:image:height\" content=\"400\" \/>\n\t<meta property=\"og:image:type\" content=\"image\/webp\" \/>\n<meta name=\"author\" content=\"Ola Josefsson\" \/>\n<meta name=\"twitter:card\" content=\"summary_large_image\" \/>\n<meta name=\"twitter:creator\" content=\"@SvenskaMagasine\" \/>\n<meta name=\"twitter:site\" content=\"@SvenskaMagasine\" \/>\n<script type=\"application\/ld+json\" class=\"yoast-schema-graph\">{\"@context\":\"https:\\\/\\\/schema.org\",\"@graph\":[{\"@type\":\"Article\",\"@id\":\"https:\\\/\\\/lightweb.dev\\\/l\\\/svm-temp\\\/nyheter\\\/nu-rivs-taket-till-parkeringsgaraget\\\/#article\",\"isPartOf\":{\"@id\":\"https:\\\/\\\/lightweb.dev\\\/l\\\/svm-temp\\\/nyheter\\\/nu-rivs-taket-till-parkeringsgaraget\\\/\"},\"author\":{\"name\":\"Ola Josefsson\",\"@id\":\"https:\\\/\\\/lightweb.dev\\\/l\\\/svm-temp\\\/#\\\/schema\\\/person\\\/7a82b8a73d171d32360a564b6d03508e\"},\"headline\":\"Nu rivs taket till parkeringsgaraget\",\"datePublished\":\"2024-10-17T19:31:24+00:00\",\"dateModified\":\"2024-10-21T08:22:45+00:00\",\"mainEntityOfPage\":{\"@id\":\"https:\\\/\\\/lightweb.dev\\\/l\\\/svm-temp\\\/nyheter\\\/nu-rivs-taket-till-parkeringsgaraget\\\/\"},\"wordCount\":231,\"publisher\":{\"@id\":\"https:\\\/\\\/lightweb.dev\\\/l\\\/svm-temp\\\/#organization\"},\"image\":{\"@id\":\"https:\\\/\\\/lightweb.dev\\\/l\\\/svm-temp\\\/nyheter\\\/nu-rivs-taket-till-parkeringsgaraget\\\/#primaryimage\"},\"thumbnailUrl\":\"https:\\\/\\\/lightweb.dev\\\/l\\\/svm-temp\\\/wp-content\\\/uploads\\\/2024\\\/10\\\/svm20241017192632.webp\",\"articleSection\":[\"Inrikes\",\"Nyheter\"],\"inLanguage\":\"sv-SE\"},{\"@type\":\"WebPage\",\"@id\":\"https:\\\/\\\/lightweb.dev\\\/l\\\/svm-temp\\\/nyheter\\\/nu-rivs-taket-till-parkeringsgaraget\\\/\",\"url\":\"https:\\\/\\\/lightweb.dev\\\/l\\\/svm-temp\\\/nyheter\\\/nu-rivs-taket-till-parkeringsgaraget\\\/\",\"name\":\"Nu rivs taket till parkeringsgaraget - Svenska Magasinet\",\"isPartOf\":{\"@id\":\"https:\\\/\\\/lightweb.dev\\\/l\\\/svm-temp\\\/#website\"},\"primaryImageOfPage\":{\"@id\":\"https:\\\/\\\/lightweb.dev\\\/l\\\/svm-temp\\\/nyheter\\\/nu-rivs-taket-till-parkeringsgaraget\\\/#primaryimage\"},\"image\":{\"@id\":\"https:\\\/\\\/lightweb.dev\\\/l\\\/svm-temp\\\/nyheter\\\/nu-rivs-taket-till-parkeringsgaraget\\\/#primaryimage\"},\"thumbnailUrl\":\"https:\\\/\\\/lightweb.dev\\\/l\\\/svm-temp\\\/wp-content\\\/uploads\\\/2024\\\/10\\\/svm20241017192632.webp\",\"datePublished\":\"2024-10-17T19:31:24+00:00\",\"dateModified\":\"2024-10-21T08:22:45+00:00\",\"description\":\"Senaste dagarna har en gr\u00e4vmaskin inlett rivningen av taket till parkeringsgaraget i Fuengirolas gamla Merca centro. Nyligen stannade arbetena upp efter att man uppt\u00e4ckt att delar av garagets struktur h\u00e5ller ihop med en intilliggande byggnad.\",\"breadcrumb\":{\"@id\":\"https:\\\/\\\/lightweb.dev\\\/l\\\/svm-temp\\\/nyheter\\\/nu-rivs-taket-till-parkeringsgaraget\\\/#breadcrumb\"},\"inLanguage\":\"sv-SE\",\"potentialAction\":[{\"@type\":\"ReadAction\",\"target\":[\"https:\\\/\\\/lightweb.dev\\\/l\\\/svm-temp\\\/nyheter\\\/nu-rivs-taket-till-parkeringsgaraget\\\/\"]}]},{\"@type\":\"ImageObject\",\"inLanguage\":\"sv-SE\",\"@id\":\"https:\\\/\\\/lightweb.dev\\\/l\\\/svm-temp\\\/nyheter\\\/nu-rivs-taket-till-parkeringsgaraget\\\/#primaryimage\",\"url\":\"https:\\\/\\\/lightweb.dev\\\/l\\\/svm-temp\\\/wp-content\\\/uploads\\\/2024\\\/10\\\/svm20241017192632.webp\",\"contentUrl\":\"https:\\\/\\\/lightweb.dev\\\/l\\\/svm-temp\\\/wp-content\\\/uploads\\\/2024\\\/10\\\/svm20241017192632.webp\",\"width\":900,\"height\":400,\"caption\":\"P\u00e5 torsdagseftermiddagen hade mer \u00e4n halva taket till det underjordiska garaget i den gamla saluhallen rivits. (Foto: Palle Hansen)\"},{\"@type\":\"BreadcrumbList\",\"@id\":\"https:\\\/\\\/lightweb.dev\\\/l\\\/svm-temp\\\/nyheter\\\/nu-rivs-taket-till-parkeringsgaraget\\\/#breadcrumb\",\"itemListElement\":[{\"@type\":\"ListItem\",\"position\":1,\"name\":\"Hem\",\"item\":\"https:\\\/\\\/lightweb.dev\\\/l\\\/svm-temp\\\/\"},{\"@type\":\"ListItem\",\"position\":2,\"name\":\"Nu rivs taket till parkeringsgaraget\"}]},{\"@type\":\"WebSite\",\"@id\":\"https:\\\/\\\/lightweb.dev\\\/l\\\/svm-temp\\\/#website\",\"url\":\"https:\\\/\\\/lightweb.dev\\\/l\\\/svm-temp\\\/\",\"name\":\"Svenska Magasinet\",\"description\":\"Dina Spanska nyheter p&aring; Svenska\",\"publisher\":{\"@id\":\"https:\\\/\\\/lightweb.dev\\\/l\\\/svm-temp\\\/#organization\"},\"potentialAction\":[{\"@type\":\"SearchAction\",\"target\":{\"@type\":\"EntryPoint\",\"urlTemplate\":\"https:\\\/\\\/lightweb.dev\\\/l\\\/svm-temp\\\/?s={search_term_string}\"},\"query-input\":{\"@type\":\"PropertyValueSpecification\",\"valueRequired\":true,\"valueName\":\"search_term_string\"}}],\"inLanguage\":\"sv-SE\"},{\"@type\":\"Organization\",\"@id\":\"https:\\\/\\\/lightweb.dev\\\/l\\\/svm-temp\\\/#organization\",\"name\":\"Melkerson y Nott SL\",\"alternateName\":\"Svenska Magasinet\",\"url\":\"https:\\\/\\\/lightweb.dev\\\/l\\\/svm-temp\\\/\",\"logo\":{\"@type\":\"ImageObject\",\"inLanguage\":\"sv-SE\",\"@id\":\"https:\\\/\\\/lightweb.dev\\\/l\\\/svm-temp\\\/#\\\/schema\\\/logo\\\/image\\\/\",\"url\":\"https:\\\/\\\/lightweb.dev\\\/l\\\/svm-temp\\\/wp-content\\\/uploads\\\/2025\\\/02\\\/SvM-logo-Xtra-Centrerad-SVART.png\",\"contentUrl\":\"https:\\\/\\\/lightweb.dev\\\/l\\\/svm-temp\\\/wp-content\\\/uploads\\\/2025\\\/02\\\/SvM-logo-Xtra-Centrerad-SVART.png\",\"width\":300,\"height\":99,\"caption\":\"Melkerson y Nott SL\"},\"image\":{\"@id\":\"https:\\\/\\\/lightweb.dev\\\/l\\\/svm-temp\\\/#\\\/schema\\\/logo\\\/image\\\/\"},\"sameAs\":[\"https:\\\/\\\/www.facebook.com\\\/svenskamagasinet\",\"https:\\\/\\\/x.com\\\/SvenskaMagasine\"]},{\"@type\":\"Person\",\"@id\":\"https:\\\/\\\/lightweb.dev\\\/l\\\/svm-temp\\\/#\\\/schema\\\/person\\\/7a82b8a73d171d32360a564b6d03508e\",\"name\":\"Ola Josefsson\",\"description\":\"Bevakar Solkusten och Spanien sedan 1994.\",\"sameAs\":[\"https:\\\/\\\/lightweb.dev\\\/l\\\/svm-temp\"],\"url\":\"https:\\\/\\\/lightweb.dev\\\/l\\\/svm-temp\\\/reporter\\\/ola-josefsson\\\/\"}]}<\/script>\n<!-- \/ Yoast SEO Premium plugin. -->","yoast_head_json":{"title":"Nu rivs taket till parkeringsgaraget - Svenska Magasinet","description":"Senaste dagarna har en gr\u00e4vmaskin inlett rivningen av taket till parkeringsgaraget i Fuengirolas gamla Merca centro. Nyligen stannade arbetena upp efter att man uppt\u00e4ckt att delar av garagets struktur h\u00e5ller ihop med en intilliggande byggnad.","robots":{"index":"noindex","follow":"follow","max-snippet":"max-snippet:-1","max-image-preview":"max-image-preview:large","max-video-preview":"max-video-preview:-1"},"og_locale":"sv_SE","og_type":"article","og_title":"Nu rivs taket till parkeringsgaraget","og_description":"Senaste dagarna har en gr\u00e4vmaskin inlett rivningen av taket till parkeringsgaraget i Fuengirolas gamla Merca centro. Nyligen stannade arbetena upp efter att man uppt\u00e4ckt att delar av garagets struktur h\u00e5ller ihop med en intilliggande byggnad.","og_url":"https:\/\/lightweb.dev\/l\/svm-temp\/nyheter\/nu-rivs-taket-till-parkeringsgaraget\/","og_site_name":"Svenska Magasinet","article_publisher":"https:\/\/www.facebook.com\/svenskamagasinet","article_published_time":"2024-10-17T19:31:24+00:00","article_modified_time":"2024-10-21T08:22:45+00:00","og_image":[{"width":900,"height":400,"url":"https:\/\/lightweb.dev\/l\/svm-temp\/wp-content\/uploads\/2024\/10\/svm20241017192632.webp","type":"image\/webp"}],"author":"Ola Josefsson","twitter_card":"summary_large_image","twitter_creator":"@SvenskaMagasine","twitter_site":"@SvenskaMagasine","schema":{"@context":"https:\/\/schema.org","@graph":[{"@type":"Article","@id":"https:\/\/lightweb.dev\/l\/svm-temp\/nyheter\/nu-rivs-taket-till-parkeringsgaraget\/#article","isPartOf":{"@id":"https:\/\/lightweb.dev\/l\/svm-temp\/nyheter\/nu-rivs-taket-till-parkeringsgaraget\/"},"author":{"name":"Ola Josefsson","@id":"https:\/\/lightweb.dev\/l\/svm-temp\/#\/schema\/person\/7a82b8a73d171d32360a564b6d03508e"},"headline":"Nu rivs taket till parkeringsgaraget","datePublished":"2024-10-17T19:31:24+00:00","dateModified":"2024-10-21T08:22:45+00:00","mainEntityOfPage":{"@id":"https:\/\/lightweb.dev\/l\/svm-temp\/nyheter\/nu-rivs-taket-till-parkeringsgaraget\/"},"wordCount":231,"publisher":{"@id":"https:\/\/lightweb.dev\/l\/svm-temp\/#organization"},"image":{"@id":"https:\/\/lightweb.dev\/l\/svm-temp\/nyheter\/nu-rivs-taket-till-parkeringsgaraget\/#primaryimage"},"thumbnailUrl":"https:\/\/lightweb.dev\/l\/svm-temp\/wp-content\/uploads\/2024\/10\/svm20241017192632.webp","articleSection":["Inrikes","Nyheter"],"inLanguage":"sv-SE"},{"@type":"WebPage","@id":"https:\/\/lightweb.dev\/l\/svm-temp\/nyheter\/nu-rivs-taket-till-parkeringsgaraget\/","url":"https:\/\/lightweb.dev\/l\/svm-temp\/nyheter\/nu-rivs-taket-till-parkeringsgaraget\/","name":"Nu rivs taket till parkeringsgaraget - Svenska Magasinet","isPartOf":{"@id":"https:\/\/lightweb.dev\/l\/svm-temp\/#website"},"primaryImageOfPage":{"@id":"https:\/\/lightweb.dev\/l\/svm-temp\/nyheter\/nu-rivs-taket-till-parkeringsgaraget\/#primaryimage"},"image":{"@id":"https:\/\/lightweb.dev\/l\/svm-temp\/nyheter\/nu-rivs-taket-till-parkeringsgaraget\/#primaryimage"},"thumbnailUrl":"https:\/\/lightweb.dev\/l\/svm-temp\/wp-content\/uploads\/2024\/10\/svm20241017192632.webp","datePublished":"2024-10-17T19:31:24+00:00","dateModified":"2024-10-21T08:22:45+00:00","description":"Senaste dagarna har en gr\u00e4vmaskin inlett rivningen av taket till parkeringsgaraget i Fuengirolas gamla Merca centro. Nyligen stannade arbetena upp efter att man uppt\u00e4ckt att delar av garagets struktur h\u00e5ller ihop med en intilliggande byggnad.","breadcrumb":{"@id":"https:\/\/lightweb.dev\/l\/svm-temp\/nyheter\/nu-rivs-taket-till-parkeringsgaraget\/#breadcrumb"},"inLanguage":"sv-SE","potentialAction":[{"@type":"ReadAction","target":["https:\/\/lightweb.dev\/l\/svm-temp\/nyheter\/nu-rivs-taket-till-parkeringsgaraget\/"]}]},{"@type":"ImageObject","inLanguage":"sv-SE","@id":"https:\/\/lightweb.dev\/l\/svm-temp\/nyheter\/nu-rivs-taket-till-parkeringsgaraget\/#primaryimage","url":"https:\/\/lightweb.dev\/l\/svm-temp\/wp-content\/uploads\/2024\/10\/svm20241017192632.webp","contentUrl":"https:\/\/lightweb.dev\/l\/svm-temp\/wp-content\/uploads\/2024\/10\/svm20241017192632.webp","width":900,"height":400,"caption":"P\u00e5 torsdagseftermiddagen hade mer \u00e4n halva taket till det underjordiska garaget i den gamla saluhallen rivits. (Foto: Palle Hansen)"},{"@type":"BreadcrumbList","@id":"https:\/\/lightweb.dev\/l\/svm-temp\/nyheter\/nu-rivs-taket-till-parkeringsgaraget\/#breadcrumb","itemListElement":[{"@type":"ListItem","position":1,"name":"Hem","item":"https:\/\/lightweb.dev\/l\/svm-temp\/"},{"@type":"ListItem","position":2,"name":"Nu rivs taket till parkeringsgaraget"}]},{"@type":"WebSite","@id":"https:\/\/lightweb.dev\/l\/svm-temp\/#website","url":"https:\/\/lightweb.dev\/l\/svm-temp\/","name":"Svenska Magasinet","description":"Dina Spanska nyheter p&aring; Svenska","publisher":{"@id":"https:\/\/lightweb.dev\/l\/svm-temp\/#organization"},"potentialAction":[{"@type":"SearchAction","target":{"@type":"EntryPoint","urlTemplate":"https:\/\/lightweb.dev\/l\/svm-temp\/?s={search_term_string}"},"query-input":{"@type":"PropertyValueSpecification","valueRequired":true,"valueName":"search_term_string"}}],"inLanguage":"sv-SE"},{"@type":"Organization","@id":"https:\/\/lightweb.dev\/l\/svm-temp\/#organization","name":"Melkerson y Nott SL","alternateName":"Svenska Magasinet","url":"https:\/\/lightweb.dev\/l\/svm-temp\/","logo":{"@type":"ImageObject","inLanguage":"sv-SE","@id":"https:\/\/lightweb.dev\/l\/svm-temp\/#\/schema\/logo\/image\/","url":"https:\/\/lightweb.dev\/l\/svm-temp\/wp-content\/uploads\/2025\/02\/SvM-logo-Xtra-Centrerad-SVART.png","contentUrl":"https:\/\/lightweb.dev\/l\/svm-temp\/wp-content\/uploads\/2025\/02\/SvM-logo-Xtra-Centrerad-SVART.png","width":300,"height":99,"caption":"Melkerson y Nott SL"},"image":{"@id":"https:\/\/lightweb.dev\/l\/svm-temp\/#\/schema\/logo\/image\/"},"sameAs":["https:\/\/www.facebook.com\/svenskamagasinet","https:\/\/x.com\/SvenskaMagasine"]},{"@type":"Person","@id":"https:\/\/lightweb.dev\/l\/svm-temp\/#\/schema\/person\/7a82b8a73d171d32360a564b6d03508e","name":"Ola Josefsson","description":"Bevakar Solkusten och Spanien sedan 1994.","sameAs":["https:\/\/lightweb.dev\/l\/svm-temp"],"url":"https:\/\/lightweb.dev\/l\/svm-temp\/reporter\/ola-josefsson\/"}]}},"_links":{"self":[{"href":"https:\/\/lightweb.dev\/l\/svm-temp\/wp-json\/wp\/v2\/posts\/75245","targetHints":{"allow":["GET"]}}],"collection":[{"href":"https:\/\/lightweb.dev\/l\/svm-temp\/wp-json\/wp\/v2\/posts"}],"about":[{"href":"https:\/\/lightweb.dev\/l\/svm-temp\/wp-json\/wp\/v2\/types\/post"}],"author":[{"embeddable":true,"href":"https:\/\/lightweb.dev\/l\/svm-temp\/wp-json\/wp\/v2\/users\/7"}],"replies":[{"embeddable":true,"href":"https:\/\/lightweb.dev\/l\/svm-temp\/wp-json\/wp\/v2\/comments?post=75245"}],"version-history":[{"count":0,"href":"https:\/\/lightweb.dev\/l\/svm-temp\/wp-json\/wp\/v2\/posts\/75245\/revisions"}],"wp:featuredmedia":[{"embeddable":true,"href":"https:\/\/lightweb.dev\/l\/svm-temp\/wp-json\/wp\/v2\/media\/75243"}],"wp:attachment":[{"href":"https:\/\/lightweb.dev\/l\/svm-temp\/wp-json\/wp\/v2\/media?parent=75245"}],"wp:term":[{"taxonomy":"category","embeddable":true,"href":"https:\/\/lightweb.dev\/l\/svm-temp\/wp-json\/wp\/v2\/categories?post=75245"},{"taxonomy":"post_tag","embeddable":true,"href":"https:\/\/lightweb.dev\/l\/svm-temp\/wp-json\/wp\/v2\/tags?post=75245"}],"curies":[{"name":"wp","href":"https:\/\/api.w.org\/{rel}","templated":true}]}}