{"id":75249,"date":"2024-10-18T10:06:12","date_gmt":"2024-10-18T08:06:12","guid":{"rendered":"https:\/\/lightweb.dev\/l\/svm-temp\/?p=75249"},"modified":"2024-10-18T10:07:53","modified_gmt":"2024-10-18T08:07:53","slug":"prisokningstakten-pa-hyresmarknaden-bromsar-in","status":"publish","type":"post","link":"https:\/\/lightweb.dev\/l\/svm-temp\/nyheter\/prisokningstakten-pa-hyresmarknaden-bromsar-in\/","title":{"rendered":"Pris\u00f6kningstakten p\u00e5 hyresmarknaden bromsar in"},"content":{"rendered":"<p><strong>Skenande hyror p\u00e5 Solkusten har varit en verklighet under flera \u00e5r. Nu kommer det tecken p\u00e5 att priserna bromsar in. Under det tredje kvartalet minskade hyrespriserna generellt med 2,7 procent i provinsen M\u00e1laga visar en f\u00e4rsk studie.<\/strong><\/p>\n<p><strong>I regionen Andalusien har inte hyran sjunkit p\u00e5 s\u00e5 mycket p\u00e5 17 \u00e5r.<\/strong><\/p>\n<p>I slutet p\u00e5 september var det i genomsnitt 2,7 procent billigare att hyra en l\u00e4genhet i provinsen M\u00e1laga j\u00e4mf\u00f6rt med i slutet p\u00e5 juni. Det visar en unders\u00f6kning fr\u00e5n webbportalen Fotocasa.<\/p>\n<p>I Andalusien sj\u00f6nk hyrorna generellt under samma tid med 4,9 procent.<\/p>\n<p>&#8211; Det \u00e4r en vanlig trend att hyrespriserna sjunker under det tredje kvartalet. Men att det sjunker s\u00e5 mycket som i \u00e5r har inte h\u00e4nt p\u00e5 17 eller 18 \u00e5r vilket ger en liten andningspaus d\u00e5 priserna har rusat och n\u00e5tt sitt maxpris i juni 2024, s\u00e4ger Mar\u00eda Matos, ansvarig f\u00f6r studien och talesperson vid Fotocasa.<\/p>\n<p>Sedan h\u00f6sten 2023 har hyrespriserna i genomsnitt i provinsen M\u00e1laga och p\u00e5 Solkusten \u00f6kat med 7,1 procent till ett genomsnitt p\u00e5 14,30 euro per kvadratmeter. Det kan j\u00e4mf\u00f6ras med Madrid (19,61 euro), Barcelona (18,17 euro) och Balearerna (16,81 euro).<\/p>\n<p>Trots nedg\u00e5ngen under tredje kvartalet f\u00f6rv\u00e4ntas hyran \u00f6kar enligt Matos.<\/p>\n<p>&#8211; Det r\u00e5der stor obalansen mellan utbud och efterfr\u00e5gan.<\/p>\n<p>P\u00e5 fredagen redovisar <a href=\"https:\/\/www.diariosur.es\/marbella\/pisos-alquiler-marbella-subida-media-20241017202406-nt.html\">Diario SUR<\/a> statistik fr\u00e5n webbportalen Idialista som visar att hyrespriserna i Marbella \u00f6kat med hela 65 procent de senaste fem \u00e5ren. En l\u00e4genhet med ett sovrum ligger f\u00f6r n\u00e4rvarande p\u00e5 600 euro.<\/p>\n<p>Om en hyresl\u00e4genhet p\u00e5 80 kvadratmeter kostade 864 euro i hyra 2019 kostar samma l\u00e4genhet nu 1.424 euro.<\/p>\n<p>Det g\u00f6r att m\u00e5nga s\u00e4songsarbetare i Marbella som kommer utifr\u00e5n har sv\u00e5rt att hitta en prisv\u00e4rd l\u00e4genhet att hyra. Det g\u00e4ller \u00e4ven tillf\u00e4lligt offentligt anst\u00e4lla inom v\u00e5rd, skola och polis.<\/p>\n","protected":false},"excerpt":{"rendered":"<p>Skenande hyror p\u00e5 Solkusten har varit en verklighet under flera \u00e5r. Nu kommer det tecken p\u00e5 att priserna bromsar in. Under det tredje kvartalet minskade hyrespriserna generellt med 2,7 procent i provinsen M\u00e1laga&#8230;<\/p>\n","protected":false},"author":7,"featured_media":72746,"comment_status":"closed","ping_status":"closed","sticky":false,"template":"","format":"standard","meta":{"_et_pb_use_builder":"","_et_pb_old_content":"","_et_gb_content_width":"","footnotes":""},"categories":[395,3],"tags":[],"class_list":["post-75249","post","type-post","status-publish","format-standard","has-post-thumbnail","hentry","category-arkiv-nyheter","category-nyheter"],"yoast_head":"<!-- This site is optimized with the Yoast SEO Premium plugin v26.2 (Yoast SEO v27.4) - https:\/\/yoast.com\/product\/yoast-seo-premium-wordpress\/ -->\n<title>Pris\u00f6kningstakten p\u00e5 hyresmarknaden bromsar in - Svenska Magasinet<\/title>\n<meta name=\"description\" content=\"Skenande hyror p\u00e5 Solkusten har varit en verklighet under flera \u00e5r. Nu kommer det tecken p\u00e5 att priserna bromsar in. Under det tredje kvartalet minskade hyrespriserna generellt med 2,7 procent i provinsen M\u00e1laga visar en f\u00e4rsk studie. I regionen Andalusien har inte hyran sjunkit p\u00e5 s\u00e5 mycket p\u00e5 17 \u00e5r.\" \/>\n<meta name=\"robots\" content=\"noindex, follow, max-snippet:-1, max-image-preview:large, max-video-preview:-1\" \/>\n<meta property=\"og:locale\" content=\"sv_SE\" \/>\n<meta property=\"og:type\" content=\"article\" \/>\n<meta property=\"og:title\" content=\"Pris\u00f6kningstakten p\u00e5 hyresmarknaden bromsar in\" \/>\n<meta property=\"og:description\" content=\"Skenande hyror p\u00e5 Solkusten har varit en verklighet under flera \u00e5r. Nu kommer det tecken p\u00e5 att priserna bromsar in. Under det tredje kvartalet minskade hyrespriserna generellt med 2,7 procent i provinsen M\u00e1laga visar en f\u00e4rsk studie. I regionen Andalusien har inte hyran sjunkit p\u00e5 s\u00e5 mycket p\u00e5 17 \u00e5r.\" \/>\n<meta property=\"og:url\" content=\"https:\/\/lightweb.dev\/l\/svm-temp\/nyheter\/prisokningstakten-pa-hyresmarknaden-bromsar-in\/\" \/>\n<meta property=\"og:site_name\" content=\"Svenska Magasinet\" \/>\n<meta property=\"article:publisher\" content=\"https:\/\/www.facebook.com\/svenskamagasinet\" \/>\n<meta property=\"article:published_time\" content=\"2024-10-18T08:06:12+00:00\" \/>\n<meta property=\"article:modified_time\" content=\"2024-10-18T08:07:53+00:00\" \/>\n<meta property=\"og:image\" content=\"https:\/\/lightweb.dev\/l\/svm-temp\/wp-content\/uploads\/2024\/06\/DSC_6197-Stor.jpeg\" \/>\n\t<meta property=\"og:image:width\" content=\"857\" \/>\n\t<meta property=\"og:image:height\" content=\"1280\" \/>\n\t<meta property=\"og:image:type\" content=\"image\/jpeg\" \/>\n<meta name=\"author\" content=\"Ola Josefsson\" \/>\n<meta name=\"twitter:card\" content=\"summary_large_image\" \/>\n<meta name=\"twitter:creator\" content=\"@SvenskaMagasine\" \/>\n<meta name=\"twitter:site\" content=\"@SvenskaMagasine\" \/>\n<script type=\"application\/ld+json\" class=\"yoast-schema-graph\">{\"@context\":\"https:\\\/\\\/schema.org\",\"@graph\":[{\"@type\":\"Article\",\"@id\":\"https:\\\/\\\/lightweb.dev\\\/l\\\/svm-temp\\\/nyheter\\\/prisokningstakten-pa-hyresmarknaden-bromsar-in\\\/#article\",\"isPartOf\":{\"@id\":\"https:\\\/\\\/lightweb.dev\\\/l\\\/svm-temp\\\/nyheter\\\/prisokningstakten-pa-hyresmarknaden-bromsar-in\\\/\"},\"author\":{\"name\":\"Ola Josefsson\",\"@id\":\"https:\\\/\\\/lightweb.dev\\\/l\\\/svm-temp\\\/#\\\/schema\\\/person\\\/7a82b8a73d171d32360a564b6d03508e\"},\"headline\":\"Pris\u00f6kningstakten p\u00e5 hyresmarknaden bromsar in\",\"datePublished\":\"2024-10-18T08:06:12+00:00\",\"dateModified\":\"2024-10-18T08:07:53+00:00\",\"mainEntityOfPage\":{\"@id\":\"https:\\\/\\\/lightweb.dev\\\/l\\\/svm-temp\\\/nyheter\\\/prisokningstakten-pa-hyresmarknaden-bromsar-in\\\/\"},\"wordCount\":316,\"publisher\":{\"@id\":\"https:\\\/\\\/lightweb.dev\\\/l\\\/svm-temp\\\/#organization\"},\"image\":{\"@id\":\"https:\\\/\\\/lightweb.dev\\\/l\\\/svm-temp\\\/nyheter\\\/prisokningstakten-pa-hyresmarknaden-bromsar-in\\\/#primaryimage\"},\"thumbnailUrl\":\"https:\\\/\\\/lightweb.dev\\\/l\\\/svm-temp\\\/wp-content\\\/uploads\\\/2024\\\/06\\\/DSC_6197-Stor.jpeg\",\"articleSection\":[\"Arkiv\",\"Nyheter\"],\"inLanguage\":\"sv-SE\"},{\"@type\":\"WebPage\",\"@id\":\"https:\\\/\\\/lightweb.dev\\\/l\\\/svm-temp\\\/nyheter\\\/prisokningstakten-pa-hyresmarknaden-bromsar-in\\\/\",\"url\":\"https:\\\/\\\/lightweb.dev\\\/l\\\/svm-temp\\\/nyheter\\\/prisokningstakten-pa-hyresmarknaden-bromsar-in\\\/\",\"name\":\"Pris\u00f6kningstakten p\u00e5 hyresmarknaden bromsar in - Svenska Magasinet\",\"isPartOf\":{\"@id\":\"https:\\\/\\\/lightweb.dev\\\/l\\\/svm-temp\\\/#website\"},\"primaryImageOfPage\":{\"@id\":\"https:\\\/\\\/lightweb.dev\\\/l\\\/svm-temp\\\/nyheter\\\/prisokningstakten-pa-hyresmarknaden-bromsar-in\\\/#primaryimage\"},\"image\":{\"@id\":\"https:\\\/\\\/lightweb.dev\\\/l\\\/svm-temp\\\/nyheter\\\/prisokningstakten-pa-hyresmarknaden-bromsar-in\\\/#primaryimage\"},\"thumbnailUrl\":\"https:\\\/\\\/lightweb.dev\\\/l\\\/svm-temp\\\/wp-content\\\/uploads\\\/2024\\\/06\\\/DSC_6197-Stor.jpeg\",\"datePublished\":\"2024-10-18T08:06:12+00:00\",\"dateModified\":\"2024-10-18T08:07:53+00:00\",\"description\":\"Skenande hyror p\u00e5 Solkusten har varit en verklighet under flera \u00e5r. Nu kommer det tecken p\u00e5 att priserna bromsar in. Under det tredje kvartalet minskade hyrespriserna generellt med 2,7 procent i provinsen M\u00e1laga visar en f\u00e4rsk studie. I regionen Andalusien har inte hyran sjunkit p\u00e5 s\u00e5 mycket p\u00e5 17 \u00e5r.\",\"breadcrumb\":{\"@id\":\"https:\\\/\\\/lightweb.dev\\\/l\\\/svm-temp\\\/nyheter\\\/prisokningstakten-pa-hyresmarknaden-bromsar-in\\\/#breadcrumb\"},\"inLanguage\":\"sv-SE\",\"potentialAction\":[{\"@type\":\"ReadAction\",\"target\":[\"https:\\\/\\\/lightweb.dev\\\/l\\\/svm-temp\\\/nyheter\\\/prisokningstakten-pa-hyresmarknaden-bromsar-in\\\/\"]}]},{\"@type\":\"ImageObject\",\"inLanguage\":\"sv-SE\",\"@id\":\"https:\\\/\\\/lightweb.dev\\\/l\\\/svm-temp\\\/nyheter\\\/prisokningstakten-pa-hyresmarknaden-bromsar-in\\\/#primaryimage\",\"url\":\"https:\\\/\\\/lightweb.dev\\\/l\\\/svm-temp\\\/wp-content\\\/uploads\\\/2024\\\/06\\\/DSC_6197-Stor.jpeg\",\"contentUrl\":\"https:\\\/\\\/lightweb.dev\\\/l\\\/svm-temp\\\/wp-content\\\/uploads\\\/2024\\\/06\\\/DSC_6197-Stor.jpeg\",\"width\":857,\"height\":1280},{\"@type\":\"BreadcrumbList\",\"@id\":\"https:\\\/\\\/lightweb.dev\\\/l\\\/svm-temp\\\/nyheter\\\/prisokningstakten-pa-hyresmarknaden-bromsar-in\\\/#breadcrumb\",\"itemListElement\":[{\"@type\":\"ListItem\",\"position\":1,\"name\":\"Hem\",\"item\":\"https:\\\/\\\/lightweb.dev\\\/l\\\/svm-temp\\\/\"},{\"@type\":\"ListItem\",\"position\":2,\"name\":\"Pris\u00f6kningstakten p\u00e5 hyresmarknaden bromsar in\"}]},{\"@type\":\"WebSite\",\"@id\":\"https:\\\/\\\/lightweb.dev\\\/l\\\/svm-temp\\\/#website\",\"url\":\"https:\\\/\\\/lightweb.dev\\\/l\\\/svm-temp\\\/\",\"name\":\"Svenska Magasinet\",\"description\":\"Dina Spanska nyheter p&aring; Svenska\",\"publisher\":{\"@id\":\"https:\\\/\\\/lightweb.dev\\\/l\\\/svm-temp\\\/#organization\"},\"potentialAction\":[{\"@type\":\"SearchAction\",\"target\":{\"@type\":\"EntryPoint\",\"urlTemplate\":\"https:\\\/\\\/lightweb.dev\\\/l\\\/svm-temp\\\/?s={search_term_string}\"},\"query-input\":{\"@type\":\"PropertyValueSpecification\",\"valueRequired\":true,\"valueName\":\"search_term_string\"}}],\"inLanguage\":\"sv-SE\"},{\"@type\":\"Organization\",\"@id\":\"https:\\\/\\\/lightweb.dev\\\/l\\\/svm-temp\\\/#organization\",\"name\":\"Melkerson y Nott SL\",\"alternateName\":\"Svenska Magasinet\",\"url\":\"https:\\\/\\\/lightweb.dev\\\/l\\\/svm-temp\\\/\",\"logo\":{\"@type\":\"ImageObject\",\"inLanguage\":\"sv-SE\",\"@id\":\"https:\\\/\\\/lightweb.dev\\\/l\\\/svm-temp\\\/#\\\/schema\\\/logo\\\/image\\\/\",\"url\":\"https:\\\/\\\/lightweb.dev\\\/l\\\/svm-temp\\\/wp-content\\\/uploads\\\/2025\\\/02\\\/SvM-logo-Xtra-Centrerad-SVART.png\",\"contentUrl\":\"https:\\\/\\\/lightweb.dev\\\/l\\\/svm-temp\\\/wp-content\\\/uploads\\\/2025\\\/02\\\/SvM-logo-Xtra-Centrerad-SVART.png\",\"width\":300,\"height\":99,\"caption\":\"Melkerson y Nott SL\"},\"image\":{\"@id\":\"https:\\\/\\\/lightweb.dev\\\/l\\\/svm-temp\\\/#\\\/schema\\\/logo\\\/image\\\/\"},\"sameAs\":[\"https:\\\/\\\/www.facebook.com\\\/svenskamagasinet\",\"https:\\\/\\\/x.com\\\/SvenskaMagasine\"]},{\"@type\":\"Person\",\"@id\":\"https:\\\/\\\/lightweb.dev\\\/l\\\/svm-temp\\\/#\\\/schema\\\/person\\\/7a82b8a73d171d32360a564b6d03508e\",\"name\":\"Ola Josefsson\",\"description\":\"Bevakar Solkusten och Spanien sedan 1994.\",\"sameAs\":[\"https:\\\/\\\/lightweb.dev\\\/l\\\/svm-temp\"],\"url\":\"https:\\\/\\\/lightweb.dev\\\/l\\\/svm-temp\\\/reporter\\\/ola-josefsson\\\/\"}]}<\/script>\n<!-- \/ Yoast SEO Premium plugin. -->","yoast_head_json":{"title":"Pris\u00f6kningstakten p\u00e5 hyresmarknaden bromsar in - Svenska Magasinet","description":"Skenande hyror p\u00e5 Solkusten har varit en verklighet under flera \u00e5r. Nu kommer det tecken p\u00e5 att priserna bromsar in. Under det tredje kvartalet minskade hyrespriserna generellt med 2,7 procent i provinsen M\u00e1laga visar en f\u00e4rsk studie. I regionen Andalusien har inte hyran sjunkit p\u00e5 s\u00e5 mycket p\u00e5 17 \u00e5r.","robots":{"index":"noindex","follow":"follow","max-snippet":"max-snippet:-1","max-image-preview":"max-image-preview:large","max-video-preview":"max-video-preview:-1"},"og_locale":"sv_SE","og_type":"article","og_title":"Pris\u00f6kningstakten p\u00e5 hyresmarknaden bromsar in","og_description":"Skenande hyror p\u00e5 Solkusten har varit en verklighet under flera \u00e5r. Nu kommer det tecken p\u00e5 att priserna bromsar in. Under det tredje kvartalet minskade hyrespriserna generellt med 2,7 procent i provinsen M\u00e1laga visar en f\u00e4rsk studie. I regionen Andalusien har inte hyran sjunkit p\u00e5 s\u00e5 mycket p\u00e5 17 \u00e5r.","og_url":"https:\/\/lightweb.dev\/l\/svm-temp\/nyheter\/prisokningstakten-pa-hyresmarknaden-bromsar-in\/","og_site_name":"Svenska Magasinet","article_publisher":"https:\/\/www.facebook.com\/svenskamagasinet","article_published_time":"2024-10-18T08:06:12+00:00","article_modified_time":"2024-10-18T08:07:53+00:00","og_image":[{"width":857,"height":1280,"url":"https:\/\/lightweb.dev\/l\/svm-temp\/wp-content\/uploads\/2024\/06\/DSC_6197-Stor.jpeg","type":"image\/jpeg"}],"author":"Ola Josefsson","twitter_card":"summary_large_image","twitter_creator":"@SvenskaMagasine","twitter_site":"@SvenskaMagasine","schema":{"@context":"https:\/\/schema.org","@graph":[{"@type":"Article","@id":"https:\/\/lightweb.dev\/l\/svm-temp\/nyheter\/prisokningstakten-pa-hyresmarknaden-bromsar-in\/#article","isPartOf":{"@id":"https:\/\/lightweb.dev\/l\/svm-temp\/nyheter\/prisokningstakten-pa-hyresmarknaden-bromsar-in\/"},"author":{"name":"Ola Josefsson","@id":"https:\/\/lightweb.dev\/l\/svm-temp\/#\/schema\/person\/7a82b8a73d171d32360a564b6d03508e"},"headline":"Pris\u00f6kningstakten p\u00e5 hyresmarknaden bromsar in","datePublished":"2024-10-18T08:06:12+00:00","dateModified":"2024-10-18T08:07:53+00:00","mainEntityOfPage":{"@id":"https:\/\/lightweb.dev\/l\/svm-temp\/nyheter\/prisokningstakten-pa-hyresmarknaden-bromsar-in\/"},"wordCount":316,"publisher":{"@id":"https:\/\/lightweb.dev\/l\/svm-temp\/#organization"},"image":{"@id":"https:\/\/lightweb.dev\/l\/svm-temp\/nyheter\/prisokningstakten-pa-hyresmarknaden-bromsar-in\/#primaryimage"},"thumbnailUrl":"https:\/\/lightweb.dev\/l\/svm-temp\/wp-content\/uploads\/2024\/06\/DSC_6197-Stor.jpeg","articleSection":["Arkiv","Nyheter"],"inLanguage":"sv-SE"},{"@type":"WebPage","@id":"https:\/\/lightweb.dev\/l\/svm-temp\/nyheter\/prisokningstakten-pa-hyresmarknaden-bromsar-in\/","url":"https:\/\/lightweb.dev\/l\/svm-temp\/nyheter\/prisokningstakten-pa-hyresmarknaden-bromsar-in\/","name":"Pris\u00f6kningstakten p\u00e5 hyresmarknaden bromsar in - Svenska Magasinet","isPartOf":{"@id":"https:\/\/lightweb.dev\/l\/svm-temp\/#website"},"primaryImageOfPage":{"@id":"https:\/\/lightweb.dev\/l\/svm-temp\/nyheter\/prisokningstakten-pa-hyresmarknaden-bromsar-in\/#primaryimage"},"image":{"@id":"https:\/\/lightweb.dev\/l\/svm-temp\/nyheter\/prisokningstakten-pa-hyresmarknaden-bromsar-in\/#primaryimage"},"thumbnailUrl":"https:\/\/lightweb.dev\/l\/svm-temp\/wp-content\/uploads\/2024\/06\/DSC_6197-Stor.jpeg","datePublished":"2024-10-18T08:06:12+00:00","dateModified":"2024-10-18T08:07:53+00:00","description":"Skenande hyror p\u00e5 Solkusten har varit en verklighet under flera \u00e5r. Nu kommer det tecken p\u00e5 att priserna bromsar in. Under det tredje kvartalet minskade hyrespriserna generellt med 2,7 procent i provinsen M\u00e1laga visar en f\u00e4rsk studie. I regionen Andalusien har inte hyran sjunkit p\u00e5 s\u00e5 mycket p\u00e5 17 \u00e5r.","breadcrumb":{"@id":"https:\/\/lightweb.dev\/l\/svm-temp\/nyheter\/prisokningstakten-pa-hyresmarknaden-bromsar-in\/#breadcrumb"},"inLanguage":"sv-SE","potentialAction":[{"@type":"ReadAction","target":["https:\/\/lightweb.dev\/l\/svm-temp\/nyheter\/prisokningstakten-pa-hyresmarknaden-bromsar-in\/"]}]},{"@type":"ImageObject","inLanguage":"sv-SE","@id":"https:\/\/lightweb.dev\/l\/svm-temp\/nyheter\/prisokningstakten-pa-hyresmarknaden-bromsar-in\/#primaryimage","url":"https:\/\/lightweb.dev\/l\/svm-temp\/wp-content\/uploads\/2024\/06\/DSC_6197-Stor.jpeg","contentUrl":"https:\/\/lightweb.dev\/l\/svm-temp\/wp-content\/uploads\/2024\/06\/DSC_6197-Stor.jpeg","width":857,"height":1280},{"@type":"BreadcrumbList","@id":"https:\/\/lightweb.dev\/l\/svm-temp\/nyheter\/prisokningstakten-pa-hyresmarknaden-bromsar-in\/#breadcrumb","itemListElement":[{"@type":"ListItem","position":1,"name":"Hem","item":"https:\/\/lightweb.dev\/l\/svm-temp\/"},{"@type":"ListItem","position":2,"name":"Pris\u00f6kningstakten p\u00e5 hyresmarknaden bromsar in"}]},{"@type":"WebSite","@id":"https:\/\/lightweb.dev\/l\/svm-temp\/#website","url":"https:\/\/lightweb.dev\/l\/svm-temp\/","name":"Svenska Magasinet","description":"Dina Spanska nyheter p&aring; Svenska","publisher":{"@id":"https:\/\/lightweb.dev\/l\/svm-temp\/#organization"},"potentialAction":[{"@type":"SearchAction","target":{"@type":"EntryPoint","urlTemplate":"https:\/\/lightweb.dev\/l\/svm-temp\/?s={search_term_string}"},"query-input":{"@type":"PropertyValueSpecification","valueRequired":true,"valueName":"search_term_string"}}],"inLanguage":"sv-SE"},{"@type":"Organization","@id":"https:\/\/lightweb.dev\/l\/svm-temp\/#organization","name":"Melkerson y Nott SL","alternateName":"Svenska Magasinet","url":"https:\/\/lightweb.dev\/l\/svm-temp\/","logo":{"@type":"ImageObject","inLanguage":"sv-SE","@id":"https:\/\/lightweb.dev\/l\/svm-temp\/#\/schema\/logo\/image\/","url":"https:\/\/lightweb.dev\/l\/svm-temp\/wp-content\/uploads\/2025\/02\/SvM-logo-Xtra-Centrerad-SVART.png","contentUrl":"https:\/\/lightweb.dev\/l\/svm-temp\/wp-content\/uploads\/2025\/02\/SvM-logo-Xtra-Centrerad-SVART.png","width":300,"height":99,"caption":"Melkerson y Nott SL"},"image":{"@id":"https:\/\/lightweb.dev\/l\/svm-temp\/#\/schema\/logo\/image\/"},"sameAs":["https:\/\/www.facebook.com\/svenskamagasinet","https:\/\/x.com\/SvenskaMagasine"]},{"@type":"Person","@id":"https:\/\/lightweb.dev\/l\/svm-temp\/#\/schema\/person\/7a82b8a73d171d32360a564b6d03508e","name":"Ola Josefsson","description":"Bevakar Solkusten och Spanien sedan 1994.","sameAs":["https:\/\/lightweb.dev\/l\/svm-temp"],"url":"https:\/\/lightweb.dev\/l\/svm-temp\/reporter\/ola-josefsson\/"}]}},"_links":{"self":[{"href":"https:\/\/lightweb.dev\/l\/svm-temp\/wp-json\/wp\/v2\/posts\/75249","targetHints":{"allow":["GET"]}}],"collection":[{"href":"https:\/\/lightweb.dev\/l\/svm-temp\/wp-json\/wp\/v2\/posts"}],"about":[{"href":"https:\/\/lightweb.dev\/l\/svm-temp\/wp-json\/wp\/v2\/types\/post"}],"author":[{"embeddable":true,"href":"https:\/\/lightweb.dev\/l\/svm-temp\/wp-json\/wp\/v2\/users\/7"}],"replies":[{"embeddable":true,"href":"https:\/\/lightweb.dev\/l\/svm-temp\/wp-json\/wp\/v2\/comments?post=75249"}],"version-history":[{"count":0,"href":"https:\/\/lightweb.dev\/l\/svm-temp\/wp-json\/wp\/v2\/posts\/75249\/revisions"}],"wp:featuredmedia":[{"embeddable":true,"href":"https:\/\/lightweb.dev\/l\/svm-temp\/wp-json\/wp\/v2\/media\/72746"}],"wp:attachment":[{"href":"https:\/\/lightweb.dev\/l\/svm-temp\/wp-json\/wp\/v2\/media?parent=75249"}],"wp:term":[{"taxonomy":"category","embeddable":true,"href":"https:\/\/lightweb.dev\/l\/svm-temp\/wp-json\/wp\/v2\/categories?post=75249"},{"taxonomy":"post_tag","embeddable":true,"href":"https:\/\/lightweb.dev\/l\/svm-temp\/wp-json\/wp\/v2\/tags?post=75249"}],"curies":[{"name":"wp","href":"https:\/\/api.w.org\/{rel}","templated":true}]}}