{"id":75273,"date":"2024-10-20T11:07:35","date_gmt":"2024-10-20T09:07:35","guid":{"rendered":"https:\/\/lightweb.dev\/l\/svm-temp\/?p=75273"},"modified":"2024-10-20T11:07:35","modified_gmt":"2024-10-20T09:07:35","slug":"ronda-har-fatt-olivoljemuseum","status":"publish","type":"post","link":"https:\/\/lightweb.dev\/l\/svm-temp\/nyheter\/ronda-har-fatt-olivoljemuseum\/","title":{"rendered":"Ronda har f\u00e5tt olivoljemuseum"},"content":{"rendered":"<p><strong>Efter att id\u00e9n f\u00f6ddes f\u00f6r ett decennium invigdes i fredags Rondas olivoljemuseum som \u00e4r till\u00e4gnat Aceite de Oliva Virgen Extra (AOVE).<\/strong><\/p>\n<p><strong>Museet \u00e4r designat av fransmannen Philippe Starck och utformad som en kub med v\u00e4ldiga horn p\u00e5 sidorna f\u00f6r att ocks\u00e5 referera till platsen som \u00e4r k\u00e4nd f\u00f6r tjurf\u00e4ktning och Pedro Romero.<\/strong><\/p>\n<p>Det \u00e4r en imponerande byggnad i det andalusiska landskapet som fr\u00e5n nu inrymmer ett ekologiskt olivoljemuseum.<\/p>\n<p>Det ligger intill v\u00e4gen mellan Ronda och Cuevas del Becerro, cirka tv\u00e5 kilometer fr\u00e5n Ronda.<\/p>\n<p>Totalt handlar det om en investering p\u00e5 22 miljoner euro. H\u00e4r f\u00e5r bes\u00f6karen en inblick i framst\u00e4llningen av olivolja. H\u00e4r finns oljepress men ocks\u00e5 olivlundar och vinodlingar samt flera konstverk av Starck.<\/p>\n<p>Det finns \u00e4ven \u00f6vernattningsm\u00f6jligheter och andra utrymmen f\u00f6r evenemang och provningar.<\/p>\n<p><img loading=\"lazy\" decoding=\"async\" class=\"alignnone wp-image-75272 size-full\" src=\"https:\/\/lightweb.dev\/l\/svm-temp\/wp-content\/uploads\/2024\/10\/svm20241020090358.webp\" alt=\"\" width=\"900\" height=\"400\" srcset=\"https:\/\/lightweb.dev\/l\/svm-temp\/wp-content\/uploads\/2024\/10\/svm20241020090358.webp 900w, https:\/\/lightweb.dev\/l\/svm-temp\/wp-content\/uploads\/2024\/10\/svm20241020090358-300x133.webp 300w, https:\/\/lightweb.dev\/l\/svm-temp\/wp-content\/uploads\/2024\/10\/svm20241020090358-768x341.webp 768w, https:\/\/lightweb.dev\/l\/svm-temp\/wp-content\/uploads\/2024\/10\/svm20241020090358-610x271.webp 610w, https:\/\/lightweb.dev\/l\/svm-temp\/wp-content\/uploads\/2024\/10\/svm20241020090358-600x267.webp 600w\" sizes=\"(max-width: 900px) 100vw, 900px\" \/><\/p>\n<p>Bakom satsningen st\u00e5r det lokala f\u00f6retaget LA Organic som med investerare har rott projektet i hamn tillsammans med familjen Villar Mir.<\/p>\n<p>Omkring 40.000 bes\u00f6kare om \u00e5ret f\u00f6rv\u00e4ntas.<\/p>\n<p>&#8211; De bad mig att skapa n\u00e5got kring olivolja n\u00e5got som inneb\u00e4r passion f\u00f6r mig, sa den franske konstn\u00e4ren Starck i samband med invigningen och fortsatte tala om flytande guld som en helig sak och tillade:<\/p>\n<p>&#8211; Vad skulle Andalusien vara utan en tjur, som svar p\u00e5 fr\u00e5gan varf\u00f6r kuben \u00e4r designad med tjurhorn.<\/p>\n<p>Andalusiens regionpresident Juan Manuel Moreno Bonilla n\u00e4rvarade vid invigningen.<\/p>\n<p>&#8211; Museet visar kultur, gastronomi, konst och historia samt att olivolja kopplas samman med turism, sa Moreno.<\/p>\n<p>Detta \u00e4r den franske konstn\u00e4ren Philippe Starck tredje verk i Spanien efter Puerto Adriano p\u00e5 Mallorca och La Alh\u00f3ndiga i Bilbao.<\/p>\n","protected":false},"excerpt":{"rendered":"<p>Efter att id\u00e9n f\u00f6ddes f\u00f6r ett decennium invigdes i fredags Rondas olivoljemuseum som \u00e4r till\u00e4gnat Aceite de Oliva Virgen Extra (AOVE). Museet \u00e4r designat av fransmannen Philippe Starck och utformad som en kub med v\u00e4ldiga horn p\u00e5 sidorna f\u00f6r att ocks\u00e5 referera till platsen som \u00e4r k\u00e4nd f\u00f6r tjurf\u00e4ktning&#8230;<\/p>\n","protected":false},"author":7,"featured_media":75271,"comment_status":"closed","ping_status":"closed","sticky":false,"template":"","format":"standard","meta":{"_et_pb_use_builder":"","_et_pb_old_content":"","_et_gb_content_width":"","footnotes":""},"categories":[395,3],"tags":[],"class_list":["post-75273","post","type-post","status-publish","format-standard","has-post-thumbnail","hentry","category-arkiv-nyheter","category-nyheter"],"yoast_head":"<!-- This site is optimized with the Yoast SEO Premium plugin v26.2 (Yoast SEO v27.4) - https:\/\/yoast.com\/product\/yoast-seo-premium-wordpress\/ -->\n<title>Ronda har f\u00e5tt olivoljemuseum - Svenska Magasinet<\/title>\n<meta name=\"description\" content=\"Efter att id\u00e9n f\u00f6ddes f\u00f6r ett decennium invigdes i fredags Rondas olivoljemuseum som \u00e4r till\u00e4gnat Aceite de Oliva Virgen Extra (AOVE). Museet \u00e4r designat av fransmannen Philippe Starck och utformad som en kub med v\u00e4ldiga horn p\u00e5 sidorna f\u00f6r att ocks\u00e5 referera till platsen som \u00e4r k\u00e4nd f\u00f6r tjurf\u00e4ktning och Pedro Romero.\" \/>\n<meta name=\"robots\" content=\"noindex, follow, max-snippet:-1, max-image-preview:large, max-video-preview:-1\" \/>\n<meta property=\"og:locale\" content=\"sv_SE\" \/>\n<meta property=\"og:type\" content=\"article\" \/>\n<meta property=\"og:title\" content=\"Ronda har f\u00e5tt olivoljemuseum\" \/>\n<meta property=\"og:description\" content=\"Efter att id\u00e9n f\u00f6ddes f\u00f6r ett decennium invigdes i fredags Rondas olivoljemuseum som \u00e4r till\u00e4gnat Aceite de Oliva Virgen Extra (AOVE). Museet \u00e4r designat av fransmannen Philippe Starck och utformad som en kub med v\u00e4ldiga horn p\u00e5 sidorna f\u00f6r att ocks\u00e5 referera till platsen som \u00e4r k\u00e4nd f\u00f6r tjurf\u00e4ktning och Pedro Romero.\" \/>\n<meta property=\"og:url\" content=\"https:\/\/lightweb.dev\/l\/svm-temp\/nyheter\/ronda-har-fatt-olivoljemuseum\/\" \/>\n<meta property=\"og:site_name\" content=\"Svenska Magasinet\" \/>\n<meta property=\"article:publisher\" content=\"https:\/\/www.facebook.com\/svenskamagasinet\" \/>\n<meta property=\"article:published_time\" content=\"2024-10-20T09:07:35+00:00\" \/>\n<meta property=\"og:image\" content=\"https:\/\/lightweb.dev\/l\/svm-temp\/wp-content\/uploads\/2024\/10\/svm20241020090325.webp\" \/>\n\t<meta property=\"og:image:width\" content=\"900\" \/>\n\t<meta property=\"og:image:height\" content=\"400\" \/>\n\t<meta property=\"og:image:type\" content=\"image\/webp\" \/>\n<meta name=\"author\" content=\"Ola Josefsson\" \/>\n<meta name=\"twitter:card\" content=\"summary_large_image\" \/>\n<meta name=\"twitter:creator\" content=\"@SvenskaMagasine\" \/>\n<meta name=\"twitter:site\" content=\"@SvenskaMagasine\" \/>\n<script type=\"application\/ld+json\" class=\"yoast-schema-graph\">{\"@context\":\"https:\\\/\\\/schema.org\",\"@graph\":[{\"@type\":\"Article\",\"@id\":\"https:\\\/\\\/lightweb.dev\\\/l\\\/svm-temp\\\/nyheter\\\/ronda-har-fatt-olivoljemuseum\\\/#article\",\"isPartOf\":{\"@id\":\"https:\\\/\\\/lightweb.dev\\\/l\\\/svm-temp\\\/nyheter\\\/ronda-har-fatt-olivoljemuseum\\\/\"},\"author\":{\"name\":\"Ola Josefsson\",\"@id\":\"https:\\\/\\\/lightweb.dev\\\/l\\\/svm-temp\\\/#\\\/schema\\\/person\\\/7a82b8a73d171d32360a564b6d03508e\"},\"headline\":\"Ronda har f\u00e5tt olivoljemuseum\",\"datePublished\":\"2024-10-20T09:07:35+00:00\",\"mainEntityOfPage\":{\"@id\":\"https:\\\/\\\/lightweb.dev\\\/l\\\/svm-temp\\\/nyheter\\\/ronda-har-fatt-olivoljemuseum\\\/\"},\"wordCount\":291,\"publisher\":{\"@id\":\"https:\\\/\\\/lightweb.dev\\\/l\\\/svm-temp\\\/#organization\"},\"image\":{\"@id\":\"https:\\\/\\\/lightweb.dev\\\/l\\\/svm-temp\\\/nyheter\\\/ronda-har-fatt-olivoljemuseum\\\/#primaryimage\"},\"thumbnailUrl\":\"https:\\\/\\\/lightweb.dev\\\/l\\\/svm-temp\\\/wp-content\\\/uploads\\\/2024\\\/10\\\/svm20241020090325.webp\",\"articleSection\":[\"Arkiv\",\"Nyheter\"],\"inLanguage\":\"sv-SE\"},{\"@type\":\"WebPage\",\"@id\":\"https:\\\/\\\/lightweb.dev\\\/l\\\/svm-temp\\\/nyheter\\\/ronda-har-fatt-olivoljemuseum\\\/\",\"url\":\"https:\\\/\\\/lightweb.dev\\\/l\\\/svm-temp\\\/nyheter\\\/ronda-har-fatt-olivoljemuseum\\\/\",\"name\":\"Ronda har f\u00e5tt olivoljemuseum - Svenska Magasinet\",\"isPartOf\":{\"@id\":\"https:\\\/\\\/lightweb.dev\\\/l\\\/svm-temp\\\/#website\"},\"primaryImageOfPage\":{\"@id\":\"https:\\\/\\\/lightweb.dev\\\/l\\\/svm-temp\\\/nyheter\\\/ronda-har-fatt-olivoljemuseum\\\/#primaryimage\"},\"image\":{\"@id\":\"https:\\\/\\\/lightweb.dev\\\/l\\\/svm-temp\\\/nyheter\\\/ronda-har-fatt-olivoljemuseum\\\/#primaryimage\"},\"thumbnailUrl\":\"https:\\\/\\\/lightweb.dev\\\/l\\\/svm-temp\\\/wp-content\\\/uploads\\\/2024\\\/10\\\/svm20241020090325.webp\",\"datePublished\":\"2024-10-20T09:07:35+00:00\",\"description\":\"Efter att id\u00e9n f\u00f6ddes f\u00f6r ett decennium invigdes i fredags Rondas olivoljemuseum som \u00e4r till\u00e4gnat Aceite de Oliva Virgen Extra (AOVE). Museet \u00e4r designat av fransmannen Philippe Starck och utformad som en kub med v\u00e4ldiga horn p\u00e5 sidorna f\u00f6r att ocks\u00e5 referera till platsen som \u00e4r k\u00e4nd f\u00f6r tjurf\u00e4ktning och Pedro Romero.\",\"breadcrumb\":{\"@id\":\"https:\\\/\\\/lightweb.dev\\\/l\\\/svm-temp\\\/nyheter\\\/ronda-har-fatt-olivoljemuseum\\\/#breadcrumb\"},\"inLanguage\":\"sv-SE\",\"potentialAction\":[{\"@type\":\"ReadAction\",\"target\":[\"https:\\\/\\\/lightweb.dev\\\/l\\\/svm-temp\\\/nyheter\\\/ronda-har-fatt-olivoljemuseum\\\/\"]}]},{\"@type\":\"ImageObject\",\"inLanguage\":\"sv-SE\",\"@id\":\"https:\\\/\\\/lightweb.dev\\\/l\\\/svm-temp\\\/nyheter\\\/ronda-har-fatt-olivoljemuseum\\\/#primaryimage\",\"url\":\"https:\\\/\\\/lightweb.dev\\\/l\\\/svm-temp\\\/wp-content\\\/uploads\\\/2024\\\/10\\\/svm20241020090325.webp\",\"contentUrl\":\"https:\\\/\\\/lightweb.dev\\\/l\\\/svm-temp\\\/wp-content\\\/uploads\\\/2024\\\/10\\\/svm20241020090325.webp\",\"width\":900,\"height\":400},{\"@type\":\"BreadcrumbList\",\"@id\":\"https:\\\/\\\/lightweb.dev\\\/l\\\/svm-temp\\\/nyheter\\\/ronda-har-fatt-olivoljemuseum\\\/#breadcrumb\",\"itemListElement\":[{\"@type\":\"ListItem\",\"position\":1,\"name\":\"Hem\",\"item\":\"https:\\\/\\\/lightweb.dev\\\/l\\\/svm-temp\\\/\"},{\"@type\":\"ListItem\",\"position\":2,\"name\":\"Ronda har f\u00e5tt olivoljemuseum\"}]},{\"@type\":\"WebSite\",\"@id\":\"https:\\\/\\\/lightweb.dev\\\/l\\\/svm-temp\\\/#website\",\"url\":\"https:\\\/\\\/lightweb.dev\\\/l\\\/svm-temp\\\/\",\"name\":\"Svenska Magasinet\",\"description\":\"Dina Spanska nyheter p&aring; Svenska\",\"publisher\":{\"@id\":\"https:\\\/\\\/lightweb.dev\\\/l\\\/svm-temp\\\/#organization\"},\"potentialAction\":[{\"@type\":\"SearchAction\",\"target\":{\"@type\":\"EntryPoint\",\"urlTemplate\":\"https:\\\/\\\/lightweb.dev\\\/l\\\/svm-temp\\\/?s={search_term_string}\"},\"query-input\":{\"@type\":\"PropertyValueSpecification\",\"valueRequired\":true,\"valueName\":\"search_term_string\"}}],\"inLanguage\":\"sv-SE\"},{\"@type\":\"Organization\",\"@id\":\"https:\\\/\\\/lightweb.dev\\\/l\\\/svm-temp\\\/#organization\",\"name\":\"Melkerson y Nott SL\",\"alternateName\":\"Svenska Magasinet\",\"url\":\"https:\\\/\\\/lightweb.dev\\\/l\\\/svm-temp\\\/\",\"logo\":{\"@type\":\"ImageObject\",\"inLanguage\":\"sv-SE\",\"@id\":\"https:\\\/\\\/lightweb.dev\\\/l\\\/svm-temp\\\/#\\\/schema\\\/logo\\\/image\\\/\",\"url\":\"https:\\\/\\\/lightweb.dev\\\/l\\\/svm-temp\\\/wp-content\\\/uploads\\\/2025\\\/02\\\/SvM-logo-Xtra-Centrerad-SVART.png\",\"contentUrl\":\"https:\\\/\\\/lightweb.dev\\\/l\\\/svm-temp\\\/wp-content\\\/uploads\\\/2025\\\/02\\\/SvM-logo-Xtra-Centrerad-SVART.png\",\"width\":300,\"height\":99,\"caption\":\"Melkerson y Nott SL\"},\"image\":{\"@id\":\"https:\\\/\\\/lightweb.dev\\\/l\\\/svm-temp\\\/#\\\/schema\\\/logo\\\/image\\\/\"},\"sameAs\":[\"https:\\\/\\\/www.facebook.com\\\/svenskamagasinet\",\"https:\\\/\\\/x.com\\\/SvenskaMagasine\"]},{\"@type\":\"Person\",\"@id\":\"https:\\\/\\\/lightweb.dev\\\/l\\\/svm-temp\\\/#\\\/schema\\\/person\\\/7a82b8a73d171d32360a564b6d03508e\",\"name\":\"Ola Josefsson\",\"description\":\"Bevakar Solkusten och Spanien sedan 1994.\",\"sameAs\":[\"https:\\\/\\\/lightweb.dev\\\/l\\\/svm-temp\"],\"url\":\"https:\\\/\\\/lightweb.dev\\\/l\\\/svm-temp\\\/reporter\\\/ola-josefsson\\\/\"}]}<\/script>\n<!-- \/ Yoast SEO Premium plugin. -->","yoast_head_json":{"title":"Ronda har f\u00e5tt olivoljemuseum - Svenska Magasinet","description":"Efter att id\u00e9n f\u00f6ddes f\u00f6r ett decennium invigdes i fredags Rondas olivoljemuseum som \u00e4r till\u00e4gnat Aceite de Oliva Virgen Extra (AOVE). Museet \u00e4r designat av fransmannen Philippe Starck och utformad som en kub med v\u00e4ldiga horn p\u00e5 sidorna f\u00f6r att ocks\u00e5 referera till platsen som \u00e4r k\u00e4nd f\u00f6r tjurf\u00e4ktning och Pedro Romero.","robots":{"index":"noindex","follow":"follow","max-snippet":"max-snippet:-1","max-image-preview":"max-image-preview:large","max-video-preview":"max-video-preview:-1"},"og_locale":"sv_SE","og_type":"article","og_title":"Ronda har f\u00e5tt olivoljemuseum","og_description":"Efter att id\u00e9n f\u00f6ddes f\u00f6r ett decennium invigdes i fredags Rondas olivoljemuseum som \u00e4r till\u00e4gnat Aceite de Oliva Virgen Extra (AOVE). Museet \u00e4r designat av fransmannen Philippe Starck och utformad som en kub med v\u00e4ldiga horn p\u00e5 sidorna f\u00f6r att ocks\u00e5 referera till platsen som \u00e4r k\u00e4nd f\u00f6r tjurf\u00e4ktning och Pedro Romero.","og_url":"https:\/\/lightweb.dev\/l\/svm-temp\/nyheter\/ronda-har-fatt-olivoljemuseum\/","og_site_name":"Svenska Magasinet","article_publisher":"https:\/\/www.facebook.com\/svenskamagasinet","article_published_time":"2024-10-20T09:07:35+00:00","og_image":[{"width":900,"height":400,"url":"https:\/\/lightweb.dev\/l\/svm-temp\/wp-content\/uploads\/2024\/10\/svm20241020090325.webp","type":"image\/webp"}],"author":"Ola Josefsson","twitter_card":"summary_large_image","twitter_creator":"@SvenskaMagasine","twitter_site":"@SvenskaMagasine","schema":{"@context":"https:\/\/schema.org","@graph":[{"@type":"Article","@id":"https:\/\/lightweb.dev\/l\/svm-temp\/nyheter\/ronda-har-fatt-olivoljemuseum\/#article","isPartOf":{"@id":"https:\/\/lightweb.dev\/l\/svm-temp\/nyheter\/ronda-har-fatt-olivoljemuseum\/"},"author":{"name":"Ola Josefsson","@id":"https:\/\/lightweb.dev\/l\/svm-temp\/#\/schema\/person\/7a82b8a73d171d32360a564b6d03508e"},"headline":"Ronda har f\u00e5tt olivoljemuseum","datePublished":"2024-10-20T09:07:35+00:00","mainEntityOfPage":{"@id":"https:\/\/lightweb.dev\/l\/svm-temp\/nyheter\/ronda-har-fatt-olivoljemuseum\/"},"wordCount":291,"publisher":{"@id":"https:\/\/lightweb.dev\/l\/svm-temp\/#organization"},"image":{"@id":"https:\/\/lightweb.dev\/l\/svm-temp\/nyheter\/ronda-har-fatt-olivoljemuseum\/#primaryimage"},"thumbnailUrl":"https:\/\/lightweb.dev\/l\/svm-temp\/wp-content\/uploads\/2024\/10\/svm20241020090325.webp","articleSection":["Arkiv","Nyheter"],"inLanguage":"sv-SE"},{"@type":"WebPage","@id":"https:\/\/lightweb.dev\/l\/svm-temp\/nyheter\/ronda-har-fatt-olivoljemuseum\/","url":"https:\/\/lightweb.dev\/l\/svm-temp\/nyheter\/ronda-har-fatt-olivoljemuseum\/","name":"Ronda har f\u00e5tt olivoljemuseum - Svenska Magasinet","isPartOf":{"@id":"https:\/\/lightweb.dev\/l\/svm-temp\/#website"},"primaryImageOfPage":{"@id":"https:\/\/lightweb.dev\/l\/svm-temp\/nyheter\/ronda-har-fatt-olivoljemuseum\/#primaryimage"},"image":{"@id":"https:\/\/lightweb.dev\/l\/svm-temp\/nyheter\/ronda-har-fatt-olivoljemuseum\/#primaryimage"},"thumbnailUrl":"https:\/\/lightweb.dev\/l\/svm-temp\/wp-content\/uploads\/2024\/10\/svm20241020090325.webp","datePublished":"2024-10-20T09:07:35+00:00","description":"Efter att id\u00e9n f\u00f6ddes f\u00f6r ett decennium invigdes i fredags Rondas olivoljemuseum som \u00e4r till\u00e4gnat Aceite de Oliva Virgen Extra (AOVE). Museet \u00e4r designat av fransmannen Philippe Starck och utformad som en kub med v\u00e4ldiga horn p\u00e5 sidorna f\u00f6r att ocks\u00e5 referera till platsen som \u00e4r k\u00e4nd f\u00f6r tjurf\u00e4ktning och Pedro Romero.","breadcrumb":{"@id":"https:\/\/lightweb.dev\/l\/svm-temp\/nyheter\/ronda-har-fatt-olivoljemuseum\/#breadcrumb"},"inLanguage":"sv-SE","potentialAction":[{"@type":"ReadAction","target":["https:\/\/lightweb.dev\/l\/svm-temp\/nyheter\/ronda-har-fatt-olivoljemuseum\/"]}]},{"@type":"ImageObject","inLanguage":"sv-SE","@id":"https:\/\/lightweb.dev\/l\/svm-temp\/nyheter\/ronda-har-fatt-olivoljemuseum\/#primaryimage","url":"https:\/\/lightweb.dev\/l\/svm-temp\/wp-content\/uploads\/2024\/10\/svm20241020090325.webp","contentUrl":"https:\/\/lightweb.dev\/l\/svm-temp\/wp-content\/uploads\/2024\/10\/svm20241020090325.webp","width":900,"height":400},{"@type":"BreadcrumbList","@id":"https:\/\/lightweb.dev\/l\/svm-temp\/nyheter\/ronda-har-fatt-olivoljemuseum\/#breadcrumb","itemListElement":[{"@type":"ListItem","position":1,"name":"Hem","item":"https:\/\/lightweb.dev\/l\/svm-temp\/"},{"@type":"ListItem","position":2,"name":"Ronda har f\u00e5tt olivoljemuseum"}]},{"@type":"WebSite","@id":"https:\/\/lightweb.dev\/l\/svm-temp\/#website","url":"https:\/\/lightweb.dev\/l\/svm-temp\/","name":"Svenska Magasinet","description":"Dina Spanska nyheter p&aring; Svenska","publisher":{"@id":"https:\/\/lightweb.dev\/l\/svm-temp\/#organization"},"potentialAction":[{"@type":"SearchAction","target":{"@type":"EntryPoint","urlTemplate":"https:\/\/lightweb.dev\/l\/svm-temp\/?s={search_term_string}"},"query-input":{"@type":"PropertyValueSpecification","valueRequired":true,"valueName":"search_term_string"}}],"inLanguage":"sv-SE"},{"@type":"Organization","@id":"https:\/\/lightweb.dev\/l\/svm-temp\/#organization","name":"Melkerson y Nott SL","alternateName":"Svenska Magasinet","url":"https:\/\/lightweb.dev\/l\/svm-temp\/","logo":{"@type":"ImageObject","inLanguage":"sv-SE","@id":"https:\/\/lightweb.dev\/l\/svm-temp\/#\/schema\/logo\/image\/","url":"https:\/\/lightweb.dev\/l\/svm-temp\/wp-content\/uploads\/2025\/02\/SvM-logo-Xtra-Centrerad-SVART.png","contentUrl":"https:\/\/lightweb.dev\/l\/svm-temp\/wp-content\/uploads\/2025\/02\/SvM-logo-Xtra-Centrerad-SVART.png","width":300,"height":99,"caption":"Melkerson y Nott SL"},"image":{"@id":"https:\/\/lightweb.dev\/l\/svm-temp\/#\/schema\/logo\/image\/"},"sameAs":["https:\/\/www.facebook.com\/svenskamagasinet","https:\/\/x.com\/SvenskaMagasine"]},{"@type":"Person","@id":"https:\/\/lightweb.dev\/l\/svm-temp\/#\/schema\/person\/7a82b8a73d171d32360a564b6d03508e","name":"Ola Josefsson","description":"Bevakar Solkusten och Spanien sedan 1994.","sameAs":["https:\/\/lightweb.dev\/l\/svm-temp"],"url":"https:\/\/lightweb.dev\/l\/svm-temp\/reporter\/ola-josefsson\/"}]}},"_links":{"self":[{"href":"https:\/\/lightweb.dev\/l\/svm-temp\/wp-json\/wp\/v2\/posts\/75273","targetHints":{"allow":["GET"]}}],"collection":[{"href":"https:\/\/lightweb.dev\/l\/svm-temp\/wp-json\/wp\/v2\/posts"}],"about":[{"href":"https:\/\/lightweb.dev\/l\/svm-temp\/wp-json\/wp\/v2\/types\/post"}],"author":[{"embeddable":true,"href":"https:\/\/lightweb.dev\/l\/svm-temp\/wp-json\/wp\/v2\/users\/7"}],"replies":[{"embeddable":true,"href":"https:\/\/lightweb.dev\/l\/svm-temp\/wp-json\/wp\/v2\/comments?post=75273"}],"version-history":[{"count":0,"href":"https:\/\/lightweb.dev\/l\/svm-temp\/wp-json\/wp\/v2\/posts\/75273\/revisions"}],"wp:featuredmedia":[{"embeddable":true,"href":"https:\/\/lightweb.dev\/l\/svm-temp\/wp-json\/wp\/v2\/media\/75271"}],"wp:attachment":[{"href":"https:\/\/lightweb.dev\/l\/svm-temp\/wp-json\/wp\/v2\/media?parent=75273"}],"wp:term":[{"taxonomy":"category","embeddable":true,"href":"https:\/\/lightweb.dev\/l\/svm-temp\/wp-json\/wp\/v2\/categories?post=75273"},{"taxonomy":"post_tag","embeddable":true,"href":"https:\/\/lightweb.dev\/l\/svm-temp\/wp-json\/wp\/v2\/tags?post=75273"}],"curies":[{"name":"wp","href":"https:\/\/api.w.org\/{rel}","templated":true}]}}