{"id":75288,"date":"2024-10-21T15:58:19","date_gmt":"2024-10-21T13:58:19","guid":{"rendered":"https:\/\/lightweb.dev\/l\/svm-temp\/?p=75288"},"modified":"2024-10-21T15:58:19","modified_gmt":"2024-10-21T13:58:19","slug":"myndigheterna-fick-inte-igenom-rekommendationer-om-munskydd","status":"publish","type":"post","link":"https:\/\/lightweb.dev\/l\/svm-temp\/nyheter\/myndigheterna-fick-inte-igenom-rekommendationer-om-munskydd\/","title":{"rendered":"Myndigheterna fick inte igenom rekommendationer om munskydd"},"content":{"rendered":"<p><strong>F\u00f6r att hindra spridningen av respiratoriska virus, som influensa eller covid, har ett nytt dokument med rekommendationer f\u00f6r situationer d\u00e4r infektionerna \u00f6kar tagits fram.\u00a0<\/strong><\/p>\n<p><strong>F\u00f6rra veckan skulle det r\u00f6stas igenom men ingen \u00f6verenskommelse kunde n\u00e5s.\u00a0<\/strong><\/p>\n<p><span style=\"font-weight: 400;\">Ett dokument framtaget av experter p\u00e5 Spaniens nationella och regionala ministerier med rekommendationer f\u00f6r att hindra spridningen av influensa och covid-viruset har lett till oenighet mellan den centrala och de regionala regeringarna.\u00a0<\/span><\/p>\n<p><span style=\"font-weight: 400;\">I dokumentet finns planer p\u00e5 att rekommendera munskydd i situationer d\u00e4r risken f\u00f6r smittspridning \u00e4r st\u00f6rre. Detta innebar att man inte kunde n\u00e5 en \u00f6verenskommelse som planerat i slutet p\u00e5 f\u00f6rra veckan.\u00a0<\/span><\/p>\n<p><span style=\"font-weight: 400;\">De regioner som styrs av Partido Popular beskrev den nya skrivelsen som \u201cunderutvecklad\u201d och \u201cimproviserad\u201d. Detta trots att deras egna experter varit med och tagit fram den.\u00a0<\/span><\/p>\n<p><span style=\"font-weight: 400;\">Ett nytt sammantr\u00e4de f\u00f6r att diskutera de nya rekommendationerna \u00e4r bokat till november.\u00a0<\/span><\/p>\n<h2><span style=\"font-weight: 400;\">Dokumentet<\/span><\/h2>\n<p><span style=\"font-weight: 400;\">I dokumentet finns gemensamma kriterier f\u00f6r vilka \u00e5tg\u00e4rder som ska tas mot respiratoriska virus. Dessa \u00e4r baserade p\u00e5 faktorer som smittorisk, hur allvarlig sjukdomen \u00e4r, i vilken frekvens det uppt\u00e4cks, hur m\u00e5nga som beh\u00f6ver l\u00e4ggas in p\u00e5 sjukhus och antal d\u00f6dsfall.\u00a0<\/span><\/p>\n<p><span style=\"font-weight: 400;\">I dokumentet st\u00e5r det att sjukv\u00e5rdspersonal, patienter och bes\u00f6kare ska b\u00e4ra munskydd i alla sjukhus och v\u00e5rdcentraler i tider d\u00e5 antalet fall av akuta respiratoriska virus \u00e4r h\u00f6gt.\u00a0<\/span><\/p>\n<p><span style=\"font-weight: 400;\">Rekommendationerna kan sedan vidgas till andra platser om situationen blir mer allvarlig.\u00a0<\/span><\/p>\n<p><span style=\"font-weight: 400;\">Det f\u00f6rsta steget blir d\u00e5 att s\u00e4rskilt s\u00e5rbara personer b\u00f6r b\u00e4ra munskydd i aff\u00e4rer, kollektivtrafiken, biografer, teatrar, konserthallar och \u00e4ven under stora folksamlingar utomhus. Det g\u00e4ller dessutom f\u00f6r personer som har mycket kontakt med andra m\u00e4nniskor i sitt yrke.\u00a0<\/span><\/p>\n<p><span style=\"font-weight: 400;\">Om l\u00e4get blir \u00e4n mer akut och man uppt\u00e4cker att det n\u00e4rmar sig en pandemisk situation kan regionerna tvingas att gemensamt utveckla \u201cytterligare och exceptionella \u00e5tg\u00e4rder\u201d.\u00a0<\/span><span style=\"font-weight: 400;\">Spaniens h\u00e4lsominister, <\/span><span style=\"font-weight: 400;\">M\u00f3nica Garc\u00eda, har allts\u00e5 \u00f6ppnat d\u00f6rren f\u00f6r munskydd p\u00e5 nytt. \u201cDe verktyg och \u00e5tg\u00e4rder vi har mot andningsvirus \u00e4r vaccinering, hygien, masker och isoleringar\u201d, sade hon efter f\u00f6rra veckans m\u00f6te. <\/span><\/p>\n","protected":false},"excerpt":{"rendered":"<p>F\u00f6r att hindra spridningen av respiratoriska virus, som influensa eller covid, har ett nytt dokument med rekommendationer f\u00f6r situationer d\u00e4r infektionerna \u00f6kar tagits fram.\u00a0F\u00f6rra veckan skulle det r\u00f6stas igenom men ingen \u00f6verenskommelse kunde n\u00e5s.\u00a0<\/p>\n","protected":false},"author":14,"featured_media":71116,"comment_status":"closed","ping_status":"closed","sticky":false,"template":"","format":"standard","meta":{"_et_pb_use_builder":"","_et_pb_old_content":"","_et_gb_content_width":"","footnotes":""},"categories":[395,3],"tags":[],"class_list":["post-75288","post","type-post","status-publish","format-standard","has-post-thumbnail","hentry","category-arkiv-nyheter","category-nyheter"],"yoast_head":"<!-- This site is optimized with the Yoast SEO Premium plugin v26.2 (Yoast SEO v27.4) - https:\/\/yoast.com\/product\/yoast-seo-premium-wordpress\/ -->\n<title>Myndigheterna fick inte igenom rekommendationer om munskydd - Svenska Magasinet<\/title>\n<meta name=\"robots\" content=\"noindex, follow, max-snippet:-1, max-image-preview:large, max-video-preview:-1\" \/>\n<meta property=\"og:locale\" content=\"sv_SE\" \/>\n<meta property=\"og:type\" content=\"article\" \/>\n<meta property=\"og:title\" content=\"Myndigheterna fick inte igenom rekommendationer om munskydd\" \/>\n<meta property=\"og:description\" content=\"F\u00f6r att hindra spridningen av respiratoriska virus, som influensa eller covid, har ett nytt dokument med rekommendationer f\u00f6r situationer d\u00e4r infektionerna \u00f6kar tagits fram.\u00a0F\u00f6rra veckan skulle det r\u00f6stas igenom men ingen \u00f6verenskommelse kunde n\u00e5s.\u00a0\" \/>\n<meta property=\"og:url\" content=\"https:\/\/lightweb.dev\/l\/svm-temp\/nyheter\/myndigheterna-fick-inte-igenom-rekommendationer-om-munskydd\/\" \/>\n<meta property=\"og:site_name\" content=\"Svenska Magasinet\" \/>\n<meta property=\"article:publisher\" content=\"https:\/\/www.facebook.com\/svenskamagasinet\" \/>\n<meta property=\"article:published_time\" content=\"2024-10-21T13:58:19+00:00\" \/>\n<meta property=\"og:image\" content=\"https:\/\/lightweb.dev\/l\/svm-temp\/wp-content\/uploads\/2024\/04\/Munskydd02-stor.jpeg\" \/>\n\t<meta property=\"og:image:width\" content=\"1280\" \/>\n\t<meta property=\"og:image:height\" content=\"854\" \/>\n\t<meta property=\"og:image:type\" content=\"image\/jpeg\" \/>\n<meta name=\"author\" content=\"Robbie Eriksson\" \/>\n<meta name=\"twitter:card\" content=\"summary_large_image\" \/>\n<meta name=\"twitter:creator\" content=\"@SvenskaMagasine\" \/>\n<meta name=\"twitter:site\" content=\"@SvenskaMagasine\" \/>\n<script type=\"application\/ld+json\" class=\"yoast-schema-graph\">{\"@context\":\"https:\\\/\\\/schema.org\",\"@graph\":[{\"@type\":\"Article\",\"@id\":\"https:\\\/\\\/lightweb.dev\\\/l\\\/svm-temp\\\/nyheter\\\/myndigheterna-fick-inte-igenom-rekommendationer-om-munskydd\\\/#article\",\"isPartOf\":{\"@id\":\"https:\\\/\\\/lightweb.dev\\\/l\\\/svm-temp\\\/nyheter\\\/myndigheterna-fick-inte-igenom-rekommendationer-om-munskydd\\\/\"},\"author\":{\"name\":\"Robbie Eriksson\",\"@id\":\"https:\\\/\\\/lightweb.dev\\\/l\\\/svm-temp\\\/#\\\/schema\\\/person\\\/caffe038990d25722f5a04a03c906a2b\"},\"headline\":\"Myndigheterna fick inte igenom rekommendationer om munskydd\",\"datePublished\":\"2024-10-21T13:58:19+00:00\",\"mainEntityOfPage\":{\"@id\":\"https:\\\/\\\/lightweb.dev\\\/l\\\/svm-temp\\\/nyheter\\\/myndigheterna-fick-inte-igenom-rekommendationer-om-munskydd\\\/\"},\"wordCount\":372,\"publisher\":{\"@id\":\"https:\\\/\\\/lightweb.dev\\\/l\\\/svm-temp\\\/#organization\"},\"image\":{\"@id\":\"https:\\\/\\\/lightweb.dev\\\/l\\\/svm-temp\\\/nyheter\\\/myndigheterna-fick-inte-igenom-rekommendationer-om-munskydd\\\/#primaryimage\"},\"thumbnailUrl\":\"https:\\\/\\\/lightweb.dev\\\/l\\\/svm-temp\\\/wp-content\\\/uploads\\\/2024\\\/04\\\/Munskydd02-stor.jpeg\",\"articleSection\":[\"Arkiv\",\"Nyheter\"],\"inLanguage\":\"sv-SE\"},{\"@type\":\"WebPage\",\"@id\":\"https:\\\/\\\/lightweb.dev\\\/l\\\/svm-temp\\\/nyheter\\\/myndigheterna-fick-inte-igenom-rekommendationer-om-munskydd\\\/\",\"url\":\"https:\\\/\\\/lightweb.dev\\\/l\\\/svm-temp\\\/nyheter\\\/myndigheterna-fick-inte-igenom-rekommendationer-om-munskydd\\\/\",\"name\":\"Myndigheterna fick inte igenom rekommendationer om munskydd - Svenska Magasinet\",\"isPartOf\":{\"@id\":\"https:\\\/\\\/lightweb.dev\\\/l\\\/svm-temp\\\/#website\"},\"primaryImageOfPage\":{\"@id\":\"https:\\\/\\\/lightweb.dev\\\/l\\\/svm-temp\\\/nyheter\\\/myndigheterna-fick-inte-igenom-rekommendationer-om-munskydd\\\/#primaryimage\"},\"image\":{\"@id\":\"https:\\\/\\\/lightweb.dev\\\/l\\\/svm-temp\\\/nyheter\\\/myndigheterna-fick-inte-igenom-rekommendationer-om-munskydd\\\/#primaryimage\"},\"thumbnailUrl\":\"https:\\\/\\\/lightweb.dev\\\/l\\\/svm-temp\\\/wp-content\\\/uploads\\\/2024\\\/04\\\/Munskydd02-stor.jpeg\",\"datePublished\":\"2024-10-21T13:58:19+00:00\",\"breadcrumb\":{\"@id\":\"https:\\\/\\\/lightweb.dev\\\/l\\\/svm-temp\\\/nyheter\\\/myndigheterna-fick-inte-igenom-rekommendationer-om-munskydd\\\/#breadcrumb\"},\"inLanguage\":\"sv-SE\",\"potentialAction\":[{\"@type\":\"ReadAction\",\"target\":[\"https:\\\/\\\/lightweb.dev\\\/l\\\/svm-temp\\\/nyheter\\\/myndigheterna-fick-inte-igenom-rekommendationer-om-munskydd\\\/\"]}]},{\"@type\":\"ImageObject\",\"inLanguage\":\"sv-SE\",\"@id\":\"https:\\\/\\\/lightweb.dev\\\/l\\\/svm-temp\\\/nyheter\\\/myndigheterna-fick-inte-igenom-rekommendationer-om-munskydd\\\/#primaryimage\",\"url\":\"https:\\\/\\\/lightweb.dev\\\/l\\\/svm-temp\\\/wp-content\\\/uploads\\\/2024\\\/04\\\/Munskydd02-stor.jpeg\",\"contentUrl\":\"https:\\\/\\\/lightweb.dev\\\/l\\\/svm-temp\\\/wp-content\\\/uploads\\\/2024\\\/04\\\/Munskydd02-stor.jpeg\",\"width\":1280,\"height\":854},{\"@type\":\"BreadcrumbList\",\"@id\":\"https:\\\/\\\/lightweb.dev\\\/l\\\/svm-temp\\\/nyheter\\\/myndigheterna-fick-inte-igenom-rekommendationer-om-munskydd\\\/#breadcrumb\",\"itemListElement\":[{\"@type\":\"ListItem\",\"position\":1,\"name\":\"Hem\",\"item\":\"https:\\\/\\\/lightweb.dev\\\/l\\\/svm-temp\\\/\"},{\"@type\":\"ListItem\",\"position\":2,\"name\":\"Myndigheterna fick inte igenom rekommendationer om munskydd\"}]},{\"@type\":\"WebSite\",\"@id\":\"https:\\\/\\\/lightweb.dev\\\/l\\\/svm-temp\\\/#website\",\"url\":\"https:\\\/\\\/lightweb.dev\\\/l\\\/svm-temp\\\/\",\"name\":\"Svenska Magasinet\",\"description\":\"Dina Spanska nyheter p&aring; Svenska\",\"publisher\":{\"@id\":\"https:\\\/\\\/lightweb.dev\\\/l\\\/svm-temp\\\/#organization\"},\"potentialAction\":[{\"@type\":\"SearchAction\",\"target\":{\"@type\":\"EntryPoint\",\"urlTemplate\":\"https:\\\/\\\/lightweb.dev\\\/l\\\/svm-temp\\\/?s={search_term_string}\"},\"query-input\":{\"@type\":\"PropertyValueSpecification\",\"valueRequired\":true,\"valueName\":\"search_term_string\"}}],\"inLanguage\":\"sv-SE\"},{\"@type\":\"Organization\",\"@id\":\"https:\\\/\\\/lightweb.dev\\\/l\\\/svm-temp\\\/#organization\",\"name\":\"Melkerson y Nott SL\",\"alternateName\":\"Svenska Magasinet\",\"url\":\"https:\\\/\\\/lightweb.dev\\\/l\\\/svm-temp\\\/\",\"logo\":{\"@type\":\"ImageObject\",\"inLanguage\":\"sv-SE\",\"@id\":\"https:\\\/\\\/lightweb.dev\\\/l\\\/svm-temp\\\/#\\\/schema\\\/logo\\\/image\\\/\",\"url\":\"https:\\\/\\\/lightweb.dev\\\/l\\\/svm-temp\\\/wp-content\\\/uploads\\\/2025\\\/02\\\/SvM-logo-Xtra-Centrerad-SVART.png\",\"contentUrl\":\"https:\\\/\\\/lightweb.dev\\\/l\\\/svm-temp\\\/wp-content\\\/uploads\\\/2025\\\/02\\\/SvM-logo-Xtra-Centrerad-SVART.png\",\"width\":300,\"height\":99,\"caption\":\"Melkerson y Nott SL\"},\"image\":{\"@id\":\"https:\\\/\\\/lightweb.dev\\\/l\\\/svm-temp\\\/#\\\/schema\\\/logo\\\/image\\\/\"},\"sameAs\":[\"https:\\\/\\\/www.facebook.com\\\/svenskamagasinet\",\"https:\\\/\\\/x.com\\\/SvenskaMagasine\"]},{\"@type\":\"Person\",\"@id\":\"https:\\\/\\\/lightweb.dev\\\/l\\\/svm-temp\\\/#\\\/schema\\\/person\\\/caffe038990d25722f5a04a03c906a2b\",\"name\":\"Robbie Eriksson\",\"sameAs\":[\"https:\\\/\\\/lightweb.dev\\\/l\\\/svm-temp\"],\"url\":\"https:\\\/\\\/lightweb.dev\\\/l\\\/svm-temp\\\/reporter\\\/robbie-eriksson\\\/\"}]}<\/script>\n<!-- \/ Yoast SEO Premium plugin. -->","yoast_head_json":{"title":"Myndigheterna fick inte igenom rekommendationer om munskydd - Svenska Magasinet","robots":{"index":"noindex","follow":"follow","max-snippet":"max-snippet:-1","max-image-preview":"max-image-preview:large","max-video-preview":"max-video-preview:-1"},"og_locale":"sv_SE","og_type":"article","og_title":"Myndigheterna fick inte igenom rekommendationer om munskydd","og_description":"F\u00f6r att hindra spridningen av respiratoriska virus, som influensa eller covid, har ett nytt dokument med rekommendationer f\u00f6r situationer d\u00e4r infektionerna \u00f6kar tagits fram.\u00a0F\u00f6rra veckan skulle det r\u00f6stas igenom men ingen \u00f6verenskommelse kunde n\u00e5s.\u00a0","og_url":"https:\/\/lightweb.dev\/l\/svm-temp\/nyheter\/myndigheterna-fick-inte-igenom-rekommendationer-om-munskydd\/","og_site_name":"Svenska Magasinet","article_publisher":"https:\/\/www.facebook.com\/svenskamagasinet","article_published_time":"2024-10-21T13:58:19+00:00","og_image":[{"width":1280,"height":854,"url":"https:\/\/lightweb.dev\/l\/svm-temp\/wp-content\/uploads\/2024\/04\/Munskydd02-stor.jpeg","type":"image\/jpeg"}],"author":"Robbie Eriksson","twitter_card":"summary_large_image","twitter_creator":"@SvenskaMagasine","twitter_site":"@SvenskaMagasine","schema":{"@context":"https:\/\/schema.org","@graph":[{"@type":"Article","@id":"https:\/\/lightweb.dev\/l\/svm-temp\/nyheter\/myndigheterna-fick-inte-igenom-rekommendationer-om-munskydd\/#article","isPartOf":{"@id":"https:\/\/lightweb.dev\/l\/svm-temp\/nyheter\/myndigheterna-fick-inte-igenom-rekommendationer-om-munskydd\/"},"author":{"name":"Robbie Eriksson","@id":"https:\/\/lightweb.dev\/l\/svm-temp\/#\/schema\/person\/caffe038990d25722f5a04a03c906a2b"},"headline":"Myndigheterna fick inte igenom rekommendationer om munskydd","datePublished":"2024-10-21T13:58:19+00:00","mainEntityOfPage":{"@id":"https:\/\/lightweb.dev\/l\/svm-temp\/nyheter\/myndigheterna-fick-inte-igenom-rekommendationer-om-munskydd\/"},"wordCount":372,"publisher":{"@id":"https:\/\/lightweb.dev\/l\/svm-temp\/#organization"},"image":{"@id":"https:\/\/lightweb.dev\/l\/svm-temp\/nyheter\/myndigheterna-fick-inte-igenom-rekommendationer-om-munskydd\/#primaryimage"},"thumbnailUrl":"https:\/\/lightweb.dev\/l\/svm-temp\/wp-content\/uploads\/2024\/04\/Munskydd02-stor.jpeg","articleSection":["Arkiv","Nyheter"],"inLanguage":"sv-SE"},{"@type":"WebPage","@id":"https:\/\/lightweb.dev\/l\/svm-temp\/nyheter\/myndigheterna-fick-inte-igenom-rekommendationer-om-munskydd\/","url":"https:\/\/lightweb.dev\/l\/svm-temp\/nyheter\/myndigheterna-fick-inte-igenom-rekommendationer-om-munskydd\/","name":"Myndigheterna fick inte igenom rekommendationer om munskydd - Svenska Magasinet","isPartOf":{"@id":"https:\/\/lightweb.dev\/l\/svm-temp\/#website"},"primaryImageOfPage":{"@id":"https:\/\/lightweb.dev\/l\/svm-temp\/nyheter\/myndigheterna-fick-inte-igenom-rekommendationer-om-munskydd\/#primaryimage"},"image":{"@id":"https:\/\/lightweb.dev\/l\/svm-temp\/nyheter\/myndigheterna-fick-inte-igenom-rekommendationer-om-munskydd\/#primaryimage"},"thumbnailUrl":"https:\/\/lightweb.dev\/l\/svm-temp\/wp-content\/uploads\/2024\/04\/Munskydd02-stor.jpeg","datePublished":"2024-10-21T13:58:19+00:00","breadcrumb":{"@id":"https:\/\/lightweb.dev\/l\/svm-temp\/nyheter\/myndigheterna-fick-inte-igenom-rekommendationer-om-munskydd\/#breadcrumb"},"inLanguage":"sv-SE","potentialAction":[{"@type":"ReadAction","target":["https:\/\/lightweb.dev\/l\/svm-temp\/nyheter\/myndigheterna-fick-inte-igenom-rekommendationer-om-munskydd\/"]}]},{"@type":"ImageObject","inLanguage":"sv-SE","@id":"https:\/\/lightweb.dev\/l\/svm-temp\/nyheter\/myndigheterna-fick-inte-igenom-rekommendationer-om-munskydd\/#primaryimage","url":"https:\/\/lightweb.dev\/l\/svm-temp\/wp-content\/uploads\/2024\/04\/Munskydd02-stor.jpeg","contentUrl":"https:\/\/lightweb.dev\/l\/svm-temp\/wp-content\/uploads\/2024\/04\/Munskydd02-stor.jpeg","width":1280,"height":854},{"@type":"BreadcrumbList","@id":"https:\/\/lightweb.dev\/l\/svm-temp\/nyheter\/myndigheterna-fick-inte-igenom-rekommendationer-om-munskydd\/#breadcrumb","itemListElement":[{"@type":"ListItem","position":1,"name":"Hem","item":"https:\/\/lightweb.dev\/l\/svm-temp\/"},{"@type":"ListItem","position":2,"name":"Myndigheterna fick inte igenom rekommendationer om munskydd"}]},{"@type":"WebSite","@id":"https:\/\/lightweb.dev\/l\/svm-temp\/#website","url":"https:\/\/lightweb.dev\/l\/svm-temp\/","name":"Svenska Magasinet","description":"Dina Spanska nyheter p&aring; Svenska","publisher":{"@id":"https:\/\/lightweb.dev\/l\/svm-temp\/#organization"},"potentialAction":[{"@type":"SearchAction","target":{"@type":"EntryPoint","urlTemplate":"https:\/\/lightweb.dev\/l\/svm-temp\/?s={search_term_string}"},"query-input":{"@type":"PropertyValueSpecification","valueRequired":true,"valueName":"search_term_string"}}],"inLanguage":"sv-SE"},{"@type":"Organization","@id":"https:\/\/lightweb.dev\/l\/svm-temp\/#organization","name":"Melkerson y Nott SL","alternateName":"Svenska Magasinet","url":"https:\/\/lightweb.dev\/l\/svm-temp\/","logo":{"@type":"ImageObject","inLanguage":"sv-SE","@id":"https:\/\/lightweb.dev\/l\/svm-temp\/#\/schema\/logo\/image\/","url":"https:\/\/lightweb.dev\/l\/svm-temp\/wp-content\/uploads\/2025\/02\/SvM-logo-Xtra-Centrerad-SVART.png","contentUrl":"https:\/\/lightweb.dev\/l\/svm-temp\/wp-content\/uploads\/2025\/02\/SvM-logo-Xtra-Centrerad-SVART.png","width":300,"height":99,"caption":"Melkerson y Nott SL"},"image":{"@id":"https:\/\/lightweb.dev\/l\/svm-temp\/#\/schema\/logo\/image\/"},"sameAs":["https:\/\/www.facebook.com\/svenskamagasinet","https:\/\/x.com\/SvenskaMagasine"]},{"@type":"Person","@id":"https:\/\/lightweb.dev\/l\/svm-temp\/#\/schema\/person\/caffe038990d25722f5a04a03c906a2b","name":"Robbie Eriksson","sameAs":["https:\/\/lightweb.dev\/l\/svm-temp"],"url":"https:\/\/lightweb.dev\/l\/svm-temp\/reporter\/robbie-eriksson\/"}]}},"_links":{"self":[{"href":"https:\/\/lightweb.dev\/l\/svm-temp\/wp-json\/wp\/v2\/posts\/75288","targetHints":{"allow":["GET"]}}],"collection":[{"href":"https:\/\/lightweb.dev\/l\/svm-temp\/wp-json\/wp\/v2\/posts"}],"about":[{"href":"https:\/\/lightweb.dev\/l\/svm-temp\/wp-json\/wp\/v2\/types\/post"}],"author":[{"embeddable":true,"href":"https:\/\/lightweb.dev\/l\/svm-temp\/wp-json\/wp\/v2\/users\/14"}],"replies":[{"embeddable":true,"href":"https:\/\/lightweb.dev\/l\/svm-temp\/wp-json\/wp\/v2\/comments?post=75288"}],"version-history":[{"count":0,"href":"https:\/\/lightweb.dev\/l\/svm-temp\/wp-json\/wp\/v2\/posts\/75288\/revisions"}],"wp:featuredmedia":[{"embeddable":true,"href":"https:\/\/lightweb.dev\/l\/svm-temp\/wp-json\/wp\/v2\/media\/71116"}],"wp:attachment":[{"href":"https:\/\/lightweb.dev\/l\/svm-temp\/wp-json\/wp\/v2\/media?parent=75288"}],"wp:term":[{"taxonomy":"category","embeddable":true,"href":"https:\/\/lightweb.dev\/l\/svm-temp\/wp-json\/wp\/v2\/categories?post=75288"},{"taxonomy":"post_tag","embeddable":true,"href":"https:\/\/lightweb.dev\/l\/svm-temp\/wp-json\/wp\/v2\/tags?post=75288"}],"curies":[{"name":"wp","href":"https:\/\/api.w.org\/{rel}","templated":true}]}}