{"id":75290,"date":"2024-10-21T16:07:33","date_gmt":"2024-10-21T14:07:33","guid":{"rendered":"https:\/\/lightweb.dev\/l\/svm-temp\/?p=75290"},"modified":"2024-10-21T16:07:33","modified_gmt":"2024-10-21T14:07:33","slug":"intakter-fran-narkotikabekampning-investeras-i-antidrogprogram","status":"publish","type":"post","link":"https:\/\/lightweb.dev\/l\/svm-temp\/nyheter\/intakter-fran-narkotikabekampning-investeras-i-antidrogprogram\/","title":{"rendered":"Int\u00e4kter fr\u00e5n narkotikabek\u00e4mpning investeras i antidrogprogram"},"content":{"rendered":"<p><strong>N\u00e4r tillslag mot droghandlare g\u00f6rs tas flera olika f\u00f6rem\u00e5l i beslag.\u00a0<\/strong><\/p>\n<p><strong>Dessa s\u00e4ljs sedan p\u00e5 offentliga auktioner och pengarna som dras in g\u00e5r till arbete mot droghandel och missbruk.\u00a0<\/strong><\/p>\n<p><span style=\"font-weight: 400;\">Den spanska regeringen har beslutat att tilldela 20,1 miljoner euro till olika antidrogprogram. Dessa medel kommer fr\u00e5n f\u00f6rs\u00e4ljningen av konfiskerade f\u00f6rem\u00e5l fr\u00e5n narkotikatillslag som bedrivs genom offentliga auktioner och fr\u00e5n de tillg\u00e5ngar som tagits i beslag fr\u00e5n personer som handlar med droger.\u00a0<\/span><\/p>\n<p><span style=\"font-weight: 400;\">Dessa tillg\u00e5ngar kan best\u00e5 av allt m\u00f6jligt. Kontanter, fastigheter, mark, fordon, smycken eller klockor. I september 2023 s\u00e5ldes klockor som konfiskerats f\u00f6r 180 000 euro som kunde g\u00e5 till landets drogbek\u00e4mpning.\u00a0<\/span><\/p>\n<p><span style=\"font-weight: 400;\">De drygt 20 miljoner euro som hittills har samlats in i \u00e5r kommer att investeras i program mot drogmissbruk och narkotikasmuggling p\u00e5 nationell, regional och kommunal niv\u00e5. Pengarna kommer bland annat att g\u00e5 till b\u00e4ttre utbildning i omr\u00e5det bland landets polisstyrkor, social \u00e5terintegrering f\u00f6r tidigare missbrukare och till att \u00f6ka medvetenheten bland unga m\u00e4nniskor. <\/span><\/p>\n","protected":false},"excerpt":{"rendered":"<p>N\u00e4r tillslag mot droghandlare g\u00f6rs tas flera olika f\u00f6rem\u00e5l i beslag.\u00a0Dessa s\u00e4ljs sedan p\u00e5 offentliga auktioner och pengarna som dras in g\u00e5r till arbete mot droghandel och missbruk.\u00a0<\/p>\n","protected":false},"author":14,"featured_media":75291,"comment_status":"closed","ping_status":"closed","sticky":false,"template":"","format":"standard","meta":{"_et_pb_use_builder":"","_et_pb_old_content":"","_et_gb_content_width":"","footnotes":""},"categories":[395,3],"tags":[],"class_list":["post-75290","post","type-post","status-publish","format-standard","has-post-thumbnail","hentry","category-arkiv-nyheter","category-nyheter"],"yoast_head":"<!-- This site is optimized with the Yoast SEO Premium plugin v26.2 (Yoast SEO v27.4) - https:\/\/yoast.com\/product\/yoast-seo-premium-wordpress\/ -->\n<title>Int\u00e4kter fr\u00e5n narkotikabek\u00e4mpning investeras i antidrogprogram - Svenska Magasinet<\/title>\n<meta name=\"robots\" content=\"noindex, follow, max-snippet:-1, max-image-preview:large, max-video-preview:-1\" \/>\n<meta property=\"og:locale\" content=\"sv_SE\" \/>\n<meta property=\"og:type\" content=\"article\" \/>\n<meta property=\"og:title\" content=\"Int\u00e4kter fr\u00e5n narkotikabek\u00e4mpning investeras i antidrogprogram\" \/>\n<meta property=\"og:description\" content=\"N\u00e4r tillslag mot droghandlare g\u00f6rs tas flera olika f\u00f6rem\u00e5l i beslag.\u00a0Dessa s\u00e4ljs sedan p\u00e5 offentliga auktioner och pengarna som dras in g\u00e5r till arbete mot droghandel och missbruk.\u00a0\" \/>\n<meta property=\"og:url\" content=\"https:\/\/lightweb.dev\/l\/svm-temp\/nyheter\/intakter-fran-narkotikabekampning-investeras-i-antidrogprogram\/\" \/>\n<meta property=\"og:site_name\" content=\"Svenska Magasinet\" \/>\n<meta property=\"article:publisher\" content=\"https:\/\/www.facebook.com\/svenskamagasinet\" \/>\n<meta property=\"article:published_time\" content=\"2024-10-21T14:07:33+00:00\" \/>\n<meta property=\"og:image\" content=\"https:\/\/lightweb.dev\/l\/svm-temp\/wp-content\/uploads\/2024\/10\/2413945-stor-980x640.jpeg.webp\" \/>\n\t<meta property=\"og:image:width\" content=\"980\" \/>\n\t<meta property=\"og:image:height\" content=\"640\" \/>\n\t<meta property=\"og:image:type\" content=\"image\/webp\" \/>\n<meta name=\"author\" content=\"Robbie Eriksson\" \/>\n<meta name=\"twitter:card\" content=\"summary_large_image\" \/>\n<meta name=\"twitter:creator\" content=\"@SvenskaMagasine\" \/>\n<meta name=\"twitter:site\" content=\"@SvenskaMagasine\" \/>\n<script type=\"application\/ld+json\" class=\"yoast-schema-graph\">{\"@context\":\"https:\\\/\\\/schema.org\",\"@graph\":[{\"@type\":\"Article\",\"@id\":\"https:\\\/\\\/lightweb.dev\\\/l\\\/svm-temp\\\/nyheter\\\/intakter-fran-narkotikabekampning-investeras-i-antidrogprogram\\\/#article\",\"isPartOf\":{\"@id\":\"https:\\\/\\\/lightweb.dev\\\/l\\\/svm-temp\\\/nyheter\\\/intakter-fran-narkotikabekampning-investeras-i-antidrogprogram\\\/\"},\"author\":{\"name\":\"Robbie Eriksson\",\"@id\":\"https:\\\/\\\/lightweb.dev\\\/l\\\/svm-temp\\\/#\\\/schema\\\/person\\\/caffe038990d25722f5a04a03c906a2b\"},\"headline\":\"Int\u00e4kter fr\u00e5n narkotikabek\u00e4mpning investeras i antidrogprogram\",\"datePublished\":\"2024-10-21T14:07:33+00:00\",\"mainEntityOfPage\":{\"@id\":\"https:\\\/\\\/lightweb.dev\\\/l\\\/svm-temp\\\/nyheter\\\/intakter-fran-narkotikabekampning-investeras-i-antidrogprogram\\\/\"},\"wordCount\":184,\"publisher\":{\"@id\":\"https:\\\/\\\/lightweb.dev\\\/l\\\/svm-temp\\\/#organization\"},\"image\":{\"@id\":\"https:\\\/\\\/lightweb.dev\\\/l\\\/svm-temp\\\/nyheter\\\/intakter-fran-narkotikabekampning-investeras-i-antidrogprogram\\\/#primaryimage\"},\"thumbnailUrl\":\"https:\\\/\\\/lightweb.dev\\\/l\\\/svm-temp\\\/wp-content\\\/uploads\\\/2024\\\/10\\\/2413945-stor-980x640.jpeg.webp\",\"articleSection\":[\"Arkiv\",\"Nyheter\"],\"inLanguage\":\"sv-SE\"},{\"@type\":\"WebPage\",\"@id\":\"https:\\\/\\\/lightweb.dev\\\/l\\\/svm-temp\\\/nyheter\\\/intakter-fran-narkotikabekampning-investeras-i-antidrogprogram\\\/\",\"url\":\"https:\\\/\\\/lightweb.dev\\\/l\\\/svm-temp\\\/nyheter\\\/intakter-fran-narkotikabekampning-investeras-i-antidrogprogram\\\/\",\"name\":\"Int\u00e4kter fr\u00e5n narkotikabek\u00e4mpning investeras i antidrogprogram - Svenska Magasinet\",\"isPartOf\":{\"@id\":\"https:\\\/\\\/lightweb.dev\\\/l\\\/svm-temp\\\/#website\"},\"primaryImageOfPage\":{\"@id\":\"https:\\\/\\\/lightweb.dev\\\/l\\\/svm-temp\\\/nyheter\\\/intakter-fran-narkotikabekampning-investeras-i-antidrogprogram\\\/#primaryimage\"},\"image\":{\"@id\":\"https:\\\/\\\/lightweb.dev\\\/l\\\/svm-temp\\\/nyheter\\\/intakter-fran-narkotikabekampning-investeras-i-antidrogprogram\\\/#primaryimage\"},\"thumbnailUrl\":\"https:\\\/\\\/lightweb.dev\\\/l\\\/svm-temp\\\/wp-content\\\/uploads\\\/2024\\\/10\\\/2413945-stor-980x640.jpeg.webp\",\"datePublished\":\"2024-10-21T14:07:33+00:00\",\"breadcrumb\":{\"@id\":\"https:\\\/\\\/lightweb.dev\\\/l\\\/svm-temp\\\/nyheter\\\/intakter-fran-narkotikabekampning-investeras-i-antidrogprogram\\\/#breadcrumb\"},\"inLanguage\":\"sv-SE\",\"potentialAction\":[{\"@type\":\"ReadAction\",\"target\":[\"https:\\\/\\\/lightweb.dev\\\/l\\\/svm-temp\\\/nyheter\\\/intakter-fran-narkotikabekampning-investeras-i-antidrogprogram\\\/\"]}]},{\"@type\":\"ImageObject\",\"inLanguage\":\"sv-SE\",\"@id\":\"https:\\\/\\\/lightweb.dev\\\/l\\\/svm-temp\\\/nyheter\\\/intakter-fran-narkotikabekampning-investeras-i-antidrogprogram\\\/#primaryimage\",\"url\":\"https:\\\/\\\/lightweb.dev\\\/l\\\/svm-temp\\\/wp-content\\\/uploads\\\/2024\\\/10\\\/2413945-stor-980x640.jpeg.webp\",\"contentUrl\":\"https:\\\/\\\/lightweb.dev\\\/l\\\/svm-temp\\\/wp-content\\\/uploads\\\/2024\\\/10\\\/2413945-stor-980x640.jpeg.webp\",\"width\":980,\"height\":640,\"caption\":\"En bil v\u00e4rderad till 140 000 euro togs i beslag i samband med ett gripande f\u00f6rra \u00e5ret. (Bild: Policia Nacional).\"},{\"@type\":\"BreadcrumbList\",\"@id\":\"https:\\\/\\\/lightweb.dev\\\/l\\\/svm-temp\\\/nyheter\\\/intakter-fran-narkotikabekampning-investeras-i-antidrogprogram\\\/#breadcrumb\",\"itemListElement\":[{\"@type\":\"ListItem\",\"position\":1,\"name\":\"Hem\",\"item\":\"https:\\\/\\\/lightweb.dev\\\/l\\\/svm-temp\\\/\"},{\"@type\":\"ListItem\",\"position\":2,\"name\":\"Int\u00e4kter fr\u00e5n narkotikabek\u00e4mpning investeras i antidrogprogram\"}]},{\"@type\":\"WebSite\",\"@id\":\"https:\\\/\\\/lightweb.dev\\\/l\\\/svm-temp\\\/#website\",\"url\":\"https:\\\/\\\/lightweb.dev\\\/l\\\/svm-temp\\\/\",\"name\":\"Svenska Magasinet\",\"description\":\"Dina Spanska nyheter p&aring; Svenska\",\"publisher\":{\"@id\":\"https:\\\/\\\/lightweb.dev\\\/l\\\/svm-temp\\\/#organization\"},\"potentialAction\":[{\"@type\":\"SearchAction\",\"target\":{\"@type\":\"EntryPoint\",\"urlTemplate\":\"https:\\\/\\\/lightweb.dev\\\/l\\\/svm-temp\\\/?s={search_term_string}\"},\"query-input\":{\"@type\":\"PropertyValueSpecification\",\"valueRequired\":true,\"valueName\":\"search_term_string\"}}],\"inLanguage\":\"sv-SE\"},{\"@type\":\"Organization\",\"@id\":\"https:\\\/\\\/lightweb.dev\\\/l\\\/svm-temp\\\/#organization\",\"name\":\"Melkerson y Nott SL\",\"alternateName\":\"Svenska Magasinet\",\"url\":\"https:\\\/\\\/lightweb.dev\\\/l\\\/svm-temp\\\/\",\"logo\":{\"@type\":\"ImageObject\",\"inLanguage\":\"sv-SE\",\"@id\":\"https:\\\/\\\/lightweb.dev\\\/l\\\/svm-temp\\\/#\\\/schema\\\/logo\\\/image\\\/\",\"url\":\"https:\\\/\\\/lightweb.dev\\\/l\\\/svm-temp\\\/wp-content\\\/uploads\\\/2025\\\/02\\\/SvM-logo-Xtra-Centrerad-SVART.png\",\"contentUrl\":\"https:\\\/\\\/lightweb.dev\\\/l\\\/svm-temp\\\/wp-content\\\/uploads\\\/2025\\\/02\\\/SvM-logo-Xtra-Centrerad-SVART.png\",\"width\":300,\"height\":99,\"caption\":\"Melkerson y Nott SL\"},\"image\":{\"@id\":\"https:\\\/\\\/lightweb.dev\\\/l\\\/svm-temp\\\/#\\\/schema\\\/logo\\\/image\\\/\"},\"sameAs\":[\"https:\\\/\\\/www.facebook.com\\\/svenskamagasinet\",\"https:\\\/\\\/x.com\\\/SvenskaMagasine\"]},{\"@type\":\"Person\",\"@id\":\"https:\\\/\\\/lightweb.dev\\\/l\\\/svm-temp\\\/#\\\/schema\\\/person\\\/caffe038990d25722f5a04a03c906a2b\",\"name\":\"Robbie Eriksson\",\"sameAs\":[\"https:\\\/\\\/lightweb.dev\\\/l\\\/svm-temp\"],\"url\":\"https:\\\/\\\/lightweb.dev\\\/l\\\/svm-temp\\\/reporter\\\/robbie-eriksson\\\/\"}]}<\/script>\n<!-- \/ Yoast SEO Premium plugin. -->","yoast_head_json":{"title":"Int\u00e4kter fr\u00e5n narkotikabek\u00e4mpning investeras i antidrogprogram - Svenska Magasinet","robots":{"index":"noindex","follow":"follow","max-snippet":"max-snippet:-1","max-image-preview":"max-image-preview:large","max-video-preview":"max-video-preview:-1"},"og_locale":"sv_SE","og_type":"article","og_title":"Int\u00e4kter fr\u00e5n narkotikabek\u00e4mpning investeras i antidrogprogram","og_description":"N\u00e4r tillslag mot droghandlare g\u00f6rs tas flera olika f\u00f6rem\u00e5l i beslag.\u00a0Dessa s\u00e4ljs sedan p\u00e5 offentliga auktioner och pengarna som dras in g\u00e5r till arbete mot droghandel och missbruk.\u00a0","og_url":"https:\/\/lightweb.dev\/l\/svm-temp\/nyheter\/intakter-fran-narkotikabekampning-investeras-i-antidrogprogram\/","og_site_name":"Svenska Magasinet","article_publisher":"https:\/\/www.facebook.com\/svenskamagasinet","article_published_time":"2024-10-21T14:07:33+00:00","og_image":[{"width":980,"height":640,"url":"https:\/\/lightweb.dev\/l\/svm-temp\/wp-content\/uploads\/2024\/10\/2413945-stor-980x640.jpeg.webp","type":"image\/webp"}],"author":"Robbie Eriksson","twitter_card":"summary_large_image","twitter_creator":"@SvenskaMagasine","twitter_site":"@SvenskaMagasine","schema":{"@context":"https:\/\/schema.org","@graph":[{"@type":"Article","@id":"https:\/\/lightweb.dev\/l\/svm-temp\/nyheter\/intakter-fran-narkotikabekampning-investeras-i-antidrogprogram\/#article","isPartOf":{"@id":"https:\/\/lightweb.dev\/l\/svm-temp\/nyheter\/intakter-fran-narkotikabekampning-investeras-i-antidrogprogram\/"},"author":{"name":"Robbie Eriksson","@id":"https:\/\/lightweb.dev\/l\/svm-temp\/#\/schema\/person\/caffe038990d25722f5a04a03c906a2b"},"headline":"Int\u00e4kter fr\u00e5n narkotikabek\u00e4mpning investeras i antidrogprogram","datePublished":"2024-10-21T14:07:33+00:00","mainEntityOfPage":{"@id":"https:\/\/lightweb.dev\/l\/svm-temp\/nyheter\/intakter-fran-narkotikabekampning-investeras-i-antidrogprogram\/"},"wordCount":184,"publisher":{"@id":"https:\/\/lightweb.dev\/l\/svm-temp\/#organization"},"image":{"@id":"https:\/\/lightweb.dev\/l\/svm-temp\/nyheter\/intakter-fran-narkotikabekampning-investeras-i-antidrogprogram\/#primaryimage"},"thumbnailUrl":"https:\/\/lightweb.dev\/l\/svm-temp\/wp-content\/uploads\/2024\/10\/2413945-stor-980x640.jpeg.webp","articleSection":["Arkiv","Nyheter"],"inLanguage":"sv-SE"},{"@type":"WebPage","@id":"https:\/\/lightweb.dev\/l\/svm-temp\/nyheter\/intakter-fran-narkotikabekampning-investeras-i-antidrogprogram\/","url":"https:\/\/lightweb.dev\/l\/svm-temp\/nyheter\/intakter-fran-narkotikabekampning-investeras-i-antidrogprogram\/","name":"Int\u00e4kter fr\u00e5n narkotikabek\u00e4mpning investeras i antidrogprogram - Svenska Magasinet","isPartOf":{"@id":"https:\/\/lightweb.dev\/l\/svm-temp\/#website"},"primaryImageOfPage":{"@id":"https:\/\/lightweb.dev\/l\/svm-temp\/nyheter\/intakter-fran-narkotikabekampning-investeras-i-antidrogprogram\/#primaryimage"},"image":{"@id":"https:\/\/lightweb.dev\/l\/svm-temp\/nyheter\/intakter-fran-narkotikabekampning-investeras-i-antidrogprogram\/#primaryimage"},"thumbnailUrl":"https:\/\/lightweb.dev\/l\/svm-temp\/wp-content\/uploads\/2024\/10\/2413945-stor-980x640.jpeg.webp","datePublished":"2024-10-21T14:07:33+00:00","breadcrumb":{"@id":"https:\/\/lightweb.dev\/l\/svm-temp\/nyheter\/intakter-fran-narkotikabekampning-investeras-i-antidrogprogram\/#breadcrumb"},"inLanguage":"sv-SE","potentialAction":[{"@type":"ReadAction","target":["https:\/\/lightweb.dev\/l\/svm-temp\/nyheter\/intakter-fran-narkotikabekampning-investeras-i-antidrogprogram\/"]}]},{"@type":"ImageObject","inLanguage":"sv-SE","@id":"https:\/\/lightweb.dev\/l\/svm-temp\/nyheter\/intakter-fran-narkotikabekampning-investeras-i-antidrogprogram\/#primaryimage","url":"https:\/\/lightweb.dev\/l\/svm-temp\/wp-content\/uploads\/2024\/10\/2413945-stor-980x640.jpeg.webp","contentUrl":"https:\/\/lightweb.dev\/l\/svm-temp\/wp-content\/uploads\/2024\/10\/2413945-stor-980x640.jpeg.webp","width":980,"height":640,"caption":"En bil v\u00e4rderad till 140 000 euro togs i beslag i samband med ett gripande f\u00f6rra \u00e5ret. (Bild: Policia Nacional)."},{"@type":"BreadcrumbList","@id":"https:\/\/lightweb.dev\/l\/svm-temp\/nyheter\/intakter-fran-narkotikabekampning-investeras-i-antidrogprogram\/#breadcrumb","itemListElement":[{"@type":"ListItem","position":1,"name":"Hem","item":"https:\/\/lightweb.dev\/l\/svm-temp\/"},{"@type":"ListItem","position":2,"name":"Int\u00e4kter fr\u00e5n narkotikabek\u00e4mpning investeras i antidrogprogram"}]},{"@type":"WebSite","@id":"https:\/\/lightweb.dev\/l\/svm-temp\/#website","url":"https:\/\/lightweb.dev\/l\/svm-temp\/","name":"Svenska Magasinet","description":"Dina Spanska nyheter p&aring; Svenska","publisher":{"@id":"https:\/\/lightweb.dev\/l\/svm-temp\/#organization"},"potentialAction":[{"@type":"SearchAction","target":{"@type":"EntryPoint","urlTemplate":"https:\/\/lightweb.dev\/l\/svm-temp\/?s={search_term_string}"},"query-input":{"@type":"PropertyValueSpecification","valueRequired":true,"valueName":"search_term_string"}}],"inLanguage":"sv-SE"},{"@type":"Organization","@id":"https:\/\/lightweb.dev\/l\/svm-temp\/#organization","name":"Melkerson y Nott SL","alternateName":"Svenska Magasinet","url":"https:\/\/lightweb.dev\/l\/svm-temp\/","logo":{"@type":"ImageObject","inLanguage":"sv-SE","@id":"https:\/\/lightweb.dev\/l\/svm-temp\/#\/schema\/logo\/image\/","url":"https:\/\/lightweb.dev\/l\/svm-temp\/wp-content\/uploads\/2025\/02\/SvM-logo-Xtra-Centrerad-SVART.png","contentUrl":"https:\/\/lightweb.dev\/l\/svm-temp\/wp-content\/uploads\/2025\/02\/SvM-logo-Xtra-Centrerad-SVART.png","width":300,"height":99,"caption":"Melkerson y Nott SL"},"image":{"@id":"https:\/\/lightweb.dev\/l\/svm-temp\/#\/schema\/logo\/image\/"},"sameAs":["https:\/\/www.facebook.com\/svenskamagasinet","https:\/\/x.com\/SvenskaMagasine"]},{"@type":"Person","@id":"https:\/\/lightweb.dev\/l\/svm-temp\/#\/schema\/person\/caffe038990d25722f5a04a03c906a2b","name":"Robbie Eriksson","sameAs":["https:\/\/lightweb.dev\/l\/svm-temp"],"url":"https:\/\/lightweb.dev\/l\/svm-temp\/reporter\/robbie-eriksson\/"}]}},"_links":{"self":[{"href":"https:\/\/lightweb.dev\/l\/svm-temp\/wp-json\/wp\/v2\/posts\/75290","targetHints":{"allow":["GET"]}}],"collection":[{"href":"https:\/\/lightweb.dev\/l\/svm-temp\/wp-json\/wp\/v2\/posts"}],"about":[{"href":"https:\/\/lightweb.dev\/l\/svm-temp\/wp-json\/wp\/v2\/types\/post"}],"author":[{"embeddable":true,"href":"https:\/\/lightweb.dev\/l\/svm-temp\/wp-json\/wp\/v2\/users\/14"}],"replies":[{"embeddable":true,"href":"https:\/\/lightweb.dev\/l\/svm-temp\/wp-json\/wp\/v2\/comments?post=75290"}],"version-history":[{"count":0,"href":"https:\/\/lightweb.dev\/l\/svm-temp\/wp-json\/wp\/v2\/posts\/75290\/revisions"}],"wp:featuredmedia":[{"embeddable":true,"href":"https:\/\/lightweb.dev\/l\/svm-temp\/wp-json\/wp\/v2\/media\/75291"}],"wp:attachment":[{"href":"https:\/\/lightweb.dev\/l\/svm-temp\/wp-json\/wp\/v2\/media?parent=75290"}],"wp:term":[{"taxonomy":"category","embeddable":true,"href":"https:\/\/lightweb.dev\/l\/svm-temp\/wp-json\/wp\/v2\/categories?post=75290"},{"taxonomy":"post_tag","embeddable":true,"href":"https:\/\/lightweb.dev\/l\/svm-temp\/wp-json\/wp\/v2\/tags?post=75290"}],"curies":[{"name":"wp","href":"https:\/\/api.w.org\/{rel}","templated":true}]}}