{"id":75413,"date":"2024-10-22T15:55:01","date_gmt":"2024-10-22T13:55:01","guid":{"rendered":"https:\/\/lightweb.dev\/l\/svm-temp\/?p=75413"},"modified":"2024-10-22T15:55:01","modified_gmt":"2024-10-22T13:55:01","slug":"nara-1-av-5-andalusier-lever-i-fattigdom-trots-anstallning","status":"publish","type":"post","link":"https:\/\/lightweb.dev\/l\/svm-temp\/nyheter\/nara-1-av-5-andalusier-lever-i-fattigdom-trots-anstallning\/","title":{"rendered":"N\u00e4ra 1 av 5 andalusier lever i fattigdom trots anst\u00e4llning"},"content":{"rendered":"<p><strong>En ny rapport visar hur m\u00e5nga av Spaniens arbetstagare som lever under fattigdomsgr\u00e4nsen.\u00a0<\/strong><\/p>\n<p><strong>Siffran \u00e4r h\u00f6gst i Andalusien.\u00a0\u00a0<\/strong><\/p>\n<p><span style=\"font-weight: 400;\">I Andalusien befinner sig 19,4 procent av dem som arbetar under fattigdomsgr\u00e4nsen. Det \u00e4r den h\u00f6gsta regionala siffran i Spanien. Uppgifterna kommer fr\u00e5n Oxfam <\/span><span style=\"font-weight: 400;\">Interm\u00f3n<\/span><span style=\"font-weight: 400;\"> och publicerades f\u00f6rra veckan.\u00a0<\/span><\/p>\n<p><span style=\"font-weight: 400;\">Den nationella siffran \u00f6ver folk som arbetar men \u00e4nd\u00e5 lever i fattigdom \u00e4r 13,7. Gapet mellan Andalusien \u00e4r st\u00f6rst till Navarre (6,3 procent) och Baskien (6,6). De regioner som ligger n\u00e4rmast Andalusien \u00e4r Extremadura (17,2) och Castilla-La Mancha (15,4).\u00a0<\/span><\/p>\n<p><span style=\"font-weight: 400;\">Oxfam <\/span><span style=\"font-weight: 400;\">Interm\u00f3n<\/span><span style=\"font-weight: 400;\"> sl\u00e5r fast att det \u00e4r st\u00f6rre sannolikhet att drabbas av detta problem om man lever i landets s\u00f6dra och \u00f6stliga delar eller p\u00e5 Kanarie\u00f6arna. I rapporten st\u00e5r ocks\u00e5 att det \u201ci Spanien finns tv\u00e5 j\u00e4mlikhetsglapp, f\u00f6rst mellan landsbygd och st\u00e4der och sedan mellan landets centrala och nordliga delar och resten av landet.\u201d<\/span><\/p>\n<p><span style=\"font-weight: 400;\">F\u00f6rklaringen till detta tros vara att de regioner med h\u00f6gre andel fattigdom bland arbetare \u00e4r att en stor del av arbetsstyrkan jobbar inom branscher som pr\u00e4glas av instabilitet. Till exempel jordbruk, byggarbete eller bes\u00f6ksn\u00e4ringen.\u00a0<\/span><\/p>\n<h2><span style=\"font-weight: 400;\">Sektorer<\/span><\/h2>\n<p><span style=\"font-weight: 400;\">P\u00e5 nationell niv\u00e5 p\u00e5verkas personer som arbetar inom den prim\u00e4ra sektorn, det vill s\u00e4ga jordbruk, boskap, fiske och skogsbruk, h\u00e5rdast. H\u00e4r \u00e4r siffran hela 31,4 procent.\u00a0<\/span><\/p>\n<p><span style=\"font-weight: 400;\">D\u00e4refter f\u00f6ljer anst\u00e4llda inom hemtj\u00e4nsten (29,4 procent), bes\u00f6ksn\u00e4ringen (21,1 procent) och konstruktion (19,6). P\u00e5 strax \u00f6ver 15 procent hittar vi \u00e4ven kulturarbetare och personer som jobbar med administration.\u00a0<\/span><\/p>\n<p><span style=\"font-weight: 400;\">Dessa sex sektorer pr\u00e4glas av s\u00e4songsarbete, os\u00e4kra kontrakt och bristande arbetsr\u00e4ttigheter. Dessutom saknar flera av de som jobbar h\u00e4r h\u00f6gre utbildning.\u00a0<\/span><\/p>\n<h3><span style=\"font-weight: 400;\">Definition<\/span><\/h3>\n<p><span style=\"font-weight: 400;\">Hur avg\u00f6r man om en person med arbete lever i fattigdom? Oxfam sl\u00e5r fast en tr\u00f6skel p\u00e5 60 procent av den \u00e5rliga medianinkomsten. I Spanien \u00e4r denna tr\u00f6skel enligt INE (det nationella institutet f\u00f6r statistik) 10 989,50 euro f\u00f6r ett hush\u00e5ll med en person. S\u00e5 alla som tj\u00e4nar mindre \u00e4n s\u00e5 klassas som fattiga trots att de har inkomst. Dessa m\u00e4nniskor f\u00e5r mindre \u00e4n 915 euro per m\u00e5nad men m\u00e5ste sedan betala f\u00f6r sitt boende, energi och vatten, mat och andra levnadskostnader.<\/span><\/p>\n<p><span style=\"font-weight: 400;\">Ett annat exempel fr\u00e5n Oxfam <\/span><span style=\"font-weight: 400;\">Interm\u00f3n visar ett hush\u00e5ll med tv\u00e5 vuxna och tv\u00e5 minder\u00e5riga med en \u00e5rlig inkomst p\u00e5 mindre \u00e4n 23 077,95 euro. D\u00e5 skulle man beh\u00f6va f\u00f6rs\u00f6rja fyra personer p\u00e5 mindre \u00e4n 1 923,16 euro i m\u00e5naden.\u00a0<\/span><\/p>\n<h4><span style=\"font-weight: 400;\">Olika grupper<\/span><\/h4>\n<p><span style=\"font-weight: 400;\">I Spanien drabbar detta problem m\u00e4n i st\u00f6rre utstr\u00e4ckning \u00e4n kvinnor, 12,4 respektive 10,4 procent. Den \u00e5ldersgrupp som \u00e4r h\u00e5rdast drabbad \u00e4r personer mellan 45 och 49 (12,2 procent). N\u00e4r man ser till utbildningsniv\u00e5 drabbas 20,7 procent av dem som endast har en grundskoleutbildning medan siffran f\u00f6r de med en examen fr\u00e5n ett universitet \u00e4r 5,5. <\/span><\/p>\n","protected":false},"excerpt":{"rendered":"<p>En ny rapport visar hur m\u00e5nga av Spaniens arbetstagare som lever under fattigdomsgr\u00e4nsen.\u00a0Siffran \u00e4r h\u00f6gst i Andalusien.\u00a0\u00a0<\/p>\n","protected":false},"author":14,"featured_media":73723,"comment_status":"closed","ping_status":"closed","sticky":false,"template":"","format":"standard","meta":{"_et_pb_use_builder":"","_et_pb_old_content":"","_et_gb_content_width":"","footnotes":""},"categories":[351,3],"tags":[],"class_list":["post-75413","post","type-post","status-publish","format-standard","has-post-thumbnail","hentry","category-ekonomi-nyheter","category-nyheter"],"yoast_head":"<!-- This site is optimized with the Yoast SEO Premium plugin v26.2 (Yoast SEO v27.4) - https:\/\/yoast.com\/product\/yoast-seo-premium-wordpress\/ -->\n<title>N\u00e4ra 1 av 5 andalusier lever i fattigdom trots anst\u00e4llning - Svenska Magasinet<\/title>\n<meta name=\"robots\" content=\"noindex, follow, max-snippet:-1, max-image-preview:large, max-video-preview:-1\" \/>\n<meta property=\"og:locale\" content=\"sv_SE\" \/>\n<meta property=\"og:type\" content=\"article\" \/>\n<meta property=\"og:title\" content=\"N\u00e4ra 1 av 5 andalusier lever i fattigdom trots anst\u00e4llning\" \/>\n<meta property=\"og:description\" content=\"En ny rapport visar hur m\u00e5nga av Spaniens arbetstagare som lever under fattigdomsgr\u00e4nsen.\u00a0Siffran \u00e4r h\u00f6gst i Andalusien.\u00a0\u00a0\" \/>\n<meta property=\"og:url\" content=\"https:\/\/lightweb.dev\/l\/svm-temp\/artiklar\/ekonomi\/nara-1-av-5-andalusier-lever-i-fattigdom-trots-anstallning\/\" \/>\n<meta property=\"og:site_name\" content=\"Svenska Magasinet\" \/>\n<meta property=\"article:publisher\" content=\"https:\/\/www.facebook.com\/svenskamagasinet\" \/>\n<meta property=\"article:published_time\" content=\"2024-10-22T13:55:01+00:00\" \/>\n<meta property=\"og:image\" content=\"https:\/\/lightweb.dev\/l\/svm-temp\/wp-content\/uploads\/2024\/08\/people-housework-housekeeping-concept-happy-woman-gloves-cleaning-window-with-rag-cleanser-spray-home-Stor-1280x640-1.jpeg\" \/>\n\t<meta property=\"og:image:width\" content=\"1280\" \/>\n\t<meta property=\"og:image:height\" content=\"640\" \/>\n\t<meta property=\"og:image:type\" content=\"image\/jpeg\" \/>\n<meta name=\"author\" content=\"Robbie Eriksson\" \/>\n<meta name=\"twitter:card\" content=\"summary_large_image\" \/>\n<meta name=\"twitter:creator\" content=\"@SvenskaMagasine\" \/>\n<meta name=\"twitter:site\" content=\"@SvenskaMagasine\" \/>\n<script type=\"application\/ld+json\" class=\"yoast-schema-graph\">{\"@context\":\"https:\\\/\\\/schema.org\",\"@graph\":[{\"@type\":\"Article\",\"@id\":\"https:\\\/\\\/lightweb.dev\\\/l\\\/svm-temp\\\/artiklar\\\/ekonomi\\\/nara-1-av-5-andalusier-lever-i-fattigdom-trots-anstallning\\\/#article\",\"isPartOf\":{\"@id\":\"https:\\\/\\\/lightweb.dev\\\/l\\\/svm-temp\\\/artiklar\\\/ekonomi\\\/nara-1-av-5-andalusier-lever-i-fattigdom-trots-anstallning\\\/\"},\"author\":{\"name\":\"Robbie Eriksson\",\"@id\":\"https:\\\/\\\/lightweb.dev\\\/l\\\/svm-temp\\\/#\\\/schema\\\/person\\\/caffe038990d25722f5a04a03c906a2b\"},\"headline\":\"N\u00e4ra 1 av 5 andalusier lever i fattigdom trots anst\u00e4llning\",\"datePublished\":\"2024-10-22T13:55:01+00:00\",\"mainEntityOfPage\":{\"@id\":\"https:\\\/\\\/lightweb.dev\\\/l\\\/svm-temp\\\/artiklar\\\/ekonomi\\\/nara-1-av-5-andalusier-lever-i-fattigdom-trots-anstallning\\\/\"},\"wordCount\":484,\"publisher\":{\"@id\":\"https:\\\/\\\/lightweb.dev\\\/l\\\/svm-temp\\\/#organization\"},\"image\":{\"@id\":\"https:\\\/\\\/lightweb.dev\\\/l\\\/svm-temp\\\/artiklar\\\/ekonomi\\\/nara-1-av-5-andalusier-lever-i-fattigdom-trots-anstallning\\\/#primaryimage\"},\"thumbnailUrl\":\"https:\\\/\\\/lightweb.dev\\\/l\\\/svm-temp\\\/wp-content\\\/uploads\\\/2024\\\/08\\\/people-housework-housekeeping-concept-happy-woman-gloves-cleaning-window-with-rag-cleanser-spray-home-Stor-1280x640-1.jpeg\",\"articleSection\":[\"Ekonomi\",\"Nyheter\"],\"inLanguage\":\"sv-SE\"},{\"@type\":\"WebPage\",\"@id\":\"https:\\\/\\\/lightweb.dev\\\/l\\\/svm-temp\\\/artiklar\\\/ekonomi\\\/nara-1-av-5-andalusier-lever-i-fattigdom-trots-anstallning\\\/\",\"url\":\"https:\\\/\\\/lightweb.dev\\\/l\\\/svm-temp\\\/artiklar\\\/ekonomi\\\/nara-1-av-5-andalusier-lever-i-fattigdom-trots-anstallning\\\/\",\"name\":\"N\u00e4ra 1 av 5 andalusier lever i fattigdom trots anst\u00e4llning - Svenska Magasinet\",\"isPartOf\":{\"@id\":\"https:\\\/\\\/lightweb.dev\\\/l\\\/svm-temp\\\/#website\"},\"primaryImageOfPage\":{\"@id\":\"https:\\\/\\\/lightweb.dev\\\/l\\\/svm-temp\\\/artiklar\\\/ekonomi\\\/nara-1-av-5-andalusier-lever-i-fattigdom-trots-anstallning\\\/#primaryimage\"},\"image\":{\"@id\":\"https:\\\/\\\/lightweb.dev\\\/l\\\/svm-temp\\\/artiklar\\\/ekonomi\\\/nara-1-av-5-andalusier-lever-i-fattigdom-trots-anstallning\\\/#primaryimage\"},\"thumbnailUrl\":\"https:\\\/\\\/lightweb.dev\\\/l\\\/svm-temp\\\/wp-content\\\/uploads\\\/2024\\\/08\\\/people-housework-housekeeping-concept-happy-woman-gloves-cleaning-window-with-rag-cleanser-spray-home-Stor-1280x640-1.jpeg\",\"datePublished\":\"2024-10-22T13:55:01+00:00\",\"breadcrumb\":{\"@id\":\"https:\\\/\\\/lightweb.dev\\\/l\\\/svm-temp\\\/artiklar\\\/ekonomi\\\/nara-1-av-5-andalusier-lever-i-fattigdom-trots-anstallning\\\/#breadcrumb\"},\"inLanguage\":\"sv-SE\",\"potentialAction\":[{\"@type\":\"ReadAction\",\"target\":[\"https:\\\/\\\/lightweb.dev\\\/l\\\/svm-temp\\\/artiklar\\\/ekonomi\\\/nara-1-av-5-andalusier-lever-i-fattigdom-trots-anstallning\\\/\"]}]},{\"@type\":\"ImageObject\",\"inLanguage\":\"sv-SE\",\"@id\":\"https:\\\/\\\/lightweb.dev\\\/l\\\/svm-temp\\\/artiklar\\\/ekonomi\\\/nara-1-av-5-andalusier-lever-i-fattigdom-trots-anstallning\\\/#primaryimage\",\"url\":\"https:\\\/\\\/lightweb.dev\\\/l\\\/svm-temp\\\/wp-content\\\/uploads\\\/2024\\\/08\\\/people-housework-housekeeping-concept-happy-woman-gloves-cleaning-window-with-rag-cleanser-spray-home-Stor-1280x640-1.jpeg\",\"contentUrl\":\"https:\\\/\\\/lightweb.dev\\\/l\\\/svm-temp\\\/wp-content\\\/uploads\\\/2024\\\/08\\\/people-housework-housekeeping-concept-happy-woman-gloves-cleaning-window-with-rag-cleanser-spray-home-Stor-1280x640-1.jpeg\",\"width\":1280,\"height\":640,\"caption\":\"(Foto: Freepik)\"},{\"@type\":\"BreadcrumbList\",\"@id\":\"https:\\\/\\\/lightweb.dev\\\/l\\\/svm-temp\\\/artiklar\\\/ekonomi\\\/nara-1-av-5-andalusier-lever-i-fattigdom-trots-anstallning\\\/#breadcrumb\",\"itemListElement\":[{\"@type\":\"ListItem\",\"position\":1,\"name\":\"Hem\",\"item\":\"https:\\\/\\\/lightweb.dev\\\/l\\\/svm-temp\\\/\"},{\"@type\":\"ListItem\",\"position\":2,\"name\":\"N\u00e4ra 1 av 5 andalusier lever i fattigdom trots anst\u00e4llning\"}]},{\"@type\":\"WebSite\",\"@id\":\"https:\\\/\\\/lightweb.dev\\\/l\\\/svm-temp\\\/#website\",\"url\":\"https:\\\/\\\/lightweb.dev\\\/l\\\/svm-temp\\\/\",\"name\":\"Svenska Magasinet\",\"description\":\"Dina Spanska nyheter p&aring; Svenska\",\"publisher\":{\"@id\":\"https:\\\/\\\/lightweb.dev\\\/l\\\/svm-temp\\\/#organization\"},\"potentialAction\":[{\"@type\":\"SearchAction\",\"target\":{\"@type\":\"EntryPoint\",\"urlTemplate\":\"https:\\\/\\\/lightweb.dev\\\/l\\\/svm-temp\\\/?s={search_term_string}\"},\"query-input\":{\"@type\":\"PropertyValueSpecification\",\"valueRequired\":true,\"valueName\":\"search_term_string\"}}],\"inLanguage\":\"sv-SE\"},{\"@type\":\"Organization\",\"@id\":\"https:\\\/\\\/lightweb.dev\\\/l\\\/svm-temp\\\/#organization\",\"name\":\"Melkerson y Nott SL\",\"alternateName\":\"Svenska Magasinet\",\"url\":\"https:\\\/\\\/lightweb.dev\\\/l\\\/svm-temp\\\/\",\"logo\":{\"@type\":\"ImageObject\",\"inLanguage\":\"sv-SE\",\"@id\":\"https:\\\/\\\/lightweb.dev\\\/l\\\/svm-temp\\\/#\\\/schema\\\/logo\\\/image\\\/\",\"url\":\"https:\\\/\\\/lightweb.dev\\\/l\\\/svm-temp\\\/wp-content\\\/uploads\\\/2025\\\/02\\\/SvM-logo-Xtra-Centrerad-SVART.png\",\"contentUrl\":\"https:\\\/\\\/lightweb.dev\\\/l\\\/svm-temp\\\/wp-content\\\/uploads\\\/2025\\\/02\\\/SvM-logo-Xtra-Centrerad-SVART.png\",\"width\":300,\"height\":99,\"caption\":\"Melkerson y Nott SL\"},\"image\":{\"@id\":\"https:\\\/\\\/lightweb.dev\\\/l\\\/svm-temp\\\/#\\\/schema\\\/logo\\\/image\\\/\"},\"sameAs\":[\"https:\\\/\\\/www.facebook.com\\\/svenskamagasinet\",\"https:\\\/\\\/x.com\\\/SvenskaMagasine\"]},{\"@type\":\"Person\",\"@id\":\"https:\\\/\\\/lightweb.dev\\\/l\\\/svm-temp\\\/#\\\/schema\\\/person\\\/caffe038990d25722f5a04a03c906a2b\",\"name\":\"Robbie Eriksson\",\"sameAs\":[\"https:\\\/\\\/lightweb.dev\\\/l\\\/svm-temp\"],\"url\":\"https:\\\/\\\/lightweb.dev\\\/l\\\/svm-temp\\\/reporter\\\/robbie-eriksson\\\/\"}]}<\/script>\n<!-- \/ Yoast SEO Premium plugin. -->","yoast_head_json":{"title":"N\u00e4ra 1 av 5 andalusier lever i fattigdom trots anst\u00e4llning - Svenska Magasinet","robots":{"index":"noindex","follow":"follow","max-snippet":"max-snippet:-1","max-image-preview":"max-image-preview:large","max-video-preview":"max-video-preview:-1"},"og_locale":"sv_SE","og_type":"article","og_title":"N\u00e4ra 1 av 5 andalusier lever i fattigdom trots anst\u00e4llning","og_description":"En ny rapport visar hur m\u00e5nga av Spaniens arbetstagare som lever under fattigdomsgr\u00e4nsen.\u00a0Siffran \u00e4r h\u00f6gst i Andalusien.\u00a0\u00a0","og_url":"https:\/\/lightweb.dev\/l\/svm-temp\/artiklar\/ekonomi\/nara-1-av-5-andalusier-lever-i-fattigdom-trots-anstallning\/","og_site_name":"Svenska Magasinet","article_publisher":"https:\/\/www.facebook.com\/svenskamagasinet","article_published_time":"2024-10-22T13:55:01+00:00","og_image":[{"width":1280,"height":640,"url":"https:\/\/lightweb.dev\/l\/svm-temp\/wp-content\/uploads\/2024\/08\/people-housework-housekeeping-concept-happy-woman-gloves-cleaning-window-with-rag-cleanser-spray-home-Stor-1280x640-1.jpeg","type":"image\/jpeg"}],"author":"Robbie Eriksson","twitter_card":"summary_large_image","twitter_creator":"@SvenskaMagasine","twitter_site":"@SvenskaMagasine","schema":{"@context":"https:\/\/schema.org","@graph":[{"@type":"Article","@id":"https:\/\/lightweb.dev\/l\/svm-temp\/artiklar\/ekonomi\/nara-1-av-5-andalusier-lever-i-fattigdom-trots-anstallning\/#article","isPartOf":{"@id":"https:\/\/lightweb.dev\/l\/svm-temp\/artiklar\/ekonomi\/nara-1-av-5-andalusier-lever-i-fattigdom-trots-anstallning\/"},"author":{"name":"Robbie Eriksson","@id":"https:\/\/lightweb.dev\/l\/svm-temp\/#\/schema\/person\/caffe038990d25722f5a04a03c906a2b"},"headline":"N\u00e4ra 1 av 5 andalusier lever i fattigdom trots anst\u00e4llning","datePublished":"2024-10-22T13:55:01+00:00","mainEntityOfPage":{"@id":"https:\/\/lightweb.dev\/l\/svm-temp\/artiklar\/ekonomi\/nara-1-av-5-andalusier-lever-i-fattigdom-trots-anstallning\/"},"wordCount":484,"publisher":{"@id":"https:\/\/lightweb.dev\/l\/svm-temp\/#organization"},"image":{"@id":"https:\/\/lightweb.dev\/l\/svm-temp\/artiklar\/ekonomi\/nara-1-av-5-andalusier-lever-i-fattigdom-trots-anstallning\/#primaryimage"},"thumbnailUrl":"https:\/\/lightweb.dev\/l\/svm-temp\/wp-content\/uploads\/2024\/08\/people-housework-housekeeping-concept-happy-woman-gloves-cleaning-window-with-rag-cleanser-spray-home-Stor-1280x640-1.jpeg","articleSection":["Ekonomi","Nyheter"],"inLanguage":"sv-SE"},{"@type":"WebPage","@id":"https:\/\/lightweb.dev\/l\/svm-temp\/artiklar\/ekonomi\/nara-1-av-5-andalusier-lever-i-fattigdom-trots-anstallning\/","url":"https:\/\/lightweb.dev\/l\/svm-temp\/artiklar\/ekonomi\/nara-1-av-5-andalusier-lever-i-fattigdom-trots-anstallning\/","name":"N\u00e4ra 1 av 5 andalusier lever i fattigdom trots anst\u00e4llning - Svenska Magasinet","isPartOf":{"@id":"https:\/\/lightweb.dev\/l\/svm-temp\/#website"},"primaryImageOfPage":{"@id":"https:\/\/lightweb.dev\/l\/svm-temp\/artiklar\/ekonomi\/nara-1-av-5-andalusier-lever-i-fattigdom-trots-anstallning\/#primaryimage"},"image":{"@id":"https:\/\/lightweb.dev\/l\/svm-temp\/artiklar\/ekonomi\/nara-1-av-5-andalusier-lever-i-fattigdom-trots-anstallning\/#primaryimage"},"thumbnailUrl":"https:\/\/lightweb.dev\/l\/svm-temp\/wp-content\/uploads\/2024\/08\/people-housework-housekeeping-concept-happy-woman-gloves-cleaning-window-with-rag-cleanser-spray-home-Stor-1280x640-1.jpeg","datePublished":"2024-10-22T13:55:01+00:00","breadcrumb":{"@id":"https:\/\/lightweb.dev\/l\/svm-temp\/artiklar\/ekonomi\/nara-1-av-5-andalusier-lever-i-fattigdom-trots-anstallning\/#breadcrumb"},"inLanguage":"sv-SE","potentialAction":[{"@type":"ReadAction","target":["https:\/\/lightweb.dev\/l\/svm-temp\/artiklar\/ekonomi\/nara-1-av-5-andalusier-lever-i-fattigdom-trots-anstallning\/"]}]},{"@type":"ImageObject","inLanguage":"sv-SE","@id":"https:\/\/lightweb.dev\/l\/svm-temp\/artiklar\/ekonomi\/nara-1-av-5-andalusier-lever-i-fattigdom-trots-anstallning\/#primaryimage","url":"https:\/\/lightweb.dev\/l\/svm-temp\/wp-content\/uploads\/2024\/08\/people-housework-housekeeping-concept-happy-woman-gloves-cleaning-window-with-rag-cleanser-spray-home-Stor-1280x640-1.jpeg","contentUrl":"https:\/\/lightweb.dev\/l\/svm-temp\/wp-content\/uploads\/2024\/08\/people-housework-housekeeping-concept-happy-woman-gloves-cleaning-window-with-rag-cleanser-spray-home-Stor-1280x640-1.jpeg","width":1280,"height":640,"caption":"(Foto: Freepik)"},{"@type":"BreadcrumbList","@id":"https:\/\/lightweb.dev\/l\/svm-temp\/artiklar\/ekonomi\/nara-1-av-5-andalusier-lever-i-fattigdom-trots-anstallning\/#breadcrumb","itemListElement":[{"@type":"ListItem","position":1,"name":"Hem","item":"https:\/\/lightweb.dev\/l\/svm-temp\/"},{"@type":"ListItem","position":2,"name":"N\u00e4ra 1 av 5 andalusier lever i fattigdom trots anst\u00e4llning"}]},{"@type":"WebSite","@id":"https:\/\/lightweb.dev\/l\/svm-temp\/#website","url":"https:\/\/lightweb.dev\/l\/svm-temp\/","name":"Svenska Magasinet","description":"Dina Spanska nyheter p&aring; Svenska","publisher":{"@id":"https:\/\/lightweb.dev\/l\/svm-temp\/#organization"},"potentialAction":[{"@type":"SearchAction","target":{"@type":"EntryPoint","urlTemplate":"https:\/\/lightweb.dev\/l\/svm-temp\/?s={search_term_string}"},"query-input":{"@type":"PropertyValueSpecification","valueRequired":true,"valueName":"search_term_string"}}],"inLanguage":"sv-SE"},{"@type":"Organization","@id":"https:\/\/lightweb.dev\/l\/svm-temp\/#organization","name":"Melkerson y Nott SL","alternateName":"Svenska Magasinet","url":"https:\/\/lightweb.dev\/l\/svm-temp\/","logo":{"@type":"ImageObject","inLanguage":"sv-SE","@id":"https:\/\/lightweb.dev\/l\/svm-temp\/#\/schema\/logo\/image\/","url":"https:\/\/lightweb.dev\/l\/svm-temp\/wp-content\/uploads\/2025\/02\/SvM-logo-Xtra-Centrerad-SVART.png","contentUrl":"https:\/\/lightweb.dev\/l\/svm-temp\/wp-content\/uploads\/2025\/02\/SvM-logo-Xtra-Centrerad-SVART.png","width":300,"height":99,"caption":"Melkerson y Nott SL"},"image":{"@id":"https:\/\/lightweb.dev\/l\/svm-temp\/#\/schema\/logo\/image\/"},"sameAs":["https:\/\/www.facebook.com\/svenskamagasinet","https:\/\/x.com\/SvenskaMagasine"]},{"@type":"Person","@id":"https:\/\/lightweb.dev\/l\/svm-temp\/#\/schema\/person\/caffe038990d25722f5a04a03c906a2b","name":"Robbie Eriksson","sameAs":["https:\/\/lightweb.dev\/l\/svm-temp"],"url":"https:\/\/lightweb.dev\/l\/svm-temp\/reporter\/robbie-eriksson\/"}]}},"_links":{"self":[{"href":"https:\/\/lightweb.dev\/l\/svm-temp\/wp-json\/wp\/v2\/posts\/75413","targetHints":{"allow":["GET"]}}],"collection":[{"href":"https:\/\/lightweb.dev\/l\/svm-temp\/wp-json\/wp\/v2\/posts"}],"about":[{"href":"https:\/\/lightweb.dev\/l\/svm-temp\/wp-json\/wp\/v2\/types\/post"}],"author":[{"embeddable":true,"href":"https:\/\/lightweb.dev\/l\/svm-temp\/wp-json\/wp\/v2\/users\/14"}],"replies":[{"embeddable":true,"href":"https:\/\/lightweb.dev\/l\/svm-temp\/wp-json\/wp\/v2\/comments?post=75413"}],"version-history":[{"count":0,"href":"https:\/\/lightweb.dev\/l\/svm-temp\/wp-json\/wp\/v2\/posts\/75413\/revisions"}],"wp:featuredmedia":[{"embeddable":true,"href":"https:\/\/lightweb.dev\/l\/svm-temp\/wp-json\/wp\/v2\/media\/73723"}],"wp:attachment":[{"href":"https:\/\/lightweb.dev\/l\/svm-temp\/wp-json\/wp\/v2\/media?parent=75413"}],"wp:term":[{"taxonomy":"category","embeddable":true,"href":"https:\/\/lightweb.dev\/l\/svm-temp\/wp-json\/wp\/v2\/categories?post=75413"},{"taxonomy":"post_tag","embeddable":true,"href":"https:\/\/lightweb.dev\/l\/svm-temp\/wp-json\/wp\/v2\/tags?post=75413"}],"curies":[{"name":"wp","href":"https:\/\/api.w.org\/{rel}","templated":true}]}}