{"id":7684,"date":"2019-07-08T00:00:00","date_gmt":"2019-07-07T22:00:00","guid":{"rendered":"https:\/\/lightweb.dev\/l\/svm-temp\/spanien-just-nu-de-sakra-korten\/"},"modified":"2019-07-08T00:00:00","modified_gmt":"2019-07-07T22:00:00","slug":"spanien-just-nu-de-sakra-korten","status":"publish","type":"post","link":"https:\/\/lightweb.dev\/l\/svm-temp\/artiklar\/spanien-just-nu-de-sakra-korten\/","title":{"rendered":"Spanien just nu \u2013 de s\u00e4kra korten"},"content":{"rendered":"<p> Fr\u00e5n nu blir ingenting sig likt i Spanien. F\u00f6r fem \u00e5r sedan abdikerade Don Juan Carlos I som Spaniens kung. Och i juni meddelade exkungen att han drar sig tillbaka fr\u00e5n att ta p\u00e5 sig offentliga uppdrag. Ingen kung har betytt s\u00e5 mycket f\u00f6r sitt land som Juan Carlos. Han kallas f\u00f6r demokratikungen med all r\u00e4tt. Av Ola Josefsson<br \/>\nP\u00e5 Twitter: @JosefssonOla<\/p>\n<p>Trots sin uppv\u00e4xt i n\u00e4rheten av general Franco var det klarspr\u00e5k fr\u00e5n kungens sida efter Francos d\u00f6d 25 november 1975. Under \u00e5ren som kronprins sammantr\u00e4ffade han med Francos opposition, de som tvingats i exil. Han upph\u00e4vde lagen som f\u00f6rbj\u00f6d socialistiska och kommunistiska partier. Statskuppf\u00f6rs\u00f6ket 1981 lyckades han avv\u00e4rja genom att i ett tv-s\u00e4nt tal f\u00e5 b\u00e5de folkets och milit\u00e4rens st\u00f6d.<\/p>\n<p>Det \u00e4r inte konstigt att don Juan Carlos tillsammans med Torcuato Fern\u00e1ndez-Miranda och Adolfo Su\u00e1rez beskrivs som \u201d\u00f6verg\u00e5ngens\u201d f\u00e4der som gjorde Spanien till en demokrati. Fern\u00e1ndez-Miranda dog redan 1980 bara 64 \u00e5r gammal. Su\u00e1rez avled den 23 mars 2014. Kvar \u00e4r don Juan Carlos, 81 \u00e5r.<\/p>\n<p>Fern\u00e1ndez-Miranda var arkitekten bakom \u00f6verg\u00e5ngen d\u00e5 Spanien gick fr\u00e5n diktatur till demokrati i enlighet med g\u00e4llande lagstiftning och utan v\u00e5ld, under f\u00f6rsoning och harmoni. Han l\u00e4t formulera en metod f\u00f6r att f\u00e5 till en politisk stabilitet med att \u00f6verg\u00e5ngen m\u00e5ste s\u00e4kras \u201dfr\u00e5n lagen, till lagen, genom lagen\u201d (de la ley, a la ley, a trav\u00e9s de la ley). Den kom att kallas f\u00f6r Lagen f\u00f6r politiska reformer och r\u00f6stades igenom den 15 december 1976 d\u00e5 ocks\u00e5 sju politiska partier godk\u00e4ndes. <\/p>\n<p>Juan Carlos var den som ledde \u00f6verg\u00e5ngen med varsam hand. Han hade som ung prins sedan 1960 haft Fern\u00e1ndez-Miranda som lojala l\u00e4rare och r\u00e5dgivare. Tillsammans valde de en ok\u00e4nd Adolfo Su\u00e1rez till regeringschef som skulle genomf\u00f6ra n\u00f6dv\u00e4ndiga reformer f\u00f6r att demokrati skulle inf\u00f6ras.<\/p>\n<p>F\u00e5 kungligheter har m\u00f6tts med en s\u00e5dan respekt och v\u00f6rdnad som Juan Carlos vid sina bes\u00f6k runt om i v\u00e4rlden. Han har \u00e4ven kunnat ryta i n\u00e4r det har beh\u00f6vts. Som vid det iberoamerikanskt m\u00f6tet i Santiago de Chile 2007 d\u00e5 han pekade p\u00e5 Venezuelas president Hugo Ch\u00e1vez \u201dVarf\u00f6r h\u00e5ller du inte tyst?\u201d n\u00e4r denne \u00e5tskilliga g\u00e5nger hade avbrutit andra. Ingen annan \u00e4n Juan Carlos hade pondusen att g\u00f6ra en s\u00e5dan sak.<br \/>\nJuan Carlos abdikerade 2 juni 2014 och har sedan dess deltagit i cirka 120 offentliga ceremonier. Tidigare i somras meddelade exkungen att han drar sig tillbaka fr\u00e5n att ta p\u00e5 sig offentliga uppdrag.<\/p>\n<p>Nyligen kom f\u00f6rfattaren Jordi Canal med en ny bok d\u00e4r han speglar monarkin under det 21 \u00e5rhundradet och dess utmaningar. Samh\u00e4llet \u00e4r mer splittrat \u00e4n n\u00e5gonsin och blir allt mer politiserat. Varenda fr\u00e5ga \u00e4r politiskt laddat. Fr\u00e5n v\u00e4nsterh\u00e5ll h\u00f6rs att monarkin \u00e4r f\u00f6r\u00e5ldrad och republiken \u00e4r modern.<\/p>\n<p>Canal menar att den spanska monarkin f\u00f6rsvarar v\u00e4rderingar som m\u00e4nskliga r\u00e4ttigheter, frihet och demokrati mer \u00e4n vad vissa republiker i v\u00e4rlden g\u00f6r. Han fr\u00e5gar sig varf\u00f6r det ibland h\u00e4vdas att monarkin \u00e4r f\u00f6r\u00e5ldrad och republiken \u00e4r modern. Men vilka republiker talar vi om? \u00c4r det Iran eller Venezuela?<\/p>\n<p>Enligt historikern och f\u00f6rfattaren Jordi Canal symboliserar Juan Carlos Spaniens b\u00e4sta \u00e5r fr\u00e5n \u00f6verg\u00e5ngen till 2008. Det enda som det talas om nu \u00e4r Juan Carlos sista \u00e5r som kung som hade en del fl\u00e4ckar. Canal menar att den allm\u00e4nna opinionen i framtiden kommer att minnas kungens b\u00e4sta \u00e5r. Vi befinner oss i en politisk kris och det finns grupper i samh\u00e4llet som \u00e4r intresserade av att sopa bort \u00e5ret 1978 och utvecklingen senare som var de b\u00e4sta \u00e5ren i Spaniens historia, s\u00e4ger den v\u00e4lk\u00e4nde f\u00f6rfattaren.<\/p>\n<p>Canal, som \u00e4r professor vid den franska samh\u00e4llsvetenskapliga fackh\u00f6gskolan \u00c9cole des Hautes \u00c9tudes en Sciences Sociales i Paris, s\u00e4ger att monarkins stora m\u00e5l m\u00e5ste vara \u201datt n\u00e5 de nya generationerna som inte upplevde \u00f6verg\u00e5ngen till demokrati. Det borde skolan ha t\u00e4nkt p\u00e5, mer pedagogik n\u00e4r det g\u00e4ller monarkin och konstitutionen. Nu f\u00e5r vi betala konsekvenser av det som inte blev gjort\u201d. <\/p>\n<p>En av konsekvenserna \u00e4r upproret eller gr\u00e4nsen till en konstitutionell statskupp i fantasilandet Katalonien som \u00e4r sv\u00e5ra att \u00f6verblicka. Separatisterna forts\u00e4tter att g\u00e5 emot en demokratiskt framr\u00f6stad grundlag och eldar p\u00e5 om en sj\u00e4lvst\u00e4ndig republik. Katalonienkonflikten har lett till ett splittrat Spanien d\u00e4r befolkningen dras is\u00e4r i ytterligheter.<\/p>\n<p>Spanienk\u00e4nnaren och den ansedda historikern Stanley G. Payne avvisar helt Kataloniens historiska argument f\u00f6r att bli en sj\u00e4lvst\u00e4ndig republik. Katalonien har tidigare aldrig varit en sj\u00e4lvst\u00e4ndig stat. De hade en autonom frihet men de var en del av Aragonien.<\/p>\n<p>R\u00f6relser som den republikanska v\u00e4nstern uppstod i Katalonien p\u00e5 1920-talet under diktaturen med Primo de Rivera och kv\u00e4vdes under Francoepoken. N\u00e4r det sedan blev politiska f\u00f6r\u00e4ndringar f\u00e4rgades Spanien mycket av de v\u00e4nstervindar som bl\u00e5ste under 60- och 70-talet. Det var en mycket stark f\u00f6rskjutning \u00e5t v\u00e4nster, st\u00f6rre individuell sj\u00e4lvst\u00e4ndighet vilket f\u00f6rklarar utvecklingen av Katalanism, menar Payne.<br \/>\nNu har Spanien tv\u00e5partisystem brutits ned i tv\u00e5 mycket sv\u00e5rdefinierade och separerade ideologiska block. Vissa dr\u00f6mmer tillbaka och h\u00e4vdar i sin envishet att det handlar om socialister och liberaler. Det r\u00f6d- och brunm\u00e5las med personangrepp och f\u00f6rol\u00e4mpningar som utv\u00e4xlas mellan olika \u201dh\u00f6ger\u201d- och \u201dv\u00e4nster\u201d-grupper. Spanien kommer att bli mer sv\u00e5rstyrt i forts\u00e4ttningen, centralt, regionalt och lokalt. I skrivande stund finns det inget som s\u00e4ger att det inte kan bli extraval.<\/p>\n<p>En sak vet vi. Spaniens nuvarande kung Felipe VI och drottning Letizia \u00e4r de enda s\u00e4kra korten just f\u00f6r tillf\u00e4llet. Sk\u00f6nt s\u00e5, i ett allt mer politiserat samh\u00e4lle.<\/p>\n","protected":false},"excerpt":{"rendered":"<p>Fr\u00e5n nu blir ingenting sig likt i Spanien. F\u00f6r fem \u00e5r sedan abdikerade Don Juan Carlos I som Spaniens kung. Och i juni meddelade exkungen att han drar sig tillbaka fr\u00e5n att ta p\u00e5 sig offentliga uppdrag. Ingen kung har betytt s\u00e5 mycket f\u00f6r sitt land som Juan Carlos. Han kallas f\u00f6r demokratikungen med all [&hellip;]<\/p>\n","protected":false},"author":8,"featured_media":7685,"comment_status":"open","ping_status":"open","sticky":false,"template":"","format":"standard","meta":{"_et_pb_use_builder":"","_et_pb_old_content":"","_et_gb_content_width":"","footnotes":""},"categories":[4,36],"tags":[],"class_list":["post-7684","post","type-post","status-publish","format-standard","has-post-thumbnail","hentry","category-artiklar","category-spanien-just-nu"],"yoast_head":"<!-- This site is optimized with the Yoast SEO Premium plugin v26.2 (Yoast SEO v28.2) - https:\/\/yoast.com\/product\/yoast-seo-premium-wordpress\/ -->\n<title>Spanien just nu \u2013 de s\u00e4kra korten - Svenska Magasinet<\/title>\n<meta name=\"robots\" content=\"noindex, follow, max-snippet:-1, max-image-preview:large, max-video-preview:-1\" \/>\n<meta property=\"og:locale\" content=\"sv_SE\" \/>\n<meta property=\"og:type\" content=\"article\" \/>\n<meta property=\"og:title\" content=\"Spanien just nu \u2013 de s\u00e4kra korten\" \/>\n<meta property=\"og:description\" content=\"Fr\u00e5n nu blir ingenting sig likt i Spanien. F\u00f6r fem \u00e5r sedan abdikerade Don Juan Carlos I som Spaniens kung. Och i juni meddelade exkungen att han drar sig tillbaka fr\u00e5n att ta p\u00e5 sig offentliga uppdrag. Ingen kung har betytt s\u00e5 mycket f\u00f6r sitt land som Juan Carlos. Han kallas f\u00f6r demokratikungen med all [&hellip;]\" \/>\n<meta property=\"og:url\" content=\"https:\/\/lightweb.dev\/l\/svm-temp\/artiklar\/spanien-just-nu-de-sakra-korten\/\" \/>\n<meta property=\"og:site_name\" content=\"Svenska Magasinet\" \/>\n<meta property=\"article:publisher\" content=\"https:\/\/www.facebook.com\/svenskamagasinet\" \/>\n<meta property=\"article:published_time\" content=\"2019-07-07T22:00:00+00:00\" \/>\n<meta property=\"og:image\" content=\"https:\/\/lightweb.dev\/l\/svm-temp\/wp-content\/uploads\/2022\/04\/spanien-just-nu-de-skra-korten.png\" \/>\n\t<meta property=\"og:image:width\" content=\"514\" \/>\n\t<meta property=\"og:image:height\" content=\"200\" \/>\n\t<meta property=\"og:image:type\" content=\"image\/png\" \/>\n<meta name=\"author\" content=\"Redaktionen SvM\" \/>\n<meta name=\"twitter:card\" content=\"summary_large_image\" \/>\n<meta name=\"twitter:creator\" content=\"@SvenskaMagasine\" \/>\n<meta name=\"twitter:site\" content=\"@SvenskaMagasine\" \/>\n<script type=\"application\/ld+json\" class=\"yoast-schema-graph\">{\"@context\":\"https:\\\/\\\/schema.org\",\"@graph\":[{\"@type\":\"Article\",\"@id\":\"https:\\\/\\\/lightweb.dev\\\/l\\\/svm-temp\\\/artiklar\\\/spanien-just-nu-de-sakra-korten\\\/#article\",\"isPartOf\":{\"@id\":\"https:\\\/\\\/lightweb.dev\\\/l\\\/svm-temp\\\/artiklar\\\/spanien-just-nu-de-sakra-korten\\\/\"},\"author\":{\"name\":\"Redaktionen SvM\",\"@id\":\"https:\\\/\\\/lightweb.dev\\\/l\\\/svm-temp\\\/#\\\/schema\\\/person\\\/206a3bda5b607b0c25e1749191e4d837\"},\"headline\":\"Spanien just nu \u2013 de s\u00e4kra korten\",\"datePublished\":\"2019-07-07T22:00:00+00:00\",\"mainEntityOfPage\":{\"@id\":\"https:\\\/\\\/lightweb.dev\\\/l\\\/svm-temp\\\/artiklar\\\/spanien-just-nu-de-sakra-korten\\\/\"},\"wordCount\":1035,\"commentCount\":0,\"publisher\":{\"@id\":\"https:\\\/\\\/lightweb.dev\\\/l\\\/svm-temp\\\/#organization\"},\"image\":{\"@id\":\"https:\\\/\\\/lightweb.dev\\\/l\\\/svm-temp\\\/artiklar\\\/spanien-just-nu-de-sakra-korten\\\/#primaryimage\"},\"thumbnailUrl\":\"https:\\\/\\\/lightweb.dev\\\/l\\\/svm-temp\\\/wp-content\\\/uploads\\\/2022\\\/04\\\/spanien-just-nu-de-skra-korten.png\",\"articleSection\":[\"Artiklar\",\"Spanien just nu\"],\"inLanguage\":\"sv-SE\"},{\"@type\":\"WebPage\",\"@id\":\"https:\\\/\\\/lightweb.dev\\\/l\\\/svm-temp\\\/artiklar\\\/spanien-just-nu-de-sakra-korten\\\/\",\"url\":\"https:\\\/\\\/lightweb.dev\\\/l\\\/svm-temp\\\/artiklar\\\/spanien-just-nu-de-sakra-korten\\\/\",\"name\":\"Spanien just nu \u2013 de s\u00e4kra korten - Svenska Magasinet\",\"isPartOf\":{\"@id\":\"https:\\\/\\\/lightweb.dev\\\/l\\\/svm-temp\\\/#website\"},\"primaryImageOfPage\":{\"@id\":\"https:\\\/\\\/lightweb.dev\\\/l\\\/svm-temp\\\/artiklar\\\/spanien-just-nu-de-sakra-korten\\\/#primaryimage\"},\"image\":{\"@id\":\"https:\\\/\\\/lightweb.dev\\\/l\\\/svm-temp\\\/artiklar\\\/spanien-just-nu-de-sakra-korten\\\/#primaryimage\"},\"thumbnailUrl\":\"https:\\\/\\\/lightweb.dev\\\/l\\\/svm-temp\\\/wp-content\\\/uploads\\\/2022\\\/04\\\/spanien-just-nu-de-skra-korten.png\",\"datePublished\":\"2019-07-07T22:00:00+00:00\",\"breadcrumb\":{\"@id\":\"https:\\\/\\\/lightweb.dev\\\/l\\\/svm-temp\\\/artiklar\\\/spanien-just-nu-de-sakra-korten\\\/#breadcrumb\"},\"inLanguage\":\"sv-SE\",\"potentialAction\":[{\"@type\":\"ReadAction\",\"target\":[\"https:\\\/\\\/lightweb.dev\\\/l\\\/svm-temp\\\/artiklar\\\/spanien-just-nu-de-sakra-korten\\\/\"]}]},{\"@type\":\"ImageObject\",\"inLanguage\":\"sv-SE\",\"@id\":\"https:\\\/\\\/lightweb.dev\\\/l\\\/svm-temp\\\/artiklar\\\/spanien-just-nu-de-sakra-korten\\\/#primaryimage\",\"url\":\"https:\\\/\\\/lightweb.dev\\\/l\\\/svm-temp\\\/wp-content\\\/uploads\\\/2022\\\/04\\\/spanien-just-nu-de-skra-korten.png\",\"contentUrl\":\"https:\\\/\\\/lightweb.dev\\\/l\\\/svm-temp\\\/wp-content\\\/uploads\\\/2022\\\/04\\\/spanien-just-nu-de-skra-korten.png\",\"width\":514,\"height\":200},{\"@type\":\"BreadcrumbList\",\"@id\":\"https:\\\/\\\/lightweb.dev\\\/l\\\/svm-temp\\\/artiklar\\\/spanien-just-nu-de-sakra-korten\\\/#breadcrumb\",\"itemListElement\":[{\"@type\":\"ListItem\",\"position\":1,\"name\":\"Hem\",\"item\":\"https:\\\/\\\/lightweb.dev\\\/l\\\/svm-temp\\\/\"},{\"@type\":\"ListItem\",\"position\":2,\"name\":\"Spanien just nu \u2013 de s\u00e4kra korten\"}]},{\"@type\":\"WebSite\",\"@id\":\"https:\\\/\\\/lightweb.dev\\\/l\\\/svm-temp\\\/#website\",\"url\":\"https:\\\/\\\/lightweb.dev\\\/l\\\/svm-temp\\\/\",\"name\":\"Svenska Magasinet\",\"description\":\"Dina Spanska nyheter p&aring; Svenska\",\"publisher\":{\"@id\":\"https:\\\/\\\/lightweb.dev\\\/l\\\/svm-temp\\\/#organization\"},\"potentialAction\":[{\"@type\":\"SearchAction\",\"target\":{\"@type\":\"EntryPoint\",\"urlTemplate\":\"https:\\\/\\\/lightweb.dev\\\/l\\\/svm-temp\\\/?s={search_term_string}\"},\"query-input\":{\"@type\":\"PropertyValueSpecification\",\"valueRequired\":true,\"valueName\":\"search_term_string\"}}],\"inLanguage\":\"sv-SE\"},{\"@type\":\"Organization\",\"@id\":\"https:\\\/\\\/lightweb.dev\\\/l\\\/svm-temp\\\/#organization\",\"name\":\"Melkerson y Nott SL\",\"alternateName\":\"Svenska Magasinet\",\"url\":\"https:\\\/\\\/lightweb.dev\\\/l\\\/svm-temp\\\/\",\"logo\":{\"@type\":\"ImageObject\",\"inLanguage\":\"sv-SE\",\"@id\":\"https:\\\/\\\/lightweb.dev\\\/l\\\/svm-temp\\\/#\\\/schema\\\/logo\\\/image\\\/\",\"url\":\"https:\\\/\\\/lightweb.dev\\\/l\\\/svm-temp\\\/wp-content\\\/uploads\\\/2025\\\/02\\\/SvM-logo-Xtra-Centrerad-SVART.png\",\"contentUrl\":\"https:\\\/\\\/lightweb.dev\\\/l\\\/svm-temp\\\/wp-content\\\/uploads\\\/2025\\\/02\\\/SvM-logo-Xtra-Centrerad-SVART.png\",\"width\":300,\"height\":99,\"caption\":\"Melkerson y Nott SL\"},\"image\":{\"@id\":\"https:\\\/\\\/lightweb.dev\\\/l\\\/svm-temp\\\/#\\\/schema\\\/logo\\\/image\\\/\"},\"sameAs\":[\"https:\\\/\\\/www.facebook.com\\\/svenskamagasinet\",\"https:\\\/\\\/x.com\\\/SvenskaMagasine\"]},{\"@type\":\"Person\",\"@id\":\"https:\\\/\\\/lightweb.dev\\\/l\\\/svm-temp\\\/#\\\/schema\\\/person\\\/206a3bda5b607b0c25e1749191e4d837\",\"name\":\"Redaktionen SvM\",\"description\":\"Redaktionen\",\"sameAs\":[\"https:\\\/\\\/lightweb.dev\\\/l\\\/svm-temp\"],\"url\":\"https:\\\/\\\/lightweb.dev\\\/l\\\/svm-temp\\\/reporter\\\/redaktionen\\\/\"}]}<\/script>\n<!-- \/ Yoast SEO Premium plugin. -->","yoast_head_json":{"title":"Spanien just nu \u2013 de s\u00e4kra korten - Svenska Magasinet","robots":{"index":"noindex","follow":"follow","max-snippet":"max-snippet:-1","max-image-preview":"max-image-preview:large","max-video-preview":"max-video-preview:-1"},"og_locale":"sv_SE","og_type":"article","og_title":"Spanien just nu \u2013 de s\u00e4kra korten","og_description":"Fr\u00e5n nu blir ingenting sig likt i Spanien. F\u00f6r fem \u00e5r sedan abdikerade Don Juan Carlos I som Spaniens kung. Och i juni meddelade exkungen att han drar sig tillbaka fr\u00e5n att ta p\u00e5 sig offentliga uppdrag. Ingen kung har betytt s\u00e5 mycket f\u00f6r sitt land som Juan Carlos. Han kallas f\u00f6r demokratikungen med all [&hellip;]","og_url":"https:\/\/lightweb.dev\/l\/svm-temp\/artiklar\/spanien-just-nu-de-sakra-korten\/","og_site_name":"Svenska Magasinet","article_publisher":"https:\/\/www.facebook.com\/svenskamagasinet","article_published_time":"2019-07-07T22:00:00+00:00","og_image":[{"width":514,"height":200,"url":"https:\/\/lightweb.dev\/l\/svm-temp\/wp-content\/uploads\/2022\/04\/spanien-just-nu-de-skra-korten.png","type":"image\/png"}],"author":"Redaktionen SvM","twitter_card":"summary_large_image","twitter_creator":"@SvenskaMagasine","twitter_site":"@SvenskaMagasine","schema":{"@context":"https:\/\/schema.org","@graph":[{"@type":"Article","@id":"https:\/\/lightweb.dev\/l\/svm-temp\/artiklar\/spanien-just-nu-de-sakra-korten\/#article","isPartOf":{"@id":"https:\/\/lightweb.dev\/l\/svm-temp\/artiklar\/spanien-just-nu-de-sakra-korten\/"},"author":{"name":"Redaktionen SvM","@id":"https:\/\/lightweb.dev\/l\/svm-temp\/#\/schema\/person\/206a3bda5b607b0c25e1749191e4d837"},"headline":"Spanien just nu \u2013 de s\u00e4kra korten","datePublished":"2019-07-07T22:00:00+00:00","mainEntityOfPage":{"@id":"https:\/\/lightweb.dev\/l\/svm-temp\/artiklar\/spanien-just-nu-de-sakra-korten\/"},"wordCount":1035,"commentCount":0,"publisher":{"@id":"https:\/\/lightweb.dev\/l\/svm-temp\/#organization"},"image":{"@id":"https:\/\/lightweb.dev\/l\/svm-temp\/artiklar\/spanien-just-nu-de-sakra-korten\/#primaryimage"},"thumbnailUrl":"https:\/\/lightweb.dev\/l\/svm-temp\/wp-content\/uploads\/2022\/04\/spanien-just-nu-de-skra-korten.png","articleSection":["Artiklar","Spanien just nu"],"inLanguage":"sv-SE"},{"@type":"WebPage","@id":"https:\/\/lightweb.dev\/l\/svm-temp\/artiklar\/spanien-just-nu-de-sakra-korten\/","url":"https:\/\/lightweb.dev\/l\/svm-temp\/artiklar\/spanien-just-nu-de-sakra-korten\/","name":"Spanien just nu \u2013 de s\u00e4kra korten - Svenska Magasinet","isPartOf":{"@id":"https:\/\/lightweb.dev\/l\/svm-temp\/#website"},"primaryImageOfPage":{"@id":"https:\/\/lightweb.dev\/l\/svm-temp\/artiklar\/spanien-just-nu-de-sakra-korten\/#primaryimage"},"image":{"@id":"https:\/\/lightweb.dev\/l\/svm-temp\/artiklar\/spanien-just-nu-de-sakra-korten\/#primaryimage"},"thumbnailUrl":"https:\/\/lightweb.dev\/l\/svm-temp\/wp-content\/uploads\/2022\/04\/spanien-just-nu-de-skra-korten.png","datePublished":"2019-07-07T22:00:00+00:00","breadcrumb":{"@id":"https:\/\/lightweb.dev\/l\/svm-temp\/artiklar\/spanien-just-nu-de-sakra-korten\/#breadcrumb"},"inLanguage":"sv-SE","potentialAction":[{"@type":"ReadAction","target":["https:\/\/lightweb.dev\/l\/svm-temp\/artiklar\/spanien-just-nu-de-sakra-korten\/"]}]},{"@type":"ImageObject","inLanguage":"sv-SE","@id":"https:\/\/lightweb.dev\/l\/svm-temp\/artiklar\/spanien-just-nu-de-sakra-korten\/#primaryimage","url":"https:\/\/lightweb.dev\/l\/svm-temp\/wp-content\/uploads\/2022\/04\/spanien-just-nu-de-skra-korten.png","contentUrl":"https:\/\/lightweb.dev\/l\/svm-temp\/wp-content\/uploads\/2022\/04\/spanien-just-nu-de-skra-korten.png","width":514,"height":200},{"@type":"BreadcrumbList","@id":"https:\/\/lightweb.dev\/l\/svm-temp\/artiklar\/spanien-just-nu-de-sakra-korten\/#breadcrumb","itemListElement":[{"@type":"ListItem","position":1,"name":"Hem","item":"https:\/\/lightweb.dev\/l\/svm-temp\/"},{"@type":"ListItem","position":2,"name":"Spanien just nu \u2013 de s\u00e4kra korten"}]},{"@type":"WebSite","@id":"https:\/\/lightweb.dev\/l\/svm-temp\/#website","url":"https:\/\/lightweb.dev\/l\/svm-temp\/","name":"Svenska Magasinet","description":"Dina Spanska nyheter p&aring; Svenska","publisher":{"@id":"https:\/\/lightweb.dev\/l\/svm-temp\/#organization"},"potentialAction":[{"@type":"SearchAction","target":{"@type":"EntryPoint","urlTemplate":"https:\/\/lightweb.dev\/l\/svm-temp\/?s={search_term_string}"},"query-input":{"@type":"PropertyValueSpecification","valueRequired":true,"valueName":"search_term_string"}}],"inLanguage":"sv-SE"},{"@type":"Organization","@id":"https:\/\/lightweb.dev\/l\/svm-temp\/#organization","name":"Melkerson y Nott SL","alternateName":"Svenska Magasinet","url":"https:\/\/lightweb.dev\/l\/svm-temp\/","logo":{"@type":"ImageObject","inLanguage":"sv-SE","@id":"https:\/\/lightweb.dev\/l\/svm-temp\/#\/schema\/logo\/image\/","url":"https:\/\/lightweb.dev\/l\/svm-temp\/wp-content\/uploads\/2025\/02\/SvM-logo-Xtra-Centrerad-SVART.png","contentUrl":"https:\/\/lightweb.dev\/l\/svm-temp\/wp-content\/uploads\/2025\/02\/SvM-logo-Xtra-Centrerad-SVART.png","width":300,"height":99,"caption":"Melkerson y Nott SL"},"image":{"@id":"https:\/\/lightweb.dev\/l\/svm-temp\/#\/schema\/logo\/image\/"},"sameAs":["https:\/\/www.facebook.com\/svenskamagasinet","https:\/\/x.com\/SvenskaMagasine"]},{"@type":"Person","@id":"https:\/\/lightweb.dev\/l\/svm-temp\/#\/schema\/person\/206a3bda5b607b0c25e1749191e4d837","name":"Redaktionen SvM","description":"Redaktionen","sameAs":["https:\/\/lightweb.dev\/l\/svm-temp"],"url":"https:\/\/lightweb.dev\/l\/svm-temp\/reporter\/redaktionen\/"}]}},"_links":{"self":[{"href":"https:\/\/lightweb.dev\/l\/svm-temp\/wp-json\/wp\/v2\/posts\/7684","targetHints":{"allow":["GET"]}}],"collection":[{"href":"https:\/\/lightweb.dev\/l\/svm-temp\/wp-json\/wp\/v2\/posts"}],"about":[{"href":"https:\/\/lightweb.dev\/l\/svm-temp\/wp-json\/wp\/v2\/types\/post"}],"author":[{"embeddable":true,"href":"https:\/\/lightweb.dev\/l\/svm-temp\/wp-json\/wp\/v2\/users\/8"}],"replies":[{"embeddable":true,"href":"https:\/\/lightweb.dev\/l\/svm-temp\/wp-json\/wp\/v2\/comments?post=7684"}],"version-history":[{"count":0,"href":"https:\/\/lightweb.dev\/l\/svm-temp\/wp-json\/wp\/v2\/posts\/7684\/revisions"}],"wp:featuredmedia":[{"embeddable":true,"href":"https:\/\/lightweb.dev\/l\/svm-temp\/wp-json\/wp\/v2\/media\/7685"}],"wp:attachment":[{"href":"https:\/\/lightweb.dev\/l\/svm-temp\/wp-json\/wp\/v2\/media?parent=7684"}],"wp:term":[{"taxonomy":"category","embeddable":true,"href":"https:\/\/lightweb.dev\/l\/svm-temp\/wp-json\/wp\/v2\/categories?post=7684"},{"taxonomy":"post_tag","embeddable":true,"href":"https:\/\/lightweb.dev\/l\/svm-temp\/wp-json\/wp\/v2\/tags?post=7684"}],"curies":[{"name":"wp","href":"https:\/\/api.w.org\/{rel}","templated":true}]}}