{"id":77408,"date":"2025-01-23T18:30:58","date_gmt":"2025-01-23T17:30:58","guid":{"rendered":"https:\/\/lightweb.dev\/l\/svm-temp\/?p=77408"},"modified":"2025-01-23T21:19:33","modified_gmt":"2025-01-23T20:19:33","slug":"halla-dar-david-hulth-wallgren","status":"publish","type":"post","link":"https:\/\/lightweb.dev\/l\/svm-temp\/nyheter\/halla-dar-david-hulth-wallgren\/","title":{"rendered":"Hall\u00e5 d\u00e4r! &#8211; David Hulth Wallgren"},"content":{"rendered":"<p><strong>David Hulth Wallgren har rest och vistats i Spanien sedan 90-talet och bor numera en del av \u00e5ret p\u00e5 spanska \u00f6stkusten.<\/strong><\/p>\n<p><strong>David har nyligen gett ut boken \u201dSpanien under ytan fr\u00e5n A till Z\u201d.<\/strong><\/p>\n<p><img loading=\"lazy\" decoding=\"async\" class=\"alignnone wp-image-77407 size-full\" src=\"https:\/\/lightweb.dev\/l\/svm-temp\/wp-content\/uploads\/2025\/01\/svm20250109114350.webp\" alt=\"\" width=\"900\" height=\"400\" srcset=\"https:\/\/lightweb.dev\/l\/svm-temp\/wp-content\/uploads\/2025\/01\/svm20250109114350.webp 900w, https:\/\/lightweb.dev\/l\/svm-temp\/wp-content\/uploads\/2025\/01\/svm20250109114350-300x133.webp 300w, https:\/\/lightweb.dev\/l\/svm-temp\/wp-content\/uploads\/2025\/01\/svm20250109114350-768x341.webp 768w, https:\/\/lightweb.dev\/l\/svm-temp\/wp-content\/uploads\/2025\/01\/svm20250109114350-610x271.webp 610w, https:\/\/lightweb.dev\/l\/svm-temp\/wp-content\/uploads\/2025\/01\/svm20250109114350-600x267.webp 600w\" sizes=\"(max-width: 900px) 100vw, 900px\" \/><\/p>\n<h2><strong>Vem \u00e4r du och vilken koppling har du till Spanien?<\/strong><\/h2>\n<p>&#8211; N\u00e4r jag var 22 \u00e5r \u00e5kte jag till Salamanca och l\u00e4ste spanska p\u00e5 universitet. Jag fastnade direkt. Sedan k\u00f6pte min fru och jag en l\u00e4genhet i Alicante och nu har min dotter nyligen flyttat till Madrid. Spanien har verkligen blivit mitt andra hemland. Jag har tidigare jobbat som reporter, bland annat inom Sveriges Radio, och nu gett ut tre b\u00f6cker. Jag v\u00e4xte upp i V\u00e4xj\u00f6 och bor annars i Stockholm och jobbar som PR-konsult.<\/p>\n<h2><strong>Spanien under ytan fr\u00e5n A till Z, en sp\u00e4nnande titel. Ber\u00e4tta lite om inneh\u00e5llet?<\/strong><\/h2>\n<p>&#8211; Det \u00e4r 45 korta kapitel om stort och sm\u00e5tt i Spanien \u2013 fr\u00e5n A till Z. Det b\u00f6rjar med Azafr\u00e1n (saffran) och slutar med Zagaleta (det superexklusiva bostadsomr\u00e5det utanf\u00f6r Marbella som jag lyckades f\u00e5 komma in i tack vare m\u00e4klaren Jimmy Wid\u00e9n). D\u00e4remellan \u00e4r det alltifr\u00e5n paella och fotboll till tjurrusningar och cannabisklubbar. Min 18-\u00e5rige son som s\u00e4llan l\u00e4ser b\u00f6cker sa att det var l\u00e4tt att fastna i de korta kapitlen. Det blev jag v\u00e4ldigt glad \u00f6ver. M\u00e5let har varit att skriva en bok man inte vill l\u00e4gga ifr\u00e5n sig \u2013 bl\u00e4dderv\u00e4nlig och underh\u00e5llande. Man kan l\u00e4sa bakifr\u00e5n eller hoppa som man vill. En bra strandbok skulle jag s\u00e4ga.<\/p>\n<h2><strong>Varf\u00f6r blev det en bok om Spanien? <\/strong><\/h2>\n<p>&#8211; Det finns s\u00e5 mycket att ber\u00e4tta! Saker man l\u00e4tt missar om man inte talar spanska. Ta det s\u00e5 kallade cavakriget. Otroligt sp\u00e4nnande. Det \u00e4r som Falcon Crest i verkliga livet med maktstrider p\u00e5 riktigt. Eller alla swingerklubbar. Vem kunde tro att det finns minst 80 stycken i katolska Spanien?<\/p>\n<h2><strong>Du \u00e4r deltidsbosatt p\u00e5 Costa Blanca, hur skulle du vilja beskriva den kusten?<\/strong><\/h2>\n<p>&#8211; Ja, vi har l\u00e4genhet i Alicante, som jag alltid tyckt p\u00e5minner lite grann om M\u00e1laga. B\u00e5da \u00e4r gamla och charmiga st\u00e4der med mycket stadsliv och badstr\u00e4nder n\u00e4stan mitt i centrum. Costa Blanca skulle jag annars s\u00e4ga \u00e4r lite mer tillbakalutat, lite lugnare \u00e4n Costa del Sol.<\/p>\n","protected":false},"excerpt":{"rendered":"<p>David Hulth Wallgren har rest och vistats i Spanien sedan 90-talet och bor numera en del av \u00e5ret p\u00e5 spanska \u00f6stkusten. David har nyligen gett ut boken \u201dSpanien under ytan fr\u00e5n A till Z\u201d&#8230;<\/p>\n","protected":false},"author":7,"featured_media":77406,"comment_status":"closed","ping_status":"closed","sticky":false,"template":"","format":"standard","meta":{"_et_pb_use_builder":"","_et_pb_old_content":"","_et_gb_content_width":"","footnotes":""},"categories":[395,3],"tags":[],"class_list":["post-77408","post","type-post","status-publish","format-standard","has-post-thumbnail","hentry","category-arkiv-nyheter","category-nyheter"],"yoast_head":"<!-- This site is optimized with the Yoast SEO Premium plugin v26.2 (Yoast SEO v28.2) - https:\/\/yoast.com\/product\/yoast-seo-premium-wordpress\/ -->\n<title>Hall\u00e5 d\u00e4r! - David Hulth Wallgren - Svenska Magasinet<\/title>\n<meta name=\"description\" content=\"David Hulth Wallgren har rest och vistats i Spanien sedan 90-talet och bor numera en del av \u00e5ret p\u00e5 spanska \u00f6stkusten. David har nyligen gett ut boken \u201dSpanien under ytan fr\u00e5n A till Z\u201d.\" \/>\n<meta name=\"robots\" content=\"noindex, follow, max-snippet:-1, max-image-preview:large, max-video-preview:-1\" \/>\n<meta property=\"og:locale\" content=\"sv_SE\" \/>\n<meta property=\"og:type\" content=\"article\" \/>\n<meta property=\"og:title\" content=\"Hall\u00e5 d\u00e4r! - David Hulth Wallgren\" \/>\n<meta property=\"og:description\" content=\"David Hulth Wallgren har rest och vistats i Spanien sedan 90-talet och bor numera en del av \u00e5ret p\u00e5 spanska \u00f6stkusten. David har nyligen gett ut boken \u201dSpanien under ytan fr\u00e5n A till Z\u201d.\" \/>\n<meta property=\"og:url\" content=\"https:\/\/lightweb.dev\/l\/svm-temp\/nyheter\/kultur-nyheter\/halla-dar-david-hulth-wallgren\/\" \/>\n<meta property=\"og:site_name\" content=\"Svenska Magasinet\" \/>\n<meta property=\"article:publisher\" content=\"https:\/\/www.facebook.com\/svenskamagasinet\" \/>\n<meta property=\"article:published_time\" content=\"2025-01-23T17:30:58+00:00\" \/>\n<meta property=\"article:modified_time\" content=\"2025-01-23T20:19:33+00:00\" \/>\n<meta property=\"og:image\" content=\"https:\/\/lightweb.dev\/l\/svm-temp\/wp-content\/uploads\/2025\/01\/svm20250109114325.webp\" \/>\n\t<meta property=\"og:image:width\" content=\"900\" \/>\n\t<meta property=\"og:image:height\" content=\"400\" \/>\n\t<meta property=\"og:image:type\" content=\"image\/webp\" \/>\n<meta name=\"author\" content=\"Ola Josefsson\" \/>\n<meta name=\"twitter:card\" content=\"summary_large_image\" \/>\n<meta name=\"twitter:creator\" content=\"@SvenskaMagasine\" \/>\n<meta name=\"twitter:site\" content=\"@SvenskaMagasine\" \/>\n<script type=\"application\/ld+json\" class=\"yoast-schema-graph\">{\"@context\":\"https:\\\/\\\/schema.org\",\"@graph\":[{\"@type\":\"Article\",\"@id\":\"https:\\\/\\\/lightweb.dev\\\/l\\\/svm-temp\\\/nyheter\\\/kultur-nyheter\\\/halla-dar-david-hulth-wallgren\\\/#article\",\"isPartOf\":{\"@id\":\"https:\\\/\\\/lightweb.dev\\\/l\\\/svm-temp\\\/nyheter\\\/kultur-nyheter\\\/halla-dar-david-hulth-wallgren\\\/\"},\"author\":{\"name\":\"Ola Josefsson\",\"@id\":\"https:\\\/\\\/lightweb.dev\\\/l\\\/svm-temp\\\/#\\\/schema\\\/person\\\/7a82b8a73d171d32360a564b6d03508e\"},\"headline\":\"Hall\u00e5 d\u00e4r! &#8211; David Hulth Wallgren\",\"datePublished\":\"2025-01-23T17:30:58+00:00\",\"dateModified\":\"2025-01-23T20:19:33+00:00\",\"mainEntityOfPage\":{\"@id\":\"https:\\\/\\\/lightweb.dev\\\/l\\\/svm-temp\\\/nyheter\\\/kultur-nyheter\\\/halla-dar-david-hulth-wallgren\\\/\"},\"wordCount\":411,\"publisher\":{\"@id\":\"https:\\\/\\\/lightweb.dev\\\/l\\\/svm-temp\\\/#organization\"},\"image\":{\"@id\":\"https:\\\/\\\/lightweb.dev\\\/l\\\/svm-temp\\\/nyheter\\\/kultur-nyheter\\\/halla-dar-david-hulth-wallgren\\\/#primaryimage\"},\"thumbnailUrl\":\"https:\\\/\\\/lightweb.dev\\\/l\\\/svm-temp\\\/wp-content\\\/uploads\\\/2025\\\/01\\\/svm20250109114325.webp\",\"articleSection\":[\"Arkiv\",\"Nyheter\"],\"inLanguage\":\"sv-SE\"},{\"@type\":\"WebPage\",\"@id\":\"https:\\\/\\\/lightweb.dev\\\/l\\\/svm-temp\\\/nyheter\\\/kultur-nyheter\\\/halla-dar-david-hulth-wallgren\\\/\",\"url\":\"https:\\\/\\\/lightweb.dev\\\/l\\\/svm-temp\\\/nyheter\\\/kultur-nyheter\\\/halla-dar-david-hulth-wallgren\\\/\",\"name\":\"Hall\u00e5 d\u00e4r! - David Hulth Wallgren - Svenska Magasinet\",\"isPartOf\":{\"@id\":\"https:\\\/\\\/lightweb.dev\\\/l\\\/svm-temp\\\/#website\"},\"primaryImageOfPage\":{\"@id\":\"https:\\\/\\\/lightweb.dev\\\/l\\\/svm-temp\\\/nyheter\\\/kultur-nyheter\\\/halla-dar-david-hulth-wallgren\\\/#primaryimage\"},\"image\":{\"@id\":\"https:\\\/\\\/lightweb.dev\\\/l\\\/svm-temp\\\/nyheter\\\/kultur-nyheter\\\/halla-dar-david-hulth-wallgren\\\/#primaryimage\"},\"thumbnailUrl\":\"https:\\\/\\\/lightweb.dev\\\/l\\\/svm-temp\\\/wp-content\\\/uploads\\\/2025\\\/01\\\/svm20250109114325.webp\",\"datePublished\":\"2025-01-23T17:30:58+00:00\",\"dateModified\":\"2025-01-23T20:19:33+00:00\",\"description\":\"David Hulth Wallgren har rest och vistats i Spanien sedan 90-talet och bor numera en del av \u00e5ret p\u00e5 spanska \u00f6stkusten. David har nyligen gett ut boken \u201dSpanien under ytan fr\u00e5n A till Z\u201d.\",\"breadcrumb\":{\"@id\":\"https:\\\/\\\/lightweb.dev\\\/l\\\/svm-temp\\\/nyheter\\\/kultur-nyheter\\\/halla-dar-david-hulth-wallgren\\\/#breadcrumb\"},\"inLanguage\":\"sv-SE\",\"potentialAction\":[{\"@type\":\"ReadAction\",\"target\":[\"https:\\\/\\\/lightweb.dev\\\/l\\\/svm-temp\\\/nyheter\\\/kultur-nyheter\\\/halla-dar-david-hulth-wallgren\\\/\"]}]},{\"@type\":\"ImageObject\",\"inLanguage\":\"sv-SE\",\"@id\":\"https:\\\/\\\/lightweb.dev\\\/l\\\/svm-temp\\\/nyheter\\\/kultur-nyheter\\\/halla-dar-david-hulth-wallgren\\\/#primaryimage\",\"url\":\"https:\\\/\\\/lightweb.dev\\\/l\\\/svm-temp\\\/wp-content\\\/uploads\\\/2025\\\/01\\\/svm20250109114325.webp\",\"contentUrl\":\"https:\\\/\\\/lightweb.dev\\\/l\\\/svm-temp\\\/wp-content\\\/uploads\\\/2025\\\/01\\\/svm20250109114325.webp\",\"width\":900,\"height\":400,\"caption\":\"(Foto: Peter Frantzell)\"},{\"@type\":\"BreadcrumbList\",\"@id\":\"https:\\\/\\\/lightweb.dev\\\/l\\\/svm-temp\\\/nyheter\\\/kultur-nyheter\\\/halla-dar-david-hulth-wallgren\\\/#breadcrumb\",\"itemListElement\":[{\"@type\":\"ListItem\",\"position\":1,\"name\":\"Hem\",\"item\":\"https:\\\/\\\/lightweb.dev\\\/l\\\/svm-temp\\\/\"},{\"@type\":\"ListItem\",\"position\":2,\"name\":\"Hall\u00e5 d\u00e4r! &#8211; David Hulth Wallgren\"}]},{\"@type\":\"WebSite\",\"@id\":\"https:\\\/\\\/lightweb.dev\\\/l\\\/svm-temp\\\/#website\",\"url\":\"https:\\\/\\\/lightweb.dev\\\/l\\\/svm-temp\\\/\",\"name\":\"Svenska Magasinet\",\"description\":\"Dina Spanska nyheter p&aring; Svenska\",\"publisher\":{\"@id\":\"https:\\\/\\\/lightweb.dev\\\/l\\\/svm-temp\\\/#organization\"},\"potentialAction\":[{\"@type\":\"SearchAction\",\"target\":{\"@type\":\"EntryPoint\",\"urlTemplate\":\"https:\\\/\\\/lightweb.dev\\\/l\\\/svm-temp\\\/?s={search_term_string}\"},\"query-input\":{\"@type\":\"PropertyValueSpecification\",\"valueRequired\":true,\"valueName\":\"search_term_string\"}}],\"inLanguage\":\"sv-SE\"},{\"@type\":\"Organization\",\"@id\":\"https:\\\/\\\/lightweb.dev\\\/l\\\/svm-temp\\\/#organization\",\"name\":\"Melkerson y Nott SL\",\"alternateName\":\"Svenska Magasinet\",\"url\":\"https:\\\/\\\/lightweb.dev\\\/l\\\/svm-temp\\\/\",\"logo\":{\"@type\":\"ImageObject\",\"inLanguage\":\"sv-SE\",\"@id\":\"https:\\\/\\\/lightweb.dev\\\/l\\\/svm-temp\\\/#\\\/schema\\\/logo\\\/image\\\/\",\"url\":\"https:\\\/\\\/lightweb.dev\\\/l\\\/svm-temp\\\/wp-content\\\/uploads\\\/2025\\\/02\\\/SvM-logo-Xtra-Centrerad-SVART.png\",\"contentUrl\":\"https:\\\/\\\/lightweb.dev\\\/l\\\/svm-temp\\\/wp-content\\\/uploads\\\/2025\\\/02\\\/SvM-logo-Xtra-Centrerad-SVART.png\",\"width\":300,\"height\":99,\"caption\":\"Melkerson y Nott SL\"},\"image\":{\"@id\":\"https:\\\/\\\/lightweb.dev\\\/l\\\/svm-temp\\\/#\\\/schema\\\/logo\\\/image\\\/\"},\"sameAs\":[\"https:\\\/\\\/www.facebook.com\\\/svenskamagasinet\",\"https:\\\/\\\/x.com\\\/SvenskaMagasine\"]},{\"@type\":\"Person\",\"@id\":\"https:\\\/\\\/lightweb.dev\\\/l\\\/svm-temp\\\/#\\\/schema\\\/person\\\/7a82b8a73d171d32360a564b6d03508e\",\"name\":\"Ola Josefsson\",\"description\":\"Bevakar Solkusten och Spanien sedan 1994.\",\"sameAs\":[\"https:\\\/\\\/lightweb.dev\\\/l\\\/svm-temp\"],\"url\":\"https:\\\/\\\/lightweb.dev\\\/l\\\/svm-temp\\\/reporter\\\/ola-josefsson\\\/\"}]}<\/script>\n<!-- \/ Yoast SEO Premium plugin. -->","yoast_head_json":{"title":"Hall\u00e5 d\u00e4r! - David Hulth Wallgren - Svenska Magasinet","description":"David Hulth Wallgren har rest och vistats i Spanien sedan 90-talet och bor numera en del av \u00e5ret p\u00e5 spanska \u00f6stkusten. David har nyligen gett ut boken \u201dSpanien under ytan fr\u00e5n A till Z\u201d.","robots":{"index":"noindex","follow":"follow","max-snippet":"max-snippet:-1","max-image-preview":"max-image-preview:large","max-video-preview":"max-video-preview:-1"},"og_locale":"sv_SE","og_type":"article","og_title":"Hall\u00e5 d\u00e4r! - David Hulth Wallgren","og_description":"David Hulth Wallgren har rest och vistats i Spanien sedan 90-talet och bor numera en del av \u00e5ret p\u00e5 spanska \u00f6stkusten. David har nyligen gett ut boken \u201dSpanien under ytan fr\u00e5n A till Z\u201d.","og_url":"https:\/\/lightweb.dev\/l\/svm-temp\/nyheter\/kultur-nyheter\/halla-dar-david-hulth-wallgren\/","og_site_name":"Svenska Magasinet","article_publisher":"https:\/\/www.facebook.com\/svenskamagasinet","article_published_time":"2025-01-23T17:30:58+00:00","article_modified_time":"2025-01-23T20:19:33+00:00","og_image":[{"width":900,"height":400,"url":"https:\/\/lightweb.dev\/l\/svm-temp\/wp-content\/uploads\/2025\/01\/svm20250109114325.webp","type":"image\/webp"}],"author":"Ola Josefsson","twitter_card":"summary_large_image","twitter_creator":"@SvenskaMagasine","twitter_site":"@SvenskaMagasine","schema":{"@context":"https:\/\/schema.org","@graph":[{"@type":"Article","@id":"https:\/\/lightweb.dev\/l\/svm-temp\/nyheter\/kultur-nyheter\/halla-dar-david-hulth-wallgren\/#article","isPartOf":{"@id":"https:\/\/lightweb.dev\/l\/svm-temp\/nyheter\/kultur-nyheter\/halla-dar-david-hulth-wallgren\/"},"author":{"name":"Ola Josefsson","@id":"https:\/\/lightweb.dev\/l\/svm-temp\/#\/schema\/person\/7a82b8a73d171d32360a564b6d03508e"},"headline":"Hall\u00e5 d\u00e4r! &#8211; David Hulth Wallgren","datePublished":"2025-01-23T17:30:58+00:00","dateModified":"2025-01-23T20:19:33+00:00","mainEntityOfPage":{"@id":"https:\/\/lightweb.dev\/l\/svm-temp\/nyheter\/kultur-nyheter\/halla-dar-david-hulth-wallgren\/"},"wordCount":411,"publisher":{"@id":"https:\/\/lightweb.dev\/l\/svm-temp\/#organization"},"image":{"@id":"https:\/\/lightweb.dev\/l\/svm-temp\/nyheter\/kultur-nyheter\/halla-dar-david-hulth-wallgren\/#primaryimage"},"thumbnailUrl":"https:\/\/lightweb.dev\/l\/svm-temp\/wp-content\/uploads\/2025\/01\/svm20250109114325.webp","articleSection":["Arkiv","Nyheter"],"inLanguage":"sv-SE"},{"@type":"WebPage","@id":"https:\/\/lightweb.dev\/l\/svm-temp\/nyheter\/kultur-nyheter\/halla-dar-david-hulth-wallgren\/","url":"https:\/\/lightweb.dev\/l\/svm-temp\/nyheter\/kultur-nyheter\/halla-dar-david-hulth-wallgren\/","name":"Hall\u00e5 d\u00e4r! - David Hulth Wallgren - Svenska Magasinet","isPartOf":{"@id":"https:\/\/lightweb.dev\/l\/svm-temp\/#website"},"primaryImageOfPage":{"@id":"https:\/\/lightweb.dev\/l\/svm-temp\/nyheter\/kultur-nyheter\/halla-dar-david-hulth-wallgren\/#primaryimage"},"image":{"@id":"https:\/\/lightweb.dev\/l\/svm-temp\/nyheter\/kultur-nyheter\/halla-dar-david-hulth-wallgren\/#primaryimage"},"thumbnailUrl":"https:\/\/lightweb.dev\/l\/svm-temp\/wp-content\/uploads\/2025\/01\/svm20250109114325.webp","datePublished":"2025-01-23T17:30:58+00:00","dateModified":"2025-01-23T20:19:33+00:00","description":"David Hulth Wallgren har rest och vistats i Spanien sedan 90-talet och bor numera en del av \u00e5ret p\u00e5 spanska \u00f6stkusten. David har nyligen gett ut boken \u201dSpanien under ytan fr\u00e5n A till Z\u201d.","breadcrumb":{"@id":"https:\/\/lightweb.dev\/l\/svm-temp\/nyheter\/kultur-nyheter\/halla-dar-david-hulth-wallgren\/#breadcrumb"},"inLanguage":"sv-SE","potentialAction":[{"@type":"ReadAction","target":["https:\/\/lightweb.dev\/l\/svm-temp\/nyheter\/kultur-nyheter\/halla-dar-david-hulth-wallgren\/"]}]},{"@type":"ImageObject","inLanguage":"sv-SE","@id":"https:\/\/lightweb.dev\/l\/svm-temp\/nyheter\/kultur-nyheter\/halla-dar-david-hulth-wallgren\/#primaryimage","url":"https:\/\/lightweb.dev\/l\/svm-temp\/wp-content\/uploads\/2025\/01\/svm20250109114325.webp","contentUrl":"https:\/\/lightweb.dev\/l\/svm-temp\/wp-content\/uploads\/2025\/01\/svm20250109114325.webp","width":900,"height":400,"caption":"(Foto: Peter Frantzell)"},{"@type":"BreadcrumbList","@id":"https:\/\/lightweb.dev\/l\/svm-temp\/nyheter\/kultur-nyheter\/halla-dar-david-hulth-wallgren\/#breadcrumb","itemListElement":[{"@type":"ListItem","position":1,"name":"Hem","item":"https:\/\/lightweb.dev\/l\/svm-temp\/"},{"@type":"ListItem","position":2,"name":"Hall\u00e5 d\u00e4r! &#8211; David Hulth Wallgren"}]},{"@type":"WebSite","@id":"https:\/\/lightweb.dev\/l\/svm-temp\/#website","url":"https:\/\/lightweb.dev\/l\/svm-temp\/","name":"Svenska Magasinet","description":"Dina Spanska nyheter p&aring; Svenska","publisher":{"@id":"https:\/\/lightweb.dev\/l\/svm-temp\/#organization"},"potentialAction":[{"@type":"SearchAction","target":{"@type":"EntryPoint","urlTemplate":"https:\/\/lightweb.dev\/l\/svm-temp\/?s={search_term_string}"},"query-input":{"@type":"PropertyValueSpecification","valueRequired":true,"valueName":"search_term_string"}}],"inLanguage":"sv-SE"},{"@type":"Organization","@id":"https:\/\/lightweb.dev\/l\/svm-temp\/#organization","name":"Melkerson y Nott SL","alternateName":"Svenska Magasinet","url":"https:\/\/lightweb.dev\/l\/svm-temp\/","logo":{"@type":"ImageObject","inLanguage":"sv-SE","@id":"https:\/\/lightweb.dev\/l\/svm-temp\/#\/schema\/logo\/image\/","url":"https:\/\/lightweb.dev\/l\/svm-temp\/wp-content\/uploads\/2025\/02\/SvM-logo-Xtra-Centrerad-SVART.png","contentUrl":"https:\/\/lightweb.dev\/l\/svm-temp\/wp-content\/uploads\/2025\/02\/SvM-logo-Xtra-Centrerad-SVART.png","width":300,"height":99,"caption":"Melkerson y Nott SL"},"image":{"@id":"https:\/\/lightweb.dev\/l\/svm-temp\/#\/schema\/logo\/image\/"},"sameAs":["https:\/\/www.facebook.com\/svenskamagasinet","https:\/\/x.com\/SvenskaMagasine"]},{"@type":"Person","@id":"https:\/\/lightweb.dev\/l\/svm-temp\/#\/schema\/person\/7a82b8a73d171d32360a564b6d03508e","name":"Ola Josefsson","description":"Bevakar Solkusten och Spanien sedan 1994.","sameAs":["https:\/\/lightweb.dev\/l\/svm-temp"],"url":"https:\/\/lightweb.dev\/l\/svm-temp\/reporter\/ola-josefsson\/"}]}},"_links":{"self":[{"href":"https:\/\/lightweb.dev\/l\/svm-temp\/wp-json\/wp\/v2\/posts\/77408","targetHints":{"allow":["GET"]}}],"collection":[{"href":"https:\/\/lightweb.dev\/l\/svm-temp\/wp-json\/wp\/v2\/posts"}],"about":[{"href":"https:\/\/lightweb.dev\/l\/svm-temp\/wp-json\/wp\/v2\/types\/post"}],"author":[{"embeddable":true,"href":"https:\/\/lightweb.dev\/l\/svm-temp\/wp-json\/wp\/v2\/users\/7"}],"replies":[{"embeddable":true,"href":"https:\/\/lightweb.dev\/l\/svm-temp\/wp-json\/wp\/v2\/comments?post=77408"}],"version-history":[{"count":0,"href":"https:\/\/lightweb.dev\/l\/svm-temp\/wp-json\/wp\/v2\/posts\/77408\/revisions"}],"wp:featuredmedia":[{"embeddable":true,"href":"https:\/\/lightweb.dev\/l\/svm-temp\/wp-json\/wp\/v2\/media\/77406"}],"wp:attachment":[{"href":"https:\/\/lightweb.dev\/l\/svm-temp\/wp-json\/wp\/v2\/media?parent=77408"}],"wp:term":[{"taxonomy":"category","embeddable":true,"href":"https:\/\/lightweb.dev\/l\/svm-temp\/wp-json\/wp\/v2\/categories?post=77408"},{"taxonomy":"post_tag","embeddable":true,"href":"https:\/\/lightweb.dev\/l\/svm-temp\/wp-json\/wp\/v2\/tags?post=77408"}],"curies":[{"name":"wp","href":"https:\/\/api.w.org\/{rel}","templated":true}]}}