{"id":77445,"date":"2025-01-30T00:30:53","date_gmt":"2025-01-29T23:30:53","guid":{"rendered":"https:\/\/lightweb.dev\/l\/svm-temp\/?p=77445"},"modified":"2025-01-30T11:54:51","modified_gmt":"2025-01-30T10:54:51","slug":"en-historiskt-spannande-passion-del-3","status":"publish","type":"post","link":"https:\/\/lightweb.dev\/l\/svm-temp\/nyheter\/en-historiskt-spannande-passion-del-3\/","title":{"rendered":"En historiskt sp\u00e4nnande passion &#8211; del 3"},"content":{"rendered":"<p><strong>Det land i v\u00e4rlden med flest v\u00e4rldsarv listade av Unesco, \u00e4r Spanien \u2013 och de 15 v\u00e4rldsarvsst\u00e4derna \u00e4r levande bevis p\u00e5 landets forntida skatter.<\/strong><\/p>\n<p><strong>Vi vill hj\u00e4lpa dig att uppt\u00e4cka dem och de of\u00f6rgl\u00f6mliga upplevelser de bjuder p\u00e5.<\/strong><\/p>\n<p><img loading=\"lazy\" decoding=\"async\" class=\"size-full wp-image-77446 alignleft\" src=\"https:\/\/lightweb.dev\/l\/svm-temp\/wp-content\/uploads\/2025\/01\/unnamed-stor.jpeg\" alt=\"\" width=\"181\" height=\"54\" \/><\/p>\n<p>Pr\u00e4glade av unika kulturarv, sp\u00e4nnande historia, vacker arkitektur och intressanta seder med flera tusen \u00e5r gamla r\u00f6tter. Unesco definierar detta som extraordin\u00e4ra arv fr\u00e5n det f\u00f6rflutna vilka vi b\u00f6r ta hand om, v\u00e5rda och sk\u00e4nka vidare till kommande generationer.<\/p>\n<p>I n\u00e5gra nummer av Svenska Magasinet kan du \u00e4ven ta del av den regionala gastronomin och n\u00e4rliggande naturen. F\u00e5 tips p\u00e5 hotell att bo p\u00e5 och vilka \u00e5rliga festivaler en resa kan planeras runt. Helt enkelt hur du p\u00e5 b\u00e4sta s\u00e4tt kan uppleva v\u00e4rldsarvsst\u00e4derna p\u00e5 plats.<\/p>\n<p>Vi har tidigare ber\u00e4ttat om <a href=\"https:\/\/lightweb.dev\/l\/svm-temp\/artiklar\/kultur\/varldsarvsstaden-baeza\/\">Baeza<\/a>, <a href=\"https:\/\/lightweb.dev\/l\/svm-temp\/artiklar\/kultur\/varldsarvsstaden-ubeda\/\">\u00dabeda<\/a>, <a href=\"https:\/\/lightweb.dev\/l\/svm-temp\/artiklar\/kultur\/varldsarvsstaden-eivissa-ibiza\/\">Ibiza<\/a>, <a href=\"https:\/\/lightweb.dev\/l\/svm-temp\/artiklar\/reportage\/varldsarvsstaden-tarragona\/\">Tarragona<\/a> och <a href=\"https:\/\/lightweb.dev\/l\/svm-temp\/artiklar\/reportage\/varldsarvsstaden-san-cristobal-de-la-laguna\/\">San Cristob\u00e1l de La Laguna<\/a> p\u00e5 Teneriffa. I det h\u00e4r numret handlar det om <a href=\"https:\/\/lightweb.dev\/l\/svm-temp\/artiklar\/varldsarvsstaden-segovia\/\">Segovia<\/a> och <a href=\"https:\/\/lightweb.dev\/l\/svm-temp\/artiklar\/varldsarvsstaden-salamanca\/\">Salamanca<\/a>.<\/p>\n<p>Det g\u00e5r utm\u00e4rkt att bes\u00f6ka v\u00e4rldsarvsst\u00e4derna \u00e5ret runt. H\u00e4r vill vi dela med oss av v\u00e5r passion f\u00f6r Spanien.<\/p>\n<p>H\u00e4ng med \u2013 och v\u00e4lkommen!<\/p>\n<p>Texterna publiceras i samarbete med Spanska Turistbyr\u00e5n och \u00e4r delvis en version av broschyren \u201cWorld Heritage Cities\u201d.<\/p>\n<p>Foto: Ciudades Patrimonio<\/p>\n","protected":false},"excerpt":{"rendered":"<p>Det land i v\u00e4rlden med flest v\u00e4rldsarv listade av Unesco, \u00e4r Spanien \u2013 och de 15 v\u00e4rldsarvsst\u00e4derna \u00e4r levande bevis p\u00e5 landets forntida skatter. Vi vill hj\u00e4lpa dig att uppt\u00e4cka dem och de of\u00f6rgl\u00f6mliga upplevelser de bjuder p\u00e5&#8230;<\/p>\n","protected":false},"author":8,"featured_media":77437,"comment_status":"closed","ping_status":"closed","sticky":false,"template":"","format":"standard","meta":{"_et_pb_use_builder":"","_et_pb_old_content":"","_et_gb_content_width":"","footnotes":""},"categories":[395,3],"tags":[],"class_list":["post-77445","post","type-post","status-publish","format-standard","has-post-thumbnail","hentry","category-arkiv-nyheter","category-nyheter"],"yoast_head":"<!-- This site is optimized with the Yoast SEO Premium plugin v26.2 (Yoast SEO v27.4) - https:\/\/yoast.com\/product\/yoast-seo-premium-wordpress\/ -->\n<title>En historiskt sp\u00e4nnande passion - del 3 - Svenska Magasinet<\/title>\n<meta name=\"description\" content=\"Det land i v\u00e4rlden med flest v\u00e4rldsarv listade av Unesco, \u00e4r Spanien \u2013 och de 15 v\u00e4rldsarvsst\u00e4derna \u00e4r levande bevis p\u00e5 landets forntida skatter. Vi vill hj\u00e4lpa dig att uppt\u00e4cka dem och de of\u00f6rgl\u00f6mliga upplevelser de bjuder p\u00e5.\" \/>\n<meta name=\"robots\" content=\"noindex, follow, max-snippet:-1, max-image-preview:large, max-video-preview:-1\" \/>\n<meta property=\"og:locale\" content=\"sv_SE\" \/>\n<meta property=\"og:type\" content=\"article\" \/>\n<meta property=\"og:title\" content=\"En historiskt sp\u00e4nnande passion - del 3\" \/>\n<meta property=\"og:description\" content=\"Det land i v\u00e4rlden med flest v\u00e4rldsarv listade av Unesco, \u00e4r Spanien \u2013 och de 15 v\u00e4rldsarvsst\u00e4derna \u00e4r levande bevis p\u00e5 landets forntida skatter. Vi vill hj\u00e4lpa dig att uppt\u00e4cka dem och de of\u00f6rgl\u00f6mliga upplevelser de bjuder p\u00e5.\" \/>\n<meta property=\"og:url\" content=\"https:\/\/lightweb.dev\/l\/svm-temp\/nyheter\/kultur-nyheter\/en-historiskt-spannande-passion-del-3\/\" \/>\n<meta property=\"og:site_name\" content=\"Svenska Magasinet\" \/>\n<meta property=\"article:publisher\" content=\"https:\/\/www.facebook.com\/svenskamagasinet\" \/>\n<meta property=\"article:published_time\" content=\"2025-01-29T23:30:53+00:00\" \/>\n<meta property=\"article:modified_time\" content=\"2025-01-30T10:54:51+00:00\" \/>\n<meta property=\"og:image\" content=\"https:\/\/lightweb.dev\/l\/svm-temp\/wp-content\/uploads\/2025\/01\/svm20250109153819.webp\" \/>\n\t<meta property=\"og:image:width\" content=\"900\" \/>\n\t<meta property=\"og:image:height\" content=\"400\" \/>\n\t<meta property=\"og:image:type\" content=\"image\/webp\" \/>\n<meta name=\"author\" content=\"Redaktionen SvM\" \/>\n<meta name=\"twitter:card\" content=\"summary_large_image\" \/>\n<meta name=\"twitter:creator\" content=\"@SvenskaMagasine\" \/>\n<meta name=\"twitter:site\" content=\"@SvenskaMagasine\" \/>\n<script type=\"application\/ld+json\" class=\"yoast-schema-graph\">{\"@context\":\"https:\\\/\\\/schema.org\",\"@graph\":[{\"@type\":\"Article\",\"@id\":\"https:\\\/\\\/lightweb.dev\\\/l\\\/svm-temp\\\/nyheter\\\/kultur-nyheter\\\/en-historiskt-spannande-passion-del-3\\\/#article\",\"isPartOf\":{\"@id\":\"https:\\\/\\\/lightweb.dev\\\/l\\\/svm-temp\\\/nyheter\\\/kultur-nyheter\\\/en-historiskt-spannande-passion-del-3\\\/\"},\"author\":{\"name\":\"Redaktionen SvM\",\"@id\":\"https:\\\/\\\/lightweb.dev\\\/l\\\/svm-temp\\\/#\\\/schema\\\/person\\\/206a3bda5b607b0c25e1749191e4d837\"},\"headline\":\"En historiskt sp\u00e4nnande passion &#8211; del 3\",\"datePublished\":\"2025-01-29T23:30:53+00:00\",\"dateModified\":\"2025-01-30T10:54:51+00:00\",\"mainEntityOfPage\":{\"@id\":\"https:\\\/\\\/lightweb.dev\\\/l\\\/svm-temp\\\/nyheter\\\/kultur-nyheter\\\/en-historiskt-spannande-passion-del-3\\\/\"},\"wordCount\":235,\"publisher\":{\"@id\":\"https:\\\/\\\/lightweb.dev\\\/l\\\/svm-temp\\\/#organization\"},\"image\":{\"@id\":\"https:\\\/\\\/lightweb.dev\\\/l\\\/svm-temp\\\/nyheter\\\/kultur-nyheter\\\/en-historiskt-spannande-passion-del-3\\\/#primaryimage\"},\"thumbnailUrl\":\"https:\\\/\\\/lightweb.dev\\\/l\\\/svm-temp\\\/wp-content\\\/uploads\\\/2025\\\/01\\\/svm20250109153819.webp\",\"articleSection\":[\"Arkiv\",\"Nyheter\"],\"inLanguage\":\"sv-SE\"},{\"@type\":\"WebPage\",\"@id\":\"https:\\\/\\\/lightweb.dev\\\/l\\\/svm-temp\\\/nyheter\\\/kultur-nyheter\\\/en-historiskt-spannande-passion-del-3\\\/\",\"url\":\"https:\\\/\\\/lightweb.dev\\\/l\\\/svm-temp\\\/nyheter\\\/kultur-nyheter\\\/en-historiskt-spannande-passion-del-3\\\/\",\"name\":\"En historiskt sp\u00e4nnande passion - del 3 - Svenska Magasinet\",\"isPartOf\":{\"@id\":\"https:\\\/\\\/lightweb.dev\\\/l\\\/svm-temp\\\/#website\"},\"primaryImageOfPage\":{\"@id\":\"https:\\\/\\\/lightweb.dev\\\/l\\\/svm-temp\\\/nyheter\\\/kultur-nyheter\\\/en-historiskt-spannande-passion-del-3\\\/#primaryimage\"},\"image\":{\"@id\":\"https:\\\/\\\/lightweb.dev\\\/l\\\/svm-temp\\\/nyheter\\\/kultur-nyheter\\\/en-historiskt-spannande-passion-del-3\\\/#primaryimage\"},\"thumbnailUrl\":\"https:\\\/\\\/lightweb.dev\\\/l\\\/svm-temp\\\/wp-content\\\/uploads\\\/2025\\\/01\\\/svm20250109153819.webp\",\"datePublished\":\"2025-01-29T23:30:53+00:00\",\"dateModified\":\"2025-01-30T10:54:51+00:00\",\"description\":\"Det land i v\u00e4rlden med flest v\u00e4rldsarv listade av Unesco, \u00e4r Spanien \u2013 och de 15 v\u00e4rldsarvsst\u00e4derna \u00e4r levande bevis p\u00e5 landets forntida skatter. Vi vill hj\u00e4lpa dig att uppt\u00e4cka dem och de of\u00f6rgl\u00f6mliga upplevelser de bjuder p\u00e5.\",\"breadcrumb\":{\"@id\":\"https:\\\/\\\/lightweb.dev\\\/l\\\/svm-temp\\\/nyheter\\\/kultur-nyheter\\\/en-historiskt-spannande-passion-del-3\\\/#breadcrumb\"},\"inLanguage\":\"sv-SE\",\"potentialAction\":[{\"@type\":\"ReadAction\",\"target\":[\"https:\\\/\\\/lightweb.dev\\\/l\\\/svm-temp\\\/nyheter\\\/kultur-nyheter\\\/en-historiskt-spannande-passion-del-3\\\/\"]}]},{\"@type\":\"ImageObject\",\"inLanguage\":\"sv-SE\",\"@id\":\"https:\\\/\\\/lightweb.dev\\\/l\\\/svm-temp\\\/nyheter\\\/kultur-nyheter\\\/en-historiskt-spannande-passion-del-3\\\/#primaryimage\",\"url\":\"https:\\\/\\\/lightweb.dev\\\/l\\\/svm-temp\\\/wp-content\\\/uploads\\\/2025\\\/01\\\/svm20250109153819.webp\",\"contentUrl\":\"https:\\\/\\\/lightweb.dev\\\/l\\\/svm-temp\\\/wp-content\\\/uploads\\\/2025\\\/01\\\/svm20250109153819.webp\",\"width\":900,\"height\":400},{\"@type\":\"BreadcrumbList\",\"@id\":\"https:\\\/\\\/lightweb.dev\\\/l\\\/svm-temp\\\/nyheter\\\/kultur-nyheter\\\/en-historiskt-spannande-passion-del-3\\\/#breadcrumb\",\"itemListElement\":[{\"@type\":\"ListItem\",\"position\":1,\"name\":\"Hem\",\"item\":\"https:\\\/\\\/lightweb.dev\\\/l\\\/svm-temp\\\/\"},{\"@type\":\"ListItem\",\"position\":2,\"name\":\"En historiskt sp\u00e4nnande passion &#8211; del 3\"}]},{\"@type\":\"WebSite\",\"@id\":\"https:\\\/\\\/lightweb.dev\\\/l\\\/svm-temp\\\/#website\",\"url\":\"https:\\\/\\\/lightweb.dev\\\/l\\\/svm-temp\\\/\",\"name\":\"Svenska Magasinet\",\"description\":\"Dina Spanska nyheter p&aring; Svenska\",\"publisher\":{\"@id\":\"https:\\\/\\\/lightweb.dev\\\/l\\\/svm-temp\\\/#organization\"},\"potentialAction\":[{\"@type\":\"SearchAction\",\"target\":{\"@type\":\"EntryPoint\",\"urlTemplate\":\"https:\\\/\\\/lightweb.dev\\\/l\\\/svm-temp\\\/?s={search_term_string}\"},\"query-input\":{\"@type\":\"PropertyValueSpecification\",\"valueRequired\":true,\"valueName\":\"search_term_string\"}}],\"inLanguage\":\"sv-SE\"},{\"@type\":\"Organization\",\"@id\":\"https:\\\/\\\/lightweb.dev\\\/l\\\/svm-temp\\\/#organization\",\"name\":\"Melkerson y Nott SL\",\"alternateName\":\"Svenska Magasinet\",\"url\":\"https:\\\/\\\/lightweb.dev\\\/l\\\/svm-temp\\\/\",\"logo\":{\"@type\":\"ImageObject\",\"inLanguage\":\"sv-SE\",\"@id\":\"https:\\\/\\\/lightweb.dev\\\/l\\\/svm-temp\\\/#\\\/schema\\\/logo\\\/image\\\/\",\"url\":\"https:\\\/\\\/lightweb.dev\\\/l\\\/svm-temp\\\/wp-content\\\/uploads\\\/2025\\\/02\\\/SvM-logo-Xtra-Centrerad-SVART.png\",\"contentUrl\":\"https:\\\/\\\/lightweb.dev\\\/l\\\/svm-temp\\\/wp-content\\\/uploads\\\/2025\\\/02\\\/SvM-logo-Xtra-Centrerad-SVART.png\",\"width\":300,\"height\":99,\"caption\":\"Melkerson y Nott SL\"},\"image\":{\"@id\":\"https:\\\/\\\/lightweb.dev\\\/l\\\/svm-temp\\\/#\\\/schema\\\/logo\\\/image\\\/\"},\"sameAs\":[\"https:\\\/\\\/www.facebook.com\\\/svenskamagasinet\",\"https:\\\/\\\/x.com\\\/SvenskaMagasine\"]},{\"@type\":\"Person\",\"@id\":\"https:\\\/\\\/lightweb.dev\\\/l\\\/svm-temp\\\/#\\\/schema\\\/person\\\/206a3bda5b607b0c25e1749191e4d837\",\"name\":\"Redaktionen SvM\",\"description\":\"Redaktionen\",\"sameAs\":[\"https:\\\/\\\/lightweb.dev\\\/l\\\/svm-temp\"],\"url\":\"https:\\\/\\\/lightweb.dev\\\/l\\\/svm-temp\\\/reporter\\\/redaktionen\\\/\"}]}<\/script>\n<!-- \/ Yoast SEO Premium plugin. -->","yoast_head_json":{"title":"En historiskt sp\u00e4nnande passion - del 3 - Svenska Magasinet","description":"Det land i v\u00e4rlden med flest v\u00e4rldsarv listade av Unesco, \u00e4r Spanien \u2013 och de 15 v\u00e4rldsarvsst\u00e4derna \u00e4r levande bevis p\u00e5 landets forntida skatter. Vi vill hj\u00e4lpa dig att uppt\u00e4cka dem och de of\u00f6rgl\u00f6mliga upplevelser de bjuder p\u00e5.","robots":{"index":"noindex","follow":"follow","max-snippet":"max-snippet:-1","max-image-preview":"max-image-preview:large","max-video-preview":"max-video-preview:-1"},"og_locale":"sv_SE","og_type":"article","og_title":"En historiskt sp\u00e4nnande passion - del 3","og_description":"Det land i v\u00e4rlden med flest v\u00e4rldsarv listade av Unesco, \u00e4r Spanien \u2013 och de 15 v\u00e4rldsarvsst\u00e4derna \u00e4r levande bevis p\u00e5 landets forntida skatter. Vi vill hj\u00e4lpa dig att uppt\u00e4cka dem och de of\u00f6rgl\u00f6mliga upplevelser de bjuder p\u00e5.","og_url":"https:\/\/lightweb.dev\/l\/svm-temp\/nyheter\/kultur-nyheter\/en-historiskt-spannande-passion-del-3\/","og_site_name":"Svenska Magasinet","article_publisher":"https:\/\/www.facebook.com\/svenskamagasinet","article_published_time":"2025-01-29T23:30:53+00:00","article_modified_time":"2025-01-30T10:54:51+00:00","og_image":[{"width":900,"height":400,"url":"https:\/\/lightweb.dev\/l\/svm-temp\/wp-content\/uploads\/2025\/01\/svm20250109153819.webp","type":"image\/webp"}],"author":"Redaktionen SvM","twitter_card":"summary_large_image","twitter_creator":"@SvenskaMagasine","twitter_site":"@SvenskaMagasine","schema":{"@context":"https:\/\/schema.org","@graph":[{"@type":"Article","@id":"https:\/\/lightweb.dev\/l\/svm-temp\/nyheter\/kultur-nyheter\/en-historiskt-spannande-passion-del-3\/#article","isPartOf":{"@id":"https:\/\/lightweb.dev\/l\/svm-temp\/nyheter\/kultur-nyheter\/en-historiskt-spannande-passion-del-3\/"},"author":{"name":"Redaktionen SvM","@id":"https:\/\/lightweb.dev\/l\/svm-temp\/#\/schema\/person\/206a3bda5b607b0c25e1749191e4d837"},"headline":"En historiskt sp\u00e4nnande passion &#8211; del 3","datePublished":"2025-01-29T23:30:53+00:00","dateModified":"2025-01-30T10:54:51+00:00","mainEntityOfPage":{"@id":"https:\/\/lightweb.dev\/l\/svm-temp\/nyheter\/kultur-nyheter\/en-historiskt-spannande-passion-del-3\/"},"wordCount":235,"publisher":{"@id":"https:\/\/lightweb.dev\/l\/svm-temp\/#organization"},"image":{"@id":"https:\/\/lightweb.dev\/l\/svm-temp\/nyheter\/kultur-nyheter\/en-historiskt-spannande-passion-del-3\/#primaryimage"},"thumbnailUrl":"https:\/\/lightweb.dev\/l\/svm-temp\/wp-content\/uploads\/2025\/01\/svm20250109153819.webp","articleSection":["Arkiv","Nyheter"],"inLanguage":"sv-SE"},{"@type":"WebPage","@id":"https:\/\/lightweb.dev\/l\/svm-temp\/nyheter\/kultur-nyheter\/en-historiskt-spannande-passion-del-3\/","url":"https:\/\/lightweb.dev\/l\/svm-temp\/nyheter\/kultur-nyheter\/en-historiskt-spannande-passion-del-3\/","name":"En historiskt sp\u00e4nnande passion - del 3 - Svenska Magasinet","isPartOf":{"@id":"https:\/\/lightweb.dev\/l\/svm-temp\/#website"},"primaryImageOfPage":{"@id":"https:\/\/lightweb.dev\/l\/svm-temp\/nyheter\/kultur-nyheter\/en-historiskt-spannande-passion-del-3\/#primaryimage"},"image":{"@id":"https:\/\/lightweb.dev\/l\/svm-temp\/nyheter\/kultur-nyheter\/en-historiskt-spannande-passion-del-3\/#primaryimage"},"thumbnailUrl":"https:\/\/lightweb.dev\/l\/svm-temp\/wp-content\/uploads\/2025\/01\/svm20250109153819.webp","datePublished":"2025-01-29T23:30:53+00:00","dateModified":"2025-01-30T10:54:51+00:00","description":"Det land i v\u00e4rlden med flest v\u00e4rldsarv listade av Unesco, \u00e4r Spanien \u2013 och de 15 v\u00e4rldsarvsst\u00e4derna \u00e4r levande bevis p\u00e5 landets forntida skatter. Vi vill hj\u00e4lpa dig att uppt\u00e4cka dem och de of\u00f6rgl\u00f6mliga upplevelser de bjuder p\u00e5.","breadcrumb":{"@id":"https:\/\/lightweb.dev\/l\/svm-temp\/nyheter\/kultur-nyheter\/en-historiskt-spannande-passion-del-3\/#breadcrumb"},"inLanguage":"sv-SE","potentialAction":[{"@type":"ReadAction","target":["https:\/\/lightweb.dev\/l\/svm-temp\/nyheter\/kultur-nyheter\/en-historiskt-spannande-passion-del-3\/"]}]},{"@type":"ImageObject","inLanguage":"sv-SE","@id":"https:\/\/lightweb.dev\/l\/svm-temp\/nyheter\/kultur-nyheter\/en-historiskt-spannande-passion-del-3\/#primaryimage","url":"https:\/\/lightweb.dev\/l\/svm-temp\/wp-content\/uploads\/2025\/01\/svm20250109153819.webp","contentUrl":"https:\/\/lightweb.dev\/l\/svm-temp\/wp-content\/uploads\/2025\/01\/svm20250109153819.webp","width":900,"height":400},{"@type":"BreadcrumbList","@id":"https:\/\/lightweb.dev\/l\/svm-temp\/nyheter\/kultur-nyheter\/en-historiskt-spannande-passion-del-3\/#breadcrumb","itemListElement":[{"@type":"ListItem","position":1,"name":"Hem","item":"https:\/\/lightweb.dev\/l\/svm-temp\/"},{"@type":"ListItem","position":2,"name":"En historiskt sp\u00e4nnande passion &#8211; del 3"}]},{"@type":"WebSite","@id":"https:\/\/lightweb.dev\/l\/svm-temp\/#website","url":"https:\/\/lightweb.dev\/l\/svm-temp\/","name":"Svenska Magasinet","description":"Dina Spanska nyheter p&aring; Svenska","publisher":{"@id":"https:\/\/lightweb.dev\/l\/svm-temp\/#organization"},"potentialAction":[{"@type":"SearchAction","target":{"@type":"EntryPoint","urlTemplate":"https:\/\/lightweb.dev\/l\/svm-temp\/?s={search_term_string}"},"query-input":{"@type":"PropertyValueSpecification","valueRequired":true,"valueName":"search_term_string"}}],"inLanguage":"sv-SE"},{"@type":"Organization","@id":"https:\/\/lightweb.dev\/l\/svm-temp\/#organization","name":"Melkerson y Nott SL","alternateName":"Svenska Magasinet","url":"https:\/\/lightweb.dev\/l\/svm-temp\/","logo":{"@type":"ImageObject","inLanguage":"sv-SE","@id":"https:\/\/lightweb.dev\/l\/svm-temp\/#\/schema\/logo\/image\/","url":"https:\/\/lightweb.dev\/l\/svm-temp\/wp-content\/uploads\/2025\/02\/SvM-logo-Xtra-Centrerad-SVART.png","contentUrl":"https:\/\/lightweb.dev\/l\/svm-temp\/wp-content\/uploads\/2025\/02\/SvM-logo-Xtra-Centrerad-SVART.png","width":300,"height":99,"caption":"Melkerson y Nott SL"},"image":{"@id":"https:\/\/lightweb.dev\/l\/svm-temp\/#\/schema\/logo\/image\/"},"sameAs":["https:\/\/www.facebook.com\/svenskamagasinet","https:\/\/x.com\/SvenskaMagasine"]},{"@type":"Person","@id":"https:\/\/lightweb.dev\/l\/svm-temp\/#\/schema\/person\/206a3bda5b607b0c25e1749191e4d837","name":"Redaktionen SvM","description":"Redaktionen","sameAs":["https:\/\/lightweb.dev\/l\/svm-temp"],"url":"https:\/\/lightweb.dev\/l\/svm-temp\/reporter\/redaktionen\/"}]}},"_links":{"self":[{"href":"https:\/\/lightweb.dev\/l\/svm-temp\/wp-json\/wp\/v2\/posts\/77445","targetHints":{"allow":["GET"]}}],"collection":[{"href":"https:\/\/lightweb.dev\/l\/svm-temp\/wp-json\/wp\/v2\/posts"}],"about":[{"href":"https:\/\/lightweb.dev\/l\/svm-temp\/wp-json\/wp\/v2\/types\/post"}],"author":[{"embeddable":true,"href":"https:\/\/lightweb.dev\/l\/svm-temp\/wp-json\/wp\/v2\/users\/8"}],"replies":[{"embeddable":true,"href":"https:\/\/lightweb.dev\/l\/svm-temp\/wp-json\/wp\/v2\/comments?post=77445"}],"version-history":[{"count":0,"href":"https:\/\/lightweb.dev\/l\/svm-temp\/wp-json\/wp\/v2\/posts\/77445\/revisions"}],"wp:featuredmedia":[{"embeddable":true,"href":"https:\/\/lightweb.dev\/l\/svm-temp\/wp-json\/wp\/v2\/media\/77437"}],"wp:attachment":[{"href":"https:\/\/lightweb.dev\/l\/svm-temp\/wp-json\/wp\/v2\/media?parent=77445"}],"wp:term":[{"taxonomy":"category","embeddable":true,"href":"https:\/\/lightweb.dev\/l\/svm-temp\/wp-json\/wp\/v2\/categories?post=77445"},{"taxonomy":"post_tag","embeddable":true,"href":"https:\/\/lightweb.dev\/l\/svm-temp\/wp-json\/wp\/v2\/tags?post=77445"}],"curies":[{"name":"wp","href":"https:\/\/api.w.org\/{rel}","templated":true}]}}