{"id":77449,"date":"2025-01-30T18:30:41","date_gmt":"2025-01-30T17:30:41","guid":{"rendered":"https:\/\/lightweb.dev\/l\/svm-temp\/?p=77449"},"modified":"2025-01-30T22:17:03","modified_gmt":"2025-01-30T21:17:03","slug":"varldsarvsstaden-salamanca","status":"publish","type":"post","link":"https:\/\/lightweb.dev\/l\/svm-temp\/nyheter\/varldsarvsstaden-salamanca\/","title":{"rendered":"V\u00e4rldsarvsstaden Salamanca"},"content":{"rendered":"<p><strong>Dynamiska Salamanca \u00e4r hem \u00e5t Spaniens f\u00f6rsta universitet, ett av de allra \u00e4ldsta i hela Europa. Livet i staden kretsar fortfarande mycket runt l\u00e4ros\u00e4tet, som varje \u00e5r lockar tusentals studenter fr\u00e5n hela v\u00e4rlden vilka kommer hit f\u00f6r att l\u00e4ra sig spanska.<\/strong><\/p>\n<p><img loading=\"lazy\" decoding=\"async\" class=\"size-full wp-image-77446 alignleft\" src=\"https:\/\/lightweb.dev\/l\/svm-temp\/wp-content\/uploads\/2025\/01\/unnamed-stor.jpeg\" alt=\"\" width=\"181\" height=\"54\" \/><\/p>\n<p>Salamancas historiska stadsk\u00e4rna kallas ciudad vieja, och en bra f\u00f6rsta utg\u00e5ngspunkt \u00e4r Plaza Mayor. Torget, ber\u00f6mt f\u00f6r sin barocka arkitektur, kallas Salamancas sj\u00e4l och hj\u00e4rta. H\u00e4r finns goda m\u00f6jligheter att \u00e4ta gott och shoppa, allt fr\u00e5n k\u00e4nda modehus till traditionellt hantverk och regionala delikatesser. Det \u00e4r ocks\u00e5 en perfekt plats att se och h\u00f6ra s\u00e5-kallad La Tuna: grupper av universitetsstudenter som framf\u00f6r popul\u00e4r, upplyftande musik kl\u00e4dda i historiska kl\u00e4der.<\/p>\n<p>N\u00e4ra torget finns flera intressanta byggnader. Bland annat kyrkan La Clerec\u00eda. Om du k\u00f6per biljett till utst\u00e4llningen Scala Coeli ing\u00e5r en guidad rundvandring som slutar i kyrktornet som har spektakul\u00e4r utsikt \u00f6ver gamla stan.<\/p>\n<p><img loading=\"lazy\" decoding=\"async\" class=\"alignnone wp-image-77440 size-full\" src=\"https:\/\/lightweb.dev\/l\/svm-temp\/wp-content\/uploads\/2025\/01\/svm20250109154224.webp\" alt=\"\" width=\"900\" height=\"400\" srcset=\"https:\/\/lightweb.dev\/l\/svm-temp\/wp-content\/uploads\/2025\/01\/svm20250109154224.webp 900w, https:\/\/lightweb.dev\/l\/svm-temp\/wp-content\/uploads\/2025\/01\/svm20250109154224-300x133.webp 300w, https:\/\/lightweb.dev\/l\/svm-temp\/wp-content\/uploads\/2025\/01\/svm20250109154224-768x341.webp 768w, https:\/\/lightweb.dev\/l\/svm-temp\/wp-content\/uploads\/2025\/01\/svm20250109154224-610x271.webp 610w, https:\/\/lightweb.dev\/l\/svm-temp\/wp-content\/uploads\/2025\/01\/svm20250109154224-600x267.webp 600w\" sizes=\"(max-width: 900px) 100vw, 900px\" \/><\/p>\n<p>Mitt emot ligger Casa de las Conchas, utsmyckad med 300 dekorativa sn\u00e4ckor av sten. Intill hittas \u00e4ven Salamancas arkitektoniska skatt, Universidad de Salamanca. Otrolig filigran gjord av sten t\u00e4cker fasaden i spansk platereskstil. Inne i universitetet finns arkitektoniska sev\u00e4rdheter som den kringbyggda g\u00e5rden, trappan, biblioteket och de praktfulla f\u00f6rel\u00e4sningssalarna Escuelas Mayores och Escuelas Menores.<\/p>\n<p><img loading=\"lazy\" decoding=\"async\" class=\"alignnone wp-image-77439 size-full\" src=\"https:\/\/lightweb.dev\/l\/svm-temp\/wp-content\/uploads\/2025\/01\/svm20250109154159.webp\" alt=\"\" width=\"900\" height=\"400\" srcset=\"https:\/\/lightweb.dev\/l\/svm-temp\/wp-content\/uploads\/2025\/01\/svm20250109154159.webp 900w, https:\/\/lightweb.dev\/l\/svm-temp\/wp-content\/uploads\/2025\/01\/svm20250109154159-300x133.webp 300w, https:\/\/lightweb.dev\/l\/svm-temp\/wp-content\/uploads\/2025\/01\/svm20250109154159-768x341.webp 768w, https:\/\/lightweb.dev\/l\/svm-temp\/wp-content\/uploads\/2025\/01\/svm20250109154159-610x271.webp 610w, https:\/\/lightweb.dev\/l\/svm-temp\/wp-content\/uploads\/2025\/01\/svm20250109154159-600x267.webp 600w\" sizes=\"(max-width: 900px) 100vw, 900px\" \/><\/p>\n<p>Korsa sedan Plaza de Anaya som leder till ett magnifikt komplex best\u00e5ende av Catedral de La Asunci\u00f3n de la Virgen och Catedral de Santa Mar\u00eda. Eller som de kallas i folkmun: Nya respektive Gamla katedralen. Tillbringa tid vid d\u00f6rr\u00f6ppningen Puerta de Ramos d\u00e4r en astronaut finns g\u00f6md. G\u00e5 d\u00e4refter ner f\u00f6r Calle Tentenecio, till Casa Lis Museo Art Nouveau y Art D\u00e9co. Ett f\u00f6rtjusande museum i en modernistbyggnad med m\u00e5lade glasf\u00f6nster.<\/p>\n<p>N\u00e5got magiskt h\u00e4nder i Salamanca n\u00e4r skymningen kommer. Den nedg\u00e5ende solen ger materialet som monumenten \u00e4r gjorda av \u2013 en sediment\u00e4r bergart av lera fr\u00e5n Villamayor \u2013 ett gyllene skimmer. Bege dig sedan till gamla stan igen och kasta dig in i studentlivet.<\/p>\n<p>F\u00f6r mer information: <a href=\"https:\/\/salamanca.es\/en\/\">www.salamanca.es<\/a><\/p>\n","protected":false},"excerpt":{"rendered":"<p>Dynamiska Salamanca \u00e4r hem \u00e5t Spaniens f\u00f6rsta universitet, ett av de allra \u00e4ldsta i hela Europa. Livet i staden kretsar fortfarande mycket runt l\u00e4ros\u00e4tet, som varje \u00e5r lockar tusentals studenter fr\u00e5n hela v\u00e4rlden vilka kommer hit f\u00f6r att l\u00e4ra sig spanska&#8230;<\/p>\n","protected":false},"author":8,"featured_media":77438,"comment_status":"closed","ping_status":"closed","sticky":false,"template":"","format":"standard","meta":{"_et_pb_use_builder":"","_et_pb_old_content":"","_et_gb_content_width":"","footnotes":""},"categories":[395,3],"tags":[],"class_list":["post-77449","post","type-post","status-publish","format-standard","has-post-thumbnail","hentry","category-arkiv-nyheter","category-nyheter"],"yoast_head":"<!-- This site is optimized with the Yoast SEO Premium plugin v26.2 (Yoast SEO v27.4) - https:\/\/yoast.com\/product\/yoast-seo-premium-wordpress\/ -->\n<title>V\u00e4rldsarvsstaden Salamanca - Svenska Magasinet<\/title>\n<meta name=\"description\" content=\"Dynamiska Salamanca \u00e4r hem \u00e5t Spaniens f\u00f6rsta universitet, ett av de allra \u00e4ldsta i hela Europa. Livet i staden kretsar fortfarande mycket runt l\u00e4ros\u00e4tet, som varje \u00e5r lockar tusentals studenter fr\u00e5n hela v\u00e4rlden vilka kommer hit f\u00f6r att l\u00e4ra sig spanska.\" \/>\n<meta name=\"robots\" content=\"noindex, follow, max-snippet:-1, max-image-preview:large, max-video-preview:-1\" \/>\n<meta property=\"og:locale\" content=\"sv_SE\" \/>\n<meta property=\"og:type\" content=\"article\" \/>\n<meta property=\"og:title\" content=\"V\u00e4rldsarvsstaden Salamanca\" \/>\n<meta property=\"og:description\" content=\"Dynamiska Salamanca \u00e4r hem \u00e5t Spaniens f\u00f6rsta universitet, ett av de allra \u00e4ldsta i hela Europa. Livet i staden kretsar fortfarande mycket runt l\u00e4ros\u00e4tet, som varje \u00e5r lockar tusentals studenter fr\u00e5n hela v\u00e4rlden vilka kommer hit f\u00f6r att l\u00e4ra sig spanska.\" \/>\n<meta property=\"og:url\" content=\"https:\/\/lightweb.dev\/l\/svm-temp\/nyheter\/kultur-nyheter\/varldsarvsstaden-salamanca\/\" \/>\n<meta property=\"og:site_name\" content=\"Svenska Magasinet\" \/>\n<meta property=\"article:publisher\" content=\"https:\/\/www.facebook.com\/svenskamagasinet\" \/>\n<meta property=\"article:published_time\" content=\"2025-01-30T17:30:41+00:00\" \/>\n<meta property=\"article:modified_time\" content=\"2025-01-30T21:17:03+00:00\" \/>\n<meta property=\"og:image\" content=\"https:\/\/lightweb.dev\/l\/svm-temp\/wp-content\/uploads\/2025\/01\/svm20250109154128.webp\" \/>\n\t<meta property=\"og:image:width\" content=\"900\" \/>\n\t<meta property=\"og:image:height\" content=\"400\" \/>\n\t<meta property=\"og:image:type\" content=\"image\/webp\" \/>\n<meta name=\"author\" content=\"Redaktionen SvM\" \/>\n<meta name=\"twitter:card\" content=\"summary_large_image\" \/>\n<meta name=\"twitter:creator\" content=\"@SvenskaMagasine\" \/>\n<meta name=\"twitter:site\" content=\"@SvenskaMagasine\" \/>\n<script type=\"application\/ld+json\" class=\"yoast-schema-graph\">{\"@context\":\"https:\\\/\\\/schema.org\",\"@graph\":[{\"@type\":\"Article\",\"@id\":\"https:\\\/\\\/lightweb.dev\\\/l\\\/svm-temp\\\/nyheter\\\/kultur-nyheter\\\/varldsarvsstaden-salamanca\\\/#article\",\"isPartOf\":{\"@id\":\"https:\\\/\\\/lightweb.dev\\\/l\\\/svm-temp\\\/nyheter\\\/kultur-nyheter\\\/varldsarvsstaden-salamanca\\\/\"},\"author\":{\"name\":\"Redaktionen SvM\",\"@id\":\"https:\\\/\\\/lightweb.dev\\\/l\\\/svm-temp\\\/#\\\/schema\\\/person\\\/206a3bda5b607b0c25e1749191e4d837\"},\"headline\":\"V\u00e4rldsarvsstaden Salamanca\",\"datePublished\":\"2025-01-30T17:30:41+00:00\",\"dateModified\":\"2025-01-30T21:17:03+00:00\",\"mainEntityOfPage\":{\"@id\":\"https:\\\/\\\/lightweb.dev\\\/l\\\/svm-temp\\\/nyheter\\\/kultur-nyheter\\\/varldsarvsstaden-salamanca\\\/\"},\"wordCount\":374,\"publisher\":{\"@id\":\"https:\\\/\\\/lightweb.dev\\\/l\\\/svm-temp\\\/#organization\"},\"image\":{\"@id\":\"https:\\\/\\\/lightweb.dev\\\/l\\\/svm-temp\\\/nyheter\\\/kultur-nyheter\\\/varldsarvsstaden-salamanca\\\/#primaryimage\"},\"thumbnailUrl\":\"https:\\\/\\\/lightweb.dev\\\/l\\\/svm-temp\\\/wp-content\\\/uploads\\\/2025\\\/01\\\/svm20250109154128.webp\",\"articleSection\":[\"Arkiv\",\"Nyheter\"],\"inLanguage\":\"sv-SE\"},{\"@type\":\"WebPage\",\"@id\":\"https:\\\/\\\/lightweb.dev\\\/l\\\/svm-temp\\\/nyheter\\\/kultur-nyheter\\\/varldsarvsstaden-salamanca\\\/\",\"url\":\"https:\\\/\\\/lightweb.dev\\\/l\\\/svm-temp\\\/nyheter\\\/kultur-nyheter\\\/varldsarvsstaden-salamanca\\\/\",\"name\":\"V\u00e4rldsarvsstaden Salamanca - Svenska Magasinet\",\"isPartOf\":{\"@id\":\"https:\\\/\\\/lightweb.dev\\\/l\\\/svm-temp\\\/#website\"},\"primaryImageOfPage\":{\"@id\":\"https:\\\/\\\/lightweb.dev\\\/l\\\/svm-temp\\\/nyheter\\\/kultur-nyheter\\\/varldsarvsstaden-salamanca\\\/#primaryimage\"},\"image\":{\"@id\":\"https:\\\/\\\/lightweb.dev\\\/l\\\/svm-temp\\\/nyheter\\\/kultur-nyheter\\\/varldsarvsstaden-salamanca\\\/#primaryimage\"},\"thumbnailUrl\":\"https:\\\/\\\/lightweb.dev\\\/l\\\/svm-temp\\\/wp-content\\\/uploads\\\/2025\\\/01\\\/svm20250109154128.webp\",\"datePublished\":\"2025-01-30T17:30:41+00:00\",\"dateModified\":\"2025-01-30T21:17:03+00:00\",\"description\":\"Dynamiska Salamanca \u00e4r hem \u00e5t Spaniens f\u00f6rsta universitet, ett av de allra \u00e4ldsta i hela Europa. Livet i staden kretsar fortfarande mycket runt l\u00e4ros\u00e4tet, som varje \u00e5r lockar tusentals studenter fr\u00e5n hela v\u00e4rlden vilka kommer hit f\u00f6r att l\u00e4ra sig spanska.\",\"breadcrumb\":{\"@id\":\"https:\\\/\\\/lightweb.dev\\\/l\\\/svm-temp\\\/nyheter\\\/kultur-nyheter\\\/varldsarvsstaden-salamanca\\\/#breadcrumb\"},\"inLanguage\":\"sv-SE\",\"potentialAction\":[{\"@type\":\"ReadAction\",\"target\":[\"https:\\\/\\\/lightweb.dev\\\/l\\\/svm-temp\\\/nyheter\\\/kultur-nyheter\\\/varldsarvsstaden-salamanca\\\/\"]}]},{\"@type\":\"ImageObject\",\"inLanguage\":\"sv-SE\",\"@id\":\"https:\\\/\\\/lightweb.dev\\\/l\\\/svm-temp\\\/nyheter\\\/kultur-nyheter\\\/varldsarvsstaden-salamanca\\\/#primaryimage\",\"url\":\"https:\\\/\\\/lightweb.dev\\\/l\\\/svm-temp\\\/wp-content\\\/uploads\\\/2025\\\/01\\\/svm20250109154128.webp\",\"contentUrl\":\"https:\\\/\\\/lightweb.dev\\\/l\\\/svm-temp\\\/wp-content\\\/uploads\\\/2025\\\/01\\\/svm20250109154128.webp\",\"width\":900,\"height\":400,\"caption\":\"Plaza Mayor de Salamanca\"},{\"@type\":\"BreadcrumbList\",\"@id\":\"https:\\\/\\\/lightweb.dev\\\/l\\\/svm-temp\\\/nyheter\\\/kultur-nyheter\\\/varldsarvsstaden-salamanca\\\/#breadcrumb\",\"itemListElement\":[{\"@type\":\"ListItem\",\"position\":1,\"name\":\"Hem\",\"item\":\"https:\\\/\\\/lightweb.dev\\\/l\\\/svm-temp\\\/\"},{\"@type\":\"ListItem\",\"position\":2,\"name\":\"V\u00e4rldsarvsstaden Salamanca\"}]},{\"@type\":\"WebSite\",\"@id\":\"https:\\\/\\\/lightweb.dev\\\/l\\\/svm-temp\\\/#website\",\"url\":\"https:\\\/\\\/lightweb.dev\\\/l\\\/svm-temp\\\/\",\"name\":\"Svenska Magasinet\",\"description\":\"Dina Spanska nyheter p&aring; Svenska\",\"publisher\":{\"@id\":\"https:\\\/\\\/lightweb.dev\\\/l\\\/svm-temp\\\/#organization\"},\"potentialAction\":[{\"@type\":\"SearchAction\",\"target\":{\"@type\":\"EntryPoint\",\"urlTemplate\":\"https:\\\/\\\/lightweb.dev\\\/l\\\/svm-temp\\\/?s={search_term_string}\"},\"query-input\":{\"@type\":\"PropertyValueSpecification\",\"valueRequired\":true,\"valueName\":\"search_term_string\"}}],\"inLanguage\":\"sv-SE\"},{\"@type\":\"Organization\",\"@id\":\"https:\\\/\\\/lightweb.dev\\\/l\\\/svm-temp\\\/#organization\",\"name\":\"Melkerson y Nott SL\",\"alternateName\":\"Svenska Magasinet\",\"url\":\"https:\\\/\\\/lightweb.dev\\\/l\\\/svm-temp\\\/\",\"logo\":{\"@type\":\"ImageObject\",\"inLanguage\":\"sv-SE\",\"@id\":\"https:\\\/\\\/lightweb.dev\\\/l\\\/svm-temp\\\/#\\\/schema\\\/logo\\\/image\\\/\",\"url\":\"https:\\\/\\\/lightweb.dev\\\/l\\\/svm-temp\\\/wp-content\\\/uploads\\\/2025\\\/02\\\/SvM-logo-Xtra-Centrerad-SVART.png\",\"contentUrl\":\"https:\\\/\\\/lightweb.dev\\\/l\\\/svm-temp\\\/wp-content\\\/uploads\\\/2025\\\/02\\\/SvM-logo-Xtra-Centrerad-SVART.png\",\"width\":300,\"height\":99,\"caption\":\"Melkerson y Nott SL\"},\"image\":{\"@id\":\"https:\\\/\\\/lightweb.dev\\\/l\\\/svm-temp\\\/#\\\/schema\\\/logo\\\/image\\\/\"},\"sameAs\":[\"https:\\\/\\\/www.facebook.com\\\/svenskamagasinet\",\"https:\\\/\\\/x.com\\\/SvenskaMagasine\"]},{\"@type\":\"Person\",\"@id\":\"https:\\\/\\\/lightweb.dev\\\/l\\\/svm-temp\\\/#\\\/schema\\\/person\\\/206a3bda5b607b0c25e1749191e4d837\",\"name\":\"Redaktionen SvM\",\"description\":\"Redaktionen\",\"sameAs\":[\"https:\\\/\\\/lightweb.dev\\\/l\\\/svm-temp\"],\"url\":\"https:\\\/\\\/lightweb.dev\\\/l\\\/svm-temp\\\/reporter\\\/redaktionen\\\/\"}]}<\/script>\n<!-- \/ Yoast SEO Premium plugin. -->","yoast_head_json":{"title":"V\u00e4rldsarvsstaden Salamanca - Svenska Magasinet","description":"Dynamiska Salamanca \u00e4r hem \u00e5t Spaniens f\u00f6rsta universitet, ett av de allra \u00e4ldsta i hela Europa. Livet i staden kretsar fortfarande mycket runt l\u00e4ros\u00e4tet, som varje \u00e5r lockar tusentals studenter fr\u00e5n hela v\u00e4rlden vilka kommer hit f\u00f6r att l\u00e4ra sig spanska.","robots":{"index":"noindex","follow":"follow","max-snippet":"max-snippet:-1","max-image-preview":"max-image-preview:large","max-video-preview":"max-video-preview:-1"},"og_locale":"sv_SE","og_type":"article","og_title":"V\u00e4rldsarvsstaden Salamanca","og_description":"Dynamiska Salamanca \u00e4r hem \u00e5t Spaniens f\u00f6rsta universitet, ett av de allra \u00e4ldsta i hela Europa. Livet i staden kretsar fortfarande mycket runt l\u00e4ros\u00e4tet, som varje \u00e5r lockar tusentals studenter fr\u00e5n hela v\u00e4rlden vilka kommer hit f\u00f6r att l\u00e4ra sig spanska.","og_url":"https:\/\/lightweb.dev\/l\/svm-temp\/nyheter\/kultur-nyheter\/varldsarvsstaden-salamanca\/","og_site_name":"Svenska Magasinet","article_publisher":"https:\/\/www.facebook.com\/svenskamagasinet","article_published_time":"2025-01-30T17:30:41+00:00","article_modified_time":"2025-01-30T21:17:03+00:00","og_image":[{"width":900,"height":400,"url":"https:\/\/lightweb.dev\/l\/svm-temp\/wp-content\/uploads\/2025\/01\/svm20250109154128.webp","type":"image\/webp"}],"author":"Redaktionen SvM","twitter_card":"summary_large_image","twitter_creator":"@SvenskaMagasine","twitter_site":"@SvenskaMagasine","schema":{"@context":"https:\/\/schema.org","@graph":[{"@type":"Article","@id":"https:\/\/lightweb.dev\/l\/svm-temp\/nyheter\/kultur-nyheter\/varldsarvsstaden-salamanca\/#article","isPartOf":{"@id":"https:\/\/lightweb.dev\/l\/svm-temp\/nyheter\/kultur-nyheter\/varldsarvsstaden-salamanca\/"},"author":{"name":"Redaktionen SvM","@id":"https:\/\/lightweb.dev\/l\/svm-temp\/#\/schema\/person\/206a3bda5b607b0c25e1749191e4d837"},"headline":"V\u00e4rldsarvsstaden Salamanca","datePublished":"2025-01-30T17:30:41+00:00","dateModified":"2025-01-30T21:17:03+00:00","mainEntityOfPage":{"@id":"https:\/\/lightweb.dev\/l\/svm-temp\/nyheter\/kultur-nyheter\/varldsarvsstaden-salamanca\/"},"wordCount":374,"publisher":{"@id":"https:\/\/lightweb.dev\/l\/svm-temp\/#organization"},"image":{"@id":"https:\/\/lightweb.dev\/l\/svm-temp\/nyheter\/kultur-nyheter\/varldsarvsstaden-salamanca\/#primaryimage"},"thumbnailUrl":"https:\/\/lightweb.dev\/l\/svm-temp\/wp-content\/uploads\/2025\/01\/svm20250109154128.webp","articleSection":["Arkiv","Nyheter"],"inLanguage":"sv-SE"},{"@type":"WebPage","@id":"https:\/\/lightweb.dev\/l\/svm-temp\/nyheter\/kultur-nyheter\/varldsarvsstaden-salamanca\/","url":"https:\/\/lightweb.dev\/l\/svm-temp\/nyheter\/kultur-nyheter\/varldsarvsstaden-salamanca\/","name":"V\u00e4rldsarvsstaden Salamanca - Svenska Magasinet","isPartOf":{"@id":"https:\/\/lightweb.dev\/l\/svm-temp\/#website"},"primaryImageOfPage":{"@id":"https:\/\/lightweb.dev\/l\/svm-temp\/nyheter\/kultur-nyheter\/varldsarvsstaden-salamanca\/#primaryimage"},"image":{"@id":"https:\/\/lightweb.dev\/l\/svm-temp\/nyheter\/kultur-nyheter\/varldsarvsstaden-salamanca\/#primaryimage"},"thumbnailUrl":"https:\/\/lightweb.dev\/l\/svm-temp\/wp-content\/uploads\/2025\/01\/svm20250109154128.webp","datePublished":"2025-01-30T17:30:41+00:00","dateModified":"2025-01-30T21:17:03+00:00","description":"Dynamiska Salamanca \u00e4r hem \u00e5t Spaniens f\u00f6rsta universitet, ett av de allra \u00e4ldsta i hela Europa. Livet i staden kretsar fortfarande mycket runt l\u00e4ros\u00e4tet, som varje \u00e5r lockar tusentals studenter fr\u00e5n hela v\u00e4rlden vilka kommer hit f\u00f6r att l\u00e4ra sig spanska.","breadcrumb":{"@id":"https:\/\/lightweb.dev\/l\/svm-temp\/nyheter\/kultur-nyheter\/varldsarvsstaden-salamanca\/#breadcrumb"},"inLanguage":"sv-SE","potentialAction":[{"@type":"ReadAction","target":["https:\/\/lightweb.dev\/l\/svm-temp\/nyheter\/kultur-nyheter\/varldsarvsstaden-salamanca\/"]}]},{"@type":"ImageObject","inLanguage":"sv-SE","@id":"https:\/\/lightweb.dev\/l\/svm-temp\/nyheter\/kultur-nyheter\/varldsarvsstaden-salamanca\/#primaryimage","url":"https:\/\/lightweb.dev\/l\/svm-temp\/wp-content\/uploads\/2025\/01\/svm20250109154128.webp","contentUrl":"https:\/\/lightweb.dev\/l\/svm-temp\/wp-content\/uploads\/2025\/01\/svm20250109154128.webp","width":900,"height":400,"caption":"Plaza Mayor de Salamanca"},{"@type":"BreadcrumbList","@id":"https:\/\/lightweb.dev\/l\/svm-temp\/nyheter\/kultur-nyheter\/varldsarvsstaden-salamanca\/#breadcrumb","itemListElement":[{"@type":"ListItem","position":1,"name":"Hem","item":"https:\/\/lightweb.dev\/l\/svm-temp\/"},{"@type":"ListItem","position":2,"name":"V\u00e4rldsarvsstaden Salamanca"}]},{"@type":"WebSite","@id":"https:\/\/lightweb.dev\/l\/svm-temp\/#website","url":"https:\/\/lightweb.dev\/l\/svm-temp\/","name":"Svenska Magasinet","description":"Dina Spanska nyheter p&aring; Svenska","publisher":{"@id":"https:\/\/lightweb.dev\/l\/svm-temp\/#organization"},"potentialAction":[{"@type":"SearchAction","target":{"@type":"EntryPoint","urlTemplate":"https:\/\/lightweb.dev\/l\/svm-temp\/?s={search_term_string}"},"query-input":{"@type":"PropertyValueSpecification","valueRequired":true,"valueName":"search_term_string"}}],"inLanguage":"sv-SE"},{"@type":"Organization","@id":"https:\/\/lightweb.dev\/l\/svm-temp\/#organization","name":"Melkerson y Nott SL","alternateName":"Svenska Magasinet","url":"https:\/\/lightweb.dev\/l\/svm-temp\/","logo":{"@type":"ImageObject","inLanguage":"sv-SE","@id":"https:\/\/lightweb.dev\/l\/svm-temp\/#\/schema\/logo\/image\/","url":"https:\/\/lightweb.dev\/l\/svm-temp\/wp-content\/uploads\/2025\/02\/SvM-logo-Xtra-Centrerad-SVART.png","contentUrl":"https:\/\/lightweb.dev\/l\/svm-temp\/wp-content\/uploads\/2025\/02\/SvM-logo-Xtra-Centrerad-SVART.png","width":300,"height":99,"caption":"Melkerson y Nott SL"},"image":{"@id":"https:\/\/lightweb.dev\/l\/svm-temp\/#\/schema\/logo\/image\/"},"sameAs":["https:\/\/www.facebook.com\/svenskamagasinet","https:\/\/x.com\/SvenskaMagasine"]},{"@type":"Person","@id":"https:\/\/lightweb.dev\/l\/svm-temp\/#\/schema\/person\/206a3bda5b607b0c25e1749191e4d837","name":"Redaktionen SvM","description":"Redaktionen","sameAs":["https:\/\/lightweb.dev\/l\/svm-temp"],"url":"https:\/\/lightweb.dev\/l\/svm-temp\/reporter\/redaktionen\/"}]}},"_links":{"self":[{"href":"https:\/\/lightweb.dev\/l\/svm-temp\/wp-json\/wp\/v2\/posts\/77449","targetHints":{"allow":["GET"]}}],"collection":[{"href":"https:\/\/lightweb.dev\/l\/svm-temp\/wp-json\/wp\/v2\/posts"}],"about":[{"href":"https:\/\/lightweb.dev\/l\/svm-temp\/wp-json\/wp\/v2\/types\/post"}],"author":[{"embeddable":true,"href":"https:\/\/lightweb.dev\/l\/svm-temp\/wp-json\/wp\/v2\/users\/8"}],"replies":[{"embeddable":true,"href":"https:\/\/lightweb.dev\/l\/svm-temp\/wp-json\/wp\/v2\/comments?post=77449"}],"version-history":[{"count":0,"href":"https:\/\/lightweb.dev\/l\/svm-temp\/wp-json\/wp\/v2\/posts\/77449\/revisions"}],"wp:featuredmedia":[{"embeddable":true,"href":"https:\/\/lightweb.dev\/l\/svm-temp\/wp-json\/wp\/v2\/media\/77438"}],"wp:attachment":[{"href":"https:\/\/lightweb.dev\/l\/svm-temp\/wp-json\/wp\/v2\/media?parent=77449"}],"wp:term":[{"taxonomy":"category","embeddable":true,"href":"https:\/\/lightweb.dev\/l\/svm-temp\/wp-json\/wp\/v2\/categories?post=77449"},{"taxonomy":"post_tag","embeddable":true,"href":"https:\/\/lightweb.dev\/l\/svm-temp\/wp-json\/wp\/v2\/tags?post=77449"}],"curies":[{"name":"wp","href":"https:\/\/api.w.org\/{rel}","templated":true}]}}