{"id":77451,"date":"2025-02-01T00:30:02","date_gmt":"2025-01-31T23:30:02","guid":{"rendered":"https:\/\/lightweb.dev\/l\/svm-temp\/?p=77451"},"modified":"2025-02-01T20:29:56","modified_gmt":"2025-02-01T19:29:56","slug":"varldsarvsstaden-segovia","status":"publish","type":"post","link":"https:\/\/lightweb.dev\/l\/svm-temp\/nyheter\/varldsarvsstaden-segovia\/","title":{"rendered":"V\u00e4rldsarvsstaden Segovia"},"content":{"rendered":"<p><strong>Segovia \u00e4r v\u00e4rldsber\u00f6mt f\u00f6r sin romerska akvedukt. Men det \u00e4r ocks\u00e5 en stad full av st\u00e5tliga hem, med gott om gr\u00f6nska och ett n\u00e4rmast labyrintiskt judiskt kvarter att medvetet g\u00e5 vilse i.<\/strong><\/p>\n<p><img loading=\"lazy\" decoding=\"async\" class=\"size-full wp-image-77446 alignleft\" src=\"https:\/\/lightweb.dev\/l\/svm-temp\/wp-content\/uploads\/2025\/01\/unnamed-stor.jpeg\" alt=\"\" width=\"181\" height=\"54\" \/><\/p>\n<p>Akvedukten, som \u00e4r n\u00e5got av en ink\u00f6rsport till gamla stan via Plaza de Azoguejo, k\u00e4nns st\u00e4ndigt n\u00e4rvarande n\u00e4r du strosar bland de medeltida gatorna. H\u00e4r finns flertalet intressanta byggnader. Bland annat Casa de los Picos med sin utsmyckade granitfasad, det gotiska, f\u00f6re detta spannm\u00e5lsmagasinet La Alh\u00f3ndiga och Torre\u00f3n de Lozoya, som en g\u00e5ng var ett palats men nu \u00e4r ett kulturcenter med sp\u00e4nnande, tillf\u00e4lliga utst\u00e4llningar. Missa heller inte de religi\u00f6sa byggnaderna Iglesia de San Mart\u00edn och Iglesia de San Miguel.<\/p>\n<p>En kort promenad fr\u00e5n Plaza Mayors portiker hittas den bokstavligen storartade katedralen Santa Mar\u00eda la Real de Nieva, uppf\u00f6rd i sengotisk stil. P\u00e5 katedralmuseet finns en imponerande samling religi\u00f6s konst och den f\u00f6rsta bok som n\u00e5gonsin trycktes i Spanien.<\/p>\n<div id=\"attachment_77442\" style=\"width: 910px\" class=\"wp-caption alignnone\"><img loading=\"lazy\" decoding=\"async\" aria-describedby=\"caption-attachment-77442\" class=\"wp-image-77442 size-full\" src=\"https:\/\/lightweb.dev\/l\/svm-temp\/wp-content\/uploads\/2025\/01\/svm20250109154305.webp\" alt=\"\" width=\"900\" height=\"400\" srcset=\"https:\/\/lightweb.dev\/l\/svm-temp\/wp-content\/uploads\/2025\/01\/svm20250109154305.webp 900w, https:\/\/lightweb.dev\/l\/svm-temp\/wp-content\/uploads\/2025\/01\/svm20250109154305-300x133.webp 300w, https:\/\/lightweb.dev\/l\/svm-temp\/wp-content\/uploads\/2025\/01\/svm20250109154305-768x341.webp 768w, https:\/\/lightweb.dev\/l\/svm-temp\/wp-content\/uploads\/2025\/01\/svm20250109154305-610x271.webp 610w, https:\/\/lightweb.dev\/l\/svm-temp\/wp-content\/uploads\/2025\/01\/svm20250109154305-600x267.webp 600w\" sizes=\"(max-width: 900px) 100vw, 900px\" \/><p id=\"caption-attachment-77442\" class=\"wp-caption-text\">Segovia \u00e4r en stad inb\u00e4ddad i gr\u00f6nska.<\/p><\/div>\n<p>Forts\u00e4tt sedan till stadsdelen Barrio de los Caballeros. F\u00f6rr levde h\u00e4r rika familjer av h\u00f6g b\u00f6rd. De st\u00e5tliga gamla hemmen \u00e4r imponerande att se, och bland de mest v\u00e4lbevarade sticker Palacio de Valdel\u00e1guila, Palacio de los Marqueses de Lozoya och Casa de las Cadenas ut.<\/p>\n<p>I det labyrintiska medeltida judiska kvarteret, La Juder\u00eda de Segovia, ligger Iglesia de la Sant\u00edsima Trinidad och Iglesia de San Juan de los Caballeros, som numera rymmer Museo Ignacio Zuloaga.<\/p>\n<div id=\"attachment_77443\" style=\"width: 910px\" class=\"wp-caption alignnone\"><img loading=\"lazy\" decoding=\"async\" aria-describedby=\"caption-attachment-77443\" class=\"wp-image-77443 size-full\" src=\"https:\/\/lightweb.dev\/l\/svm-temp\/wp-content\/uploads\/2025\/01\/svm20250109154328.webp\" alt=\"\" width=\"900\" height=\"400\" srcset=\"https:\/\/lightweb.dev\/l\/svm-temp\/wp-content\/uploads\/2025\/01\/svm20250109154328.webp 900w, https:\/\/lightweb.dev\/l\/svm-temp\/wp-content\/uploads\/2025\/01\/svm20250109154328-300x133.webp 300w, https:\/\/lightweb.dev\/l\/svm-temp\/wp-content\/uploads\/2025\/01\/svm20250109154328-768x341.webp 768w, https:\/\/lightweb.dev\/l\/svm-temp\/wp-content\/uploads\/2025\/01\/svm20250109154328-610x271.webp 610w, https:\/\/lightweb.dev\/l\/svm-temp\/wp-content\/uploads\/2025\/01\/svm20250109154328-600x267.webp 600w\" sizes=\"(max-width: 900px) 100vw, 900px\" \/><p id=\"caption-attachment-77443\" class=\"wp-caption-text\">Ingenstans smakar sp\u00e4dgris s\u00e5 gott som i Segovia<\/p><\/div>\n<p>Blicka h\u00e4rifr\u00e5n mot slutet av det muromg\u00e4rdade omr\u00e5det. Bortom Plaza de la Reina Victoria Eugenia skymtar det fantastiska, medeltida fortet Alc\u00e1zar som ser ut som ett sagoslott. Men se ocks\u00e5 till att du har tid att bes\u00f6ka museerna Casa-Museo de Antonio Machado och Museo de Arte Contempor\u00e1neo Esteban Vicente \u2013 och n\u00e4r du blir hungrig ska du passa p\u00e5 att \u00e4ta den lokala specialiteten stekt sp\u00e4dgris.<\/p>\n<p><img loading=\"lazy\" decoding=\"async\" class=\"alignnone wp-image-77444 size-full\" src=\"https:\/\/lightweb.dev\/l\/svm-temp\/wp-content\/uploads\/2025\/01\/svm20250109154345.webp\" alt=\"\" width=\"900\" height=\"400\" srcset=\"https:\/\/lightweb.dev\/l\/svm-temp\/wp-content\/uploads\/2025\/01\/svm20250109154345.webp 900w, https:\/\/lightweb.dev\/l\/svm-temp\/wp-content\/uploads\/2025\/01\/svm20250109154345-300x133.webp 300w, https:\/\/lightweb.dev\/l\/svm-temp\/wp-content\/uploads\/2025\/01\/svm20250109154345-768x341.webp 768w, https:\/\/lightweb.dev\/l\/svm-temp\/wp-content\/uploads\/2025\/01\/svm20250109154345-610x271.webp 610w, https:\/\/lightweb.dev\/l\/svm-temp\/wp-content\/uploads\/2025\/01\/svm20250109154345-600x267.webp 600w\" sizes=\"(max-width: 900px) 100vw, 900px\" \/><\/p>\n<p>Ett underbart s\u00e4tt att avrunda dagen, \u00e4r att vandra utmed Eresmafloden till fridfulla Pradera de San Marcos (d\u00e4r utsikten \u00f6ver Alc\u00e1zar \u00e4r \u00e4nnu b\u00e4ttre).<\/p>\n<p>Om du bes\u00f6ker Segovia vid p\u00e5sk erbjuds m\u00e4ngder av konserter med sakral musik i stadens m\u00e5nga religi\u00f6sa byggnader. P\u00e5 v\u00e5ren intr\u00e4ffar dockteaterarrangemanget Titirimundi och i juli Segoviafestivalen.<\/p>\n<p>F\u00f6r mer information: <a href=\"https:\/\/www.segoviaturismo.es\/\">www.segoviaturismo.es<\/a><\/p>\n","protected":false},"excerpt":{"rendered":"<p>Segovia \u00e4r v\u00e4rldsber\u00f6mt f\u00f6r sin romerska akvedukt. Men det \u00e4r ocks\u00e5 en stad full av st\u00e5tliga hem, med gott om gr\u00f6nska och ett n\u00e4rmast labyrintiskt judiskt kvarter att medvetet g\u00e5 vilse i&#8230;<\/p>\n","protected":false},"author":8,"featured_media":77441,"comment_status":"closed","ping_status":"closed","sticky":false,"template":"","format":"standard","meta":{"_et_pb_use_builder":"","_et_pb_old_content":"","_et_gb_content_width":"","footnotes":""},"categories":[395,3],"tags":[],"class_list":["post-77451","post","type-post","status-publish","format-standard","has-post-thumbnail","hentry","category-arkiv-nyheter","category-nyheter"],"yoast_head":"<!-- This site is optimized with the Yoast SEO Premium plugin v26.2 (Yoast SEO v27.4) - https:\/\/yoast.com\/product\/yoast-seo-premium-wordpress\/ -->\n<title>V\u00e4rldsarvsstaden Segovia - Svenska Magasinet<\/title>\n<meta name=\"description\" content=\"Segovia \u00e4r v\u00e4rldsber\u00f6mt f\u00f6r sin romerska akvedukt. Men det \u00e4r ocks\u00e5 en stad full av st\u00e5tliga hem, med gott om gr\u00f6nska och ett n\u00e4rmast labyrintiskt judiskt kvarter att medvetet g\u00e5 vilse i.\" \/>\n<meta name=\"robots\" content=\"noindex, follow, max-snippet:-1, max-image-preview:large, max-video-preview:-1\" \/>\n<meta property=\"og:locale\" content=\"sv_SE\" \/>\n<meta property=\"og:type\" content=\"article\" \/>\n<meta property=\"og:title\" content=\"V\u00e4rldsarvsstaden Segovia\" \/>\n<meta property=\"og:description\" content=\"Segovia \u00e4r v\u00e4rldsber\u00f6mt f\u00f6r sin romerska akvedukt. Men det \u00e4r ocks\u00e5 en stad full av st\u00e5tliga hem, med gott om gr\u00f6nska och ett n\u00e4rmast labyrintiskt judiskt kvarter att medvetet g\u00e5 vilse i.\" \/>\n<meta property=\"og:url\" content=\"https:\/\/lightweb.dev\/l\/svm-temp\/nyheter\/kultur-nyheter\/varldsarvsstaden-segovia\/\" \/>\n<meta property=\"og:site_name\" content=\"Svenska Magasinet\" \/>\n<meta property=\"article:publisher\" content=\"https:\/\/www.facebook.com\/svenskamagasinet\" \/>\n<meta property=\"article:published_time\" content=\"2025-01-31T23:30:02+00:00\" \/>\n<meta property=\"article:modified_time\" content=\"2025-02-01T19:29:56+00:00\" \/>\n<meta property=\"og:image\" content=\"https:\/\/lightweb.dev\/l\/svm-temp\/wp-content\/uploads\/2025\/01\/svm20250109154244.webp\" \/>\n\t<meta property=\"og:image:width\" content=\"900\" \/>\n\t<meta property=\"og:image:height\" content=\"400\" \/>\n\t<meta property=\"og:image:type\" content=\"image\/webp\" \/>\n<meta name=\"author\" content=\"Redaktionen SvM\" \/>\n<meta name=\"twitter:card\" content=\"summary_large_image\" \/>\n<meta name=\"twitter:creator\" content=\"@SvenskaMagasine\" \/>\n<meta name=\"twitter:site\" content=\"@SvenskaMagasine\" \/>\n<script type=\"application\/ld+json\" class=\"yoast-schema-graph\">{\"@context\":\"https:\\\/\\\/schema.org\",\"@graph\":[{\"@type\":\"Article\",\"@id\":\"https:\\\/\\\/lightweb.dev\\\/l\\\/svm-temp\\\/nyheter\\\/kultur-nyheter\\\/varldsarvsstaden-segovia\\\/#article\",\"isPartOf\":{\"@id\":\"https:\\\/\\\/lightweb.dev\\\/l\\\/svm-temp\\\/nyheter\\\/kultur-nyheter\\\/varldsarvsstaden-segovia\\\/\"},\"author\":{\"name\":\"Redaktionen SvM\",\"@id\":\"https:\\\/\\\/lightweb.dev\\\/l\\\/svm-temp\\\/#\\\/schema\\\/person\\\/206a3bda5b607b0c25e1749191e4d837\"},\"headline\":\"V\u00e4rldsarvsstaden Segovia\",\"datePublished\":\"2025-01-31T23:30:02+00:00\",\"dateModified\":\"2025-02-01T19:29:56+00:00\",\"mainEntityOfPage\":{\"@id\":\"https:\\\/\\\/lightweb.dev\\\/l\\\/svm-temp\\\/nyheter\\\/kultur-nyheter\\\/varldsarvsstaden-segovia\\\/\"},\"wordCount\":443,\"publisher\":{\"@id\":\"https:\\\/\\\/lightweb.dev\\\/l\\\/svm-temp\\\/#organization\"},\"image\":{\"@id\":\"https:\\\/\\\/lightweb.dev\\\/l\\\/svm-temp\\\/nyheter\\\/kultur-nyheter\\\/varldsarvsstaden-segovia\\\/#primaryimage\"},\"thumbnailUrl\":\"https:\\\/\\\/lightweb.dev\\\/l\\\/svm-temp\\\/wp-content\\\/uploads\\\/2025\\\/01\\\/svm20250109154244.webp\",\"articleSection\":[\"Arkiv\",\"Nyheter\"],\"inLanguage\":\"sv-SE\"},{\"@type\":\"WebPage\",\"@id\":\"https:\\\/\\\/lightweb.dev\\\/l\\\/svm-temp\\\/nyheter\\\/kultur-nyheter\\\/varldsarvsstaden-segovia\\\/\",\"url\":\"https:\\\/\\\/lightweb.dev\\\/l\\\/svm-temp\\\/nyheter\\\/kultur-nyheter\\\/varldsarvsstaden-segovia\\\/\",\"name\":\"V\u00e4rldsarvsstaden Segovia - Svenska Magasinet\",\"isPartOf\":{\"@id\":\"https:\\\/\\\/lightweb.dev\\\/l\\\/svm-temp\\\/#website\"},\"primaryImageOfPage\":{\"@id\":\"https:\\\/\\\/lightweb.dev\\\/l\\\/svm-temp\\\/nyheter\\\/kultur-nyheter\\\/varldsarvsstaden-segovia\\\/#primaryimage\"},\"image\":{\"@id\":\"https:\\\/\\\/lightweb.dev\\\/l\\\/svm-temp\\\/nyheter\\\/kultur-nyheter\\\/varldsarvsstaden-segovia\\\/#primaryimage\"},\"thumbnailUrl\":\"https:\\\/\\\/lightweb.dev\\\/l\\\/svm-temp\\\/wp-content\\\/uploads\\\/2025\\\/01\\\/svm20250109154244.webp\",\"datePublished\":\"2025-01-31T23:30:02+00:00\",\"dateModified\":\"2025-02-01T19:29:56+00:00\",\"description\":\"Segovia \u00e4r v\u00e4rldsber\u00f6mt f\u00f6r sin romerska akvedukt. Men det \u00e4r ocks\u00e5 en stad full av st\u00e5tliga hem, med gott om gr\u00f6nska och ett n\u00e4rmast labyrintiskt judiskt kvarter att medvetet g\u00e5 vilse i.\",\"breadcrumb\":{\"@id\":\"https:\\\/\\\/lightweb.dev\\\/l\\\/svm-temp\\\/nyheter\\\/kultur-nyheter\\\/varldsarvsstaden-segovia\\\/#breadcrumb\"},\"inLanguage\":\"sv-SE\",\"potentialAction\":[{\"@type\":\"ReadAction\",\"target\":[\"https:\\\/\\\/lightweb.dev\\\/l\\\/svm-temp\\\/nyheter\\\/kultur-nyheter\\\/varldsarvsstaden-segovia\\\/\"]}]},{\"@type\":\"ImageObject\",\"inLanguage\":\"sv-SE\",\"@id\":\"https:\\\/\\\/lightweb.dev\\\/l\\\/svm-temp\\\/nyheter\\\/kultur-nyheter\\\/varldsarvsstaden-segovia\\\/#primaryimage\",\"url\":\"https:\\\/\\\/lightweb.dev\\\/l\\\/svm-temp\\\/wp-content\\\/uploads\\\/2025\\\/01\\\/svm20250109154244.webp\",\"contentUrl\":\"https:\\\/\\\/lightweb.dev\\\/l\\\/svm-temp\\\/wp-content\\\/uploads\\\/2025\\\/01\\\/svm20250109154244.webp\",\"width\":900,\"height\":400,\"caption\":\"Den romerska akvedukten\"},{\"@type\":\"BreadcrumbList\",\"@id\":\"https:\\\/\\\/lightweb.dev\\\/l\\\/svm-temp\\\/nyheter\\\/kultur-nyheter\\\/varldsarvsstaden-segovia\\\/#breadcrumb\",\"itemListElement\":[{\"@type\":\"ListItem\",\"position\":1,\"name\":\"Hem\",\"item\":\"https:\\\/\\\/lightweb.dev\\\/l\\\/svm-temp\\\/\"},{\"@type\":\"ListItem\",\"position\":2,\"name\":\"V\u00e4rldsarvsstaden Segovia\"}]},{\"@type\":\"WebSite\",\"@id\":\"https:\\\/\\\/lightweb.dev\\\/l\\\/svm-temp\\\/#website\",\"url\":\"https:\\\/\\\/lightweb.dev\\\/l\\\/svm-temp\\\/\",\"name\":\"Svenska Magasinet\",\"description\":\"Dina Spanska nyheter p&aring; Svenska\",\"publisher\":{\"@id\":\"https:\\\/\\\/lightweb.dev\\\/l\\\/svm-temp\\\/#organization\"},\"potentialAction\":[{\"@type\":\"SearchAction\",\"target\":{\"@type\":\"EntryPoint\",\"urlTemplate\":\"https:\\\/\\\/lightweb.dev\\\/l\\\/svm-temp\\\/?s={search_term_string}\"},\"query-input\":{\"@type\":\"PropertyValueSpecification\",\"valueRequired\":true,\"valueName\":\"search_term_string\"}}],\"inLanguage\":\"sv-SE\"},{\"@type\":\"Organization\",\"@id\":\"https:\\\/\\\/lightweb.dev\\\/l\\\/svm-temp\\\/#organization\",\"name\":\"Melkerson y Nott SL\",\"alternateName\":\"Svenska Magasinet\",\"url\":\"https:\\\/\\\/lightweb.dev\\\/l\\\/svm-temp\\\/\",\"logo\":{\"@type\":\"ImageObject\",\"inLanguage\":\"sv-SE\",\"@id\":\"https:\\\/\\\/lightweb.dev\\\/l\\\/svm-temp\\\/#\\\/schema\\\/logo\\\/image\\\/\",\"url\":\"https:\\\/\\\/lightweb.dev\\\/l\\\/svm-temp\\\/wp-content\\\/uploads\\\/2025\\\/02\\\/SvM-logo-Xtra-Centrerad-SVART.png\",\"contentUrl\":\"https:\\\/\\\/lightweb.dev\\\/l\\\/svm-temp\\\/wp-content\\\/uploads\\\/2025\\\/02\\\/SvM-logo-Xtra-Centrerad-SVART.png\",\"width\":300,\"height\":99,\"caption\":\"Melkerson y Nott SL\"},\"image\":{\"@id\":\"https:\\\/\\\/lightweb.dev\\\/l\\\/svm-temp\\\/#\\\/schema\\\/logo\\\/image\\\/\"},\"sameAs\":[\"https:\\\/\\\/www.facebook.com\\\/svenskamagasinet\",\"https:\\\/\\\/x.com\\\/SvenskaMagasine\"]},{\"@type\":\"Person\",\"@id\":\"https:\\\/\\\/lightweb.dev\\\/l\\\/svm-temp\\\/#\\\/schema\\\/person\\\/206a3bda5b607b0c25e1749191e4d837\",\"name\":\"Redaktionen SvM\",\"description\":\"Redaktionen\",\"sameAs\":[\"https:\\\/\\\/lightweb.dev\\\/l\\\/svm-temp\"],\"url\":\"https:\\\/\\\/lightweb.dev\\\/l\\\/svm-temp\\\/reporter\\\/redaktionen\\\/\"}]}<\/script>\n<!-- \/ Yoast SEO Premium plugin. -->","yoast_head_json":{"title":"V\u00e4rldsarvsstaden Segovia - Svenska Magasinet","description":"Segovia \u00e4r v\u00e4rldsber\u00f6mt f\u00f6r sin romerska akvedukt. Men det \u00e4r ocks\u00e5 en stad full av st\u00e5tliga hem, med gott om gr\u00f6nska och ett n\u00e4rmast labyrintiskt judiskt kvarter att medvetet g\u00e5 vilse i.","robots":{"index":"noindex","follow":"follow","max-snippet":"max-snippet:-1","max-image-preview":"max-image-preview:large","max-video-preview":"max-video-preview:-1"},"og_locale":"sv_SE","og_type":"article","og_title":"V\u00e4rldsarvsstaden Segovia","og_description":"Segovia \u00e4r v\u00e4rldsber\u00f6mt f\u00f6r sin romerska akvedukt. Men det \u00e4r ocks\u00e5 en stad full av st\u00e5tliga hem, med gott om gr\u00f6nska och ett n\u00e4rmast labyrintiskt judiskt kvarter att medvetet g\u00e5 vilse i.","og_url":"https:\/\/lightweb.dev\/l\/svm-temp\/nyheter\/kultur-nyheter\/varldsarvsstaden-segovia\/","og_site_name":"Svenska Magasinet","article_publisher":"https:\/\/www.facebook.com\/svenskamagasinet","article_published_time":"2025-01-31T23:30:02+00:00","article_modified_time":"2025-02-01T19:29:56+00:00","og_image":[{"width":900,"height":400,"url":"https:\/\/lightweb.dev\/l\/svm-temp\/wp-content\/uploads\/2025\/01\/svm20250109154244.webp","type":"image\/webp"}],"author":"Redaktionen SvM","twitter_card":"summary_large_image","twitter_creator":"@SvenskaMagasine","twitter_site":"@SvenskaMagasine","schema":{"@context":"https:\/\/schema.org","@graph":[{"@type":"Article","@id":"https:\/\/lightweb.dev\/l\/svm-temp\/nyheter\/kultur-nyheter\/varldsarvsstaden-segovia\/#article","isPartOf":{"@id":"https:\/\/lightweb.dev\/l\/svm-temp\/nyheter\/kultur-nyheter\/varldsarvsstaden-segovia\/"},"author":{"name":"Redaktionen SvM","@id":"https:\/\/lightweb.dev\/l\/svm-temp\/#\/schema\/person\/206a3bda5b607b0c25e1749191e4d837"},"headline":"V\u00e4rldsarvsstaden Segovia","datePublished":"2025-01-31T23:30:02+00:00","dateModified":"2025-02-01T19:29:56+00:00","mainEntityOfPage":{"@id":"https:\/\/lightweb.dev\/l\/svm-temp\/nyheter\/kultur-nyheter\/varldsarvsstaden-segovia\/"},"wordCount":443,"publisher":{"@id":"https:\/\/lightweb.dev\/l\/svm-temp\/#organization"},"image":{"@id":"https:\/\/lightweb.dev\/l\/svm-temp\/nyheter\/kultur-nyheter\/varldsarvsstaden-segovia\/#primaryimage"},"thumbnailUrl":"https:\/\/lightweb.dev\/l\/svm-temp\/wp-content\/uploads\/2025\/01\/svm20250109154244.webp","articleSection":["Arkiv","Nyheter"],"inLanguage":"sv-SE"},{"@type":"WebPage","@id":"https:\/\/lightweb.dev\/l\/svm-temp\/nyheter\/kultur-nyheter\/varldsarvsstaden-segovia\/","url":"https:\/\/lightweb.dev\/l\/svm-temp\/nyheter\/kultur-nyheter\/varldsarvsstaden-segovia\/","name":"V\u00e4rldsarvsstaden Segovia - Svenska Magasinet","isPartOf":{"@id":"https:\/\/lightweb.dev\/l\/svm-temp\/#website"},"primaryImageOfPage":{"@id":"https:\/\/lightweb.dev\/l\/svm-temp\/nyheter\/kultur-nyheter\/varldsarvsstaden-segovia\/#primaryimage"},"image":{"@id":"https:\/\/lightweb.dev\/l\/svm-temp\/nyheter\/kultur-nyheter\/varldsarvsstaden-segovia\/#primaryimage"},"thumbnailUrl":"https:\/\/lightweb.dev\/l\/svm-temp\/wp-content\/uploads\/2025\/01\/svm20250109154244.webp","datePublished":"2025-01-31T23:30:02+00:00","dateModified":"2025-02-01T19:29:56+00:00","description":"Segovia \u00e4r v\u00e4rldsber\u00f6mt f\u00f6r sin romerska akvedukt. Men det \u00e4r ocks\u00e5 en stad full av st\u00e5tliga hem, med gott om gr\u00f6nska och ett n\u00e4rmast labyrintiskt judiskt kvarter att medvetet g\u00e5 vilse i.","breadcrumb":{"@id":"https:\/\/lightweb.dev\/l\/svm-temp\/nyheter\/kultur-nyheter\/varldsarvsstaden-segovia\/#breadcrumb"},"inLanguage":"sv-SE","potentialAction":[{"@type":"ReadAction","target":["https:\/\/lightweb.dev\/l\/svm-temp\/nyheter\/kultur-nyheter\/varldsarvsstaden-segovia\/"]}]},{"@type":"ImageObject","inLanguage":"sv-SE","@id":"https:\/\/lightweb.dev\/l\/svm-temp\/nyheter\/kultur-nyheter\/varldsarvsstaden-segovia\/#primaryimage","url":"https:\/\/lightweb.dev\/l\/svm-temp\/wp-content\/uploads\/2025\/01\/svm20250109154244.webp","contentUrl":"https:\/\/lightweb.dev\/l\/svm-temp\/wp-content\/uploads\/2025\/01\/svm20250109154244.webp","width":900,"height":400,"caption":"Den romerska akvedukten"},{"@type":"BreadcrumbList","@id":"https:\/\/lightweb.dev\/l\/svm-temp\/nyheter\/kultur-nyheter\/varldsarvsstaden-segovia\/#breadcrumb","itemListElement":[{"@type":"ListItem","position":1,"name":"Hem","item":"https:\/\/lightweb.dev\/l\/svm-temp\/"},{"@type":"ListItem","position":2,"name":"V\u00e4rldsarvsstaden Segovia"}]},{"@type":"WebSite","@id":"https:\/\/lightweb.dev\/l\/svm-temp\/#website","url":"https:\/\/lightweb.dev\/l\/svm-temp\/","name":"Svenska Magasinet","description":"Dina Spanska nyheter p&aring; Svenska","publisher":{"@id":"https:\/\/lightweb.dev\/l\/svm-temp\/#organization"},"potentialAction":[{"@type":"SearchAction","target":{"@type":"EntryPoint","urlTemplate":"https:\/\/lightweb.dev\/l\/svm-temp\/?s={search_term_string}"},"query-input":{"@type":"PropertyValueSpecification","valueRequired":true,"valueName":"search_term_string"}}],"inLanguage":"sv-SE"},{"@type":"Organization","@id":"https:\/\/lightweb.dev\/l\/svm-temp\/#organization","name":"Melkerson y Nott SL","alternateName":"Svenska Magasinet","url":"https:\/\/lightweb.dev\/l\/svm-temp\/","logo":{"@type":"ImageObject","inLanguage":"sv-SE","@id":"https:\/\/lightweb.dev\/l\/svm-temp\/#\/schema\/logo\/image\/","url":"https:\/\/lightweb.dev\/l\/svm-temp\/wp-content\/uploads\/2025\/02\/SvM-logo-Xtra-Centrerad-SVART.png","contentUrl":"https:\/\/lightweb.dev\/l\/svm-temp\/wp-content\/uploads\/2025\/02\/SvM-logo-Xtra-Centrerad-SVART.png","width":300,"height":99,"caption":"Melkerson y Nott SL"},"image":{"@id":"https:\/\/lightweb.dev\/l\/svm-temp\/#\/schema\/logo\/image\/"},"sameAs":["https:\/\/www.facebook.com\/svenskamagasinet","https:\/\/x.com\/SvenskaMagasine"]},{"@type":"Person","@id":"https:\/\/lightweb.dev\/l\/svm-temp\/#\/schema\/person\/206a3bda5b607b0c25e1749191e4d837","name":"Redaktionen SvM","description":"Redaktionen","sameAs":["https:\/\/lightweb.dev\/l\/svm-temp"],"url":"https:\/\/lightweb.dev\/l\/svm-temp\/reporter\/redaktionen\/"}]}},"_links":{"self":[{"href":"https:\/\/lightweb.dev\/l\/svm-temp\/wp-json\/wp\/v2\/posts\/77451","targetHints":{"allow":["GET"]}}],"collection":[{"href":"https:\/\/lightweb.dev\/l\/svm-temp\/wp-json\/wp\/v2\/posts"}],"about":[{"href":"https:\/\/lightweb.dev\/l\/svm-temp\/wp-json\/wp\/v2\/types\/post"}],"author":[{"embeddable":true,"href":"https:\/\/lightweb.dev\/l\/svm-temp\/wp-json\/wp\/v2\/users\/8"}],"replies":[{"embeddable":true,"href":"https:\/\/lightweb.dev\/l\/svm-temp\/wp-json\/wp\/v2\/comments?post=77451"}],"version-history":[{"count":0,"href":"https:\/\/lightweb.dev\/l\/svm-temp\/wp-json\/wp\/v2\/posts\/77451\/revisions"}],"wp:featuredmedia":[{"embeddable":true,"href":"https:\/\/lightweb.dev\/l\/svm-temp\/wp-json\/wp\/v2\/media\/77441"}],"wp:attachment":[{"href":"https:\/\/lightweb.dev\/l\/svm-temp\/wp-json\/wp\/v2\/media?parent=77451"}],"wp:term":[{"taxonomy":"category","embeddable":true,"href":"https:\/\/lightweb.dev\/l\/svm-temp\/wp-json\/wp\/v2\/categories?post=77451"},{"taxonomy":"post_tag","embeddable":true,"href":"https:\/\/lightweb.dev\/l\/svm-temp\/wp-json\/wp\/v2\/tags?post=77451"}],"curies":[{"name":"wp","href":"https:\/\/api.w.org\/{rel}","templated":true}]}}