{"id":77456,"date":"2025-01-23T00:30:17","date_gmt":"2025-01-22T23:30:17","guid":{"rendered":"https:\/\/lightweb.dev\/l\/svm-temp\/?p=77456"},"modified":"2025-01-23T10:58:17","modified_gmt":"2025-01-23T09:58:17","slug":"med-ratt-forberedelser-och-ratt-forsakring-kan-du-kanna-dig-trygg","status":"publish","type":"post","link":"https:\/\/lightweb.dev\/l\/svm-temp\/nyheter\/med-ratt-forberedelser-och-ratt-forsakring-kan-du-kanna-dig-trygg\/","title":{"rendered":"\u201dMed r\u00e4tt f\u00f6rberedelser och r\u00e4tt f\u00f6rs\u00e4kring kan du k\u00e4nna dig trygg\u201d"},"content":{"rendered":"<p><strong>Naturkatastrofer, inbrott och ockupanter. Det \u00e4r mycket som kan s\u00e4tta myror i huvudet hos en \u00e4gare till bostad i Spanien.<\/strong><\/p>\n<p><strong>Framf\u00f6r allt om bostaden \u00e4r ett semesterboende och inte en permanent bostad. <\/strong><\/p>\n<p>&#8211; Det finns en hel del att t\u00e4nka p\u00e5. Med r\u00e4tt f\u00f6rberedelser och r\u00e4tt f\u00f6rs\u00e4kring kan du k\u00e4nna dig trygg om det v\u00e4rsta intr\u00e4ffar, s\u00e4ger Roger Holmgren, VD vid Svensk Utlandsf\u00f6rs\u00e4kring som \u00e4r en del av Varsam F\u00f6rs\u00e4kring.<\/p>\n<div id=\"attachment_77454\" style=\"width: 910px\" class=\"wp-caption alignnone\"><img loading=\"lazy\" decoding=\"async\" aria-describedby=\"caption-attachment-77454\" class=\"wp-image-77454 size-full\" src=\"https:\/\/lightweb.dev\/l\/svm-temp\/wp-content\/uploads\/2025\/01\/svm20250109160803.webp\" alt=\"\" width=\"900\" height=\"400\" srcset=\"https:\/\/lightweb.dev\/l\/svm-temp\/wp-content\/uploads\/2025\/01\/svm20250109160803.webp 900w, https:\/\/lightweb.dev\/l\/svm-temp\/wp-content\/uploads\/2025\/01\/svm20250109160803-300x133.webp 300w, https:\/\/lightweb.dev\/l\/svm-temp\/wp-content\/uploads\/2025\/01\/svm20250109160803-768x341.webp 768w, https:\/\/lightweb.dev\/l\/svm-temp\/wp-content\/uploads\/2025\/01\/svm20250109160803-610x271.webp 610w, https:\/\/lightweb.dev\/l\/svm-temp\/wp-content\/uploads\/2025\/01\/svm20250109160803-600x267.webp 600w\" sizes=\"(max-width: 900px) 100vw, 900px\" \/><p id=\"caption-attachment-77454\" class=\"wp-caption-text\">Roger Holmgren, VD vid Svensk Utlandsf\u00f6rs\u00e4kring som \u00e4r en del av Varsam F\u00f6rs\u00e4kring, h\u00e5ller seminarier om F\u00f6rs\u00e4kring f\u00f6r din semesterbostad i Spanien<\/p><\/div>\n<p>Skador p\u00e5 din spanska bostad vid extrema v\u00e4derf\u00f6rh\u00e5llanden och naturkatastrofer t\u00e4cks f\u00f6r det mesta av Consorcio de Compensaci\u00f3n de Seguros (p\u00e5 svenska Konsortium f\u00f6r F\u00f6rs\u00e4kringsers\u00e4ttning).<\/p>\n<p>&#8211; De flesta f\u00f6rs\u00e4kringsbolag i Spanien \u00e4r sannolikt anslutna till konsortiet (vilket ocks\u00e5 tydligt ska framg\u00e5 av f\u00f6rs\u00e4kringshandlingarna) bolaget vidarebefordrar en del av kundens premie till konsortium f\u00f6r f\u00f6rs\u00e4kringsers\u00e4ttning vilket ger ett skydd i samband med extraordin\u00e4ra skador.<\/p>\n<h2><strong>Inom sju dagar<\/strong><\/h2>\n<p>I Spanien \u00e4r sannolikt de vanligaste extraordin\u00e4ra skadorna \u00f6versv\u00e4mningar till f\u00f6ljd av kraftigt skyfall.<\/p>\n<p>Vid naturkatastrofer som intr\u00e4ffar \u00e4r det viktigt att anm\u00e4lan g\u00f6rs s\u00e5 snart som m\u00f6jligt eller i vart fall inom sju dagar fr\u00e5n det att man f\u00e5tt k\u00e4nnedom om h\u00e4ndelsen. \u00a0D\u00e5 denna tidsfrist (7 dagar) \u00e4r angivet som preskriptionstid hos Consorcio de Compensaci\u00f3n de Seguros.<\/p>\n<p>&#8211; N\u00e4r du f\u00e5r k\u00e4nnedom om att din bostad f\u00e5tt skador efter en naturkatastrof \u00e4r det extremt viktigt att agera snabbt och anm\u00e4la utan dr\u00f6jsm\u00e5l, s\u00e4ger Roger Holmgren, VD vid Varsam.<\/p>\n<h2><strong>Vad r\u00e4knas d\u00e5 som extraordin\u00e4ra omst\u00e4ndigheter? <\/strong><\/h2>\n<p>Det kan vara \u00f6versv\u00e4mningar efter skyfall, tsunami, jordskalv och vulkanutbrott men \u00e4ven terrorism eller upplopp.<\/p>\n<h2><strong>N\u00e4r du l\u00e4mnar din spanska bostad t\u00e4nk p\u00e5 detta:<\/strong><\/h2>\n<p>Roger Holmgren ger ocks\u00e5 r\u00e5det att sl\u00e5 av inkommande vattnet n\u00e4r du l\u00e4mnar din spanska semesterbostad utan tillsyn f\u00f6r en l\u00e4ngre period. Till \u201dextraordin\u00e4ra skador\u201d h\u00f6r inte \u00f6versv\u00e4mningar som orsakats av brott p\u00e5 avloppssystem eller vattenledningar s\u00e5vida inte dessa skador \u00e4r en direkt f\u00f6ljd av en extraordin\u00e4r h\u00e4ndelse som en naturkatastrof.<\/p>\n<h2><strong>N\u00e5gra goda r\u00e5d<\/strong><\/h2>\n<p>Sl\u00e5 av inkommande vatten. Det kan vara en god id\u00e9 att skaffa en vattenfelsbrytare.<\/p>\n<p>Ta med smycken n\u00e4r du reser eller l\u00e5s in dem i ett kassask\u00e5p.<\/p>\n<p>S\u00e4kra altanm\u00f6blerna eller andra l\u00f6sa f\u00f6rem\u00e5l p\u00e5 altanen. Det g\u00e4ller \u00e4ven markiser, att de sitter ordentligt.<\/p>\n<p>Prata med grannar och hj\u00e4lp varandra att h\u00e5lla uppsikt.<\/p>\n<p>Och varf\u00f6r inte ha en upps\u00e4ttning extra nycklar som du kan l\u00e4mna till v\u00e4nner du litar p\u00e5 som \u00e4r p\u00e5 plats i Spanien om det skulle h\u00e4nda n\u00e5got.<\/p>\n<p>Roger Holmgren betonar ocks\u00e5 att det \u00e4r viktigt att kontrollera att din f\u00f6rs\u00e4kring g\u00e4ller f\u00f6r inbrott \u00e4ven om du l\u00e4mnar den obebodd l\u00e4ngre \u00e4n 30 dagar.<\/p>\n<p>&#8211; Andra saker och t\u00e4nka p\u00e5 \u00e4r att du har licens f\u00f6r turistl\u00e4genhet om du avser att hyra ut den. Kontrollera alltid med ditt f\u00f6rs\u00e4kringsbolag vad som g\u00e4ller vid uthyrning.<\/p>\n<h2><strong>Hur \u00e4r det med ockupanter, s\u00e5 kallade \u201dokupas\u201d p\u00e5 spanska?<\/strong><\/h2>\n<p>&#8211; Detta \u00e4r en vanlig fr\u00e5ga. Per definition b\u00f6rjar det oftast med ett inbrott (d.v.s. att n\u00e5gon olovligen brutit sig in i bostaden), och \u00e4ven om skadorna som inbrottstjuven\/ockupanten orsakar ev. kan komma att ers\u00e4ttas fr\u00e5n en egendomsf\u00f6rs\u00e4kring (s\u00e5klart beroende p\u00e5 vilket f\u00f6rs\u00e4kringsskydd varje enskild har) \u00e4r det oftast den l\u00e5nga hanteringstiden, till dess att de o\u00f6nskade ockupanterna kan avhysas som upplevs som det mest frustrerande f\u00f6r den drabbade.<\/p>\n<p>&#8211; H\u00e4r \u00e4r det allts\u00e5 viktigt att den som drabbats av en skada har ett bra f\u00f6rs\u00e4kringsskydd som b\u00e5de ers\u00e4tter inbrottsskadan och de juridiska kostnader som uppst\u00e5r f\u00f6r kunden. F\u00f6r en genomsnittlig svensk med begr\u00e4nsade spr\u00e5kkunskaper i spanska och som valt en lokal f\u00f6rs\u00e4kringsgivare \u00e4r det ibland sv\u00e5rt att f\u00f6rst\u00e5 vad f\u00f6rs\u00e4kringen ers\u00e4tter respektive vad som \u00e4r undantaget.<\/p>\n<p>&#8211; Vi har uppm\u00e4rksammat att vissa spanska bolag har begr\u00e4nsningar i f\u00f6rs\u00e4kringen vid ett inbrott om man l\u00e4mnat bostaden obebodd under en l\u00e4ngre period (vilket m\u00e5nga svenskar s\u00e5klart g\u00f6r d\u00e5 bostaden oftast anv\u00e4nds som en semesterbostad och d\u00e4rf\u00f6r endast nyttjas vissa perioder under \u00e5ret).<\/p>\n<h2><strong>Har man r\u00e4tt f\u00f6rs\u00e4kringsbelopp?<\/strong><\/h2>\n<p>&#8211; Viktigt att s\u00e4kerst\u00e4lla att f\u00f6rs\u00e4kringsbeloppet f\u00f6r byggnad och l\u00f6s\u00f6re \u00e4r korrekt och v\u00e4l tilltaget.<\/p>\n<p>&#8211; Beloppet f\u00f6r byggnad ska motsvara vad det kostar att reparera st\u00f6rsta m\u00f6jlig skada. Det finns \u00e4ven schablonmodeller som de flesta bolag till\u00e4mpar och kan vara behj\u00e4lpliga att rekommendera, men t\u00e4nk p\u00e5 att det alltid \u00e4r kundens ansvar att s\u00e4tta ett korrekt belopp.<\/p>\n<p>Ifall man valt ett f\u00f6r l\u00e5gt belopp kan det f\u00e5 stora konsekvenser vid en intr\u00e4ffad skada, d\u00e5 de flesta bolag till\u00e4mpar underf\u00f6rs\u00e4kringsregler.<\/p>\n<p>Vissa f\u00f6rs\u00e4kringsbolag erbjuder indexskydd d.v.s. att valda belopp f\u00f6r byggnad och l\u00f6s\u00f6re \u00e5rligen r\u00e4knas upp i takt med spanskt konsumentprisindex, detta \u00e4r bra d\u00e5 man annars riskerar att inflationen urholkar valda f\u00f6rs\u00e4kringsbelopp.<\/p>\n<p>Hos Svensk Utlandsf\u00f6rs\u00e4kring som \u00e4r en del av Varsam F\u00f6rs\u00e4kring har man svenskspr\u00e5kig jour dygnet runt. De erbjuder l\u00e4genhetsf\u00f6rs\u00e4kringar f\u00f6r din spanska semesterbostad.<\/p>\n<p>Samtliga f\u00f6rs\u00e4kringshandlingar s\u00e5som f\u00f6rs\u00e4kringsvillkor, f\u00f6rs\u00e4kringsbrev, f\u00f6rk\u00f6psinformation finns p\u00e5 s\u00e5v\u00e4l svenska som spanska. Kundservice och skadeservice (inkl. skadejour) \u00e4r alltid p\u00e5 svenska. Man erbjuder ocks\u00e5 en s\u00e4rskild service via s.k. kund koordinatorer som pratar b\u00e5de svenska och spanska.<\/p>\n<h2><strong>Beh\u00f6ver man komplettera sitt reseskydd?<\/strong><\/h2>\n<p>&#8211; Det beror p\u00e5 hur l\u00e4nge man avser att vistas utomlands, s\u00e4ger Roger Holmgren.<\/p>\n<p>&#8211; En svensk hemf\u00f6rs\u00e4kring inkluderar normalt ett fullgott reseskydd f\u00f6r resor som varar max 45 alternativ 60 dagar, beroende p\u00e5 vilket hemf\u00f6rs\u00e4kringsbolag och produkt man har. Om man avser att stanna en l\u00e4ngre period b\u00f6r man k\u00f6pa till ett kompletterande skydd innan resan p\u00e5b\u00f6rjas.<\/p>\n<p>&#8211; F\u00f6r en familj som avser att stanna exempelvis tre m\u00e5nader i str\u00e4ck kan detta inneb\u00e4ra en stor utgift, vi ser en tydlig trend som startade under covid d\u00e5 det blev vanligt att folk b\u00f6rjade jobba p\u00e5 distans i st\u00f6rre utstr\u00e4ckning, d\u00e4r man ocks\u00e5 \u00f6nskar stanna l\u00e4ngre perioder i sina semesterbost\u00e4der i Spanien.<\/p>\n<div id=\"attachment_77453\" style=\"width: 910px\" class=\"wp-caption alignnone\"><img loading=\"lazy\" decoding=\"async\" aria-describedby=\"caption-attachment-77453\" class=\"wp-image-77453 size-full\" src=\"https:\/\/lightweb.dev\/l\/svm-temp\/wp-content\/uploads\/2025\/01\/svm20250109160738.webp\" alt=\"\" width=\"900\" height=\"400\" srcset=\"https:\/\/lightweb.dev\/l\/svm-temp\/wp-content\/uploads\/2025\/01\/svm20250109160738.webp 900w, https:\/\/lightweb.dev\/l\/svm-temp\/wp-content\/uploads\/2025\/01\/svm20250109160738-300x133.webp 300w, https:\/\/lightweb.dev\/l\/svm-temp\/wp-content\/uploads\/2025\/01\/svm20250109160738-768x341.webp 768w, https:\/\/lightweb.dev\/l\/svm-temp\/wp-content\/uploads\/2025\/01\/svm20250109160738-610x271.webp 610w, https:\/\/lightweb.dev\/l\/svm-temp\/wp-content\/uploads\/2025\/01\/svm20250109160738-600x267.webp 600w\" sizes=\"(max-width: 900px) 100vw, 900px\" \/><p id=\"caption-attachment-77453\" class=\"wp-caption-text\">Peter Fallstr\u00f6m, Roger Holmgren och Layna da Silva Barbosa finns med p\u00e5 bostadsm\u00e4ssorna K\u00f6pa Hus Utomlands i Stockholm och G\u00f6teborg<\/p><\/div>\n<p>Varsam F\u00f6rs\u00e4kring &amp; Svensk Utlandsf\u00f6rs\u00e4kring erbjuder en s\u00e4rskild gruppf\u00f6rs\u00e4kring f\u00f6r de kunder som har sin hemf\u00f6rs\u00e4kring i Sverige via dem. Den produkten erbjuder ett f\u00f6rl\u00e4ngt skydd upp till 90 dagar vistelse utomlands. Eftersom produkten kan tecknas som \u00e5rsavtal kan s\u00e5ledes en familj vistas utomlands flera 90 dagars perioder under \u00e5ret f\u00f6r en och samma \u00e5rspremie, vilket f\u00f6r m\u00e5nga hush\u00e5ll kan vara v\u00e4ldigt kostnadseffektivt.<\/p>\n","protected":false},"excerpt":{"rendered":"<p>Naturkatastrofer, inbrott och ockupanter. Det \u00e4r mycket som kan s\u00e4tta myror i huvudet hos en \u00e4gare till bostad i Spanien. Framf\u00f6r allt om bostaden \u00e4r ett semesterboende och inte en permanent bostad&#8230;<\/p>\n","protected":false},"author":7,"featured_media":73234,"comment_status":"closed","ping_status":"closed","sticky":false,"template":"","format":"standard","meta":{"_et_pb_use_builder":"","_et_pb_old_content":"","_et_gb_content_width":"","footnotes":""},"categories":[395,3],"tags":[],"class_list":["post-77456","post","type-post","status-publish","format-standard","has-post-thumbnail","hentry","category-arkiv-nyheter","category-nyheter"],"yoast_head":"<!-- This site is optimized with the Yoast SEO Premium plugin v26.2 (Yoast SEO v28.2) - https:\/\/yoast.com\/product\/yoast-seo-premium-wordpress\/ -->\n<title>\u201dMed r\u00e4tt f\u00f6rberedelser och r\u00e4tt f\u00f6rs\u00e4kring kan du k\u00e4nna dig trygg\u201d - Svenska Magasinet<\/title>\n<meta name=\"description\" content=\"Naturkatastrofer, inbrott och ockupanter. Det \u00e4r mycket som kan s\u00e4tta myror i huvudet hos en \u00e4gare till bostad i Spanien. Framf\u00f6r allt om bostaden \u00e4r ett semesterboende och inte en permanent bostad.\" \/>\n<meta name=\"robots\" content=\"noindex, follow, max-snippet:-1, max-image-preview:large, max-video-preview:-1\" \/>\n<meta property=\"og:locale\" content=\"sv_SE\" \/>\n<meta property=\"og:type\" content=\"article\" \/>\n<meta property=\"og:title\" content=\"\u201dMed r\u00e4tt f\u00f6rberedelser och r\u00e4tt f\u00f6rs\u00e4kring kan du k\u00e4nna dig trygg\u201d\" \/>\n<meta property=\"og:description\" content=\"Naturkatastrofer, inbrott och ockupanter. Det \u00e4r mycket som kan s\u00e4tta myror i huvudet hos en \u00e4gare till bostad i Spanien. Framf\u00f6r allt om bostaden \u00e4r ett semesterboende och inte en permanent bostad.\" \/>\n<meta property=\"og:url\" content=\"https:\/\/lightweb.dev\/l\/svm-temp\/artiklar\/hem-bostad\/med-ratt-forberedelser-och-ratt-forsakring-kan-du-kanna-dig-trygg\/\" \/>\n<meta property=\"og:site_name\" content=\"Svenska Magasinet\" \/>\n<meta property=\"article:publisher\" content=\"https:\/\/www.facebook.com\/svenskamagasinet\" \/>\n<meta property=\"article:published_time\" content=\"2025-01-22T23:30:17+00:00\" \/>\n<meta property=\"article:modified_time\" content=\"2025-01-23T09:58:17+00:00\" \/>\n<meta property=\"og:image\" content=\"https:\/\/lightweb.dev\/l\/svm-temp\/wp-content\/uploads\/2024\/07\/close-up-beautiful-woman-luxury-house-stor.jpeg\" \/>\n\t<meta property=\"og:image:width\" content=\"1280\" \/>\n\t<meta property=\"og:image:height\" content=\"853\" \/>\n\t<meta property=\"og:image:type\" content=\"image\/jpeg\" \/>\n<meta name=\"author\" content=\"Ola Josefsson\" \/>\n<meta name=\"twitter:card\" content=\"summary_large_image\" \/>\n<meta name=\"twitter:creator\" content=\"@SvenskaMagasine\" \/>\n<meta name=\"twitter:site\" content=\"@SvenskaMagasine\" \/>\n<script type=\"application\/ld+json\" class=\"yoast-schema-graph\">{\"@context\":\"https:\\\/\\\/schema.org\",\"@graph\":[{\"@type\":\"Article\",\"@id\":\"https:\\\/\\\/lightweb.dev\\\/l\\\/svm-temp\\\/artiklar\\\/hem-bostad\\\/med-ratt-forberedelser-och-ratt-forsakring-kan-du-kanna-dig-trygg\\\/#article\",\"isPartOf\":{\"@id\":\"https:\\\/\\\/lightweb.dev\\\/l\\\/svm-temp\\\/artiklar\\\/hem-bostad\\\/med-ratt-forberedelser-och-ratt-forsakring-kan-du-kanna-dig-trygg\\\/\"},\"author\":{\"name\":\"Ola Josefsson\",\"@id\":\"https:\\\/\\\/lightweb.dev\\\/l\\\/svm-temp\\\/#\\\/schema\\\/person\\\/7a82b8a73d171d32360a564b6d03508e\"},\"headline\":\"\u201dMed r\u00e4tt f\u00f6rberedelser och r\u00e4tt f\u00f6rs\u00e4kring kan du k\u00e4nna dig trygg\u201d\",\"datePublished\":\"2025-01-22T23:30:17+00:00\",\"dateModified\":\"2025-01-23T09:58:17+00:00\",\"mainEntityOfPage\":{\"@id\":\"https:\\\/\\\/lightweb.dev\\\/l\\\/svm-temp\\\/artiklar\\\/hem-bostad\\\/med-ratt-forberedelser-och-ratt-forsakring-kan-du-kanna-dig-trygg\\\/\"},\"wordCount\":1308,\"publisher\":{\"@id\":\"https:\\\/\\\/lightweb.dev\\\/l\\\/svm-temp\\\/#organization\"},\"image\":{\"@id\":\"https:\\\/\\\/lightweb.dev\\\/l\\\/svm-temp\\\/artiklar\\\/hem-bostad\\\/med-ratt-forberedelser-och-ratt-forsakring-kan-du-kanna-dig-trygg\\\/#primaryimage\"},\"thumbnailUrl\":\"https:\\\/\\\/lightweb.dev\\\/l\\\/svm-temp\\\/wp-content\\\/uploads\\\/2024\\\/07\\\/close-up-beautiful-woman-luxury-house-stor.jpeg\",\"articleSection\":[\"Arkiv\",\"Nyheter\"],\"inLanguage\":\"sv-SE\"},{\"@type\":\"WebPage\",\"@id\":\"https:\\\/\\\/lightweb.dev\\\/l\\\/svm-temp\\\/artiklar\\\/hem-bostad\\\/med-ratt-forberedelser-och-ratt-forsakring-kan-du-kanna-dig-trygg\\\/\",\"url\":\"https:\\\/\\\/lightweb.dev\\\/l\\\/svm-temp\\\/artiklar\\\/hem-bostad\\\/med-ratt-forberedelser-och-ratt-forsakring-kan-du-kanna-dig-trygg\\\/\",\"name\":\"\u201dMed r\u00e4tt f\u00f6rberedelser och r\u00e4tt f\u00f6rs\u00e4kring kan du k\u00e4nna dig trygg\u201d - Svenska Magasinet\",\"isPartOf\":{\"@id\":\"https:\\\/\\\/lightweb.dev\\\/l\\\/svm-temp\\\/#website\"},\"primaryImageOfPage\":{\"@id\":\"https:\\\/\\\/lightweb.dev\\\/l\\\/svm-temp\\\/artiklar\\\/hem-bostad\\\/med-ratt-forberedelser-och-ratt-forsakring-kan-du-kanna-dig-trygg\\\/#primaryimage\"},\"image\":{\"@id\":\"https:\\\/\\\/lightweb.dev\\\/l\\\/svm-temp\\\/artiklar\\\/hem-bostad\\\/med-ratt-forberedelser-och-ratt-forsakring-kan-du-kanna-dig-trygg\\\/#primaryimage\"},\"thumbnailUrl\":\"https:\\\/\\\/lightweb.dev\\\/l\\\/svm-temp\\\/wp-content\\\/uploads\\\/2024\\\/07\\\/close-up-beautiful-woman-luxury-house-stor.jpeg\",\"datePublished\":\"2025-01-22T23:30:17+00:00\",\"dateModified\":\"2025-01-23T09:58:17+00:00\",\"description\":\"Naturkatastrofer, inbrott och ockupanter. Det \u00e4r mycket som kan s\u00e4tta myror i huvudet hos en \u00e4gare till bostad i Spanien. Framf\u00f6r allt om bostaden \u00e4r ett semesterboende och inte en permanent bostad.\",\"breadcrumb\":{\"@id\":\"https:\\\/\\\/lightweb.dev\\\/l\\\/svm-temp\\\/artiklar\\\/hem-bostad\\\/med-ratt-forberedelser-och-ratt-forsakring-kan-du-kanna-dig-trygg\\\/#breadcrumb\"},\"inLanguage\":\"sv-SE\",\"potentialAction\":[{\"@type\":\"ReadAction\",\"target\":[\"https:\\\/\\\/lightweb.dev\\\/l\\\/svm-temp\\\/artiklar\\\/hem-bostad\\\/med-ratt-forberedelser-och-ratt-forsakring-kan-du-kanna-dig-trygg\\\/\"]}]},{\"@type\":\"ImageObject\",\"inLanguage\":\"sv-SE\",\"@id\":\"https:\\\/\\\/lightweb.dev\\\/l\\\/svm-temp\\\/artiklar\\\/hem-bostad\\\/med-ratt-forberedelser-och-ratt-forsakring-kan-du-kanna-dig-trygg\\\/#primaryimage\",\"url\":\"https:\\\/\\\/lightweb.dev\\\/l\\\/svm-temp\\\/wp-content\\\/uploads\\\/2024\\\/07\\\/close-up-beautiful-woman-luxury-house-stor.jpeg\",\"contentUrl\":\"https:\\\/\\\/lightweb.dev\\\/l\\\/svm-temp\\\/wp-content\\\/uploads\\\/2024\\\/07\\\/close-up-beautiful-woman-luxury-house-stor.jpeg\",\"width\":1280,\"height\":853},{\"@type\":\"BreadcrumbList\",\"@id\":\"https:\\\/\\\/lightweb.dev\\\/l\\\/svm-temp\\\/artiklar\\\/hem-bostad\\\/med-ratt-forberedelser-och-ratt-forsakring-kan-du-kanna-dig-trygg\\\/#breadcrumb\",\"itemListElement\":[{\"@type\":\"ListItem\",\"position\":1,\"name\":\"Hem\",\"item\":\"https:\\\/\\\/lightweb.dev\\\/l\\\/svm-temp\\\/\"},{\"@type\":\"ListItem\",\"position\":2,\"name\":\"\u201dMed r\u00e4tt f\u00f6rberedelser och r\u00e4tt f\u00f6rs\u00e4kring kan du k\u00e4nna dig trygg\u201d\"}]},{\"@type\":\"WebSite\",\"@id\":\"https:\\\/\\\/lightweb.dev\\\/l\\\/svm-temp\\\/#website\",\"url\":\"https:\\\/\\\/lightweb.dev\\\/l\\\/svm-temp\\\/\",\"name\":\"Svenska Magasinet\",\"description\":\"Dina Spanska nyheter p&aring; Svenska\",\"publisher\":{\"@id\":\"https:\\\/\\\/lightweb.dev\\\/l\\\/svm-temp\\\/#organization\"},\"potentialAction\":[{\"@type\":\"SearchAction\",\"target\":{\"@type\":\"EntryPoint\",\"urlTemplate\":\"https:\\\/\\\/lightweb.dev\\\/l\\\/svm-temp\\\/?s={search_term_string}\"},\"query-input\":{\"@type\":\"PropertyValueSpecification\",\"valueRequired\":true,\"valueName\":\"search_term_string\"}}],\"inLanguage\":\"sv-SE\"},{\"@type\":\"Organization\",\"@id\":\"https:\\\/\\\/lightweb.dev\\\/l\\\/svm-temp\\\/#organization\",\"name\":\"Melkerson y Nott SL\",\"alternateName\":\"Svenska Magasinet\",\"url\":\"https:\\\/\\\/lightweb.dev\\\/l\\\/svm-temp\\\/\",\"logo\":{\"@type\":\"ImageObject\",\"inLanguage\":\"sv-SE\",\"@id\":\"https:\\\/\\\/lightweb.dev\\\/l\\\/svm-temp\\\/#\\\/schema\\\/logo\\\/image\\\/\",\"url\":\"https:\\\/\\\/lightweb.dev\\\/l\\\/svm-temp\\\/wp-content\\\/uploads\\\/2025\\\/02\\\/SvM-logo-Xtra-Centrerad-SVART.png\",\"contentUrl\":\"https:\\\/\\\/lightweb.dev\\\/l\\\/svm-temp\\\/wp-content\\\/uploads\\\/2025\\\/02\\\/SvM-logo-Xtra-Centrerad-SVART.png\",\"width\":300,\"height\":99,\"caption\":\"Melkerson y Nott SL\"},\"image\":{\"@id\":\"https:\\\/\\\/lightweb.dev\\\/l\\\/svm-temp\\\/#\\\/schema\\\/logo\\\/image\\\/\"},\"sameAs\":[\"https:\\\/\\\/www.facebook.com\\\/svenskamagasinet\",\"https:\\\/\\\/x.com\\\/SvenskaMagasine\"]},{\"@type\":\"Person\",\"@id\":\"https:\\\/\\\/lightweb.dev\\\/l\\\/svm-temp\\\/#\\\/schema\\\/person\\\/7a82b8a73d171d32360a564b6d03508e\",\"name\":\"Ola Josefsson\",\"description\":\"Bevakar Solkusten och Spanien sedan 1994.\",\"sameAs\":[\"https:\\\/\\\/lightweb.dev\\\/l\\\/svm-temp\"],\"url\":\"https:\\\/\\\/lightweb.dev\\\/l\\\/svm-temp\\\/reporter\\\/ola-josefsson\\\/\"}]}<\/script>\n<!-- \/ Yoast SEO Premium plugin. -->","yoast_head_json":{"title":"\u201dMed r\u00e4tt f\u00f6rberedelser och r\u00e4tt f\u00f6rs\u00e4kring kan du k\u00e4nna dig trygg\u201d - Svenska Magasinet","description":"Naturkatastrofer, inbrott och ockupanter. Det \u00e4r mycket som kan s\u00e4tta myror i huvudet hos en \u00e4gare till bostad i Spanien. Framf\u00f6r allt om bostaden \u00e4r ett semesterboende och inte en permanent bostad.","robots":{"index":"noindex","follow":"follow","max-snippet":"max-snippet:-1","max-image-preview":"max-image-preview:large","max-video-preview":"max-video-preview:-1"},"og_locale":"sv_SE","og_type":"article","og_title":"\u201dMed r\u00e4tt f\u00f6rberedelser och r\u00e4tt f\u00f6rs\u00e4kring kan du k\u00e4nna dig trygg\u201d","og_description":"Naturkatastrofer, inbrott och ockupanter. Det \u00e4r mycket som kan s\u00e4tta myror i huvudet hos en \u00e4gare till bostad i Spanien. Framf\u00f6r allt om bostaden \u00e4r ett semesterboende och inte en permanent bostad.","og_url":"https:\/\/lightweb.dev\/l\/svm-temp\/artiklar\/hem-bostad\/med-ratt-forberedelser-och-ratt-forsakring-kan-du-kanna-dig-trygg\/","og_site_name":"Svenska Magasinet","article_publisher":"https:\/\/www.facebook.com\/svenskamagasinet","article_published_time":"2025-01-22T23:30:17+00:00","article_modified_time":"2025-01-23T09:58:17+00:00","og_image":[{"width":1280,"height":853,"url":"https:\/\/lightweb.dev\/l\/svm-temp\/wp-content\/uploads\/2024\/07\/close-up-beautiful-woman-luxury-house-stor.jpeg","type":"image\/jpeg"}],"author":"Ola Josefsson","twitter_card":"summary_large_image","twitter_creator":"@SvenskaMagasine","twitter_site":"@SvenskaMagasine","schema":{"@context":"https:\/\/schema.org","@graph":[{"@type":"Article","@id":"https:\/\/lightweb.dev\/l\/svm-temp\/artiklar\/hem-bostad\/med-ratt-forberedelser-och-ratt-forsakring-kan-du-kanna-dig-trygg\/#article","isPartOf":{"@id":"https:\/\/lightweb.dev\/l\/svm-temp\/artiklar\/hem-bostad\/med-ratt-forberedelser-och-ratt-forsakring-kan-du-kanna-dig-trygg\/"},"author":{"name":"Ola Josefsson","@id":"https:\/\/lightweb.dev\/l\/svm-temp\/#\/schema\/person\/7a82b8a73d171d32360a564b6d03508e"},"headline":"\u201dMed r\u00e4tt f\u00f6rberedelser och r\u00e4tt f\u00f6rs\u00e4kring kan du k\u00e4nna dig trygg\u201d","datePublished":"2025-01-22T23:30:17+00:00","dateModified":"2025-01-23T09:58:17+00:00","mainEntityOfPage":{"@id":"https:\/\/lightweb.dev\/l\/svm-temp\/artiklar\/hem-bostad\/med-ratt-forberedelser-och-ratt-forsakring-kan-du-kanna-dig-trygg\/"},"wordCount":1308,"publisher":{"@id":"https:\/\/lightweb.dev\/l\/svm-temp\/#organization"},"image":{"@id":"https:\/\/lightweb.dev\/l\/svm-temp\/artiklar\/hem-bostad\/med-ratt-forberedelser-och-ratt-forsakring-kan-du-kanna-dig-trygg\/#primaryimage"},"thumbnailUrl":"https:\/\/lightweb.dev\/l\/svm-temp\/wp-content\/uploads\/2024\/07\/close-up-beautiful-woman-luxury-house-stor.jpeg","articleSection":["Arkiv","Nyheter"],"inLanguage":"sv-SE"},{"@type":"WebPage","@id":"https:\/\/lightweb.dev\/l\/svm-temp\/artiklar\/hem-bostad\/med-ratt-forberedelser-och-ratt-forsakring-kan-du-kanna-dig-trygg\/","url":"https:\/\/lightweb.dev\/l\/svm-temp\/artiklar\/hem-bostad\/med-ratt-forberedelser-och-ratt-forsakring-kan-du-kanna-dig-trygg\/","name":"\u201dMed r\u00e4tt f\u00f6rberedelser och r\u00e4tt f\u00f6rs\u00e4kring kan du k\u00e4nna dig trygg\u201d - Svenska Magasinet","isPartOf":{"@id":"https:\/\/lightweb.dev\/l\/svm-temp\/#website"},"primaryImageOfPage":{"@id":"https:\/\/lightweb.dev\/l\/svm-temp\/artiklar\/hem-bostad\/med-ratt-forberedelser-och-ratt-forsakring-kan-du-kanna-dig-trygg\/#primaryimage"},"image":{"@id":"https:\/\/lightweb.dev\/l\/svm-temp\/artiklar\/hem-bostad\/med-ratt-forberedelser-och-ratt-forsakring-kan-du-kanna-dig-trygg\/#primaryimage"},"thumbnailUrl":"https:\/\/lightweb.dev\/l\/svm-temp\/wp-content\/uploads\/2024\/07\/close-up-beautiful-woman-luxury-house-stor.jpeg","datePublished":"2025-01-22T23:30:17+00:00","dateModified":"2025-01-23T09:58:17+00:00","description":"Naturkatastrofer, inbrott och ockupanter. Det \u00e4r mycket som kan s\u00e4tta myror i huvudet hos en \u00e4gare till bostad i Spanien. Framf\u00f6r allt om bostaden \u00e4r ett semesterboende och inte en permanent bostad.","breadcrumb":{"@id":"https:\/\/lightweb.dev\/l\/svm-temp\/artiklar\/hem-bostad\/med-ratt-forberedelser-och-ratt-forsakring-kan-du-kanna-dig-trygg\/#breadcrumb"},"inLanguage":"sv-SE","potentialAction":[{"@type":"ReadAction","target":["https:\/\/lightweb.dev\/l\/svm-temp\/artiklar\/hem-bostad\/med-ratt-forberedelser-och-ratt-forsakring-kan-du-kanna-dig-trygg\/"]}]},{"@type":"ImageObject","inLanguage":"sv-SE","@id":"https:\/\/lightweb.dev\/l\/svm-temp\/artiklar\/hem-bostad\/med-ratt-forberedelser-och-ratt-forsakring-kan-du-kanna-dig-trygg\/#primaryimage","url":"https:\/\/lightweb.dev\/l\/svm-temp\/wp-content\/uploads\/2024\/07\/close-up-beautiful-woman-luxury-house-stor.jpeg","contentUrl":"https:\/\/lightweb.dev\/l\/svm-temp\/wp-content\/uploads\/2024\/07\/close-up-beautiful-woman-luxury-house-stor.jpeg","width":1280,"height":853},{"@type":"BreadcrumbList","@id":"https:\/\/lightweb.dev\/l\/svm-temp\/artiklar\/hem-bostad\/med-ratt-forberedelser-och-ratt-forsakring-kan-du-kanna-dig-trygg\/#breadcrumb","itemListElement":[{"@type":"ListItem","position":1,"name":"Hem","item":"https:\/\/lightweb.dev\/l\/svm-temp\/"},{"@type":"ListItem","position":2,"name":"\u201dMed r\u00e4tt f\u00f6rberedelser och r\u00e4tt f\u00f6rs\u00e4kring kan du k\u00e4nna dig trygg\u201d"}]},{"@type":"WebSite","@id":"https:\/\/lightweb.dev\/l\/svm-temp\/#website","url":"https:\/\/lightweb.dev\/l\/svm-temp\/","name":"Svenska Magasinet","description":"Dina Spanska nyheter p&aring; Svenska","publisher":{"@id":"https:\/\/lightweb.dev\/l\/svm-temp\/#organization"},"potentialAction":[{"@type":"SearchAction","target":{"@type":"EntryPoint","urlTemplate":"https:\/\/lightweb.dev\/l\/svm-temp\/?s={search_term_string}"},"query-input":{"@type":"PropertyValueSpecification","valueRequired":true,"valueName":"search_term_string"}}],"inLanguage":"sv-SE"},{"@type":"Organization","@id":"https:\/\/lightweb.dev\/l\/svm-temp\/#organization","name":"Melkerson y Nott SL","alternateName":"Svenska Magasinet","url":"https:\/\/lightweb.dev\/l\/svm-temp\/","logo":{"@type":"ImageObject","inLanguage":"sv-SE","@id":"https:\/\/lightweb.dev\/l\/svm-temp\/#\/schema\/logo\/image\/","url":"https:\/\/lightweb.dev\/l\/svm-temp\/wp-content\/uploads\/2025\/02\/SvM-logo-Xtra-Centrerad-SVART.png","contentUrl":"https:\/\/lightweb.dev\/l\/svm-temp\/wp-content\/uploads\/2025\/02\/SvM-logo-Xtra-Centrerad-SVART.png","width":300,"height":99,"caption":"Melkerson y Nott SL"},"image":{"@id":"https:\/\/lightweb.dev\/l\/svm-temp\/#\/schema\/logo\/image\/"},"sameAs":["https:\/\/www.facebook.com\/svenskamagasinet","https:\/\/x.com\/SvenskaMagasine"]},{"@type":"Person","@id":"https:\/\/lightweb.dev\/l\/svm-temp\/#\/schema\/person\/7a82b8a73d171d32360a564b6d03508e","name":"Ola Josefsson","description":"Bevakar Solkusten och Spanien sedan 1994.","sameAs":["https:\/\/lightweb.dev\/l\/svm-temp"],"url":"https:\/\/lightweb.dev\/l\/svm-temp\/reporter\/ola-josefsson\/"}]}},"_links":{"self":[{"href":"https:\/\/lightweb.dev\/l\/svm-temp\/wp-json\/wp\/v2\/posts\/77456","targetHints":{"allow":["GET"]}}],"collection":[{"href":"https:\/\/lightweb.dev\/l\/svm-temp\/wp-json\/wp\/v2\/posts"}],"about":[{"href":"https:\/\/lightweb.dev\/l\/svm-temp\/wp-json\/wp\/v2\/types\/post"}],"author":[{"embeddable":true,"href":"https:\/\/lightweb.dev\/l\/svm-temp\/wp-json\/wp\/v2\/users\/7"}],"replies":[{"embeddable":true,"href":"https:\/\/lightweb.dev\/l\/svm-temp\/wp-json\/wp\/v2\/comments?post=77456"}],"version-history":[{"count":0,"href":"https:\/\/lightweb.dev\/l\/svm-temp\/wp-json\/wp\/v2\/posts\/77456\/revisions"}],"wp:featuredmedia":[{"embeddable":true,"href":"https:\/\/lightweb.dev\/l\/svm-temp\/wp-json\/wp\/v2\/media\/73234"}],"wp:attachment":[{"href":"https:\/\/lightweb.dev\/l\/svm-temp\/wp-json\/wp\/v2\/media?parent=77456"}],"wp:term":[{"taxonomy":"category","embeddable":true,"href":"https:\/\/lightweb.dev\/l\/svm-temp\/wp-json\/wp\/v2\/categories?post=77456"},{"taxonomy":"post_tag","embeddable":true,"href":"https:\/\/lightweb.dev\/l\/svm-temp\/wp-json\/wp\/v2\/tags?post=77456"}],"curies":[{"name":"wp","href":"https:\/\/api.w.org\/{rel}","templated":true}]}}