{"id":77693,"date":"2025-01-22T15:44:03","date_gmt":"2025-01-22T14:44:03","guid":{"rendered":"https:\/\/lightweb.dev\/l\/svm-temp\/?p=77693"},"modified":"2025-01-22T15:46:04","modified_gmt":"2025-01-22T14:46:04","slug":"bryssel-kraver-att-spanien-godkanner-dieselskatten-annars-blir-det-inga-mer-pengar","status":"publish","type":"post","link":"https:\/\/lightweb.dev\/l\/svm-temp\/nyheter\/utrikes\/bryssel-kraver-att-spanien-godkanner-dieselskatten-annars-blir-det-inga-mer-pengar\/","title":{"rendered":"Bryssel kr\u00e4ver att Spanien godk\u00e4nner dieselskatten annars blir det inga mer pengar"},"content":{"rendered":"<p><strong>Spanien v\u00e4ntar p\u00e5 den femte utbetalningen som ing\u00e5r i \u00e5terh\u00e4mtningsplanen Next Generation. Men d\u00e5 kr\u00e4ver EU att landet godk\u00e4nner en h\u00f6jning av dieselskatten \u2013 annars blir det inga pengar.<\/strong><\/p>\n<p>Regeringschefen Pedro S\u00e1nchez pratar g\u00e4rna om den spanska tillv\u00e4xten. Samtidigt \u00e4r Spanien ett av de l\u00e4nder som efter Covid-19-pandemin f\u00e5tt mest hj\u00e4lp i form av l\u00e5n och bidrag.<\/p>\n<p>N\u00e4rmast v\u00e4ntar 25 miljarder euro i europeiskt bist\u00e5nd som ska komma Spanien till del i en femte utbetalning.<\/p>\n<p>Men i till\u00e4gget som presenterades i december finns det en post om h\u00f6jd dieselskatt som ett krav f\u00f6r att landet ska f\u00e5 denna femte utbetalning. Spanien har tv\u00e5 m\u00e5nader p\u00e5 sig att komma med ett besked innan EU-kommissionen kommer med ett svar som grundar sig p\u00e5 om Spanien uppfyller m\u00e5len.<\/p>\n<h2 class=\"entry-title\">L\u00e4s mer: <a href=\"https:\/\/lightweb.dev\/l\/svm-temp\/artiklar\/spanien-just-nu\/spanien-just-nu-andalusien-bast-i-klassen\/\">Spanien just nu \u2013 Andalusien b\u00e4st i klassen<\/a><\/h2>\n<p>Annars v\u00e4ntar en delbetalning som vid den f\u00f6rra utbetalningen, den fj\u00e4rde, d\u00e5 landet dr\u00f6jde med att uppfylla visa krav.<\/p>\n<h2 class=\"entry-title\">L\u00e4s mer: <a href=\"https:\/\/lightweb.dev\/l\/svm-temp\/artiklar\/ekonomi\/spanien-far-fjarde-utbetalningen-fran-eus-aterhamtningsfond\/\">Spanien f\u00e5r fj\u00e4rde utbetalningen fr\u00e5n EU:s \u00e5terh\u00e4mtningsfond<\/a><\/h2>\n<p>PSOE:s regeringskollega ytterv\u00e4nsterpartiet Podemos har sagt att de bara st\u00f6der \u00e5tg\u00e4rden om en permanent skatt p\u00e5 energibolag inf\u00f6rs n\u00e5got som de regionala partierna PNV och Junts avvisar.<\/p>\n<p>Av de 25 miljarder euro som Spanien v\u00e4ntar p\u00e5 \u00e4r nio miljarder euro bidrag och 16 miljarder euro \u00e4r l\u00e5n.<\/p>\n<p>EU har \u00e4ven satt som krav att Spanien m\u00e5ste s\u00e4nka budgetunderskottet och statsskulden.<\/p>\n","protected":false},"excerpt":{"rendered":"<p>Spanien v\u00e4ntar p\u00e5 den femte utbetalningen som ing\u00e5r i \u00e5terh\u00e4mtningsplanen Next Generation. Men d\u00e5 kr\u00e4ver EU att landet godk\u00e4nner en h\u00f6jning av dieselskatten \u2013 annars blir det inga pengar&#8230;<\/p>\n","protected":false},"author":7,"featured_media":77692,"comment_status":"closed","ping_status":"closed","sticky":false,"template":"","format":"standard","meta":{"_et_pb_use_builder":"","_et_pb_old_content":"","_et_gb_content_width":"","footnotes":""},"categories":[3,348],"tags":[],"class_list":["post-77693","post","type-post","status-publish","format-standard","has-post-thumbnail","hentry","category-nyheter","category-utrikes"],"yoast_head":"<!-- This site is optimized with the Yoast SEO Premium plugin v26.2 (Yoast SEO v28.2) - https:\/\/yoast.com\/product\/yoast-seo-premium-wordpress\/ -->\n<title>Bryssel kr\u00e4ver att Spanien godk\u00e4nner dieselskatten annars blir det inga mer pengar - Svenska Magasinet<\/title>\n<meta name=\"description\" content=\"Spanien v\u00e4ntar p\u00e5 den femte utbetalningen som ing\u00e5r i \u00e5terh\u00e4mtningsplanen Next Generation. Men d\u00e5 kr\u00e4ver EU att landet godk\u00e4nner en h\u00f6jning av dieselskatten \u2013 annars blir det inga pengar.\" \/>\n<meta name=\"robots\" content=\"noindex, follow, max-snippet:-1, max-image-preview:large, max-video-preview:-1\" \/>\n<meta property=\"og:locale\" content=\"sv_SE\" \/>\n<meta property=\"og:type\" content=\"article\" \/>\n<meta property=\"og:title\" content=\"Bryssel kr\u00e4ver att Spanien godk\u00e4nner dieselskatten annars blir det inga mer pengar\" \/>\n<meta property=\"og:description\" content=\"Spanien v\u00e4ntar p\u00e5 den femte utbetalningen som ing\u00e5r i \u00e5terh\u00e4mtningsplanen Next Generation. Men d\u00e5 kr\u00e4ver EU att landet godk\u00e4nner en h\u00f6jning av dieselskatten \u2013 annars blir det inga pengar.\" \/>\n<meta property=\"og:url\" content=\"https:\/\/lightweb.dev\/l\/svm-temp\/nyheter\/utrikes\/bryssel-kraver-att-spanien-godkanner-dieselskatten-annars-blir-det-inga-mer-pengar\/\" \/>\n<meta property=\"og:site_name\" content=\"Svenska Magasinet\" \/>\n<meta property=\"article:publisher\" content=\"https:\/\/www.facebook.com\/svenskamagasinet\" \/>\n<meta property=\"article:published_time\" content=\"2025-01-22T14:44:03+00:00\" \/>\n<meta property=\"article:modified_time\" content=\"2025-01-22T14:46:04+00:00\" \/>\n<meta property=\"og:image\" content=\"https:\/\/lightweb.dev\/l\/svm-temp\/wp-content\/uploads\/2025\/01\/svm20250122144226.webp\" \/>\n\t<meta property=\"og:image:width\" content=\"900\" \/>\n\t<meta property=\"og:image:height\" content=\"400\" \/>\n\t<meta property=\"og:image:type\" content=\"image\/webp\" \/>\n<meta name=\"author\" content=\"Ola Josefsson\" \/>\n<meta name=\"twitter:card\" content=\"summary_large_image\" \/>\n<meta name=\"twitter:creator\" content=\"@SvenskaMagasine\" \/>\n<meta name=\"twitter:site\" content=\"@SvenskaMagasine\" \/>\n<script type=\"application\/ld+json\" class=\"yoast-schema-graph\">{\"@context\":\"https:\\\/\\\/schema.org\",\"@graph\":[{\"@type\":\"Article\",\"@id\":\"https:\\\/\\\/lightweb.dev\\\/l\\\/svm-temp\\\/nyheter\\\/utrikes\\\/bryssel-kraver-att-spanien-godkanner-dieselskatten-annars-blir-det-inga-mer-pengar\\\/#article\",\"isPartOf\":{\"@id\":\"https:\\\/\\\/lightweb.dev\\\/l\\\/svm-temp\\\/nyheter\\\/utrikes\\\/bryssel-kraver-att-spanien-godkanner-dieselskatten-annars-blir-det-inga-mer-pengar\\\/\"},\"author\":{\"name\":\"Ola Josefsson\",\"@id\":\"https:\\\/\\\/lightweb.dev\\\/l\\\/svm-temp\\\/#\\\/schema\\\/person\\\/7a82b8a73d171d32360a564b6d03508e\"},\"headline\":\"Bryssel kr\u00e4ver att Spanien godk\u00e4nner dieselskatten annars blir det inga mer pengar\",\"datePublished\":\"2025-01-22T14:44:03+00:00\",\"dateModified\":\"2025-01-22T14:46:04+00:00\",\"mainEntityOfPage\":{\"@id\":\"https:\\\/\\\/lightweb.dev\\\/l\\\/svm-temp\\\/nyheter\\\/utrikes\\\/bryssel-kraver-att-spanien-godkanner-dieselskatten-annars-blir-det-inga-mer-pengar\\\/\"},\"wordCount\":276,\"publisher\":{\"@id\":\"https:\\\/\\\/lightweb.dev\\\/l\\\/svm-temp\\\/#organization\"},\"image\":{\"@id\":\"https:\\\/\\\/lightweb.dev\\\/l\\\/svm-temp\\\/nyheter\\\/utrikes\\\/bryssel-kraver-att-spanien-godkanner-dieselskatten-annars-blir-det-inga-mer-pengar\\\/#primaryimage\"},\"thumbnailUrl\":\"https:\\\/\\\/lightweb.dev\\\/l\\\/svm-temp\\\/wp-content\\\/uploads\\\/2025\\\/01\\\/svm20250122144226.webp\",\"articleSection\":[\"Nyheter\",\"Utrikes\"],\"inLanguage\":\"sv-SE\"},{\"@type\":\"WebPage\",\"@id\":\"https:\\\/\\\/lightweb.dev\\\/l\\\/svm-temp\\\/nyheter\\\/utrikes\\\/bryssel-kraver-att-spanien-godkanner-dieselskatten-annars-blir-det-inga-mer-pengar\\\/\",\"url\":\"https:\\\/\\\/lightweb.dev\\\/l\\\/svm-temp\\\/nyheter\\\/utrikes\\\/bryssel-kraver-att-spanien-godkanner-dieselskatten-annars-blir-det-inga-mer-pengar\\\/\",\"name\":\"Bryssel kr\u00e4ver att Spanien godk\u00e4nner dieselskatten annars blir det inga mer pengar - Svenska Magasinet\",\"isPartOf\":{\"@id\":\"https:\\\/\\\/lightweb.dev\\\/l\\\/svm-temp\\\/#website\"},\"primaryImageOfPage\":{\"@id\":\"https:\\\/\\\/lightweb.dev\\\/l\\\/svm-temp\\\/nyheter\\\/utrikes\\\/bryssel-kraver-att-spanien-godkanner-dieselskatten-annars-blir-det-inga-mer-pengar\\\/#primaryimage\"},\"image\":{\"@id\":\"https:\\\/\\\/lightweb.dev\\\/l\\\/svm-temp\\\/nyheter\\\/utrikes\\\/bryssel-kraver-att-spanien-godkanner-dieselskatten-annars-blir-det-inga-mer-pengar\\\/#primaryimage\"},\"thumbnailUrl\":\"https:\\\/\\\/lightweb.dev\\\/l\\\/svm-temp\\\/wp-content\\\/uploads\\\/2025\\\/01\\\/svm20250122144226.webp\",\"datePublished\":\"2025-01-22T14:44:03+00:00\",\"dateModified\":\"2025-01-22T14:46:04+00:00\",\"description\":\"Spanien v\u00e4ntar p\u00e5 den femte utbetalningen som ing\u00e5r i \u00e5terh\u00e4mtningsplanen Next Generation. Men d\u00e5 kr\u00e4ver EU att landet godk\u00e4nner en h\u00f6jning av dieselskatten \u2013 annars blir det inga pengar.\",\"breadcrumb\":{\"@id\":\"https:\\\/\\\/lightweb.dev\\\/l\\\/svm-temp\\\/nyheter\\\/utrikes\\\/bryssel-kraver-att-spanien-godkanner-dieselskatten-annars-blir-det-inga-mer-pengar\\\/#breadcrumb\"},\"inLanguage\":\"sv-SE\",\"potentialAction\":[{\"@type\":\"ReadAction\",\"target\":[\"https:\\\/\\\/lightweb.dev\\\/l\\\/svm-temp\\\/nyheter\\\/utrikes\\\/bryssel-kraver-att-spanien-godkanner-dieselskatten-annars-blir-det-inga-mer-pengar\\\/\"]}]},{\"@type\":\"ImageObject\",\"inLanguage\":\"sv-SE\",\"@id\":\"https:\\\/\\\/lightweb.dev\\\/l\\\/svm-temp\\\/nyheter\\\/utrikes\\\/bryssel-kraver-att-spanien-godkanner-dieselskatten-annars-blir-det-inga-mer-pengar\\\/#primaryimage\",\"url\":\"https:\\\/\\\/lightweb.dev\\\/l\\\/svm-temp\\\/wp-content\\\/uploads\\\/2025\\\/01\\\/svm20250122144226.webp\",\"contentUrl\":\"https:\\\/\\\/lightweb.dev\\\/l\\\/svm-temp\\\/wp-content\\\/uploads\\\/2025\\\/01\\\/svm20250122144226.webp\",\"width\":900,\"height\":400,\"caption\":\"(Foto: EU)\"},{\"@type\":\"BreadcrumbList\",\"@id\":\"https:\\\/\\\/lightweb.dev\\\/l\\\/svm-temp\\\/nyheter\\\/utrikes\\\/bryssel-kraver-att-spanien-godkanner-dieselskatten-annars-blir-det-inga-mer-pengar\\\/#breadcrumb\",\"itemListElement\":[{\"@type\":\"ListItem\",\"position\":1,\"name\":\"Hem\",\"item\":\"https:\\\/\\\/lightweb.dev\\\/l\\\/svm-temp\\\/\"},{\"@type\":\"ListItem\",\"position\":2,\"name\":\"Bryssel kr\u00e4ver att Spanien godk\u00e4nner dieselskatten annars blir det inga mer pengar\"}]},{\"@type\":\"WebSite\",\"@id\":\"https:\\\/\\\/lightweb.dev\\\/l\\\/svm-temp\\\/#website\",\"url\":\"https:\\\/\\\/lightweb.dev\\\/l\\\/svm-temp\\\/\",\"name\":\"Svenska Magasinet\",\"description\":\"Dina Spanska nyheter p&aring; Svenska\",\"publisher\":{\"@id\":\"https:\\\/\\\/lightweb.dev\\\/l\\\/svm-temp\\\/#organization\"},\"potentialAction\":[{\"@type\":\"SearchAction\",\"target\":{\"@type\":\"EntryPoint\",\"urlTemplate\":\"https:\\\/\\\/lightweb.dev\\\/l\\\/svm-temp\\\/?s={search_term_string}\"},\"query-input\":{\"@type\":\"PropertyValueSpecification\",\"valueRequired\":true,\"valueName\":\"search_term_string\"}}],\"inLanguage\":\"sv-SE\"},{\"@type\":\"Organization\",\"@id\":\"https:\\\/\\\/lightweb.dev\\\/l\\\/svm-temp\\\/#organization\",\"name\":\"Melkerson y Nott SL\",\"alternateName\":\"Svenska Magasinet\",\"url\":\"https:\\\/\\\/lightweb.dev\\\/l\\\/svm-temp\\\/\",\"logo\":{\"@type\":\"ImageObject\",\"inLanguage\":\"sv-SE\",\"@id\":\"https:\\\/\\\/lightweb.dev\\\/l\\\/svm-temp\\\/#\\\/schema\\\/logo\\\/image\\\/\",\"url\":\"https:\\\/\\\/lightweb.dev\\\/l\\\/svm-temp\\\/wp-content\\\/uploads\\\/2025\\\/02\\\/SvM-logo-Xtra-Centrerad-SVART.png\",\"contentUrl\":\"https:\\\/\\\/lightweb.dev\\\/l\\\/svm-temp\\\/wp-content\\\/uploads\\\/2025\\\/02\\\/SvM-logo-Xtra-Centrerad-SVART.png\",\"width\":300,\"height\":99,\"caption\":\"Melkerson y Nott SL\"},\"image\":{\"@id\":\"https:\\\/\\\/lightweb.dev\\\/l\\\/svm-temp\\\/#\\\/schema\\\/logo\\\/image\\\/\"},\"sameAs\":[\"https:\\\/\\\/www.facebook.com\\\/svenskamagasinet\",\"https:\\\/\\\/x.com\\\/SvenskaMagasine\"]},{\"@type\":\"Person\",\"@id\":\"https:\\\/\\\/lightweb.dev\\\/l\\\/svm-temp\\\/#\\\/schema\\\/person\\\/7a82b8a73d171d32360a564b6d03508e\",\"name\":\"Ola Josefsson\",\"description\":\"Bevakar Solkusten och Spanien sedan 1994.\",\"sameAs\":[\"https:\\\/\\\/lightweb.dev\\\/l\\\/svm-temp\"],\"url\":\"https:\\\/\\\/lightweb.dev\\\/l\\\/svm-temp\\\/reporter\\\/ola-josefsson\\\/\"}]}<\/script>\n<!-- \/ Yoast SEO Premium plugin. -->","yoast_head_json":{"title":"Bryssel kr\u00e4ver att Spanien godk\u00e4nner dieselskatten annars blir det inga mer pengar - Svenska Magasinet","description":"Spanien v\u00e4ntar p\u00e5 den femte utbetalningen som ing\u00e5r i \u00e5terh\u00e4mtningsplanen Next Generation. Men d\u00e5 kr\u00e4ver EU att landet godk\u00e4nner en h\u00f6jning av dieselskatten \u2013 annars blir det inga pengar.","robots":{"index":"noindex","follow":"follow","max-snippet":"max-snippet:-1","max-image-preview":"max-image-preview:large","max-video-preview":"max-video-preview:-1"},"og_locale":"sv_SE","og_type":"article","og_title":"Bryssel kr\u00e4ver att Spanien godk\u00e4nner dieselskatten annars blir det inga mer pengar","og_description":"Spanien v\u00e4ntar p\u00e5 den femte utbetalningen som ing\u00e5r i \u00e5terh\u00e4mtningsplanen Next Generation. Men d\u00e5 kr\u00e4ver EU att landet godk\u00e4nner en h\u00f6jning av dieselskatten \u2013 annars blir det inga pengar.","og_url":"https:\/\/lightweb.dev\/l\/svm-temp\/nyheter\/utrikes\/bryssel-kraver-att-spanien-godkanner-dieselskatten-annars-blir-det-inga-mer-pengar\/","og_site_name":"Svenska Magasinet","article_publisher":"https:\/\/www.facebook.com\/svenskamagasinet","article_published_time":"2025-01-22T14:44:03+00:00","article_modified_time":"2025-01-22T14:46:04+00:00","og_image":[{"width":900,"height":400,"url":"https:\/\/lightweb.dev\/l\/svm-temp\/wp-content\/uploads\/2025\/01\/svm20250122144226.webp","type":"image\/webp"}],"author":"Ola Josefsson","twitter_card":"summary_large_image","twitter_creator":"@SvenskaMagasine","twitter_site":"@SvenskaMagasine","schema":{"@context":"https:\/\/schema.org","@graph":[{"@type":"Article","@id":"https:\/\/lightweb.dev\/l\/svm-temp\/nyheter\/utrikes\/bryssel-kraver-att-spanien-godkanner-dieselskatten-annars-blir-det-inga-mer-pengar\/#article","isPartOf":{"@id":"https:\/\/lightweb.dev\/l\/svm-temp\/nyheter\/utrikes\/bryssel-kraver-att-spanien-godkanner-dieselskatten-annars-blir-det-inga-mer-pengar\/"},"author":{"name":"Ola Josefsson","@id":"https:\/\/lightweb.dev\/l\/svm-temp\/#\/schema\/person\/7a82b8a73d171d32360a564b6d03508e"},"headline":"Bryssel kr\u00e4ver att Spanien godk\u00e4nner dieselskatten annars blir det inga mer pengar","datePublished":"2025-01-22T14:44:03+00:00","dateModified":"2025-01-22T14:46:04+00:00","mainEntityOfPage":{"@id":"https:\/\/lightweb.dev\/l\/svm-temp\/nyheter\/utrikes\/bryssel-kraver-att-spanien-godkanner-dieselskatten-annars-blir-det-inga-mer-pengar\/"},"wordCount":276,"publisher":{"@id":"https:\/\/lightweb.dev\/l\/svm-temp\/#organization"},"image":{"@id":"https:\/\/lightweb.dev\/l\/svm-temp\/nyheter\/utrikes\/bryssel-kraver-att-spanien-godkanner-dieselskatten-annars-blir-det-inga-mer-pengar\/#primaryimage"},"thumbnailUrl":"https:\/\/lightweb.dev\/l\/svm-temp\/wp-content\/uploads\/2025\/01\/svm20250122144226.webp","articleSection":["Nyheter","Utrikes"],"inLanguage":"sv-SE"},{"@type":"WebPage","@id":"https:\/\/lightweb.dev\/l\/svm-temp\/nyheter\/utrikes\/bryssel-kraver-att-spanien-godkanner-dieselskatten-annars-blir-det-inga-mer-pengar\/","url":"https:\/\/lightweb.dev\/l\/svm-temp\/nyheter\/utrikes\/bryssel-kraver-att-spanien-godkanner-dieselskatten-annars-blir-det-inga-mer-pengar\/","name":"Bryssel kr\u00e4ver att Spanien godk\u00e4nner dieselskatten annars blir det inga mer pengar - Svenska Magasinet","isPartOf":{"@id":"https:\/\/lightweb.dev\/l\/svm-temp\/#website"},"primaryImageOfPage":{"@id":"https:\/\/lightweb.dev\/l\/svm-temp\/nyheter\/utrikes\/bryssel-kraver-att-spanien-godkanner-dieselskatten-annars-blir-det-inga-mer-pengar\/#primaryimage"},"image":{"@id":"https:\/\/lightweb.dev\/l\/svm-temp\/nyheter\/utrikes\/bryssel-kraver-att-spanien-godkanner-dieselskatten-annars-blir-det-inga-mer-pengar\/#primaryimage"},"thumbnailUrl":"https:\/\/lightweb.dev\/l\/svm-temp\/wp-content\/uploads\/2025\/01\/svm20250122144226.webp","datePublished":"2025-01-22T14:44:03+00:00","dateModified":"2025-01-22T14:46:04+00:00","description":"Spanien v\u00e4ntar p\u00e5 den femte utbetalningen som ing\u00e5r i \u00e5terh\u00e4mtningsplanen Next Generation. Men d\u00e5 kr\u00e4ver EU att landet godk\u00e4nner en h\u00f6jning av dieselskatten \u2013 annars blir det inga pengar.","breadcrumb":{"@id":"https:\/\/lightweb.dev\/l\/svm-temp\/nyheter\/utrikes\/bryssel-kraver-att-spanien-godkanner-dieselskatten-annars-blir-det-inga-mer-pengar\/#breadcrumb"},"inLanguage":"sv-SE","potentialAction":[{"@type":"ReadAction","target":["https:\/\/lightweb.dev\/l\/svm-temp\/nyheter\/utrikes\/bryssel-kraver-att-spanien-godkanner-dieselskatten-annars-blir-det-inga-mer-pengar\/"]}]},{"@type":"ImageObject","inLanguage":"sv-SE","@id":"https:\/\/lightweb.dev\/l\/svm-temp\/nyheter\/utrikes\/bryssel-kraver-att-spanien-godkanner-dieselskatten-annars-blir-det-inga-mer-pengar\/#primaryimage","url":"https:\/\/lightweb.dev\/l\/svm-temp\/wp-content\/uploads\/2025\/01\/svm20250122144226.webp","contentUrl":"https:\/\/lightweb.dev\/l\/svm-temp\/wp-content\/uploads\/2025\/01\/svm20250122144226.webp","width":900,"height":400,"caption":"(Foto: EU)"},{"@type":"BreadcrumbList","@id":"https:\/\/lightweb.dev\/l\/svm-temp\/nyheter\/utrikes\/bryssel-kraver-att-spanien-godkanner-dieselskatten-annars-blir-det-inga-mer-pengar\/#breadcrumb","itemListElement":[{"@type":"ListItem","position":1,"name":"Hem","item":"https:\/\/lightweb.dev\/l\/svm-temp\/"},{"@type":"ListItem","position":2,"name":"Bryssel kr\u00e4ver att Spanien godk\u00e4nner dieselskatten annars blir det inga mer pengar"}]},{"@type":"WebSite","@id":"https:\/\/lightweb.dev\/l\/svm-temp\/#website","url":"https:\/\/lightweb.dev\/l\/svm-temp\/","name":"Svenska Magasinet","description":"Dina Spanska nyheter p&aring; Svenska","publisher":{"@id":"https:\/\/lightweb.dev\/l\/svm-temp\/#organization"},"potentialAction":[{"@type":"SearchAction","target":{"@type":"EntryPoint","urlTemplate":"https:\/\/lightweb.dev\/l\/svm-temp\/?s={search_term_string}"},"query-input":{"@type":"PropertyValueSpecification","valueRequired":true,"valueName":"search_term_string"}}],"inLanguage":"sv-SE"},{"@type":"Organization","@id":"https:\/\/lightweb.dev\/l\/svm-temp\/#organization","name":"Melkerson y Nott SL","alternateName":"Svenska Magasinet","url":"https:\/\/lightweb.dev\/l\/svm-temp\/","logo":{"@type":"ImageObject","inLanguage":"sv-SE","@id":"https:\/\/lightweb.dev\/l\/svm-temp\/#\/schema\/logo\/image\/","url":"https:\/\/lightweb.dev\/l\/svm-temp\/wp-content\/uploads\/2025\/02\/SvM-logo-Xtra-Centrerad-SVART.png","contentUrl":"https:\/\/lightweb.dev\/l\/svm-temp\/wp-content\/uploads\/2025\/02\/SvM-logo-Xtra-Centrerad-SVART.png","width":300,"height":99,"caption":"Melkerson y Nott SL"},"image":{"@id":"https:\/\/lightweb.dev\/l\/svm-temp\/#\/schema\/logo\/image\/"},"sameAs":["https:\/\/www.facebook.com\/svenskamagasinet","https:\/\/x.com\/SvenskaMagasine"]},{"@type":"Person","@id":"https:\/\/lightweb.dev\/l\/svm-temp\/#\/schema\/person\/7a82b8a73d171d32360a564b6d03508e","name":"Ola Josefsson","description":"Bevakar Solkusten och Spanien sedan 1994.","sameAs":["https:\/\/lightweb.dev\/l\/svm-temp"],"url":"https:\/\/lightweb.dev\/l\/svm-temp\/reporter\/ola-josefsson\/"}]}},"_links":{"self":[{"href":"https:\/\/lightweb.dev\/l\/svm-temp\/wp-json\/wp\/v2\/posts\/77693","targetHints":{"allow":["GET"]}}],"collection":[{"href":"https:\/\/lightweb.dev\/l\/svm-temp\/wp-json\/wp\/v2\/posts"}],"about":[{"href":"https:\/\/lightweb.dev\/l\/svm-temp\/wp-json\/wp\/v2\/types\/post"}],"author":[{"embeddable":true,"href":"https:\/\/lightweb.dev\/l\/svm-temp\/wp-json\/wp\/v2\/users\/7"}],"replies":[{"embeddable":true,"href":"https:\/\/lightweb.dev\/l\/svm-temp\/wp-json\/wp\/v2\/comments?post=77693"}],"version-history":[{"count":0,"href":"https:\/\/lightweb.dev\/l\/svm-temp\/wp-json\/wp\/v2\/posts\/77693\/revisions"}],"wp:featuredmedia":[{"embeddable":true,"href":"https:\/\/lightweb.dev\/l\/svm-temp\/wp-json\/wp\/v2\/media\/77692"}],"wp:attachment":[{"href":"https:\/\/lightweb.dev\/l\/svm-temp\/wp-json\/wp\/v2\/media?parent=77693"}],"wp:term":[{"taxonomy":"category","embeddable":true,"href":"https:\/\/lightweb.dev\/l\/svm-temp\/wp-json\/wp\/v2\/categories?post=77693"},{"taxonomy":"post_tag","embeddable":true,"href":"https:\/\/lightweb.dev\/l\/svm-temp\/wp-json\/wp\/v2\/tags?post=77693"}],"curies":[{"name":"wp","href":"https:\/\/api.w.org\/{rel}","templated":true}]}}