{"id":77703,"date":"2025-01-23T10:08:53","date_gmt":"2025-01-23T09:08:53","guid":{"rendered":"https:\/\/lightweb.dev\/l\/svm-temp\/?p=77703"},"modified":"2025-01-23T10:08:53","modified_gmt":"2025-01-23T09:08:53","slug":"alicante-gastronomiska-huvudstaden-2025","status":"publish","type":"post","link":"https:\/\/lightweb.dev\/l\/svm-temp\/nyheter\/inrikes\/alicante-gastronomiska-huvudstaden-2025\/","title":{"rendered":"Alicante \u2013 gastronomiska huvudstaden 2025"},"content":{"rendered":"<p><strong>Redan inf\u00f6r 2024 talades det om Alicante som gastronomisk huvudstad. Det blev Oviedo ifjol. N\u00e4r turistm\u00e4ssan Fitur inleddes under g\u00e5rdagen i Madrid presenterades Alicante som spansk gastronomisk huvudstad f\u00f6r 2025.<\/strong><\/p>\n<p>Capital Espa\u00f1ola de la Gastronom\u00eda utses varje \u00e5r i Spanien. 2025 blir det Alicante.<\/p>\n<p>&#8211; Det \u00e4r fantastiska nyheter f\u00f6r Alicante som har gjort sig f\u00f6rtj\u00e4nt av att vara gastronomisk huvudstad i Spanien f\u00f6r sitt lokala unika k\u00f6k och kvalitet p\u00e5 produkterna, s\u00e4ger borgm\u00e4staren Luis Barcala som till\u00e4gger att enligt tidningen Forbes placerar Alicante sig \u00e5terigen p\u00e5 pallen bland de b\u00e4sta st\u00e4derna i v\u00e4rlden att bo och arbeta p\u00e5.<\/p>\n<p>Tidningen Forbes har placerat Alicante p\u00e5 topp 3 bland de b\u00e4sta st\u00e4derna att leva efter Valencia och M\u00e1laga.<\/p>\n<div id=\"attachment_77702\" style=\"width: 910px\" class=\"wp-caption alignnone\"><img loading=\"lazy\" decoding=\"async\" aria-describedby=\"caption-attachment-77702\" class=\"wp-image-77702 size-full\" src=\"https:\/\/lightweb.dev\/l\/svm-temp\/wp-content\/uploads\/2025\/01\/svm20250123090349.webp\" alt=\"\" width=\"900\" height=\"400\" srcset=\"https:\/\/lightweb.dev\/l\/svm-temp\/wp-content\/uploads\/2025\/01\/svm20250123090349.webp 900w, https:\/\/lightweb.dev\/l\/svm-temp\/wp-content\/uploads\/2025\/01\/svm20250123090349-300x133.webp 300w, https:\/\/lightweb.dev\/l\/svm-temp\/wp-content\/uploads\/2025\/01\/svm20250123090349-768x341.webp 768w, https:\/\/lightweb.dev\/l\/svm-temp\/wp-content\/uploads\/2025\/01\/svm20250123090349-610x271.webp 610w, https:\/\/lightweb.dev\/l\/svm-temp\/wp-content\/uploads\/2025\/01\/svm20250123090349-600x267.webp 600w\" sizes=\"(max-width: 900px) 100vw, 900px\" \/><p id=\"caption-attachment-77702\" class=\"wp-caption-text\">Kommunalr\u00e5det f\u00f6r turism, Ana Poquet, och borgm\u00e4staren Luis Barcala gl\u00e4ds \u00e5t nyheten att Alicante blir \u00c5rets matstad i Spanien.<\/p><\/div>\n<p>Att Alicante hamnar p\u00e5 matkartan f\u00f6r 2025 inneb\u00e4r en \u00f6kad oms\u00e4ttning f\u00f6r serveringsst\u00e4llena.<\/p>\n<p>Alicante tar \u00f6ver efter Oviedo, d\u00e5 hade Alicante redan inf\u00f6r fjol\u00e5ret presenterat sin kandidatur tillsammans med bland annat Castell\u00f3n och Antequera.<\/p>\n<p>Juryn best\u00e5ende av representanter fr\u00e5n turistmyndigheten Turespa\u00f1a, ONU Turismo och Fitur valde denna g\u00e5ng staden p\u00e5 Costa Blanca.<\/p>\n<p>Gastronomi blir allt viktigare n\u00e4r turister s\u00f6ker destinationer. Enligt flera unders\u00f6kningar v\u00e4ljer mellan 25 och 40 procent av turisterna en destination baserat p\u00e5 det gastronomiska utbudet. Turister l\u00e4gger allt mer pengar p\u00e5 det gastronomiska utbudet, en siffra som \u00f6kat med 26 procent.<\/p>\n<p>Kommunalr\u00e5det f\u00f6r turism, Ana Poquet, s\u00e4ger att man tillsammans med serveringsst\u00e4llena ser fram emot att presentera \u00e5rets utbud.<\/p>\n<p>Costa Blanca och Alicante \u00e4r en av de popul\u00e4raste destinationerna f\u00f6r svenska turister under sommarhalv\u00e5ret med direktflyg fr\u00e5n bland annat Stockholm, G\u00f6teborg och V\u00e4xj\u00f6.<\/p>\n<h2>Spanska matst\u00e4der<\/h2>\n<p>Logro\u00f1o (2012)<\/p>\n<p>Burgos (2013)<\/p>\n<p>Vitoria (2014)<\/p>\n<p>C\u00e1ceres (2015)<\/p>\n<p>Toledo (2016)<\/p>\n<p>Huelva (2017)<\/p>\n<p>Le\u00f3n (2018)<\/p>\n<p>Almer\u00eda (2019)<\/p>\n<p>Murcia (2020\/21)<\/p>\n<p>Sanl\u00facar de Barrameda (2022)<\/p>\n<p>Cuenca (2023)<\/p>\n<p>Oviedo (2024)<\/p>\n","protected":false},"excerpt":{"rendered":"<p>Redan inf\u00f6r 2024 talades det om Alicante som gastronomisk huvudstad. Det blev Oviedo ifjol. N\u00e4r turistm\u00e4ssan Fitur inleddes under g\u00e5rdagen i Madrid presenterades Alicante som spansk gastronomisk huvudstad f\u00f6r 2025&#8230;<\/p>\n","protected":false},"author":7,"featured_media":61774,"comment_status":"closed","ping_status":"closed","sticky":false,"template":"","format":"standard","meta":{"_et_pb_use_builder":"","_et_pb_old_content":"","_et_gb_content_width":"","footnotes":""},"categories":[284,3],"tags":[],"class_list":["post-77703","post","type-post","status-publish","format-standard","has-post-thumbnail","hentry","category-inrikes","category-nyheter"],"yoast_head":"<!-- This site is optimized with the Yoast SEO Premium plugin v26.2 (Yoast SEO v28.2) - https:\/\/yoast.com\/product\/yoast-seo-premium-wordpress\/ -->\n<title>Alicante \u2013 gastronomiska huvudstaden 2025 - Svenska Magasinet<\/title>\n<meta name=\"description\" content=\"Redan inf\u00f6r 2024 talades det om Alicante som gastronomisk huvudstad. Det blev Oviedo ifjol. N\u00e4r turistm\u00e4ssan Fitur inleddes under g\u00e5rdagen i Madrid presenterades Alicante som spansk gastronomisk huvudstad f\u00f6r 2025.\" \/>\n<meta name=\"robots\" content=\"noindex, follow, max-snippet:-1, max-image-preview:large, max-video-preview:-1\" \/>\n<meta property=\"og:locale\" content=\"sv_SE\" \/>\n<meta property=\"og:type\" content=\"article\" \/>\n<meta property=\"og:title\" content=\"Alicante \u2013 gastronomiska huvudstaden 2025\" \/>\n<meta property=\"og:description\" content=\"Redan inf\u00f6r 2024 talades det om Alicante som gastronomisk huvudstad. Det blev Oviedo ifjol. N\u00e4r turistm\u00e4ssan Fitur inleddes under g\u00e5rdagen i Madrid presenterades Alicante som spansk gastronomisk huvudstad f\u00f6r 2025.\" \/>\n<meta property=\"og:url\" content=\"https:\/\/lightweb.dev\/l\/svm-temp\/nyheter\/inrikes\/alicante-gastronomiska-huvudstaden-2025\/\" \/>\n<meta property=\"og:site_name\" content=\"Svenska Magasinet\" \/>\n<meta property=\"article:publisher\" content=\"https:\/\/www.facebook.com\/svenskamagasinet\" \/>\n<meta property=\"article:published_time\" content=\"2025-01-23T09:08:53+00:00\" \/>\n<meta property=\"og:image\" content=\"https:\/\/lightweb.dev\/l\/svm-temp\/wp-content\/uploads\/2023\/02\/PLAYA-POSTIGUET-AGOSTO-2020-3-stor.jpeg\" \/>\n\t<meta property=\"og:image:width\" content=\"1280\" \/>\n\t<meta property=\"og:image:height\" content=\"960\" \/>\n\t<meta property=\"og:image:type\" content=\"image\/jpeg\" \/>\n<meta name=\"author\" content=\"Ola Josefsson\" \/>\n<meta name=\"twitter:card\" content=\"summary_large_image\" \/>\n<meta name=\"twitter:creator\" content=\"@SvenskaMagasine\" \/>\n<meta name=\"twitter:site\" content=\"@SvenskaMagasine\" \/>\n<script type=\"application\/ld+json\" class=\"yoast-schema-graph\">{\"@context\":\"https:\\\/\\\/schema.org\",\"@graph\":[{\"@type\":\"Article\",\"@id\":\"https:\\\/\\\/lightweb.dev\\\/l\\\/svm-temp\\\/nyheter\\\/inrikes\\\/alicante-gastronomiska-huvudstaden-2025\\\/#article\",\"isPartOf\":{\"@id\":\"https:\\\/\\\/lightweb.dev\\\/l\\\/svm-temp\\\/nyheter\\\/inrikes\\\/alicante-gastronomiska-huvudstaden-2025\\\/\"},\"author\":{\"name\":\"Ola Josefsson\",\"@id\":\"https:\\\/\\\/lightweb.dev\\\/l\\\/svm-temp\\\/#\\\/schema\\\/person\\\/7a82b8a73d171d32360a564b6d03508e\"},\"headline\":\"Alicante \u2013 gastronomiska huvudstaden 2025\",\"datePublished\":\"2025-01-23T09:08:53+00:00\",\"mainEntityOfPage\":{\"@id\":\"https:\\\/\\\/lightweb.dev\\\/l\\\/svm-temp\\\/nyheter\\\/inrikes\\\/alicante-gastronomiska-huvudstaden-2025\\\/\"},\"wordCount\":348,\"publisher\":{\"@id\":\"https:\\\/\\\/lightweb.dev\\\/l\\\/svm-temp\\\/#organization\"},\"image\":{\"@id\":\"https:\\\/\\\/lightweb.dev\\\/l\\\/svm-temp\\\/nyheter\\\/inrikes\\\/alicante-gastronomiska-huvudstaden-2025\\\/#primaryimage\"},\"thumbnailUrl\":\"https:\\\/\\\/lightweb.dev\\\/l\\\/svm-temp\\\/wp-content\\\/uploads\\\/2023\\\/02\\\/PLAYA-POSTIGUET-AGOSTO-2020-3-stor.jpeg\",\"articleSection\":[\"Inrikes\",\"Nyheter\"],\"inLanguage\":\"sv-SE\"},{\"@type\":\"WebPage\",\"@id\":\"https:\\\/\\\/lightweb.dev\\\/l\\\/svm-temp\\\/nyheter\\\/inrikes\\\/alicante-gastronomiska-huvudstaden-2025\\\/\",\"url\":\"https:\\\/\\\/lightweb.dev\\\/l\\\/svm-temp\\\/nyheter\\\/inrikes\\\/alicante-gastronomiska-huvudstaden-2025\\\/\",\"name\":\"Alicante \u2013 gastronomiska huvudstaden 2025 - Svenska Magasinet\",\"isPartOf\":{\"@id\":\"https:\\\/\\\/lightweb.dev\\\/l\\\/svm-temp\\\/#website\"},\"primaryImageOfPage\":{\"@id\":\"https:\\\/\\\/lightweb.dev\\\/l\\\/svm-temp\\\/nyheter\\\/inrikes\\\/alicante-gastronomiska-huvudstaden-2025\\\/#primaryimage\"},\"image\":{\"@id\":\"https:\\\/\\\/lightweb.dev\\\/l\\\/svm-temp\\\/nyheter\\\/inrikes\\\/alicante-gastronomiska-huvudstaden-2025\\\/#primaryimage\"},\"thumbnailUrl\":\"https:\\\/\\\/lightweb.dev\\\/l\\\/svm-temp\\\/wp-content\\\/uploads\\\/2023\\\/02\\\/PLAYA-POSTIGUET-AGOSTO-2020-3-stor.jpeg\",\"datePublished\":\"2025-01-23T09:08:53+00:00\",\"description\":\"Redan inf\u00f6r 2024 talades det om Alicante som gastronomisk huvudstad. Det blev Oviedo ifjol. N\u00e4r turistm\u00e4ssan Fitur inleddes under g\u00e5rdagen i Madrid presenterades Alicante som spansk gastronomisk huvudstad f\u00f6r 2025.\",\"breadcrumb\":{\"@id\":\"https:\\\/\\\/lightweb.dev\\\/l\\\/svm-temp\\\/nyheter\\\/inrikes\\\/alicante-gastronomiska-huvudstaden-2025\\\/#breadcrumb\"},\"inLanguage\":\"sv-SE\",\"potentialAction\":[{\"@type\":\"ReadAction\",\"target\":[\"https:\\\/\\\/lightweb.dev\\\/l\\\/svm-temp\\\/nyheter\\\/inrikes\\\/alicante-gastronomiska-huvudstaden-2025\\\/\"]}]},{\"@type\":\"ImageObject\",\"inLanguage\":\"sv-SE\",\"@id\":\"https:\\\/\\\/lightweb.dev\\\/l\\\/svm-temp\\\/nyheter\\\/inrikes\\\/alicante-gastronomiska-huvudstaden-2025\\\/#primaryimage\",\"url\":\"https:\\\/\\\/lightweb.dev\\\/l\\\/svm-temp\\\/wp-content\\\/uploads\\\/2023\\\/02\\\/PLAYA-POSTIGUET-AGOSTO-2020-3-stor.jpeg\",\"contentUrl\":\"https:\\\/\\\/lightweb.dev\\\/l\\\/svm-temp\\\/wp-content\\\/uploads\\\/2023\\\/02\\\/PLAYA-POSTIGUET-AGOSTO-2020-3-stor.jpeg\",\"width\":1280,\"height\":960},{\"@type\":\"BreadcrumbList\",\"@id\":\"https:\\\/\\\/lightweb.dev\\\/l\\\/svm-temp\\\/nyheter\\\/inrikes\\\/alicante-gastronomiska-huvudstaden-2025\\\/#breadcrumb\",\"itemListElement\":[{\"@type\":\"ListItem\",\"position\":1,\"name\":\"Hem\",\"item\":\"https:\\\/\\\/lightweb.dev\\\/l\\\/svm-temp\\\/\"},{\"@type\":\"ListItem\",\"position\":2,\"name\":\"Alicante \u2013 gastronomiska huvudstaden 2025\"}]},{\"@type\":\"WebSite\",\"@id\":\"https:\\\/\\\/lightweb.dev\\\/l\\\/svm-temp\\\/#website\",\"url\":\"https:\\\/\\\/lightweb.dev\\\/l\\\/svm-temp\\\/\",\"name\":\"Svenska Magasinet\",\"description\":\"Dina Spanska nyheter p&aring; Svenska\",\"publisher\":{\"@id\":\"https:\\\/\\\/lightweb.dev\\\/l\\\/svm-temp\\\/#organization\"},\"potentialAction\":[{\"@type\":\"SearchAction\",\"target\":{\"@type\":\"EntryPoint\",\"urlTemplate\":\"https:\\\/\\\/lightweb.dev\\\/l\\\/svm-temp\\\/?s={search_term_string}\"},\"query-input\":{\"@type\":\"PropertyValueSpecification\",\"valueRequired\":true,\"valueName\":\"search_term_string\"}}],\"inLanguage\":\"sv-SE\"},{\"@type\":\"Organization\",\"@id\":\"https:\\\/\\\/lightweb.dev\\\/l\\\/svm-temp\\\/#organization\",\"name\":\"Melkerson y Nott SL\",\"alternateName\":\"Svenska Magasinet\",\"url\":\"https:\\\/\\\/lightweb.dev\\\/l\\\/svm-temp\\\/\",\"logo\":{\"@type\":\"ImageObject\",\"inLanguage\":\"sv-SE\",\"@id\":\"https:\\\/\\\/lightweb.dev\\\/l\\\/svm-temp\\\/#\\\/schema\\\/logo\\\/image\\\/\",\"url\":\"https:\\\/\\\/lightweb.dev\\\/l\\\/svm-temp\\\/wp-content\\\/uploads\\\/2025\\\/02\\\/SvM-logo-Xtra-Centrerad-SVART.png\",\"contentUrl\":\"https:\\\/\\\/lightweb.dev\\\/l\\\/svm-temp\\\/wp-content\\\/uploads\\\/2025\\\/02\\\/SvM-logo-Xtra-Centrerad-SVART.png\",\"width\":300,\"height\":99,\"caption\":\"Melkerson y Nott SL\"},\"image\":{\"@id\":\"https:\\\/\\\/lightweb.dev\\\/l\\\/svm-temp\\\/#\\\/schema\\\/logo\\\/image\\\/\"},\"sameAs\":[\"https:\\\/\\\/www.facebook.com\\\/svenskamagasinet\",\"https:\\\/\\\/x.com\\\/SvenskaMagasine\"]},{\"@type\":\"Person\",\"@id\":\"https:\\\/\\\/lightweb.dev\\\/l\\\/svm-temp\\\/#\\\/schema\\\/person\\\/7a82b8a73d171d32360a564b6d03508e\",\"name\":\"Ola Josefsson\",\"description\":\"Bevakar Solkusten och Spanien sedan 1994.\",\"sameAs\":[\"https:\\\/\\\/lightweb.dev\\\/l\\\/svm-temp\"],\"url\":\"https:\\\/\\\/lightweb.dev\\\/l\\\/svm-temp\\\/reporter\\\/ola-josefsson\\\/\"}]}<\/script>\n<!-- \/ Yoast SEO Premium plugin. -->","yoast_head_json":{"title":"Alicante \u2013 gastronomiska huvudstaden 2025 - Svenska Magasinet","description":"Redan inf\u00f6r 2024 talades det om Alicante som gastronomisk huvudstad. Det blev Oviedo ifjol. N\u00e4r turistm\u00e4ssan Fitur inleddes under g\u00e5rdagen i Madrid presenterades Alicante som spansk gastronomisk huvudstad f\u00f6r 2025.","robots":{"index":"noindex","follow":"follow","max-snippet":"max-snippet:-1","max-image-preview":"max-image-preview:large","max-video-preview":"max-video-preview:-1"},"og_locale":"sv_SE","og_type":"article","og_title":"Alicante \u2013 gastronomiska huvudstaden 2025","og_description":"Redan inf\u00f6r 2024 talades det om Alicante som gastronomisk huvudstad. Det blev Oviedo ifjol. N\u00e4r turistm\u00e4ssan Fitur inleddes under g\u00e5rdagen i Madrid presenterades Alicante som spansk gastronomisk huvudstad f\u00f6r 2025.","og_url":"https:\/\/lightweb.dev\/l\/svm-temp\/nyheter\/inrikes\/alicante-gastronomiska-huvudstaden-2025\/","og_site_name":"Svenska Magasinet","article_publisher":"https:\/\/www.facebook.com\/svenskamagasinet","article_published_time":"2025-01-23T09:08:53+00:00","og_image":[{"width":1280,"height":960,"url":"https:\/\/lightweb.dev\/l\/svm-temp\/wp-content\/uploads\/2023\/02\/PLAYA-POSTIGUET-AGOSTO-2020-3-stor.jpeg","type":"image\/jpeg"}],"author":"Ola Josefsson","twitter_card":"summary_large_image","twitter_creator":"@SvenskaMagasine","twitter_site":"@SvenskaMagasine","schema":{"@context":"https:\/\/schema.org","@graph":[{"@type":"Article","@id":"https:\/\/lightweb.dev\/l\/svm-temp\/nyheter\/inrikes\/alicante-gastronomiska-huvudstaden-2025\/#article","isPartOf":{"@id":"https:\/\/lightweb.dev\/l\/svm-temp\/nyheter\/inrikes\/alicante-gastronomiska-huvudstaden-2025\/"},"author":{"name":"Ola Josefsson","@id":"https:\/\/lightweb.dev\/l\/svm-temp\/#\/schema\/person\/7a82b8a73d171d32360a564b6d03508e"},"headline":"Alicante \u2013 gastronomiska huvudstaden 2025","datePublished":"2025-01-23T09:08:53+00:00","mainEntityOfPage":{"@id":"https:\/\/lightweb.dev\/l\/svm-temp\/nyheter\/inrikes\/alicante-gastronomiska-huvudstaden-2025\/"},"wordCount":348,"publisher":{"@id":"https:\/\/lightweb.dev\/l\/svm-temp\/#organization"},"image":{"@id":"https:\/\/lightweb.dev\/l\/svm-temp\/nyheter\/inrikes\/alicante-gastronomiska-huvudstaden-2025\/#primaryimage"},"thumbnailUrl":"https:\/\/lightweb.dev\/l\/svm-temp\/wp-content\/uploads\/2023\/02\/PLAYA-POSTIGUET-AGOSTO-2020-3-stor.jpeg","articleSection":["Inrikes","Nyheter"],"inLanguage":"sv-SE"},{"@type":"WebPage","@id":"https:\/\/lightweb.dev\/l\/svm-temp\/nyheter\/inrikes\/alicante-gastronomiska-huvudstaden-2025\/","url":"https:\/\/lightweb.dev\/l\/svm-temp\/nyheter\/inrikes\/alicante-gastronomiska-huvudstaden-2025\/","name":"Alicante \u2013 gastronomiska huvudstaden 2025 - Svenska Magasinet","isPartOf":{"@id":"https:\/\/lightweb.dev\/l\/svm-temp\/#website"},"primaryImageOfPage":{"@id":"https:\/\/lightweb.dev\/l\/svm-temp\/nyheter\/inrikes\/alicante-gastronomiska-huvudstaden-2025\/#primaryimage"},"image":{"@id":"https:\/\/lightweb.dev\/l\/svm-temp\/nyheter\/inrikes\/alicante-gastronomiska-huvudstaden-2025\/#primaryimage"},"thumbnailUrl":"https:\/\/lightweb.dev\/l\/svm-temp\/wp-content\/uploads\/2023\/02\/PLAYA-POSTIGUET-AGOSTO-2020-3-stor.jpeg","datePublished":"2025-01-23T09:08:53+00:00","description":"Redan inf\u00f6r 2024 talades det om Alicante som gastronomisk huvudstad. Det blev Oviedo ifjol. N\u00e4r turistm\u00e4ssan Fitur inleddes under g\u00e5rdagen i Madrid presenterades Alicante som spansk gastronomisk huvudstad f\u00f6r 2025.","breadcrumb":{"@id":"https:\/\/lightweb.dev\/l\/svm-temp\/nyheter\/inrikes\/alicante-gastronomiska-huvudstaden-2025\/#breadcrumb"},"inLanguage":"sv-SE","potentialAction":[{"@type":"ReadAction","target":["https:\/\/lightweb.dev\/l\/svm-temp\/nyheter\/inrikes\/alicante-gastronomiska-huvudstaden-2025\/"]}]},{"@type":"ImageObject","inLanguage":"sv-SE","@id":"https:\/\/lightweb.dev\/l\/svm-temp\/nyheter\/inrikes\/alicante-gastronomiska-huvudstaden-2025\/#primaryimage","url":"https:\/\/lightweb.dev\/l\/svm-temp\/wp-content\/uploads\/2023\/02\/PLAYA-POSTIGUET-AGOSTO-2020-3-stor.jpeg","contentUrl":"https:\/\/lightweb.dev\/l\/svm-temp\/wp-content\/uploads\/2023\/02\/PLAYA-POSTIGUET-AGOSTO-2020-3-stor.jpeg","width":1280,"height":960},{"@type":"BreadcrumbList","@id":"https:\/\/lightweb.dev\/l\/svm-temp\/nyheter\/inrikes\/alicante-gastronomiska-huvudstaden-2025\/#breadcrumb","itemListElement":[{"@type":"ListItem","position":1,"name":"Hem","item":"https:\/\/lightweb.dev\/l\/svm-temp\/"},{"@type":"ListItem","position":2,"name":"Alicante \u2013 gastronomiska huvudstaden 2025"}]},{"@type":"WebSite","@id":"https:\/\/lightweb.dev\/l\/svm-temp\/#website","url":"https:\/\/lightweb.dev\/l\/svm-temp\/","name":"Svenska Magasinet","description":"Dina Spanska nyheter p&aring; Svenska","publisher":{"@id":"https:\/\/lightweb.dev\/l\/svm-temp\/#organization"},"potentialAction":[{"@type":"SearchAction","target":{"@type":"EntryPoint","urlTemplate":"https:\/\/lightweb.dev\/l\/svm-temp\/?s={search_term_string}"},"query-input":{"@type":"PropertyValueSpecification","valueRequired":true,"valueName":"search_term_string"}}],"inLanguage":"sv-SE"},{"@type":"Organization","@id":"https:\/\/lightweb.dev\/l\/svm-temp\/#organization","name":"Melkerson y Nott SL","alternateName":"Svenska Magasinet","url":"https:\/\/lightweb.dev\/l\/svm-temp\/","logo":{"@type":"ImageObject","inLanguage":"sv-SE","@id":"https:\/\/lightweb.dev\/l\/svm-temp\/#\/schema\/logo\/image\/","url":"https:\/\/lightweb.dev\/l\/svm-temp\/wp-content\/uploads\/2025\/02\/SvM-logo-Xtra-Centrerad-SVART.png","contentUrl":"https:\/\/lightweb.dev\/l\/svm-temp\/wp-content\/uploads\/2025\/02\/SvM-logo-Xtra-Centrerad-SVART.png","width":300,"height":99,"caption":"Melkerson y Nott SL"},"image":{"@id":"https:\/\/lightweb.dev\/l\/svm-temp\/#\/schema\/logo\/image\/"},"sameAs":["https:\/\/www.facebook.com\/svenskamagasinet","https:\/\/x.com\/SvenskaMagasine"]},{"@type":"Person","@id":"https:\/\/lightweb.dev\/l\/svm-temp\/#\/schema\/person\/7a82b8a73d171d32360a564b6d03508e","name":"Ola Josefsson","description":"Bevakar Solkusten och Spanien sedan 1994.","sameAs":["https:\/\/lightweb.dev\/l\/svm-temp"],"url":"https:\/\/lightweb.dev\/l\/svm-temp\/reporter\/ola-josefsson\/"}]}},"_links":{"self":[{"href":"https:\/\/lightweb.dev\/l\/svm-temp\/wp-json\/wp\/v2\/posts\/77703","targetHints":{"allow":["GET"]}}],"collection":[{"href":"https:\/\/lightweb.dev\/l\/svm-temp\/wp-json\/wp\/v2\/posts"}],"about":[{"href":"https:\/\/lightweb.dev\/l\/svm-temp\/wp-json\/wp\/v2\/types\/post"}],"author":[{"embeddable":true,"href":"https:\/\/lightweb.dev\/l\/svm-temp\/wp-json\/wp\/v2\/users\/7"}],"replies":[{"embeddable":true,"href":"https:\/\/lightweb.dev\/l\/svm-temp\/wp-json\/wp\/v2\/comments?post=77703"}],"version-history":[{"count":0,"href":"https:\/\/lightweb.dev\/l\/svm-temp\/wp-json\/wp\/v2\/posts\/77703\/revisions"}],"wp:featuredmedia":[{"embeddable":true,"href":"https:\/\/lightweb.dev\/l\/svm-temp\/wp-json\/wp\/v2\/media\/61774"}],"wp:attachment":[{"href":"https:\/\/lightweb.dev\/l\/svm-temp\/wp-json\/wp\/v2\/media?parent=77703"}],"wp:term":[{"taxonomy":"category","embeddable":true,"href":"https:\/\/lightweb.dev\/l\/svm-temp\/wp-json\/wp\/v2\/categories?post=77703"},{"taxonomy":"post_tag","embeddable":true,"href":"https:\/\/lightweb.dev\/l\/svm-temp\/wp-json\/wp\/v2\/tags?post=77703"}],"curies":[{"name":"wp","href":"https:\/\/api.w.org\/{rel}","templated":true}]}}