{"id":77745,"date":"2025-01-24T15:35:06","date_gmt":"2025-01-24T14:35:06","guid":{"rendered":"https:\/\/lightweb.dev\/l\/svm-temp\/?p=77745"},"modified":"2025-01-24T15:35:06","modified_gmt":"2025-01-24T14:35:06","slug":"farre-superbrander-under-2024","status":"publish","type":"post","link":"https:\/\/lightweb.dev\/l\/svm-temp\/nyheter\/farre-superbrander-under-2024\/","title":{"rendered":"F\u00e4rre \u201csuperbr\u00e4nder\u201d under 2024"},"content":{"rendered":"<p><strong>Stora m\u00e4ngder nederb\u00f6rd och tidigarelagda beredskapsplaner gjorde att bara h\u00e4lften s\u00e5 mycket mark f\u00f6rst\u00f6rdes av l\u00e5gor j\u00e4mf\u00f6rt med de senaste 53 \u00e5ren.\u00a0<\/strong><\/p>\n<p><span style=\"font-weight: 400;\">2024 f\u00f6rst\u00f6rdes den n\u00e4st minsta andelen skog av skogsbr\u00e4nder p\u00e5 53 \u00e5r. Enligt ministeriet f\u00f6r ekologisk omst\u00e4llning brann 47 711 hektar ner f\u00f6rra \u00e5ret. Bara 2018 hade b\u00e4ttre siffror d\u00e5 26 994 hektar brann upp, en siffra som kommer att bli sv\u00e5r att sl\u00e5 i och med att klimatet forts\u00e4tter att bli varmare.\u00a0<\/span><\/p>\n<p><span style=\"font-weight: 400;\">Siffrorna fr\u00e5n i fjol bryter en negativ trend. Den totala m\u00e4ngden mark som \u00f6delades under 2024 var mindre \u00e4n h\u00e4lften av genomsnittet (136 490) sedan man b\u00f6rjade m\u00e4ta 1961. Det \u00e4r ocks\u00e5 nere p\u00e5 drygt h\u00e4lften av genomsnittet under 2000-talet som ligger p\u00e5 81 500 hektar.\u00a0<\/span><\/p>\n<p><span style=\"font-weight: 400;\">De \u00e4r \u00e4ven betydligt b\u00e4ttre \u00e4n de fr\u00e5n 2023 d\u00e5 89 000 hektar brann och 2022 som var ett fruktansv\u00e4rt \u00e5r och slutade med 263 000 hektar mark \u00f6delagda av br\u00e4nder.\u00a0<\/span><\/p>\n<h2><span style=\"font-weight: 400;\">F\u00e4rre \u201csuperbr\u00e4nder\u201d<\/span><\/h2>\n<p><span style=\"font-weight: 400;\">En del av den positiva utvecklingen f\u00f6rklaras av att det 2024 var 30 procent f\u00e4rre \u201csuperbr\u00e4nder\u201d. Det \u00e4r katastrofer som drivs av klimatf\u00f6r\u00e4ndringarna och kan \u00f6del\u00e4gga tusentals hektar p\u00e5 bara n\u00e5gra timmar, kr\u00e4ver enorma resurser f\u00f6r att motverka och ofta kr\u00e4ver flera dagars arbete f\u00f6r att kontrollera, n\u00e5got som ofta inte \u00e4r m\u00f6jligt f\u00f6rr\u00e4n l\u00e5gorna har slukat all vegetation i n\u00e4rheten. Totalt slutade 2024 med 16 s\u00e5dana incidenter vilket \u00e4r 7 f\u00e4rre \u00e4n genomsnittet hittills p\u00e5 2020-talet.<\/span><\/p>\n<p><span style=\"font-weight: 400;\">Enligt experterna beror detta till stor del p\u00e5 att \u00e5ret var ovanligt bl\u00f6tt i n\u00e4stan hela landet och fick dubbelt s\u00e5 mycket regn \u00e4n normalt. I juni, allts\u00e5 precis innan h\u00f6griskperioden drar ig\u00e5ng, f\u00f6ll 250 procent mer regn \u00e4n normalt. Senare fick \u00e4ven oktober ovanligt mycket nederb\u00f6rd vilket kraftigt minskande antalet h\u00f6stbr\u00e4nder.\u00a0<\/span><\/p>\n<h3><span style=\"font-weight: 400;\">Insatser s\u00e4tts in tidigare<\/span><\/h3>\n<p><span style=\"font-weight: 400;\">Dessutom har myndigheterna sedan 2022 insett att h\u00f6griskperioden \u00e4r l\u00e4ngre numera. D\u00e4rf\u00f6r har de flesta dragit ig\u00e5ng med sina specialiserade insatser mellan 30 och 45 dagar tidigare \u00e4n man gjort f\u00f6rr. Detta innebar ocks\u00e5 att f\u00f6rbud mot att elda eller grilla utomhus och att anv\u00e4nda tunga jordbruksmaskiner intill skogsomr\u00e5den inf\u00f6rdes tidigare under \u00e5ret.\u00a0<\/span><\/p>\n<p><span style=\"font-weight: 400;\">De positiva nyheterna till trots varnar experterna f\u00f6r att man inte kan slappna av med det f\u00f6rebyggande arbetet. De tv\u00e5 huvudfaktorerna bakom superbr\u00e4nder, den globala uppv\u00e4rmingen och otillr\u00e4ckligt f\u00f6rebyggande arbete s\u00e5som st\u00e4dning och sk\u00f6tsel av landsbygd och skogar, kvarst\u00e5r, menar de.<\/span><\/p>\n","protected":false},"excerpt":{"rendered":"<p>Stora m\u00e4ngder nederb\u00f6rd och tidigarelagda beredskapsplaner gjorde att bara h\u00e4lften s\u00e5 mycket mark f\u00f6rst\u00f6rdes av l\u00e5gor j\u00e4mf\u00f6rt med de senaste 53 \u00e5ren.\u00a0<\/p>\n","protected":false},"author":14,"featured_media":56706,"comment_status":"closed","ping_status":"closed","sticky":false,"template":"","format":"standard","meta":{"_et_pb_use_builder":"","_et_pb_old_content":"","_et_gb_content_width":"","footnotes":""},"categories":[395,3],"tags":[],"class_list":["post-77745","post","type-post","status-publish","format-standard","has-post-thumbnail","hentry","category-arkiv-nyheter","category-nyheter"],"yoast_head":"<!-- This site is optimized with the Yoast SEO Premium plugin v26.2 (Yoast SEO v28.2) - https:\/\/yoast.com\/product\/yoast-seo-premium-wordpress\/ -->\n<title>F\u00e4rre \u201csuperbr\u00e4nder\u201d under 2024 - Svenska Magasinet<\/title>\n<meta name=\"robots\" content=\"noindex, follow, max-snippet:-1, max-image-preview:large, max-video-preview:-1\" \/>\n<meta property=\"og:locale\" content=\"sv_SE\" \/>\n<meta property=\"og:type\" content=\"article\" \/>\n<meta property=\"og:title\" content=\"F\u00e4rre \u201csuperbr\u00e4nder\u201d under 2024\" \/>\n<meta property=\"og:description\" content=\"Stora m\u00e4ngder nederb\u00f6rd och tidigarelagda beredskapsplaner gjorde att bara h\u00e4lften s\u00e5 mycket mark f\u00f6rst\u00f6rdes av l\u00e5gor j\u00e4mf\u00f6rt med de senaste 53 \u00e5ren.\u00a0\" \/>\n<meta property=\"og:url\" content=\"https:\/\/lightweb.dev\/l\/svm-temp\/nyheter\/farre-superbrander-under-2024\/\" \/>\n<meta property=\"og:site_name\" content=\"Svenska Magasinet\" \/>\n<meta property=\"article:publisher\" content=\"https:\/\/www.facebook.com\/svenskamagasinet\" \/>\n<meta property=\"article:published_time\" content=\"2025-01-24T14:35:06+00:00\" \/>\n<meta property=\"og:image\" content=\"https:\/\/lightweb.dev\/l\/svm-temp\/wp-content\/uploads\/2022\/08\/FaoV5MAWAAELWPK-Stor.jpeg\" \/>\n\t<meta property=\"og:image:width\" content=\"1280\" \/>\n\t<meta property=\"og:image:height\" content=\"963\" \/>\n\t<meta property=\"og:image:type\" content=\"image\/jpeg\" \/>\n<meta name=\"author\" content=\"Robbie Eriksson\" \/>\n<meta name=\"twitter:card\" content=\"summary_large_image\" \/>\n<meta name=\"twitter:creator\" content=\"@SvenskaMagasine\" \/>\n<meta name=\"twitter:site\" content=\"@SvenskaMagasine\" \/>\n<script type=\"application\/ld+json\" class=\"yoast-schema-graph\">{\"@context\":\"https:\\\/\\\/schema.org\",\"@graph\":[{\"@type\":\"Article\",\"@id\":\"https:\\\/\\\/lightweb.dev\\\/l\\\/svm-temp\\\/nyheter\\\/farre-superbrander-under-2024\\\/#article\",\"isPartOf\":{\"@id\":\"https:\\\/\\\/lightweb.dev\\\/l\\\/svm-temp\\\/nyheter\\\/farre-superbrander-under-2024\\\/\"},\"author\":{\"name\":\"Robbie Eriksson\",\"@id\":\"https:\\\/\\\/lightweb.dev\\\/l\\\/svm-temp\\\/#\\\/schema\\\/person\\\/caffe038990d25722f5a04a03c906a2b\"},\"headline\":\"F\u00e4rre \u201csuperbr\u00e4nder\u201d under 2024\",\"datePublished\":\"2025-01-24T14:35:06+00:00\",\"mainEntityOfPage\":{\"@id\":\"https:\\\/\\\/lightweb.dev\\\/l\\\/svm-temp\\\/nyheter\\\/farre-superbrander-under-2024\\\/\"},\"wordCount\":435,\"publisher\":{\"@id\":\"https:\\\/\\\/lightweb.dev\\\/l\\\/svm-temp\\\/#organization\"},\"image\":{\"@id\":\"https:\\\/\\\/lightweb.dev\\\/l\\\/svm-temp\\\/nyheter\\\/farre-superbrander-under-2024\\\/#primaryimage\"},\"thumbnailUrl\":\"https:\\\/\\\/lightweb.dev\\\/l\\\/svm-temp\\\/wp-content\\\/uploads\\\/2022\\\/08\\\/FaoV5MAWAAELWPK-Stor.jpeg\",\"articleSection\":[\"Arkiv\",\"Nyheter\"],\"inLanguage\":\"sv-SE\"},{\"@type\":\"WebPage\",\"@id\":\"https:\\\/\\\/lightweb.dev\\\/l\\\/svm-temp\\\/nyheter\\\/farre-superbrander-under-2024\\\/\",\"url\":\"https:\\\/\\\/lightweb.dev\\\/l\\\/svm-temp\\\/nyheter\\\/farre-superbrander-under-2024\\\/\",\"name\":\"F\u00e4rre \u201csuperbr\u00e4nder\u201d under 2024 - Svenska Magasinet\",\"isPartOf\":{\"@id\":\"https:\\\/\\\/lightweb.dev\\\/l\\\/svm-temp\\\/#website\"},\"primaryImageOfPage\":{\"@id\":\"https:\\\/\\\/lightweb.dev\\\/l\\\/svm-temp\\\/nyheter\\\/farre-superbrander-under-2024\\\/#primaryimage\"},\"image\":{\"@id\":\"https:\\\/\\\/lightweb.dev\\\/l\\\/svm-temp\\\/nyheter\\\/farre-superbrander-under-2024\\\/#primaryimage\"},\"thumbnailUrl\":\"https:\\\/\\\/lightweb.dev\\\/l\\\/svm-temp\\\/wp-content\\\/uploads\\\/2022\\\/08\\\/FaoV5MAWAAELWPK-Stor.jpeg\",\"datePublished\":\"2025-01-24T14:35:06+00:00\",\"breadcrumb\":{\"@id\":\"https:\\\/\\\/lightweb.dev\\\/l\\\/svm-temp\\\/nyheter\\\/farre-superbrander-under-2024\\\/#breadcrumb\"},\"inLanguage\":\"sv-SE\",\"potentialAction\":[{\"@type\":\"ReadAction\",\"target\":[\"https:\\\/\\\/lightweb.dev\\\/l\\\/svm-temp\\\/nyheter\\\/farre-superbrander-under-2024\\\/\"]}]},{\"@type\":\"ImageObject\",\"inLanguage\":\"sv-SE\",\"@id\":\"https:\\\/\\\/lightweb.dev\\\/l\\\/svm-temp\\\/nyheter\\\/farre-superbrander-under-2024\\\/#primaryimage\",\"url\":\"https:\\\/\\\/lightweb.dev\\\/l\\\/svm-temp\\\/wp-content\\\/uploads\\\/2022\\\/08\\\/FaoV5MAWAAELWPK-Stor.jpeg\",\"contentUrl\":\"https:\\\/\\\/lightweb.dev\\\/l\\\/svm-temp\\\/wp-content\\\/uploads\\\/2022\\\/08\\\/FaoV5MAWAAELWPK-Stor.jpeg\",\"width\":1280,\"height\":963},{\"@type\":\"BreadcrumbList\",\"@id\":\"https:\\\/\\\/lightweb.dev\\\/l\\\/svm-temp\\\/nyheter\\\/farre-superbrander-under-2024\\\/#breadcrumb\",\"itemListElement\":[{\"@type\":\"ListItem\",\"position\":1,\"name\":\"Hem\",\"item\":\"https:\\\/\\\/lightweb.dev\\\/l\\\/svm-temp\\\/\"},{\"@type\":\"ListItem\",\"position\":2,\"name\":\"F\u00e4rre \u201csuperbr\u00e4nder\u201d under 2024\"}]},{\"@type\":\"WebSite\",\"@id\":\"https:\\\/\\\/lightweb.dev\\\/l\\\/svm-temp\\\/#website\",\"url\":\"https:\\\/\\\/lightweb.dev\\\/l\\\/svm-temp\\\/\",\"name\":\"Svenska Magasinet\",\"description\":\"Dina Spanska nyheter p&aring; Svenska\",\"publisher\":{\"@id\":\"https:\\\/\\\/lightweb.dev\\\/l\\\/svm-temp\\\/#organization\"},\"potentialAction\":[{\"@type\":\"SearchAction\",\"target\":{\"@type\":\"EntryPoint\",\"urlTemplate\":\"https:\\\/\\\/lightweb.dev\\\/l\\\/svm-temp\\\/?s={search_term_string}\"},\"query-input\":{\"@type\":\"PropertyValueSpecification\",\"valueRequired\":true,\"valueName\":\"search_term_string\"}}],\"inLanguage\":\"sv-SE\"},{\"@type\":\"Organization\",\"@id\":\"https:\\\/\\\/lightweb.dev\\\/l\\\/svm-temp\\\/#organization\",\"name\":\"Melkerson y Nott SL\",\"alternateName\":\"Svenska Magasinet\",\"url\":\"https:\\\/\\\/lightweb.dev\\\/l\\\/svm-temp\\\/\",\"logo\":{\"@type\":\"ImageObject\",\"inLanguage\":\"sv-SE\",\"@id\":\"https:\\\/\\\/lightweb.dev\\\/l\\\/svm-temp\\\/#\\\/schema\\\/logo\\\/image\\\/\",\"url\":\"https:\\\/\\\/lightweb.dev\\\/l\\\/svm-temp\\\/wp-content\\\/uploads\\\/2025\\\/02\\\/SvM-logo-Xtra-Centrerad-SVART.png\",\"contentUrl\":\"https:\\\/\\\/lightweb.dev\\\/l\\\/svm-temp\\\/wp-content\\\/uploads\\\/2025\\\/02\\\/SvM-logo-Xtra-Centrerad-SVART.png\",\"width\":300,\"height\":99,\"caption\":\"Melkerson y Nott SL\"},\"image\":{\"@id\":\"https:\\\/\\\/lightweb.dev\\\/l\\\/svm-temp\\\/#\\\/schema\\\/logo\\\/image\\\/\"},\"sameAs\":[\"https:\\\/\\\/www.facebook.com\\\/svenskamagasinet\",\"https:\\\/\\\/x.com\\\/SvenskaMagasine\"]},{\"@type\":\"Person\",\"@id\":\"https:\\\/\\\/lightweb.dev\\\/l\\\/svm-temp\\\/#\\\/schema\\\/person\\\/caffe038990d25722f5a04a03c906a2b\",\"name\":\"Robbie Eriksson\",\"sameAs\":[\"https:\\\/\\\/lightweb.dev\\\/l\\\/svm-temp\"],\"url\":\"https:\\\/\\\/lightweb.dev\\\/l\\\/svm-temp\\\/reporter\\\/robbie-eriksson\\\/\"}]}<\/script>\n<!-- \/ Yoast SEO Premium plugin. -->","yoast_head_json":{"title":"F\u00e4rre \u201csuperbr\u00e4nder\u201d under 2024 - Svenska Magasinet","robots":{"index":"noindex","follow":"follow","max-snippet":"max-snippet:-1","max-image-preview":"max-image-preview:large","max-video-preview":"max-video-preview:-1"},"og_locale":"sv_SE","og_type":"article","og_title":"F\u00e4rre \u201csuperbr\u00e4nder\u201d under 2024","og_description":"Stora m\u00e4ngder nederb\u00f6rd och tidigarelagda beredskapsplaner gjorde att bara h\u00e4lften s\u00e5 mycket mark f\u00f6rst\u00f6rdes av l\u00e5gor j\u00e4mf\u00f6rt med de senaste 53 \u00e5ren.\u00a0","og_url":"https:\/\/lightweb.dev\/l\/svm-temp\/nyheter\/farre-superbrander-under-2024\/","og_site_name":"Svenska Magasinet","article_publisher":"https:\/\/www.facebook.com\/svenskamagasinet","article_published_time":"2025-01-24T14:35:06+00:00","og_image":[{"width":1280,"height":963,"url":"https:\/\/lightweb.dev\/l\/svm-temp\/wp-content\/uploads\/2022\/08\/FaoV5MAWAAELWPK-Stor.jpeg","type":"image\/jpeg"}],"author":"Robbie Eriksson","twitter_card":"summary_large_image","twitter_creator":"@SvenskaMagasine","twitter_site":"@SvenskaMagasine","schema":{"@context":"https:\/\/schema.org","@graph":[{"@type":"Article","@id":"https:\/\/lightweb.dev\/l\/svm-temp\/nyheter\/farre-superbrander-under-2024\/#article","isPartOf":{"@id":"https:\/\/lightweb.dev\/l\/svm-temp\/nyheter\/farre-superbrander-under-2024\/"},"author":{"name":"Robbie Eriksson","@id":"https:\/\/lightweb.dev\/l\/svm-temp\/#\/schema\/person\/caffe038990d25722f5a04a03c906a2b"},"headline":"F\u00e4rre \u201csuperbr\u00e4nder\u201d under 2024","datePublished":"2025-01-24T14:35:06+00:00","mainEntityOfPage":{"@id":"https:\/\/lightweb.dev\/l\/svm-temp\/nyheter\/farre-superbrander-under-2024\/"},"wordCount":435,"publisher":{"@id":"https:\/\/lightweb.dev\/l\/svm-temp\/#organization"},"image":{"@id":"https:\/\/lightweb.dev\/l\/svm-temp\/nyheter\/farre-superbrander-under-2024\/#primaryimage"},"thumbnailUrl":"https:\/\/lightweb.dev\/l\/svm-temp\/wp-content\/uploads\/2022\/08\/FaoV5MAWAAELWPK-Stor.jpeg","articleSection":["Arkiv","Nyheter"],"inLanguage":"sv-SE"},{"@type":"WebPage","@id":"https:\/\/lightweb.dev\/l\/svm-temp\/nyheter\/farre-superbrander-under-2024\/","url":"https:\/\/lightweb.dev\/l\/svm-temp\/nyheter\/farre-superbrander-under-2024\/","name":"F\u00e4rre \u201csuperbr\u00e4nder\u201d under 2024 - Svenska Magasinet","isPartOf":{"@id":"https:\/\/lightweb.dev\/l\/svm-temp\/#website"},"primaryImageOfPage":{"@id":"https:\/\/lightweb.dev\/l\/svm-temp\/nyheter\/farre-superbrander-under-2024\/#primaryimage"},"image":{"@id":"https:\/\/lightweb.dev\/l\/svm-temp\/nyheter\/farre-superbrander-under-2024\/#primaryimage"},"thumbnailUrl":"https:\/\/lightweb.dev\/l\/svm-temp\/wp-content\/uploads\/2022\/08\/FaoV5MAWAAELWPK-Stor.jpeg","datePublished":"2025-01-24T14:35:06+00:00","breadcrumb":{"@id":"https:\/\/lightweb.dev\/l\/svm-temp\/nyheter\/farre-superbrander-under-2024\/#breadcrumb"},"inLanguage":"sv-SE","potentialAction":[{"@type":"ReadAction","target":["https:\/\/lightweb.dev\/l\/svm-temp\/nyheter\/farre-superbrander-under-2024\/"]}]},{"@type":"ImageObject","inLanguage":"sv-SE","@id":"https:\/\/lightweb.dev\/l\/svm-temp\/nyheter\/farre-superbrander-under-2024\/#primaryimage","url":"https:\/\/lightweb.dev\/l\/svm-temp\/wp-content\/uploads\/2022\/08\/FaoV5MAWAAELWPK-Stor.jpeg","contentUrl":"https:\/\/lightweb.dev\/l\/svm-temp\/wp-content\/uploads\/2022\/08\/FaoV5MAWAAELWPK-Stor.jpeg","width":1280,"height":963},{"@type":"BreadcrumbList","@id":"https:\/\/lightweb.dev\/l\/svm-temp\/nyheter\/farre-superbrander-under-2024\/#breadcrumb","itemListElement":[{"@type":"ListItem","position":1,"name":"Hem","item":"https:\/\/lightweb.dev\/l\/svm-temp\/"},{"@type":"ListItem","position":2,"name":"F\u00e4rre \u201csuperbr\u00e4nder\u201d under 2024"}]},{"@type":"WebSite","@id":"https:\/\/lightweb.dev\/l\/svm-temp\/#website","url":"https:\/\/lightweb.dev\/l\/svm-temp\/","name":"Svenska Magasinet","description":"Dina Spanska nyheter p&aring; Svenska","publisher":{"@id":"https:\/\/lightweb.dev\/l\/svm-temp\/#organization"},"potentialAction":[{"@type":"SearchAction","target":{"@type":"EntryPoint","urlTemplate":"https:\/\/lightweb.dev\/l\/svm-temp\/?s={search_term_string}"},"query-input":{"@type":"PropertyValueSpecification","valueRequired":true,"valueName":"search_term_string"}}],"inLanguage":"sv-SE"},{"@type":"Organization","@id":"https:\/\/lightweb.dev\/l\/svm-temp\/#organization","name":"Melkerson y Nott SL","alternateName":"Svenska Magasinet","url":"https:\/\/lightweb.dev\/l\/svm-temp\/","logo":{"@type":"ImageObject","inLanguage":"sv-SE","@id":"https:\/\/lightweb.dev\/l\/svm-temp\/#\/schema\/logo\/image\/","url":"https:\/\/lightweb.dev\/l\/svm-temp\/wp-content\/uploads\/2025\/02\/SvM-logo-Xtra-Centrerad-SVART.png","contentUrl":"https:\/\/lightweb.dev\/l\/svm-temp\/wp-content\/uploads\/2025\/02\/SvM-logo-Xtra-Centrerad-SVART.png","width":300,"height":99,"caption":"Melkerson y Nott SL"},"image":{"@id":"https:\/\/lightweb.dev\/l\/svm-temp\/#\/schema\/logo\/image\/"},"sameAs":["https:\/\/www.facebook.com\/svenskamagasinet","https:\/\/x.com\/SvenskaMagasine"]},{"@type":"Person","@id":"https:\/\/lightweb.dev\/l\/svm-temp\/#\/schema\/person\/caffe038990d25722f5a04a03c906a2b","name":"Robbie Eriksson","sameAs":["https:\/\/lightweb.dev\/l\/svm-temp"],"url":"https:\/\/lightweb.dev\/l\/svm-temp\/reporter\/robbie-eriksson\/"}]}},"_links":{"self":[{"href":"https:\/\/lightweb.dev\/l\/svm-temp\/wp-json\/wp\/v2\/posts\/77745","targetHints":{"allow":["GET"]}}],"collection":[{"href":"https:\/\/lightweb.dev\/l\/svm-temp\/wp-json\/wp\/v2\/posts"}],"about":[{"href":"https:\/\/lightweb.dev\/l\/svm-temp\/wp-json\/wp\/v2\/types\/post"}],"author":[{"embeddable":true,"href":"https:\/\/lightweb.dev\/l\/svm-temp\/wp-json\/wp\/v2\/users\/14"}],"replies":[{"embeddable":true,"href":"https:\/\/lightweb.dev\/l\/svm-temp\/wp-json\/wp\/v2\/comments?post=77745"}],"version-history":[{"count":0,"href":"https:\/\/lightweb.dev\/l\/svm-temp\/wp-json\/wp\/v2\/posts\/77745\/revisions"}],"wp:featuredmedia":[{"embeddable":true,"href":"https:\/\/lightweb.dev\/l\/svm-temp\/wp-json\/wp\/v2\/media\/56706"}],"wp:attachment":[{"href":"https:\/\/lightweb.dev\/l\/svm-temp\/wp-json\/wp\/v2\/media?parent=77745"}],"wp:term":[{"taxonomy":"category","embeddable":true,"href":"https:\/\/lightweb.dev\/l\/svm-temp\/wp-json\/wp\/v2\/categories?post=77745"},{"taxonomy":"post_tag","embeddable":true,"href":"https:\/\/lightweb.dev\/l\/svm-temp\/wp-json\/wp\/v2\/tags?post=77745"}],"curies":[{"name":"wp","href":"https:\/\/api.w.org\/{rel}","templated":true}]}}