{"id":77747,"date":"2025-01-24T15:44:53","date_gmt":"2025-01-24T14:44:53","guid":{"rendered":"https:\/\/lightweb.dev\/l\/svm-temp\/?p=77747"},"modified":"2025-01-24T15:44:53","modified_gmt":"2025-01-24T14:44:53","slug":"regeringen-forlorade-viktig-omrostning","status":"publish","type":"post","link":"https:\/\/lightweb.dev\/l\/svm-temp\/nyheter\/regeringen-forlorade-viktig-omrostning\/","title":{"rendered":"Regeringen f\u00f6rlorade viktig omr\u00f6stning"},"content":{"rendered":"<p><strong>Rabatter i kollektivtrafiken och pensionsh\u00f6jningar kan dras tillbaka efter att regeringens f\u00f6rslag f\u00f6ll i parlamentet.\u00a0<\/strong><\/p>\n<p><span style=\"font-weight: 400;\"><strong>Samtidigt anklagar oppositionen premi\u00e4rministern f\u00f6r att bete sig ohederligt.<\/strong>\u00a0<\/span><\/p>\n<p><span style=\"font-weight: 400;\">De som anv\u00e4nder den spanska kollektivtrafiken riskerar att f\u00f6rlora de tillf\u00e4lliga rabatterna och spanska pension\u00e4rer kan f\u00e5 sina \u00e5rliga \u00f6kningar tillbakadragna.\u00a0<\/span><\/p>\n<p><span style=\"font-weight: 400;\">Detta \u00e4r f\u00f6ljden av att regeringen i onsdags, mycket ov\u00e4ntat, f\u00f6rlorade en omr\u00f6stning i parlamentet. De katalanska nationalisterna Junts, som \u00e4r ett av Premi\u00e4rminister Pedro <\/span><span style=\"font-weight: 400;\">S\u00e1nchez st\u00f6dpartier, bytte sida och r\u00f6stade med oppositionen, som leds av Partido Popular (PP).\u00a0<\/span><\/p>\n<h2><span style=\"font-weight: 400;\">Tre omr\u00f6stningar<\/span><\/h2>\n<p><span style=\"font-weight: 400;\">Regeringens ministrar ville r\u00f6sta igenom tre dekret. Det f\u00f6rsta var att f\u00f6rl\u00e4nga den extra skatten p\u00e5 elbolagens vinster som r\u00f6stades ner. Det andra g\u00e4llde att g\u00f6ra reglerna f\u00f6r att ta ut pension samtidigt som man forts\u00e4tter att arbeta mer flexibla och gick igenom.\u00a0<\/span><\/p>\n<p><span style=\"font-weight: 400;\">Det sista var ett paket som hade packats med ett flertal olika motioner &#8211; en del popul\u00e4ra och vissa mindre omtyckta bland landets parlamentariker &#8211; som f\u00f6ll till regeringens f\u00f6rtret.\u00a0<\/span><\/p>\n<p><span style=\"font-weight: 400;\">I det paketet ingick en f\u00f6rl\u00e4ngning av det tempor\u00e4ra bidragssystem till kollektivtrafiken som g\u00f6r att biljetterna kostar mindre och har funnits de senaste \u00e5ren. Renfe har redan meddelat att de inte kommer att forts\u00e4tta erbjuda rabatterade eller kostnadsfria resekort men de som redan har utf\u00e4rdats kommer att g\u00e4lla tills dess att de g\u00e5r ut.\u00a0<\/span><\/p>\n<p><span style=\"font-weight: 400;\">I en del regioner, bland andra Andalusien, har de lokala styrena meddelat att de kommer forts\u00e4tta betala f\u00f6r rabatterna f\u00f6r bussar och tunnelbanor, \u00e4ven om centralregeringen inte har m\u00f6jligheten.\u00a0<\/span><\/p>\n<h3><span style=\"font-weight: 400;\">Pensioner<\/span><\/h3>\n<p><span style=\"font-weight: 400;\">I den sista omr\u00f6stningen ingick \u00e4ven den \u00e5rliga \u00f6kningen av pensionerna. PPs ledare, Alberto N\u00fa\u00f1ez Feij\u00f3o, anklagade S\u00e1nchez f\u00f6r att anv\u00e4nda pension\u00e4rer som \u201cm\u00e4nskliga sk\u00f6ldar\u201d i ett f\u00f6rs\u00f6k att tvinga igenom en rad \u00e4ndringar i samma votering. Han tillade att PP kommer att l\u00e4gga fram en egen separat motion f\u00f6r att h\u00f6jningarna ska kunna g\u00e5 igenom.\u00a0<\/span><\/p>\n<p><span style=\"font-weight: 400;\">Samtidigt har Junts uppmanat premi\u00e4rministern att kalla till ett f\u00f6rtroendevotum g\u00e4llande hans regering och att avg\u00e5 och utlysa nyval om han skulle f\u00f6rlora.<\/span><\/p>\n","protected":false},"excerpt":{"rendered":"<p>Rabatter i kollektivtrafiken och pensionsh\u00f6jningar kan dras tillbaka efter att regeringens f\u00f6rslag f\u00f6ll i parlamentet.\u00a0Samtidigt anklagar oppositionen premi\u00e4rministern f\u00f6r att bete sig ohederligt.<\/p>\n","protected":false},"author":14,"featured_media":64052,"comment_status":"closed","ping_status":"closed","sticky":false,"template":"","format":"standard","meta":{"_et_pb_use_builder":"","_et_pb_old_content":"","_et_gb_content_width":"","footnotes":""},"categories":[395,3],"tags":[],"class_list":["post-77747","post","type-post","status-publish","format-standard","has-post-thumbnail","hentry","category-arkiv-nyheter","category-nyheter"],"yoast_head":"<!-- This site is optimized with the Yoast SEO Premium plugin v26.2 (Yoast SEO v28.2) - https:\/\/yoast.com\/product\/yoast-seo-premium-wordpress\/ -->\n<title>Regeringen f\u00f6rlorade viktig omr\u00f6stning - Svenska Magasinet<\/title>\n<meta name=\"robots\" content=\"noindex, follow, max-snippet:-1, max-image-preview:large, max-video-preview:-1\" \/>\n<meta property=\"og:locale\" content=\"sv_SE\" \/>\n<meta property=\"og:type\" content=\"article\" \/>\n<meta property=\"og:title\" content=\"Regeringen f\u00f6rlorade viktig omr\u00f6stning\" \/>\n<meta property=\"og:description\" content=\"Rabatter i kollektivtrafiken och pensionsh\u00f6jningar kan dras tillbaka efter att regeringens f\u00f6rslag f\u00f6ll i parlamentet.\u00a0Samtidigt anklagar oppositionen premi\u00e4rministern f\u00f6r att bete sig ohederligt.\" \/>\n<meta property=\"og:url\" content=\"https:\/\/lightweb.dev\/l\/svm-temp\/nyheter\/regeringen-forlorade-viktig-omrostning\/\" \/>\n<meta property=\"og:site_name\" content=\"Svenska Magasinet\" \/>\n<meta property=\"article:publisher\" content=\"https:\/\/www.facebook.com\/svenskamagasinet\" \/>\n<meta property=\"article:published_time\" content=\"2025-01-24T14:44:53+00:00\" \/>\n<meta property=\"og:image\" content=\"https:\/\/lightweb.dev\/l\/svm-temp\/wp-content\/uploads\/2023\/05\/Skarmavbild-2023-05-29-kl.-14.55.32-stor.jpeg\" \/>\n\t<meta property=\"og:image:width\" content=\"1280\" \/>\n\t<meta property=\"og:image:height\" content=\"637\" \/>\n\t<meta property=\"og:image:type\" content=\"image\/jpeg\" \/>\n<meta name=\"author\" content=\"Robbie Eriksson\" \/>\n<meta name=\"twitter:card\" content=\"summary_large_image\" \/>\n<meta name=\"twitter:creator\" content=\"@SvenskaMagasine\" \/>\n<meta name=\"twitter:site\" content=\"@SvenskaMagasine\" \/>\n<script type=\"application\/ld+json\" class=\"yoast-schema-graph\">{\"@context\":\"https:\\\/\\\/schema.org\",\"@graph\":[{\"@type\":\"Article\",\"@id\":\"https:\\\/\\\/lightweb.dev\\\/l\\\/svm-temp\\\/nyheter\\\/regeringen-forlorade-viktig-omrostning\\\/#article\",\"isPartOf\":{\"@id\":\"https:\\\/\\\/lightweb.dev\\\/l\\\/svm-temp\\\/nyheter\\\/regeringen-forlorade-viktig-omrostning\\\/\"},\"author\":{\"name\":\"Robbie Eriksson\",\"@id\":\"https:\\\/\\\/lightweb.dev\\\/l\\\/svm-temp\\\/#\\\/schema\\\/person\\\/caffe038990d25722f5a04a03c906a2b\"},\"headline\":\"Regeringen f\u00f6rlorade viktig omr\u00f6stning\",\"datePublished\":\"2025-01-24T14:44:53+00:00\",\"mainEntityOfPage\":{\"@id\":\"https:\\\/\\\/lightweb.dev\\\/l\\\/svm-temp\\\/nyheter\\\/regeringen-forlorade-viktig-omrostning\\\/\"},\"wordCount\":388,\"publisher\":{\"@id\":\"https:\\\/\\\/lightweb.dev\\\/l\\\/svm-temp\\\/#organization\"},\"image\":{\"@id\":\"https:\\\/\\\/lightweb.dev\\\/l\\\/svm-temp\\\/nyheter\\\/regeringen-forlorade-viktig-omrostning\\\/#primaryimage\"},\"thumbnailUrl\":\"https:\\\/\\\/lightweb.dev\\\/l\\\/svm-temp\\\/wp-content\\\/uploads\\\/2023\\\/05\\\/Skarmavbild-2023-05-29-kl.-14.55.32-stor.jpeg\",\"articleSection\":[\"Arkiv\",\"Nyheter\"],\"inLanguage\":\"sv-SE\"},{\"@type\":\"WebPage\",\"@id\":\"https:\\\/\\\/lightweb.dev\\\/l\\\/svm-temp\\\/nyheter\\\/regeringen-forlorade-viktig-omrostning\\\/\",\"url\":\"https:\\\/\\\/lightweb.dev\\\/l\\\/svm-temp\\\/nyheter\\\/regeringen-forlorade-viktig-omrostning\\\/\",\"name\":\"Regeringen f\u00f6rlorade viktig omr\u00f6stning - Svenska Magasinet\",\"isPartOf\":{\"@id\":\"https:\\\/\\\/lightweb.dev\\\/l\\\/svm-temp\\\/#website\"},\"primaryImageOfPage\":{\"@id\":\"https:\\\/\\\/lightweb.dev\\\/l\\\/svm-temp\\\/nyheter\\\/regeringen-forlorade-viktig-omrostning\\\/#primaryimage\"},\"image\":{\"@id\":\"https:\\\/\\\/lightweb.dev\\\/l\\\/svm-temp\\\/nyheter\\\/regeringen-forlorade-viktig-omrostning\\\/#primaryimage\"},\"thumbnailUrl\":\"https:\\\/\\\/lightweb.dev\\\/l\\\/svm-temp\\\/wp-content\\\/uploads\\\/2023\\\/05\\\/Skarmavbild-2023-05-29-kl.-14.55.32-stor.jpeg\",\"datePublished\":\"2025-01-24T14:44:53+00:00\",\"breadcrumb\":{\"@id\":\"https:\\\/\\\/lightweb.dev\\\/l\\\/svm-temp\\\/nyheter\\\/regeringen-forlorade-viktig-omrostning\\\/#breadcrumb\"},\"inLanguage\":\"sv-SE\",\"potentialAction\":[{\"@type\":\"ReadAction\",\"target\":[\"https:\\\/\\\/lightweb.dev\\\/l\\\/svm-temp\\\/nyheter\\\/regeringen-forlorade-viktig-omrostning\\\/\"]}]},{\"@type\":\"ImageObject\",\"inLanguage\":\"sv-SE\",\"@id\":\"https:\\\/\\\/lightweb.dev\\\/l\\\/svm-temp\\\/nyheter\\\/regeringen-forlorade-viktig-omrostning\\\/#primaryimage\",\"url\":\"https:\\\/\\\/lightweb.dev\\\/l\\\/svm-temp\\\/wp-content\\\/uploads\\\/2023\\\/05\\\/Skarmavbild-2023-05-29-kl.-14.55.32-stor.jpeg\",\"contentUrl\":\"https:\\\/\\\/lightweb.dev\\\/l\\\/svm-temp\\\/wp-content\\\/uploads\\\/2023\\\/05\\\/Skarmavbild-2023-05-29-kl.-14.55.32-stor.jpeg\",\"width\":1280,\"height\":637,\"caption\":\"(Foto: Regeringskansliet La Moncloa)\"},{\"@type\":\"BreadcrumbList\",\"@id\":\"https:\\\/\\\/lightweb.dev\\\/l\\\/svm-temp\\\/nyheter\\\/regeringen-forlorade-viktig-omrostning\\\/#breadcrumb\",\"itemListElement\":[{\"@type\":\"ListItem\",\"position\":1,\"name\":\"Hem\",\"item\":\"https:\\\/\\\/lightweb.dev\\\/l\\\/svm-temp\\\/\"},{\"@type\":\"ListItem\",\"position\":2,\"name\":\"Regeringen f\u00f6rlorade viktig omr\u00f6stning\"}]},{\"@type\":\"WebSite\",\"@id\":\"https:\\\/\\\/lightweb.dev\\\/l\\\/svm-temp\\\/#website\",\"url\":\"https:\\\/\\\/lightweb.dev\\\/l\\\/svm-temp\\\/\",\"name\":\"Svenska Magasinet\",\"description\":\"Dina Spanska nyheter p&aring; Svenska\",\"publisher\":{\"@id\":\"https:\\\/\\\/lightweb.dev\\\/l\\\/svm-temp\\\/#organization\"},\"potentialAction\":[{\"@type\":\"SearchAction\",\"target\":{\"@type\":\"EntryPoint\",\"urlTemplate\":\"https:\\\/\\\/lightweb.dev\\\/l\\\/svm-temp\\\/?s={search_term_string}\"},\"query-input\":{\"@type\":\"PropertyValueSpecification\",\"valueRequired\":true,\"valueName\":\"search_term_string\"}}],\"inLanguage\":\"sv-SE\"},{\"@type\":\"Organization\",\"@id\":\"https:\\\/\\\/lightweb.dev\\\/l\\\/svm-temp\\\/#organization\",\"name\":\"Melkerson y Nott SL\",\"alternateName\":\"Svenska Magasinet\",\"url\":\"https:\\\/\\\/lightweb.dev\\\/l\\\/svm-temp\\\/\",\"logo\":{\"@type\":\"ImageObject\",\"inLanguage\":\"sv-SE\",\"@id\":\"https:\\\/\\\/lightweb.dev\\\/l\\\/svm-temp\\\/#\\\/schema\\\/logo\\\/image\\\/\",\"url\":\"https:\\\/\\\/lightweb.dev\\\/l\\\/svm-temp\\\/wp-content\\\/uploads\\\/2025\\\/02\\\/SvM-logo-Xtra-Centrerad-SVART.png\",\"contentUrl\":\"https:\\\/\\\/lightweb.dev\\\/l\\\/svm-temp\\\/wp-content\\\/uploads\\\/2025\\\/02\\\/SvM-logo-Xtra-Centrerad-SVART.png\",\"width\":300,\"height\":99,\"caption\":\"Melkerson y Nott SL\"},\"image\":{\"@id\":\"https:\\\/\\\/lightweb.dev\\\/l\\\/svm-temp\\\/#\\\/schema\\\/logo\\\/image\\\/\"},\"sameAs\":[\"https:\\\/\\\/www.facebook.com\\\/svenskamagasinet\",\"https:\\\/\\\/x.com\\\/SvenskaMagasine\"]},{\"@type\":\"Person\",\"@id\":\"https:\\\/\\\/lightweb.dev\\\/l\\\/svm-temp\\\/#\\\/schema\\\/person\\\/caffe038990d25722f5a04a03c906a2b\",\"name\":\"Robbie Eriksson\",\"sameAs\":[\"https:\\\/\\\/lightweb.dev\\\/l\\\/svm-temp\"],\"url\":\"https:\\\/\\\/lightweb.dev\\\/l\\\/svm-temp\\\/reporter\\\/robbie-eriksson\\\/\"}]}<\/script>\n<!-- \/ Yoast SEO Premium plugin. -->","yoast_head_json":{"title":"Regeringen f\u00f6rlorade viktig omr\u00f6stning - Svenska Magasinet","robots":{"index":"noindex","follow":"follow","max-snippet":"max-snippet:-1","max-image-preview":"max-image-preview:large","max-video-preview":"max-video-preview:-1"},"og_locale":"sv_SE","og_type":"article","og_title":"Regeringen f\u00f6rlorade viktig omr\u00f6stning","og_description":"Rabatter i kollektivtrafiken och pensionsh\u00f6jningar kan dras tillbaka efter att regeringens f\u00f6rslag f\u00f6ll i parlamentet.\u00a0Samtidigt anklagar oppositionen premi\u00e4rministern f\u00f6r att bete sig ohederligt.","og_url":"https:\/\/lightweb.dev\/l\/svm-temp\/nyheter\/regeringen-forlorade-viktig-omrostning\/","og_site_name":"Svenska Magasinet","article_publisher":"https:\/\/www.facebook.com\/svenskamagasinet","article_published_time":"2025-01-24T14:44:53+00:00","og_image":[{"width":1280,"height":637,"url":"https:\/\/lightweb.dev\/l\/svm-temp\/wp-content\/uploads\/2023\/05\/Skarmavbild-2023-05-29-kl.-14.55.32-stor.jpeg","type":"image\/jpeg"}],"author":"Robbie Eriksson","twitter_card":"summary_large_image","twitter_creator":"@SvenskaMagasine","twitter_site":"@SvenskaMagasine","schema":{"@context":"https:\/\/schema.org","@graph":[{"@type":"Article","@id":"https:\/\/lightweb.dev\/l\/svm-temp\/nyheter\/regeringen-forlorade-viktig-omrostning\/#article","isPartOf":{"@id":"https:\/\/lightweb.dev\/l\/svm-temp\/nyheter\/regeringen-forlorade-viktig-omrostning\/"},"author":{"name":"Robbie Eriksson","@id":"https:\/\/lightweb.dev\/l\/svm-temp\/#\/schema\/person\/caffe038990d25722f5a04a03c906a2b"},"headline":"Regeringen f\u00f6rlorade viktig omr\u00f6stning","datePublished":"2025-01-24T14:44:53+00:00","mainEntityOfPage":{"@id":"https:\/\/lightweb.dev\/l\/svm-temp\/nyheter\/regeringen-forlorade-viktig-omrostning\/"},"wordCount":388,"publisher":{"@id":"https:\/\/lightweb.dev\/l\/svm-temp\/#organization"},"image":{"@id":"https:\/\/lightweb.dev\/l\/svm-temp\/nyheter\/regeringen-forlorade-viktig-omrostning\/#primaryimage"},"thumbnailUrl":"https:\/\/lightweb.dev\/l\/svm-temp\/wp-content\/uploads\/2023\/05\/Skarmavbild-2023-05-29-kl.-14.55.32-stor.jpeg","articleSection":["Arkiv","Nyheter"],"inLanguage":"sv-SE"},{"@type":"WebPage","@id":"https:\/\/lightweb.dev\/l\/svm-temp\/nyheter\/regeringen-forlorade-viktig-omrostning\/","url":"https:\/\/lightweb.dev\/l\/svm-temp\/nyheter\/regeringen-forlorade-viktig-omrostning\/","name":"Regeringen f\u00f6rlorade viktig omr\u00f6stning - Svenska Magasinet","isPartOf":{"@id":"https:\/\/lightweb.dev\/l\/svm-temp\/#website"},"primaryImageOfPage":{"@id":"https:\/\/lightweb.dev\/l\/svm-temp\/nyheter\/regeringen-forlorade-viktig-omrostning\/#primaryimage"},"image":{"@id":"https:\/\/lightweb.dev\/l\/svm-temp\/nyheter\/regeringen-forlorade-viktig-omrostning\/#primaryimage"},"thumbnailUrl":"https:\/\/lightweb.dev\/l\/svm-temp\/wp-content\/uploads\/2023\/05\/Skarmavbild-2023-05-29-kl.-14.55.32-stor.jpeg","datePublished":"2025-01-24T14:44:53+00:00","breadcrumb":{"@id":"https:\/\/lightweb.dev\/l\/svm-temp\/nyheter\/regeringen-forlorade-viktig-omrostning\/#breadcrumb"},"inLanguage":"sv-SE","potentialAction":[{"@type":"ReadAction","target":["https:\/\/lightweb.dev\/l\/svm-temp\/nyheter\/regeringen-forlorade-viktig-omrostning\/"]}]},{"@type":"ImageObject","inLanguage":"sv-SE","@id":"https:\/\/lightweb.dev\/l\/svm-temp\/nyheter\/regeringen-forlorade-viktig-omrostning\/#primaryimage","url":"https:\/\/lightweb.dev\/l\/svm-temp\/wp-content\/uploads\/2023\/05\/Skarmavbild-2023-05-29-kl.-14.55.32-stor.jpeg","contentUrl":"https:\/\/lightweb.dev\/l\/svm-temp\/wp-content\/uploads\/2023\/05\/Skarmavbild-2023-05-29-kl.-14.55.32-stor.jpeg","width":1280,"height":637,"caption":"(Foto: Regeringskansliet La Moncloa)"},{"@type":"BreadcrumbList","@id":"https:\/\/lightweb.dev\/l\/svm-temp\/nyheter\/regeringen-forlorade-viktig-omrostning\/#breadcrumb","itemListElement":[{"@type":"ListItem","position":1,"name":"Hem","item":"https:\/\/lightweb.dev\/l\/svm-temp\/"},{"@type":"ListItem","position":2,"name":"Regeringen f\u00f6rlorade viktig omr\u00f6stning"}]},{"@type":"WebSite","@id":"https:\/\/lightweb.dev\/l\/svm-temp\/#website","url":"https:\/\/lightweb.dev\/l\/svm-temp\/","name":"Svenska Magasinet","description":"Dina Spanska nyheter p&aring; Svenska","publisher":{"@id":"https:\/\/lightweb.dev\/l\/svm-temp\/#organization"},"potentialAction":[{"@type":"SearchAction","target":{"@type":"EntryPoint","urlTemplate":"https:\/\/lightweb.dev\/l\/svm-temp\/?s={search_term_string}"},"query-input":{"@type":"PropertyValueSpecification","valueRequired":true,"valueName":"search_term_string"}}],"inLanguage":"sv-SE"},{"@type":"Organization","@id":"https:\/\/lightweb.dev\/l\/svm-temp\/#organization","name":"Melkerson y Nott SL","alternateName":"Svenska Magasinet","url":"https:\/\/lightweb.dev\/l\/svm-temp\/","logo":{"@type":"ImageObject","inLanguage":"sv-SE","@id":"https:\/\/lightweb.dev\/l\/svm-temp\/#\/schema\/logo\/image\/","url":"https:\/\/lightweb.dev\/l\/svm-temp\/wp-content\/uploads\/2025\/02\/SvM-logo-Xtra-Centrerad-SVART.png","contentUrl":"https:\/\/lightweb.dev\/l\/svm-temp\/wp-content\/uploads\/2025\/02\/SvM-logo-Xtra-Centrerad-SVART.png","width":300,"height":99,"caption":"Melkerson y Nott SL"},"image":{"@id":"https:\/\/lightweb.dev\/l\/svm-temp\/#\/schema\/logo\/image\/"},"sameAs":["https:\/\/www.facebook.com\/svenskamagasinet","https:\/\/x.com\/SvenskaMagasine"]},{"@type":"Person","@id":"https:\/\/lightweb.dev\/l\/svm-temp\/#\/schema\/person\/caffe038990d25722f5a04a03c906a2b","name":"Robbie Eriksson","sameAs":["https:\/\/lightweb.dev\/l\/svm-temp"],"url":"https:\/\/lightweb.dev\/l\/svm-temp\/reporter\/robbie-eriksson\/"}]}},"_links":{"self":[{"href":"https:\/\/lightweb.dev\/l\/svm-temp\/wp-json\/wp\/v2\/posts\/77747","targetHints":{"allow":["GET"]}}],"collection":[{"href":"https:\/\/lightweb.dev\/l\/svm-temp\/wp-json\/wp\/v2\/posts"}],"about":[{"href":"https:\/\/lightweb.dev\/l\/svm-temp\/wp-json\/wp\/v2\/types\/post"}],"author":[{"embeddable":true,"href":"https:\/\/lightweb.dev\/l\/svm-temp\/wp-json\/wp\/v2\/users\/14"}],"replies":[{"embeddable":true,"href":"https:\/\/lightweb.dev\/l\/svm-temp\/wp-json\/wp\/v2\/comments?post=77747"}],"version-history":[{"count":0,"href":"https:\/\/lightweb.dev\/l\/svm-temp\/wp-json\/wp\/v2\/posts\/77747\/revisions"}],"wp:featuredmedia":[{"embeddable":true,"href":"https:\/\/lightweb.dev\/l\/svm-temp\/wp-json\/wp\/v2\/media\/64052"}],"wp:attachment":[{"href":"https:\/\/lightweb.dev\/l\/svm-temp\/wp-json\/wp\/v2\/media?parent=77747"}],"wp:term":[{"taxonomy":"category","embeddable":true,"href":"https:\/\/lightweb.dev\/l\/svm-temp\/wp-json\/wp\/v2\/categories?post=77747"},{"taxonomy":"post_tag","embeddable":true,"href":"https:\/\/lightweb.dev\/l\/svm-temp\/wp-json\/wp\/v2\/tags?post=77747"}],"curies":[{"name":"wp","href":"https:\/\/api.w.org\/{rel}","templated":true}]}}