{"id":77752,"date":"2025-01-24T16:00:52","date_gmt":"2025-01-24T15:00:52","guid":{"rendered":"https:\/\/lightweb.dev\/l\/svm-temp\/?p=77752"},"modified":"2025-01-24T16:02:15","modified_gmt":"2025-01-24T15:02:15","slug":"nya-regn-under-helgen","status":"publish","type":"post","link":"https:\/\/lightweb.dev\/l\/svm-temp\/nyheter\/nya-regn-under-helgen\/","title":{"rendered":"Nya regn under helgen"},"content":{"rendered":"<p><strong>Efter att stormen Garoe drar vidare bl\u00e5ser Eowyn in under helgen och f\u00f6r med sig ytterligare nederb\u00f6rd och starka vindar.<\/strong><\/p>\n<p><span style=\"font-weight: 400;\">Den senaste veckan har stormen Garoe f\u00f6rt med sig kraftiga regn som fallit \u00f6ver stora delar av Spanien. Den har n\u00e5tt ett stiltje idag men imorgon kommer nya ov\u00e4der att drabba flera omr\u00e5den med stormen Eowyn. Det spanska meteorologiska institutet, Aemet, f\u00f6rutsp\u00e5r att den st\u00f6rsta nederb\u00f6rden kommer att falla \u00f6ver den v\u00e4stra halvan av fastlandet och i mindre utstr\u00e4ckning \u00f6ver medelhavsomr\u00e5det. De s\u00e4ger ocks\u00e5 att man ska f\u00f6rv\u00e4nta sig l\u00e5ga temperaturer.\u00a0<\/span><\/p>\n<p><span style=\"font-weight: 400;\">Aemets talesperson, <\/span><span style=\"font-weight: 400;\">Rub\u00e9n del Campo, s\u00e4ger att idag (fredag) blir en \u00f6verg\u00e5ng mellan Garoe och Eowyn. Det \u00f6stra fastlandet och Balearerna kommer att ha klar himmel medan resten av iberiska halv\u00f6n kommer att ha det molnigt. Det kommer dock vara uppeh\u00e5ll p\u00e5 de flesta h\u00e5ll under fredagen f\u00f6rutom i Galicien d\u00e4r Eowyn drar in redan idag, s\u00e4ger del Campo.\u00a0<\/span><\/p>\n<p><span style=\"font-weight: 400;\">Under helgen kommer dock Eowyn att f\u00f6ra med sig kraftiga regn \u00f6ver fastlandet, framf\u00f6rallt i Galicien, norra Extremadura och s\u00f6dra Castilla y Leon. Vid Medelhavskusten kommer de vara mer utspridda och mindre kraftiga medan Balearerna inte ser ut att f\u00e5 n\u00e5got regn alls.\u00a0<\/span><\/p>\n<p><span style=\"font-weight: 400;\">Sn\u00f6fall v\u00e4ntas i bergsomr\u00e5den p\u00e5 \u00f6ver 1 500 meters h\u00f6jd. Den siffran kan dock komma att falla till 1 200 meter i de Kantabriska bergen.\u00a0<\/span><\/p>\n<p><span style=\"font-weight: 400;\">Temperaturerna v\u00e4ntas sjunka under l\u00f6rdagen men klimatet kommer inte att kunna klassas som kallt p\u00e5 s\u00e4rskilt m\u00e5nga st\u00e4llen. Aemet menar dock att det kommer att vara frost, mest troligt i landets nordv\u00e4stra delar, p\u00e5 s\u00f6ndag. Regnet kommer \u00e4ven att vara fortsatt kraftigt under dagen p\u00e5 flera h\u00e5ll.\u00a0<\/span><\/p>\n<h2><span style=\"font-weight: 400;\">N\u00e4sta vecka<\/span><\/h2>\n<p><span style=\"font-weight: 400;\">M\u00e5ndag kommer att forts\u00e4tta vara regnig i stora delar av landet innan stormen drar vidare p\u00e5 tisdag. Efter det ser temperaturerna ut att forts\u00e4tta sjunka och ge mer vinterlika f\u00f6rh\u00e5llanden \u00f6ver landet.\u00a0<\/span><\/p>\n<h3><span style=\"font-weight: 400;\">150 mm i Galicien<\/span><\/h3>\n<p><span style=\"font-weight: 400;\">Under helgen kan Galicien komma att f\u00e5 mer \u00e4n 150 mm regn. Ut\u00f6ver regnet medf\u00f6r stormen kraftiga vindar p\u00e5 flera h\u00e5ll som kommer att leda till stora v\u00e5gor i m\u00e5nga av kustomr\u00e5dena. I nordv\u00e4st ser det ut att bl\u00e5sa i mer \u00e4n 100 kilometer i timmen.<\/span><\/p>\n","protected":false},"excerpt":{"rendered":"<p>Efter att stormen Garoe drar vidare bl\u00e5ser Eowyn in under helgen och f\u00f6r med sig ytterligare nederb\u00f6rd och starka vindar.<\/p>\n","protected":false},"author":14,"featured_media":45914,"comment_status":"closed","ping_status":"closed","sticky":false,"template":"","format":"standard","meta":{"_et_pb_use_builder":"","_et_pb_old_content":"","_et_gb_content_width":"","footnotes":""},"categories":[395,3],"tags":[],"class_list":["post-77752","post","type-post","status-publish","format-standard","has-post-thumbnail","hentry","category-arkiv-nyheter","category-nyheter"],"yoast_head":"<!-- This site is optimized with the Yoast SEO Premium plugin v26.2 (Yoast SEO v28.2) - https:\/\/yoast.com\/product\/yoast-seo-premium-wordpress\/ -->\n<title>Nya regn under helgen - Svenska Magasinet<\/title>\n<meta name=\"robots\" content=\"noindex, follow, max-snippet:-1, max-image-preview:large, max-video-preview:-1\" \/>\n<meta property=\"og:locale\" content=\"sv_SE\" \/>\n<meta property=\"og:type\" content=\"article\" \/>\n<meta property=\"og:title\" content=\"Nya regn under helgen\" \/>\n<meta property=\"og:description\" content=\"Efter att stormen Garoe drar vidare bl\u00e5ser Eowyn in under helgen och f\u00f6r med sig ytterligare nederb\u00f6rd och starka vindar.\" \/>\n<meta property=\"og:url\" content=\"https:\/\/lightweb.dev\/l\/svm-temp\/nyheter\/nya-regn-under-helgen\/\" \/>\n<meta property=\"og:site_name\" content=\"Svenska Magasinet\" \/>\n<meta property=\"article:publisher\" content=\"https:\/\/www.facebook.com\/svenskamagasinet\" \/>\n<meta property=\"article:published_time\" content=\"2025-01-24T15:00:52+00:00\" \/>\n<meta property=\"article:modified_time\" content=\"2025-01-24T15:02:15+00:00\" \/>\n<meta property=\"og:image\" content=\"https:\/\/lightweb.dev\/l\/svm-temp\/wp-content\/uploads\/2022\/06\/regnet-knackar-pa-dorren-till-helgen.png\" \/>\n\t<meta property=\"og:image:width\" content=\"280\" \/>\n\t<meta property=\"og:image:height\" content=\"216\" \/>\n\t<meta property=\"og:image:type\" content=\"image\/png\" \/>\n<meta name=\"author\" content=\"Robbie Eriksson\" \/>\n<meta name=\"twitter:card\" content=\"summary_large_image\" \/>\n<meta name=\"twitter:creator\" content=\"@SvenskaMagasine\" \/>\n<meta name=\"twitter:site\" content=\"@SvenskaMagasine\" \/>\n<script type=\"application\/ld+json\" class=\"yoast-schema-graph\">{\"@context\":\"https:\\\/\\\/schema.org\",\"@graph\":[{\"@type\":\"Article\",\"@id\":\"https:\\\/\\\/lightweb.dev\\\/l\\\/svm-temp\\\/nyheter\\\/nya-regn-under-helgen\\\/#article\",\"isPartOf\":{\"@id\":\"https:\\\/\\\/lightweb.dev\\\/l\\\/svm-temp\\\/nyheter\\\/nya-regn-under-helgen\\\/\"},\"author\":{\"name\":\"Robbie Eriksson\",\"@id\":\"https:\\\/\\\/lightweb.dev\\\/l\\\/svm-temp\\\/#\\\/schema\\\/person\\\/caffe038990d25722f5a04a03c906a2b\"},\"headline\":\"Nya regn under helgen\",\"datePublished\":\"2025-01-24T15:00:52+00:00\",\"dateModified\":\"2025-01-24T15:02:15+00:00\",\"mainEntityOfPage\":{\"@id\":\"https:\\\/\\\/lightweb.dev\\\/l\\\/svm-temp\\\/nyheter\\\/nya-regn-under-helgen\\\/\"},\"wordCount\":403,\"publisher\":{\"@id\":\"https:\\\/\\\/lightweb.dev\\\/l\\\/svm-temp\\\/#organization\"},\"image\":{\"@id\":\"https:\\\/\\\/lightweb.dev\\\/l\\\/svm-temp\\\/nyheter\\\/nya-regn-under-helgen\\\/#primaryimage\"},\"thumbnailUrl\":\"https:\\\/\\\/lightweb.dev\\\/l\\\/svm-temp\\\/wp-content\\\/uploads\\\/2022\\\/06\\\/regnet-knackar-pa-dorren-till-helgen.png\",\"articleSection\":[\"Arkiv\",\"Nyheter\"],\"inLanguage\":\"sv-SE\"},{\"@type\":\"WebPage\",\"@id\":\"https:\\\/\\\/lightweb.dev\\\/l\\\/svm-temp\\\/nyheter\\\/nya-regn-under-helgen\\\/\",\"url\":\"https:\\\/\\\/lightweb.dev\\\/l\\\/svm-temp\\\/nyheter\\\/nya-regn-under-helgen\\\/\",\"name\":\"Nya regn under helgen - Svenska Magasinet\",\"isPartOf\":{\"@id\":\"https:\\\/\\\/lightweb.dev\\\/l\\\/svm-temp\\\/#website\"},\"primaryImageOfPage\":{\"@id\":\"https:\\\/\\\/lightweb.dev\\\/l\\\/svm-temp\\\/nyheter\\\/nya-regn-under-helgen\\\/#primaryimage\"},\"image\":{\"@id\":\"https:\\\/\\\/lightweb.dev\\\/l\\\/svm-temp\\\/nyheter\\\/nya-regn-under-helgen\\\/#primaryimage\"},\"thumbnailUrl\":\"https:\\\/\\\/lightweb.dev\\\/l\\\/svm-temp\\\/wp-content\\\/uploads\\\/2022\\\/06\\\/regnet-knackar-pa-dorren-till-helgen.png\",\"datePublished\":\"2025-01-24T15:00:52+00:00\",\"dateModified\":\"2025-01-24T15:02:15+00:00\",\"breadcrumb\":{\"@id\":\"https:\\\/\\\/lightweb.dev\\\/l\\\/svm-temp\\\/nyheter\\\/nya-regn-under-helgen\\\/#breadcrumb\"},\"inLanguage\":\"sv-SE\",\"potentialAction\":[{\"@type\":\"ReadAction\",\"target\":[\"https:\\\/\\\/lightweb.dev\\\/l\\\/svm-temp\\\/nyheter\\\/nya-regn-under-helgen\\\/\"]}]},{\"@type\":\"ImageObject\",\"inLanguage\":\"sv-SE\",\"@id\":\"https:\\\/\\\/lightweb.dev\\\/l\\\/svm-temp\\\/nyheter\\\/nya-regn-under-helgen\\\/#primaryimage\",\"url\":\"https:\\\/\\\/lightweb.dev\\\/l\\\/svm-temp\\\/wp-content\\\/uploads\\\/2022\\\/06\\\/regnet-knackar-pa-dorren-till-helgen.png\",\"contentUrl\":\"https:\\\/\\\/lightweb.dev\\\/l\\\/svm-temp\\\/wp-content\\\/uploads\\\/2022\\\/06\\\/regnet-knackar-pa-dorren-till-helgen.png\",\"width\":280,\"height\":216},{\"@type\":\"BreadcrumbList\",\"@id\":\"https:\\\/\\\/lightweb.dev\\\/l\\\/svm-temp\\\/nyheter\\\/nya-regn-under-helgen\\\/#breadcrumb\",\"itemListElement\":[{\"@type\":\"ListItem\",\"position\":1,\"name\":\"Hem\",\"item\":\"https:\\\/\\\/lightweb.dev\\\/l\\\/svm-temp\\\/\"},{\"@type\":\"ListItem\",\"position\":2,\"name\":\"Nya regn under helgen\"}]},{\"@type\":\"WebSite\",\"@id\":\"https:\\\/\\\/lightweb.dev\\\/l\\\/svm-temp\\\/#website\",\"url\":\"https:\\\/\\\/lightweb.dev\\\/l\\\/svm-temp\\\/\",\"name\":\"Svenska Magasinet\",\"description\":\"Dina Spanska nyheter p&aring; Svenska\",\"publisher\":{\"@id\":\"https:\\\/\\\/lightweb.dev\\\/l\\\/svm-temp\\\/#organization\"},\"potentialAction\":[{\"@type\":\"SearchAction\",\"target\":{\"@type\":\"EntryPoint\",\"urlTemplate\":\"https:\\\/\\\/lightweb.dev\\\/l\\\/svm-temp\\\/?s={search_term_string}\"},\"query-input\":{\"@type\":\"PropertyValueSpecification\",\"valueRequired\":true,\"valueName\":\"search_term_string\"}}],\"inLanguage\":\"sv-SE\"},{\"@type\":\"Organization\",\"@id\":\"https:\\\/\\\/lightweb.dev\\\/l\\\/svm-temp\\\/#organization\",\"name\":\"Melkerson y Nott SL\",\"alternateName\":\"Svenska Magasinet\",\"url\":\"https:\\\/\\\/lightweb.dev\\\/l\\\/svm-temp\\\/\",\"logo\":{\"@type\":\"ImageObject\",\"inLanguage\":\"sv-SE\",\"@id\":\"https:\\\/\\\/lightweb.dev\\\/l\\\/svm-temp\\\/#\\\/schema\\\/logo\\\/image\\\/\",\"url\":\"https:\\\/\\\/lightweb.dev\\\/l\\\/svm-temp\\\/wp-content\\\/uploads\\\/2025\\\/02\\\/SvM-logo-Xtra-Centrerad-SVART.png\",\"contentUrl\":\"https:\\\/\\\/lightweb.dev\\\/l\\\/svm-temp\\\/wp-content\\\/uploads\\\/2025\\\/02\\\/SvM-logo-Xtra-Centrerad-SVART.png\",\"width\":300,\"height\":99,\"caption\":\"Melkerson y Nott SL\"},\"image\":{\"@id\":\"https:\\\/\\\/lightweb.dev\\\/l\\\/svm-temp\\\/#\\\/schema\\\/logo\\\/image\\\/\"},\"sameAs\":[\"https:\\\/\\\/www.facebook.com\\\/svenskamagasinet\",\"https:\\\/\\\/x.com\\\/SvenskaMagasine\"]},{\"@type\":\"Person\",\"@id\":\"https:\\\/\\\/lightweb.dev\\\/l\\\/svm-temp\\\/#\\\/schema\\\/person\\\/caffe038990d25722f5a04a03c906a2b\",\"name\":\"Robbie Eriksson\",\"sameAs\":[\"https:\\\/\\\/lightweb.dev\\\/l\\\/svm-temp\"],\"url\":\"https:\\\/\\\/lightweb.dev\\\/l\\\/svm-temp\\\/reporter\\\/robbie-eriksson\\\/\"}]}<\/script>\n<!-- \/ Yoast SEO Premium plugin. -->","yoast_head_json":{"title":"Nya regn under helgen - Svenska Magasinet","robots":{"index":"noindex","follow":"follow","max-snippet":"max-snippet:-1","max-image-preview":"max-image-preview:large","max-video-preview":"max-video-preview:-1"},"og_locale":"sv_SE","og_type":"article","og_title":"Nya regn under helgen","og_description":"Efter att stormen Garoe drar vidare bl\u00e5ser Eowyn in under helgen och f\u00f6r med sig ytterligare nederb\u00f6rd och starka vindar.","og_url":"https:\/\/lightweb.dev\/l\/svm-temp\/nyheter\/nya-regn-under-helgen\/","og_site_name":"Svenska Magasinet","article_publisher":"https:\/\/www.facebook.com\/svenskamagasinet","article_published_time":"2025-01-24T15:00:52+00:00","article_modified_time":"2025-01-24T15:02:15+00:00","og_image":[{"width":280,"height":216,"url":"https:\/\/lightweb.dev\/l\/svm-temp\/wp-content\/uploads\/2022\/06\/regnet-knackar-pa-dorren-till-helgen.png","type":"image\/png"}],"author":"Robbie Eriksson","twitter_card":"summary_large_image","twitter_creator":"@SvenskaMagasine","twitter_site":"@SvenskaMagasine","schema":{"@context":"https:\/\/schema.org","@graph":[{"@type":"Article","@id":"https:\/\/lightweb.dev\/l\/svm-temp\/nyheter\/nya-regn-under-helgen\/#article","isPartOf":{"@id":"https:\/\/lightweb.dev\/l\/svm-temp\/nyheter\/nya-regn-under-helgen\/"},"author":{"name":"Robbie Eriksson","@id":"https:\/\/lightweb.dev\/l\/svm-temp\/#\/schema\/person\/caffe038990d25722f5a04a03c906a2b"},"headline":"Nya regn under helgen","datePublished":"2025-01-24T15:00:52+00:00","dateModified":"2025-01-24T15:02:15+00:00","mainEntityOfPage":{"@id":"https:\/\/lightweb.dev\/l\/svm-temp\/nyheter\/nya-regn-under-helgen\/"},"wordCount":403,"publisher":{"@id":"https:\/\/lightweb.dev\/l\/svm-temp\/#organization"},"image":{"@id":"https:\/\/lightweb.dev\/l\/svm-temp\/nyheter\/nya-regn-under-helgen\/#primaryimage"},"thumbnailUrl":"https:\/\/lightweb.dev\/l\/svm-temp\/wp-content\/uploads\/2022\/06\/regnet-knackar-pa-dorren-till-helgen.png","articleSection":["Arkiv","Nyheter"],"inLanguage":"sv-SE"},{"@type":"WebPage","@id":"https:\/\/lightweb.dev\/l\/svm-temp\/nyheter\/nya-regn-under-helgen\/","url":"https:\/\/lightweb.dev\/l\/svm-temp\/nyheter\/nya-regn-under-helgen\/","name":"Nya regn under helgen - Svenska Magasinet","isPartOf":{"@id":"https:\/\/lightweb.dev\/l\/svm-temp\/#website"},"primaryImageOfPage":{"@id":"https:\/\/lightweb.dev\/l\/svm-temp\/nyheter\/nya-regn-under-helgen\/#primaryimage"},"image":{"@id":"https:\/\/lightweb.dev\/l\/svm-temp\/nyheter\/nya-regn-under-helgen\/#primaryimage"},"thumbnailUrl":"https:\/\/lightweb.dev\/l\/svm-temp\/wp-content\/uploads\/2022\/06\/regnet-knackar-pa-dorren-till-helgen.png","datePublished":"2025-01-24T15:00:52+00:00","dateModified":"2025-01-24T15:02:15+00:00","breadcrumb":{"@id":"https:\/\/lightweb.dev\/l\/svm-temp\/nyheter\/nya-regn-under-helgen\/#breadcrumb"},"inLanguage":"sv-SE","potentialAction":[{"@type":"ReadAction","target":["https:\/\/lightweb.dev\/l\/svm-temp\/nyheter\/nya-regn-under-helgen\/"]}]},{"@type":"ImageObject","inLanguage":"sv-SE","@id":"https:\/\/lightweb.dev\/l\/svm-temp\/nyheter\/nya-regn-under-helgen\/#primaryimage","url":"https:\/\/lightweb.dev\/l\/svm-temp\/wp-content\/uploads\/2022\/06\/regnet-knackar-pa-dorren-till-helgen.png","contentUrl":"https:\/\/lightweb.dev\/l\/svm-temp\/wp-content\/uploads\/2022\/06\/regnet-knackar-pa-dorren-till-helgen.png","width":280,"height":216},{"@type":"BreadcrumbList","@id":"https:\/\/lightweb.dev\/l\/svm-temp\/nyheter\/nya-regn-under-helgen\/#breadcrumb","itemListElement":[{"@type":"ListItem","position":1,"name":"Hem","item":"https:\/\/lightweb.dev\/l\/svm-temp\/"},{"@type":"ListItem","position":2,"name":"Nya regn under helgen"}]},{"@type":"WebSite","@id":"https:\/\/lightweb.dev\/l\/svm-temp\/#website","url":"https:\/\/lightweb.dev\/l\/svm-temp\/","name":"Svenska Magasinet","description":"Dina Spanska nyheter p&aring; Svenska","publisher":{"@id":"https:\/\/lightweb.dev\/l\/svm-temp\/#organization"},"potentialAction":[{"@type":"SearchAction","target":{"@type":"EntryPoint","urlTemplate":"https:\/\/lightweb.dev\/l\/svm-temp\/?s={search_term_string}"},"query-input":{"@type":"PropertyValueSpecification","valueRequired":true,"valueName":"search_term_string"}}],"inLanguage":"sv-SE"},{"@type":"Organization","@id":"https:\/\/lightweb.dev\/l\/svm-temp\/#organization","name":"Melkerson y Nott SL","alternateName":"Svenska Magasinet","url":"https:\/\/lightweb.dev\/l\/svm-temp\/","logo":{"@type":"ImageObject","inLanguage":"sv-SE","@id":"https:\/\/lightweb.dev\/l\/svm-temp\/#\/schema\/logo\/image\/","url":"https:\/\/lightweb.dev\/l\/svm-temp\/wp-content\/uploads\/2025\/02\/SvM-logo-Xtra-Centrerad-SVART.png","contentUrl":"https:\/\/lightweb.dev\/l\/svm-temp\/wp-content\/uploads\/2025\/02\/SvM-logo-Xtra-Centrerad-SVART.png","width":300,"height":99,"caption":"Melkerson y Nott SL"},"image":{"@id":"https:\/\/lightweb.dev\/l\/svm-temp\/#\/schema\/logo\/image\/"},"sameAs":["https:\/\/www.facebook.com\/svenskamagasinet","https:\/\/x.com\/SvenskaMagasine"]},{"@type":"Person","@id":"https:\/\/lightweb.dev\/l\/svm-temp\/#\/schema\/person\/caffe038990d25722f5a04a03c906a2b","name":"Robbie Eriksson","sameAs":["https:\/\/lightweb.dev\/l\/svm-temp"],"url":"https:\/\/lightweb.dev\/l\/svm-temp\/reporter\/robbie-eriksson\/"}]}},"_links":{"self":[{"href":"https:\/\/lightweb.dev\/l\/svm-temp\/wp-json\/wp\/v2\/posts\/77752","targetHints":{"allow":["GET"]}}],"collection":[{"href":"https:\/\/lightweb.dev\/l\/svm-temp\/wp-json\/wp\/v2\/posts"}],"about":[{"href":"https:\/\/lightweb.dev\/l\/svm-temp\/wp-json\/wp\/v2\/types\/post"}],"author":[{"embeddable":true,"href":"https:\/\/lightweb.dev\/l\/svm-temp\/wp-json\/wp\/v2\/users\/14"}],"replies":[{"embeddable":true,"href":"https:\/\/lightweb.dev\/l\/svm-temp\/wp-json\/wp\/v2\/comments?post=77752"}],"version-history":[{"count":0,"href":"https:\/\/lightweb.dev\/l\/svm-temp\/wp-json\/wp\/v2\/posts\/77752\/revisions"}],"wp:featuredmedia":[{"embeddable":true,"href":"https:\/\/lightweb.dev\/l\/svm-temp\/wp-json\/wp\/v2\/media\/45914"}],"wp:attachment":[{"href":"https:\/\/lightweb.dev\/l\/svm-temp\/wp-json\/wp\/v2\/media?parent=77752"}],"wp:term":[{"taxonomy":"category","embeddable":true,"href":"https:\/\/lightweb.dev\/l\/svm-temp\/wp-json\/wp\/v2\/categories?post=77752"},{"taxonomy":"post_tag","embeddable":true,"href":"https:\/\/lightweb.dev\/l\/svm-temp\/wp-json\/wp\/v2\/tags?post=77752"}],"curies":[{"name":"wp","href":"https:\/\/api.w.org\/{rel}","templated":true}]}}