{"id":77762,"date":"2025-01-25T17:39:40","date_gmt":"2025-01-25T16:39:40","guid":{"rendered":"https:\/\/lightweb.dev\/l\/svm-temp\/?p=77762"},"modified":"2025-01-25T17:42:00","modified_gmt":"2025-01-25T16:42:00","slug":"greps-pa-malaga-flygplats-for-inblandning-i-svenska-fotbollssupportrars-dod","status":"publish","type":"post","link":"https:\/\/lightweb.dev\/l\/svm-temp\/nyheter\/inrikes\/greps-pa-malaga-flygplats-for-inblandning-i-svenska-fotbollssupportrars-dod\/","title":{"rendered":"Greps p\u00e5 M\u00e1laga flygplats f\u00f6r inblandning i svenska fotbollssupportrars d\u00f6d"},"content":{"rendered":"<p><strong>Nationalpolisen i M\u00e1laga har gripit en 50-\u00e5rig man fr\u00e5n Marocko som var inblandad i terrord\u00e5det i Bryssel i oktober 2023 d\u00e4r tv\u00e5 svenska fotbollssupportrar d\u00f6dades och d\u00e4r en skadades.<\/strong><\/p>\n<p><strong>Det \u00e4r den andra personen som grips p\u00e5 Solkusten f\u00f6r inblandning i terrord\u00e5det i Bryssel.<\/strong><\/p>\n<p>Den 50-\u00e5rige mannen greps p\u00e5 M\u00e1laga flygplats p\u00e5 fredagen. Han ska ha f\u00f6rsett g\u00e4rningspersonen med vapen f\u00f6re attacken i Bryssel.<\/p>\n<blockquote class=\"twitter-tweet\" data-media-max-width=\"560\">\n<p dir=\"ltr\" lang=\"es\">\ud83d\udea9Detenido un fugitivo implicado en un atentado terrorista en <a href=\"https:\/\/twitter.com\/hashtag\/B%C3%A9lgica?src=hash&amp;ref_src=twsrc%5Etfw\">#B\u00e9lgica<\/a><\/p>\n<p>\ud83d\udd39Los hechos se remontan a octubre de 2023 en <a href=\"https:\/\/twitter.com\/hashtag\/Bruselas?src=hash&amp;ref_src=twsrc%5Etfw\">#Bruselas<\/a> cuando, momentos antes de un partido de f\u00fatbol entre las selecciones de Suecia y B\u00e9lgica se produjo un ataque que acab\u00f3 con la vida de dos personas y\u2026 <a href=\"https:\/\/t.co\/RS1VKmpZEa\">pic.twitter.com\/RS1VKmpZEa<\/a><\/p>\n<p>\u2014 Polic\u00eda Nacional (@policia) <a href=\"https:\/\/twitter.com\/policia\/status\/1883075762749571346?ref_src=twsrc%5Etfw\">January 25, 2025<\/a><\/p><\/blockquote>\n<p><script async src=\"https:\/\/platform.twitter.com\/widgets.js\" charset=\"utf-8\"><\/script><\/p>\n<p>Han riskerar att d\u00f6mas till livstidsf\u00e4ngelse d\u00e5 han har varit efterlyst av de belgiska myndigheterna f\u00f6r terrorbrott, mord och grov misshandel.<\/p>\n<p>Mannen var inte bosatt i Spanien utan hade tagit sig till M\u00e1laga flygplats f\u00f6r att ta ett flyg till Nederl\u00e4nderna, skriver <a href=\"https:\/\/www.diariosur.es\/sucesos\/detenido-malaga-facilitar-arma-automatica-atentado-dos-20250125142009-nt.html\">Diario Sur.<\/a><\/p>\n<p>Bara n\u00e5gra dagar efter terrorattacken i Bryssel greps en annan marockansk medborgare, ocks\u00e5 i 50-\u00e5rs\u00e5ldern, i Benahav\u00eds p\u00e5 v\u00e4stra Costa del Sol f\u00f6r inblandning i terrord\u00e5det, n\u00e5got som <a href=\"https:\/\/lightweb.dev\/l\/svm-temp\/nyheter\/man-med-koppling-till-brysseldadet-gripen-i-malaga\/\">Svenska Magasinet<\/a> d\u00e5 ber\u00e4ttade om.<\/p>\n<p>Den personen var efterlyst av belgiska myndigheterna f\u00f6r narkotikahandel, vapenbrott, penningtv\u00e4tt och medlemskap i en kriminell organisation. Vid gripandet bar han falska ID-handlingar.<\/p>\n<p>Det var den 16 oktober 2023 som en bev\u00e4pnad man sk\u00f6t ihj\u00e4l de tv\u00e5 svenska fotbollssupportrarna Kent Persson och Patrick Lundstr\u00f6m och skadade en tredje, Pelle Westerlund, p\u00e5 ett torg i Bryssel. Svenskarna skulle se landskampen mellan Sverige och Belgien.<\/p>\n<p>G\u00e4rningspersonen sk\u00f6ts ihj\u00e4l i samband med d\u00e5det.<\/p>\n","protected":false},"excerpt":{"rendered":"<p>Nationalpolisen i M\u00e1laga har gripit en 50-\u00e5rig man fr\u00e5n Marocko som var inblandad i terrord\u00e5det i Bryssel i oktober 2023 d\u00e4r tv\u00e5 svenska fotbollssupportrar d\u00f6dades och d\u00e4r en skadades. Det \u00e4r den andra personen som grips p\u00e5 Solkusten f\u00f6r inblandning i terrord\u00e5det i Bryssel.<\/p>\n","protected":false},"author":7,"featured_media":77761,"comment_status":"closed","ping_status":"closed","sticky":false,"template":"","format":"standard","meta":{"_et_pb_use_builder":"","_et_pb_old_content":"","_et_gb_content_width":"","footnotes":""},"categories":[284,3],"tags":[],"class_list":["post-77762","post","type-post","status-publish","format-standard","has-post-thumbnail","hentry","category-inrikes","category-nyheter"],"yoast_head":"<!-- This site is optimized with the Yoast SEO Premium plugin v26.2 (Yoast SEO v28.2) - https:\/\/yoast.com\/product\/yoast-seo-premium-wordpress\/ -->\n<title>Greps p\u00e5 M\u00e1laga flygplats f\u00f6r inblandning i svenska fotbollssupportrars d\u00f6d - Svenska Magasinet<\/title>\n<meta name=\"description\" content=\"Nationalpolisen i M\u00e1laga har gripit en 50-\u00e5rig man fr\u00e5n Marocko som var inblandad i terrord\u00e5det i Bryssel i oktober 2023 d\u00e4r tv\u00e5 svenska fotbollssupportrar d\u00f6dades och d\u00e4r en skadades. Det \u00e4r den andra personen som grips p\u00e5 Solkusten f\u00f6r inblandning i terrord\u00e5det i Bryssel.\" \/>\n<meta name=\"robots\" content=\"noindex, follow, max-snippet:-1, max-image-preview:large, max-video-preview:-1\" \/>\n<meta property=\"og:locale\" content=\"sv_SE\" \/>\n<meta property=\"og:type\" content=\"article\" \/>\n<meta property=\"og:title\" content=\"Greps p\u00e5 M\u00e1laga flygplats f\u00f6r inblandning i svenska fotbollssupportrars d\u00f6d\" \/>\n<meta property=\"og:description\" content=\"Nationalpolisen i M\u00e1laga har gripit en 50-\u00e5rig man fr\u00e5n Marocko som var inblandad i terrord\u00e5det i Bryssel i oktober 2023 d\u00e4r tv\u00e5 svenska fotbollssupportrar d\u00f6dades och d\u00e4r en skadades. Det \u00e4r den andra personen som grips p\u00e5 Solkusten f\u00f6r inblandning i terrord\u00e5det i Bryssel.\" \/>\n<meta property=\"og:url\" content=\"https:\/\/lightweb.dev\/l\/svm-temp\/nyheter\/inrikes\/greps-pa-malaga-flygplats-for-inblandning-i-svenska-fotbollssupportrars-dod\/\" \/>\n<meta property=\"og:site_name\" content=\"Svenska Magasinet\" \/>\n<meta property=\"article:publisher\" content=\"https:\/\/www.facebook.com\/svenskamagasinet\" \/>\n<meta property=\"article:published_time\" content=\"2025-01-25T16:39:40+00:00\" \/>\n<meta property=\"article:modified_time\" content=\"2025-01-25T16:42:00+00:00\" \/>\n<meta property=\"og:image\" content=\"https:\/\/lightweb.dev\/l\/svm-temp\/wp-content\/uploads\/2025\/01\/svm20250125163706.webp\" \/>\n\t<meta property=\"og:image:width\" content=\"900\" \/>\n\t<meta property=\"og:image:height\" content=\"400\" \/>\n\t<meta property=\"og:image:type\" content=\"image\/webp\" \/>\n<meta name=\"author\" content=\"Ola Josefsson\" \/>\n<meta name=\"twitter:card\" content=\"summary_large_image\" \/>\n<meta name=\"twitter:creator\" content=\"@SvenskaMagasine\" \/>\n<meta name=\"twitter:site\" content=\"@SvenskaMagasine\" \/>\n<script type=\"application\/ld+json\" class=\"yoast-schema-graph\">{\"@context\":\"https:\\\/\\\/schema.org\",\"@graph\":[{\"@type\":\"Article\",\"@id\":\"https:\\\/\\\/lightweb.dev\\\/l\\\/svm-temp\\\/nyheter\\\/inrikes\\\/greps-pa-malaga-flygplats-for-inblandning-i-svenska-fotbollssupportrars-dod\\\/#article\",\"isPartOf\":{\"@id\":\"https:\\\/\\\/lightweb.dev\\\/l\\\/svm-temp\\\/nyheter\\\/inrikes\\\/greps-pa-malaga-flygplats-for-inblandning-i-svenska-fotbollssupportrars-dod\\\/\"},\"author\":{\"name\":\"Ola Josefsson\",\"@id\":\"https:\\\/\\\/lightweb.dev\\\/l\\\/svm-temp\\\/#\\\/schema\\\/person\\\/7a82b8a73d171d32360a564b6d03508e\"},\"headline\":\"Greps p\u00e5 M\u00e1laga flygplats f\u00f6r inblandning i svenska fotbollssupportrars d\u00f6d\",\"datePublished\":\"2025-01-25T16:39:40+00:00\",\"dateModified\":\"2025-01-25T16:42:00+00:00\",\"mainEntityOfPage\":{\"@id\":\"https:\\\/\\\/lightweb.dev\\\/l\\\/svm-temp\\\/nyheter\\\/inrikes\\\/greps-pa-malaga-flygplats-for-inblandning-i-svenska-fotbollssupportrars-dod\\\/\"},\"wordCount\":320,\"publisher\":{\"@id\":\"https:\\\/\\\/lightweb.dev\\\/l\\\/svm-temp\\\/#organization\"},\"image\":{\"@id\":\"https:\\\/\\\/lightweb.dev\\\/l\\\/svm-temp\\\/nyheter\\\/inrikes\\\/greps-pa-malaga-flygplats-for-inblandning-i-svenska-fotbollssupportrars-dod\\\/#primaryimage\"},\"thumbnailUrl\":\"https:\\\/\\\/lightweb.dev\\\/l\\\/svm-temp\\\/wp-content\\\/uploads\\\/2025\\\/01\\\/svm20250125163706.webp\",\"articleSection\":[\"Inrikes\",\"Nyheter\"],\"inLanguage\":\"sv-SE\"},{\"@type\":\"WebPage\",\"@id\":\"https:\\\/\\\/lightweb.dev\\\/l\\\/svm-temp\\\/nyheter\\\/inrikes\\\/greps-pa-malaga-flygplats-for-inblandning-i-svenska-fotbollssupportrars-dod\\\/\",\"url\":\"https:\\\/\\\/lightweb.dev\\\/l\\\/svm-temp\\\/nyheter\\\/inrikes\\\/greps-pa-malaga-flygplats-for-inblandning-i-svenska-fotbollssupportrars-dod\\\/\",\"name\":\"Greps p\u00e5 M\u00e1laga flygplats f\u00f6r inblandning i svenska fotbollssupportrars d\u00f6d - Svenska Magasinet\",\"isPartOf\":{\"@id\":\"https:\\\/\\\/lightweb.dev\\\/l\\\/svm-temp\\\/#website\"},\"primaryImageOfPage\":{\"@id\":\"https:\\\/\\\/lightweb.dev\\\/l\\\/svm-temp\\\/nyheter\\\/inrikes\\\/greps-pa-malaga-flygplats-for-inblandning-i-svenska-fotbollssupportrars-dod\\\/#primaryimage\"},\"image\":{\"@id\":\"https:\\\/\\\/lightweb.dev\\\/l\\\/svm-temp\\\/nyheter\\\/inrikes\\\/greps-pa-malaga-flygplats-for-inblandning-i-svenska-fotbollssupportrars-dod\\\/#primaryimage\"},\"thumbnailUrl\":\"https:\\\/\\\/lightweb.dev\\\/l\\\/svm-temp\\\/wp-content\\\/uploads\\\/2025\\\/01\\\/svm20250125163706.webp\",\"datePublished\":\"2025-01-25T16:39:40+00:00\",\"dateModified\":\"2025-01-25T16:42:00+00:00\",\"description\":\"Nationalpolisen i M\u00e1laga har gripit en 50-\u00e5rig man fr\u00e5n Marocko som var inblandad i terrord\u00e5det i Bryssel i oktober 2023 d\u00e4r tv\u00e5 svenska fotbollssupportrar d\u00f6dades och d\u00e4r en skadades. Det \u00e4r den andra personen som grips p\u00e5 Solkusten f\u00f6r inblandning i terrord\u00e5det i Bryssel.\",\"breadcrumb\":{\"@id\":\"https:\\\/\\\/lightweb.dev\\\/l\\\/svm-temp\\\/nyheter\\\/inrikes\\\/greps-pa-malaga-flygplats-for-inblandning-i-svenska-fotbollssupportrars-dod\\\/#breadcrumb\"},\"inLanguage\":\"sv-SE\",\"potentialAction\":[{\"@type\":\"ReadAction\",\"target\":[\"https:\\\/\\\/lightweb.dev\\\/l\\\/svm-temp\\\/nyheter\\\/inrikes\\\/greps-pa-malaga-flygplats-for-inblandning-i-svenska-fotbollssupportrars-dod\\\/\"]}]},{\"@type\":\"ImageObject\",\"inLanguage\":\"sv-SE\",\"@id\":\"https:\\\/\\\/lightweb.dev\\\/l\\\/svm-temp\\\/nyheter\\\/inrikes\\\/greps-pa-malaga-flygplats-for-inblandning-i-svenska-fotbollssupportrars-dod\\\/#primaryimage\",\"url\":\"https:\\\/\\\/lightweb.dev\\\/l\\\/svm-temp\\\/wp-content\\\/uploads\\\/2025\\\/01\\\/svm20250125163706.webp\",\"contentUrl\":\"https:\\\/\\\/lightweb.dev\\\/l\\\/svm-temp\\\/wp-content\\\/uploads\\\/2025\\\/01\\\/svm20250125163706.webp\",\"width\":900,\"height\":400,\"caption\":\"(Foto: Policia nacional)\"},{\"@type\":\"BreadcrumbList\",\"@id\":\"https:\\\/\\\/lightweb.dev\\\/l\\\/svm-temp\\\/nyheter\\\/inrikes\\\/greps-pa-malaga-flygplats-for-inblandning-i-svenska-fotbollssupportrars-dod\\\/#breadcrumb\",\"itemListElement\":[{\"@type\":\"ListItem\",\"position\":1,\"name\":\"Hem\",\"item\":\"https:\\\/\\\/lightweb.dev\\\/l\\\/svm-temp\\\/\"},{\"@type\":\"ListItem\",\"position\":2,\"name\":\"Greps p\u00e5 M\u00e1laga flygplats f\u00f6r inblandning i svenska fotbollssupportrars d\u00f6d\"}]},{\"@type\":\"WebSite\",\"@id\":\"https:\\\/\\\/lightweb.dev\\\/l\\\/svm-temp\\\/#website\",\"url\":\"https:\\\/\\\/lightweb.dev\\\/l\\\/svm-temp\\\/\",\"name\":\"Svenska Magasinet\",\"description\":\"Dina Spanska nyheter p&aring; Svenska\",\"publisher\":{\"@id\":\"https:\\\/\\\/lightweb.dev\\\/l\\\/svm-temp\\\/#organization\"},\"potentialAction\":[{\"@type\":\"SearchAction\",\"target\":{\"@type\":\"EntryPoint\",\"urlTemplate\":\"https:\\\/\\\/lightweb.dev\\\/l\\\/svm-temp\\\/?s={search_term_string}\"},\"query-input\":{\"@type\":\"PropertyValueSpecification\",\"valueRequired\":true,\"valueName\":\"search_term_string\"}}],\"inLanguage\":\"sv-SE\"},{\"@type\":\"Organization\",\"@id\":\"https:\\\/\\\/lightweb.dev\\\/l\\\/svm-temp\\\/#organization\",\"name\":\"Melkerson y Nott SL\",\"alternateName\":\"Svenska Magasinet\",\"url\":\"https:\\\/\\\/lightweb.dev\\\/l\\\/svm-temp\\\/\",\"logo\":{\"@type\":\"ImageObject\",\"inLanguage\":\"sv-SE\",\"@id\":\"https:\\\/\\\/lightweb.dev\\\/l\\\/svm-temp\\\/#\\\/schema\\\/logo\\\/image\\\/\",\"url\":\"https:\\\/\\\/lightweb.dev\\\/l\\\/svm-temp\\\/wp-content\\\/uploads\\\/2025\\\/02\\\/SvM-logo-Xtra-Centrerad-SVART.png\",\"contentUrl\":\"https:\\\/\\\/lightweb.dev\\\/l\\\/svm-temp\\\/wp-content\\\/uploads\\\/2025\\\/02\\\/SvM-logo-Xtra-Centrerad-SVART.png\",\"width\":300,\"height\":99,\"caption\":\"Melkerson y Nott SL\"},\"image\":{\"@id\":\"https:\\\/\\\/lightweb.dev\\\/l\\\/svm-temp\\\/#\\\/schema\\\/logo\\\/image\\\/\"},\"sameAs\":[\"https:\\\/\\\/www.facebook.com\\\/svenskamagasinet\",\"https:\\\/\\\/x.com\\\/SvenskaMagasine\"]},{\"@type\":\"Person\",\"@id\":\"https:\\\/\\\/lightweb.dev\\\/l\\\/svm-temp\\\/#\\\/schema\\\/person\\\/7a82b8a73d171d32360a564b6d03508e\",\"name\":\"Ola Josefsson\",\"description\":\"Bevakar Solkusten och Spanien sedan 1994.\",\"sameAs\":[\"https:\\\/\\\/lightweb.dev\\\/l\\\/svm-temp\"],\"url\":\"https:\\\/\\\/lightweb.dev\\\/l\\\/svm-temp\\\/reporter\\\/ola-josefsson\\\/\"}]}<\/script>\n<!-- \/ Yoast SEO Premium plugin. -->","yoast_head_json":{"title":"Greps p\u00e5 M\u00e1laga flygplats f\u00f6r inblandning i svenska fotbollssupportrars d\u00f6d - Svenska Magasinet","description":"Nationalpolisen i M\u00e1laga har gripit en 50-\u00e5rig man fr\u00e5n Marocko som var inblandad i terrord\u00e5det i Bryssel i oktober 2023 d\u00e4r tv\u00e5 svenska fotbollssupportrar d\u00f6dades och d\u00e4r en skadades. Det \u00e4r den andra personen som grips p\u00e5 Solkusten f\u00f6r inblandning i terrord\u00e5det i Bryssel.","robots":{"index":"noindex","follow":"follow","max-snippet":"max-snippet:-1","max-image-preview":"max-image-preview:large","max-video-preview":"max-video-preview:-1"},"og_locale":"sv_SE","og_type":"article","og_title":"Greps p\u00e5 M\u00e1laga flygplats f\u00f6r inblandning i svenska fotbollssupportrars d\u00f6d","og_description":"Nationalpolisen i M\u00e1laga har gripit en 50-\u00e5rig man fr\u00e5n Marocko som var inblandad i terrord\u00e5det i Bryssel i oktober 2023 d\u00e4r tv\u00e5 svenska fotbollssupportrar d\u00f6dades och d\u00e4r en skadades. Det \u00e4r den andra personen som grips p\u00e5 Solkusten f\u00f6r inblandning i terrord\u00e5det i Bryssel.","og_url":"https:\/\/lightweb.dev\/l\/svm-temp\/nyheter\/inrikes\/greps-pa-malaga-flygplats-for-inblandning-i-svenska-fotbollssupportrars-dod\/","og_site_name":"Svenska Magasinet","article_publisher":"https:\/\/www.facebook.com\/svenskamagasinet","article_published_time":"2025-01-25T16:39:40+00:00","article_modified_time":"2025-01-25T16:42:00+00:00","og_image":[{"width":900,"height":400,"url":"https:\/\/lightweb.dev\/l\/svm-temp\/wp-content\/uploads\/2025\/01\/svm20250125163706.webp","type":"image\/webp"}],"author":"Ola Josefsson","twitter_card":"summary_large_image","twitter_creator":"@SvenskaMagasine","twitter_site":"@SvenskaMagasine","schema":{"@context":"https:\/\/schema.org","@graph":[{"@type":"Article","@id":"https:\/\/lightweb.dev\/l\/svm-temp\/nyheter\/inrikes\/greps-pa-malaga-flygplats-for-inblandning-i-svenska-fotbollssupportrars-dod\/#article","isPartOf":{"@id":"https:\/\/lightweb.dev\/l\/svm-temp\/nyheter\/inrikes\/greps-pa-malaga-flygplats-for-inblandning-i-svenska-fotbollssupportrars-dod\/"},"author":{"name":"Ola Josefsson","@id":"https:\/\/lightweb.dev\/l\/svm-temp\/#\/schema\/person\/7a82b8a73d171d32360a564b6d03508e"},"headline":"Greps p\u00e5 M\u00e1laga flygplats f\u00f6r inblandning i svenska fotbollssupportrars d\u00f6d","datePublished":"2025-01-25T16:39:40+00:00","dateModified":"2025-01-25T16:42:00+00:00","mainEntityOfPage":{"@id":"https:\/\/lightweb.dev\/l\/svm-temp\/nyheter\/inrikes\/greps-pa-malaga-flygplats-for-inblandning-i-svenska-fotbollssupportrars-dod\/"},"wordCount":320,"publisher":{"@id":"https:\/\/lightweb.dev\/l\/svm-temp\/#organization"},"image":{"@id":"https:\/\/lightweb.dev\/l\/svm-temp\/nyheter\/inrikes\/greps-pa-malaga-flygplats-for-inblandning-i-svenska-fotbollssupportrars-dod\/#primaryimage"},"thumbnailUrl":"https:\/\/lightweb.dev\/l\/svm-temp\/wp-content\/uploads\/2025\/01\/svm20250125163706.webp","articleSection":["Inrikes","Nyheter"],"inLanguage":"sv-SE"},{"@type":"WebPage","@id":"https:\/\/lightweb.dev\/l\/svm-temp\/nyheter\/inrikes\/greps-pa-malaga-flygplats-for-inblandning-i-svenska-fotbollssupportrars-dod\/","url":"https:\/\/lightweb.dev\/l\/svm-temp\/nyheter\/inrikes\/greps-pa-malaga-flygplats-for-inblandning-i-svenska-fotbollssupportrars-dod\/","name":"Greps p\u00e5 M\u00e1laga flygplats f\u00f6r inblandning i svenska fotbollssupportrars d\u00f6d - Svenska Magasinet","isPartOf":{"@id":"https:\/\/lightweb.dev\/l\/svm-temp\/#website"},"primaryImageOfPage":{"@id":"https:\/\/lightweb.dev\/l\/svm-temp\/nyheter\/inrikes\/greps-pa-malaga-flygplats-for-inblandning-i-svenska-fotbollssupportrars-dod\/#primaryimage"},"image":{"@id":"https:\/\/lightweb.dev\/l\/svm-temp\/nyheter\/inrikes\/greps-pa-malaga-flygplats-for-inblandning-i-svenska-fotbollssupportrars-dod\/#primaryimage"},"thumbnailUrl":"https:\/\/lightweb.dev\/l\/svm-temp\/wp-content\/uploads\/2025\/01\/svm20250125163706.webp","datePublished":"2025-01-25T16:39:40+00:00","dateModified":"2025-01-25T16:42:00+00:00","description":"Nationalpolisen i M\u00e1laga har gripit en 50-\u00e5rig man fr\u00e5n Marocko som var inblandad i terrord\u00e5det i Bryssel i oktober 2023 d\u00e4r tv\u00e5 svenska fotbollssupportrar d\u00f6dades och d\u00e4r en skadades. Det \u00e4r den andra personen som grips p\u00e5 Solkusten f\u00f6r inblandning i terrord\u00e5det i Bryssel.","breadcrumb":{"@id":"https:\/\/lightweb.dev\/l\/svm-temp\/nyheter\/inrikes\/greps-pa-malaga-flygplats-for-inblandning-i-svenska-fotbollssupportrars-dod\/#breadcrumb"},"inLanguage":"sv-SE","potentialAction":[{"@type":"ReadAction","target":["https:\/\/lightweb.dev\/l\/svm-temp\/nyheter\/inrikes\/greps-pa-malaga-flygplats-for-inblandning-i-svenska-fotbollssupportrars-dod\/"]}]},{"@type":"ImageObject","inLanguage":"sv-SE","@id":"https:\/\/lightweb.dev\/l\/svm-temp\/nyheter\/inrikes\/greps-pa-malaga-flygplats-for-inblandning-i-svenska-fotbollssupportrars-dod\/#primaryimage","url":"https:\/\/lightweb.dev\/l\/svm-temp\/wp-content\/uploads\/2025\/01\/svm20250125163706.webp","contentUrl":"https:\/\/lightweb.dev\/l\/svm-temp\/wp-content\/uploads\/2025\/01\/svm20250125163706.webp","width":900,"height":400,"caption":"(Foto: Policia nacional)"},{"@type":"BreadcrumbList","@id":"https:\/\/lightweb.dev\/l\/svm-temp\/nyheter\/inrikes\/greps-pa-malaga-flygplats-for-inblandning-i-svenska-fotbollssupportrars-dod\/#breadcrumb","itemListElement":[{"@type":"ListItem","position":1,"name":"Hem","item":"https:\/\/lightweb.dev\/l\/svm-temp\/"},{"@type":"ListItem","position":2,"name":"Greps p\u00e5 M\u00e1laga flygplats f\u00f6r inblandning i svenska fotbollssupportrars d\u00f6d"}]},{"@type":"WebSite","@id":"https:\/\/lightweb.dev\/l\/svm-temp\/#website","url":"https:\/\/lightweb.dev\/l\/svm-temp\/","name":"Svenska Magasinet","description":"Dina Spanska nyheter p&aring; Svenska","publisher":{"@id":"https:\/\/lightweb.dev\/l\/svm-temp\/#organization"},"potentialAction":[{"@type":"SearchAction","target":{"@type":"EntryPoint","urlTemplate":"https:\/\/lightweb.dev\/l\/svm-temp\/?s={search_term_string}"},"query-input":{"@type":"PropertyValueSpecification","valueRequired":true,"valueName":"search_term_string"}}],"inLanguage":"sv-SE"},{"@type":"Organization","@id":"https:\/\/lightweb.dev\/l\/svm-temp\/#organization","name":"Melkerson y Nott SL","alternateName":"Svenska Magasinet","url":"https:\/\/lightweb.dev\/l\/svm-temp\/","logo":{"@type":"ImageObject","inLanguage":"sv-SE","@id":"https:\/\/lightweb.dev\/l\/svm-temp\/#\/schema\/logo\/image\/","url":"https:\/\/lightweb.dev\/l\/svm-temp\/wp-content\/uploads\/2025\/02\/SvM-logo-Xtra-Centrerad-SVART.png","contentUrl":"https:\/\/lightweb.dev\/l\/svm-temp\/wp-content\/uploads\/2025\/02\/SvM-logo-Xtra-Centrerad-SVART.png","width":300,"height":99,"caption":"Melkerson y Nott SL"},"image":{"@id":"https:\/\/lightweb.dev\/l\/svm-temp\/#\/schema\/logo\/image\/"},"sameAs":["https:\/\/www.facebook.com\/svenskamagasinet","https:\/\/x.com\/SvenskaMagasine"]},{"@type":"Person","@id":"https:\/\/lightweb.dev\/l\/svm-temp\/#\/schema\/person\/7a82b8a73d171d32360a564b6d03508e","name":"Ola Josefsson","description":"Bevakar Solkusten och Spanien sedan 1994.","sameAs":["https:\/\/lightweb.dev\/l\/svm-temp"],"url":"https:\/\/lightweb.dev\/l\/svm-temp\/reporter\/ola-josefsson\/"}]}},"_links":{"self":[{"href":"https:\/\/lightweb.dev\/l\/svm-temp\/wp-json\/wp\/v2\/posts\/77762","targetHints":{"allow":["GET"]}}],"collection":[{"href":"https:\/\/lightweb.dev\/l\/svm-temp\/wp-json\/wp\/v2\/posts"}],"about":[{"href":"https:\/\/lightweb.dev\/l\/svm-temp\/wp-json\/wp\/v2\/types\/post"}],"author":[{"embeddable":true,"href":"https:\/\/lightweb.dev\/l\/svm-temp\/wp-json\/wp\/v2\/users\/7"}],"replies":[{"embeddable":true,"href":"https:\/\/lightweb.dev\/l\/svm-temp\/wp-json\/wp\/v2\/comments?post=77762"}],"version-history":[{"count":0,"href":"https:\/\/lightweb.dev\/l\/svm-temp\/wp-json\/wp\/v2\/posts\/77762\/revisions"}],"wp:featuredmedia":[{"embeddable":true,"href":"https:\/\/lightweb.dev\/l\/svm-temp\/wp-json\/wp\/v2\/media\/77761"}],"wp:attachment":[{"href":"https:\/\/lightweb.dev\/l\/svm-temp\/wp-json\/wp\/v2\/media?parent=77762"}],"wp:term":[{"taxonomy":"category","embeddable":true,"href":"https:\/\/lightweb.dev\/l\/svm-temp\/wp-json\/wp\/v2\/categories?post=77762"},{"taxonomy":"post_tag","embeddable":true,"href":"https:\/\/lightweb.dev\/l\/svm-temp\/wp-json\/wp\/v2\/tags?post=77762"}],"curies":[{"name":"wp","href":"https:\/\/api.w.org\/{rel}","templated":true}]}}