{"id":77771,"date":"2025-01-27T09:58:08","date_gmt":"2025-01-27T08:58:08","guid":{"rendered":"https:\/\/lightweb.dev\/l\/svm-temp\/?p=77771"},"modified":"2025-01-29T15:04:20","modified_gmt":"2025-01-29T14:04:20","slug":"antalet-turistlagenheter-minskar-pa-solkusten","status":"publish","type":"post","link":"https:\/\/lightweb.dev\/l\/svm-temp\/nyheter\/antalet-turistlagenheter-minskar-pa-solkusten\/","title":{"rendered":"F\u00e4rre turistl\u00e4genheter p\u00e5 Solkusten"},"content":{"rendered":"<p><strong>De kritiserade turistbost\u00e4derna tycks ha n\u00e5tt sin peak. Mellan augusti och november minskade antalet turistl\u00e4genheter med \u00f6ver tre tusen p\u00e5 Solkusten. Det \u00e4r den st\u00f6rsta minskningen i absoluta tal n\u00e5gonsin.<\/strong><\/p>\n<p><strong>Marknaden backar med 7,5 procent i provinsen M\u00e1laga och \u00e4r i linje med vad som h\u00e4nder i Spanien generellt.<\/strong><\/p>\n<p>Utbudet av turistl\u00e4genheter backar allts\u00e5. \u00c4ven om det har en del att g\u00f6ra med l\u00e5gs\u00e4songen har \u00e4ven flera kommuner inf\u00f6rt regleringar av den kritiserade marknaden med turistl\u00e4genheter.<\/p>\n<p>I M\u00e1laga kommun \u00e4r det inte till\u00e5tet att registrera nya turistl\u00e4genheter i \u201dm\u00e4ttade omr\u00e5den\u201d fr\u00e5n den 13 januari.<\/p>\n<p>F\u00e4rska siffror fr\u00e5n landets motsvarighet till statistiska centralbyr\u00e5n INE (Instituto Nacional de Estad\u00edstica) visar att antalet registrerade turistl\u00e4genheter har minskat fr\u00e5n 44.365 (augusti) till 41.039 (november).<\/p>\n<h2 class=\"entry-title\">L\u00e4s mer: <a href=\"https:\/\/lightweb.dev\/l\/svm-temp\/nyheter\/bostad\/saljarens-marknad-men-farre-objekt-till-overkomligt-pris\/\">S\u00e4ljarens marknad \u2013 men f\u00e4rre objekt till \u00f6verkomligt pris<\/a><\/h2>\n<p>Minskningen ligger p\u00e5 samma niv\u00e5 i andra provinser i Spanien med en stor turiststr\u00f6m. Det \u00e4r bara Las Palmas (4,94%) och Santa Cruz de Tenerife (4,48%) d\u00e4r antalet turistl\u00e4genheter inte minskar i samma omfattning.<\/p>\n<p>I Marbella var det 8,5 procent f\u00e4rre turistl\u00e4genheter i november (6.881) j\u00e4mf\u00f6rt med i augusti (7.516).<\/p>\n<p>I Benalm\u00e1dena, Estepona och Manilva l\u00e5g minskningen p\u00e5 10 procent och V\u00e9lez-M\u00e1laga och Benahav\u00eds, p\u00e5 9,5 respektive 11,5 procent.<\/p>\n","protected":false},"excerpt":{"rendered":"<p>De kritiserade turistbost\u00e4derna tycks ha n\u00e5tt sin peak. Mellan augusti och november minskade antalet turistl\u00e4genheter med \u00f6ver tre tusen p\u00e5 Solkusten. Det \u00e4r den st\u00f6rsta minskningen i absoluta tal n\u00e5gonsin. Marknaden backar med&#8230;<\/p>\n","protected":false},"author":7,"featured_media":63015,"comment_status":"closed","ping_status":"closed","sticky":false,"template":"","format":"standard","meta":{"_et_pb_use_builder":"","_et_pb_old_content":"","_et_gb_content_width":"","footnotes":""},"categories":[351,3],"tags":[],"class_list":["post-77771","post","type-post","status-publish","format-standard","has-post-thumbnail","hentry","category-ekonomi-nyheter","category-nyheter"],"yoast_head":"<!-- This site is optimized with the Yoast SEO Premium plugin v26.2 (Yoast SEO v28.2) - https:\/\/yoast.com\/product\/yoast-seo-premium-wordpress\/ -->\n<title>F\u00e4rre turistl\u00e4genheter p\u00e5 Solkusten - Svenska Magasinet<\/title>\n<meta name=\"description\" content=\"De kritiserade turistbost\u00e4derna tycks ha n\u00e5tt sin peak. Mellan augusti och november minskade antalet turistl\u00e4genheter med \u00f6ver tre tusen p\u00e5 Solkusten. Det \u00e4r den st\u00f6rsta minskningen i absoluta tal n\u00e5gonsin. Marknaden backar med 7,5 procent i provinsen M\u00e1laga och \u00e4r i linje med vad som h\u00e4nder i Spanien generellt.\" \/>\n<meta name=\"robots\" content=\"noindex, follow, max-snippet:-1, max-image-preview:large, max-video-preview:-1\" \/>\n<meta property=\"og:locale\" content=\"sv_SE\" \/>\n<meta property=\"og:type\" content=\"article\" \/>\n<meta property=\"og:title\" content=\"F\u00e4rre turistl\u00e4genheter p\u00e5 Solkusten\" \/>\n<meta property=\"og:description\" content=\"De kritiserade turistbost\u00e4derna tycks ha n\u00e5tt sin peak. Mellan augusti och november minskade antalet turistl\u00e4genheter med \u00f6ver tre tusen p\u00e5 Solkusten. Det \u00e4r den st\u00f6rsta minskningen i absoluta tal n\u00e5gonsin. Marknaden backar med 7,5 procent i provinsen M\u00e1laga och \u00e4r i linje med vad som h\u00e4nder i Spanien generellt.\" \/>\n<meta property=\"og:url\" content=\"https:\/\/lightweb.dev\/l\/svm-temp\/nyheter\/naringsliv\/antalet-turistlagenheter-minskar-pa-solkusten\/\" \/>\n<meta property=\"og:site_name\" content=\"Svenska Magasinet\" \/>\n<meta property=\"article:publisher\" content=\"https:\/\/www.facebook.com\/svenskamagasinet\" \/>\n<meta property=\"article:published_time\" content=\"2025-01-27T08:58:08+00:00\" \/>\n<meta property=\"article:modified_time\" content=\"2025-01-29T14:04:20+00:00\" \/>\n<meta property=\"og:image\" content=\"https:\/\/lightweb.dev\/l\/svm-temp\/wp-content\/uploads\/2023\/04\/IMG_6710-stor.jpeg\" \/>\n\t<meta property=\"og:image:width\" content=\"1280\" \/>\n\t<meta property=\"og:image:height\" content=\"960\" \/>\n\t<meta property=\"og:image:type\" content=\"image\/jpeg\" \/>\n<meta name=\"author\" content=\"Ola Josefsson\" \/>\n<meta name=\"twitter:card\" content=\"summary_large_image\" \/>\n<meta name=\"twitter:creator\" content=\"@SvenskaMagasine\" \/>\n<meta name=\"twitter:site\" content=\"@SvenskaMagasine\" \/>\n<script type=\"application\/ld+json\" class=\"yoast-schema-graph\">{\"@context\":\"https:\\\/\\\/schema.org\",\"@graph\":[{\"@type\":\"Article\",\"@id\":\"https:\\\/\\\/lightweb.dev\\\/l\\\/svm-temp\\\/nyheter\\\/naringsliv\\\/antalet-turistlagenheter-minskar-pa-solkusten\\\/#article\",\"isPartOf\":{\"@id\":\"https:\\\/\\\/lightweb.dev\\\/l\\\/svm-temp\\\/nyheter\\\/naringsliv\\\/antalet-turistlagenheter-minskar-pa-solkusten\\\/\"},\"author\":{\"name\":\"Ola Josefsson\",\"@id\":\"https:\\\/\\\/lightweb.dev\\\/l\\\/svm-temp\\\/#\\\/schema\\\/person\\\/7a82b8a73d171d32360a564b6d03508e\"},\"headline\":\"F\u00e4rre turistl\u00e4genheter p\u00e5 Solkusten\",\"datePublished\":\"2025-01-27T08:58:08+00:00\",\"dateModified\":\"2025-01-29T14:04:20+00:00\",\"mainEntityOfPage\":{\"@id\":\"https:\\\/\\\/lightweb.dev\\\/l\\\/svm-temp\\\/nyheter\\\/naringsliv\\\/antalet-turistlagenheter-minskar-pa-solkusten\\\/\"},\"wordCount\":233,\"publisher\":{\"@id\":\"https:\\\/\\\/lightweb.dev\\\/l\\\/svm-temp\\\/#organization\"},\"image\":{\"@id\":\"https:\\\/\\\/lightweb.dev\\\/l\\\/svm-temp\\\/nyheter\\\/naringsliv\\\/antalet-turistlagenheter-minskar-pa-solkusten\\\/#primaryimage\"},\"thumbnailUrl\":\"https:\\\/\\\/lightweb.dev\\\/l\\\/svm-temp\\\/wp-content\\\/uploads\\\/2023\\\/04\\\/IMG_6710-stor.jpeg\",\"articleSection\":[\"Ekonomi\",\"Nyheter\"],\"inLanguage\":\"sv-SE\"},{\"@type\":\"WebPage\",\"@id\":\"https:\\\/\\\/lightweb.dev\\\/l\\\/svm-temp\\\/nyheter\\\/naringsliv\\\/antalet-turistlagenheter-minskar-pa-solkusten\\\/\",\"url\":\"https:\\\/\\\/lightweb.dev\\\/l\\\/svm-temp\\\/nyheter\\\/naringsliv\\\/antalet-turistlagenheter-minskar-pa-solkusten\\\/\",\"name\":\"F\u00e4rre turistl\u00e4genheter p\u00e5 Solkusten - Svenska Magasinet\",\"isPartOf\":{\"@id\":\"https:\\\/\\\/lightweb.dev\\\/l\\\/svm-temp\\\/#website\"},\"primaryImageOfPage\":{\"@id\":\"https:\\\/\\\/lightweb.dev\\\/l\\\/svm-temp\\\/nyheter\\\/naringsliv\\\/antalet-turistlagenheter-minskar-pa-solkusten\\\/#primaryimage\"},\"image\":{\"@id\":\"https:\\\/\\\/lightweb.dev\\\/l\\\/svm-temp\\\/nyheter\\\/naringsliv\\\/antalet-turistlagenheter-minskar-pa-solkusten\\\/#primaryimage\"},\"thumbnailUrl\":\"https:\\\/\\\/lightweb.dev\\\/l\\\/svm-temp\\\/wp-content\\\/uploads\\\/2023\\\/04\\\/IMG_6710-stor.jpeg\",\"datePublished\":\"2025-01-27T08:58:08+00:00\",\"dateModified\":\"2025-01-29T14:04:20+00:00\",\"description\":\"De kritiserade turistbost\u00e4derna tycks ha n\u00e5tt sin peak. Mellan augusti och november minskade antalet turistl\u00e4genheter med \u00f6ver tre tusen p\u00e5 Solkusten. Det \u00e4r den st\u00f6rsta minskningen i absoluta tal n\u00e5gonsin. Marknaden backar med 7,5 procent i provinsen M\u00e1laga och \u00e4r i linje med vad som h\u00e4nder i Spanien generellt.\",\"breadcrumb\":{\"@id\":\"https:\\\/\\\/lightweb.dev\\\/l\\\/svm-temp\\\/nyheter\\\/naringsliv\\\/antalet-turistlagenheter-minskar-pa-solkusten\\\/#breadcrumb\"},\"inLanguage\":\"sv-SE\",\"potentialAction\":[{\"@type\":\"ReadAction\",\"target\":[\"https:\\\/\\\/lightweb.dev\\\/l\\\/svm-temp\\\/nyheter\\\/naringsliv\\\/antalet-turistlagenheter-minskar-pa-solkusten\\\/\"]}]},{\"@type\":\"ImageObject\",\"inLanguage\":\"sv-SE\",\"@id\":\"https:\\\/\\\/lightweb.dev\\\/l\\\/svm-temp\\\/nyheter\\\/naringsliv\\\/antalet-turistlagenheter-minskar-pa-solkusten\\\/#primaryimage\",\"url\":\"https:\\\/\\\/lightweb.dev\\\/l\\\/svm-temp\\\/wp-content\\\/uploads\\\/2023\\\/04\\\/IMG_6710-stor.jpeg\",\"contentUrl\":\"https:\\\/\\\/lightweb.dev\\\/l\\\/svm-temp\\\/wp-content\\\/uploads\\\/2023\\\/04\\\/IMG_6710-stor.jpeg\",\"width\":1280,\"height\":960},{\"@type\":\"BreadcrumbList\",\"@id\":\"https:\\\/\\\/lightweb.dev\\\/l\\\/svm-temp\\\/nyheter\\\/naringsliv\\\/antalet-turistlagenheter-minskar-pa-solkusten\\\/#breadcrumb\",\"itemListElement\":[{\"@type\":\"ListItem\",\"position\":1,\"name\":\"Hem\",\"item\":\"https:\\\/\\\/lightweb.dev\\\/l\\\/svm-temp\\\/\"},{\"@type\":\"ListItem\",\"position\":2,\"name\":\"F\u00e4rre turistl\u00e4genheter p\u00e5 Solkusten\"}]},{\"@type\":\"WebSite\",\"@id\":\"https:\\\/\\\/lightweb.dev\\\/l\\\/svm-temp\\\/#website\",\"url\":\"https:\\\/\\\/lightweb.dev\\\/l\\\/svm-temp\\\/\",\"name\":\"Svenska Magasinet\",\"description\":\"Dina Spanska nyheter p&aring; Svenska\",\"publisher\":{\"@id\":\"https:\\\/\\\/lightweb.dev\\\/l\\\/svm-temp\\\/#organization\"},\"potentialAction\":[{\"@type\":\"SearchAction\",\"target\":{\"@type\":\"EntryPoint\",\"urlTemplate\":\"https:\\\/\\\/lightweb.dev\\\/l\\\/svm-temp\\\/?s={search_term_string}\"},\"query-input\":{\"@type\":\"PropertyValueSpecification\",\"valueRequired\":true,\"valueName\":\"search_term_string\"}}],\"inLanguage\":\"sv-SE\"},{\"@type\":\"Organization\",\"@id\":\"https:\\\/\\\/lightweb.dev\\\/l\\\/svm-temp\\\/#organization\",\"name\":\"Melkerson y Nott SL\",\"alternateName\":\"Svenska Magasinet\",\"url\":\"https:\\\/\\\/lightweb.dev\\\/l\\\/svm-temp\\\/\",\"logo\":{\"@type\":\"ImageObject\",\"inLanguage\":\"sv-SE\",\"@id\":\"https:\\\/\\\/lightweb.dev\\\/l\\\/svm-temp\\\/#\\\/schema\\\/logo\\\/image\\\/\",\"url\":\"https:\\\/\\\/lightweb.dev\\\/l\\\/svm-temp\\\/wp-content\\\/uploads\\\/2025\\\/02\\\/SvM-logo-Xtra-Centrerad-SVART.png\",\"contentUrl\":\"https:\\\/\\\/lightweb.dev\\\/l\\\/svm-temp\\\/wp-content\\\/uploads\\\/2025\\\/02\\\/SvM-logo-Xtra-Centrerad-SVART.png\",\"width\":300,\"height\":99,\"caption\":\"Melkerson y Nott SL\"},\"image\":{\"@id\":\"https:\\\/\\\/lightweb.dev\\\/l\\\/svm-temp\\\/#\\\/schema\\\/logo\\\/image\\\/\"},\"sameAs\":[\"https:\\\/\\\/www.facebook.com\\\/svenskamagasinet\",\"https:\\\/\\\/x.com\\\/SvenskaMagasine\"]},{\"@type\":\"Person\",\"@id\":\"https:\\\/\\\/lightweb.dev\\\/l\\\/svm-temp\\\/#\\\/schema\\\/person\\\/7a82b8a73d171d32360a564b6d03508e\",\"name\":\"Ola Josefsson\",\"description\":\"Bevakar Solkusten och Spanien sedan 1994.\",\"sameAs\":[\"https:\\\/\\\/lightweb.dev\\\/l\\\/svm-temp\"],\"url\":\"https:\\\/\\\/lightweb.dev\\\/l\\\/svm-temp\\\/reporter\\\/ola-josefsson\\\/\"}]}<\/script>\n<!-- \/ Yoast SEO Premium plugin. -->","yoast_head_json":{"title":"F\u00e4rre turistl\u00e4genheter p\u00e5 Solkusten - Svenska Magasinet","description":"De kritiserade turistbost\u00e4derna tycks ha n\u00e5tt sin peak. Mellan augusti och november minskade antalet turistl\u00e4genheter med \u00f6ver tre tusen p\u00e5 Solkusten. Det \u00e4r den st\u00f6rsta minskningen i absoluta tal n\u00e5gonsin. Marknaden backar med 7,5 procent i provinsen M\u00e1laga och \u00e4r i linje med vad som h\u00e4nder i Spanien generellt.","robots":{"index":"noindex","follow":"follow","max-snippet":"max-snippet:-1","max-image-preview":"max-image-preview:large","max-video-preview":"max-video-preview:-1"},"og_locale":"sv_SE","og_type":"article","og_title":"F\u00e4rre turistl\u00e4genheter p\u00e5 Solkusten","og_description":"De kritiserade turistbost\u00e4derna tycks ha n\u00e5tt sin peak. Mellan augusti och november minskade antalet turistl\u00e4genheter med \u00f6ver tre tusen p\u00e5 Solkusten. Det \u00e4r den st\u00f6rsta minskningen i absoluta tal n\u00e5gonsin. Marknaden backar med 7,5 procent i provinsen M\u00e1laga och \u00e4r i linje med vad som h\u00e4nder i Spanien generellt.","og_url":"https:\/\/lightweb.dev\/l\/svm-temp\/nyheter\/naringsliv\/antalet-turistlagenheter-minskar-pa-solkusten\/","og_site_name":"Svenska Magasinet","article_publisher":"https:\/\/www.facebook.com\/svenskamagasinet","article_published_time":"2025-01-27T08:58:08+00:00","article_modified_time":"2025-01-29T14:04:20+00:00","og_image":[{"width":1280,"height":960,"url":"https:\/\/lightweb.dev\/l\/svm-temp\/wp-content\/uploads\/2023\/04\/IMG_6710-stor.jpeg","type":"image\/jpeg"}],"author":"Ola Josefsson","twitter_card":"summary_large_image","twitter_creator":"@SvenskaMagasine","twitter_site":"@SvenskaMagasine","schema":{"@context":"https:\/\/schema.org","@graph":[{"@type":"Article","@id":"https:\/\/lightweb.dev\/l\/svm-temp\/nyheter\/naringsliv\/antalet-turistlagenheter-minskar-pa-solkusten\/#article","isPartOf":{"@id":"https:\/\/lightweb.dev\/l\/svm-temp\/nyheter\/naringsliv\/antalet-turistlagenheter-minskar-pa-solkusten\/"},"author":{"name":"Ola Josefsson","@id":"https:\/\/lightweb.dev\/l\/svm-temp\/#\/schema\/person\/7a82b8a73d171d32360a564b6d03508e"},"headline":"F\u00e4rre turistl\u00e4genheter p\u00e5 Solkusten","datePublished":"2025-01-27T08:58:08+00:00","dateModified":"2025-01-29T14:04:20+00:00","mainEntityOfPage":{"@id":"https:\/\/lightweb.dev\/l\/svm-temp\/nyheter\/naringsliv\/antalet-turistlagenheter-minskar-pa-solkusten\/"},"wordCount":233,"publisher":{"@id":"https:\/\/lightweb.dev\/l\/svm-temp\/#organization"},"image":{"@id":"https:\/\/lightweb.dev\/l\/svm-temp\/nyheter\/naringsliv\/antalet-turistlagenheter-minskar-pa-solkusten\/#primaryimage"},"thumbnailUrl":"https:\/\/lightweb.dev\/l\/svm-temp\/wp-content\/uploads\/2023\/04\/IMG_6710-stor.jpeg","articleSection":["Ekonomi","Nyheter"],"inLanguage":"sv-SE"},{"@type":"WebPage","@id":"https:\/\/lightweb.dev\/l\/svm-temp\/nyheter\/naringsliv\/antalet-turistlagenheter-minskar-pa-solkusten\/","url":"https:\/\/lightweb.dev\/l\/svm-temp\/nyheter\/naringsliv\/antalet-turistlagenheter-minskar-pa-solkusten\/","name":"F\u00e4rre turistl\u00e4genheter p\u00e5 Solkusten - Svenska Magasinet","isPartOf":{"@id":"https:\/\/lightweb.dev\/l\/svm-temp\/#website"},"primaryImageOfPage":{"@id":"https:\/\/lightweb.dev\/l\/svm-temp\/nyheter\/naringsliv\/antalet-turistlagenheter-minskar-pa-solkusten\/#primaryimage"},"image":{"@id":"https:\/\/lightweb.dev\/l\/svm-temp\/nyheter\/naringsliv\/antalet-turistlagenheter-minskar-pa-solkusten\/#primaryimage"},"thumbnailUrl":"https:\/\/lightweb.dev\/l\/svm-temp\/wp-content\/uploads\/2023\/04\/IMG_6710-stor.jpeg","datePublished":"2025-01-27T08:58:08+00:00","dateModified":"2025-01-29T14:04:20+00:00","description":"De kritiserade turistbost\u00e4derna tycks ha n\u00e5tt sin peak. Mellan augusti och november minskade antalet turistl\u00e4genheter med \u00f6ver tre tusen p\u00e5 Solkusten. Det \u00e4r den st\u00f6rsta minskningen i absoluta tal n\u00e5gonsin. Marknaden backar med 7,5 procent i provinsen M\u00e1laga och \u00e4r i linje med vad som h\u00e4nder i Spanien generellt.","breadcrumb":{"@id":"https:\/\/lightweb.dev\/l\/svm-temp\/nyheter\/naringsliv\/antalet-turistlagenheter-minskar-pa-solkusten\/#breadcrumb"},"inLanguage":"sv-SE","potentialAction":[{"@type":"ReadAction","target":["https:\/\/lightweb.dev\/l\/svm-temp\/nyheter\/naringsliv\/antalet-turistlagenheter-minskar-pa-solkusten\/"]}]},{"@type":"ImageObject","inLanguage":"sv-SE","@id":"https:\/\/lightweb.dev\/l\/svm-temp\/nyheter\/naringsliv\/antalet-turistlagenheter-minskar-pa-solkusten\/#primaryimage","url":"https:\/\/lightweb.dev\/l\/svm-temp\/wp-content\/uploads\/2023\/04\/IMG_6710-stor.jpeg","contentUrl":"https:\/\/lightweb.dev\/l\/svm-temp\/wp-content\/uploads\/2023\/04\/IMG_6710-stor.jpeg","width":1280,"height":960},{"@type":"BreadcrumbList","@id":"https:\/\/lightweb.dev\/l\/svm-temp\/nyheter\/naringsliv\/antalet-turistlagenheter-minskar-pa-solkusten\/#breadcrumb","itemListElement":[{"@type":"ListItem","position":1,"name":"Hem","item":"https:\/\/lightweb.dev\/l\/svm-temp\/"},{"@type":"ListItem","position":2,"name":"F\u00e4rre turistl\u00e4genheter p\u00e5 Solkusten"}]},{"@type":"WebSite","@id":"https:\/\/lightweb.dev\/l\/svm-temp\/#website","url":"https:\/\/lightweb.dev\/l\/svm-temp\/","name":"Svenska Magasinet","description":"Dina Spanska nyheter p&aring; Svenska","publisher":{"@id":"https:\/\/lightweb.dev\/l\/svm-temp\/#organization"},"potentialAction":[{"@type":"SearchAction","target":{"@type":"EntryPoint","urlTemplate":"https:\/\/lightweb.dev\/l\/svm-temp\/?s={search_term_string}"},"query-input":{"@type":"PropertyValueSpecification","valueRequired":true,"valueName":"search_term_string"}}],"inLanguage":"sv-SE"},{"@type":"Organization","@id":"https:\/\/lightweb.dev\/l\/svm-temp\/#organization","name":"Melkerson y Nott SL","alternateName":"Svenska Magasinet","url":"https:\/\/lightweb.dev\/l\/svm-temp\/","logo":{"@type":"ImageObject","inLanguage":"sv-SE","@id":"https:\/\/lightweb.dev\/l\/svm-temp\/#\/schema\/logo\/image\/","url":"https:\/\/lightweb.dev\/l\/svm-temp\/wp-content\/uploads\/2025\/02\/SvM-logo-Xtra-Centrerad-SVART.png","contentUrl":"https:\/\/lightweb.dev\/l\/svm-temp\/wp-content\/uploads\/2025\/02\/SvM-logo-Xtra-Centrerad-SVART.png","width":300,"height":99,"caption":"Melkerson y Nott SL"},"image":{"@id":"https:\/\/lightweb.dev\/l\/svm-temp\/#\/schema\/logo\/image\/"},"sameAs":["https:\/\/www.facebook.com\/svenskamagasinet","https:\/\/x.com\/SvenskaMagasine"]},{"@type":"Person","@id":"https:\/\/lightweb.dev\/l\/svm-temp\/#\/schema\/person\/7a82b8a73d171d32360a564b6d03508e","name":"Ola Josefsson","description":"Bevakar Solkusten och Spanien sedan 1994.","sameAs":["https:\/\/lightweb.dev\/l\/svm-temp"],"url":"https:\/\/lightweb.dev\/l\/svm-temp\/reporter\/ola-josefsson\/"}]}},"_links":{"self":[{"href":"https:\/\/lightweb.dev\/l\/svm-temp\/wp-json\/wp\/v2\/posts\/77771","targetHints":{"allow":["GET"]}}],"collection":[{"href":"https:\/\/lightweb.dev\/l\/svm-temp\/wp-json\/wp\/v2\/posts"}],"about":[{"href":"https:\/\/lightweb.dev\/l\/svm-temp\/wp-json\/wp\/v2\/types\/post"}],"author":[{"embeddable":true,"href":"https:\/\/lightweb.dev\/l\/svm-temp\/wp-json\/wp\/v2\/users\/7"}],"replies":[{"embeddable":true,"href":"https:\/\/lightweb.dev\/l\/svm-temp\/wp-json\/wp\/v2\/comments?post=77771"}],"version-history":[{"count":0,"href":"https:\/\/lightweb.dev\/l\/svm-temp\/wp-json\/wp\/v2\/posts\/77771\/revisions"}],"wp:featuredmedia":[{"embeddable":true,"href":"https:\/\/lightweb.dev\/l\/svm-temp\/wp-json\/wp\/v2\/media\/63015"}],"wp:attachment":[{"href":"https:\/\/lightweb.dev\/l\/svm-temp\/wp-json\/wp\/v2\/media?parent=77771"}],"wp:term":[{"taxonomy":"category","embeddable":true,"href":"https:\/\/lightweb.dev\/l\/svm-temp\/wp-json\/wp\/v2\/categories?post=77771"},{"taxonomy":"post_tag","embeddable":true,"href":"https:\/\/lightweb.dev\/l\/svm-temp\/wp-json\/wp\/v2\/tags?post=77771"}],"curies":[{"name":"wp","href":"https:\/\/api.w.org\/{rel}","templated":true}]}}