{"id":77775,"date":"2025-01-27T15:55:06","date_gmt":"2025-01-27T14:55:06","guid":{"rendered":"https:\/\/lightweb.dev\/l\/svm-temp\/?p=77775"},"modified":"2025-01-27T15:55:06","modified_gmt":"2025-01-27T14:55:06","slug":"ocu-de-ar-bast-pa-frukt-och-gronsaker-i-spanien","status":"publish","type":"post","link":"https:\/\/lightweb.dev\/l\/svm-temp\/nyheter\/ocu-de-ar-bast-pa-frukt-och-gronsaker-i-spanien\/","title":{"rendered":"OCU: De \u00e4r b\u00e4st p\u00e5 frukt och gr\u00f6nsaker i Spanien"},"content":{"rendered":"<p><strong>Den frist\u00e5ende konsumentorganisationen OCU har rankat matvarukedjorna n\u00e4r det g\u00e4ller frukt och gr\u00f6nt.<\/strong><\/p>\n<p><span style=\"font-weight: 400;\">Spaniens sj\u00e4lvst\u00e4ndiga organisation f\u00f6r konsumenter och anv\u00e4ndare har sl\u00e4ppt en ranking \u00f6ver vilka butikskedjor som har b\u00e4st &#8211; och s\u00e4mst &#8211; utbud p\u00e5 frukter och gr\u00f6nsaker.\u00a0<\/span><\/p>\n<p><span style=\"font-weight: 400;\">Dessa produkter \u00e4r bland de mest v\u00e4rdesatta och viktigaste som man kan l\u00e4gga i sin varukorg. Trots att priserna har \u00f6kat det senaste \u00e5ret h\u00e5ller de ofta l\u00e5g kvalitet och butikerna f\u00e5r v\u00e4ldigt olika betyg av kunderna. D\u00e4rf\u00f6r har OCU gjort en sammanst\u00e4llning och analyserat n\u00f6jdheten hos 18 stora butikskedjor. I unders\u00f6kningen har fler \u00e4n 5 000 konsumenter deltagit.\u00a0<\/span><\/p>\n<p><span style=\"font-weight: 400;\">B\u00e4st omd\u00f6men f\u00e5r Aldi, Eroski och El Corte Ingles som alla tre fick fler \u00e4n 50 po\u00e4ng av 100 m\u00f6jliga.\u00a0\u00a0<\/span><\/p>\n<p><span style=\"font-weight: 400;\">P\u00e5 listans botten hittar vi Bonarea, som f\u00e5r l\u00e4gst betyg med hela 28 po\u00e4ng under genomsnittet. De f\u00e5r dock lovord n\u00e4r det g\u00e4ller deras utbud av k\u00f6tt, f\u00e4rdigmat och produkter f\u00f6r husdjur.\u00a0<\/span><\/p>\n<p><span style=\"font-weight: 400;\">Baserat p\u00e5 denna unders\u00f6kning s\u00e4ger OCU att 64 procent av alla som regelbundet handlar hos en butikskedja v\u00e4ljer att k\u00f6pa frukt och gr\u00f6nsaker d\u00e4r. Men f\u00f6r andra f\u00e4rska produkter, som fisk eller k\u00f6tt, g\u00e5r de hellre till en dedikerad butik.\u00a0<\/span><\/p>\n","protected":false},"excerpt":{"rendered":"<p>Den frist\u00e5ende konsumentorganisationen OCU har rankat matvarukedjorna n\u00e4r det g\u00e4ller frukt och gr\u00f6nt.<\/p>\n","protected":false},"author":14,"featured_media":16032,"comment_status":"closed","ping_status":"closed","sticky":false,"template":"","format":"standard","meta":{"_et_pb_use_builder":"","_et_pb_old_content":"","_et_gb_content_width":"","footnotes":""},"categories":[395,3],"tags":[],"class_list":["post-77775","post","type-post","status-publish","format-standard","has-post-thumbnail","hentry","category-arkiv-nyheter","category-nyheter"],"yoast_head":"<!-- This site is optimized with the Yoast SEO Premium plugin v26.2 (Yoast SEO v28.2) - https:\/\/yoast.com\/product\/yoast-seo-premium-wordpress\/ -->\n<title>OCU: De \u00e4r b\u00e4st p\u00e5 frukt och gr\u00f6nsaker i Spanien - Svenska Magasinet<\/title>\n<meta name=\"robots\" content=\"noindex, follow, max-snippet:-1, max-image-preview:large, max-video-preview:-1\" \/>\n<meta property=\"og:locale\" content=\"sv_SE\" \/>\n<meta property=\"og:type\" content=\"article\" \/>\n<meta property=\"og:title\" content=\"OCU: De \u00e4r b\u00e4st p\u00e5 frukt och gr\u00f6nsaker i Spanien\" \/>\n<meta property=\"og:description\" content=\"Den frist\u00e5ende konsumentorganisationen OCU har rankat matvarukedjorna n\u00e4r det g\u00e4ller frukt och gr\u00f6nt.\" \/>\n<meta property=\"og:url\" content=\"https:\/\/lightweb.dev\/l\/svm-temp\/nyheter\/ocu-de-ar-bast-pa-frukt-och-gronsaker-i-spanien\/\" \/>\n<meta property=\"og:site_name\" content=\"Svenska Magasinet\" \/>\n<meta property=\"article:publisher\" content=\"https:\/\/www.facebook.com\/svenskamagasinet\" \/>\n<meta property=\"article:published_time\" content=\"2025-01-27T14:55:06+00:00\" \/>\n<meta property=\"og:image\" content=\"https:\/\/lightweb.dev\/l\/svm-temp\/wp-content\/uploads\/2022\/06\/appelskorden-i-spanien-ar-i-full-gang-och-flera-andra-frukter-skall-snart-skordas.png\" \/>\n\t<meta property=\"og:image:width\" content=\"700\" \/>\n\t<meta property=\"og:image:height\" content=\"420\" \/>\n\t<meta property=\"og:image:type\" content=\"image\/png\" \/>\n<meta name=\"author\" content=\"Robbie Eriksson\" \/>\n<meta name=\"twitter:card\" content=\"summary_large_image\" \/>\n<meta name=\"twitter:creator\" content=\"@SvenskaMagasine\" \/>\n<meta name=\"twitter:site\" content=\"@SvenskaMagasine\" \/>\n<script type=\"application\/ld+json\" class=\"yoast-schema-graph\">{\"@context\":\"https:\\\/\\\/schema.org\",\"@graph\":[{\"@type\":\"Article\",\"@id\":\"https:\\\/\\\/lightweb.dev\\\/l\\\/svm-temp\\\/nyheter\\\/ocu-de-ar-bast-pa-frukt-och-gronsaker-i-spanien\\\/#article\",\"isPartOf\":{\"@id\":\"https:\\\/\\\/lightweb.dev\\\/l\\\/svm-temp\\\/nyheter\\\/ocu-de-ar-bast-pa-frukt-och-gronsaker-i-spanien\\\/\"},\"author\":{\"name\":\"Robbie Eriksson\",\"@id\":\"https:\\\/\\\/lightweb.dev\\\/l\\\/svm-temp\\\/#\\\/schema\\\/person\\\/caffe038990d25722f5a04a03c906a2b\"},\"headline\":\"OCU: De \u00e4r b\u00e4st p\u00e5 frukt och gr\u00f6nsaker i Spanien\",\"datePublished\":\"2025-01-27T14:55:06+00:00\",\"mainEntityOfPage\":{\"@id\":\"https:\\\/\\\/lightweb.dev\\\/l\\\/svm-temp\\\/nyheter\\\/ocu-de-ar-bast-pa-frukt-och-gronsaker-i-spanien\\\/\"},\"wordCount\":242,\"publisher\":{\"@id\":\"https:\\\/\\\/lightweb.dev\\\/l\\\/svm-temp\\\/#organization\"},\"image\":{\"@id\":\"https:\\\/\\\/lightweb.dev\\\/l\\\/svm-temp\\\/nyheter\\\/ocu-de-ar-bast-pa-frukt-och-gronsaker-i-spanien\\\/#primaryimage\"},\"thumbnailUrl\":\"https:\\\/\\\/lightweb.dev\\\/l\\\/svm-temp\\\/wp-content\\\/uploads\\\/2022\\\/06\\\/appelskorden-i-spanien-ar-i-full-gang-och-flera-andra-frukter-skall-snart-skordas.png\",\"articleSection\":[\"Arkiv\",\"Nyheter\"],\"inLanguage\":\"sv-SE\"},{\"@type\":\"WebPage\",\"@id\":\"https:\\\/\\\/lightweb.dev\\\/l\\\/svm-temp\\\/nyheter\\\/ocu-de-ar-bast-pa-frukt-och-gronsaker-i-spanien\\\/\",\"url\":\"https:\\\/\\\/lightweb.dev\\\/l\\\/svm-temp\\\/nyheter\\\/ocu-de-ar-bast-pa-frukt-och-gronsaker-i-spanien\\\/\",\"name\":\"OCU: De \u00e4r b\u00e4st p\u00e5 frukt och gr\u00f6nsaker i Spanien - Svenska Magasinet\",\"isPartOf\":{\"@id\":\"https:\\\/\\\/lightweb.dev\\\/l\\\/svm-temp\\\/#website\"},\"primaryImageOfPage\":{\"@id\":\"https:\\\/\\\/lightweb.dev\\\/l\\\/svm-temp\\\/nyheter\\\/ocu-de-ar-bast-pa-frukt-och-gronsaker-i-spanien\\\/#primaryimage\"},\"image\":{\"@id\":\"https:\\\/\\\/lightweb.dev\\\/l\\\/svm-temp\\\/nyheter\\\/ocu-de-ar-bast-pa-frukt-och-gronsaker-i-spanien\\\/#primaryimage\"},\"thumbnailUrl\":\"https:\\\/\\\/lightweb.dev\\\/l\\\/svm-temp\\\/wp-content\\\/uploads\\\/2022\\\/06\\\/appelskorden-i-spanien-ar-i-full-gang-och-flera-andra-frukter-skall-snart-skordas.png\",\"datePublished\":\"2025-01-27T14:55:06+00:00\",\"breadcrumb\":{\"@id\":\"https:\\\/\\\/lightweb.dev\\\/l\\\/svm-temp\\\/nyheter\\\/ocu-de-ar-bast-pa-frukt-och-gronsaker-i-spanien\\\/#breadcrumb\"},\"inLanguage\":\"sv-SE\",\"potentialAction\":[{\"@type\":\"ReadAction\",\"target\":[\"https:\\\/\\\/lightweb.dev\\\/l\\\/svm-temp\\\/nyheter\\\/ocu-de-ar-bast-pa-frukt-och-gronsaker-i-spanien\\\/\"]}]},{\"@type\":\"ImageObject\",\"inLanguage\":\"sv-SE\",\"@id\":\"https:\\\/\\\/lightweb.dev\\\/l\\\/svm-temp\\\/nyheter\\\/ocu-de-ar-bast-pa-frukt-och-gronsaker-i-spanien\\\/#primaryimage\",\"url\":\"https:\\\/\\\/lightweb.dev\\\/l\\\/svm-temp\\\/wp-content\\\/uploads\\\/2022\\\/06\\\/appelskorden-i-spanien-ar-i-full-gang-och-flera-andra-frukter-skall-snart-skordas.png\",\"contentUrl\":\"https:\\\/\\\/lightweb.dev\\\/l\\\/svm-temp\\\/wp-content\\\/uploads\\\/2022\\\/06\\\/appelskorden-i-spanien-ar-i-full-gang-och-flera-andra-frukter-skall-snart-skordas.png\",\"width\":700,\"height\":420,\"caption\":\"\"},{\"@type\":\"BreadcrumbList\",\"@id\":\"https:\\\/\\\/lightweb.dev\\\/l\\\/svm-temp\\\/nyheter\\\/ocu-de-ar-bast-pa-frukt-och-gronsaker-i-spanien\\\/#breadcrumb\",\"itemListElement\":[{\"@type\":\"ListItem\",\"position\":1,\"name\":\"Hem\",\"item\":\"https:\\\/\\\/lightweb.dev\\\/l\\\/svm-temp\\\/\"},{\"@type\":\"ListItem\",\"position\":2,\"name\":\"OCU: De \u00e4r b\u00e4st p\u00e5 frukt och gr\u00f6nsaker i Spanien\"}]},{\"@type\":\"WebSite\",\"@id\":\"https:\\\/\\\/lightweb.dev\\\/l\\\/svm-temp\\\/#website\",\"url\":\"https:\\\/\\\/lightweb.dev\\\/l\\\/svm-temp\\\/\",\"name\":\"Svenska Magasinet\",\"description\":\"Dina Spanska nyheter p&aring; Svenska\",\"publisher\":{\"@id\":\"https:\\\/\\\/lightweb.dev\\\/l\\\/svm-temp\\\/#organization\"},\"potentialAction\":[{\"@type\":\"SearchAction\",\"target\":{\"@type\":\"EntryPoint\",\"urlTemplate\":\"https:\\\/\\\/lightweb.dev\\\/l\\\/svm-temp\\\/?s={search_term_string}\"},\"query-input\":{\"@type\":\"PropertyValueSpecification\",\"valueRequired\":true,\"valueName\":\"search_term_string\"}}],\"inLanguage\":\"sv-SE\"},{\"@type\":\"Organization\",\"@id\":\"https:\\\/\\\/lightweb.dev\\\/l\\\/svm-temp\\\/#organization\",\"name\":\"Melkerson y Nott SL\",\"alternateName\":\"Svenska Magasinet\",\"url\":\"https:\\\/\\\/lightweb.dev\\\/l\\\/svm-temp\\\/\",\"logo\":{\"@type\":\"ImageObject\",\"inLanguage\":\"sv-SE\",\"@id\":\"https:\\\/\\\/lightweb.dev\\\/l\\\/svm-temp\\\/#\\\/schema\\\/logo\\\/image\\\/\",\"url\":\"https:\\\/\\\/lightweb.dev\\\/l\\\/svm-temp\\\/wp-content\\\/uploads\\\/2025\\\/02\\\/SvM-logo-Xtra-Centrerad-SVART.png\",\"contentUrl\":\"https:\\\/\\\/lightweb.dev\\\/l\\\/svm-temp\\\/wp-content\\\/uploads\\\/2025\\\/02\\\/SvM-logo-Xtra-Centrerad-SVART.png\",\"width\":300,\"height\":99,\"caption\":\"Melkerson y Nott SL\"},\"image\":{\"@id\":\"https:\\\/\\\/lightweb.dev\\\/l\\\/svm-temp\\\/#\\\/schema\\\/logo\\\/image\\\/\"},\"sameAs\":[\"https:\\\/\\\/www.facebook.com\\\/svenskamagasinet\",\"https:\\\/\\\/x.com\\\/SvenskaMagasine\"]},{\"@type\":\"Person\",\"@id\":\"https:\\\/\\\/lightweb.dev\\\/l\\\/svm-temp\\\/#\\\/schema\\\/person\\\/caffe038990d25722f5a04a03c906a2b\",\"name\":\"Robbie Eriksson\",\"sameAs\":[\"https:\\\/\\\/lightweb.dev\\\/l\\\/svm-temp\"],\"url\":\"https:\\\/\\\/lightweb.dev\\\/l\\\/svm-temp\\\/reporter\\\/robbie-eriksson\\\/\"}]}<\/script>\n<!-- \/ Yoast SEO Premium plugin. -->","yoast_head_json":{"title":"OCU: De \u00e4r b\u00e4st p\u00e5 frukt och gr\u00f6nsaker i Spanien - Svenska Magasinet","robots":{"index":"noindex","follow":"follow","max-snippet":"max-snippet:-1","max-image-preview":"max-image-preview:large","max-video-preview":"max-video-preview:-1"},"og_locale":"sv_SE","og_type":"article","og_title":"OCU: De \u00e4r b\u00e4st p\u00e5 frukt och gr\u00f6nsaker i Spanien","og_description":"Den frist\u00e5ende konsumentorganisationen OCU har rankat matvarukedjorna n\u00e4r det g\u00e4ller frukt och gr\u00f6nt.","og_url":"https:\/\/lightweb.dev\/l\/svm-temp\/nyheter\/ocu-de-ar-bast-pa-frukt-och-gronsaker-i-spanien\/","og_site_name":"Svenska Magasinet","article_publisher":"https:\/\/www.facebook.com\/svenskamagasinet","article_published_time":"2025-01-27T14:55:06+00:00","og_image":[{"width":700,"height":420,"url":"https:\/\/lightweb.dev\/l\/svm-temp\/wp-content\/uploads\/2022\/06\/appelskorden-i-spanien-ar-i-full-gang-och-flera-andra-frukter-skall-snart-skordas.png","type":"image\/png"}],"author":"Robbie Eriksson","twitter_card":"summary_large_image","twitter_creator":"@SvenskaMagasine","twitter_site":"@SvenskaMagasine","schema":{"@context":"https:\/\/schema.org","@graph":[{"@type":"Article","@id":"https:\/\/lightweb.dev\/l\/svm-temp\/nyheter\/ocu-de-ar-bast-pa-frukt-och-gronsaker-i-spanien\/#article","isPartOf":{"@id":"https:\/\/lightweb.dev\/l\/svm-temp\/nyheter\/ocu-de-ar-bast-pa-frukt-och-gronsaker-i-spanien\/"},"author":{"name":"Robbie Eriksson","@id":"https:\/\/lightweb.dev\/l\/svm-temp\/#\/schema\/person\/caffe038990d25722f5a04a03c906a2b"},"headline":"OCU: De \u00e4r b\u00e4st p\u00e5 frukt och gr\u00f6nsaker i Spanien","datePublished":"2025-01-27T14:55:06+00:00","mainEntityOfPage":{"@id":"https:\/\/lightweb.dev\/l\/svm-temp\/nyheter\/ocu-de-ar-bast-pa-frukt-och-gronsaker-i-spanien\/"},"wordCount":242,"publisher":{"@id":"https:\/\/lightweb.dev\/l\/svm-temp\/#organization"},"image":{"@id":"https:\/\/lightweb.dev\/l\/svm-temp\/nyheter\/ocu-de-ar-bast-pa-frukt-och-gronsaker-i-spanien\/#primaryimage"},"thumbnailUrl":"https:\/\/lightweb.dev\/l\/svm-temp\/wp-content\/uploads\/2022\/06\/appelskorden-i-spanien-ar-i-full-gang-och-flera-andra-frukter-skall-snart-skordas.png","articleSection":["Arkiv","Nyheter"],"inLanguage":"sv-SE"},{"@type":"WebPage","@id":"https:\/\/lightweb.dev\/l\/svm-temp\/nyheter\/ocu-de-ar-bast-pa-frukt-och-gronsaker-i-spanien\/","url":"https:\/\/lightweb.dev\/l\/svm-temp\/nyheter\/ocu-de-ar-bast-pa-frukt-och-gronsaker-i-spanien\/","name":"OCU: De \u00e4r b\u00e4st p\u00e5 frukt och gr\u00f6nsaker i Spanien - Svenska Magasinet","isPartOf":{"@id":"https:\/\/lightweb.dev\/l\/svm-temp\/#website"},"primaryImageOfPage":{"@id":"https:\/\/lightweb.dev\/l\/svm-temp\/nyheter\/ocu-de-ar-bast-pa-frukt-och-gronsaker-i-spanien\/#primaryimage"},"image":{"@id":"https:\/\/lightweb.dev\/l\/svm-temp\/nyheter\/ocu-de-ar-bast-pa-frukt-och-gronsaker-i-spanien\/#primaryimage"},"thumbnailUrl":"https:\/\/lightweb.dev\/l\/svm-temp\/wp-content\/uploads\/2022\/06\/appelskorden-i-spanien-ar-i-full-gang-och-flera-andra-frukter-skall-snart-skordas.png","datePublished":"2025-01-27T14:55:06+00:00","breadcrumb":{"@id":"https:\/\/lightweb.dev\/l\/svm-temp\/nyheter\/ocu-de-ar-bast-pa-frukt-och-gronsaker-i-spanien\/#breadcrumb"},"inLanguage":"sv-SE","potentialAction":[{"@type":"ReadAction","target":["https:\/\/lightweb.dev\/l\/svm-temp\/nyheter\/ocu-de-ar-bast-pa-frukt-och-gronsaker-i-spanien\/"]}]},{"@type":"ImageObject","inLanguage":"sv-SE","@id":"https:\/\/lightweb.dev\/l\/svm-temp\/nyheter\/ocu-de-ar-bast-pa-frukt-och-gronsaker-i-spanien\/#primaryimage","url":"https:\/\/lightweb.dev\/l\/svm-temp\/wp-content\/uploads\/2022\/06\/appelskorden-i-spanien-ar-i-full-gang-och-flera-andra-frukter-skall-snart-skordas.png","contentUrl":"https:\/\/lightweb.dev\/l\/svm-temp\/wp-content\/uploads\/2022\/06\/appelskorden-i-spanien-ar-i-full-gang-och-flera-andra-frukter-skall-snart-skordas.png","width":700,"height":420,"caption":""},{"@type":"BreadcrumbList","@id":"https:\/\/lightweb.dev\/l\/svm-temp\/nyheter\/ocu-de-ar-bast-pa-frukt-och-gronsaker-i-spanien\/#breadcrumb","itemListElement":[{"@type":"ListItem","position":1,"name":"Hem","item":"https:\/\/lightweb.dev\/l\/svm-temp\/"},{"@type":"ListItem","position":2,"name":"OCU: De \u00e4r b\u00e4st p\u00e5 frukt och gr\u00f6nsaker i Spanien"}]},{"@type":"WebSite","@id":"https:\/\/lightweb.dev\/l\/svm-temp\/#website","url":"https:\/\/lightweb.dev\/l\/svm-temp\/","name":"Svenska Magasinet","description":"Dina Spanska nyheter p&aring; Svenska","publisher":{"@id":"https:\/\/lightweb.dev\/l\/svm-temp\/#organization"},"potentialAction":[{"@type":"SearchAction","target":{"@type":"EntryPoint","urlTemplate":"https:\/\/lightweb.dev\/l\/svm-temp\/?s={search_term_string}"},"query-input":{"@type":"PropertyValueSpecification","valueRequired":true,"valueName":"search_term_string"}}],"inLanguage":"sv-SE"},{"@type":"Organization","@id":"https:\/\/lightweb.dev\/l\/svm-temp\/#organization","name":"Melkerson y Nott SL","alternateName":"Svenska Magasinet","url":"https:\/\/lightweb.dev\/l\/svm-temp\/","logo":{"@type":"ImageObject","inLanguage":"sv-SE","@id":"https:\/\/lightweb.dev\/l\/svm-temp\/#\/schema\/logo\/image\/","url":"https:\/\/lightweb.dev\/l\/svm-temp\/wp-content\/uploads\/2025\/02\/SvM-logo-Xtra-Centrerad-SVART.png","contentUrl":"https:\/\/lightweb.dev\/l\/svm-temp\/wp-content\/uploads\/2025\/02\/SvM-logo-Xtra-Centrerad-SVART.png","width":300,"height":99,"caption":"Melkerson y Nott SL"},"image":{"@id":"https:\/\/lightweb.dev\/l\/svm-temp\/#\/schema\/logo\/image\/"},"sameAs":["https:\/\/www.facebook.com\/svenskamagasinet","https:\/\/x.com\/SvenskaMagasine"]},{"@type":"Person","@id":"https:\/\/lightweb.dev\/l\/svm-temp\/#\/schema\/person\/caffe038990d25722f5a04a03c906a2b","name":"Robbie Eriksson","sameAs":["https:\/\/lightweb.dev\/l\/svm-temp"],"url":"https:\/\/lightweb.dev\/l\/svm-temp\/reporter\/robbie-eriksson\/"}]}},"_links":{"self":[{"href":"https:\/\/lightweb.dev\/l\/svm-temp\/wp-json\/wp\/v2\/posts\/77775","targetHints":{"allow":["GET"]}}],"collection":[{"href":"https:\/\/lightweb.dev\/l\/svm-temp\/wp-json\/wp\/v2\/posts"}],"about":[{"href":"https:\/\/lightweb.dev\/l\/svm-temp\/wp-json\/wp\/v2\/types\/post"}],"author":[{"embeddable":true,"href":"https:\/\/lightweb.dev\/l\/svm-temp\/wp-json\/wp\/v2\/users\/14"}],"replies":[{"embeddable":true,"href":"https:\/\/lightweb.dev\/l\/svm-temp\/wp-json\/wp\/v2\/comments?post=77775"}],"version-history":[{"count":0,"href":"https:\/\/lightweb.dev\/l\/svm-temp\/wp-json\/wp\/v2\/posts\/77775\/revisions"}],"wp:featuredmedia":[{"embeddable":true,"href":"https:\/\/lightweb.dev\/l\/svm-temp\/wp-json\/wp\/v2\/media\/16032"}],"wp:attachment":[{"href":"https:\/\/lightweb.dev\/l\/svm-temp\/wp-json\/wp\/v2\/media?parent=77775"}],"wp:term":[{"taxonomy":"category","embeddable":true,"href":"https:\/\/lightweb.dev\/l\/svm-temp\/wp-json\/wp\/v2\/categories?post=77775"},{"taxonomy":"post_tag","embeddable":true,"href":"https:\/\/lightweb.dev\/l\/svm-temp\/wp-json\/wp\/v2\/tags?post=77775"}],"curies":[{"name":"wp","href":"https:\/\/api.w.org\/{rel}","templated":true}]}}