{"id":77778,"date":"2025-01-27T15:14:50","date_gmt":"2025-01-27T14:14:50","guid":{"rendered":"https:\/\/lightweb.dev\/l\/svm-temp\/?p=77778"},"modified":"2025-01-27T15:43:55","modified_gmt":"2025-01-27T14:43:55","slug":"partido-popular-och-vox-okar-i-opinionen","status":"publish","type":"post","link":"https:\/\/lightweb.dev\/l\/svm-temp\/nyheter\/inrikes\/partido-popular-och-vox-okar-i-opinionen\/","title":{"rendered":"Partido Popular och Vox \u00f6kar i opinionen"},"content":{"rendered":"<p><strong>Om det h\u00f6lls allm\u00e4nna val i Spanien idag skulle h\u00f6gerpartierna Partido Popular och Vox f\u00e5 egen majoritet. Flera opinionsunders\u00f6kningar den senaste tiden visar \u00f6kat v\u00e4ljarst\u00f6d f\u00f6r PP och Vox.<\/strong><\/p>\n<p><strong>Men n\u00e5got besked om att utlysa nyval finns inte i nul\u00e4get.<\/strong><\/p>\n<blockquote class=\"twitter-tweet\" data-media-max-width=\"560\">\n<p dir=\"ltr\" lang=\"es\"><a href=\"https:\/\/twitter.com\/hashtag\/Espa%C3%B1a?src=hash&amp;ref_src=twsrc%5Etfw\">#Espa\u00f1a<\/a> \ud83c\uddea\ud83c\uddf8 &#8211; encuesta GAD3 (26E): \ud835\udde3\ud835\udde3 \ud83d\udca7 \ud835\ude06 \ud835\udde9\ud835\uddfc\ud835\ude05 \ud83e\udd66 \ud835\ude00\ud835\uddf2 \ud835\uddee\ud835\uddf0\ud835\uddf2\ud835\uddff\ud835\uddf0\ud835\uddee\ud835\uddfb \ud835\uddee \ud835\uddf9\ud835\uddfc\ud835\ude00 \ud835\udfee\ud835\udfec\ud835\udfec \ud835\uddf2\ud835\ude00\ud835\uddf0\ud835\uddee\ud835\uddfb\u0303\ud835\uddfc\ud835\ude00, seg\u00fan Michavila<\/p>\n<p>\ud83d\udca7 PP 151<br \/>\n\ud83c\udf39 PSOE 109<br \/>\n\ud83e\udd66 Vox 44<br \/>\n\ud83c\udf37 Sumar 11<br \/>\n\ud83e\udebb Podemos 4<\/p>\n<p>\ud83c\udfafPollCheck: 7,4\/10<\/p>\n<p>\u2198\ufe0f<a href=\"https:\/\/t.co\/eHJFuOBfA2\">https:\/\/t.co\/eHJFuOBfA2<\/a><\/p>\n<p>\u2014 EM-electomania.es (@electo_mania) <a href=\"https:\/\/twitter.com\/electo_mania\/status\/1883641401310941425?ref_src=twsrc%5Etfw\">January 26, 2025<\/a><\/p><\/blockquote>\n<p><script async src=\"https:\/\/platform.twitter.com\/widgets.js\" charset=\"utf-8\"><\/script><\/p>\n<p>Regeringschefen Pedro S\u00e1nchez s\u00e4ger i en kommentar att Spanien h\u00e5ller allm\u00e4nna val n\u00e4sta g\u00e5ng 2027.<\/p>\n<p>Oppositionsledaren Alberto N\u00fa\u00f1ez Feij\u00f3o s\u00e4ger i en kommentar till unders\u00f6kningen i <a href=\"https:\/\/www.abc.es\/espana\/andalucia\/cordoba\/feijoo-sobre-encuesta-abc-espanoles-hoy-quieren-20250127141421-nts.html\">ABC<\/a> &#8221;att spanjorerna vill byta regering&#8221;.<\/p>\n<p class=\"voc-subtitle\"><span>&#8211; Vilken annan europeisk ledare som var i S\u00e1nchez situation skulle utlysa val, s\u00e4ger N\u00fa\u00f1ez Feij\u00f3o.<\/span><\/p>\n<p>Om det h\u00f6lls allm\u00e4nna val i Spanien idag skulle liberalkonservativa Partido Popular f\u00e5 mellan 144 och 151 mandat. Det \u00e4r en uppg\u00e5ng fr\u00e5n 137 mandat vid senaste allm\u00e4nna valet i juli 2023.<\/p>\n<p>Nationalkonservativa Vox \u00f6kar fr\u00e5n 33 mandat till mellan 44 och 48 mandat.<\/p>\n<p>Det betyder att PP+Vox skulle f\u00e5 195 eller 196 mandat tillsammans. Absolut majoritet \u00e4r vid 176 mandat.<\/p>\n<p>Regeringspartiet socialdemokratiska PSOE f\u00e5r se minskat st\u00f6d i opinionen och backar fr\u00e5n 121 mandat till mellan 109 och 119 mandat.<\/p>\n<p>Det \u00e4r unders\u00f6kningarna fr\u00e5n GAD3 p\u00e5 uppdrag av dagstidningen ABC som publicerades p\u00e5 m\u00e5ndagen och g\u00e5rdagens unders\u00f6kning av Target Point som visar att PP och Vox skulle kunna bilda regering med egen majoritet om det vore val.<\/p>\n<p>Unders\u00f6kningarna visar att partierna l\u00e5ngt ut p\u00e5 v\u00e4nsterkanten som Sumar och Podemos kraftigt backar.<\/p>\n<blockquote class=\"twitter-tweet\" data-media-max-width=\"560\">\n<p dir=\"ltr\" lang=\"es\"><a href=\"https:\/\/twitter.com\/hashtag\/Espa%C3%B1a?src=hash&amp;ref_src=twsrc%5Etfw\">#Espa\u00f1a<\/a> \ud83c\uddea\ud83c\uddf8 &#8211; encuesta Target Point (26e): baja Sumar \ud83c\udf37, suben PSOE, PP \ud83d\udca7, Podemos \ud83e\udebb y Vox \ud83e\udd66<\/p>\n<p>\ud83d\udca7 PP 33,2% (143-145)<br \/>\n\ud83c\udf39 PSOE 28,9% (118-120)<br \/>\n\ud83e\udd66 Vox 15,5% (47-49)<br \/>\n\ud83c\udf37 Sumar 5,9% (7-9)<br \/>\n\ud83e\udebb Podemos 5,2% (4-5)<br \/>\n\ud83e\udd5c SALF 1,7%<\/p>\n<p>\ud83c\udfaf\ud835\udde3\ud835\uddfc\ud835\uddf9\ud835\uddf9\ud835\uddd6\ud835\uddf5\ud835\uddf2\ud835\uddf0\ud835\uddf8: \ud835\udfed,\ud835\udff2\/\ud835\udfed\ud835\udfec<\/p>\n<p>\u2198\ufe0f<a href=\"https:\/\/t.co\/i68ZvcuNbk\">https:\/\/t.co\/i68ZvcuNbk<\/a> <a href=\"https:\/\/t.co\/P0b2W2FjUZ\">pic.twitter.com\/P0b2W2FjUZ<\/a><\/p>\n<p>\u2014 EM-electomania.es (@electo_mania) <a href=\"https:\/\/twitter.com\/electo_mania\/status\/1883417923978702894?ref_src=twsrc%5Etfw\">January 26, 2025<\/a><\/p><\/blockquote>\n<p><script async src=\"https:\/\/platform.twitter.com\/widgets.js\" charset=\"utf-8\"><\/script><\/p>\n","protected":false},"excerpt":{"rendered":"<p>Om det h\u00f6lls allm\u00e4nna val i Spanien idag skulle h\u00f6gerpartierna Partido Popular och Vox f\u00e5 egen majoritet. Flera opinionsunders\u00f6kningar den senaste tiden visar \u00f6kat v\u00e4ljarst\u00f6d f\u00f6r PP och Vox. Men n\u00e5got besked om att utlysa nyval finns inte&#8230;<\/p>\n","protected":false},"author":7,"featured_media":77777,"comment_status":"closed","ping_status":"closed","sticky":false,"template":"","format":"standard","meta":{"_et_pb_use_builder":"","_et_pb_old_content":"","_et_gb_content_width":"","footnotes":""},"categories":[284,3],"tags":[],"class_list":["post-77778","post","type-post","status-publish","format-standard","has-post-thumbnail","hentry","category-inrikes","category-nyheter"],"yoast_head":"<!-- This site is optimized with the Yoast SEO Premium plugin v26.2 (Yoast SEO v28.2) - https:\/\/yoast.com\/product\/yoast-seo-premium-wordpress\/ -->\n<title>Partido Popular och Vox \u00f6kar i opinionen - Svenska Magasinet<\/title>\n<meta name=\"description\" content=\"Om det h\u00f6lls allm\u00e4nna val i Spanien idag skulle h\u00f6gerpartierna Partido Popular och Vox f\u00e5 egen majoritet. Flera opinionsunders\u00f6kningar den senaste tiden visar \u00f6kat v\u00e4ljarst\u00f6d f\u00f6r PP och Vox. Men n\u00e5got besked om att utlysa nyval finns inte i nul\u00e4get.\" \/>\n<meta name=\"robots\" content=\"noindex, follow, max-snippet:-1, max-image-preview:large, max-video-preview:-1\" \/>\n<meta property=\"og:locale\" content=\"sv_SE\" \/>\n<meta property=\"og:type\" content=\"article\" \/>\n<meta property=\"og:title\" content=\"Partido Popular och Vox \u00f6kar i opinionen\" \/>\n<meta property=\"og:description\" content=\"Om det h\u00f6lls allm\u00e4nna val i Spanien idag skulle h\u00f6gerpartierna Partido Popular och Vox f\u00e5 egen majoritet. Flera opinionsunders\u00f6kningar den senaste tiden visar \u00f6kat v\u00e4ljarst\u00f6d f\u00f6r PP och Vox. Men n\u00e5got besked om att utlysa nyval finns inte i nul\u00e4get.\" \/>\n<meta property=\"og:url\" content=\"https:\/\/lightweb.dev\/l\/svm-temp\/nyheter\/inrikes\/partido-popular-och-vox-okar-i-opinionen\/\" \/>\n<meta property=\"og:site_name\" content=\"Svenska Magasinet\" \/>\n<meta property=\"article:publisher\" content=\"https:\/\/www.facebook.com\/svenskamagasinet\" \/>\n<meta property=\"article:published_time\" content=\"2025-01-27T14:14:50+00:00\" \/>\n<meta property=\"article:modified_time\" content=\"2025-01-27T14:43:55+00:00\" \/>\n<meta property=\"og:image\" content=\"https:\/\/lightweb.dev\/l\/svm-temp\/wp-content\/uploads\/2025\/01\/svm20250127141219.webp\" \/>\n\t<meta property=\"og:image:width\" content=\"900\" \/>\n\t<meta property=\"og:image:height\" content=\"400\" \/>\n\t<meta property=\"og:image:type\" content=\"image\/webp\" \/>\n<meta name=\"author\" content=\"Ola Josefsson\" \/>\n<meta name=\"twitter:card\" content=\"summary_large_image\" \/>\n<meta name=\"twitter:creator\" content=\"@SvenskaMagasine\" \/>\n<meta name=\"twitter:site\" content=\"@SvenskaMagasine\" \/>\n<script type=\"application\/ld+json\" class=\"yoast-schema-graph\">{\"@context\":\"https:\\\/\\\/schema.org\",\"@graph\":[{\"@type\":\"Article\",\"@id\":\"https:\\\/\\\/lightweb.dev\\\/l\\\/svm-temp\\\/nyheter\\\/inrikes\\\/partido-popular-och-vox-okar-i-opinionen\\\/#article\",\"isPartOf\":{\"@id\":\"https:\\\/\\\/lightweb.dev\\\/l\\\/svm-temp\\\/nyheter\\\/inrikes\\\/partido-popular-och-vox-okar-i-opinionen\\\/\"},\"author\":{\"name\":\"Ola Josefsson\",\"@id\":\"https:\\\/\\\/lightweb.dev\\\/l\\\/svm-temp\\\/#\\\/schema\\\/person\\\/7a82b8a73d171d32360a564b6d03508e\"},\"headline\":\"Partido Popular och Vox \u00f6kar i opinionen\",\"datePublished\":\"2025-01-27T14:14:50+00:00\",\"dateModified\":\"2025-01-27T14:43:55+00:00\",\"mainEntityOfPage\":{\"@id\":\"https:\\\/\\\/lightweb.dev\\\/l\\\/svm-temp\\\/nyheter\\\/inrikes\\\/partido-popular-och-vox-okar-i-opinionen\\\/\"},\"wordCount\":321,\"publisher\":{\"@id\":\"https:\\\/\\\/lightweb.dev\\\/l\\\/svm-temp\\\/#organization\"},\"image\":{\"@id\":\"https:\\\/\\\/lightweb.dev\\\/l\\\/svm-temp\\\/nyheter\\\/inrikes\\\/partido-popular-och-vox-okar-i-opinionen\\\/#primaryimage\"},\"thumbnailUrl\":\"https:\\\/\\\/lightweb.dev\\\/l\\\/svm-temp\\\/wp-content\\\/uploads\\\/2025\\\/01\\\/svm20250127141219.webp\",\"articleSection\":[\"Inrikes\",\"Nyheter\"],\"inLanguage\":\"sv-SE\"},{\"@type\":\"WebPage\",\"@id\":\"https:\\\/\\\/lightweb.dev\\\/l\\\/svm-temp\\\/nyheter\\\/inrikes\\\/partido-popular-och-vox-okar-i-opinionen\\\/\",\"url\":\"https:\\\/\\\/lightweb.dev\\\/l\\\/svm-temp\\\/nyheter\\\/inrikes\\\/partido-popular-och-vox-okar-i-opinionen\\\/\",\"name\":\"Partido Popular och Vox \u00f6kar i opinionen - Svenska Magasinet\",\"isPartOf\":{\"@id\":\"https:\\\/\\\/lightweb.dev\\\/l\\\/svm-temp\\\/#website\"},\"primaryImageOfPage\":{\"@id\":\"https:\\\/\\\/lightweb.dev\\\/l\\\/svm-temp\\\/nyheter\\\/inrikes\\\/partido-popular-och-vox-okar-i-opinionen\\\/#primaryimage\"},\"image\":{\"@id\":\"https:\\\/\\\/lightweb.dev\\\/l\\\/svm-temp\\\/nyheter\\\/inrikes\\\/partido-popular-och-vox-okar-i-opinionen\\\/#primaryimage\"},\"thumbnailUrl\":\"https:\\\/\\\/lightweb.dev\\\/l\\\/svm-temp\\\/wp-content\\\/uploads\\\/2025\\\/01\\\/svm20250127141219.webp\",\"datePublished\":\"2025-01-27T14:14:50+00:00\",\"dateModified\":\"2025-01-27T14:43:55+00:00\",\"description\":\"Om det h\u00f6lls allm\u00e4nna val i Spanien idag skulle h\u00f6gerpartierna Partido Popular och Vox f\u00e5 egen majoritet. Flera opinionsunders\u00f6kningar den senaste tiden visar \u00f6kat v\u00e4ljarst\u00f6d f\u00f6r PP och Vox. Men n\u00e5got besked om att utlysa nyval finns inte i nul\u00e4get.\",\"breadcrumb\":{\"@id\":\"https:\\\/\\\/lightweb.dev\\\/l\\\/svm-temp\\\/nyheter\\\/inrikes\\\/partido-popular-och-vox-okar-i-opinionen\\\/#breadcrumb\"},\"inLanguage\":\"sv-SE\",\"potentialAction\":[{\"@type\":\"ReadAction\",\"target\":[\"https:\\\/\\\/lightweb.dev\\\/l\\\/svm-temp\\\/nyheter\\\/inrikes\\\/partido-popular-och-vox-okar-i-opinionen\\\/\"]}]},{\"@type\":\"ImageObject\",\"inLanguage\":\"sv-SE\",\"@id\":\"https:\\\/\\\/lightweb.dev\\\/l\\\/svm-temp\\\/nyheter\\\/inrikes\\\/partido-popular-och-vox-okar-i-opinionen\\\/#primaryimage\",\"url\":\"https:\\\/\\\/lightweb.dev\\\/l\\\/svm-temp\\\/wp-content\\\/uploads\\\/2025\\\/01\\\/svm20250127141219.webp\",\"contentUrl\":\"https:\\\/\\\/lightweb.dev\\\/l\\\/svm-temp\\\/wp-content\\\/uploads\\\/2025\\\/01\\\/svm20250127141219.webp\",\"width\":900,\"height\":400,\"caption\":\"(Foto: GAD3)\"},{\"@type\":\"BreadcrumbList\",\"@id\":\"https:\\\/\\\/lightweb.dev\\\/l\\\/svm-temp\\\/nyheter\\\/inrikes\\\/partido-popular-och-vox-okar-i-opinionen\\\/#breadcrumb\",\"itemListElement\":[{\"@type\":\"ListItem\",\"position\":1,\"name\":\"Hem\",\"item\":\"https:\\\/\\\/lightweb.dev\\\/l\\\/svm-temp\\\/\"},{\"@type\":\"ListItem\",\"position\":2,\"name\":\"Partido Popular och Vox \u00f6kar i opinionen\"}]},{\"@type\":\"WebSite\",\"@id\":\"https:\\\/\\\/lightweb.dev\\\/l\\\/svm-temp\\\/#website\",\"url\":\"https:\\\/\\\/lightweb.dev\\\/l\\\/svm-temp\\\/\",\"name\":\"Svenska Magasinet\",\"description\":\"Dina Spanska nyheter p&aring; Svenska\",\"publisher\":{\"@id\":\"https:\\\/\\\/lightweb.dev\\\/l\\\/svm-temp\\\/#organization\"},\"potentialAction\":[{\"@type\":\"SearchAction\",\"target\":{\"@type\":\"EntryPoint\",\"urlTemplate\":\"https:\\\/\\\/lightweb.dev\\\/l\\\/svm-temp\\\/?s={search_term_string}\"},\"query-input\":{\"@type\":\"PropertyValueSpecification\",\"valueRequired\":true,\"valueName\":\"search_term_string\"}}],\"inLanguage\":\"sv-SE\"},{\"@type\":\"Organization\",\"@id\":\"https:\\\/\\\/lightweb.dev\\\/l\\\/svm-temp\\\/#organization\",\"name\":\"Melkerson y Nott SL\",\"alternateName\":\"Svenska Magasinet\",\"url\":\"https:\\\/\\\/lightweb.dev\\\/l\\\/svm-temp\\\/\",\"logo\":{\"@type\":\"ImageObject\",\"inLanguage\":\"sv-SE\",\"@id\":\"https:\\\/\\\/lightweb.dev\\\/l\\\/svm-temp\\\/#\\\/schema\\\/logo\\\/image\\\/\",\"url\":\"https:\\\/\\\/lightweb.dev\\\/l\\\/svm-temp\\\/wp-content\\\/uploads\\\/2025\\\/02\\\/SvM-logo-Xtra-Centrerad-SVART.png\",\"contentUrl\":\"https:\\\/\\\/lightweb.dev\\\/l\\\/svm-temp\\\/wp-content\\\/uploads\\\/2025\\\/02\\\/SvM-logo-Xtra-Centrerad-SVART.png\",\"width\":300,\"height\":99,\"caption\":\"Melkerson y Nott SL\"},\"image\":{\"@id\":\"https:\\\/\\\/lightweb.dev\\\/l\\\/svm-temp\\\/#\\\/schema\\\/logo\\\/image\\\/\"},\"sameAs\":[\"https:\\\/\\\/www.facebook.com\\\/svenskamagasinet\",\"https:\\\/\\\/x.com\\\/SvenskaMagasine\"]},{\"@type\":\"Person\",\"@id\":\"https:\\\/\\\/lightweb.dev\\\/l\\\/svm-temp\\\/#\\\/schema\\\/person\\\/7a82b8a73d171d32360a564b6d03508e\",\"name\":\"Ola Josefsson\",\"description\":\"Bevakar Solkusten och Spanien sedan 1994.\",\"sameAs\":[\"https:\\\/\\\/lightweb.dev\\\/l\\\/svm-temp\"],\"url\":\"https:\\\/\\\/lightweb.dev\\\/l\\\/svm-temp\\\/reporter\\\/ola-josefsson\\\/\"}]}<\/script>\n<!-- \/ Yoast SEO Premium plugin. -->","yoast_head_json":{"title":"Partido Popular och Vox \u00f6kar i opinionen - Svenska Magasinet","description":"Om det h\u00f6lls allm\u00e4nna val i Spanien idag skulle h\u00f6gerpartierna Partido Popular och Vox f\u00e5 egen majoritet. Flera opinionsunders\u00f6kningar den senaste tiden visar \u00f6kat v\u00e4ljarst\u00f6d f\u00f6r PP och Vox. Men n\u00e5got besked om att utlysa nyval finns inte i nul\u00e4get.","robots":{"index":"noindex","follow":"follow","max-snippet":"max-snippet:-1","max-image-preview":"max-image-preview:large","max-video-preview":"max-video-preview:-1"},"og_locale":"sv_SE","og_type":"article","og_title":"Partido Popular och Vox \u00f6kar i opinionen","og_description":"Om det h\u00f6lls allm\u00e4nna val i Spanien idag skulle h\u00f6gerpartierna Partido Popular och Vox f\u00e5 egen majoritet. Flera opinionsunders\u00f6kningar den senaste tiden visar \u00f6kat v\u00e4ljarst\u00f6d f\u00f6r PP och Vox. Men n\u00e5got besked om att utlysa nyval finns inte i nul\u00e4get.","og_url":"https:\/\/lightweb.dev\/l\/svm-temp\/nyheter\/inrikes\/partido-popular-och-vox-okar-i-opinionen\/","og_site_name":"Svenska Magasinet","article_publisher":"https:\/\/www.facebook.com\/svenskamagasinet","article_published_time":"2025-01-27T14:14:50+00:00","article_modified_time":"2025-01-27T14:43:55+00:00","og_image":[{"width":900,"height":400,"url":"https:\/\/lightweb.dev\/l\/svm-temp\/wp-content\/uploads\/2025\/01\/svm20250127141219.webp","type":"image\/webp"}],"author":"Ola Josefsson","twitter_card":"summary_large_image","twitter_creator":"@SvenskaMagasine","twitter_site":"@SvenskaMagasine","schema":{"@context":"https:\/\/schema.org","@graph":[{"@type":"Article","@id":"https:\/\/lightweb.dev\/l\/svm-temp\/nyheter\/inrikes\/partido-popular-och-vox-okar-i-opinionen\/#article","isPartOf":{"@id":"https:\/\/lightweb.dev\/l\/svm-temp\/nyheter\/inrikes\/partido-popular-och-vox-okar-i-opinionen\/"},"author":{"name":"Ola Josefsson","@id":"https:\/\/lightweb.dev\/l\/svm-temp\/#\/schema\/person\/7a82b8a73d171d32360a564b6d03508e"},"headline":"Partido Popular och Vox \u00f6kar i opinionen","datePublished":"2025-01-27T14:14:50+00:00","dateModified":"2025-01-27T14:43:55+00:00","mainEntityOfPage":{"@id":"https:\/\/lightweb.dev\/l\/svm-temp\/nyheter\/inrikes\/partido-popular-och-vox-okar-i-opinionen\/"},"wordCount":321,"publisher":{"@id":"https:\/\/lightweb.dev\/l\/svm-temp\/#organization"},"image":{"@id":"https:\/\/lightweb.dev\/l\/svm-temp\/nyheter\/inrikes\/partido-popular-och-vox-okar-i-opinionen\/#primaryimage"},"thumbnailUrl":"https:\/\/lightweb.dev\/l\/svm-temp\/wp-content\/uploads\/2025\/01\/svm20250127141219.webp","articleSection":["Inrikes","Nyheter"],"inLanguage":"sv-SE"},{"@type":"WebPage","@id":"https:\/\/lightweb.dev\/l\/svm-temp\/nyheter\/inrikes\/partido-popular-och-vox-okar-i-opinionen\/","url":"https:\/\/lightweb.dev\/l\/svm-temp\/nyheter\/inrikes\/partido-popular-och-vox-okar-i-opinionen\/","name":"Partido Popular och Vox \u00f6kar i opinionen - Svenska Magasinet","isPartOf":{"@id":"https:\/\/lightweb.dev\/l\/svm-temp\/#website"},"primaryImageOfPage":{"@id":"https:\/\/lightweb.dev\/l\/svm-temp\/nyheter\/inrikes\/partido-popular-och-vox-okar-i-opinionen\/#primaryimage"},"image":{"@id":"https:\/\/lightweb.dev\/l\/svm-temp\/nyheter\/inrikes\/partido-popular-och-vox-okar-i-opinionen\/#primaryimage"},"thumbnailUrl":"https:\/\/lightweb.dev\/l\/svm-temp\/wp-content\/uploads\/2025\/01\/svm20250127141219.webp","datePublished":"2025-01-27T14:14:50+00:00","dateModified":"2025-01-27T14:43:55+00:00","description":"Om det h\u00f6lls allm\u00e4nna val i Spanien idag skulle h\u00f6gerpartierna Partido Popular och Vox f\u00e5 egen majoritet. Flera opinionsunders\u00f6kningar den senaste tiden visar \u00f6kat v\u00e4ljarst\u00f6d f\u00f6r PP och Vox. Men n\u00e5got besked om att utlysa nyval finns inte i nul\u00e4get.","breadcrumb":{"@id":"https:\/\/lightweb.dev\/l\/svm-temp\/nyheter\/inrikes\/partido-popular-och-vox-okar-i-opinionen\/#breadcrumb"},"inLanguage":"sv-SE","potentialAction":[{"@type":"ReadAction","target":["https:\/\/lightweb.dev\/l\/svm-temp\/nyheter\/inrikes\/partido-popular-och-vox-okar-i-opinionen\/"]}]},{"@type":"ImageObject","inLanguage":"sv-SE","@id":"https:\/\/lightweb.dev\/l\/svm-temp\/nyheter\/inrikes\/partido-popular-och-vox-okar-i-opinionen\/#primaryimage","url":"https:\/\/lightweb.dev\/l\/svm-temp\/wp-content\/uploads\/2025\/01\/svm20250127141219.webp","contentUrl":"https:\/\/lightweb.dev\/l\/svm-temp\/wp-content\/uploads\/2025\/01\/svm20250127141219.webp","width":900,"height":400,"caption":"(Foto: GAD3)"},{"@type":"BreadcrumbList","@id":"https:\/\/lightweb.dev\/l\/svm-temp\/nyheter\/inrikes\/partido-popular-och-vox-okar-i-opinionen\/#breadcrumb","itemListElement":[{"@type":"ListItem","position":1,"name":"Hem","item":"https:\/\/lightweb.dev\/l\/svm-temp\/"},{"@type":"ListItem","position":2,"name":"Partido Popular och Vox \u00f6kar i opinionen"}]},{"@type":"WebSite","@id":"https:\/\/lightweb.dev\/l\/svm-temp\/#website","url":"https:\/\/lightweb.dev\/l\/svm-temp\/","name":"Svenska Magasinet","description":"Dina Spanska nyheter p&aring; Svenska","publisher":{"@id":"https:\/\/lightweb.dev\/l\/svm-temp\/#organization"},"potentialAction":[{"@type":"SearchAction","target":{"@type":"EntryPoint","urlTemplate":"https:\/\/lightweb.dev\/l\/svm-temp\/?s={search_term_string}"},"query-input":{"@type":"PropertyValueSpecification","valueRequired":true,"valueName":"search_term_string"}}],"inLanguage":"sv-SE"},{"@type":"Organization","@id":"https:\/\/lightweb.dev\/l\/svm-temp\/#organization","name":"Melkerson y Nott SL","alternateName":"Svenska Magasinet","url":"https:\/\/lightweb.dev\/l\/svm-temp\/","logo":{"@type":"ImageObject","inLanguage":"sv-SE","@id":"https:\/\/lightweb.dev\/l\/svm-temp\/#\/schema\/logo\/image\/","url":"https:\/\/lightweb.dev\/l\/svm-temp\/wp-content\/uploads\/2025\/02\/SvM-logo-Xtra-Centrerad-SVART.png","contentUrl":"https:\/\/lightweb.dev\/l\/svm-temp\/wp-content\/uploads\/2025\/02\/SvM-logo-Xtra-Centrerad-SVART.png","width":300,"height":99,"caption":"Melkerson y Nott SL"},"image":{"@id":"https:\/\/lightweb.dev\/l\/svm-temp\/#\/schema\/logo\/image\/"},"sameAs":["https:\/\/www.facebook.com\/svenskamagasinet","https:\/\/x.com\/SvenskaMagasine"]},{"@type":"Person","@id":"https:\/\/lightweb.dev\/l\/svm-temp\/#\/schema\/person\/7a82b8a73d171d32360a564b6d03508e","name":"Ola Josefsson","description":"Bevakar Solkusten och Spanien sedan 1994.","sameAs":["https:\/\/lightweb.dev\/l\/svm-temp"],"url":"https:\/\/lightweb.dev\/l\/svm-temp\/reporter\/ola-josefsson\/"}]}},"_links":{"self":[{"href":"https:\/\/lightweb.dev\/l\/svm-temp\/wp-json\/wp\/v2\/posts\/77778","targetHints":{"allow":["GET"]}}],"collection":[{"href":"https:\/\/lightweb.dev\/l\/svm-temp\/wp-json\/wp\/v2\/posts"}],"about":[{"href":"https:\/\/lightweb.dev\/l\/svm-temp\/wp-json\/wp\/v2\/types\/post"}],"author":[{"embeddable":true,"href":"https:\/\/lightweb.dev\/l\/svm-temp\/wp-json\/wp\/v2\/users\/7"}],"replies":[{"embeddable":true,"href":"https:\/\/lightweb.dev\/l\/svm-temp\/wp-json\/wp\/v2\/comments?post=77778"}],"version-history":[{"count":0,"href":"https:\/\/lightweb.dev\/l\/svm-temp\/wp-json\/wp\/v2\/posts\/77778\/revisions"}],"wp:featuredmedia":[{"embeddable":true,"href":"https:\/\/lightweb.dev\/l\/svm-temp\/wp-json\/wp\/v2\/media\/77777"}],"wp:attachment":[{"href":"https:\/\/lightweb.dev\/l\/svm-temp\/wp-json\/wp\/v2\/media?parent=77778"}],"wp:term":[{"taxonomy":"category","embeddable":true,"href":"https:\/\/lightweb.dev\/l\/svm-temp\/wp-json\/wp\/v2\/categories?post=77778"},{"taxonomy":"post_tag","embeddable":true,"href":"https:\/\/lightweb.dev\/l\/svm-temp\/wp-json\/wp\/v2\/tags?post=77778"}],"curies":[{"name":"wp","href":"https:\/\/api.w.org\/{rel}","templated":true}]}}