{"id":77807,"date":"2025-01-28T10:40:05","date_gmt":"2025-01-28T09:40:05","guid":{"rendered":"https:\/\/lightweb.dev\/l\/svm-temp\/?p=77807"},"modified":"2025-01-28T10:40:39","modified_gmt":"2025-01-28T09:40:39","slug":"kraksjukan-har-okat-i-vinter","status":"publish","type":"post","link":"https:\/\/lightweb.dev\/l\/svm-temp\/nyheter\/inrikes\/kraksjukan-har-okat-i-vinter\/","title":{"rendered":"Kr\u00e4ksjukan har \u00f6kat i vinter"},"content":{"rendered":"<p><strong>Buksm\u00e4rtor, diarr\u00e9, kr\u00e4kningar, feber och muskelv\u00e4rk under tv\u00e5 till tre dagar. K\u00e4nner du igen det? D\u00e5 har du troligtvis drabbats av Norovirus eller kr\u00e4ksjukan.<\/strong><\/p>\n<p><strong>Antalet registrerade fall har \u00f6kat med 25 procent och det \u00e4r fr\u00e4mst Andalusien, Madrid och Katalonien som drabbats.<\/strong><\/p>\n<p>Enligt data fr\u00e5n Sistema de Vigilancia Epidemiol\u00f3gica vid spanska Folkh\u00e4lsomyndigheten som \u00f6vervakar och rapporterar smittsamma sjukdomar har antalet fall med Norovirus \u00f6kat med 25 procent j\u00e4mf\u00f6rt med samma period ifjol.<\/p>\n<p>D\u00e5 g\u00e4ller det bara registrerade fall.<\/p>\n<p>Myndighetens huvuduppgift \u00e4r att fortl\u00f6pande f\u00f6lja det epidemiologiska l\u00e4get vad g\u00e4ller infektionssjukdomar och speciellt de som omfattas av smittskyddslagen.<\/p>\n<p><a href=\"https:\/\/www.diariosur.es\/malaga\/posible-gripe-gastroenteritis-virus-estrella-invierno-20250127231416-nt.html\">Diario Sur<\/a> skriver p\u00e5 tisdagen att det har f\u00f6rekommit fall av utbrott vid skolor, v\u00e5rdhem och sjukhus.<\/p>\n<p>\u00c1ngel Garc\u00eda Arjona, l\u00e4kare vid prim\u00e4rv\u00e5rden i M\u00e1laga, s\u00e4ger att det ger buksm\u00e4rtor, diarr\u00e9, kr\u00e4kningar, feber och muskelv\u00e4rk.<\/p>\n<p>Kr\u00e4ksjuka (gastroenterit) kan leda till uttorkning s\u00e4rskilt om det r\u00f6r sig om kraftig diarr\u00e9. \u00c4ldre eller ett litet barn kan snabbt torka ut vilket g\u00f6r att man m\u00e5ste vara extra uppm\u00e4rksam, betonar l\u00e4karen.<\/p>\n<p>Kr\u00e4ksjukan g\u00e5r i regel \u00f6ver p\u00e5 tv\u00e5 eller tre dagar. Det \u00e4r viktigt att man f\u00f6ljer en diet p\u00e5 kokt ris, kokt potatis, grillad fisk, grillad kyckling eller naturell yoghurt. Friterad fet mat b\u00f6r undvikas.<\/p>\n","protected":false},"excerpt":{"rendered":"<p>Buksm\u00e4rtor, diarr\u00e9, kr\u00e4kningar, feber och muskelv\u00e4rk under tv\u00e5 till tre dagar. K\u00e4nner du igen det? D\u00e5 har du troligtvis drabbats av Norovirus eller kr\u00e4ksjukan. Antalet registrerade fall har \u00f6kat med&#8230;<\/p>\n","protected":false},"author":7,"featured_media":77806,"comment_status":"closed","ping_status":"closed","sticky":false,"template":"","format":"standard","meta":{"_et_pb_use_builder":"","_et_pb_old_content":"","_et_gb_content_width":"","footnotes":""},"categories":[284,3],"tags":[],"class_list":["post-77807","post","type-post","status-publish","format-standard","has-post-thumbnail","hentry","category-inrikes","category-nyheter"],"yoast_head":"<!-- This site is optimized with the Yoast SEO Premium plugin v26.2 (Yoast SEO v27.4) - https:\/\/yoast.com\/product\/yoast-seo-premium-wordpress\/ -->\n<title>Kr\u00e4ksjukan har \u00f6kat i vinter - Svenska Magasinet<\/title>\n<meta name=\"description\" content=\"Buksm\u00e4rtor, diarr\u00e9, kr\u00e4kningar, feber och muskelv\u00e4rk under tv\u00e5 till tre dagar. K\u00e4nner du igen det? D\u00e5 har du troligtvis drabbats av Norovirus eller kr\u00e4ksjukan. Antalet registrerade fall har \u00f6kat med 25 procent och det \u00e4r fr\u00e4mst Andalusien, Madrid och Katalonien som drabbats.\" \/>\n<meta name=\"robots\" content=\"noindex, follow, max-snippet:-1, max-image-preview:large, max-video-preview:-1\" \/>\n<meta property=\"og:locale\" content=\"sv_SE\" \/>\n<meta property=\"og:type\" content=\"article\" \/>\n<meta property=\"og:title\" content=\"Kr\u00e4ksjukan har \u00f6kat i vinter\" \/>\n<meta property=\"og:description\" content=\"Buksm\u00e4rtor, diarr\u00e9, kr\u00e4kningar, feber och muskelv\u00e4rk under tv\u00e5 till tre dagar. K\u00e4nner du igen det? D\u00e5 har du troligtvis drabbats av Norovirus eller kr\u00e4ksjukan. Antalet registrerade fall har \u00f6kat med 25 procent och det \u00e4r fr\u00e4mst Andalusien, Madrid och Katalonien som drabbats.\" \/>\n<meta property=\"og:url\" content=\"https:\/\/lightweb.dev\/l\/svm-temp\/nyheter\/inrikes\/kraksjukan-har-okat-i-vinter\/\" \/>\n<meta property=\"og:site_name\" content=\"Svenska Magasinet\" \/>\n<meta property=\"article:publisher\" content=\"https:\/\/www.facebook.com\/svenskamagasinet\" \/>\n<meta property=\"article:published_time\" content=\"2025-01-28T09:40:05+00:00\" \/>\n<meta property=\"article:modified_time\" content=\"2025-01-28T09:40:39+00:00\" \/>\n<meta property=\"og:image\" content=\"https:\/\/lightweb.dev\/l\/svm-temp\/wp-content\/uploads\/2025\/01\/svm20250128093757.webp\" \/>\n\t<meta property=\"og:image:width\" content=\"900\" \/>\n\t<meta property=\"og:image:height\" content=\"400\" \/>\n\t<meta property=\"og:image:type\" content=\"image\/webp\" \/>\n<meta name=\"author\" content=\"Ola Josefsson\" \/>\n<meta name=\"twitter:card\" content=\"summary_large_image\" \/>\n<meta name=\"twitter:creator\" content=\"@SvenskaMagasine\" \/>\n<meta name=\"twitter:site\" content=\"@SvenskaMagasine\" \/>\n<script type=\"application\/ld+json\" class=\"yoast-schema-graph\">{\"@context\":\"https:\\\/\\\/schema.org\",\"@graph\":[{\"@type\":\"Article\",\"@id\":\"https:\\\/\\\/lightweb.dev\\\/l\\\/svm-temp\\\/nyheter\\\/inrikes\\\/kraksjukan-har-okat-i-vinter\\\/#article\",\"isPartOf\":{\"@id\":\"https:\\\/\\\/lightweb.dev\\\/l\\\/svm-temp\\\/nyheter\\\/inrikes\\\/kraksjukan-har-okat-i-vinter\\\/\"},\"author\":{\"name\":\"Ola Josefsson\",\"@id\":\"https:\\\/\\\/lightweb.dev\\\/l\\\/svm-temp\\\/#\\\/schema\\\/person\\\/7a82b8a73d171d32360a564b6d03508e\"},\"headline\":\"Kr\u00e4ksjukan har \u00f6kat i vinter\",\"datePublished\":\"2025-01-28T09:40:05+00:00\",\"dateModified\":\"2025-01-28T09:40:39+00:00\",\"mainEntityOfPage\":{\"@id\":\"https:\\\/\\\/lightweb.dev\\\/l\\\/svm-temp\\\/nyheter\\\/inrikes\\\/kraksjukan-har-okat-i-vinter\\\/\"},\"wordCount\":242,\"publisher\":{\"@id\":\"https:\\\/\\\/lightweb.dev\\\/l\\\/svm-temp\\\/#organization\"},\"image\":{\"@id\":\"https:\\\/\\\/lightweb.dev\\\/l\\\/svm-temp\\\/nyheter\\\/inrikes\\\/kraksjukan-har-okat-i-vinter\\\/#primaryimage\"},\"thumbnailUrl\":\"https:\\\/\\\/lightweb.dev\\\/l\\\/svm-temp\\\/wp-content\\\/uploads\\\/2025\\\/01\\\/svm20250128093757.webp\",\"articleSection\":[\"Inrikes\",\"Nyheter\"],\"inLanguage\":\"sv-SE\"},{\"@type\":\"WebPage\",\"@id\":\"https:\\\/\\\/lightweb.dev\\\/l\\\/svm-temp\\\/nyheter\\\/inrikes\\\/kraksjukan-har-okat-i-vinter\\\/\",\"url\":\"https:\\\/\\\/lightweb.dev\\\/l\\\/svm-temp\\\/nyheter\\\/inrikes\\\/kraksjukan-har-okat-i-vinter\\\/\",\"name\":\"Kr\u00e4ksjukan har \u00f6kat i vinter - Svenska Magasinet\",\"isPartOf\":{\"@id\":\"https:\\\/\\\/lightweb.dev\\\/l\\\/svm-temp\\\/#website\"},\"primaryImageOfPage\":{\"@id\":\"https:\\\/\\\/lightweb.dev\\\/l\\\/svm-temp\\\/nyheter\\\/inrikes\\\/kraksjukan-har-okat-i-vinter\\\/#primaryimage\"},\"image\":{\"@id\":\"https:\\\/\\\/lightweb.dev\\\/l\\\/svm-temp\\\/nyheter\\\/inrikes\\\/kraksjukan-har-okat-i-vinter\\\/#primaryimage\"},\"thumbnailUrl\":\"https:\\\/\\\/lightweb.dev\\\/l\\\/svm-temp\\\/wp-content\\\/uploads\\\/2025\\\/01\\\/svm20250128093757.webp\",\"datePublished\":\"2025-01-28T09:40:05+00:00\",\"dateModified\":\"2025-01-28T09:40:39+00:00\",\"description\":\"Buksm\u00e4rtor, diarr\u00e9, kr\u00e4kningar, feber och muskelv\u00e4rk under tv\u00e5 till tre dagar. K\u00e4nner du igen det? D\u00e5 har du troligtvis drabbats av Norovirus eller kr\u00e4ksjukan. Antalet registrerade fall har \u00f6kat med 25 procent och det \u00e4r fr\u00e4mst Andalusien, Madrid och Katalonien som drabbats.\",\"breadcrumb\":{\"@id\":\"https:\\\/\\\/lightweb.dev\\\/l\\\/svm-temp\\\/nyheter\\\/inrikes\\\/kraksjukan-har-okat-i-vinter\\\/#breadcrumb\"},\"inLanguage\":\"sv-SE\",\"potentialAction\":[{\"@type\":\"ReadAction\",\"target\":[\"https:\\\/\\\/lightweb.dev\\\/l\\\/svm-temp\\\/nyheter\\\/inrikes\\\/kraksjukan-har-okat-i-vinter\\\/\"]}]},{\"@type\":\"ImageObject\",\"inLanguage\":\"sv-SE\",\"@id\":\"https:\\\/\\\/lightweb.dev\\\/l\\\/svm-temp\\\/nyheter\\\/inrikes\\\/kraksjukan-har-okat-i-vinter\\\/#primaryimage\",\"url\":\"https:\\\/\\\/lightweb.dev\\\/l\\\/svm-temp\\\/wp-content\\\/uploads\\\/2025\\\/01\\\/svm20250128093757.webp\",\"contentUrl\":\"https:\\\/\\\/lightweb.dev\\\/l\\\/svm-temp\\\/wp-content\\\/uploads\\\/2025\\\/01\\\/svm20250128093757.webp\",\"width\":900,\"height\":400,\"caption\":\"(Foto: Freepik)\"},{\"@type\":\"BreadcrumbList\",\"@id\":\"https:\\\/\\\/lightweb.dev\\\/l\\\/svm-temp\\\/nyheter\\\/inrikes\\\/kraksjukan-har-okat-i-vinter\\\/#breadcrumb\",\"itemListElement\":[{\"@type\":\"ListItem\",\"position\":1,\"name\":\"Hem\",\"item\":\"https:\\\/\\\/lightweb.dev\\\/l\\\/svm-temp\\\/\"},{\"@type\":\"ListItem\",\"position\":2,\"name\":\"Kr\u00e4ksjukan har \u00f6kat i vinter\"}]},{\"@type\":\"WebSite\",\"@id\":\"https:\\\/\\\/lightweb.dev\\\/l\\\/svm-temp\\\/#website\",\"url\":\"https:\\\/\\\/lightweb.dev\\\/l\\\/svm-temp\\\/\",\"name\":\"Svenska Magasinet\",\"description\":\"Dina Spanska nyheter p&aring; Svenska\",\"publisher\":{\"@id\":\"https:\\\/\\\/lightweb.dev\\\/l\\\/svm-temp\\\/#organization\"},\"potentialAction\":[{\"@type\":\"SearchAction\",\"target\":{\"@type\":\"EntryPoint\",\"urlTemplate\":\"https:\\\/\\\/lightweb.dev\\\/l\\\/svm-temp\\\/?s={search_term_string}\"},\"query-input\":{\"@type\":\"PropertyValueSpecification\",\"valueRequired\":true,\"valueName\":\"search_term_string\"}}],\"inLanguage\":\"sv-SE\"},{\"@type\":\"Organization\",\"@id\":\"https:\\\/\\\/lightweb.dev\\\/l\\\/svm-temp\\\/#organization\",\"name\":\"Melkerson y Nott SL\",\"alternateName\":\"Svenska Magasinet\",\"url\":\"https:\\\/\\\/lightweb.dev\\\/l\\\/svm-temp\\\/\",\"logo\":{\"@type\":\"ImageObject\",\"inLanguage\":\"sv-SE\",\"@id\":\"https:\\\/\\\/lightweb.dev\\\/l\\\/svm-temp\\\/#\\\/schema\\\/logo\\\/image\\\/\",\"url\":\"https:\\\/\\\/lightweb.dev\\\/l\\\/svm-temp\\\/wp-content\\\/uploads\\\/2025\\\/02\\\/SvM-logo-Xtra-Centrerad-SVART.png\",\"contentUrl\":\"https:\\\/\\\/lightweb.dev\\\/l\\\/svm-temp\\\/wp-content\\\/uploads\\\/2025\\\/02\\\/SvM-logo-Xtra-Centrerad-SVART.png\",\"width\":300,\"height\":99,\"caption\":\"Melkerson y Nott SL\"},\"image\":{\"@id\":\"https:\\\/\\\/lightweb.dev\\\/l\\\/svm-temp\\\/#\\\/schema\\\/logo\\\/image\\\/\"},\"sameAs\":[\"https:\\\/\\\/www.facebook.com\\\/svenskamagasinet\",\"https:\\\/\\\/x.com\\\/SvenskaMagasine\"]},{\"@type\":\"Person\",\"@id\":\"https:\\\/\\\/lightweb.dev\\\/l\\\/svm-temp\\\/#\\\/schema\\\/person\\\/7a82b8a73d171d32360a564b6d03508e\",\"name\":\"Ola Josefsson\",\"description\":\"Bevakar Solkusten och Spanien sedan 1994.\",\"sameAs\":[\"https:\\\/\\\/lightweb.dev\\\/l\\\/svm-temp\"],\"url\":\"https:\\\/\\\/lightweb.dev\\\/l\\\/svm-temp\\\/reporter\\\/ola-josefsson\\\/\"}]}<\/script>\n<!-- \/ Yoast SEO Premium plugin. -->","yoast_head_json":{"title":"Kr\u00e4ksjukan har \u00f6kat i vinter - Svenska Magasinet","description":"Buksm\u00e4rtor, diarr\u00e9, kr\u00e4kningar, feber och muskelv\u00e4rk under tv\u00e5 till tre dagar. K\u00e4nner du igen det? D\u00e5 har du troligtvis drabbats av Norovirus eller kr\u00e4ksjukan. Antalet registrerade fall har \u00f6kat med 25 procent och det \u00e4r fr\u00e4mst Andalusien, Madrid och Katalonien som drabbats.","robots":{"index":"noindex","follow":"follow","max-snippet":"max-snippet:-1","max-image-preview":"max-image-preview:large","max-video-preview":"max-video-preview:-1"},"og_locale":"sv_SE","og_type":"article","og_title":"Kr\u00e4ksjukan har \u00f6kat i vinter","og_description":"Buksm\u00e4rtor, diarr\u00e9, kr\u00e4kningar, feber och muskelv\u00e4rk under tv\u00e5 till tre dagar. K\u00e4nner du igen det? D\u00e5 har du troligtvis drabbats av Norovirus eller kr\u00e4ksjukan. Antalet registrerade fall har \u00f6kat med 25 procent och det \u00e4r fr\u00e4mst Andalusien, Madrid och Katalonien som drabbats.","og_url":"https:\/\/lightweb.dev\/l\/svm-temp\/nyheter\/inrikes\/kraksjukan-har-okat-i-vinter\/","og_site_name":"Svenska Magasinet","article_publisher":"https:\/\/www.facebook.com\/svenskamagasinet","article_published_time":"2025-01-28T09:40:05+00:00","article_modified_time":"2025-01-28T09:40:39+00:00","og_image":[{"width":900,"height":400,"url":"https:\/\/lightweb.dev\/l\/svm-temp\/wp-content\/uploads\/2025\/01\/svm20250128093757.webp","type":"image\/webp"}],"author":"Ola Josefsson","twitter_card":"summary_large_image","twitter_creator":"@SvenskaMagasine","twitter_site":"@SvenskaMagasine","schema":{"@context":"https:\/\/schema.org","@graph":[{"@type":"Article","@id":"https:\/\/lightweb.dev\/l\/svm-temp\/nyheter\/inrikes\/kraksjukan-har-okat-i-vinter\/#article","isPartOf":{"@id":"https:\/\/lightweb.dev\/l\/svm-temp\/nyheter\/inrikes\/kraksjukan-har-okat-i-vinter\/"},"author":{"name":"Ola Josefsson","@id":"https:\/\/lightweb.dev\/l\/svm-temp\/#\/schema\/person\/7a82b8a73d171d32360a564b6d03508e"},"headline":"Kr\u00e4ksjukan har \u00f6kat i vinter","datePublished":"2025-01-28T09:40:05+00:00","dateModified":"2025-01-28T09:40:39+00:00","mainEntityOfPage":{"@id":"https:\/\/lightweb.dev\/l\/svm-temp\/nyheter\/inrikes\/kraksjukan-har-okat-i-vinter\/"},"wordCount":242,"publisher":{"@id":"https:\/\/lightweb.dev\/l\/svm-temp\/#organization"},"image":{"@id":"https:\/\/lightweb.dev\/l\/svm-temp\/nyheter\/inrikes\/kraksjukan-har-okat-i-vinter\/#primaryimage"},"thumbnailUrl":"https:\/\/lightweb.dev\/l\/svm-temp\/wp-content\/uploads\/2025\/01\/svm20250128093757.webp","articleSection":["Inrikes","Nyheter"],"inLanguage":"sv-SE"},{"@type":"WebPage","@id":"https:\/\/lightweb.dev\/l\/svm-temp\/nyheter\/inrikes\/kraksjukan-har-okat-i-vinter\/","url":"https:\/\/lightweb.dev\/l\/svm-temp\/nyheter\/inrikes\/kraksjukan-har-okat-i-vinter\/","name":"Kr\u00e4ksjukan har \u00f6kat i vinter - Svenska Magasinet","isPartOf":{"@id":"https:\/\/lightweb.dev\/l\/svm-temp\/#website"},"primaryImageOfPage":{"@id":"https:\/\/lightweb.dev\/l\/svm-temp\/nyheter\/inrikes\/kraksjukan-har-okat-i-vinter\/#primaryimage"},"image":{"@id":"https:\/\/lightweb.dev\/l\/svm-temp\/nyheter\/inrikes\/kraksjukan-har-okat-i-vinter\/#primaryimage"},"thumbnailUrl":"https:\/\/lightweb.dev\/l\/svm-temp\/wp-content\/uploads\/2025\/01\/svm20250128093757.webp","datePublished":"2025-01-28T09:40:05+00:00","dateModified":"2025-01-28T09:40:39+00:00","description":"Buksm\u00e4rtor, diarr\u00e9, kr\u00e4kningar, feber och muskelv\u00e4rk under tv\u00e5 till tre dagar. K\u00e4nner du igen det? D\u00e5 har du troligtvis drabbats av Norovirus eller kr\u00e4ksjukan. Antalet registrerade fall har \u00f6kat med 25 procent och det \u00e4r fr\u00e4mst Andalusien, Madrid och Katalonien som drabbats.","breadcrumb":{"@id":"https:\/\/lightweb.dev\/l\/svm-temp\/nyheter\/inrikes\/kraksjukan-har-okat-i-vinter\/#breadcrumb"},"inLanguage":"sv-SE","potentialAction":[{"@type":"ReadAction","target":["https:\/\/lightweb.dev\/l\/svm-temp\/nyheter\/inrikes\/kraksjukan-har-okat-i-vinter\/"]}]},{"@type":"ImageObject","inLanguage":"sv-SE","@id":"https:\/\/lightweb.dev\/l\/svm-temp\/nyheter\/inrikes\/kraksjukan-har-okat-i-vinter\/#primaryimage","url":"https:\/\/lightweb.dev\/l\/svm-temp\/wp-content\/uploads\/2025\/01\/svm20250128093757.webp","contentUrl":"https:\/\/lightweb.dev\/l\/svm-temp\/wp-content\/uploads\/2025\/01\/svm20250128093757.webp","width":900,"height":400,"caption":"(Foto: Freepik)"},{"@type":"BreadcrumbList","@id":"https:\/\/lightweb.dev\/l\/svm-temp\/nyheter\/inrikes\/kraksjukan-har-okat-i-vinter\/#breadcrumb","itemListElement":[{"@type":"ListItem","position":1,"name":"Hem","item":"https:\/\/lightweb.dev\/l\/svm-temp\/"},{"@type":"ListItem","position":2,"name":"Kr\u00e4ksjukan har \u00f6kat i vinter"}]},{"@type":"WebSite","@id":"https:\/\/lightweb.dev\/l\/svm-temp\/#website","url":"https:\/\/lightweb.dev\/l\/svm-temp\/","name":"Svenska Magasinet","description":"Dina Spanska nyheter p&aring; Svenska","publisher":{"@id":"https:\/\/lightweb.dev\/l\/svm-temp\/#organization"},"potentialAction":[{"@type":"SearchAction","target":{"@type":"EntryPoint","urlTemplate":"https:\/\/lightweb.dev\/l\/svm-temp\/?s={search_term_string}"},"query-input":{"@type":"PropertyValueSpecification","valueRequired":true,"valueName":"search_term_string"}}],"inLanguage":"sv-SE"},{"@type":"Organization","@id":"https:\/\/lightweb.dev\/l\/svm-temp\/#organization","name":"Melkerson y Nott SL","alternateName":"Svenska Magasinet","url":"https:\/\/lightweb.dev\/l\/svm-temp\/","logo":{"@type":"ImageObject","inLanguage":"sv-SE","@id":"https:\/\/lightweb.dev\/l\/svm-temp\/#\/schema\/logo\/image\/","url":"https:\/\/lightweb.dev\/l\/svm-temp\/wp-content\/uploads\/2025\/02\/SvM-logo-Xtra-Centrerad-SVART.png","contentUrl":"https:\/\/lightweb.dev\/l\/svm-temp\/wp-content\/uploads\/2025\/02\/SvM-logo-Xtra-Centrerad-SVART.png","width":300,"height":99,"caption":"Melkerson y Nott SL"},"image":{"@id":"https:\/\/lightweb.dev\/l\/svm-temp\/#\/schema\/logo\/image\/"},"sameAs":["https:\/\/www.facebook.com\/svenskamagasinet","https:\/\/x.com\/SvenskaMagasine"]},{"@type":"Person","@id":"https:\/\/lightweb.dev\/l\/svm-temp\/#\/schema\/person\/7a82b8a73d171d32360a564b6d03508e","name":"Ola Josefsson","description":"Bevakar Solkusten och Spanien sedan 1994.","sameAs":["https:\/\/lightweb.dev\/l\/svm-temp"],"url":"https:\/\/lightweb.dev\/l\/svm-temp\/reporter\/ola-josefsson\/"}]}},"_links":{"self":[{"href":"https:\/\/lightweb.dev\/l\/svm-temp\/wp-json\/wp\/v2\/posts\/77807","targetHints":{"allow":["GET"]}}],"collection":[{"href":"https:\/\/lightweb.dev\/l\/svm-temp\/wp-json\/wp\/v2\/posts"}],"about":[{"href":"https:\/\/lightweb.dev\/l\/svm-temp\/wp-json\/wp\/v2\/types\/post"}],"author":[{"embeddable":true,"href":"https:\/\/lightweb.dev\/l\/svm-temp\/wp-json\/wp\/v2\/users\/7"}],"replies":[{"embeddable":true,"href":"https:\/\/lightweb.dev\/l\/svm-temp\/wp-json\/wp\/v2\/comments?post=77807"}],"version-history":[{"count":0,"href":"https:\/\/lightweb.dev\/l\/svm-temp\/wp-json\/wp\/v2\/posts\/77807\/revisions"}],"wp:featuredmedia":[{"embeddable":true,"href":"https:\/\/lightweb.dev\/l\/svm-temp\/wp-json\/wp\/v2\/media\/77806"}],"wp:attachment":[{"href":"https:\/\/lightweb.dev\/l\/svm-temp\/wp-json\/wp\/v2\/media?parent=77807"}],"wp:term":[{"taxonomy":"category","embeddable":true,"href":"https:\/\/lightweb.dev\/l\/svm-temp\/wp-json\/wp\/v2\/categories?post=77807"},{"taxonomy":"post_tag","embeddable":true,"href":"https:\/\/lightweb.dev\/l\/svm-temp\/wp-json\/wp\/v2\/tags?post=77807"}],"curies":[{"name":"wp","href":"https:\/\/api.w.org\/{rel}","templated":true}]}}