{"id":77811,"date":"2025-01-28T15:00:55","date_gmt":"2025-01-28T14:00:55","guid":{"rendered":"https:\/\/lightweb.dev\/l\/svm-temp\/?p=77811"},"modified":"2025-01-28T15:00:55","modified_gmt":"2025-01-28T14:00:55","slug":"stora-oklarheter-kring-ny-bostadsskatt","status":"publish","type":"post","link":"https:\/\/lightweb.dev\/l\/svm-temp\/nyheter\/stora-oklarheter-kring-ny-bostadsskatt\/","title":{"rendered":"Stora oklarheter kring ny bostadsskatt"},"content":{"rendered":"<p><strong>Regeringen vill beskatta de som kommer fr\u00e5n utanf\u00f6r EU och k\u00f6per bost\u00e4der med 100 procent.\u00a0<\/strong><\/p>\n<p><span style=\"font-weight: 400;\"><strong>Det finns dock stora fr\u00e5getecken kring hur detta ska g\u00e5 till i praktiken och experter menar att det endast skulle p\u00e5verka ett f\u00e5tal procent av marknaden.<\/strong>\u00a0<\/span><\/p>\n<p><span style=\"font-weight: 400;\">Regeringens tillk\u00e4nnagivande om att h\u00f6ja skatten f\u00f6r de som vill k\u00f6pa bost\u00e4der och kommer fr\u00e5n utanf\u00f6r EU har utl\u00f6st larm p\u00e5 den spanska fastighetsmarknaden. Regeringen planerar att h\u00f6ja skatten till 100 procent av bostadens v\u00e4rde men det finns ingen klarhet i exakt hur det ska g\u00e5 till, vilket skapar en hel del ovisshet.\u00a0<\/span><\/p>\n<p><a href=\"https:\/\/lightweb.dev\/l\/svm-temp\/nyheter\/hur-paverkar-skatten-for-medborgare-utanfor-eu-fastighetsbranschen-i-malaga\/\">L\u00e4s Mer: Hur p\u00e5verkar skatten f\u00f6r medborgare utanf\u00f6r EU fastighetsbranschen i M\u00e1laga?<\/a><\/p>\n<p><span style=\"font-weight: 400;\">Valent\u00edn Pich, som \u00e4r ordf\u00f6rande p\u00e5 det allm\u00e4nna r\u00e5det f\u00f6r ekonomer, menar att allt f\u00f6r mycket kring detta fortfarande \u00e4r dolt. R\u00e5det p\u00e5pekar att man, till exempel, \u00e4nnu inte vet om det handlar om en ren h\u00f6jning av skatten eller om det kommer att skapas ytterligare kompletterande skatter.\u00a0<\/span><\/p>\n<p><span style=\"font-weight: 400;\">Santiago Mart\u00ednez Morando, analyschef p\u00e5 Ibercaja, p\u00e5pekar att det \u00e4r sv\u00e5rt att skapa en ny skattesats fr\u00e5n grunden. \u201cI teorin kan inte tv\u00e5 skatter beskatta samma skattepliktiga h\u00e4ndelse\u201d, f\u00f6rklarar han men p\u00e5minner om att detta \u00e4nd\u00e5 sker i praktiken n\u00e4r det g\u00e4ller stora f\u00f6rm\u00f6genheter.\u00a0<\/span><\/p>\n<p><span style=\"font-weight: 400;\">Ett annat s\u00e4tt kan vara att \u00e4ndra reglerna f\u00f6r \u00f6verf\u00f6ringar av stora tillg\u00e5ngar. Men problemet med det \u00e4r att ansvaret f\u00f6r dessa ligger p\u00e5 regional niv\u00e5. D\u00e4r varierar satserna en hel del &#8211; mellan 6 procent i Madrid och 13 p\u00e5 Balearerna &#8211; och de autonoma samh\u00e4llena beh\u00f6ver inte till\u00e4mpa \u00e4ndringar regeringen vill g\u00f6ra.<\/span><\/p>\n<h2><span style=\"font-weight: 400;\">Kan utmanas i domstol<\/span><\/h2>\n<p><span style=\"font-weight: 400;\">Dessutom styr denna skatt endast n\u00e4r det g\u00e4ller f\u00f6rs\u00e4ljning av redan befintliga bost\u00e4der och skulle allts\u00e5 inte kunna uppn\u00e5 det regeringen vill n\u00e4r det g\u00e4ller nybyggen, enligt Mart\u00ednez Morando.<\/span><\/p>\n<p><span style=\"font-weight: 400;\">Regeringen skulle kunna \u00e4ndra momssatserna n\u00e4r det g\u00e4ller k\u00f6p av nybyggen men \u201cdet \u00e5terst\u00e5r att se om Pedro S\u00e1nchez verkligen kommer att f\u00f6rs\u00f6ka driva p\u00e5 f\u00f6r en s\u00e5 komplex lag\u00e4ndring, med tanke p\u00e5 de sv\u00e5righeter det skulle medf\u00f6ra. Faktum \u00e4r att det skulle kunna utmanas i spanska och europeiska domstolar\u201d, s\u00e4ger Bayteca, en Madridbaserad startup p\u00e5 bol\u00e5nemarknaden.\u00a0<\/span><\/p>\n<p><span style=\"font-weight: 400;\">Enligt Ibercaja tycks det ungef\u00e4r lika komplext att inf\u00f6ra den nya skatten som att l\u00f6sa problemet den f\u00f6rs\u00f6ker \u00e5tg\u00e4rda (de skenande bostadspriserna). \u201cDen tekniska och juridiska genomf\u00f6rbarheten av f\u00f6rslagen v\u00e4cker allvarliga tvivel,\u201d s\u00e4ger de. Dessutom tror inte experterna att denna skatt skulle p\u00e5verka bostadspriserna n\u00e4mnv\u00e4rt.\u00a0<\/span><\/p>\n<h3><span style=\"font-weight: 400;\">Liten effekt<\/span><\/h3>\n<p><span style=\"font-weight: 400;\">\u00c4ven om det st\u00e4mmer att utl\u00e4ndska medborgare som k\u00f6per bost\u00e4der bidrar starkt till att dra upp priserna p\u00e5 bostadsmarknaden s\u00e5 kommer en stor del av den efterfr\u00e5gan fr\u00e5n personer som redan bor i Spanien.\u00a0<\/span><\/p>\n<p><span style=\"font-weight: 400;\">Enligt bostadsministeriet stod utl\u00e4nningar f\u00f6r 18,4 procent av de totala bostadsk\u00f6pen 2023 och k\u00f6pte totalt 125 857 bost\u00e4der. Det betyder att antalet icke-spanjorer som k\u00f6pt bostad har \u00f6kat i n\u00e4stan dubbelt s\u00e5 h\u00f6g takt som spanjorerna sj\u00e4lva k\u00f6per j\u00e4mf\u00f6rt med 2019.\u00a0<\/span><\/p>\n<p><span style=\"font-weight: 400;\">Regeringens f\u00f6rslag g\u00e4ller allts\u00e5 endast de som k\u00f6per fr\u00e5n utanf\u00f6r EU. Enligt uppgift utgjorde dessa knappt 1,7 procent av alla tomma bost\u00e4der under de tre f\u00f6rsta kvartalet 2024. 2023 (det senaste \u00e5ret med fullst\u00e4ndiga siffror) \u00e4r samma siffra 2,7 procent.\u00a0<\/span><\/p>\n<h4><span style=\"font-weight: 400;\">Motsatt effekt<\/span><\/h4>\n<p><span style=\"font-weight: 400;\">De som skulle p\u00e5verkas mest om \u00e4ndringarna g\u00e5r igenom \u00e4r britterna. 2023 gjorde de knappt h\u00e4lften av alla bostadsk\u00f6p fr\u00e5n utanf\u00f6r EU och ungef\u00e4r samma siffror g\u00e4ller f\u00f6r de f\u00f6rsta 9 m\u00e5naderna f\u00f6rra \u00e5ret. D\u00e4refter f\u00f6ljer investerare fr\u00e5n USA, Ukraina, Schweiz och Ryssland.\u00a0<\/span><\/p>\n<p><span style=\"font-weight: 400;\">Experter p\u00e5 marknaden varnar nu f\u00f6r att flera r\u00e5dgivare uppmanar investerare att sl\u00e5 till nu, innan eller om, de nya reglerna tr\u00e4der i kraft. Och de p\u00e5minner om att man s\u00e5g en klar \u00f6kning av utl\u00e4ndska bostadsk\u00f6p strax innan regeringen h\u00e4vde \u201cgolden visas\u201d.<\/span><\/p>\n","protected":false},"excerpt":{"rendered":"<p>Regeringen vill beskatta de som kommer fr\u00e5n utanf\u00f6r EU och k\u00f6per bost\u00e4der med 100 procent.\u00a0Det finns dock stora fr\u00e5getecken kring hur detta ska g\u00e5 till i praktiken och experter menar att det endast skulle p\u00e5verka ett f\u00e5tal procent av marknaden.<\/p>\n","protected":false},"author":14,"featured_media":70684,"comment_status":"closed","ping_status":"closed","sticky":false,"template":"","format":"standard","meta":{"_et_pb_use_builder":"","_et_pb_old_content":"","_et_gb_content_width":"","footnotes":""},"categories":[351,3],"tags":[],"class_list":["post-77811","post","type-post","status-publish","format-standard","has-post-thumbnail","hentry","category-ekonomi-nyheter","category-nyheter"],"yoast_head":"<!-- This site is optimized with the Yoast SEO Premium plugin v26.2 (Yoast SEO v27.4) - https:\/\/yoast.com\/product\/yoast-seo-premium-wordpress\/ -->\n<title>Stora oklarheter kring ny bostadsskatt - Svenska Magasinet<\/title>\n<meta name=\"robots\" content=\"noindex, follow, max-snippet:-1, max-image-preview:large, max-video-preview:-1\" \/>\n<meta property=\"og:locale\" content=\"sv_SE\" \/>\n<meta property=\"og:type\" content=\"article\" \/>\n<meta property=\"og:title\" content=\"Stora oklarheter kring ny bostadsskatt\" \/>\n<meta property=\"og:description\" content=\"Regeringen vill beskatta de som kommer fr\u00e5n utanf\u00f6r EU och k\u00f6per bost\u00e4der med 100 procent.\u00a0Det finns dock stora fr\u00e5getecken kring hur detta ska g\u00e5 till i praktiken och experter menar att det endast skulle p\u00e5verka ett f\u00e5tal procent av marknaden.\" \/>\n<meta property=\"og:url\" content=\"https:\/\/lightweb.dev\/l\/svm-temp\/nyheter\/stora-oklarheter-kring-ny-bostadsskatt\/\" \/>\n<meta property=\"og:site_name\" content=\"Svenska Magasinet\" \/>\n<meta property=\"article:publisher\" content=\"https:\/\/www.facebook.com\/svenskamagasinet\" \/>\n<meta property=\"article:published_time\" content=\"2025-01-28T14:00:55+00:00\" \/>\n<meta property=\"og:image\" content=\"https:\/\/lightweb.dev\/l\/svm-temp\/wp-content\/uploads\/2024\/03\/unnamed-stor.jpeg\" \/>\n\t<meta property=\"og:image:width\" content=\"1280\" \/>\n\t<meta property=\"og:image:height\" content=\"853\" \/>\n\t<meta property=\"og:image:type\" content=\"image\/jpeg\" \/>\n<meta name=\"author\" content=\"Robbie Eriksson\" \/>\n<meta name=\"twitter:card\" content=\"summary_large_image\" \/>\n<meta name=\"twitter:creator\" content=\"@SvenskaMagasine\" \/>\n<meta name=\"twitter:site\" content=\"@SvenskaMagasine\" \/>\n<script type=\"application\/ld+json\" class=\"yoast-schema-graph\">{\"@context\":\"https:\\\/\\\/schema.org\",\"@graph\":[{\"@type\":\"Article\",\"@id\":\"https:\\\/\\\/lightweb.dev\\\/l\\\/svm-temp\\\/nyheter\\\/stora-oklarheter-kring-ny-bostadsskatt\\\/#article\",\"isPartOf\":{\"@id\":\"https:\\\/\\\/lightweb.dev\\\/l\\\/svm-temp\\\/nyheter\\\/stora-oklarheter-kring-ny-bostadsskatt\\\/\"},\"author\":{\"name\":\"Robbie Eriksson\",\"@id\":\"https:\\\/\\\/lightweb.dev\\\/l\\\/svm-temp\\\/#\\\/schema\\\/person\\\/caffe038990d25722f5a04a03c906a2b\"},\"headline\":\"Stora oklarheter kring ny bostadsskatt\",\"datePublished\":\"2025-01-28T14:00:55+00:00\",\"mainEntityOfPage\":{\"@id\":\"https:\\\/\\\/lightweb.dev\\\/l\\\/svm-temp\\\/nyheter\\\/stora-oklarheter-kring-ny-bostadsskatt\\\/\"},\"wordCount\":717,\"publisher\":{\"@id\":\"https:\\\/\\\/lightweb.dev\\\/l\\\/svm-temp\\\/#organization\"},\"image\":{\"@id\":\"https:\\\/\\\/lightweb.dev\\\/l\\\/svm-temp\\\/nyheter\\\/stora-oklarheter-kring-ny-bostadsskatt\\\/#primaryimage\"},\"thumbnailUrl\":\"https:\\\/\\\/lightweb.dev\\\/l\\\/svm-temp\\\/wp-content\\\/uploads\\\/2024\\\/03\\\/unnamed-stor.jpeg\",\"articleSection\":[\"Ekonomi\",\"Nyheter\"],\"inLanguage\":\"sv-SE\"},{\"@type\":\"WebPage\",\"@id\":\"https:\\\/\\\/lightweb.dev\\\/l\\\/svm-temp\\\/nyheter\\\/stora-oklarheter-kring-ny-bostadsskatt\\\/\",\"url\":\"https:\\\/\\\/lightweb.dev\\\/l\\\/svm-temp\\\/nyheter\\\/stora-oklarheter-kring-ny-bostadsskatt\\\/\",\"name\":\"Stora oklarheter kring ny bostadsskatt - Svenska Magasinet\",\"isPartOf\":{\"@id\":\"https:\\\/\\\/lightweb.dev\\\/l\\\/svm-temp\\\/#website\"},\"primaryImageOfPage\":{\"@id\":\"https:\\\/\\\/lightweb.dev\\\/l\\\/svm-temp\\\/nyheter\\\/stora-oklarheter-kring-ny-bostadsskatt\\\/#primaryimage\"},\"image\":{\"@id\":\"https:\\\/\\\/lightweb.dev\\\/l\\\/svm-temp\\\/nyheter\\\/stora-oklarheter-kring-ny-bostadsskatt\\\/#primaryimage\"},\"thumbnailUrl\":\"https:\\\/\\\/lightweb.dev\\\/l\\\/svm-temp\\\/wp-content\\\/uploads\\\/2024\\\/03\\\/unnamed-stor.jpeg\",\"datePublished\":\"2025-01-28T14:00:55+00:00\",\"breadcrumb\":{\"@id\":\"https:\\\/\\\/lightweb.dev\\\/l\\\/svm-temp\\\/nyheter\\\/stora-oklarheter-kring-ny-bostadsskatt\\\/#breadcrumb\"},\"inLanguage\":\"sv-SE\",\"potentialAction\":[{\"@type\":\"ReadAction\",\"target\":[\"https:\\\/\\\/lightweb.dev\\\/l\\\/svm-temp\\\/nyheter\\\/stora-oklarheter-kring-ny-bostadsskatt\\\/\"]}]},{\"@type\":\"ImageObject\",\"inLanguage\":\"sv-SE\",\"@id\":\"https:\\\/\\\/lightweb.dev\\\/l\\\/svm-temp\\\/nyheter\\\/stora-oklarheter-kring-ny-bostadsskatt\\\/#primaryimage\",\"url\":\"https:\\\/\\\/lightweb.dev\\\/l\\\/svm-temp\\\/wp-content\\\/uploads\\\/2024\\\/03\\\/unnamed-stor.jpeg\",\"contentUrl\":\"https:\\\/\\\/lightweb.dev\\\/l\\\/svm-temp\\\/wp-content\\\/uploads\\\/2024\\\/03\\\/unnamed-stor.jpeg\",\"width\":1280,\"height\":853},{\"@type\":\"BreadcrumbList\",\"@id\":\"https:\\\/\\\/lightweb.dev\\\/l\\\/svm-temp\\\/nyheter\\\/stora-oklarheter-kring-ny-bostadsskatt\\\/#breadcrumb\",\"itemListElement\":[{\"@type\":\"ListItem\",\"position\":1,\"name\":\"Hem\",\"item\":\"https:\\\/\\\/lightweb.dev\\\/l\\\/svm-temp\\\/\"},{\"@type\":\"ListItem\",\"position\":2,\"name\":\"Stora oklarheter kring ny bostadsskatt\"}]},{\"@type\":\"WebSite\",\"@id\":\"https:\\\/\\\/lightweb.dev\\\/l\\\/svm-temp\\\/#website\",\"url\":\"https:\\\/\\\/lightweb.dev\\\/l\\\/svm-temp\\\/\",\"name\":\"Svenska Magasinet\",\"description\":\"Dina Spanska nyheter p&aring; Svenska\",\"publisher\":{\"@id\":\"https:\\\/\\\/lightweb.dev\\\/l\\\/svm-temp\\\/#organization\"},\"potentialAction\":[{\"@type\":\"SearchAction\",\"target\":{\"@type\":\"EntryPoint\",\"urlTemplate\":\"https:\\\/\\\/lightweb.dev\\\/l\\\/svm-temp\\\/?s={search_term_string}\"},\"query-input\":{\"@type\":\"PropertyValueSpecification\",\"valueRequired\":true,\"valueName\":\"search_term_string\"}}],\"inLanguage\":\"sv-SE\"},{\"@type\":\"Organization\",\"@id\":\"https:\\\/\\\/lightweb.dev\\\/l\\\/svm-temp\\\/#organization\",\"name\":\"Melkerson y Nott SL\",\"alternateName\":\"Svenska Magasinet\",\"url\":\"https:\\\/\\\/lightweb.dev\\\/l\\\/svm-temp\\\/\",\"logo\":{\"@type\":\"ImageObject\",\"inLanguage\":\"sv-SE\",\"@id\":\"https:\\\/\\\/lightweb.dev\\\/l\\\/svm-temp\\\/#\\\/schema\\\/logo\\\/image\\\/\",\"url\":\"https:\\\/\\\/lightweb.dev\\\/l\\\/svm-temp\\\/wp-content\\\/uploads\\\/2025\\\/02\\\/SvM-logo-Xtra-Centrerad-SVART.png\",\"contentUrl\":\"https:\\\/\\\/lightweb.dev\\\/l\\\/svm-temp\\\/wp-content\\\/uploads\\\/2025\\\/02\\\/SvM-logo-Xtra-Centrerad-SVART.png\",\"width\":300,\"height\":99,\"caption\":\"Melkerson y Nott SL\"},\"image\":{\"@id\":\"https:\\\/\\\/lightweb.dev\\\/l\\\/svm-temp\\\/#\\\/schema\\\/logo\\\/image\\\/\"},\"sameAs\":[\"https:\\\/\\\/www.facebook.com\\\/svenskamagasinet\",\"https:\\\/\\\/x.com\\\/SvenskaMagasine\"]},{\"@type\":\"Person\",\"@id\":\"https:\\\/\\\/lightweb.dev\\\/l\\\/svm-temp\\\/#\\\/schema\\\/person\\\/caffe038990d25722f5a04a03c906a2b\",\"name\":\"Robbie Eriksson\",\"sameAs\":[\"https:\\\/\\\/lightweb.dev\\\/l\\\/svm-temp\"],\"url\":\"https:\\\/\\\/lightweb.dev\\\/l\\\/svm-temp\\\/reporter\\\/robbie-eriksson\\\/\"}]}<\/script>\n<!-- \/ Yoast SEO Premium plugin. -->","yoast_head_json":{"title":"Stora oklarheter kring ny bostadsskatt - Svenska Magasinet","robots":{"index":"noindex","follow":"follow","max-snippet":"max-snippet:-1","max-image-preview":"max-image-preview:large","max-video-preview":"max-video-preview:-1"},"og_locale":"sv_SE","og_type":"article","og_title":"Stora oklarheter kring ny bostadsskatt","og_description":"Regeringen vill beskatta de som kommer fr\u00e5n utanf\u00f6r EU och k\u00f6per bost\u00e4der med 100 procent.\u00a0Det finns dock stora fr\u00e5getecken kring hur detta ska g\u00e5 till i praktiken och experter menar att det endast skulle p\u00e5verka ett f\u00e5tal procent av marknaden.","og_url":"https:\/\/lightweb.dev\/l\/svm-temp\/nyheter\/stora-oklarheter-kring-ny-bostadsskatt\/","og_site_name":"Svenska Magasinet","article_publisher":"https:\/\/www.facebook.com\/svenskamagasinet","article_published_time":"2025-01-28T14:00:55+00:00","og_image":[{"width":1280,"height":853,"url":"https:\/\/lightweb.dev\/l\/svm-temp\/wp-content\/uploads\/2024\/03\/unnamed-stor.jpeg","type":"image\/jpeg"}],"author":"Robbie Eriksson","twitter_card":"summary_large_image","twitter_creator":"@SvenskaMagasine","twitter_site":"@SvenskaMagasine","schema":{"@context":"https:\/\/schema.org","@graph":[{"@type":"Article","@id":"https:\/\/lightweb.dev\/l\/svm-temp\/nyheter\/stora-oklarheter-kring-ny-bostadsskatt\/#article","isPartOf":{"@id":"https:\/\/lightweb.dev\/l\/svm-temp\/nyheter\/stora-oklarheter-kring-ny-bostadsskatt\/"},"author":{"name":"Robbie Eriksson","@id":"https:\/\/lightweb.dev\/l\/svm-temp\/#\/schema\/person\/caffe038990d25722f5a04a03c906a2b"},"headline":"Stora oklarheter kring ny bostadsskatt","datePublished":"2025-01-28T14:00:55+00:00","mainEntityOfPage":{"@id":"https:\/\/lightweb.dev\/l\/svm-temp\/nyheter\/stora-oklarheter-kring-ny-bostadsskatt\/"},"wordCount":717,"publisher":{"@id":"https:\/\/lightweb.dev\/l\/svm-temp\/#organization"},"image":{"@id":"https:\/\/lightweb.dev\/l\/svm-temp\/nyheter\/stora-oklarheter-kring-ny-bostadsskatt\/#primaryimage"},"thumbnailUrl":"https:\/\/lightweb.dev\/l\/svm-temp\/wp-content\/uploads\/2024\/03\/unnamed-stor.jpeg","articleSection":["Ekonomi","Nyheter"],"inLanguage":"sv-SE"},{"@type":"WebPage","@id":"https:\/\/lightweb.dev\/l\/svm-temp\/nyheter\/stora-oklarheter-kring-ny-bostadsskatt\/","url":"https:\/\/lightweb.dev\/l\/svm-temp\/nyheter\/stora-oklarheter-kring-ny-bostadsskatt\/","name":"Stora oklarheter kring ny bostadsskatt - Svenska Magasinet","isPartOf":{"@id":"https:\/\/lightweb.dev\/l\/svm-temp\/#website"},"primaryImageOfPage":{"@id":"https:\/\/lightweb.dev\/l\/svm-temp\/nyheter\/stora-oklarheter-kring-ny-bostadsskatt\/#primaryimage"},"image":{"@id":"https:\/\/lightweb.dev\/l\/svm-temp\/nyheter\/stora-oklarheter-kring-ny-bostadsskatt\/#primaryimage"},"thumbnailUrl":"https:\/\/lightweb.dev\/l\/svm-temp\/wp-content\/uploads\/2024\/03\/unnamed-stor.jpeg","datePublished":"2025-01-28T14:00:55+00:00","breadcrumb":{"@id":"https:\/\/lightweb.dev\/l\/svm-temp\/nyheter\/stora-oklarheter-kring-ny-bostadsskatt\/#breadcrumb"},"inLanguage":"sv-SE","potentialAction":[{"@type":"ReadAction","target":["https:\/\/lightweb.dev\/l\/svm-temp\/nyheter\/stora-oklarheter-kring-ny-bostadsskatt\/"]}]},{"@type":"ImageObject","inLanguage":"sv-SE","@id":"https:\/\/lightweb.dev\/l\/svm-temp\/nyheter\/stora-oklarheter-kring-ny-bostadsskatt\/#primaryimage","url":"https:\/\/lightweb.dev\/l\/svm-temp\/wp-content\/uploads\/2024\/03\/unnamed-stor.jpeg","contentUrl":"https:\/\/lightweb.dev\/l\/svm-temp\/wp-content\/uploads\/2024\/03\/unnamed-stor.jpeg","width":1280,"height":853},{"@type":"BreadcrumbList","@id":"https:\/\/lightweb.dev\/l\/svm-temp\/nyheter\/stora-oklarheter-kring-ny-bostadsskatt\/#breadcrumb","itemListElement":[{"@type":"ListItem","position":1,"name":"Hem","item":"https:\/\/lightweb.dev\/l\/svm-temp\/"},{"@type":"ListItem","position":2,"name":"Stora oklarheter kring ny bostadsskatt"}]},{"@type":"WebSite","@id":"https:\/\/lightweb.dev\/l\/svm-temp\/#website","url":"https:\/\/lightweb.dev\/l\/svm-temp\/","name":"Svenska Magasinet","description":"Dina Spanska nyheter p&aring; Svenska","publisher":{"@id":"https:\/\/lightweb.dev\/l\/svm-temp\/#organization"},"potentialAction":[{"@type":"SearchAction","target":{"@type":"EntryPoint","urlTemplate":"https:\/\/lightweb.dev\/l\/svm-temp\/?s={search_term_string}"},"query-input":{"@type":"PropertyValueSpecification","valueRequired":true,"valueName":"search_term_string"}}],"inLanguage":"sv-SE"},{"@type":"Organization","@id":"https:\/\/lightweb.dev\/l\/svm-temp\/#organization","name":"Melkerson y Nott SL","alternateName":"Svenska Magasinet","url":"https:\/\/lightweb.dev\/l\/svm-temp\/","logo":{"@type":"ImageObject","inLanguage":"sv-SE","@id":"https:\/\/lightweb.dev\/l\/svm-temp\/#\/schema\/logo\/image\/","url":"https:\/\/lightweb.dev\/l\/svm-temp\/wp-content\/uploads\/2025\/02\/SvM-logo-Xtra-Centrerad-SVART.png","contentUrl":"https:\/\/lightweb.dev\/l\/svm-temp\/wp-content\/uploads\/2025\/02\/SvM-logo-Xtra-Centrerad-SVART.png","width":300,"height":99,"caption":"Melkerson y Nott SL"},"image":{"@id":"https:\/\/lightweb.dev\/l\/svm-temp\/#\/schema\/logo\/image\/"},"sameAs":["https:\/\/www.facebook.com\/svenskamagasinet","https:\/\/x.com\/SvenskaMagasine"]},{"@type":"Person","@id":"https:\/\/lightweb.dev\/l\/svm-temp\/#\/schema\/person\/caffe038990d25722f5a04a03c906a2b","name":"Robbie Eriksson","sameAs":["https:\/\/lightweb.dev\/l\/svm-temp"],"url":"https:\/\/lightweb.dev\/l\/svm-temp\/reporter\/robbie-eriksson\/"}]}},"_links":{"self":[{"href":"https:\/\/lightweb.dev\/l\/svm-temp\/wp-json\/wp\/v2\/posts\/77811","targetHints":{"allow":["GET"]}}],"collection":[{"href":"https:\/\/lightweb.dev\/l\/svm-temp\/wp-json\/wp\/v2\/posts"}],"about":[{"href":"https:\/\/lightweb.dev\/l\/svm-temp\/wp-json\/wp\/v2\/types\/post"}],"author":[{"embeddable":true,"href":"https:\/\/lightweb.dev\/l\/svm-temp\/wp-json\/wp\/v2\/users\/14"}],"replies":[{"embeddable":true,"href":"https:\/\/lightweb.dev\/l\/svm-temp\/wp-json\/wp\/v2\/comments?post=77811"}],"version-history":[{"count":0,"href":"https:\/\/lightweb.dev\/l\/svm-temp\/wp-json\/wp\/v2\/posts\/77811\/revisions"}],"wp:featuredmedia":[{"embeddable":true,"href":"https:\/\/lightweb.dev\/l\/svm-temp\/wp-json\/wp\/v2\/media\/70684"}],"wp:attachment":[{"href":"https:\/\/lightweb.dev\/l\/svm-temp\/wp-json\/wp\/v2\/media?parent=77811"}],"wp:term":[{"taxonomy":"category","embeddable":true,"href":"https:\/\/lightweb.dev\/l\/svm-temp\/wp-json\/wp\/v2\/categories?post=77811"},{"taxonomy":"post_tag","embeddable":true,"href":"https:\/\/lightweb.dev\/l\/svm-temp\/wp-json\/wp\/v2\/tags?post=77811"}],"curies":[{"name":"wp","href":"https:\/\/api.w.org\/{rel}","templated":true}]}}