{"id":77817,"date":"2025-01-28T21:33:50","date_gmt":"2025-01-28T20:33:50","guid":{"rendered":"https:\/\/lightweb.dev\/l\/svm-temp\/?p=77817"},"modified":"2025-01-28T21:33:50","modified_gmt":"2025-01-28T20:33:50","slug":"nedre-delen-av-avenida-acapulco-i-fuengirola-byggs-om","status":"publish","type":"post","link":"https:\/\/lightweb.dev\/l\/svm-temp\/nyheter\/nedre-delen-av-avenida-acapulco-i-fuengirola-byggs-om\/","title":{"rendered":"Nedre delen av avenida Acapulco i Fuengirola byggs om"},"content":{"rendered":"<p><strong>Den nedre delen av avenida Acapulco i Fuengirola som passerar Svenska skolan byggs om. F\u00f6r att underl\u00e4tta trafikfl\u00f6det f\u00f6r inv\u00e5narna f\u00e5r den nedre delen av avenida Acapulco ett norrg\u00e5ende k\u00f6rf\u00e4lt mellan \u201dt\u00e5ggatan\u201d avenida Jes\u00fas Cautivo fram till calle Santa Rosa.<\/strong><\/p>\n<p>Den som nu kommer v\u00e4sterifr\u00e5n l\u00e4ngs paseo Jes\u00fas Santos Rein och vill k\u00f6ra in p\u00e5 avenida de Acapulco \u00e4r tvungen att forts\u00e4tta k\u00f6ra \u00f6sterut till n\u00e4sta trafikljus och d\u00e4r g\u00f6ra en u-sv\u00e4ng f\u00f6r att k\u00f6ra tillbaka eller in p\u00e5 calle San Pedro f\u00f6r att forts\u00e4tta och n\u00e5 avenida de Acapulco.<\/p>\n<p>Det nya k\u00f6rf\u00e4ltet kommer att avlasta trafiken l\u00e4ngs avenida Jes\u00fas Cautivo och g\u00f6ra det enklare f\u00f6r inv\u00e5narna att n\u00e5 calle Santa Rosa.<\/p>\n<p><img loading=\"lazy\" decoding=\"async\" class=\"alignnone wp-image-77816 size-full\" src=\"https:\/\/lightweb.dev\/l\/svm-temp\/wp-content\/uploads\/2025\/01\/svm20250128203140.webp\" alt=\"\" width=\"900\" height=\"400\" srcset=\"https:\/\/lightweb.dev\/l\/svm-temp\/wp-content\/uploads\/2025\/01\/svm20250128203140.webp 900w, https:\/\/lightweb.dev\/l\/svm-temp\/wp-content\/uploads\/2025\/01\/svm20250128203140-300x133.webp 300w, https:\/\/lightweb.dev\/l\/svm-temp\/wp-content\/uploads\/2025\/01\/svm20250128203140-768x341.webp 768w, https:\/\/lightweb.dev\/l\/svm-temp\/wp-content\/uploads\/2025\/01\/svm20250128203140-610x271.webp 610w, https:\/\/lightweb.dev\/l\/svm-temp\/wp-content\/uploads\/2025\/01\/svm20250128203140-600x267.webp 600w\" sizes=\"(max-width: 900px) 100vw, 900px\" \/><\/p>\n<p>&#8211; Vi vill lyssna p\u00e5 inv\u00e5narna och f\u00f6rs\u00f6ka hitta l\u00f6sningar. Vi har haft m\u00f6ten med inv\u00e5nare i omr\u00e5det och funnet en teknisk l\u00f6sning som \u00e4r m\u00f6jlig, s\u00e4ger borgm\u00e4staren Ana Mula som tillsammans med vice borgm\u00e4staren i stadsdelen Los Boliches, Rosa Ana Bravo, och kommunalr\u00e5det inom infrastruktur, Jos\u00e9 S\u00e1nchez, n\u00e4r de bes\u00f6ker platsen som ska byggas om.<\/p>\n<p>Arbetena som utf\u00f6rs av Probisa V\u00edas y Obras inleddes den 21 januari och ska vara klara p\u00e5 21 dagar. Budgeten \u00e4r 39.773,21 euro.<\/p>\n","protected":false},"excerpt":{"rendered":"<p>Den nedre delen av avenida Acapulco i Fuengirola som passerar Svenska skolan byggs om. F\u00f6r att underl\u00e4tta trafikfl\u00f6det f\u00f6r inv\u00e5narna f\u00e5r den nedre delen av avenida Acapulco ett norrg\u00e5ende k\u00f6rf\u00e4lt&#8230;<\/p>\n","protected":false},"author":7,"featured_media":77815,"comment_status":"closed","ping_status":"closed","sticky":false,"template":"","format":"standard","meta":{"_et_pb_use_builder":"","_et_pb_old_content":"","_et_gb_content_width":"","footnotes":""},"categories":[284,3],"tags":[],"class_list":["post-77817","post","type-post","status-publish","format-standard","has-post-thumbnail","hentry","category-inrikes","category-nyheter"],"yoast_head":"<!-- This site is optimized with the Yoast SEO Premium plugin v26.2 (Yoast SEO v27.4) - https:\/\/yoast.com\/product\/yoast-seo-premium-wordpress\/ -->\n<title>Nedre delen av avenida Acapulco i Fuengirola byggs om - Svenska Magasinet<\/title>\n<meta name=\"description\" content=\"Den nedre delen av avenida Acapulco i Fuengirola som passerar Svenska skolan byggs om. F\u00f6r att underl\u00e4tta trafikfl\u00f6det f\u00f6r inv\u00e5narna f\u00e5r den nedre delen av avenida Acapulco ett norrg\u00e5ende k\u00f6rf\u00e4lt mellan \u201dt\u00e5ggatan\u201d avenida Jes\u00fas Cautivo fram till calle Santa Rosa.\" \/>\n<meta name=\"robots\" content=\"noindex, follow, max-snippet:-1, max-image-preview:large, max-video-preview:-1\" \/>\n<meta property=\"og:locale\" content=\"sv_SE\" \/>\n<meta property=\"og:type\" content=\"article\" \/>\n<meta property=\"og:title\" content=\"Nedre delen av avenida Acapulco i Fuengirola byggs om\" \/>\n<meta property=\"og:description\" content=\"Den nedre delen av avenida Acapulco i Fuengirola som passerar Svenska skolan byggs om. F\u00f6r att underl\u00e4tta trafikfl\u00f6det f\u00f6r inv\u00e5narna f\u00e5r den nedre delen av avenida Acapulco ett norrg\u00e5ende k\u00f6rf\u00e4lt mellan \u201dt\u00e5ggatan\u201d avenida Jes\u00fas Cautivo fram till calle Santa Rosa.\" \/>\n<meta property=\"og:url\" content=\"https:\/\/lightweb.dev\/l\/svm-temp\/nyheter\/lokalt\/nedre-delen-av-avenida-acapulco-i-fuengirola-byggs-om\/\" \/>\n<meta property=\"og:site_name\" content=\"Svenska Magasinet\" \/>\n<meta property=\"article:publisher\" content=\"https:\/\/www.facebook.com\/svenskamagasinet\" \/>\n<meta property=\"article:published_time\" content=\"2025-01-28T20:33:50+00:00\" \/>\n<meta property=\"og:image\" content=\"https:\/\/lightweb.dev\/l\/svm-temp\/wp-content\/uploads\/2025\/01\/svm20250128203118.webp\" \/>\n\t<meta property=\"og:image:width\" content=\"900\" \/>\n\t<meta property=\"og:image:height\" content=\"400\" \/>\n\t<meta property=\"og:image:type\" content=\"image\/webp\" \/>\n<meta name=\"author\" content=\"Ola Josefsson\" \/>\n<meta name=\"twitter:card\" content=\"summary_large_image\" \/>\n<meta name=\"twitter:creator\" content=\"@SvenskaMagasine\" \/>\n<meta name=\"twitter:site\" content=\"@SvenskaMagasine\" \/>\n<script type=\"application\/ld+json\" class=\"yoast-schema-graph\">{\"@context\":\"https:\\\/\\\/schema.org\",\"@graph\":[{\"@type\":\"Article\",\"@id\":\"https:\\\/\\\/lightweb.dev\\\/l\\\/svm-temp\\\/nyheter\\\/lokalt\\\/nedre-delen-av-avenida-acapulco-i-fuengirola-byggs-om\\\/#article\",\"isPartOf\":{\"@id\":\"https:\\\/\\\/lightweb.dev\\\/l\\\/svm-temp\\\/nyheter\\\/lokalt\\\/nedre-delen-av-avenida-acapulco-i-fuengirola-byggs-om\\\/\"},\"author\":{\"name\":\"Ola Josefsson\",\"@id\":\"https:\\\/\\\/lightweb.dev\\\/l\\\/svm-temp\\\/#\\\/schema\\\/person\\\/7a82b8a73d171d32360a564b6d03508e\"},\"headline\":\"Nedre delen av avenida Acapulco i Fuengirola byggs om\",\"datePublished\":\"2025-01-28T20:33:50+00:00\",\"mainEntityOfPage\":{\"@id\":\"https:\\\/\\\/lightweb.dev\\\/l\\\/svm-temp\\\/nyheter\\\/lokalt\\\/nedre-delen-av-avenida-acapulco-i-fuengirola-byggs-om\\\/\"},\"wordCount\":248,\"publisher\":{\"@id\":\"https:\\\/\\\/lightweb.dev\\\/l\\\/svm-temp\\\/#organization\"},\"image\":{\"@id\":\"https:\\\/\\\/lightweb.dev\\\/l\\\/svm-temp\\\/nyheter\\\/lokalt\\\/nedre-delen-av-avenida-acapulco-i-fuengirola-byggs-om\\\/#primaryimage\"},\"thumbnailUrl\":\"https:\\\/\\\/lightweb.dev\\\/l\\\/svm-temp\\\/wp-content\\\/uploads\\\/2025\\\/01\\\/svm20250128203118.webp\",\"articleSection\":[\"Inrikes\",\"Nyheter\"],\"inLanguage\":\"sv-SE\"},{\"@type\":\"WebPage\",\"@id\":\"https:\\\/\\\/lightweb.dev\\\/l\\\/svm-temp\\\/nyheter\\\/lokalt\\\/nedre-delen-av-avenida-acapulco-i-fuengirola-byggs-om\\\/\",\"url\":\"https:\\\/\\\/lightweb.dev\\\/l\\\/svm-temp\\\/nyheter\\\/lokalt\\\/nedre-delen-av-avenida-acapulco-i-fuengirola-byggs-om\\\/\",\"name\":\"Nedre delen av avenida Acapulco i Fuengirola byggs om - Svenska Magasinet\",\"isPartOf\":{\"@id\":\"https:\\\/\\\/lightweb.dev\\\/l\\\/svm-temp\\\/#website\"},\"primaryImageOfPage\":{\"@id\":\"https:\\\/\\\/lightweb.dev\\\/l\\\/svm-temp\\\/nyheter\\\/lokalt\\\/nedre-delen-av-avenida-acapulco-i-fuengirola-byggs-om\\\/#primaryimage\"},\"image\":{\"@id\":\"https:\\\/\\\/lightweb.dev\\\/l\\\/svm-temp\\\/nyheter\\\/lokalt\\\/nedre-delen-av-avenida-acapulco-i-fuengirola-byggs-om\\\/#primaryimage\"},\"thumbnailUrl\":\"https:\\\/\\\/lightweb.dev\\\/l\\\/svm-temp\\\/wp-content\\\/uploads\\\/2025\\\/01\\\/svm20250128203118.webp\",\"datePublished\":\"2025-01-28T20:33:50+00:00\",\"description\":\"Den nedre delen av avenida Acapulco i Fuengirola som passerar Svenska skolan byggs om. F\u00f6r att underl\u00e4tta trafikfl\u00f6det f\u00f6r inv\u00e5narna f\u00e5r den nedre delen av avenida Acapulco ett norrg\u00e5ende k\u00f6rf\u00e4lt mellan \u201dt\u00e5ggatan\u201d avenida Jes\u00fas Cautivo fram till calle Santa Rosa.\",\"breadcrumb\":{\"@id\":\"https:\\\/\\\/lightweb.dev\\\/l\\\/svm-temp\\\/nyheter\\\/lokalt\\\/nedre-delen-av-avenida-acapulco-i-fuengirola-byggs-om\\\/#breadcrumb\"},\"inLanguage\":\"sv-SE\",\"potentialAction\":[{\"@type\":\"ReadAction\",\"target\":[\"https:\\\/\\\/lightweb.dev\\\/l\\\/svm-temp\\\/nyheter\\\/lokalt\\\/nedre-delen-av-avenida-acapulco-i-fuengirola-byggs-om\\\/\"]}]},{\"@type\":\"ImageObject\",\"inLanguage\":\"sv-SE\",\"@id\":\"https:\\\/\\\/lightweb.dev\\\/l\\\/svm-temp\\\/nyheter\\\/lokalt\\\/nedre-delen-av-avenida-acapulco-i-fuengirola-byggs-om\\\/#primaryimage\",\"url\":\"https:\\\/\\\/lightweb.dev\\\/l\\\/svm-temp\\\/wp-content\\\/uploads\\\/2025\\\/01\\\/svm20250128203118.webp\",\"contentUrl\":\"https:\\\/\\\/lightweb.dev\\\/l\\\/svm-temp\\\/wp-content\\\/uploads\\\/2025\\\/01\\\/svm20250128203118.webp\",\"width\":900,\"height\":400,\"caption\":\"(Foto: Fuengirola kommun)\"},{\"@type\":\"BreadcrumbList\",\"@id\":\"https:\\\/\\\/lightweb.dev\\\/l\\\/svm-temp\\\/nyheter\\\/lokalt\\\/nedre-delen-av-avenida-acapulco-i-fuengirola-byggs-om\\\/#breadcrumb\",\"itemListElement\":[{\"@type\":\"ListItem\",\"position\":1,\"name\":\"Hem\",\"item\":\"https:\\\/\\\/lightweb.dev\\\/l\\\/svm-temp\\\/\"},{\"@type\":\"ListItem\",\"position\":2,\"name\":\"Nedre delen av avenida Acapulco i Fuengirola byggs om\"}]},{\"@type\":\"WebSite\",\"@id\":\"https:\\\/\\\/lightweb.dev\\\/l\\\/svm-temp\\\/#website\",\"url\":\"https:\\\/\\\/lightweb.dev\\\/l\\\/svm-temp\\\/\",\"name\":\"Svenska Magasinet\",\"description\":\"Dina Spanska nyheter p&aring; Svenska\",\"publisher\":{\"@id\":\"https:\\\/\\\/lightweb.dev\\\/l\\\/svm-temp\\\/#organization\"},\"potentialAction\":[{\"@type\":\"SearchAction\",\"target\":{\"@type\":\"EntryPoint\",\"urlTemplate\":\"https:\\\/\\\/lightweb.dev\\\/l\\\/svm-temp\\\/?s={search_term_string}\"},\"query-input\":{\"@type\":\"PropertyValueSpecification\",\"valueRequired\":true,\"valueName\":\"search_term_string\"}}],\"inLanguage\":\"sv-SE\"},{\"@type\":\"Organization\",\"@id\":\"https:\\\/\\\/lightweb.dev\\\/l\\\/svm-temp\\\/#organization\",\"name\":\"Melkerson y Nott SL\",\"alternateName\":\"Svenska Magasinet\",\"url\":\"https:\\\/\\\/lightweb.dev\\\/l\\\/svm-temp\\\/\",\"logo\":{\"@type\":\"ImageObject\",\"inLanguage\":\"sv-SE\",\"@id\":\"https:\\\/\\\/lightweb.dev\\\/l\\\/svm-temp\\\/#\\\/schema\\\/logo\\\/image\\\/\",\"url\":\"https:\\\/\\\/lightweb.dev\\\/l\\\/svm-temp\\\/wp-content\\\/uploads\\\/2025\\\/02\\\/SvM-logo-Xtra-Centrerad-SVART.png\",\"contentUrl\":\"https:\\\/\\\/lightweb.dev\\\/l\\\/svm-temp\\\/wp-content\\\/uploads\\\/2025\\\/02\\\/SvM-logo-Xtra-Centrerad-SVART.png\",\"width\":300,\"height\":99,\"caption\":\"Melkerson y Nott SL\"},\"image\":{\"@id\":\"https:\\\/\\\/lightweb.dev\\\/l\\\/svm-temp\\\/#\\\/schema\\\/logo\\\/image\\\/\"},\"sameAs\":[\"https:\\\/\\\/www.facebook.com\\\/svenskamagasinet\",\"https:\\\/\\\/x.com\\\/SvenskaMagasine\"]},{\"@type\":\"Person\",\"@id\":\"https:\\\/\\\/lightweb.dev\\\/l\\\/svm-temp\\\/#\\\/schema\\\/person\\\/7a82b8a73d171d32360a564b6d03508e\",\"name\":\"Ola Josefsson\",\"description\":\"Bevakar Solkusten och Spanien sedan 1994.\",\"sameAs\":[\"https:\\\/\\\/lightweb.dev\\\/l\\\/svm-temp\"],\"url\":\"https:\\\/\\\/lightweb.dev\\\/l\\\/svm-temp\\\/reporter\\\/ola-josefsson\\\/\"}]}<\/script>\n<!-- \/ Yoast SEO Premium plugin. -->","yoast_head_json":{"title":"Nedre delen av avenida Acapulco i Fuengirola byggs om - Svenska Magasinet","description":"Den nedre delen av avenida Acapulco i Fuengirola som passerar Svenska skolan byggs om. F\u00f6r att underl\u00e4tta trafikfl\u00f6det f\u00f6r inv\u00e5narna f\u00e5r den nedre delen av avenida Acapulco ett norrg\u00e5ende k\u00f6rf\u00e4lt mellan \u201dt\u00e5ggatan\u201d avenida Jes\u00fas Cautivo fram till calle Santa Rosa.","robots":{"index":"noindex","follow":"follow","max-snippet":"max-snippet:-1","max-image-preview":"max-image-preview:large","max-video-preview":"max-video-preview:-1"},"og_locale":"sv_SE","og_type":"article","og_title":"Nedre delen av avenida Acapulco i Fuengirola byggs om","og_description":"Den nedre delen av avenida Acapulco i Fuengirola som passerar Svenska skolan byggs om. F\u00f6r att underl\u00e4tta trafikfl\u00f6det f\u00f6r inv\u00e5narna f\u00e5r den nedre delen av avenida Acapulco ett norrg\u00e5ende k\u00f6rf\u00e4lt mellan \u201dt\u00e5ggatan\u201d avenida Jes\u00fas Cautivo fram till calle Santa Rosa.","og_url":"https:\/\/lightweb.dev\/l\/svm-temp\/nyheter\/lokalt\/nedre-delen-av-avenida-acapulco-i-fuengirola-byggs-om\/","og_site_name":"Svenska Magasinet","article_publisher":"https:\/\/www.facebook.com\/svenskamagasinet","article_published_time":"2025-01-28T20:33:50+00:00","og_image":[{"width":900,"height":400,"url":"https:\/\/lightweb.dev\/l\/svm-temp\/wp-content\/uploads\/2025\/01\/svm20250128203118.webp","type":"image\/webp"}],"author":"Ola Josefsson","twitter_card":"summary_large_image","twitter_creator":"@SvenskaMagasine","twitter_site":"@SvenskaMagasine","schema":{"@context":"https:\/\/schema.org","@graph":[{"@type":"Article","@id":"https:\/\/lightweb.dev\/l\/svm-temp\/nyheter\/lokalt\/nedre-delen-av-avenida-acapulco-i-fuengirola-byggs-om\/#article","isPartOf":{"@id":"https:\/\/lightweb.dev\/l\/svm-temp\/nyheter\/lokalt\/nedre-delen-av-avenida-acapulco-i-fuengirola-byggs-om\/"},"author":{"name":"Ola Josefsson","@id":"https:\/\/lightweb.dev\/l\/svm-temp\/#\/schema\/person\/7a82b8a73d171d32360a564b6d03508e"},"headline":"Nedre delen av avenida Acapulco i Fuengirola byggs om","datePublished":"2025-01-28T20:33:50+00:00","mainEntityOfPage":{"@id":"https:\/\/lightweb.dev\/l\/svm-temp\/nyheter\/lokalt\/nedre-delen-av-avenida-acapulco-i-fuengirola-byggs-om\/"},"wordCount":248,"publisher":{"@id":"https:\/\/lightweb.dev\/l\/svm-temp\/#organization"},"image":{"@id":"https:\/\/lightweb.dev\/l\/svm-temp\/nyheter\/lokalt\/nedre-delen-av-avenida-acapulco-i-fuengirola-byggs-om\/#primaryimage"},"thumbnailUrl":"https:\/\/lightweb.dev\/l\/svm-temp\/wp-content\/uploads\/2025\/01\/svm20250128203118.webp","articleSection":["Inrikes","Nyheter"],"inLanguage":"sv-SE"},{"@type":"WebPage","@id":"https:\/\/lightweb.dev\/l\/svm-temp\/nyheter\/lokalt\/nedre-delen-av-avenida-acapulco-i-fuengirola-byggs-om\/","url":"https:\/\/lightweb.dev\/l\/svm-temp\/nyheter\/lokalt\/nedre-delen-av-avenida-acapulco-i-fuengirola-byggs-om\/","name":"Nedre delen av avenida Acapulco i Fuengirola byggs om - Svenska Magasinet","isPartOf":{"@id":"https:\/\/lightweb.dev\/l\/svm-temp\/#website"},"primaryImageOfPage":{"@id":"https:\/\/lightweb.dev\/l\/svm-temp\/nyheter\/lokalt\/nedre-delen-av-avenida-acapulco-i-fuengirola-byggs-om\/#primaryimage"},"image":{"@id":"https:\/\/lightweb.dev\/l\/svm-temp\/nyheter\/lokalt\/nedre-delen-av-avenida-acapulco-i-fuengirola-byggs-om\/#primaryimage"},"thumbnailUrl":"https:\/\/lightweb.dev\/l\/svm-temp\/wp-content\/uploads\/2025\/01\/svm20250128203118.webp","datePublished":"2025-01-28T20:33:50+00:00","description":"Den nedre delen av avenida Acapulco i Fuengirola som passerar Svenska skolan byggs om. F\u00f6r att underl\u00e4tta trafikfl\u00f6det f\u00f6r inv\u00e5narna f\u00e5r den nedre delen av avenida Acapulco ett norrg\u00e5ende k\u00f6rf\u00e4lt mellan \u201dt\u00e5ggatan\u201d avenida Jes\u00fas Cautivo fram till calle Santa Rosa.","breadcrumb":{"@id":"https:\/\/lightweb.dev\/l\/svm-temp\/nyheter\/lokalt\/nedre-delen-av-avenida-acapulco-i-fuengirola-byggs-om\/#breadcrumb"},"inLanguage":"sv-SE","potentialAction":[{"@type":"ReadAction","target":["https:\/\/lightweb.dev\/l\/svm-temp\/nyheter\/lokalt\/nedre-delen-av-avenida-acapulco-i-fuengirola-byggs-om\/"]}]},{"@type":"ImageObject","inLanguage":"sv-SE","@id":"https:\/\/lightweb.dev\/l\/svm-temp\/nyheter\/lokalt\/nedre-delen-av-avenida-acapulco-i-fuengirola-byggs-om\/#primaryimage","url":"https:\/\/lightweb.dev\/l\/svm-temp\/wp-content\/uploads\/2025\/01\/svm20250128203118.webp","contentUrl":"https:\/\/lightweb.dev\/l\/svm-temp\/wp-content\/uploads\/2025\/01\/svm20250128203118.webp","width":900,"height":400,"caption":"(Foto: Fuengirola kommun)"},{"@type":"BreadcrumbList","@id":"https:\/\/lightweb.dev\/l\/svm-temp\/nyheter\/lokalt\/nedre-delen-av-avenida-acapulco-i-fuengirola-byggs-om\/#breadcrumb","itemListElement":[{"@type":"ListItem","position":1,"name":"Hem","item":"https:\/\/lightweb.dev\/l\/svm-temp\/"},{"@type":"ListItem","position":2,"name":"Nedre delen av avenida Acapulco i Fuengirola byggs om"}]},{"@type":"WebSite","@id":"https:\/\/lightweb.dev\/l\/svm-temp\/#website","url":"https:\/\/lightweb.dev\/l\/svm-temp\/","name":"Svenska Magasinet","description":"Dina Spanska nyheter p&aring; Svenska","publisher":{"@id":"https:\/\/lightweb.dev\/l\/svm-temp\/#organization"},"potentialAction":[{"@type":"SearchAction","target":{"@type":"EntryPoint","urlTemplate":"https:\/\/lightweb.dev\/l\/svm-temp\/?s={search_term_string}"},"query-input":{"@type":"PropertyValueSpecification","valueRequired":true,"valueName":"search_term_string"}}],"inLanguage":"sv-SE"},{"@type":"Organization","@id":"https:\/\/lightweb.dev\/l\/svm-temp\/#organization","name":"Melkerson y Nott SL","alternateName":"Svenska Magasinet","url":"https:\/\/lightweb.dev\/l\/svm-temp\/","logo":{"@type":"ImageObject","inLanguage":"sv-SE","@id":"https:\/\/lightweb.dev\/l\/svm-temp\/#\/schema\/logo\/image\/","url":"https:\/\/lightweb.dev\/l\/svm-temp\/wp-content\/uploads\/2025\/02\/SvM-logo-Xtra-Centrerad-SVART.png","contentUrl":"https:\/\/lightweb.dev\/l\/svm-temp\/wp-content\/uploads\/2025\/02\/SvM-logo-Xtra-Centrerad-SVART.png","width":300,"height":99,"caption":"Melkerson y Nott SL"},"image":{"@id":"https:\/\/lightweb.dev\/l\/svm-temp\/#\/schema\/logo\/image\/"},"sameAs":["https:\/\/www.facebook.com\/svenskamagasinet","https:\/\/x.com\/SvenskaMagasine"]},{"@type":"Person","@id":"https:\/\/lightweb.dev\/l\/svm-temp\/#\/schema\/person\/7a82b8a73d171d32360a564b6d03508e","name":"Ola Josefsson","description":"Bevakar Solkusten och Spanien sedan 1994.","sameAs":["https:\/\/lightweb.dev\/l\/svm-temp"],"url":"https:\/\/lightweb.dev\/l\/svm-temp\/reporter\/ola-josefsson\/"}]}},"_links":{"self":[{"href":"https:\/\/lightweb.dev\/l\/svm-temp\/wp-json\/wp\/v2\/posts\/77817","targetHints":{"allow":["GET"]}}],"collection":[{"href":"https:\/\/lightweb.dev\/l\/svm-temp\/wp-json\/wp\/v2\/posts"}],"about":[{"href":"https:\/\/lightweb.dev\/l\/svm-temp\/wp-json\/wp\/v2\/types\/post"}],"author":[{"embeddable":true,"href":"https:\/\/lightweb.dev\/l\/svm-temp\/wp-json\/wp\/v2\/users\/7"}],"replies":[{"embeddable":true,"href":"https:\/\/lightweb.dev\/l\/svm-temp\/wp-json\/wp\/v2\/comments?post=77817"}],"version-history":[{"count":0,"href":"https:\/\/lightweb.dev\/l\/svm-temp\/wp-json\/wp\/v2\/posts\/77817\/revisions"}],"wp:featuredmedia":[{"embeddable":true,"href":"https:\/\/lightweb.dev\/l\/svm-temp\/wp-json\/wp\/v2\/media\/77815"}],"wp:attachment":[{"href":"https:\/\/lightweb.dev\/l\/svm-temp\/wp-json\/wp\/v2\/media?parent=77817"}],"wp:term":[{"taxonomy":"category","embeddable":true,"href":"https:\/\/lightweb.dev\/l\/svm-temp\/wp-json\/wp\/v2\/categories?post=77817"},{"taxonomy":"post_tag","embeddable":true,"href":"https:\/\/lightweb.dev\/l\/svm-temp\/wp-json\/wp\/v2\/tags?post=77817"}],"curies":[{"name":"wp","href":"https:\/\/api.w.org\/{rel}","templated":true}]}}