{"id":77820,"date":"2025-01-29T09:57:17","date_gmt":"2025-01-29T08:57:17","guid":{"rendered":"https:\/\/lightweb.dev\/l\/svm-temp\/?p=77820"},"modified":"2025-01-29T09:59:18","modified_gmt":"2025-01-29T08:59:18","slug":"almunecar-lanserar-projekt-for-att-locka-investerare","status":"publish","type":"post","link":"https:\/\/lightweb.dev\/l\/svm-temp\/nyheter\/almunecar-lanserar-projekt-for-att-locka-investerare\/","title":{"rendered":"Almu\u00f1\u00e9car lanserar projekt f\u00f6r att locka investerare"},"content":{"rendered":"<p><strong>Intresset f\u00f6r Costa Tropical och Almu\u00f1\u00e9car v\u00e4xer vilket g\u00f6r att kommunen lanserar projektet Unidad Aceleradora de Proyectos f\u00f6r att locka investerare.<\/strong><\/p>\n<p><strong>Mindre byr\u00e5krati och snabbare beslut ska locka kapital utifr\u00e5n.<\/strong><\/p>\n<p>UAP (Unidad Aceleradora de Proyectos) beskrivs av Almu\u00f1\u00e9car kommunfullm\u00e4ktige som banbrytande och \u00e4r utformat f\u00f6r att lokalisera, prioritera och p\u00e5skynda strategiska projekt som genererar ekonomisk tillv\u00e4xt, arbetstillf\u00e4llen och h\u00e5llbar omvandling av staden.<\/p>\n<p>Byr\u00e5kratiska hinder ska monteras ner och administrationen trimmas f\u00f6r att g\u00f6ra det enklare f\u00f6r investerare.<\/p>\n<h2 class=\"entry-title\">L\u00e4s mer: <a href=\"https:\/\/lightweb.dev\/l\/svm-temp\/artiklar\/reportage\/almunecar-och-de-sista-ljuva-aren\/\">Almu\u00f1\u00e9car \u2013 och de sista ljuva \u00e5ren<\/a><\/h2>\n<p>F\u00f6r Almu\u00f1\u00e9car som har strax under 30.000 inv\u00e5nare \u00e4r det av ytterst viktigt att dra till sig investerare. Nya projekt skapar arbetstillf\u00e4llen.<\/p>\n<p>Det handlar om projekt som m\u00e5ste uppfylla specifika krav som att skapa minst fem fasta arbetstillf\u00e4llen.<\/p>\n<p>Investeringarna ska vara p\u00e5 minst 500.000 euro och bidra till den digitala eller ekologiska omst\u00e4llningen. Projekten i Almu\u00f1\u00e9car-La Herradura ska \u00e4ven bevara kulturarvet, skriver <a href=\"https:\/\/diariosexitano.com\/2025\/01\/27\/almunecar-pone-en-marcha-la-unidad-aceleradora-de-proyectos-uap-un-impulso-clave-para-la-atraccion-de-inversiones-estrategicas\/\">Diario Sexitano.<\/a><\/p>\n<p>Borgm\u00e4staren Juan Jos\u00e9 Ruiz Joya s\u00e4ger att UAP g\u00f6r kommunen till en strategisk partner f\u00f6r investerare.<\/p>\n<p>&#8211; Vi vill vara ett gott exempel p\u00e5 att erbjuda snabb administration och effektivitet och dra till oss investerare som genererar kvalitetssyssels\u00e4ttning och bidrar till h\u00e5llbar utveckling.<\/p>\n<p>Kommunalr\u00e5det f\u00f6r stadsplanering, Javier Garc\u00eda, s\u00e4ger att kommunen vill st\u00e4rka den lokala ekonomin, attrahera privat kapital och placera Almu\u00f1\u00e9car-La Herradura som ett riktm\u00e4rke f\u00f6r innovation i Andalusien.<\/p>\n","protected":false},"excerpt":{"rendered":"<p>Intresset f\u00f6r Costa Tropical och Almu\u00f1\u00e9car v\u00e4xer vilket g\u00f6r att kommunen lanserar projektet Unidad Aceleradora de Proyectos f\u00f6r att locka investerare. Mindre byr\u00e5krati och snabbare beslut ska locka kapital utifr\u00e5n&#8230;<\/p>\n","protected":false},"author":7,"featured_media":77819,"comment_status":"closed","ping_status":"closed","sticky":false,"template":"","format":"standard","meta":{"_et_pb_use_builder":"","_et_pb_old_content":"","_et_gb_content_width":"","footnotes":""},"categories":[284,3],"tags":[],"class_list":["post-77820","post","type-post","status-publish","format-standard","has-post-thumbnail","hentry","category-inrikes","category-nyheter"],"yoast_head":"<!-- This site is optimized with the Yoast SEO Premium plugin v26.2 (Yoast SEO v27.4) - https:\/\/yoast.com\/product\/yoast-seo-premium-wordpress\/ -->\n<title>Almu\u00f1\u00e9car lanserar projekt f\u00f6r att locka investerare - Svenska Magasinet<\/title>\n<meta name=\"description\" content=\"Intresset f\u00f6r Costa Tropical och Almu\u00f1\u00e9car v\u00e4xer vilket g\u00f6r att kommunen lanserar projektet Unidad Aceleradora de Proyectos f\u00f6r att locka investerare. Mindre byr\u00e5krati och snabbare beslut ska locka kapital utifr\u00e5n.\" \/>\n<meta name=\"robots\" content=\"noindex, follow, max-snippet:-1, max-image-preview:large, max-video-preview:-1\" \/>\n<meta property=\"og:locale\" content=\"sv_SE\" \/>\n<meta property=\"og:type\" content=\"article\" \/>\n<meta property=\"og:title\" content=\"Almu\u00f1\u00e9car lanserar projekt f\u00f6r att locka investerare\" \/>\n<meta property=\"og:description\" content=\"Intresset f\u00f6r Costa Tropical och Almu\u00f1\u00e9car v\u00e4xer vilket g\u00f6r att kommunen lanserar projektet Unidad Aceleradora de Proyectos f\u00f6r att locka investerare. Mindre byr\u00e5krati och snabbare beslut ska locka kapital utifr\u00e5n.\" \/>\n<meta property=\"og:url\" content=\"https:\/\/lightweb.dev\/l\/svm-temp\/nyheter\/lokalt\/almunecar-lanserar-projekt-for-att-locka-investerare\/\" \/>\n<meta property=\"og:site_name\" content=\"Svenska Magasinet\" \/>\n<meta property=\"article:publisher\" content=\"https:\/\/www.facebook.com\/svenskamagasinet\" \/>\n<meta property=\"article:published_time\" content=\"2025-01-29T08:57:17+00:00\" \/>\n<meta property=\"article:modified_time\" content=\"2025-01-29T08:59:18+00:00\" \/>\n<meta property=\"og:image\" content=\"https:\/\/lightweb.dev\/l\/svm-temp\/wp-content\/uploads\/2025\/01\/svm20250129085457.webp\" \/>\n\t<meta property=\"og:image:width\" content=\"900\" \/>\n\t<meta property=\"og:image:height\" content=\"400\" \/>\n\t<meta property=\"og:image:type\" content=\"image\/webp\" \/>\n<meta name=\"author\" content=\"Ola Josefsson\" \/>\n<meta name=\"twitter:card\" content=\"summary_large_image\" \/>\n<meta name=\"twitter:creator\" content=\"@SvenskaMagasine\" \/>\n<meta name=\"twitter:site\" content=\"@SvenskaMagasine\" \/>\n<script type=\"application\/ld+json\" class=\"yoast-schema-graph\">{\"@context\":\"https:\\\/\\\/schema.org\",\"@graph\":[{\"@type\":\"Article\",\"@id\":\"https:\\\/\\\/lightweb.dev\\\/l\\\/svm-temp\\\/nyheter\\\/lokalt\\\/almunecar-lanserar-projekt-for-att-locka-investerare\\\/#article\",\"isPartOf\":{\"@id\":\"https:\\\/\\\/lightweb.dev\\\/l\\\/svm-temp\\\/nyheter\\\/lokalt\\\/almunecar-lanserar-projekt-for-att-locka-investerare\\\/\"},\"author\":{\"name\":\"Ola Josefsson\",\"@id\":\"https:\\\/\\\/lightweb.dev\\\/l\\\/svm-temp\\\/#\\\/schema\\\/person\\\/7a82b8a73d171d32360a564b6d03508e\"},\"headline\":\"Almu\u00f1\u00e9car lanserar projekt f\u00f6r att locka investerare\",\"datePublished\":\"2025-01-29T08:57:17+00:00\",\"dateModified\":\"2025-01-29T08:59:18+00:00\",\"mainEntityOfPage\":{\"@id\":\"https:\\\/\\\/lightweb.dev\\\/l\\\/svm-temp\\\/nyheter\\\/lokalt\\\/almunecar-lanserar-projekt-for-att-locka-investerare\\\/\"},\"wordCount\":268,\"publisher\":{\"@id\":\"https:\\\/\\\/lightweb.dev\\\/l\\\/svm-temp\\\/#organization\"},\"image\":{\"@id\":\"https:\\\/\\\/lightweb.dev\\\/l\\\/svm-temp\\\/nyheter\\\/lokalt\\\/almunecar-lanserar-projekt-for-att-locka-investerare\\\/#primaryimage\"},\"thumbnailUrl\":\"https:\\\/\\\/lightweb.dev\\\/l\\\/svm-temp\\\/wp-content\\\/uploads\\\/2025\\\/01\\\/svm20250129085457.webp\",\"articleSection\":[\"Inrikes\",\"Nyheter\"],\"inLanguage\":\"sv-SE\"},{\"@type\":\"WebPage\",\"@id\":\"https:\\\/\\\/lightweb.dev\\\/l\\\/svm-temp\\\/nyheter\\\/lokalt\\\/almunecar-lanserar-projekt-for-att-locka-investerare\\\/\",\"url\":\"https:\\\/\\\/lightweb.dev\\\/l\\\/svm-temp\\\/nyheter\\\/lokalt\\\/almunecar-lanserar-projekt-for-att-locka-investerare\\\/\",\"name\":\"Almu\u00f1\u00e9car lanserar projekt f\u00f6r att locka investerare - Svenska Magasinet\",\"isPartOf\":{\"@id\":\"https:\\\/\\\/lightweb.dev\\\/l\\\/svm-temp\\\/#website\"},\"primaryImageOfPage\":{\"@id\":\"https:\\\/\\\/lightweb.dev\\\/l\\\/svm-temp\\\/nyheter\\\/lokalt\\\/almunecar-lanserar-projekt-for-att-locka-investerare\\\/#primaryimage\"},\"image\":{\"@id\":\"https:\\\/\\\/lightweb.dev\\\/l\\\/svm-temp\\\/nyheter\\\/lokalt\\\/almunecar-lanserar-projekt-for-att-locka-investerare\\\/#primaryimage\"},\"thumbnailUrl\":\"https:\\\/\\\/lightweb.dev\\\/l\\\/svm-temp\\\/wp-content\\\/uploads\\\/2025\\\/01\\\/svm20250129085457.webp\",\"datePublished\":\"2025-01-29T08:57:17+00:00\",\"dateModified\":\"2025-01-29T08:59:18+00:00\",\"description\":\"Intresset f\u00f6r Costa Tropical och Almu\u00f1\u00e9car v\u00e4xer vilket g\u00f6r att kommunen lanserar projektet Unidad Aceleradora de Proyectos f\u00f6r att locka investerare. Mindre byr\u00e5krati och snabbare beslut ska locka kapital utifr\u00e5n.\",\"breadcrumb\":{\"@id\":\"https:\\\/\\\/lightweb.dev\\\/l\\\/svm-temp\\\/nyheter\\\/lokalt\\\/almunecar-lanserar-projekt-for-att-locka-investerare\\\/#breadcrumb\"},\"inLanguage\":\"sv-SE\",\"potentialAction\":[{\"@type\":\"ReadAction\",\"target\":[\"https:\\\/\\\/lightweb.dev\\\/l\\\/svm-temp\\\/nyheter\\\/lokalt\\\/almunecar-lanserar-projekt-for-att-locka-investerare\\\/\"]}]},{\"@type\":\"ImageObject\",\"inLanguage\":\"sv-SE\",\"@id\":\"https:\\\/\\\/lightweb.dev\\\/l\\\/svm-temp\\\/nyheter\\\/lokalt\\\/almunecar-lanserar-projekt-for-att-locka-investerare\\\/#primaryimage\",\"url\":\"https:\\\/\\\/lightweb.dev\\\/l\\\/svm-temp\\\/wp-content\\\/uploads\\\/2025\\\/01\\\/svm20250129085457.webp\",\"contentUrl\":\"https:\\\/\\\/lightweb.dev\\\/l\\\/svm-temp\\\/wp-content\\\/uploads\\\/2025\\\/01\\\/svm20250129085457.webp\",\"width\":900,\"height\":400,\"caption\":\"Borgm\u00e4staren Juan Jos\u00e9 Ruiz Joya (i mitten) s\u00e4ger att UAP g\u00f6r kommunen till en strategisk partner f\u00f6r investerare.\"},{\"@type\":\"BreadcrumbList\",\"@id\":\"https:\\\/\\\/lightweb.dev\\\/l\\\/svm-temp\\\/nyheter\\\/lokalt\\\/almunecar-lanserar-projekt-for-att-locka-investerare\\\/#breadcrumb\",\"itemListElement\":[{\"@type\":\"ListItem\",\"position\":1,\"name\":\"Hem\",\"item\":\"https:\\\/\\\/lightweb.dev\\\/l\\\/svm-temp\\\/\"},{\"@type\":\"ListItem\",\"position\":2,\"name\":\"Almu\u00f1\u00e9car lanserar projekt f\u00f6r att locka investerare\"}]},{\"@type\":\"WebSite\",\"@id\":\"https:\\\/\\\/lightweb.dev\\\/l\\\/svm-temp\\\/#website\",\"url\":\"https:\\\/\\\/lightweb.dev\\\/l\\\/svm-temp\\\/\",\"name\":\"Svenska Magasinet\",\"description\":\"Dina Spanska nyheter p&aring; Svenska\",\"publisher\":{\"@id\":\"https:\\\/\\\/lightweb.dev\\\/l\\\/svm-temp\\\/#organization\"},\"potentialAction\":[{\"@type\":\"SearchAction\",\"target\":{\"@type\":\"EntryPoint\",\"urlTemplate\":\"https:\\\/\\\/lightweb.dev\\\/l\\\/svm-temp\\\/?s={search_term_string}\"},\"query-input\":{\"@type\":\"PropertyValueSpecification\",\"valueRequired\":true,\"valueName\":\"search_term_string\"}}],\"inLanguage\":\"sv-SE\"},{\"@type\":\"Organization\",\"@id\":\"https:\\\/\\\/lightweb.dev\\\/l\\\/svm-temp\\\/#organization\",\"name\":\"Melkerson y Nott SL\",\"alternateName\":\"Svenska Magasinet\",\"url\":\"https:\\\/\\\/lightweb.dev\\\/l\\\/svm-temp\\\/\",\"logo\":{\"@type\":\"ImageObject\",\"inLanguage\":\"sv-SE\",\"@id\":\"https:\\\/\\\/lightweb.dev\\\/l\\\/svm-temp\\\/#\\\/schema\\\/logo\\\/image\\\/\",\"url\":\"https:\\\/\\\/lightweb.dev\\\/l\\\/svm-temp\\\/wp-content\\\/uploads\\\/2025\\\/02\\\/SvM-logo-Xtra-Centrerad-SVART.png\",\"contentUrl\":\"https:\\\/\\\/lightweb.dev\\\/l\\\/svm-temp\\\/wp-content\\\/uploads\\\/2025\\\/02\\\/SvM-logo-Xtra-Centrerad-SVART.png\",\"width\":300,\"height\":99,\"caption\":\"Melkerson y Nott SL\"},\"image\":{\"@id\":\"https:\\\/\\\/lightweb.dev\\\/l\\\/svm-temp\\\/#\\\/schema\\\/logo\\\/image\\\/\"},\"sameAs\":[\"https:\\\/\\\/www.facebook.com\\\/svenskamagasinet\",\"https:\\\/\\\/x.com\\\/SvenskaMagasine\"]},{\"@type\":\"Person\",\"@id\":\"https:\\\/\\\/lightweb.dev\\\/l\\\/svm-temp\\\/#\\\/schema\\\/person\\\/7a82b8a73d171d32360a564b6d03508e\",\"name\":\"Ola Josefsson\",\"description\":\"Bevakar Solkusten och Spanien sedan 1994.\",\"sameAs\":[\"https:\\\/\\\/lightweb.dev\\\/l\\\/svm-temp\"],\"url\":\"https:\\\/\\\/lightweb.dev\\\/l\\\/svm-temp\\\/reporter\\\/ola-josefsson\\\/\"}]}<\/script>\n<!-- \/ Yoast SEO Premium plugin. -->","yoast_head_json":{"title":"Almu\u00f1\u00e9car lanserar projekt f\u00f6r att locka investerare - Svenska Magasinet","description":"Intresset f\u00f6r Costa Tropical och Almu\u00f1\u00e9car v\u00e4xer vilket g\u00f6r att kommunen lanserar projektet Unidad Aceleradora de Proyectos f\u00f6r att locka investerare. Mindre byr\u00e5krati och snabbare beslut ska locka kapital utifr\u00e5n.","robots":{"index":"noindex","follow":"follow","max-snippet":"max-snippet:-1","max-image-preview":"max-image-preview:large","max-video-preview":"max-video-preview:-1"},"og_locale":"sv_SE","og_type":"article","og_title":"Almu\u00f1\u00e9car lanserar projekt f\u00f6r att locka investerare","og_description":"Intresset f\u00f6r Costa Tropical och Almu\u00f1\u00e9car v\u00e4xer vilket g\u00f6r att kommunen lanserar projektet Unidad Aceleradora de Proyectos f\u00f6r att locka investerare. Mindre byr\u00e5krati och snabbare beslut ska locka kapital utifr\u00e5n.","og_url":"https:\/\/lightweb.dev\/l\/svm-temp\/nyheter\/lokalt\/almunecar-lanserar-projekt-for-att-locka-investerare\/","og_site_name":"Svenska Magasinet","article_publisher":"https:\/\/www.facebook.com\/svenskamagasinet","article_published_time":"2025-01-29T08:57:17+00:00","article_modified_time":"2025-01-29T08:59:18+00:00","og_image":[{"width":900,"height":400,"url":"https:\/\/lightweb.dev\/l\/svm-temp\/wp-content\/uploads\/2025\/01\/svm20250129085457.webp","type":"image\/webp"}],"author":"Ola Josefsson","twitter_card":"summary_large_image","twitter_creator":"@SvenskaMagasine","twitter_site":"@SvenskaMagasine","schema":{"@context":"https:\/\/schema.org","@graph":[{"@type":"Article","@id":"https:\/\/lightweb.dev\/l\/svm-temp\/nyheter\/lokalt\/almunecar-lanserar-projekt-for-att-locka-investerare\/#article","isPartOf":{"@id":"https:\/\/lightweb.dev\/l\/svm-temp\/nyheter\/lokalt\/almunecar-lanserar-projekt-for-att-locka-investerare\/"},"author":{"name":"Ola Josefsson","@id":"https:\/\/lightweb.dev\/l\/svm-temp\/#\/schema\/person\/7a82b8a73d171d32360a564b6d03508e"},"headline":"Almu\u00f1\u00e9car lanserar projekt f\u00f6r att locka investerare","datePublished":"2025-01-29T08:57:17+00:00","dateModified":"2025-01-29T08:59:18+00:00","mainEntityOfPage":{"@id":"https:\/\/lightweb.dev\/l\/svm-temp\/nyheter\/lokalt\/almunecar-lanserar-projekt-for-att-locka-investerare\/"},"wordCount":268,"publisher":{"@id":"https:\/\/lightweb.dev\/l\/svm-temp\/#organization"},"image":{"@id":"https:\/\/lightweb.dev\/l\/svm-temp\/nyheter\/lokalt\/almunecar-lanserar-projekt-for-att-locka-investerare\/#primaryimage"},"thumbnailUrl":"https:\/\/lightweb.dev\/l\/svm-temp\/wp-content\/uploads\/2025\/01\/svm20250129085457.webp","articleSection":["Inrikes","Nyheter"],"inLanguage":"sv-SE"},{"@type":"WebPage","@id":"https:\/\/lightweb.dev\/l\/svm-temp\/nyheter\/lokalt\/almunecar-lanserar-projekt-for-att-locka-investerare\/","url":"https:\/\/lightweb.dev\/l\/svm-temp\/nyheter\/lokalt\/almunecar-lanserar-projekt-for-att-locka-investerare\/","name":"Almu\u00f1\u00e9car lanserar projekt f\u00f6r att locka investerare - Svenska Magasinet","isPartOf":{"@id":"https:\/\/lightweb.dev\/l\/svm-temp\/#website"},"primaryImageOfPage":{"@id":"https:\/\/lightweb.dev\/l\/svm-temp\/nyheter\/lokalt\/almunecar-lanserar-projekt-for-att-locka-investerare\/#primaryimage"},"image":{"@id":"https:\/\/lightweb.dev\/l\/svm-temp\/nyheter\/lokalt\/almunecar-lanserar-projekt-for-att-locka-investerare\/#primaryimage"},"thumbnailUrl":"https:\/\/lightweb.dev\/l\/svm-temp\/wp-content\/uploads\/2025\/01\/svm20250129085457.webp","datePublished":"2025-01-29T08:57:17+00:00","dateModified":"2025-01-29T08:59:18+00:00","description":"Intresset f\u00f6r Costa Tropical och Almu\u00f1\u00e9car v\u00e4xer vilket g\u00f6r att kommunen lanserar projektet Unidad Aceleradora de Proyectos f\u00f6r att locka investerare. Mindre byr\u00e5krati och snabbare beslut ska locka kapital utifr\u00e5n.","breadcrumb":{"@id":"https:\/\/lightweb.dev\/l\/svm-temp\/nyheter\/lokalt\/almunecar-lanserar-projekt-for-att-locka-investerare\/#breadcrumb"},"inLanguage":"sv-SE","potentialAction":[{"@type":"ReadAction","target":["https:\/\/lightweb.dev\/l\/svm-temp\/nyheter\/lokalt\/almunecar-lanserar-projekt-for-att-locka-investerare\/"]}]},{"@type":"ImageObject","inLanguage":"sv-SE","@id":"https:\/\/lightweb.dev\/l\/svm-temp\/nyheter\/lokalt\/almunecar-lanserar-projekt-for-att-locka-investerare\/#primaryimage","url":"https:\/\/lightweb.dev\/l\/svm-temp\/wp-content\/uploads\/2025\/01\/svm20250129085457.webp","contentUrl":"https:\/\/lightweb.dev\/l\/svm-temp\/wp-content\/uploads\/2025\/01\/svm20250129085457.webp","width":900,"height":400,"caption":"Borgm\u00e4staren Juan Jos\u00e9 Ruiz Joya (i mitten) s\u00e4ger att UAP g\u00f6r kommunen till en strategisk partner f\u00f6r investerare."},{"@type":"BreadcrumbList","@id":"https:\/\/lightweb.dev\/l\/svm-temp\/nyheter\/lokalt\/almunecar-lanserar-projekt-for-att-locka-investerare\/#breadcrumb","itemListElement":[{"@type":"ListItem","position":1,"name":"Hem","item":"https:\/\/lightweb.dev\/l\/svm-temp\/"},{"@type":"ListItem","position":2,"name":"Almu\u00f1\u00e9car lanserar projekt f\u00f6r att locka investerare"}]},{"@type":"WebSite","@id":"https:\/\/lightweb.dev\/l\/svm-temp\/#website","url":"https:\/\/lightweb.dev\/l\/svm-temp\/","name":"Svenska Magasinet","description":"Dina Spanska nyheter p&aring; Svenska","publisher":{"@id":"https:\/\/lightweb.dev\/l\/svm-temp\/#organization"},"potentialAction":[{"@type":"SearchAction","target":{"@type":"EntryPoint","urlTemplate":"https:\/\/lightweb.dev\/l\/svm-temp\/?s={search_term_string}"},"query-input":{"@type":"PropertyValueSpecification","valueRequired":true,"valueName":"search_term_string"}}],"inLanguage":"sv-SE"},{"@type":"Organization","@id":"https:\/\/lightweb.dev\/l\/svm-temp\/#organization","name":"Melkerson y Nott SL","alternateName":"Svenska Magasinet","url":"https:\/\/lightweb.dev\/l\/svm-temp\/","logo":{"@type":"ImageObject","inLanguage":"sv-SE","@id":"https:\/\/lightweb.dev\/l\/svm-temp\/#\/schema\/logo\/image\/","url":"https:\/\/lightweb.dev\/l\/svm-temp\/wp-content\/uploads\/2025\/02\/SvM-logo-Xtra-Centrerad-SVART.png","contentUrl":"https:\/\/lightweb.dev\/l\/svm-temp\/wp-content\/uploads\/2025\/02\/SvM-logo-Xtra-Centrerad-SVART.png","width":300,"height":99,"caption":"Melkerson y Nott SL"},"image":{"@id":"https:\/\/lightweb.dev\/l\/svm-temp\/#\/schema\/logo\/image\/"},"sameAs":["https:\/\/www.facebook.com\/svenskamagasinet","https:\/\/x.com\/SvenskaMagasine"]},{"@type":"Person","@id":"https:\/\/lightweb.dev\/l\/svm-temp\/#\/schema\/person\/7a82b8a73d171d32360a564b6d03508e","name":"Ola Josefsson","description":"Bevakar Solkusten och Spanien sedan 1994.","sameAs":["https:\/\/lightweb.dev\/l\/svm-temp"],"url":"https:\/\/lightweb.dev\/l\/svm-temp\/reporter\/ola-josefsson\/"}]}},"_links":{"self":[{"href":"https:\/\/lightweb.dev\/l\/svm-temp\/wp-json\/wp\/v2\/posts\/77820","targetHints":{"allow":["GET"]}}],"collection":[{"href":"https:\/\/lightweb.dev\/l\/svm-temp\/wp-json\/wp\/v2\/posts"}],"about":[{"href":"https:\/\/lightweb.dev\/l\/svm-temp\/wp-json\/wp\/v2\/types\/post"}],"author":[{"embeddable":true,"href":"https:\/\/lightweb.dev\/l\/svm-temp\/wp-json\/wp\/v2\/users\/7"}],"replies":[{"embeddable":true,"href":"https:\/\/lightweb.dev\/l\/svm-temp\/wp-json\/wp\/v2\/comments?post=77820"}],"version-history":[{"count":0,"href":"https:\/\/lightweb.dev\/l\/svm-temp\/wp-json\/wp\/v2\/posts\/77820\/revisions"}],"wp:featuredmedia":[{"embeddable":true,"href":"https:\/\/lightweb.dev\/l\/svm-temp\/wp-json\/wp\/v2\/media\/77819"}],"wp:attachment":[{"href":"https:\/\/lightweb.dev\/l\/svm-temp\/wp-json\/wp\/v2\/media?parent=77820"}],"wp:term":[{"taxonomy":"category","embeddable":true,"href":"https:\/\/lightweb.dev\/l\/svm-temp\/wp-json\/wp\/v2\/categories?post=77820"},{"taxonomy":"post_tag","embeddable":true,"href":"https:\/\/lightweb.dev\/l\/svm-temp\/wp-json\/wp\/v2\/tags?post=77820"}],"curies":[{"name":"wp","href":"https:\/\/api.w.org\/{rel}","templated":true}]}}