{"id":77825,"date":"2025-01-29T10:19:59","date_gmt":"2025-01-29T09:19:59","guid":{"rendered":"https:\/\/lightweb.dev\/l\/svm-temp\/?p=77825"},"modified":"2025-01-29T10:19:59","modified_gmt":"2025-01-29T09:19:59","slug":"lagandring-kravs-innan-torrevieja-far-sina-forsta-skyskrapor","status":"publish","type":"post","link":"https:\/\/lightweb.dev\/l\/svm-temp\/nyheter\/lagandring-kravs-innan-torrevieja-far-sina-forsta-skyskrapor\/","title":{"rendered":"Lag\u00e4ndring kr\u00e4vs innan Torrevieja f\u00e5r sina f\u00f6rsta skyskrapor"},"content":{"rendered":"<p><strong>Benidorm \u00e4r k\u00e4nt f\u00f6r sina skyskrapor. I Torrevieja projekteras det f\u00f6r tv\u00e5 20-v\u00e5ningshus som Barakagruppen i Murcia planerar att bygga vid parken Do\u00f1a Sinforosa.<\/strong><\/p>\n<p>Projektet med de tv\u00e5 flerfamiljshusen p\u00e5 tjugo v\u00e5ningar har st\u00f6tt p\u00e5 hinder. N\u00e4r Torrevieja kommunfullm\u00e4ktige nyligen tr\u00e4ffades kom det beslut p\u00e5 att en lag\u00e4ndring kr\u00e4vs f\u00f6r att \u00e5teruppta byggandet av skyskraporna, skriver dagstidningen <a href=\"https:\/\/www.laverdad.es\/orihuela-torrevieja\/torrevieja-esperara-cambio-legislativo-retomar-construccion-rascacielos-20250128112650-nt.html\">La Verdad.<\/a><\/p>\n<p>Kommunfullm\u00e4ktige hoppas att lag\u00e4ndringen g\u00e5r igen och att beslutet som kommer fr\u00e5n Kustmyndigheten \u00e4r positiv.<\/p>\n<p>F\u00f6rst gav kommunfullm\u00e4ktige gr\u00f6nt ljus. Men regiondomstolen TSJCV (Tribunal Superior de Justicia de la Comunidad Valenciana) f\u00f6rklarade beslutet att bygga de tv\u00e5 skyskraporna som ogiltigt.<\/p>\n<p>Anledningen var att det saknades godk\u00e4nnande fr\u00e5n teknikerna vid Kustmyndigheten som ska komma med sitt utl\u00e5tande.<\/p>\n<p>F\u00f6rutom bost\u00e4der kommer de tv\u00e5 skyskraporna att inneh\u00e5lla hotell.<\/p>\n<p>Vissa f\u00f6r\u00e4ndringar har gjorts fr\u00e5n den ursprungliga planen. Bland annat har mer mark frigjorts f\u00f6r allm\u00e4nheten till gr\u00f6nomr\u00e5den.<\/p>\n","protected":false},"excerpt":{"rendered":"<p>Benidorm \u00e4r k\u00e4nt f\u00f6r sina skyskrapor. I Torrevieja projekteras det f\u00f6r tv\u00e5 20-v\u00e5ningshus som Barakagruppen i Murcia planerar att bygga vid parken Do\u00f1a Sinforosa&#8230;<\/p>\n","protected":false},"author":7,"featured_media":77824,"comment_status":"closed","ping_status":"closed","sticky":false,"template":"","format":"standard","meta":{"_et_pb_use_builder":"","_et_pb_old_content":"","_et_gb_content_width":"","footnotes":""},"categories":[284,3],"tags":[],"class_list":["post-77825","post","type-post","status-publish","format-standard","has-post-thumbnail","hentry","category-inrikes","category-nyheter"],"yoast_head":"<!-- This site is optimized with the Yoast SEO Premium plugin v26.2 (Yoast SEO v27.4) - https:\/\/yoast.com\/product\/yoast-seo-premium-wordpress\/ -->\n<title>Lag\u00e4ndring kr\u00e4vs innan Torrevieja f\u00e5r sina f\u00f6rsta skyskrapor - Svenska Magasinet<\/title>\n<meta name=\"description\" content=\"Benidorm \u00e4r k\u00e4nt f\u00f6r sina skyskrapor. I Torrevieja projekteras det f\u00f6r tv\u00e5 20-v\u00e5ningshus som Barakagruppen i Murcia planerar att bygga vid parken Do\u00f1a Sinforosa.\" \/>\n<meta name=\"robots\" content=\"noindex, follow, max-snippet:-1, max-image-preview:large, max-video-preview:-1\" \/>\n<meta property=\"og:locale\" content=\"sv_SE\" \/>\n<meta property=\"og:type\" content=\"article\" \/>\n<meta property=\"og:title\" content=\"Lag\u00e4ndring kr\u00e4vs innan Torrevieja f\u00e5r sina f\u00f6rsta skyskrapor\" \/>\n<meta property=\"og:description\" content=\"Benidorm \u00e4r k\u00e4nt f\u00f6r sina skyskrapor. I Torrevieja projekteras det f\u00f6r tv\u00e5 20-v\u00e5ningshus som Barakagruppen i Murcia planerar att bygga vid parken Do\u00f1a Sinforosa.\" \/>\n<meta property=\"og:url\" content=\"https:\/\/lightweb.dev\/l\/svm-temp\/nyheter\/lokalt\/lagandring-kravs-innan-torrevieja-far-sina-forsta-skyskrapor\/\" \/>\n<meta property=\"og:site_name\" content=\"Svenska Magasinet\" \/>\n<meta property=\"article:publisher\" content=\"https:\/\/www.facebook.com\/svenskamagasinet\" \/>\n<meta property=\"article:published_time\" content=\"2025-01-29T09:19:59+00:00\" \/>\n<meta property=\"og:image\" content=\"https:\/\/lightweb.dev\/l\/svm-temp\/wp-content\/uploads\/2025\/01\/svm20250129091742.webp\" \/>\n\t<meta property=\"og:image:width\" content=\"900\" \/>\n\t<meta property=\"og:image:height\" content=\"400\" \/>\n\t<meta property=\"og:image:type\" content=\"image\/webp\" \/>\n<meta name=\"author\" content=\"Ola Josefsson\" \/>\n<meta name=\"twitter:card\" content=\"summary_large_image\" \/>\n<meta name=\"twitter:creator\" content=\"@SvenskaMagasine\" \/>\n<meta name=\"twitter:site\" content=\"@SvenskaMagasine\" \/>\n<script type=\"application\/ld+json\" class=\"yoast-schema-graph\">{\"@context\":\"https:\\\/\\\/schema.org\",\"@graph\":[{\"@type\":\"Article\",\"@id\":\"https:\\\/\\\/lightweb.dev\\\/l\\\/svm-temp\\\/nyheter\\\/lokalt\\\/lagandring-kravs-innan-torrevieja-far-sina-forsta-skyskrapor\\\/#article\",\"isPartOf\":{\"@id\":\"https:\\\/\\\/lightweb.dev\\\/l\\\/svm-temp\\\/nyheter\\\/lokalt\\\/lagandring-kravs-innan-torrevieja-far-sina-forsta-skyskrapor\\\/\"},\"author\":{\"name\":\"Ola Josefsson\",\"@id\":\"https:\\\/\\\/lightweb.dev\\\/l\\\/svm-temp\\\/#\\\/schema\\\/person\\\/7a82b8a73d171d32360a564b6d03508e\"},\"headline\":\"Lag\u00e4ndring kr\u00e4vs innan Torrevieja f\u00e5r sina f\u00f6rsta skyskrapor\",\"datePublished\":\"2025-01-29T09:19:59+00:00\",\"mainEntityOfPage\":{\"@id\":\"https:\\\/\\\/lightweb.dev\\\/l\\\/svm-temp\\\/nyheter\\\/lokalt\\\/lagandring-kravs-innan-torrevieja-far-sina-forsta-skyskrapor\\\/\"},\"wordCount\":188,\"publisher\":{\"@id\":\"https:\\\/\\\/lightweb.dev\\\/l\\\/svm-temp\\\/#organization\"},\"image\":{\"@id\":\"https:\\\/\\\/lightweb.dev\\\/l\\\/svm-temp\\\/nyheter\\\/lokalt\\\/lagandring-kravs-innan-torrevieja-far-sina-forsta-skyskrapor\\\/#primaryimage\"},\"thumbnailUrl\":\"https:\\\/\\\/lightweb.dev\\\/l\\\/svm-temp\\\/wp-content\\\/uploads\\\/2025\\\/01\\\/svm20250129091742.webp\",\"articleSection\":[\"Inrikes\",\"Nyheter\"],\"inLanguage\":\"sv-SE\"},{\"@type\":\"WebPage\",\"@id\":\"https:\\\/\\\/lightweb.dev\\\/l\\\/svm-temp\\\/nyheter\\\/lokalt\\\/lagandring-kravs-innan-torrevieja-far-sina-forsta-skyskrapor\\\/\",\"url\":\"https:\\\/\\\/lightweb.dev\\\/l\\\/svm-temp\\\/nyheter\\\/lokalt\\\/lagandring-kravs-innan-torrevieja-far-sina-forsta-skyskrapor\\\/\",\"name\":\"Lag\u00e4ndring kr\u00e4vs innan Torrevieja f\u00e5r sina f\u00f6rsta skyskrapor - Svenska Magasinet\",\"isPartOf\":{\"@id\":\"https:\\\/\\\/lightweb.dev\\\/l\\\/svm-temp\\\/#website\"},\"primaryImageOfPage\":{\"@id\":\"https:\\\/\\\/lightweb.dev\\\/l\\\/svm-temp\\\/nyheter\\\/lokalt\\\/lagandring-kravs-innan-torrevieja-far-sina-forsta-skyskrapor\\\/#primaryimage\"},\"image\":{\"@id\":\"https:\\\/\\\/lightweb.dev\\\/l\\\/svm-temp\\\/nyheter\\\/lokalt\\\/lagandring-kravs-innan-torrevieja-far-sina-forsta-skyskrapor\\\/#primaryimage\"},\"thumbnailUrl\":\"https:\\\/\\\/lightweb.dev\\\/l\\\/svm-temp\\\/wp-content\\\/uploads\\\/2025\\\/01\\\/svm20250129091742.webp\",\"datePublished\":\"2025-01-29T09:19:59+00:00\",\"description\":\"Benidorm \u00e4r k\u00e4nt f\u00f6r sina skyskrapor. I Torrevieja projekteras det f\u00f6r tv\u00e5 20-v\u00e5ningshus som Barakagruppen i Murcia planerar att bygga vid parken Do\u00f1a Sinforosa.\",\"breadcrumb\":{\"@id\":\"https:\\\/\\\/lightweb.dev\\\/l\\\/svm-temp\\\/nyheter\\\/lokalt\\\/lagandring-kravs-innan-torrevieja-far-sina-forsta-skyskrapor\\\/#breadcrumb\"},\"inLanguage\":\"sv-SE\",\"potentialAction\":[{\"@type\":\"ReadAction\",\"target\":[\"https:\\\/\\\/lightweb.dev\\\/l\\\/svm-temp\\\/nyheter\\\/lokalt\\\/lagandring-kravs-innan-torrevieja-far-sina-forsta-skyskrapor\\\/\"]}]},{\"@type\":\"ImageObject\",\"inLanguage\":\"sv-SE\",\"@id\":\"https:\\\/\\\/lightweb.dev\\\/l\\\/svm-temp\\\/nyheter\\\/lokalt\\\/lagandring-kravs-innan-torrevieja-far-sina-forsta-skyskrapor\\\/#primaryimage\",\"url\":\"https:\\\/\\\/lightweb.dev\\\/l\\\/svm-temp\\\/wp-content\\\/uploads\\\/2025\\\/01\\\/svm20250129091742.webp\",\"contentUrl\":\"https:\\\/\\\/lightweb.dev\\\/l\\\/svm-temp\\\/wp-content\\\/uploads\\\/2025\\\/01\\\/svm20250129091742.webp\",\"width\":900,\"height\":400,\"caption\":\"(Foto: Grupo Baraka)\"},{\"@type\":\"BreadcrumbList\",\"@id\":\"https:\\\/\\\/lightweb.dev\\\/l\\\/svm-temp\\\/nyheter\\\/lokalt\\\/lagandring-kravs-innan-torrevieja-far-sina-forsta-skyskrapor\\\/#breadcrumb\",\"itemListElement\":[{\"@type\":\"ListItem\",\"position\":1,\"name\":\"Hem\",\"item\":\"https:\\\/\\\/lightweb.dev\\\/l\\\/svm-temp\\\/\"},{\"@type\":\"ListItem\",\"position\":2,\"name\":\"Lag\u00e4ndring kr\u00e4vs innan Torrevieja f\u00e5r sina f\u00f6rsta skyskrapor\"}]},{\"@type\":\"WebSite\",\"@id\":\"https:\\\/\\\/lightweb.dev\\\/l\\\/svm-temp\\\/#website\",\"url\":\"https:\\\/\\\/lightweb.dev\\\/l\\\/svm-temp\\\/\",\"name\":\"Svenska Magasinet\",\"description\":\"Dina Spanska nyheter p&aring; Svenska\",\"publisher\":{\"@id\":\"https:\\\/\\\/lightweb.dev\\\/l\\\/svm-temp\\\/#organization\"},\"potentialAction\":[{\"@type\":\"SearchAction\",\"target\":{\"@type\":\"EntryPoint\",\"urlTemplate\":\"https:\\\/\\\/lightweb.dev\\\/l\\\/svm-temp\\\/?s={search_term_string}\"},\"query-input\":{\"@type\":\"PropertyValueSpecification\",\"valueRequired\":true,\"valueName\":\"search_term_string\"}}],\"inLanguage\":\"sv-SE\"},{\"@type\":\"Organization\",\"@id\":\"https:\\\/\\\/lightweb.dev\\\/l\\\/svm-temp\\\/#organization\",\"name\":\"Melkerson y Nott SL\",\"alternateName\":\"Svenska Magasinet\",\"url\":\"https:\\\/\\\/lightweb.dev\\\/l\\\/svm-temp\\\/\",\"logo\":{\"@type\":\"ImageObject\",\"inLanguage\":\"sv-SE\",\"@id\":\"https:\\\/\\\/lightweb.dev\\\/l\\\/svm-temp\\\/#\\\/schema\\\/logo\\\/image\\\/\",\"url\":\"https:\\\/\\\/lightweb.dev\\\/l\\\/svm-temp\\\/wp-content\\\/uploads\\\/2025\\\/02\\\/SvM-logo-Xtra-Centrerad-SVART.png\",\"contentUrl\":\"https:\\\/\\\/lightweb.dev\\\/l\\\/svm-temp\\\/wp-content\\\/uploads\\\/2025\\\/02\\\/SvM-logo-Xtra-Centrerad-SVART.png\",\"width\":300,\"height\":99,\"caption\":\"Melkerson y Nott SL\"},\"image\":{\"@id\":\"https:\\\/\\\/lightweb.dev\\\/l\\\/svm-temp\\\/#\\\/schema\\\/logo\\\/image\\\/\"},\"sameAs\":[\"https:\\\/\\\/www.facebook.com\\\/svenskamagasinet\",\"https:\\\/\\\/x.com\\\/SvenskaMagasine\"]},{\"@type\":\"Person\",\"@id\":\"https:\\\/\\\/lightweb.dev\\\/l\\\/svm-temp\\\/#\\\/schema\\\/person\\\/7a82b8a73d171d32360a564b6d03508e\",\"name\":\"Ola Josefsson\",\"description\":\"Bevakar Solkusten och Spanien sedan 1994.\",\"sameAs\":[\"https:\\\/\\\/lightweb.dev\\\/l\\\/svm-temp\"],\"url\":\"https:\\\/\\\/lightweb.dev\\\/l\\\/svm-temp\\\/reporter\\\/ola-josefsson\\\/\"}]}<\/script>\n<!-- \/ Yoast SEO Premium plugin. -->","yoast_head_json":{"title":"Lag\u00e4ndring kr\u00e4vs innan Torrevieja f\u00e5r sina f\u00f6rsta skyskrapor - Svenska Magasinet","description":"Benidorm \u00e4r k\u00e4nt f\u00f6r sina skyskrapor. I Torrevieja projekteras det f\u00f6r tv\u00e5 20-v\u00e5ningshus som Barakagruppen i Murcia planerar att bygga vid parken Do\u00f1a Sinforosa.","robots":{"index":"noindex","follow":"follow","max-snippet":"max-snippet:-1","max-image-preview":"max-image-preview:large","max-video-preview":"max-video-preview:-1"},"og_locale":"sv_SE","og_type":"article","og_title":"Lag\u00e4ndring kr\u00e4vs innan Torrevieja f\u00e5r sina f\u00f6rsta skyskrapor","og_description":"Benidorm \u00e4r k\u00e4nt f\u00f6r sina skyskrapor. I Torrevieja projekteras det f\u00f6r tv\u00e5 20-v\u00e5ningshus som Barakagruppen i Murcia planerar att bygga vid parken Do\u00f1a Sinforosa.","og_url":"https:\/\/lightweb.dev\/l\/svm-temp\/nyheter\/lokalt\/lagandring-kravs-innan-torrevieja-far-sina-forsta-skyskrapor\/","og_site_name":"Svenska Magasinet","article_publisher":"https:\/\/www.facebook.com\/svenskamagasinet","article_published_time":"2025-01-29T09:19:59+00:00","og_image":[{"width":900,"height":400,"url":"https:\/\/lightweb.dev\/l\/svm-temp\/wp-content\/uploads\/2025\/01\/svm20250129091742.webp","type":"image\/webp"}],"author":"Ola Josefsson","twitter_card":"summary_large_image","twitter_creator":"@SvenskaMagasine","twitter_site":"@SvenskaMagasine","schema":{"@context":"https:\/\/schema.org","@graph":[{"@type":"Article","@id":"https:\/\/lightweb.dev\/l\/svm-temp\/nyheter\/lokalt\/lagandring-kravs-innan-torrevieja-far-sina-forsta-skyskrapor\/#article","isPartOf":{"@id":"https:\/\/lightweb.dev\/l\/svm-temp\/nyheter\/lokalt\/lagandring-kravs-innan-torrevieja-far-sina-forsta-skyskrapor\/"},"author":{"name":"Ola Josefsson","@id":"https:\/\/lightweb.dev\/l\/svm-temp\/#\/schema\/person\/7a82b8a73d171d32360a564b6d03508e"},"headline":"Lag\u00e4ndring kr\u00e4vs innan Torrevieja f\u00e5r sina f\u00f6rsta skyskrapor","datePublished":"2025-01-29T09:19:59+00:00","mainEntityOfPage":{"@id":"https:\/\/lightweb.dev\/l\/svm-temp\/nyheter\/lokalt\/lagandring-kravs-innan-torrevieja-far-sina-forsta-skyskrapor\/"},"wordCount":188,"publisher":{"@id":"https:\/\/lightweb.dev\/l\/svm-temp\/#organization"},"image":{"@id":"https:\/\/lightweb.dev\/l\/svm-temp\/nyheter\/lokalt\/lagandring-kravs-innan-torrevieja-far-sina-forsta-skyskrapor\/#primaryimage"},"thumbnailUrl":"https:\/\/lightweb.dev\/l\/svm-temp\/wp-content\/uploads\/2025\/01\/svm20250129091742.webp","articleSection":["Inrikes","Nyheter"],"inLanguage":"sv-SE"},{"@type":"WebPage","@id":"https:\/\/lightweb.dev\/l\/svm-temp\/nyheter\/lokalt\/lagandring-kravs-innan-torrevieja-far-sina-forsta-skyskrapor\/","url":"https:\/\/lightweb.dev\/l\/svm-temp\/nyheter\/lokalt\/lagandring-kravs-innan-torrevieja-far-sina-forsta-skyskrapor\/","name":"Lag\u00e4ndring kr\u00e4vs innan Torrevieja f\u00e5r sina f\u00f6rsta skyskrapor - Svenska Magasinet","isPartOf":{"@id":"https:\/\/lightweb.dev\/l\/svm-temp\/#website"},"primaryImageOfPage":{"@id":"https:\/\/lightweb.dev\/l\/svm-temp\/nyheter\/lokalt\/lagandring-kravs-innan-torrevieja-far-sina-forsta-skyskrapor\/#primaryimage"},"image":{"@id":"https:\/\/lightweb.dev\/l\/svm-temp\/nyheter\/lokalt\/lagandring-kravs-innan-torrevieja-far-sina-forsta-skyskrapor\/#primaryimage"},"thumbnailUrl":"https:\/\/lightweb.dev\/l\/svm-temp\/wp-content\/uploads\/2025\/01\/svm20250129091742.webp","datePublished":"2025-01-29T09:19:59+00:00","description":"Benidorm \u00e4r k\u00e4nt f\u00f6r sina skyskrapor. I Torrevieja projekteras det f\u00f6r tv\u00e5 20-v\u00e5ningshus som Barakagruppen i Murcia planerar att bygga vid parken Do\u00f1a Sinforosa.","breadcrumb":{"@id":"https:\/\/lightweb.dev\/l\/svm-temp\/nyheter\/lokalt\/lagandring-kravs-innan-torrevieja-far-sina-forsta-skyskrapor\/#breadcrumb"},"inLanguage":"sv-SE","potentialAction":[{"@type":"ReadAction","target":["https:\/\/lightweb.dev\/l\/svm-temp\/nyheter\/lokalt\/lagandring-kravs-innan-torrevieja-far-sina-forsta-skyskrapor\/"]}]},{"@type":"ImageObject","inLanguage":"sv-SE","@id":"https:\/\/lightweb.dev\/l\/svm-temp\/nyheter\/lokalt\/lagandring-kravs-innan-torrevieja-far-sina-forsta-skyskrapor\/#primaryimage","url":"https:\/\/lightweb.dev\/l\/svm-temp\/wp-content\/uploads\/2025\/01\/svm20250129091742.webp","contentUrl":"https:\/\/lightweb.dev\/l\/svm-temp\/wp-content\/uploads\/2025\/01\/svm20250129091742.webp","width":900,"height":400,"caption":"(Foto: Grupo Baraka)"},{"@type":"BreadcrumbList","@id":"https:\/\/lightweb.dev\/l\/svm-temp\/nyheter\/lokalt\/lagandring-kravs-innan-torrevieja-far-sina-forsta-skyskrapor\/#breadcrumb","itemListElement":[{"@type":"ListItem","position":1,"name":"Hem","item":"https:\/\/lightweb.dev\/l\/svm-temp\/"},{"@type":"ListItem","position":2,"name":"Lag\u00e4ndring kr\u00e4vs innan Torrevieja f\u00e5r sina f\u00f6rsta skyskrapor"}]},{"@type":"WebSite","@id":"https:\/\/lightweb.dev\/l\/svm-temp\/#website","url":"https:\/\/lightweb.dev\/l\/svm-temp\/","name":"Svenska Magasinet","description":"Dina Spanska nyheter p&aring; Svenska","publisher":{"@id":"https:\/\/lightweb.dev\/l\/svm-temp\/#organization"},"potentialAction":[{"@type":"SearchAction","target":{"@type":"EntryPoint","urlTemplate":"https:\/\/lightweb.dev\/l\/svm-temp\/?s={search_term_string}"},"query-input":{"@type":"PropertyValueSpecification","valueRequired":true,"valueName":"search_term_string"}}],"inLanguage":"sv-SE"},{"@type":"Organization","@id":"https:\/\/lightweb.dev\/l\/svm-temp\/#organization","name":"Melkerson y Nott SL","alternateName":"Svenska Magasinet","url":"https:\/\/lightweb.dev\/l\/svm-temp\/","logo":{"@type":"ImageObject","inLanguage":"sv-SE","@id":"https:\/\/lightweb.dev\/l\/svm-temp\/#\/schema\/logo\/image\/","url":"https:\/\/lightweb.dev\/l\/svm-temp\/wp-content\/uploads\/2025\/02\/SvM-logo-Xtra-Centrerad-SVART.png","contentUrl":"https:\/\/lightweb.dev\/l\/svm-temp\/wp-content\/uploads\/2025\/02\/SvM-logo-Xtra-Centrerad-SVART.png","width":300,"height":99,"caption":"Melkerson y Nott SL"},"image":{"@id":"https:\/\/lightweb.dev\/l\/svm-temp\/#\/schema\/logo\/image\/"},"sameAs":["https:\/\/www.facebook.com\/svenskamagasinet","https:\/\/x.com\/SvenskaMagasine"]},{"@type":"Person","@id":"https:\/\/lightweb.dev\/l\/svm-temp\/#\/schema\/person\/7a82b8a73d171d32360a564b6d03508e","name":"Ola Josefsson","description":"Bevakar Solkusten och Spanien sedan 1994.","sameAs":["https:\/\/lightweb.dev\/l\/svm-temp"],"url":"https:\/\/lightweb.dev\/l\/svm-temp\/reporter\/ola-josefsson\/"}]}},"_links":{"self":[{"href":"https:\/\/lightweb.dev\/l\/svm-temp\/wp-json\/wp\/v2\/posts\/77825","targetHints":{"allow":["GET"]}}],"collection":[{"href":"https:\/\/lightweb.dev\/l\/svm-temp\/wp-json\/wp\/v2\/posts"}],"about":[{"href":"https:\/\/lightweb.dev\/l\/svm-temp\/wp-json\/wp\/v2\/types\/post"}],"author":[{"embeddable":true,"href":"https:\/\/lightweb.dev\/l\/svm-temp\/wp-json\/wp\/v2\/users\/7"}],"replies":[{"embeddable":true,"href":"https:\/\/lightweb.dev\/l\/svm-temp\/wp-json\/wp\/v2\/comments?post=77825"}],"version-history":[{"count":0,"href":"https:\/\/lightweb.dev\/l\/svm-temp\/wp-json\/wp\/v2\/posts\/77825\/revisions"}],"wp:featuredmedia":[{"embeddable":true,"href":"https:\/\/lightweb.dev\/l\/svm-temp\/wp-json\/wp\/v2\/media\/77824"}],"wp:attachment":[{"href":"https:\/\/lightweb.dev\/l\/svm-temp\/wp-json\/wp\/v2\/media?parent=77825"}],"wp:term":[{"taxonomy":"category","embeddable":true,"href":"https:\/\/lightweb.dev\/l\/svm-temp\/wp-json\/wp\/v2\/categories?post=77825"},{"taxonomy":"post_tag","embeddable":true,"href":"https:\/\/lightweb.dev\/l\/svm-temp\/wp-json\/wp\/v2\/tags?post=77825"}],"curies":[{"name":"wp","href":"https:\/\/api.w.org\/{rel}","templated":true}]}}