{"id":77829,"date":"2025-01-29T12:27:18","date_gmt":"2025-01-29T11:27:18","guid":{"rendered":"https:\/\/lightweb.dev\/l\/svm-temp\/?p=77829"},"modified":"2025-01-29T12:36:57","modified_gmt":"2025-01-29T11:36:57","slug":"velez-malagas-feniciska-historia-uppmarksammas","status":"publish","type":"post","link":"https:\/\/lightweb.dev\/l\/svm-temp\/nyheter\/velez-malagas-feniciska-historia-uppmarksammas\/","title":{"rendered":"V\u00e9lez-M\u00e1lagas feniciska historia uppm\u00e4rksammas"},"content":{"rendered":"<p><strong>Det beskrivs som Axarqu\u00edas dolda p\u00e4rla. F\u00f6r mer 2.500 \u00e5r sedan n\u00e5dde fenicierna fr\u00e5n v\u00e5ra dagars Libanon kusten vid det som nu \u00e4r V\u00e9lez-M\u00e1laga.<\/strong><\/p>\n<p><strong>N\u00e4ra klippan vid Almayate l\u00e5g flodmynningen och h\u00e4r slog sig fenicierna ner.<\/strong><\/p>\n<div id=\"attachment_77828\" style=\"width: 910px\" class=\"wp-caption alignnone\"><img loading=\"lazy\" decoding=\"async\" aria-describedby=\"caption-attachment-77828\" class=\"wp-image-77828 size-full\" src=\"https:\/\/lightweb.dev\/l\/svm-temp\/wp-content\/uploads\/2025\/01\/svm20250129112417.webp\" alt=\"\" width=\"900\" height=\"400\" srcset=\"https:\/\/lightweb.dev\/l\/svm-temp\/wp-content\/uploads\/2025\/01\/svm20250129112417.webp 900w, https:\/\/lightweb.dev\/l\/svm-temp\/wp-content\/uploads\/2025\/01\/svm20250129112417-300x133.webp 300w, https:\/\/lightweb.dev\/l\/svm-temp\/wp-content\/uploads\/2025\/01\/svm20250129112417-768x341.webp 768w, https:\/\/lightweb.dev\/l\/svm-temp\/wp-content\/uploads\/2025\/01\/svm20250129112417-610x271.webp 610w, https:\/\/lightweb.dev\/l\/svm-temp\/wp-content\/uploads\/2025\/01\/svm20250129112417-600x267.webp 600w\" sizes=\"(max-width: 900px) 100vw, 900px\" \/><p id=\"caption-attachment-77828\" class=\"wp-caption-text\">Klippan vid Almayate.<\/p><\/div>\n<p>Duktiga p\u00e5 navigation, bygga fartyg och k\u00e4nda f\u00f6r att bedriva handel och anl\u00e4gga handelsstationer runt Medelhavet. Fenicierna st\u00e5r f\u00f6r en imponerande historia.<\/p>\n<h2 class=\"entry-title\">L\u00e4s mer: <a href=\"https:\/\/lightweb.dev\/l\/svm-temp\/artiklar\/mat-vin\/vinstockens-resa-till-spanien\/\">Fenicierna tog vinstocken till Spanien<\/a><\/h2>\n<p>V\u00e9lez M\u00e1laga arrangerade nyligen en konferens f\u00f6r att uppm\u00e4rksamma 60-\u00e5rsdagen av n\u00e4r det tyska arkeologiska institutet gjorde de f\u00f6rsta utgr\u00e4vningarna av Toscanos, ett tidigare feniciskt samh\u00e4lle.<\/p>\n<p>Fenicierna grundade st\u00e4der som C\u00e1diz (Gadir) och M\u00e1laga (Malaka) plus ett dussintal arkeologiska platser som uppt\u00e4cktes 1964 i samband med utgr\u00e4vningar organiserade av tyska arkeologiska institutet IAAM i Madrid (Instituto Arqueol\u00f3gico Alem\u00e1n de Madrid) under ledning av professor Schubart.<\/p>\n<p>Sextio \u00e5r senare f\u00f6rblir flera av dessa viktiga arkeologiska l\u00e4mningar i stort sett bortgl\u00f6mda.<\/p>\n<p>&#8211; Vi s\u00e4ger tack och lov f\u00f6r att de flesta fortsatt ligger under mark f\u00f6r annars skulle de bli offer f\u00f6r plundring, s\u00e4ger historikern Pilar Pezzi och president vid Sociedad de Amigos de la Cultura (SAC).<\/p>\n<p>&#8211; Vi talar om n\u00e5gra av de viktigaste och b\u00e4st bevarade feniciska l\u00e4mningarna, s\u00e4ger Jos\u00e9 Ramos fr\u00e5n C\u00e1diz universitet och som var med vid utgr\u00e4vningarna som ung student.<\/p>\n<p>Problemet med flera av de feniciska l\u00e4mningarna som hittats och som \u00e4r k-m\u00e4rkta BIC (Bien de Inter\u00e9s Cultural) \u00e4r att de \u00e4r i privata h\u00e4nder.<\/p>\n<p>Kulturf\u00f6reningen SAC driver p\u00e5 att samtliga utgr\u00e4vningar ska administreras av f\u00f6rvaltningar som kommun och region.<\/p>\n<p>SAC organiserar guidade visningar av Toscanos som grundades 740 till 730 f\u00f6re Kristus. Som mest hade det feniciska samh\u00e4llet tv\u00e5 tusen inv\u00e5nare.<\/p>\n<p>Toscanos \u00f6vergavs \u00e5r 550 f\u00f6re Kristus d\u00e5 inv\u00e5narna flyttade till andra sidan floden r\u00edo V\u00e9lez och grundade Cerro del Mar och handelscentrum som Maenobe och Maenoba.<\/p>\n<p>Nyligen har det monterats upp nya skyltar vid platserna som informerar om den historiska milj\u00f6n.<\/p>\n","protected":false},"excerpt":{"rendered":"<p>Det beskrivs som Axarqu\u00edas dolda p\u00e4rla. F\u00f6r mer 2.500 \u00e5r sedan n\u00e5dde fenicierna fr\u00e5n v\u00e5ra dagars Libanon kusten vid det som nu \u00e4r V\u00e9lez-M\u00e1laga. N\u00e4ra klippan vid Almayate l\u00e5g flodmynningen och h\u00e4r slog sig fenicierna ner&#8230;<\/p>\n","protected":false},"author":7,"featured_media":77827,"comment_status":"closed","ping_status":"closed","sticky":false,"template":"","format":"standard","meta":{"_et_pb_use_builder":"","_et_pb_old_content":"","_et_gb_content_width":"","footnotes":""},"categories":[395,3],"tags":[],"class_list":["post-77829","post","type-post","status-publish","format-standard","has-post-thumbnail","hentry","category-arkiv-nyheter","category-nyheter"],"yoast_head":"<!-- This site is optimized with the Yoast SEO Premium plugin v26.2 (Yoast SEO v27.4) - https:\/\/yoast.com\/product\/yoast-seo-premium-wordpress\/ -->\n<title>V\u00e9lez-M\u00e1lagas feniciska historia uppm\u00e4rksammas - Svenska Magasinet<\/title>\n<meta name=\"description\" content=\"Det beskrivs som Axarqu\u00edas dolda p\u00e4rla. F\u00f6r mer 2.500 \u00e5r sedan n\u00e5dde fenicierna fr\u00e5n v\u00e5ra dagars Libanon kusten vid det som nu heter V\u00e9lez-M\u00e1laga. N\u00e4ra klippan vid Almayate l\u00e5g flodmynningen och h\u00e4r slog sig fenicierna ner.\" \/>\n<meta name=\"robots\" content=\"noindex, follow, max-snippet:-1, max-image-preview:large, max-video-preview:-1\" \/>\n<meta property=\"og:locale\" content=\"sv_SE\" \/>\n<meta property=\"og:type\" content=\"article\" \/>\n<meta property=\"og:title\" content=\"V\u00e9lez-M\u00e1lagas feniciska historia uppm\u00e4rksammas\" \/>\n<meta property=\"og:description\" content=\"Det beskrivs som Axarqu\u00edas dolda p\u00e4rla. F\u00f6r mer 2.500 \u00e5r sedan n\u00e5dde fenicierna fr\u00e5n v\u00e5ra dagars Libanon kusten vid det som nu heter V\u00e9lez-M\u00e1laga. N\u00e4ra klippan vid Almayate l\u00e5g flodmynningen och h\u00e4r slog sig fenicierna ner.\" \/>\n<meta property=\"og:url\" content=\"https:\/\/lightweb.dev\/l\/svm-temp\/nyheter\/kultur-nyheter\/velez-malagas-feniciska-historia-uppmarksammas\/\" \/>\n<meta property=\"og:site_name\" content=\"Svenska Magasinet\" \/>\n<meta property=\"article:publisher\" content=\"https:\/\/www.facebook.com\/svenskamagasinet\" \/>\n<meta property=\"article:published_time\" content=\"2025-01-29T11:27:18+00:00\" \/>\n<meta property=\"article:modified_time\" content=\"2025-01-29T11:36:57+00:00\" \/>\n<meta property=\"og:image\" content=\"https:\/\/lightweb.dev\/l\/svm-temp\/wp-content\/uploads\/2025\/01\/svm20250129112353.webp\" \/>\n\t<meta property=\"og:image:width\" content=\"900\" \/>\n\t<meta property=\"og:image:height\" content=\"400\" \/>\n\t<meta property=\"og:image:type\" content=\"image\/webp\" \/>\n<meta name=\"author\" content=\"Ola Josefsson\" \/>\n<meta name=\"twitter:card\" content=\"summary_large_image\" \/>\n<meta name=\"twitter:creator\" content=\"@SvenskaMagasine\" \/>\n<meta name=\"twitter:site\" content=\"@SvenskaMagasine\" \/>\n<script type=\"application\/ld+json\" class=\"yoast-schema-graph\">{\"@context\":\"https:\\\/\\\/schema.org\",\"@graph\":[{\"@type\":\"Article\",\"@id\":\"https:\\\/\\\/lightweb.dev\\\/l\\\/svm-temp\\\/nyheter\\\/kultur-nyheter\\\/velez-malagas-feniciska-historia-uppmarksammas\\\/#article\",\"isPartOf\":{\"@id\":\"https:\\\/\\\/lightweb.dev\\\/l\\\/svm-temp\\\/nyheter\\\/kultur-nyheter\\\/velez-malagas-feniciska-historia-uppmarksammas\\\/\"},\"author\":{\"name\":\"Ola Josefsson\",\"@id\":\"https:\\\/\\\/lightweb.dev\\\/l\\\/svm-temp\\\/#\\\/schema\\\/person\\\/7a82b8a73d171d32360a564b6d03508e\"},\"headline\":\"V\u00e9lez-M\u00e1lagas feniciska historia uppm\u00e4rksammas\",\"datePublished\":\"2025-01-29T11:27:18+00:00\",\"dateModified\":\"2025-01-29T11:36:57+00:00\",\"mainEntityOfPage\":{\"@id\":\"https:\\\/\\\/lightweb.dev\\\/l\\\/svm-temp\\\/nyheter\\\/kultur-nyheter\\\/velez-malagas-feniciska-historia-uppmarksammas\\\/\"},\"wordCount\":386,\"publisher\":{\"@id\":\"https:\\\/\\\/lightweb.dev\\\/l\\\/svm-temp\\\/#organization\"},\"image\":{\"@id\":\"https:\\\/\\\/lightweb.dev\\\/l\\\/svm-temp\\\/nyheter\\\/kultur-nyheter\\\/velez-malagas-feniciska-historia-uppmarksammas\\\/#primaryimage\"},\"thumbnailUrl\":\"https:\\\/\\\/lightweb.dev\\\/l\\\/svm-temp\\\/wp-content\\\/uploads\\\/2025\\\/01\\\/svm20250129112353.webp\",\"articleSection\":[\"Arkiv\",\"Nyheter\"],\"inLanguage\":\"sv-SE\"},{\"@type\":\"WebPage\",\"@id\":\"https:\\\/\\\/lightweb.dev\\\/l\\\/svm-temp\\\/nyheter\\\/kultur-nyheter\\\/velez-malagas-feniciska-historia-uppmarksammas\\\/\",\"url\":\"https:\\\/\\\/lightweb.dev\\\/l\\\/svm-temp\\\/nyheter\\\/kultur-nyheter\\\/velez-malagas-feniciska-historia-uppmarksammas\\\/\",\"name\":\"V\u00e9lez-M\u00e1lagas feniciska historia uppm\u00e4rksammas - Svenska Magasinet\",\"isPartOf\":{\"@id\":\"https:\\\/\\\/lightweb.dev\\\/l\\\/svm-temp\\\/#website\"},\"primaryImageOfPage\":{\"@id\":\"https:\\\/\\\/lightweb.dev\\\/l\\\/svm-temp\\\/nyheter\\\/kultur-nyheter\\\/velez-malagas-feniciska-historia-uppmarksammas\\\/#primaryimage\"},\"image\":{\"@id\":\"https:\\\/\\\/lightweb.dev\\\/l\\\/svm-temp\\\/nyheter\\\/kultur-nyheter\\\/velez-malagas-feniciska-historia-uppmarksammas\\\/#primaryimage\"},\"thumbnailUrl\":\"https:\\\/\\\/lightweb.dev\\\/l\\\/svm-temp\\\/wp-content\\\/uploads\\\/2025\\\/01\\\/svm20250129112353.webp\",\"datePublished\":\"2025-01-29T11:27:18+00:00\",\"dateModified\":\"2025-01-29T11:36:57+00:00\",\"description\":\"Det beskrivs som Axarqu\u00edas dolda p\u00e4rla. F\u00f6r mer 2.500 \u00e5r sedan n\u00e5dde fenicierna fr\u00e5n v\u00e5ra dagars Libanon kusten vid det som nu heter V\u00e9lez-M\u00e1laga. N\u00e4ra klippan vid Almayate l\u00e5g flodmynningen och h\u00e4r slog sig fenicierna ner.\",\"breadcrumb\":{\"@id\":\"https:\\\/\\\/lightweb.dev\\\/l\\\/svm-temp\\\/nyheter\\\/kultur-nyheter\\\/velez-malagas-feniciska-historia-uppmarksammas\\\/#breadcrumb\"},\"inLanguage\":\"sv-SE\",\"potentialAction\":[{\"@type\":\"ReadAction\",\"target\":[\"https:\\\/\\\/lightweb.dev\\\/l\\\/svm-temp\\\/nyheter\\\/kultur-nyheter\\\/velez-malagas-feniciska-historia-uppmarksammas\\\/\"]}]},{\"@type\":\"ImageObject\",\"inLanguage\":\"sv-SE\",\"@id\":\"https:\\\/\\\/lightweb.dev\\\/l\\\/svm-temp\\\/nyheter\\\/kultur-nyheter\\\/velez-malagas-feniciska-historia-uppmarksammas\\\/#primaryimage\",\"url\":\"https:\\\/\\\/lightweb.dev\\\/l\\\/svm-temp\\\/wp-content\\\/uploads\\\/2025\\\/01\\\/svm20250129112353.webp\",\"contentUrl\":\"https:\\\/\\\/lightweb.dev\\\/l\\\/svm-temp\\\/wp-content\\\/uploads\\\/2025\\\/01\\\/svm20250129112353.webp\",\"width\":900,\"height\":400,\"caption\":\"(Foto: V\u00e9lez M\u00e1laga kommun)\"},{\"@type\":\"BreadcrumbList\",\"@id\":\"https:\\\/\\\/lightweb.dev\\\/l\\\/svm-temp\\\/nyheter\\\/kultur-nyheter\\\/velez-malagas-feniciska-historia-uppmarksammas\\\/#breadcrumb\",\"itemListElement\":[{\"@type\":\"ListItem\",\"position\":1,\"name\":\"Hem\",\"item\":\"https:\\\/\\\/lightweb.dev\\\/l\\\/svm-temp\\\/\"},{\"@type\":\"ListItem\",\"position\":2,\"name\":\"V\u00e9lez-M\u00e1lagas feniciska historia uppm\u00e4rksammas\"}]},{\"@type\":\"WebSite\",\"@id\":\"https:\\\/\\\/lightweb.dev\\\/l\\\/svm-temp\\\/#website\",\"url\":\"https:\\\/\\\/lightweb.dev\\\/l\\\/svm-temp\\\/\",\"name\":\"Svenska Magasinet\",\"description\":\"Dina Spanska nyheter p&aring; Svenska\",\"publisher\":{\"@id\":\"https:\\\/\\\/lightweb.dev\\\/l\\\/svm-temp\\\/#organization\"},\"potentialAction\":[{\"@type\":\"SearchAction\",\"target\":{\"@type\":\"EntryPoint\",\"urlTemplate\":\"https:\\\/\\\/lightweb.dev\\\/l\\\/svm-temp\\\/?s={search_term_string}\"},\"query-input\":{\"@type\":\"PropertyValueSpecification\",\"valueRequired\":true,\"valueName\":\"search_term_string\"}}],\"inLanguage\":\"sv-SE\"},{\"@type\":\"Organization\",\"@id\":\"https:\\\/\\\/lightweb.dev\\\/l\\\/svm-temp\\\/#organization\",\"name\":\"Melkerson y Nott SL\",\"alternateName\":\"Svenska Magasinet\",\"url\":\"https:\\\/\\\/lightweb.dev\\\/l\\\/svm-temp\\\/\",\"logo\":{\"@type\":\"ImageObject\",\"inLanguage\":\"sv-SE\",\"@id\":\"https:\\\/\\\/lightweb.dev\\\/l\\\/svm-temp\\\/#\\\/schema\\\/logo\\\/image\\\/\",\"url\":\"https:\\\/\\\/lightweb.dev\\\/l\\\/svm-temp\\\/wp-content\\\/uploads\\\/2025\\\/02\\\/SvM-logo-Xtra-Centrerad-SVART.png\",\"contentUrl\":\"https:\\\/\\\/lightweb.dev\\\/l\\\/svm-temp\\\/wp-content\\\/uploads\\\/2025\\\/02\\\/SvM-logo-Xtra-Centrerad-SVART.png\",\"width\":300,\"height\":99,\"caption\":\"Melkerson y Nott SL\"},\"image\":{\"@id\":\"https:\\\/\\\/lightweb.dev\\\/l\\\/svm-temp\\\/#\\\/schema\\\/logo\\\/image\\\/\"},\"sameAs\":[\"https:\\\/\\\/www.facebook.com\\\/svenskamagasinet\",\"https:\\\/\\\/x.com\\\/SvenskaMagasine\"]},{\"@type\":\"Person\",\"@id\":\"https:\\\/\\\/lightweb.dev\\\/l\\\/svm-temp\\\/#\\\/schema\\\/person\\\/7a82b8a73d171d32360a564b6d03508e\",\"name\":\"Ola Josefsson\",\"description\":\"Bevakar Solkusten och Spanien sedan 1994.\",\"sameAs\":[\"https:\\\/\\\/lightweb.dev\\\/l\\\/svm-temp\"],\"url\":\"https:\\\/\\\/lightweb.dev\\\/l\\\/svm-temp\\\/reporter\\\/ola-josefsson\\\/\"}]}<\/script>\n<!-- \/ Yoast SEO Premium plugin. -->","yoast_head_json":{"title":"V\u00e9lez-M\u00e1lagas feniciska historia uppm\u00e4rksammas - Svenska Magasinet","description":"Det beskrivs som Axarqu\u00edas dolda p\u00e4rla. F\u00f6r mer 2.500 \u00e5r sedan n\u00e5dde fenicierna fr\u00e5n v\u00e5ra dagars Libanon kusten vid det som nu heter V\u00e9lez-M\u00e1laga. N\u00e4ra klippan vid Almayate l\u00e5g flodmynningen och h\u00e4r slog sig fenicierna ner.","robots":{"index":"noindex","follow":"follow","max-snippet":"max-snippet:-1","max-image-preview":"max-image-preview:large","max-video-preview":"max-video-preview:-1"},"og_locale":"sv_SE","og_type":"article","og_title":"V\u00e9lez-M\u00e1lagas feniciska historia uppm\u00e4rksammas","og_description":"Det beskrivs som Axarqu\u00edas dolda p\u00e4rla. F\u00f6r mer 2.500 \u00e5r sedan n\u00e5dde fenicierna fr\u00e5n v\u00e5ra dagars Libanon kusten vid det som nu heter V\u00e9lez-M\u00e1laga. N\u00e4ra klippan vid Almayate l\u00e5g flodmynningen och h\u00e4r slog sig fenicierna ner.","og_url":"https:\/\/lightweb.dev\/l\/svm-temp\/nyheter\/kultur-nyheter\/velez-malagas-feniciska-historia-uppmarksammas\/","og_site_name":"Svenska Magasinet","article_publisher":"https:\/\/www.facebook.com\/svenskamagasinet","article_published_time":"2025-01-29T11:27:18+00:00","article_modified_time":"2025-01-29T11:36:57+00:00","og_image":[{"width":900,"height":400,"url":"https:\/\/lightweb.dev\/l\/svm-temp\/wp-content\/uploads\/2025\/01\/svm20250129112353.webp","type":"image\/webp"}],"author":"Ola Josefsson","twitter_card":"summary_large_image","twitter_creator":"@SvenskaMagasine","twitter_site":"@SvenskaMagasine","schema":{"@context":"https:\/\/schema.org","@graph":[{"@type":"Article","@id":"https:\/\/lightweb.dev\/l\/svm-temp\/nyheter\/kultur-nyheter\/velez-malagas-feniciska-historia-uppmarksammas\/#article","isPartOf":{"@id":"https:\/\/lightweb.dev\/l\/svm-temp\/nyheter\/kultur-nyheter\/velez-malagas-feniciska-historia-uppmarksammas\/"},"author":{"name":"Ola Josefsson","@id":"https:\/\/lightweb.dev\/l\/svm-temp\/#\/schema\/person\/7a82b8a73d171d32360a564b6d03508e"},"headline":"V\u00e9lez-M\u00e1lagas feniciska historia uppm\u00e4rksammas","datePublished":"2025-01-29T11:27:18+00:00","dateModified":"2025-01-29T11:36:57+00:00","mainEntityOfPage":{"@id":"https:\/\/lightweb.dev\/l\/svm-temp\/nyheter\/kultur-nyheter\/velez-malagas-feniciska-historia-uppmarksammas\/"},"wordCount":386,"publisher":{"@id":"https:\/\/lightweb.dev\/l\/svm-temp\/#organization"},"image":{"@id":"https:\/\/lightweb.dev\/l\/svm-temp\/nyheter\/kultur-nyheter\/velez-malagas-feniciska-historia-uppmarksammas\/#primaryimage"},"thumbnailUrl":"https:\/\/lightweb.dev\/l\/svm-temp\/wp-content\/uploads\/2025\/01\/svm20250129112353.webp","articleSection":["Arkiv","Nyheter"],"inLanguage":"sv-SE"},{"@type":"WebPage","@id":"https:\/\/lightweb.dev\/l\/svm-temp\/nyheter\/kultur-nyheter\/velez-malagas-feniciska-historia-uppmarksammas\/","url":"https:\/\/lightweb.dev\/l\/svm-temp\/nyheter\/kultur-nyheter\/velez-malagas-feniciska-historia-uppmarksammas\/","name":"V\u00e9lez-M\u00e1lagas feniciska historia uppm\u00e4rksammas - Svenska Magasinet","isPartOf":{"@id":"https:\/\/lightweb.dev\/l\/svm-temp\/#website"},"primaryImageOfPage":{"@id":"https:\/\/lightweb.dev\/l\/svm-temp\/nyheter\/kultur-nyheter\/velez-malagas-feniciska-historia-uppmarksammas\/#primaryimage"},"image":{"@id":"https:\/\/lightweb.dev\/l\/svm-temp\/nyheter\/kultur-nyheter\/velez-malagas-feniciska-historia-uppmarksammas\/#primaryimage"},"thumbnailUrl":"https:\/\/lightweb.dev\/l\/svm-temp\/wp-content\/uploads\/2025\/01\/svm20250129112353.webp","datePublished":"2025-01-29T11:27:18+00:00","dateModified":"2025-01-29T11:36:57+00:00","description":"Det beskrivs som Axarqu\u00edas dolda p\u00e4rla. F\u00f6r mer 2.500 \u00e5r sedan n\u00e5dde fenicierna fr\u00e5n v\u00e5ra dagars Libanon kusten vid det som nu heter V\u00e9lez-M\u00e1laga. N\u00e4ra klippan vid Almayate l\u00e5g flodmynningen och h\u00e4r slog sig fenicierna ner.","breadcrumb":{"@id":"https:\/\/lightweb.dev\/l\/svm-temp\/nyheter\/kultur-nyheter\/velez-malagas-feniciska-historia-uppmarksammas\/#breadcrumb"},"inLanguage":"sv-SE","potentialAction":[{"@type":"ReadAction","target":["https:\/\/lightweb.dev\/l\/svm-temp\/nyheter\/kultur-nyheter\/velez-malagas-feniciska-historia-uppmarksammas\/"]}]},{"@type":"ImageObject","inLanguage":"sv-SE","@id":"https:\/\/lightweb.dev\/l\/svm-temp\/nyheter\/kultur-nyheter\/velez-malagas-feniciska-historia-uppmarksammas\/#primaryimage","url":"https:\/\/lightweb.dev\/l\/svm-temp\/wp-content\/uploads\/2025\/01\/svm20250129112353.webp","contentUrl":"https:\/\/lightweb.dev\/l\/svm-temp\/wp-content\/uploads\/2025\/01\/svm20250129112353.webp","width":900,"height":400,"caption":"(Foto: V\u00e9lez M\u00e1laga kommun)"},{"@type":"BreadcrumbList","@id":"https:\/\/lightweb.dev\/l\/svm-temp\/nyheter\/kultur-nyheter\/velez-malagas-feniciska-historia-uppmarksammas\/#breadcrumb","itemListElement":[{"@type":"ListItem","position":1,"name":"Hem","item":"https:\/\/lightweb.dev\/l\/svm-temp\/"},{"@type":"ListItem","position":2,"name":"V\u00e9lez-M\u00e1lagas feniciska historia uppm\u00e4rksammas"}]},{"@type":"WebSite","@id":"https:\/\/lightweb.dev\/l\/svm-temp\/#website","url":"https:\/\/lightweb.dev\/l\/svm-temp\/","name":"Svenska Magasinet","description":"Dina Spanska nyheter p&aring; Svenska","publisher":{"@id":"https:\/\/lightweb.dev\/l\/svm-temp\/#organization"},"potentialAction":[{"@type":"SearchAction","target":{"@type":"EntryPoint","urlTemplate":"https:\/\/lightweb.dev\/l\/svm-temp\/?s={search_term_string}"},"query-input":{"@type":"PropertyValueSpecification","valueRequired":true,"valueName":"search_term_string"}}],"inLanguage":"sv-SE"},{"@type":"Organization","@id":"https:\/\/lightweb.dev\/l\/svm-temp\/#organization","name":"Melkerson y Nott SL","alternateName":"Svenska Magasinet","url":"https:\/\/lightweb.dev\/l\/svm-temp\/","logo":{"@type":"ImageObject","inLanguage":"sv-SE","@id":"https:\/\/lightweb.dev\/l\/svm-temp\/#\/schema\/logo\/image\/","url":"https:\/\/lightweb.dev\/l\/svm-temp\/wp-content\/uploads\/2025\/02\/SvM-logo-Xtra-Centrerad-SVART.png","contentUrl":"https:\/\/lightweb.dev\/l\/svm-temp\/wp-content\/uploads\/2025\/02\/SvM-logo-Xtra-Centrerad-SVART.png","width":300,"height":99,"caption":"Melkerson y Nott SL"},"image":{"@id":"https:\/\/lightweb.dev\/l\/svm-temp\/#\/schema\/logo\/image\/"},"sameAs":["https:\/\/www.facebook.com\/svenskamagasinet","https:\/\/x.com\/SvenskaMagasine"]},{"@type":"Person","@id":"https:\/\/lightweb.dev\/l\/svm-temp\/#\/schema\/person\/7a82b8a73d171d32360a564b6d03508e","name":"Ola Josefsson","description":"Bevakar Solkusten och Spanien sedan 1994.","sameAs":["https:\/\/lightweb.dev\/l\/svm-temp"],"url":"https:\/\/lightweb.dev\/l\/svm-temp\/reporter\/ola-josefsson\/"}]}},"_links":{"self":[{"href":"https:\/\/lightweb.dev\/l\/svm-temp\/wp-json\/wp\/v2\/posts\/77829","targetHints":{"allow":["GET"]}}],"collection":[{"href":"https:\/\/lightweb.dev\/l\/svm-temp\/wp-json\/wp\/v2\/posts"}],"about":[{"href":"https:\/\/lightweb.dev\/l\/svm-temp\/wp-json\/wp\/v2\/types\/post"}],"author":[{"embeddable":true,"href":"https:\/\/lightweb.dev\/l\/svm-temp\/wp-json\/wp\/v2\/users\/7"}],"replies":[{"embeddable":true,"href":"https:\/\/lightweb.dev\/l\/svm-temp\/wp-json\/wp\/v2\/comments?post=77829"}],"version-history":[{"count":0,"href":"https:\/\/lightweb.dev\/l\/svm-temp\/wp-json\/wp\/v2\/posts\/77829\/revisions"}],"wp:featuredmedia":[{"embeddable":true,"href":"https:\/\/lightweb.dev\/l\/svm-temp\/wp-json\/wp\/v2\/media\/77827"}],"wp:attachment":[{"href":"https:\/\/lightweb.dev\/l\/svm-temp\/wp-json\/wp\/v2\/media?parent=77829"}],"wp:term":[{"taxonomy":"category","embeddable":true,"href":"https:\/\/lightweb.dev\/l\/svm-temp\/wp-json\/wp\/v2\/categories?post=77829"},{"taxonomy":"post_tag","embeddable":true,"href":"https:\/\/lightweb.dev\/l\/svm-temp\/wp-json\/wp\/v2\/tags?post=77829"}],"curies":[{"name":"wp","href":"https:\/\/api.w.org\/{rel}","templated":true}]}}