{"id":77839,"date":"2025-01-29T16:38:56","date_gmt":"2025-01-29T15:38:56","guid":{"rendered":"https:\/\/lightweb.dev\/l\/svm-temp\/?p=77839"},"modified":"2025-01-29T16:39:43","modified_gmt":"2025-01-29T15:39:43","slug":"malaga-infor-kameraboter-vid-metroovergang-nya-regler-for-trafiksakerhet","status":"publish","type":"post","link":"https:\/\/lightweb.dev\/l\/svm-temp\/nyheter\/malaga-infor-kameraboter-vid-metroovergang-nya-regler-for-trafiksakerhet\/","title":{"rendered":"M\u00e1laga inf\u00f6r kamerab\u00f6ter vid metro\u00f6verg\u00e5ng"},"content":{"rendered":"<p>M\u00e1lagas kommun sk\u00e4rper nu \u00f6vervakningen av trafiken genom att inf\u00f6ra <strong>kamerabaserade b\u00f6ter<\/strong> f\u00f6r f\u00f6rare som k\u00f6r mot r\u00f6tt vid en viktig metro\u00f6verg\u00e5ng i <strong>Teatinos<\/strong>. Tv\u00e5 h\u00f6gteknologiska <strong>&#8221;foto rojo&#8221;<\/strong>-kameror kommer att installeras vid korsningen mellan <strong>Calle Jim\u00e9nez Fraud<\/strong> och <strong>Boulevard Louis Pasteur<\/strong>, d\u00e4r metron korsar bilv\u00e4gen mellan h\u00e5llplatserna <strong>Universidad<\/strong> och <strong>Cl\u00ednico<\/strong>. Syftet med \u00e5tg\u00e4rden \u00e4r att \u00f6ka <strong>trafiks\u00e4kerheten<\/strong> och minska risken f\u00f6r olyckor vid denna v\u00e4ltrafikerade korsning.<\/p>\n<p>Denna f\u00f6r\u00e4ndring sker samtidigt som M\u00e1laga genomf\u00f6r en rad uppdateringar inom kollektivtrafiken, d\u00e4r <strong>gratisresor med Cercan\u00edas-pendelt\u00e5get upph\u00f6r<\/strong>, metropriserna h\u00f6js och busspriserna f\u00f6rblir of\u00f6r\u00e4ndrade.<\/p>\n<h2><strong>Nya kameror ska f\u00e5nga r\u00f6dljusk\u00f6rningar i realtid<\/strong><\/h2>\n<p>Kommunen har beslutat att anv\u00e4nda <strong>foto rojo-teknik<\/strong>, som har blivit en allt vanligare metod f\u00f6r att identifiera och b\u00f6tf\u00e4lla f\u00f6rare som inte respekterar trafikljusen. Systemet fungerar genom att kamerorna <strong>automatiskt registrerar<\/strong> de fordon som passerar stopplinjen n\u00e4r trafikljuset visar r\u00f6tt.<\/p>\n<h3><strong>S\u00e5 fungerar systemet<\/strong><\/h3>\n<p>\ud83d\udcf8 <strong>Automatisk registrering<\/strong>: Kamerorna \u00e4r kopplade till trafikljusen och tar endast bilder och videoklipp n\u00e4r ett fordon bryter mot r\u00f6dljussignalen.<\/p>\n<p>\ud83d\ude97 <strong>Dubbel \u00f6vervakning<\/strong>: Tv\u00e5 kameror installeras vid korsningen \u2013 en f\u00f6r varje riktning \u2013 vilket inneb\u00e4r att b\u00e5da k\u00f6rf\u00e4lten \u00f6vervakas dygnet runt.<\/p>\n<p>\ud83d\udd0e <strong>S\u00e4ker bevisinsamling<\/strong>: N\u00e4r en \u00f6vertr\u00e4delse sker tar systemet <strong>flera bilder och en kort videosekvens<\/strong> som dokumenterar h\u00e4ndelsen innan, under och efter r\u00f6dljusk\u00f6rningen. Registreringsnumret registreras f\u00f6r att s\u00e4kerst\u00e4lla korrekta b\u00f6ter.<\/p>\n<p>\ud83c\udf19 <strong>Fungerar dag och natt<\/strong>: Kamerorna har infrar\u00f6d belysning, vilket g\u00f6r att de kan identifiera \u00f6vertr\u00e4delser \u00e4ven i m\u00f6rker och vid d\u00e5liga v\u00e4derf\u00f6rh\u00e5llanden.<\/p>\n<p>Denna metod anv\u00e4nds redan i flera andra spanska st\u00e4der och har visat sig vara effektiv f\u00f6r att minska antalet olyckor vid <strong>trafikljusreglerade \u00f6verg\u00e5ngar<\/strong>.<\/p>\n<h2><strong>Varf\u00f6r inf\u00f6rs kamera\u00f6vervakningen?<\/strong><\/h2>\n<p>Metro\u00f6verg\u00e5ngen i Teatinos \u00e4r en av de mest trafikerade i M\u00e1laga, s\u00e4rskilt p\u00e5 grund av sitt l\u00e4ge n\u00e4ra <strong>Universitetet i M\u00e1laga (UMA)<\/strong> och det n\u00e4rliggande sjukhuset <strong>Hospital Cl\u00ednico Universitario Virgen de la Victoria<\/strong>. Kombinationen av <strong>biltrafik, metro och fotg\u00e4ngare<\/strong> g\u00f6r platsen extra k\u00e4nslig f\u00f6r olyckor.<\/p>\n<p>Kommunen har identifierat <strong>flera incidenter<\/strong> d\u00e4r f\u00f6rare har k\u00f6rt mot r\u00f6tt vid korsningen, vilket utg\u00f6r en <strong>stor s\u00e4kerhetsrisk<\/strong> f\u00f6r b\u00e5de bilister, metrof\u00f6rare och fotg\u00e4ngare. Genom att installera kamera\u00f6vervakning hoppas staden kunna <strong>f\u00f6rebygga olyckor och \u00f6ka efterlevnaden av trafikreglerna<\/strong>.<\/p>\n<h2><strong>\u00c4ndringar i kollektivtrafiken i M\u00e1laga<\/strong><\/h2>\n<p>F\u00f6rutom de nya trafiks\u00e4kerhets\u00e5tg\u00e4rderna genomg\u00e5r <strong>M\u00e1lagas kollektivtrafiksystem flera f\u00f6r\u00e4ndringar<\/strong> som p\u00e5verkar resen\u00e4rer.<\/p>\n<h3><strong>1. Slut p\u00e5 gratisresor med Cercan\u00edas-pendelt\u00e5get<\/strong><\/h3>\n<p>Under en l\u00e4ngre tid har resen\u00e4rer kunnat \u00e5ka <strong>gratis med Cercan\u00edas-pendelt\u00e5get<\/strong> inom M\u00e1laga som en del av en statlig subvention. Denna f\u00f6rm\u00e5n upph\u00f6r nu, vilket inneb\u00e4r att resen\u00e4rer \u00e5terigen m\u00e5ste betala fullpris f\u00f6r sina biljetter.<\/p>\n<h3><strong>2. Metropriserna h\u00f6js<\/strong><\/h3>\n<p>M\u00e1lagas metro, som \u00e4r en viktig transportl\u00f6sning f\u00f6r inv\u00e5narna, blir nu <strong>dyrare<\/strong>. Prish\u00f6jningen motiveras av \u00f6kade driftskostnader och investeringar i utbyggnaden av n\u00e4tverket. Exakta belopp f\u00f6r de nya priserna har \u00e4nnu inte meddelats, men det v\u00e4ntas p\u00e5verka dagliga pendlare och studenter som \u00e4r beroende av metron f\u00f6r att ta sig till arbete och universitet.<\/p>\n<h3><strong>3. EMT-busspriserna f\u00f6rblir of\u00f6r\u00e4ndrade<\/strong><\/h3>\n<p>Till skillnad fr\u00e5n pendelt\u00e5get och metron <strong>f\u00f6rblir priserna f\u00f6r EMT-bussarna of\u00f6r\u00e4ndrade<\/strong> i M\u00e1laga. EMT (Empresa Malague\u00f1a de Transportes) \u00e4r stadens lokala bussbolag och anv\u00e4nds av tusentals resen\u00e4rer varje dag. Att bussbiljetterna inte p\u00e5verkas av pris\u00e4ndringarna \u00e4r en l\u00e4ttnad f\u00f6r m\u00e5nga pendlare, s\u00e4rskilt de som inte har tillg\u00e5ng till metro eller Cercan\u00edas.<\/p>\n<h2><strong>Vad betyder dessa f\u00f6r\u00e4ndringar f\u00f6r M\u00e1lagas inv\u00e5nare?<\/strong><\/h2>\n<p>Den nya kamerabevakningen vid metro\u00f6verg\u00e5ngen och f\u00f6r\u00e4ndringarna inom kollektivtrafiken \u00e4r en del av en st\u00f6rre satsning p\u00e5 <strong>s\u00e4kerhet och effektivitet i M\u00e1lagas transportsystem<\/strong>.<\/p>\n<p>\ud83d\udea6 <strong>F\u00f6r f\u00f6rare<\/strong>: De som ofta f\u00e4rdas genom Teatinos b\u00f6r vara extra uppm\u00e4rksamma vid metro\u00f6verg\u00e5ngen f\u00f6r att undvika b\u00f6ter. Med den nya tekniken blir det n\u00e4stan om\u00f6jligt att undg\u00e5 straff om man k\u00f6r mot r\u00f6tt.<\/p>\n<p>\ud83d\ude8c <strong>F\u00f6r kollektivtrafikanv\u00e4ndare<\/strong>: Slutet p\u00e5 gratisresor och h\u00f6jda metropriser kan inneb\u00e4ra h\u00f6gre kostnader f\u00f6r dagliga resen\u00e4rer, men EMT-bussarna f\u00f6rblir ett prisv\u00e4rt alternativ.<\/p>\n<p>\ud83d\udcc9 <strong>F\u00f6r trafiks\u00e4kerheten<\/strong>: Erfarenheter fr\u00e5n andra st\u00e4der visar att kamera\u00f6vervakning vid trafikljus effektivt minskar r\u00f6dljusk\u00f6rningar och d\u00e4rmed \u00e4ven risken f\u00f6r olyckor.<\/p>\n<h2><strong>Sammanfattning<\/strong><\/h2>\n<p>M\u00e1laga inf\u00f6r nu en <strong>kamerabaserad b\u00f6tf\u00e4llning<\/strong> f\u00f6r f\u00f6rare som k\u00f6r mot r\u00f6tt vid metro\u00f6verg\u00e5ngen i <strong>Teatinos<\/strong>, med syftet att f\u00f6rb\u00e4ttra <strong>trafiks\u00e4kerheten<\/strong>. Samtidigt sker flera f\u00f6r\u00e4ndringar inom kollektivtrafiken: <strong>gratisresor med Cercan\u00edas avskaffas, metropriserna h\u00f6js och EMT-bussarna beh\u00e5ller sina nuvarande priser<\/strong>.<\/p>\n<p>Den som k\u00f6r i M\u00e1laga b\u00f6r vara medveten om dessa f\u00f6r\u00e4ndringar f\u00f6r att undvika b\u00f6ter och anpassa sina resvanor till de nya f\u00f6ruts\u00e4ttningarna.<\/p>\n","protected":false},"excerpt":{"rendered":"<p>M\u00e1lagas kommun sk\u00e4rper nu \u00f6vervakningen av trafiken genom att inf\u00f6ra kamerabaserade b\u00f6ter f\u00f6r f\u00f6rare som k\u00f6r mot r\u00f6tt vid en viktig metro\u00f6verg\u00e5ng i Teatinos.<\/p>\n","protected":false},"author":8,"featured_media":77840,"comment_status":"closed","ping_status":"closed","sticky":false,"template":"","format":"standard","meta":{"_et_pb_use_builder":"","_et_pb_old_content":"","_et_gb_content_width":"","footnotes":""},"categories":[284,3],"tags":[],"class_list":["post-77839","post","type-post","status-publish","format-standard","has-post-thumbnail","hentry","category-inrikes","category-nyheter"],"yoast_head":"<!-- This site is optimized with the Yoast SEO Premium plugin v26.2 (Yoast SEO v27.4) - https:\/\/yoast.com\/product\/yoast-seo-premium-wordpress\/ -->\n<title>M\u00e1laga inf\u00f6r kamerab\u00f6ter vid metro\u00f6verg\u00e5ng - Svenska Magasinet<\/title>\n<meta name=\"description\" content=\"M\u00e1laga sk\u00e4rper \u00f6vervakningen av trafiken med kamerabaserade b\u00f6ter vid en viktig metro\u00f6verg\u00e5ng i Teatinos. L\u00e4s mer om hur de vill minska olyckor och f\u00f6rb\u00e4ttra trafiks\u00e4kerheten.\" \/>\n<meta name=\"robots\" content=\"noindex, follow, max-snippet:-1, max-image-preview:large, max-video-preview:-1\" \/>\n<meta property=\"og:locale\" content=\"sv_SE\" \/>\n<meta property=\"og:type\" content=\"article\" \/>\n<meta property=\"og:title\" content=\"M\u00e1laga inf\u00f6r kamerab\u00f6ter vid metro\u00f6verg\u00e5ng\" \/>\n<meta property=\"og:description\" content=\"M\u00e1laga sk\u00e4rper \u00f6vervakningen av trafiken med kamerabaserade b\u00f6ter vid en viktig metro\u00f6verg\u00e5ng i Teatinos. L\u00e4s mer om hur de vill minska olyckor och f\u00f6rb\u00e4ttra trafiks\u00e4kerheten.\" \/>\n<meta property=\"og:url\" content=\"https:\/\/lightweb.dev\/l\/svm-temp\/nyheter\/lokalt\/malaga-infor-kameraboter-vid-metroovergang-nya-regler-for-trafiksakerhet\/\" \/>\n<meta property=\"og:site_name\" content=\"Svenska Magasinet\" \/>\n<meta property=\"article:publisher\" content=\"https:\/\/www.facebook.com\/svenskamagasinet\" \/>\n<meta property=\"article:published_time\" content=\"2025-01-29T15:38:56+00:00\" \/>\n<meta property=\"article:modified_time\" content=\"2025-01-29T15:39:43+00:00\" \/>\n<meta property=\"og:image\" content=\"https:\/\/lightweb.dev\/l\/svm-temp\/wp-content\/uploads\/2025\/01\/svm20250129153814.webp\" \/>\n\t<meta property=\"og:image:width\" content=\"900\" \/>\n\t<meta property=\"og:image:height\" content=\"400\" \/>\n\t<meta property=\"og:image:type\" content=\"image\/webp\" \/>\n<meta name=\"author\" content=\"Redaktionen SvM\" \/>\n<meta name=\"twitter:card\" content=\"summary_large_image\" \/>\n<meta name=\"twitter:creator\" content=\"@SvenskaMagasine\" \/>\n<meta name=\"twitter:site\" content=\"@SvenskaMagasine\" \/>\n<script type=\"application\/ld+json\" class=\"yoast-schema-graph\">{\"@context\":\"https:\\\/\\\/schema.org\",\"@graph\":[{\"@type\":\"Article\",\"@id\":\"https:\\\/\\\/lightweb.dev\\\/l\\\/svm-temp\\\/nyheter\\\/lokalt\\\/malaga-infor-kameraboter-vid-metroovergang-nya-regler-for-trafiksakerhet\\\/#article\",\"isPartOf\":{\"@id\":\"https:\\\/\\\/lightweb.dev\\\/l\\\/svm-temp\\\/nyheter\\\/lokalt\\\/malaga-infor-kameraboter-vid-metroovergang-nya-regler-for-trafiksakerhet\\\/\"},\"author\":{\"name\":\"Redaktionen SvM\",\"@id\":\"https:\\\/\\\/lightweb.dev\\\/l\\\/svm-temp\\\/#\\\/schema\\\/person\\\/206a3bda5b607b0c25e1749191e4d837\"},\"headline\":\"M\u00e1laga inf\u00f6r kamerab\u00f6ter vid metro\u00f6verg\u00e5ng\",\"datePublished\":\"2025-01-29T15:38:56+00:00\",\"dateModified\":\"2025-01-29T15:39:43+00:00\",\"mainEntityOfPage\":{\"@id\":\"https:\\\/\\\/lightweb.dev\\\/l\\\/svm-temp\\\/nyheter\\\/lokalt\\\/malaga-infor-kameraboter-vid-metroovergang-nya-regler-for-trafiksakerhet\\\/\"},\"wordCount\":909,\"publisher\":{\"@id\":\"https:\\\/\\\/lightweb.dev\\\/l\\\/svm-temp\\\/#organization\"},\"image\":{\"@id\":\"https:\\\/\\\/lightweb.dev\\\/l\\\/svm-temp\\\/nyheter\\\/lokalt\\\/malaga-infor-kameraboter-vid-metroovergang-nya-regler-for-trafiksakerhet\\\/#primaryimage\"},\"thumbnailUrl\":\"https:\\\/\\\/lightweb.dev\\\/l\\\/svm-temp\\\/wp-content\\\/uploads\\\/2025\\\/01\\\/svm20250129153814.webp\",\"articleSection\":[\"Inrikes\",\"Nyheter\"],\"inLanguage\":\"sv-SE\"},{\"@type\":\"WebPage\",\"@id\":\"https:\\\/\\\/lightweb.dev\\\/l\\\/svm-temp\\\/nyheter\\\/lokalt\\\/malaga-infor-kameraboter-vid-metroovergang-nya-regler-for-trafiksakerhet\\\/\",\"url\":\"https:\\\/\\\/lightweb.dev\\\/l\\\/svm-temp\\\/nyheter\\\/lokalt\\\/malaga-infor-kameraboter-vid-metroovergang-nya-regler-for-trafiksakerhet\\\/\",\"name\":\"M\u00e1laga inf\u00f6r kamerab\u00f6ter vid metro\u00f6verg\u00e5ng - Svenska Magasinet\",\"isPartOf\":{\"@id\":\"https:\\\/\\\/lightweb.dev\\\/l\\\/svm-temp\\\/#website\"},\"primaryImageOfPage\":{\"@id\":\"https:\\\/\\\/lightweb.dev\\\/l\\\/svm-temp\\\/nyheter\\\/lokalt\\\/malaga-infor-kameraboter-vid-metroovergang-nya-regler-for-trafiksakerhet\\\/#primaryimage\"},\"image\":{\"@id\":\"https:\\\/\\\/lightweb.dev\\\/l\\\/svm-temp\\\/nyheter\\\/lokalt\\\/malaga-infor-kameraboter-vid-metroovergang-nya-regler-for-trafiksakerhet\\\/#primaryimage\"},\"thumbnailUrl\":\"https:\\\/\\\/lightweb.dev\\\/l\\\/svm-temp\\\/wp-content\\\/uploads\\\/2025\\\/01\\\/svm20250129153814.webp\",\"datePublished\":\"2025-01-29T15:38:56+00:00\",\"dateModified\":\"2025-01-29T15:39:43+00:00\",\"description\":\"M\u00e1laga sk\u00e4rper \u00f6vervakningen av trafiken med kamerabaserade b\u00f6ter vid en viktig metro\u00f6verg\u00e5ng i Teatinos. L\u00e4s mer om hur de vill minska olyckor och f\u00f6rb\u00e4ttra trafiks\u00e4kerheten.\",\"breadcrumb\":{\"@id\":\"https:\\\/\\\/lightweb.dev\\\/l\\\/svm-temp\\\/nyheter\\\/lokalt\\\/malaga-infor-kameraboter-vid-metroovergang-nya-regler-for-trafiksakerhet\\\/#breadcrumb\"},\"inLanguage\":\"sv-SE\",\"potentialAction\":[{\"@type\":\"ReadAction\",\"target\":[\"https:\\\/\\\/lightweb.dev\\\/l\\\/svm-temp\\\/nyheter\\\/lokalt\\\/malaga-infor-kameraboter-vid-metroovergang-nya-regler-for-trafiksakerhet\\\/\"]}]},{\"@type\":\"ImageObject\",\"inLanguage\":\"sv-SE\",\"@id\":\"https:\\\/\\\/lightweb.dev\\\/l\\\/svm-temp\\\/nyheter\\\/lokalt\\\/malaga-infor-kameraboter-vid-metroovergang-nya-regler-for-trafiksakerhet\\\/#primaryimage\",\"url\":\"https:\\\/\\\/lightweb.dev\\\/l\\\/svm-temp\\\/wp-content\\\/uploads\\\/2025\\\/01\\\/svm20250129153814.webp\",\"contentUrl\":\"https:\\\/\\\/lightweb.dev\\\/l\\\/svm-temp\\\/wp-content\\\/uploads\\\/2025\\\/01\\\/svm20250129153814.webp\",\"width\":900,\"height\":400},{\"@type\":\"BreadcrumbList\",\"@id\":\"https:\\\/\\\/lightweb.dev\\\/l\\\/svm-temp\\\/nyheter\\\/lokalt\\\/malaga-infor-kameraboter-vid-metroovergang-nya-regler-for-trafiksakerhet\\\/#breadcrumb\",\"itemListElement\":[{\"@type\":\"ListItem\",\"position\":1,\"name\":\"Hem\",\"item\":\"https:\\\/\\\/lightweb.dev\\\/l\\\/svm-temp\\\/\"},{\"@type\":\"ListItem\",\"position\":2,\"name\":\"M\u00e1laga inf\u00f6r kamerab\u00f6ter vid metro\u00f6verg\u00e5ng\"}]},{\"@type\":\"WebSite\",\"@id\":\"https:\\\/\\\/lightweb.dev\\\/l\\\/svm-temp\\\/#website\",\"url\":\"https:\\\/\\\/lightweb.dev\\\/l\\\/svm-temp\\\/\",\"name\":\"Svenska Magasinet\",\"description\":\"Dina Spanska nyheter p&aring; Svenska\",\"publisher\":{\"@id\":\"https:\\\/\\\/lightweb.dev\\\/l\\\/svm-temp\\\/#organization\"},\"potentialAction\":[{\"@type\":\"SearchAction\",\"target\":{\"@type\":\"EntryPoint\",\"urlTemplate\":\"https:\\\/\\\/lightweb.dev\\\/l\\\/svm-temp\\\/?s={search_term_string}\"},\"query-input\":{\"@type\":\"PropertyValueSpecification\",\"valueRequired\":true,\"valueName\":\"search_term_string\"}}],\"inLanguage\":\"sv-SE\"},{\"@type\":\"Organization\",\"@id\":\"https:\\\/\\\/lightweb.dev\\\/l\\\/svm-temp\\\/#organization\",\"name\":\"Melkerson y Nott SL\",\"alternateName\":\"Svenska Magasinet\",\"url\":\"https:\\\/\\\/lightweb.dev\\\/l\\\/svm-temp\\\/\",\"logo\":{\"@type\":\"ImageObject\",\"inLanguage\":\"sv-SE\",\"@id\":\"https:\\\/\\\/lightweb.dev\\\/l\\\/svm-temp\\\/#\\\/schema\\\/logo\\\/image\\\/\",\"url\":\"https:\\\/\\\/lightweb.dev\\\/l\\\/svm-temp\\\/wp-content\\\/uploads\\\/2025\\\/02\\\/SvM-logo-Xtra-Centrerad-SVART.png\",\"contentUrl\":\"https:\\\/\\\/lightweb.dev\\\/l\\\/svm-temp\\\/wp-content\\\/uploads\\\/2025\\\/02\\\/SvM-logo-Xtra-Centrerad-SVART.png\",\"width\":300,\"height\":99,\"caption\":\"Melkerson y Nott SL\"},\"image\":{\"@id\":\"https:\\\/\\\/lightweb.dev\\\/l\\\/svm-temp\\\/#\\\/schema\\\/logo\\\/image\\\/\"},\"sameAs\":[\"https:\\\/\\\/www.facebook.com\\\/svenskamagasinet\",\"https:\\\/\\\/x.com\\\/SvenskaMagasine\"]},{\"@type\":\"Person\",\"@id\":\"https:\\\/\\\/lightweb.dev\\\/l\\\/svm-temp\\\/#\\\/schema\\\/person\\\/206a3bda5b607b0c25e1749191e4d837\",\"name\":\"Redaktionen SvM\",\"description\":\"Redaktionen\",\"sameAs\":[\"https:\\\/\\\/lightweb.dev\\\/l\\\/svm-temp\"],\"url\":\"https:\\\/\\\/lightweb.dev\\\/l\\\/svm-temp\\\/reporter\\\/redaktionen\\\/\"}]}<\/script>\n<!-- \/ Yoast SEO Premium plugin. -->","yoast_head_json":{"title":"M\u00e1laga inf\u00f6r kamerab\u00f6ter vid metro\u00f6verg\u00e5ng - Svenska Magasinet","description":"M\u00e1laga sk\u00e4rper \u00f6vervakningen av trafiken med kamerabaserade b\u00f6ter vid en viktig metro\u00f6verg\u00e5ng i Teatinos. L\u00e4s mer om hur de vill minska olyckor och f\u00f6rb\u00e4ttra trafiks\u00e4kerheten.","robots":{"index":"noindex","follow":"follow","max-snippet":"max-snippet:-1","max-image-preview":"max-image-preview:large","max-video-preview":"max-video-preview:-1"},"og_locale":"sv_SE","og_type":"article","og_title":"M\u00e1laga inf\u00f6r kamerab\u00f6ter vid metro\u00f6verg\u00e5ng","og_description":"M\u00e1laga sk\u00e4rper \u00f6vervakningen av trafiken med kamerabaserade b\u00f6ter vid en viktig metro\u00f6verg\u00e5ng i Teatinos. L\u00e4s mer om hur de vill minska olyckor och f\u00f6rb\u00e4ttra trafiks\u00e4kerheten.","og_url":"https:\/\/lightweb.dev\/l\/svm-temp\/nyheter\/lokalt\/malaga-infor-kameraboter-vid-metroovergang-nya-regler-for-trafiksakerhet\/","og_site_name":"Svenska Magasinet","article_publisher":"https:\/\/www.facebook.com\/svenskamagasinet","article_published_time":"2025-01-29T15:38:56+00:00","article_modified_time":"2025-01-29T15:39:43+00:00","og_image":[{"width":900,"height":400,"url":"https:\/\/lightweb.dev\/l\/svm-temp\/wp-content\/uploads\/2025\/01\/svm20250129153814.webp","type":"image\/webp"}],"author":"Redaktionen SvM","twitter_card":"summary_large_image","twitter_creator":"@SvenskaMagasine","twitter_site":"@SvenskaMagasine","schema":{"@context":"https:\/\/schema.org","@graph":[{"@type":"Article","@id":"https:\/\/lightweb.dev\/l\/svm-temp\/nyheter\/lokalt\/malaga-infor-kameraboter-vid-metroovergang-nya-regler-for-trafiksakerhet\/#article","isPartOf":{"@id":"https:\/\/lightweb.dev\/l\/svm-temp\/nyheter\/lokalt\/malaga-infor-kameraboter-vid-metroovergang-nya-regler-for-trafiksakerhet\/"},"author":{"name":"Redaktionen SvM","@id":"https:\/\/lightweb.dev\/l\/svm-temp\/#\/schema\/person\/206a3bda5b607b0c25e1749191e4d837"},"headline":"M\u00e1laga inf\u00f6r kamerab\u00f6ter vid metro\u00f6verg\u00e5ng","datePublished":"2025-01-29T15:38:56+00:00","dateModified":"2025-01-29T15:39:43+00:00","mainEntityOfPage":{"@id":"https:\/\/lightweb.dev\/l\/svm-temp\/nyheter\/lokalt\/malaga-infor-kameraboter-vid-metroovergang-nya-regler-for-trafiksakerhet\/"},"wordCount":909,"publisher":{"@id":"https:\/\/lightweb.dev\/l\/svm-temp\/#organization"},"image":{"@id":"https:\/\/lightweb.dev\/l\/svm-temp\/nyheter\/lokalt\/malaga-infor-kameraboter-vid-metroovergang-nya-regler-for-trafiksakerhet\/#primaryimage"},"thumbnailUrl":"https:\/\/lightweb.dev\/l\/svm-temp\/wp-content\/uploads\/2025\/01\/svm20250129153814.webp","articleSection":["Inrikes","Nyheter"],"inLanguage":"sv-SE"},{"@type":"WebPage","@id":"https:\/\/lightweb.dev\/l\/svm-temp\/nyheter\/lokalt\/malaga-infor-kameraboter-vid-metroovergang-nya-regler-for-trafiksakerhet\/","url":"https:\/\/lightweb.dev\/l\/svm-temp\/nyheter\/lokalt\/malaga-infor-kameraboter-vid-metroovergang-nya-regler-for-trafiksakerhet\/","name":"M\u00e1laga inf\u00f6r kamerab\u00f6ter vid metro\u00f6verg\u00e5ng - Svenska Magasinet","isPartOf":{"@id":"https:\/\/lightweb.dev\/l\/svm-temp\/#website"},"primaryImageOfPage":{"@id":"https:\/\/lightweb.dev\/l\/svm-temp\/nyheter\/lokalt\/malaga-infor-kameraboter-vid-metroovergang-nya-regler-for-trafiksakerhet\/#primaryimage"},"image":{"@id":"https:\/\/lightweb.dev\/l\/svm-temp\/nyheter\/lokalt\/malaga-infor-kameraboter-vid-metroovergang-nya-regler-for-trafiksakerhet\/#primaryimage"},"thumbnailUrl":"https:\/\/lightweb.dev\/l\/svm-temp\/wp-content\/uploads\/2025\/01\/svm20250129153814.webp","datePublished":"2025-01-29T15:38:56+00:00","dateModified":"2025-01-29T15:39:43+00:00","description":"M\u00e1laga sk\u00e4rper \u00f6vervakningen av trafiken med kamerabaserade b\u00f6ter vid en viktig metro\u00f6verg\u00e5ng i Teatinos. L\u00e4s mer om hur de vill minska olyckor och f\u00f6rb\u00e4ttra trafiks\u00e4kerheten.","breadcrumb":{"@id":"https:\/\/lightweb.dev\/l\/svm-temp\/nyheter\/lokalt\/malaga-infor-kameraboter-vid-metroovergang-nya-regler-for-trafiksakerhet\/#breadcrumb"},"inLanguage":"sv-SE","potentialAction":[{"@type":"ReadAction","target":["https:\/\/lightweb.dev\/l\/svm-temp\/nyheter\/lokalt\/malaga-infor-kameraboter-vid-metroovergang-nya-regler-for-trafiksakerhet\/"]}]},{"@type":"ImageObject","inLanguage":"sv-SE","@id":"https:\/\/lightweb.dev\/l\/svm-temp\/nyheter\/lokalt\/malaga-infor-kameraboter-vid-metroovergang-nya-regler-for-trafiksakerhet\/#primaryimage","url":"https:\/\/lightweb.dev\/l\/svm-temp\/wp-content\/uploads\/2025\/01\/svm20250129153814.webp","contentUrl":"https:\/\/lightweb.dev\/l\/svm-temp\/wp-content\/uploads\/2025\/01\/svm20250129153814.webp","width":900,"height":400},{"@type":"BreadcrumbList","@id":"https:\/\/lightweb.dev\/l\/svm-temp\/nyheter\/lokalt\/malaga-infor-kameraboter-vid-metroovergang-nya-regler-for-trafiksakerhet\/#breadcrumb","itemListElement":[{"@type":"ListItem","position":1,"name":"Hem","item":"https:\/\/lightweb.dev\/l\/svm-temp\/"},{"@type":"ListItem","position":2,"name":"M\u00e1laga inf\u00f6r kamerab\u00f6ter vid metro\u00f6verg\u00e5ng"}]},{"@type":"WebSite","@id":"https:\/\/lightweb.dev\/l\/svm-temp\/#website","url":"https:\/\/lightweb.dev\/l\/svm-temp\/","name":"Svenska Magasinet","description":"Dina Spanska nyheter p&aring; Svenska","publisher":{"@id":"https:\/\/lightweb.dev\/l\/svm-temp\/#organization"},"potentialAction":[{"@type":"SearchAction","target":{"@type":"EntryPoint","urlTemplate":"https:\/\/lightweb.dev\/l\/svm-temp\/?s={search_term_string}"},"query-input":{"@type":"PropertyValueSpecification","valueRequired":true,"valueName":"search_term_string"}}],"inLanguage":"sv-SE"},{"@type":"Organization","@id":"https:\/\/lightweb.dev\/l\/svm-temp\/#organization","name":"Melkerson y Nott SL","alternateName":"Svenska Magasinet","url":"https:\/\/lightweb.dev\/l\/svm-temp\/","logo":{"@type":"ImageObject","inLanguage":"sv-SE","@id":"https:\/\/lightweb.dev\/l\/svm-temp\/#\/schema\/logo\/image\/","url":"https:\/\/lightweb.dev\/l\/svm-temp\/wp-content\/uploads\/2025\/02\/SvM-logo-Xtra-Centrerad-SVART.png","contentUrl":"https:\/\/lightweb.dev\/l\/svm-temp\/wp-content\/uploads\/2025\/02\/SvM-logo-Xtra-Centrerad-SVART.png","width":300,"height":99,"caption":"Melkerson y Nott SL"},"image":{"@id":"https:\/\/lightweb.dev\/l\/svm-temp\/#\/schema\/logo\/image\/"},"sameAs":["https:\/\/www.facebook.com\/svenskamagasinet","https:\/\/x.com\/SvenskaMagasine"]},{"@type":"Person","@id":"https:\/\/lightweb.dev\/l\/svm-temp\/#\/schema\/person\/206a3bda5b607b0c25e1749191e4d837","name":"Redaktionen SvM","description":"Redaktionen","sameAs":["https:\/\/lightweb.dev\/l\/svm-temp"],"url":"https:\/\/lightweb.dev\/l\/svm-temp\/reporter\/redaktionen\/"}]}},"_links":{"self":[{"href":"https:\/\/lightweb.dev\/l\/svm-temp\/wp-json\/wp\/v2\/posts\/77839","targetHints":{"allow":["GET"]}}],"collection":[{"href":"https:\/\/lightweb.dev\/l\/svm-temp\/wp-json\/wp\/v2\/posts"}],"about":[{"href":"https:\/\/lightweb.dev\/l\/svm-temp\/wp-json\/wp\/v2\/types\/post"}],"author":[{"embeddable":true,"href":"https:\/\/lightweb.dev\/l\/svm-temp\/wp-json\/wp\/v2\/users\/8"}],"replies":[{"embeddable":true,"href":"https:\/\/lightweb.dev\/l\/svm-temp\/wp-json\/wp\/v2\/comments?post=77839"}],"version-history":[{"count":0,"href":"https:\/\/lightweb.dev\/l\/svm-temp\/wp-json\/wp\/v2\/posts\/77839\/revisions"}],"wp:featuredmedia":[{"embeddable":true,"href":"https:\/\/lightweb.dev\/l\/svm-temp\/wp-json\/wp\/v2\/media\/77840"}],"wp:attachment":[{"href":"https:\/\/lightweb.dev\/l\/svm-temp\/wp-json\/wp\/v2\/media?parent=77839"}],"wp:term":[{"taxonomy":"category","embeddable":true,"href":"https:\/\/lightweb.dev\/l\/svm-temp\/wp-json\/wp\/v2\/categories?post=77839"},{"taxonomy":"post_tag","embeddable":true,"href":"https:\/\/lightweb.dev\/l\/svm-temp\/wp-json\/wp\/v2\/tags?post=77839"}],"curies":[{"name":"wp","href":"https:\/\/api.w.org\/{rel}","templated":true}]}}