{"id":77867,"date":"2025-01-30T15:25:04","date_gmt":"2025-01-30T14:25:04","guid":{"rendered":"https:\/\/lightweb.dev\/l\/svm-temp\/?p=77867"},"modified":"2025-01-30T15:25:04","modified_gmt":"2025-01-30T14:25:04","slug":"benidorm-vald-for-smart-turism","status":"publish","type":"post","link":"https:\/\/lightweb.dev\/l\/svm-temp\/nyheter\/benidorm-vald-for-smart-turism\/","title":{"rendered":"Benidorm vald f\u00f6r smart turism"},"content":{"rendered":"<p><strong>Med sin kaxiga slogan: \u201dVarf\u00f6r inte?\u201d har den gamla turistorten Benidorm blivit utsedd som EU:s europeiska gr\u00f6na pionj\u00e4r inom smart turism.<\/strong><\/p>\n<p><strong>EU-kommissionen vill uppm\u00e4rksamma st\u00e4der som arbetar p\u00e5 att g\u00f6ra turismutvecklingen mer h\u00e5llbar.<\/strong><\/p>\n<p>Tillg\u00e4nglig, h\u00e5llbar, digital, kreativ och kulturell. S\u00e5 ska en europeisk huvudstad f\u00f6r smart turism vara. Benidorm p\u00e5 Costa Blanca passar in i den profilen enligt EU-kommissionens jury.<\/p>\n<p>EU-kommissionen ber\u00f6mmer\u00a0Benidorms prestationer och insatser inom smart och h\u00e5llbar turism och gr\u00f6na omst\u00e4llning som turistdestination.<\/p>\n<div id=\"attachment_77866\" style=\"width: 910px\" class=\"wp-caption alignnone\"><img loading=\"lazy\" decoding=\"async\" aria-describedby=\"caption-attachment-77866\" class=\"wp-image-77866 size-full\" src=\"https:\/\/lightweb.dev\/l\/svm-temp\/wp-content\/uploads\/2025\/01\/svm20250130142233.webp\" alt=\"\" width=\"900\" height=\"400\" srcset=\"https:\/\/lightweb.dev\/l\/svm-temp\/wp-content\/uploads\/2025\/01\/svm20250130142233.webp 900w, https:\/\/lightweb.dev\/l\/svm-temp\/wp-content\/uploads\/2025\/01\/svm20250130142233-300x133.webp 300w, https:\/\/lightweb.dev\/l\/svm-temp\/wp-content\/uploads\/2025\/01\/svm20250130142233-768x341.webp 768w, https:\/\/lightweb.dev\/l\/svm-temp\/wp-content\/uploads\/2025\/01\/svm20250130142233-610x271.webp 610w, https:\/\/lightweb.dev\/l\/svm-temp\/wp-content\/uploads\/2025\/01\/svm20250130142233-600x267.webp 600w\" sizes=\"(max-width: 900px) 100vw, 900px\" \/><p id=\"caption-attachment-77866\" class=\"wp-caption-text\">Benidorm \u00e4r inte bara h\u00f6ghus och skyskrapor. H\u00e4r kan du \u00e4ven vandra.<\/p><\/div>\n<p>Benidorm \u00e4r inte bara h\u00f6ghus och skyskrapor. Just satsningen p\u00e5 gr\u00f6nomr\u00e5den \u00e4r n\u00e5got som EU lyfter fram.<\/p>\n<p>61 procent av Benidorms yta \u00e4r numera skyddade gr\u00f6nomr\u00e5den. Sierra Gelada Natural Park och Moralet beskrivs som stadens gr\u00f6na lungor.<\/p>\n<p>173 hektar av Posidonia Oceanica i bukten utanf\u00f6r Benidorm bidrar till att ge n\u00f6dv\u00e4ndigt syre och klart vatten.<\/p>\n<p>Benidorm satsar \u00e4ven p\u00e5 avancerade dr\u00e4neringssystem som ska minska risken f\u00f6r stigande havsniv\u00e5er och \u00f6versv\u00e4mningar. Kommunen har numera ett utbyggt system f\u00f6r att hantera dagvatten f\u00f6r bevattning. Hela 95 procent av vattnet \u00e5teranv\u00e4nds.<\/p>\n<p>Benidorm presenterar en rad innovative l\u00f6sningar f\u00f6r h\u00e5llbar utveckling vid den stora turistm\u00e4ssan ITB Berlin 4 till mars i Tyskland.<\/p>\n<p>2020 var M\u00e1laga och G\u00f6teborg EU:s huvudst\u00e4der f\u00f6r smart turism.<\/p>\n","protected":false},"excerpt":{"rendered":"<p>Med sin kaxiga slogan: \u201dVarf\u00f6r inte?\u201d har den gamla turistorten Benidorm blivit utsedd som EU:s europeiska gr\u00f6na pionj\u00e4r inom smart turism. EU-kommissionen vill uppm\u00e4rksamma st\u00e4der som arbetar p\u00e5 att g\u00f6ra turismutvecklingen mer h\u00e5llbar&#8230;<\/p>\n","protected":false},"author":7,"featured_media":77865,"comment_status":"closed","ping_status":"closed","sticky":false,"template":"","format":"standard","meta":{"_et_pb_use_builder":"","_et_pb_old_content":"","_et_gb_content_width":"","footnotes":""},"categories":[284,3],"tags":[],"class_list":["post-77867","post","type-post","status-publish","format-standard","has-post-thumbnail","hentry","category-inrikes","category-nyheter"],"yoast_head":"<!-- This site is optimized with the Yoast SEO Premium plugin v26.2 (Yoast SEO v27.4) - https:\/\/yoast.com\/product\/yoast-seo-premium-wordpress\/ -->\n<title>Benidorm vald f\u00f6r smart turism - Svenska Magasinet<\/title>\n<meta name=\"description\" content=\"Med sin kaxiga slogan: \u201dVarf\u00f6r inte?\u201d har den gamla turistorten Benidorm blivit utsedd som EU:s europeiska gr\u00f6na pionj\u00e4r inom smart turism. EU-kommissionen vill uppm\u00e4rksamma st\u00e4der som arbetar p\u00e5 att g\u00f6ra turismutvecklingen mer h\u00e5llbar.\" \/>\n<meta name=\"robots\" content=\"noindex, follow, max-snippet:-1, max-image-preview:large, max-video-preview:-1\" \/>\n<meta property=\"og:locale\" content=\"sv_SE\" \/>\n<meta property=\"og:type\" content=\"article\" \/>\n<meta property=\"og:title\" content=\"Benidorm vald f\u00f6r smart turism\" \/>\n<meta property=\"og:description\" content=\"Med sin kaxiga slogan: \u201dVarf\u00f6r inte?\u201d har den gamla turistorten Benidorm blivit utsedd som EU:s europeiska gr\u00f6na pionj\u00e4r inom smart turism. EU-kommissionen vill uppm\u00e4rksamma st\u00e4der som arbetar p\u00e5 att g\u00f6ra turismutvecklingen mer h\u00e5llbar.\" \/>\n<meta property=\"og:url\" content=\"https:\/\/lightweb.dev\/l\/svm-temp\/nyheter\/lokalt\/benidorm-vald-for-smart-turism\/\" \/>\n<meta property=\"og:site_name\" content=\"Svenska Magasinet\" \/>\n<meta property=\"article:publisher\" content=\"https:\/\/www.facebook.com\/svenskamagasinet\" \/>\n<meta property=\"article:published_time\" content=\"2025-01-30T14:25:04+00:00\" \/>\n<meta property=\"og:image\" content=\"https:\/\/lightweb.dev\/l\/svm-temp\/wp-content\/uploads\/2025\/01\/svm20250130142215.webp\" \/>\n\t<meta property=\"og:image:width\" content=\"900\" \/>\n\t<meta property=\"og:image:height\" content=\"400\" \/>\n\t<meta property=\"og:image:type\" content=\"image\/webp\" \/>\n<meta name=\"author\" content=\"Ola Josefsson\" \/>\n<meta name=\"twitter:card\" content=\"summary_large_image\" \/>\n<meta name=\"twitter:creator\" content=\"@SvenskaMagasine\" \/>\n<meta name=\"twitter:site\" content=\"@SvenskaMagasine\" \/>\n<script type=\"application\/ld+json\" class=\"yoast-schema-graph\">{\"@context\":\"https:\\\/\\\/schema.org\",\"@graph\":[{\"@type\":\"Article\",\"@id\":\"https:\\\/\\\/lightweb.dev\\\/l\\\/svm-temp\\\/nyheter\\\/lokalt\\\/benidorm-vald-for-smart-turism\\\/#article\",\"isPartOf\":{\"@id\":\"https:\\\/\\\/lightweb.dev\\\/l\\\/svm-temp\\\/nyheter\\\/lokalt\\\/benidorm-vald-for-smart-turism\\\/\"},\"author\":{\"name\":\"Ola Josefsson\",\"@id\":\"https:\\\/\\\/lightweb.dev\\\/l\\\/svm-temp\\\/#\\\/schema\\\/person\\\/7a82b8a73d171d32360a564b6d03508e\"},\"headline\":\"Benidorm vald f\u00f6r smart turism\",\"datePublished\":\"2025-01-30T14:25:04+00:00\",\"mainEntityOfPage\":{\"@id\":\"https:\\\/\\\/lightweb.dev\\\/l\\\/svm-temp\\\/nyheter\\\/lokalt\\\/benidorm-vald-for-smart-turism\\\/\"},\"wordCount\":257,\"publisher\":{\"@id\":\"https:\\\/\\\/lightweb.dev\\\/l\\\/svm-temp\\\/#organization\"},\"image\":{\"@id\":\"https:\\\/\\\/lightweb.dev\\\/l\\\/svm-temp\\\/nyheter\\\/lokalt\\\/benidorm-vald-for-smart-turism\\\/#primaryimage\"},\"thumbnailUrl\":\"https:\\\/\\\/lightweb.dev\\\/l\\\/svm-temp\\\/wp-content\\\/uploads\\\/2025\\\/01\\\/svm20250130142215.webp\",\"articleSection\":[\"Inrikes\",\"Nyheter\"],\"inLanguage\":\"sv-SE\"},{\"@type\":\"WebPage\",\"@id\":\"https:\\\/\\\/lightweb.dev\\\/l\\\/svm-temp\\\/nyheter\\\/lokalt\\\/benidorm-vald-for-smart-turism\\\/\",\"url\":\"https:\\\/\\\/lightweb.dev\\\/l\\\/svm-temp\\\/nyheter\\\/lokalt\\\/benidorm-vald-for-smart-turism\\\/\",\"name\":\"Benidorm vald f\u00f6r smart turism - Svenska Magasinet\",\"isPartOf\":{\"@id\":\"https:\\\/\\\/lightweb.dev\\\/l\\\/svm-temp\\\/#website\"},\"primaryImageOfPage\":{\"@id\":\"https:\\\/\\\/lightweb.dev\\\/l\\\/svm-temp\\\/nyheter\\\/lokalt\\\/benidorm-vald-for-smart-turism\\\/#primaryimage\"},\"image\":{\"@id\":\"https:\\\/\\\/lightweb.dev\\\/l\\\/svm-temp\\\/nyheter\\\/lokalt\\\/benidorm-vald-for-smart-turism\\\/#primaryimage\"},\"thumbnailUrl\":\"https:\\\/\\\/lightweb.dev\\\/l\\\/svm-temp\\\/wp-content\\\/uploads\\\/2025\\\/01\\\/svm20250130142215.webp\",\"datePublished\":\"2025-01-30T14:25:04+00:00\",\"description\":\"Med sin kaxiga slogan: \u201dVarf\u00f6r inte?\u201d har den gamla turistorten Benidorm blivit utsedd som EU:s europeiska gr\u00f6na pionj\u00e4r inom smart turism. EU-kommissionen vill uppm\u00e4rksamma st\u00e4der som arbetar p\u00e5 att g\u00f6ra turismutvecklingen mer h\u00e5llbar.\",\"breadcrumb\":{\"@id\":\"https:\\\/\\\/lightweb.dev\\\/l\\\/svm-temp\\\/nyheter\\\/lokalt\\\/benidorm-vald-for-smart-turism\\\/#breadcrumb\"},\"inLanguage\":\"sv-SE\",\"potentialAction\":[{\"@type\":\"ReadAction\",\"target\":[\"https:\\\/\\\/lightweb.dev\\\/l\\\/svm-temp\\\/nyheter\\\/lokalt\\\/benidorm-vald-for-smart-turism\\\/\"]}]},{\"@type\":\"ImageObject\",\"inLanguage\":\"sv-SE\",\"@id\":\"https:\\\/\\\/lightweb.dev\\\/l\\\/svm-temp\\\/nyheter\\\/lokalt\\\/benidorm-vald-for-smart-turism\\\/#primaryimage\",\"url\":\"https:\\\/\\\/lightweb.dev\\\/l\\\/svm-temp\\\/wp-content\\\/uploads\\\/2025\\\/01\\\/svm20250130142215.webp\",\"contentUrl\":\"https:\\\/\\\/lightweb.dev\\\/l\\\/svm-temp\\\/wp-content\\\/uploads\\\/2025\\\/01\\\/svm20250130142215.webp\",\"width\":900,\"height\":400},{\"@type\":\"BreadcrumbList\",\"@id\":\"https:\\\/\\\/lightweb.dev\\\/l\\\/svm-temp\\\/nyheter\\\/lokalt\\\/benidorm-vald-for-smart-turism\\\/#breadcrumb\",\"itemListElement\":[{\"@type\":\"ListItem\",\"position\":1,\"name\":\"Hem\",\"item\":\"https:\\\/\\\/lightweb.dev\\\/l\\\/svm-temp\\\/\"},{\"@type\":\"ListItem\",\"position\":2,\"name\":\"Benidorm vald f\u00f6r smart turism\"}]},{\"@type\":\"WebSite\",\"@id\":\"https:\\\/\\\/lightweb.dev\\\/l\\\/svm-temp\\\/#website\",\"url\":\"https:\\\/\\\/lightweb.dev\\\/l\\\/svm-temp\\\/\",\"name\":\"Svenska Magasinet\",\"description\":\"Dina Spanska nyheter p&aring; Svenska\",\"publisher\":{\"@id\":\"https:\\\/\\\/lightweb.dev\\\/l\\\/svm-temp\\\/#organization\"},\"potentialAction\":[{\"@type\":\"SearchAction\",\"target\":{\"@type\":\"EntryPoint\",\"urlTemplate\":\"https:\\\/\\\/lightweb.dev\\\/l\\\/svm-temp\\\/?s={search_term_string}\"},\"query-input\":{\"@type\":\"PropertyValueSpecification\",\"valueRequired\":true,\"valueName\":\"search_term_string\"}}],\"inLanguage\":\"sv-SE\"},{\"@type\":\"Organization\",\"@id\":\"https:\\\/\\\/lightweb.dev\\\/l\\\/svm-temp\\\/#organization\",\"name\":\"Melkerson y Nott SL\",\"alternateName\":\"Svenska Magasinet\",\"url\":\"https:\\\/\\\/lightweb.dev\\\/l\\\/svm-temp\\\/\",\"logo\":{\"@type\":\"ImageObject\",\"inLanguage\":\"sv-SE\",\"@id\":\"https:\\\/\\\/lightweb.dev\\\/l\\\/svm-temp\\\/#\\\/schema\\\/logo\\\/image\\\/\",\"url\":\"https:\\\/\\\/lightweb.dev\\\/l\\\/svm-temp\\\/wp-content\\\/uploads\\\/2025\\\/02\\\/SvM-logo-Xtra-Centrerad-SVART.png\",\"contentUrl\":\"https:\\\/\\\/lightweb.dev\\\/l\\\/svm-temp\\\/wp-content\\\/uploads\\\/2025\\\/02\\\/SvM-logo-Xtra-Centrerad-SVART.png\",\"width\":300,\"height\":99,\"caption\":\"Melkerson y Nott SL\"},\"image\":{\"@id\":\"https:\\\/\\\/lightweb.dev\\\/l\\\/svm-temp\\\/#\\\/schema\\\/logo\\\/image\\\/\"},\"sameAs\":[\"https:\\\/\\\/www.facebook.com\\\/svenskamagasinet\",\"https:\\\/\\\/x.com\\\/SvenskaMagasine\"]},{\"@type\":\"Person\",\"@id\":\"https:\\\/\\\/lightweb.dev\\\/l\\\/svm-temp\\\/#\\\/schema\\\/person\\\/7a82b8a73d171d32360a564b6d03508e\",\"name\":\"Ola Josefsson\",\"description\":\"Bevakar Solkusten och Spanien sedan 1994.\",\"sameAs\":[\"https:\\\/\\\/lightweb.dev\\\/l\\\/svm-temp\"],\"url\":\"https:\\\/\\\/lightweb.dev\\\/l\\\/svm-temp\\\/reporter\\\/ola-josefsson\\\/\"}]}<\/script>\n<!-- \/ Yoast SEO Premium plugin. -->","yoast_head_json":{"title":"Benidorm vald f\u00f6r smart turism - Svenska Magasinet","description":"Med sin kaxiga slogan: \u201dVarf\u00f6r inte?\u201d har den gamla turistorten Benidorm blivit utsedd som EU:s europeiska gr\u00f6na pionj\u00e4r inom smart turism. EU-kommissionen vill uppm\u00e4rksamma st\u00e4der som arbetar p\u00e5 att g\u00f6ra turismutvecklingen mer h\u00e5llbar.","robots":{"index":"noindex","follow":"follow","max-snippet":"max-snippet:-1","max-image-preview":"max-image-preview:large","max-video-preview":"max-video-preview:-1"},"og_locale":"sv_SE","og_type":"article","og_title":"Benidorm vald f\u00f6r smart turism","og_description":"Med sin kaxiga slogan: \u201dVarf\u00f6r inte?\u201d har den gamla turistorten Benidorm blivit utsedd som EU:s europeiska gr\u00f6na pionj\u00e4r inom smart turism. EU-kommissionen vill uppm\u00e4rksamma st\u00e4der som arbetar p\u00e5 att g\u00f6ra turismutvecklingen mer h\u00e5llbar.","og_url":"https:\/\/lightweb.dev\/l\/svm-temp\/nyheter\/lokalt\/benidorm-vald-for-smart-turism\/","og_site_name":"Svenska Magasinet","article_publisher":"https:\/\/www.facebook.com\/svenskamagasinet","article_published_time":"2025-01-30T14:25:04+00:00","og_image":[{"width":900,"height":400,"url":"https:\/\/lightweb.dev\/l\/svm-temp\/wp-content\/uploads\/2025\/01\/svm20250130142215.webp","type":"image\/webp"}],"author":"Ola Josefsson","twitter_card":"summary_large_image","twitter_creator":"@SvenskaMagasine","twitter_site":"@SvenskaMagasine","schema":{"@context":"https:\/\/schema.org","@graph":[{"@type":"Article","@id":"https:\/\/lightweb.dev\/l\/svm-temp\/nyheter\/lokalt\/benidorm-vald-for-smart-turism\/#article","isPartOf":{"@id":"https:\/\/lightweb.dev\/l\/svm-temp\/nyheter\/lokalt\/benidorm-vald-for-smart-turism\/"},"author":{"name":"Ola Josefsson","@id":"https:\/\/lightweb.dev\/l\/svm-temp\/#\/schema\/person\/7a82b8a73d171d32360a564b6d03508e"},"headline":"Benidorm vald f\u00f6r smart turism","datePublished":"2025-01-30T14:25:04+00:00","mainEntityOfPage":{"@id":"https:\/\/lightweb.dev\/l\/svm-temp\/nyheter\/lokalt\/benidorm-vald-for-smart-turism\/"},"wordCount":257,"publisher":{"@id":"https:\/\/lightweb.dev\/l\/svm-temp\/#organization"},"image":{"@id":"https:\/\/lightweb.dev\/l\/svm-temp\/nyheter\/lokalt\/benidorm-vald-for-smart-turism\/#primaryimage"},"thumbnailUrl":"https:\/\/lightweb.dev\/l\/svm-temp\/wp-content\/uploads\/2025\/01\/svm20250130142215.webp","articleSection":["Inrikes","Nyheter"],"inLanguage":"sv-SE"},{"@type":"WebPage","@id":"https:\/\/lightweb.dev\/l\/svm-temp\/nyheter\/lokalt\/benidorm-vald-for-smart-turism\/","url":"https:\/\/lightweb.dev\/l\/svm-temp\/nyheter\/lokalt\/benidorm-vald-for-smart-turism\/","name":"Benidorm vald f\u00f6r smart turism - Svenska Magasinet","isPartOf":{"@id":"https:\/\/lightweb.dev\/l\/svm-temp\/#website"},"primaryImageOfPage":{"@id":"https:\/\/lightweb.dev\/l\/svm-temp\/nyheter\/lokalt\/benidorm-vald-for-smart-turism\/#primaryimage"},"image":{"@id":"https:\/\/lightweb.dev\/l\/svm-temp\/nyheter\/lokalt\/benidorm-vald-for-smart-turism\/#primaryimage"},"thumbnailUrl":"https:\/\/lightweb.dev\/l\/svm-temp\/wp-content\/uploads\/2025\/01\/svm20250130142215.webp","datePublished":"2025-01-30T14:25:04+00:00","description":"Med sin kaxiga slogan: \u201dVarf\u00f6r inte?\u201d har den gamla turistorten Benidorm blivit utsedd som EU:s europeiska gr\u00f6na pionj\u00e4r inom smart turism. EU-kommissionen vill uppm\u00e4rksamma st\u00e4der som arbetar p\u00e5 att g\u00f6ra turismutvecklingen mer h\u00e5llbar.","breadcrumb":{"@id":"https:\/\/lightweb.dev\/l\/svm-temp\/nyheter\/lokalt\/benidorm-vald-for-smart-turism\/#breadcrumb"},"inLanguage":"sv-SE","potentialAction":[{"@type":"ReadAction","target":["https:\/\/lightweb.dev\/l\/svm-temp\/nyheter\/lokalt\/benidorm-vald-for-smart-turism\/"]}]},{"@type":"ImageObject","inLanguage":"sv-SE","@id":"https:\/\/lightweb.dev\/l\/svm-temp\/nyheter\/lokalt\/benidorm-vald-for-smart-turism\/#primaryimage","url":"https:\/\/lightweb.dev\/l\/svm-temp\/wp-content\/uploads\/2025\/01\/svm20250130142215.webp","contentUrl":"https:\/\/lightweb.dev\/l\/svm-temp\/wp-content\/uploads\/2025\/01\/svm20250130142215.webp","width":900,"height":400},{"@type":"BreadcrumbList","@id":"https:\/\/lightweb.dev\/l\/svm-temp\/nyheter\/lokalt\/benidorm-vald-for-smart-turism\/#breadcrumb","itemListElement":[{"@type":"ListItem","position":1,"name":"Hem","item":"https:\/\/lightweb.dev\/l\/svm-temp\/"},{"@type":"ListItem","position":2,"name":"Benidorm vald f\u00f6r smart turism"}]},{"@type":"WebSite","@id":"https:\/\/lightweb.dev\/l\/svm-temp\/#website","url":"https:\/\/lightweb.dev\/l\/svm-temp\/","name":"Svenska Magasinet","description":"Dina Spanska nyheter p&aring; Svenska","publisher":{"@id":"https:\/\/lightweb.dev\/l\/svm-temp\/#organization"},"potentialAction":[{"@type":"SearchAction","target":{"@type":"EntryPoint","urlTemplate":"https:\/\/lightweb.dev\/l\/svm-temp\/?s={search_term_string}"},"query-input":{"@type":"PropertyValueSpecification","valueRequired":true,"valueName":"search_term_string"}}],"inLanguage":"sv-SE"},{"@type":"Organization","@id":"https:\/\/lightweb.dev\/l\/svm-temp\/#organization","name":"Melkerson y Nott SL","alternateName":"Svenska Magasinet","url":"https:\/\/lightweb.dev\/l\/svm-temp\/","logo":{"@type":"ImageObject","inLanguage":"sv-SE","@id":"https:\/\/lightweb.dev\/l\/svm-temp\/#\/schema\/logo\/image\/","url":"https:\/\/lightweb.dev\/l\/svm-temp\/wp-content\/uploads\/2025\/02\/SvM-logo-Xtra-Centrerad-SVART.png","contentUrl":"https:\/\/lightweb.dev\/l\/svm-temp\/wp-content\/uploads\/2025\/02\/SvM-logo-Xtra-Centrerad-SVART.png","width":300,"height":99,"caption":"Melkerson y Nott SL"},"image":{"@id":"https:\/\/lightweb.dev\/l\/svm-temp\/#\/schema\/logo\/image\/"},"sameAs":["https:\/\/www.facebook.com\/svenskamagasinet","https:\/\/x.com\/SvenskaMagasine"]},{"@type":"Person","@id":"https:\/\/lightweb.dev\/l\/svm-temp\/#\/schema\/person\/7a82b8a73d171d32360a564b6d03508e","name":"Ola Josefsson","description":"Bevakar Solkusten och Spanien sedan 1994.","sameAs":["https:\/\/lightweb.dev\/l\/svm-temp"],"url":"https:\/\/lightweb.dev\/l\/svm-temp\/reporter\/ola-josefsson\/"}]}},"_links":{"self":[{"href":"https:\/\/lightweb.dev\/l\/svm-temp\/wp-json\/wp\/v2\/posts\/77867","targetHints":{"allow":["GET"]}}],"collection":[{"href":"https:\/\/lightweb.dev\/l\/svm-temp\/wp-json\/wp\/v2\/posts"}],"about":[{"href":"https:\/\/lightweb.dev\/l\/svm-temp\/wp-json\/wp\/v2\/types\/post"}],"author":[{"embeddable":true,"href":"https:\/\/lightweb.dev\/l\/svm-temp\/wp-json\/wp\/v2\/users\/7"}],"replies":[{"embeddable":true,"href":"https:\/\/lightweb.dev\/l\/svm-temp\/wp-json\/wp\/v2\/comments?post=77867"}],"version-history":[{"count":0,"href":"https:\/\/lightweb.dev\/l\/svm-temp\/wp-json\/wp\/v2\/posts\/77867\/revisions"}],"wp:featuredmedia":[{"embeddable":true,"href":"https:\/\/lightweb.dev\/l\/svm-temp\/wp-json\/wp\/v2\/media\/77865"}],"wp:attachment":[{"href":"https:\/\/lightweb.dev\/l\/svm-temp\/wp-json\/wp\/v2\/media?parent=77867"}],"wp:term":[{"taxonomy":"category","embeddable":true,"href":"https:\/\/lightweb.dev\/l\/svm-temp\/wp-json\/wp\/v2\/categories?post=77867"},{"taxonomy":"post_tag","embeddable":true,"href":"https:\/\/lightweb.dev\/l\/svm-temp\/wp-json\/wp\/v2\/tags?post=77867"}],"curies":[{"name":"wp","href":"https:\/\/api.w.org\/{rel}","templated":true}]}}