{"id":77877,"date":"2025-01-31T10:30:38","date_gmt":"2025-01-31T09:30:38","guid":{"rendered":"https:\/\/lightweb.dev\/l\/svm-temp\/?p=77877"},"modified":"2025-01-31T11:20:43","modified_gmt":"2025-01-31T10:20:43","slug":"antalet-fall-av-illegalt-ockuperade-bostader-har-okat-tredubbelt","status":"publish","type":"post","link":"https:\/\/lightweb.dev\/l\/svm-temp\/nyheter\/antalet-fall-av-illegalt-ockuperade-bostader-har-okat-tredubbelt\/","title":{"rendered":"Antalet fall av illegalt ockuperade bost\u00e4der har \u00f6kat tredubbelt"},"content":{"rendered":"<p><strong>Efter att den spanska regeringen drev igenom en ny bostadslag mot vr\u00e4kning har antalet illegalt ockuperade bost\u00e4der i M\u00e1laga \u00f6kat fr\u00e5n 155 till 492.<\/strong><\/p>\n<p><strong>Det handlar allts\u00e5 om en tredubbling enbart i M\u00e1laga kommun.<\/strong><\/p>\n<p>Antalet \u00e4renden som hanteras av M\u00e1laga kommun d\u00e4r bost\u00e4der illegalt har ockuperats, majoriteten \u00e4r hyresg\u00e4ster som inte forts\u00e4tter att betala hyran har \u00f6kat till det tredubbla.<\/p>\n<p>Det var Spaniens styrande v\u00e4nsterkoalition PSOE och Unidas Podemos som 31 mars 2020 i samband med covid-19-pandemin med st\u00f6d av det katalanska republikanska partiet ERC och baskisknationalistiska EH Bildu drev igenom den nya bostadslagen mot vr\u00e4kning av utsatta.<\/p>\n<h2>Statliga bostadslagen<\/h2>\n<p>Lagen mot vr\u00e4kning f\u00f6rl\u00e4ngdes f\u00f6r att r\u00f6stas in i den nya statliga bostadslagen i maj 2023.<\/p>\n<p>I v\u00e4nsterkoalitionen finns starka krafter f\u00f6r att f\u00f6rsvara bostadsockupanter s\u00e5 kallade \u201dokupas\u201d. Exempelvis fick Unidas Podemos igenom att det kan g\u00e5 upp till tv\u00e5 \u00e5r innan bostadsockupanter som beskrivs som utsatta individer eller familjer, vr\u00e4ks fr\u00e5n bost\u00e4der som de lagt beslag p\u00e5.<\/p>\n<p>Dessutom kan de som riskerar att vr\u00e4kas i st\u00e4llet f\u00e5 statliga subventioner till boendealternativ.<\/p>\n<p>Regeringen talade om ett \u201do\u00f6vertr\u00e4ffat socialt framsteg\u201d medan oppositionen sa att en statlig bostadslag riskerar kr\u00e4nka r\u00e4tten till privat egendom.<\/p>\n<p>Den del i den nya statliga bostadslagen som skapat mest debatt \u00e4r regeln att det blir sv\u00e5rare att vr\u00e4ka m\u00e4nniskor i en ekonomisk utsatt situation s\u00e4rskilt n\u00e4r hyresv\u00e4rden bed\u00f6ms vara en stor fastighets\u00e4gare till minst fem bost\u00e4der. Det g\u00f6r att illegala bostadsockupanter blir sv\u00e5rare att f\u00e5 ut, menade oppositionen den g\u00e5ngen.<\/p>\n<p>Nu visar det sig att s\u00e5 har det ocks\u00e5 blivit.<\/p>\n<h2>Tredubbelt<\/h2>\n<p>Enligt officiell statistik fr\u00e5n Oficina del Derecho a la Vivienda vid M\u00e1laga kommun som <a href=\"https:\/\/www.diariosur.es\/malaga-capital\/okupacion-viviendas-triplica-malaga-tras-ley-antidesahucios-20250122121716-nt.html\">Diario Sur<\/a> publicerar p\u00e5 fredagen har siffran \u00f6ver illegalt ockuperade bost\u00e4der \u00f6kat tredubbelt.<\/p>\n<p>Det \u00e4r inte bara stora fastighets\u00e4gare (som banker och st\u00f6rre fastighetsbolag) som \u00e4ger minst fem bost\u00e4der (245) som har drabbats. \u00c4ven myndigheterna sj\u00e4lva d\u00e4r allm\u00e4nnyttiga hyresbost\u00e4der som f\u00f6rvaltas av kommun och region \u00e4r ocks\u00e5 illegalt ockuperade (134). De \u00f6vriga \u00e4r privatpersoner som hyr ut.<\/p>\n<h2>Straffrihet<\/h2>\n<p>Virginia Robles, sekreterare vid f\u00f6reningen f\u00f6r bostads\u00e4gare mot juridisk os\u00e4kerhet APROVIJ (Asociaci\u00f3n de Propietarios de Viviendas contra la Inseguridad Jur\u00eddica) s\u00e4ger till tidningen:<\/p>\n<p>&#8211; Jag tvivlar inte p\u00e5 att lagen uppmuntrar folk att sluta betala hyra. Min bed\u00f6mning \u00e4r den att det statliga skyddet har p\u00e5verkat fenomenet bostadsockupanter, det vill s\u00e4ga kriminella hyresg\u00e4ster som slutar betala hyra d\u00e5 de menar sig vara utsatta.<\/p>\n<p>&#8211; Folk \u00e4r inte l\u00e4ngre r\u00e4dda f\u00f6r att inte beh\u00f6va betala, det r\u00e5der straffrihet. Vissa icke-statliga organisationer och socialarbetare rekommenderar till och med att hyresg\u00e4ster kan sluta betala och de informeras om att lagen skyddar dem.<\/p>\n<h2>Turister tryggare<\/h2>\n<p>Att antalet illegala bostadsockupanter \u00f6kar g\u00f6r \u00e4ven att bostads\u00e4gare k\u00e4nner att det \u00e4r mer tryggt att hyra ut till turister.<\/p>\n<p>M\u00e1lagas kommunalr\u00e5d inom bostad, Francisco Pomares, s\u00e4ger att turister betalar vilket g\u00f6r att marknaden med turistl\u00e4genheter har vuxit.<\/p>\n<p>&#8211; P\u00e5 rund av l\u00f6nsamheten men ocks\u00e5 p\u00e5 grund av r\u00e4ttss\u00e4kerheten. Det blir inte n\u00e5gra problem med ockupanter eller utebliven betalning.<\/p>\n<p>Antalet ockuperade l\u00e4genheter \u00e4r st\u00f6rre \u00e4n de 492 som slutat betala hyran. Totalt \u00e4r det 1.329 bost\u00e4der som officiellt \u00e4r illegalt ockuperade enbart i M\u00e1laga.<\/p>\n<p>Spaniens oppositionsledare Alberto N\u00fa\u00f1ez Feij\u00f3o sa p\u00e5 torsdagen med anledning av de uppm\u00e4rksammade ockupanterna i Barcelona som nyligen vr\u00e4ktes efter fyra \u00e5r, att den f\u00f6rsta lagen Partido Popular kommer att driva igenom vid ett eventuellt regeringsskifte \u00e4r vr\u00e4kning inom 24 timmar.<\/p>\n<h2>Artikelarkiv: <a href=\"https:\/\/lightweb.dev\/l\/svm-temp\/?s=ockupanter\">Ockupanter<\/a><\/h2>\n","protected":false},"excerpt":{"rendered":"<p>Efter att den spanska regeringen drev igenom en ny bostadslag mot vr\u00e4kning har antalet illegalt ockuperade bost\u00e4der i M\u00e1laga \u00f6kat fr\u00e5n 155 till 492. Det handlar allts\u00e5 om en tredubbling enbart i M\u00e1laga kommun&#8230;<\/p>\n","protected":false},"author":7,"featured_media":63015,"comment_status":"closed","ping_status":"closed","sticky":false,"template":"","format":"standard","meta":{"_et_pb_use_builder":"","_et_pb_old_content":"","_et_gb_content_width":"","footnotes":""},"categories":[395,3],"tags":[],"class_list":["post-77877","post","type-post","status-publish","format-standard","has-post-thumbnail","hentry","category-arkiv-nyheter","category-nyheter"],"yoast_head":"<!-- This site is optimized with the Yoast SEO Premium plugin v26.2 (Yoast SEO v27.4) - https:\/\/yoast.com\/product\/yoast-seo-premium-wordpress\/ -->\n<title>Antalet fall av illegalt ockuperade bost\u00e4der har \u00f6kat tredubbelt - Svenska Magasinet<\/title>\n<meta name=\"description\" content=\"Efter att den spanska regeringen drev igenom en ny bostadslag mot vr\u00e4kning har antalet illegalt ockuperade bost\u00e4der i M\u00e1laga \u00f6kat fr\u00e5n 155 till 492. Det handlar allts\u00e5 om en tredubbling enbart i M\u00e1laga kommun.\" \/>\n<meta name=\"robots\" content=\"noindex, follow, max-snippet:-1, max-image-preview:large, max-video-preview:-1\" \/>\n<meta property=\"og:locale\" content=\"sv_SE\" \/>\n<meta property=\"og:type\" content=\"article\" \/>\n<meta property=\"og:title\" content=\"Antalet fall av illegalt ockuperade bost\u00e4der har \u00f6kat tredubbelt\" \/>\n<meta property=\"og:description\" content=\"Efter att den spanska regeringen drev igenom en ny bostadslag mot vr\u00e4kning har antalet illegalt ockuperade bost\u00e4der i M\u00e1laga \u00f6kat fr\u00e5n 155 till 492. Det handlar allts\u00e5 om en tredubbling enbart i M\u00e1laga kommun.\" \/>\n<meta property=\"og:url\" content=\"https:\/\/lightweb.dev\/l\/svm-temp\/nyheter\/bostad\/antalet-fall-av-illegalt-ockuperade-bostader-har-okat-tredubbelt\/\" \/>\n<meta property=\"og:site_name\" content=\"Svenska Magasinet\" \/>\n<meta property=\"article:publisher\" content=\"https:\/\/www.facebook.com\/svenskamagasinet\" \/>\n<meta property=\"article:published_time\" content=\"2025-01-31T09:30:38+00:00\" \/>\n<meta property=\"article:modified_time\" content=\"2025-01-31T10:20:43+00:00\" \/>\n<meta property=\"og:image\" content=\"https:\/\/lightweb.dev\/l\/svm-temp\/wp-content\/uploads\/2023\/04\/IMG_6710-stor.jpeg\" \/>\n\t<meta property=\"og:image:width\" content=\"1280\" \/>\n\t<meta property=\"og:image:height\" content=\"960\" \/>\n\t<meta property=\"og:image:type\" content=\"image\/jpeg\" \/>\n<meta name=\"author\" content=\"Ola Josefsson\" \/>\n<meta name=\"twitter:card\" content=\"summary_large_image\" \/>\n<meta name=\"twitter:creator\" content=\"@SvenskaMagasine\" \/>\n<meta name=\"twitter:site\" content=\"@SvenskaMagasine\" \/>\n<script type=\"application\/ld+json\" class=\"yoast-schema-graph\">{\"@context\":\"https:\\\/\\\/schema.org\",\"@graph\":[{\"@type\":\"Article\",\"@id\":\"https:\\\/\\\/lightweb.dev\\\/l\\\/svm-temp\\\/nyheter\\\/bostad\\\/antalet-fall-av-illegalt-ockuperade-bostader-har-okat-tredubbelt\\\/#article\",\"isPartOf\":{\"@id\":\"https:\\\/\\\/lightweb.dev\\\/l\\\/svm-temp\\\/nyheter\\\/bostad\\\/antalet-fall-av-illegalt-ockuperade-bostader-har-okat-tredubbelt\\\/\"},\"author\":{\"name\":\"Ola Josefsson\",\"@id\":\"https:\\\/\\\/lightweb.dev\\\/l\\\/svm-temp\\\/#\\\/schema\\\/person\\\/7a82b8a73d171d32360a564b6d03508e\"},\"headline\":\"Antalet fall av illegalt ockuperade bost\u00e4der har \u00f6kat tredubbelt\",\"datePublished\":\"2025-01-31T09:30:38+00:00\",\"dateModified\":\"2025-01-31T10:20:43+00:00\",\"mainEntityOfPage\":{\"@id\":\"https:\\\/\\\/lightweb.dev\\\/l\\\/svm-temp\\\/nyheter\\\/bostad\\\/antalet-fall-av-illegalt-ockuperade-bostader-har-okat-tredubbelt\\\/\"},\"wordCount\":647,\"publisher\":{\"@id\":\"https:\\\/\\\/lightweb.dev\\\/l\\\/svm-temp\\\/#organization\"},\"image\":{\"@id\":\"https:\\\/\\\/lightweb.dev\\\/l\\\/svm-temp\\\/nyheter\\\/bostad\\\/antalet-fall-av-illegalt-ockuperade-bostader-har-okat-tredubbelt\\\/#primaryimage\"},\"thumbnailUrl\":\"https:\\\/\\\/lightweb.dev\\\/l\\\/svm-temp\\\/wp-content\\\/uploads\\\/2023\\\/04\\\/IMG_6710-stor.jpeg\",\"articleSection\":[\"Arkiv\",\"Nyheter\"],\"inLanguage\":\"sv-SE\"},{\"@type\":\"WebPage\",\"@id\":\"https:\\\/\\\/lightweb.dev\\\/l\\\/svm-temp\\\/nyheter\\\/bostad\\\/antalet-fall-av-illegalt-ockuperade-bostader-har-okat-tredubbelt\\\/\",\"url\":\"https:\\\/\\\/lightweb.dev\\\/l\\\/svm-temp\\\/nyheter\\\/bostad\\\/antalet-fall-av-illegalt-ockuperade-bostader-har-okat-tredubbelt\\\/\",\"name\":\"Antalet fall av illegalt ockuperade bost\u00e4der har \u00f6kat tredubbelt - Svenska Magasinet\",\"isPartOf\":{\"@id\":\"https:\\\/\\\/lightweb.dev\\\/l\\\/svm-temp\\\/#website\"},\"primaryImageOfPage\":{\"@id\":\"https:\\\/\\\/lightweb.dev\\\/l\\\/svm-temp\\\/nyheter\\\/bostad\\\/antalet-fall-av-illegalt-ockuperade-bostader-har-okat-tredubbelt\\\/#primaryimage\"},\"image\":{\"@id\":\"https:\\\/\\\/lightweb.dev\\\/l\\\/svm-temp\\\/nyheter\\\/bostad\\\/antalet-fall-av-illegalt-ockuperade-bostader-har-okat-tredubbelt\\\/#primaryimage\"},\"thumbnailUrl\":\"https:\\\/\\\/lightweb.dev\\\/l\\\/svm-temp\\\/wp-content\\\/uploads\\\/2023\\\/04\\\/IMG_6710-stor.jpeg\",\"datePublished\":\"2025-01-31T09:30:38+00:00\",\"dateModified\":\"2025-01-31T10:20:43+00:00\",\"description\":\"Efter att den spanska regeringen drev igenom en ny bostadslag mot vr\u00e4kning har antalet illegalt ockuperade bost\u00e4der i M\u00e1laga \u00f6kat fr\u00e5n 155 till 492. Det handlar allts\u00e5 om en tredubbling enbart i M\u00e1laga kommun.\",\"breadcrumb\":{\"@id\":\"https:\\\/\\\/lightweb.dev\\\/l\\\/svm-temp\\\/nyheter\\\/bostad\\\/antalet-fall-av-illegalt-ockuperade-bostader-har-okat-tredubbelt\\\/#breadcrumb\"},\"inLanguage\":\"sv-SE\",\"potentialAction\":[{\"@type\":\"ReadAction\",\"target\":[\"https:\\\/\\\/lightweb.dev\\\/l\\\/svm-temp\\\/nyheter\\\/bostad\\\/antalet-fall-av-illegalt-ockuperade-bostader-har-okat-tredubbelt\\\/\"]}]},{\"@type\":\"ImageObject\",\"inLanguage\":\"sv-SE\",\"@id\":\"https:\\\/\\\/lightweb.dev\\\/l\\\/svm-temp\\\/nyheter\\\/bostad\\\/antalet-fall-av-illegalt-ockuperade-bostader-har-okat-tredubbelt\\\/#primaryimage\",\"url\":\"https:\\\/\\\/lightweb.dev\\\/l\\\/svm-temp\\\/wp-content\\\/uploads\\\/2023\\\/04\\\/IMG_6710-stor.jpeg\",\"contentUrl\":\"https:\\\/\\\/lightweb.dev\\\/l\\\/svm-temp\\\/wp-content\\\/uploads\\\/2023\\\/04\\\/IMG_6710-stor.jpeg\",\"width\":1280,\"height\":960},{\"@type\":\"BreadcrumbList\",\"@id\":\"https:\\\/\\\/lightweb.dev\\\/l\\\/svm-temp\\\/nyheter\\\/bostad\\\/antalet-fall-av-illegalt-ockuperade-bostader-har-okat-tredubbelt\\\/#breadcrumb\",\"itemListElement\":[{\"@type\":\"ListItem\",\"position\":1,\"name\":\"Hem\",\"item\":\"https:\\\/\\\/lightweb.dev\\\/l\\\/svm-temp\\\/\"},{\"@type\":\"ListItem\",\"position\":2,\"name\":\"Antalet fall av illegalt ockuperade bost\u00e4der har \u00f6kat tredubbelt\"}]},{\"@type\":\"WebSite\",\"@id\":\"https:\\\/\\\/lightweb.dev\\\/l\\\/svm-temp\\\/#website\",\"url\":\"https:\\\/\\\/lightweb.dev\\\/l\\\/svm-temp\\\/\",\"name\":\"Svenska Magasinet\",\"description\":\"Dina Spanska nyheter p&aring; Svenska\",\"publisher\":{\"@id\":\"https:\\\/\\\/lightweb.dev\\\/l\\\/svm-temp\\\/#organization\"},\"potentialAction\":[{\"@type\":\"SearchAction\",\"target\":{\"@type\":\"EntryPoint\",\"urlTemplate\":\"https:\\\/\\\/lightweb.dev\\\/l\\\/svm-temp\\\/?s={search_term_string}\"},\"query-input\":{\"@type\":\"PropertyValueSpecification\",\"valueRequired\":true,\"valueName\":\"search_term_string\"}}],\"inLanguage\":\"sv-SE\"},{\"@type\":\"Organization\",\"@id\":\"https:\\\/\\\/lightweb.dev\\\/l\\\/svm-temp\\\/#organization\",\"name\":\"Melkerson y Nott SL\",\"alternateName\":\"Svenska Magasinet\",\"url\":\"https:\\\/\\\/lightweb.dev\\\/l\\\/svm-temp\\\/\",\"logo\":{\"@type\":\"ImageObject\",\"inLanguage\":\"sv-SE\",\"@id\":\"https:\\\/\\\/lightweb.dev\\\/l\\\/svm-temp\\\/#\\\/schema\\\/logo\\\/image\\\/\",\"url\":\"https:\\\/\\\/lightweb.dev\\\/l\\\/svm-temp\\\/wp-content\\\/uploads\\\/2025\\\/02\\\/SvM-logo-Xtra-Centrerad-SVART.png\",\"contentUrl\":\"https:\\\/\\\/lightweb.dev\\\/l\\\/svm-temp\\\/wp-content\\\/uploads\\\/2025\\\/02\\\/SvM-logo-Xtra-Centrerad-SVART.png\",\"width\":300,\"height\":99,\"caption\":\"Melkerson y Nott SL\"},\"image\":{\"@id\":\"https:\\\/\\\/lightweb.dev\\\/l\\\/svm-temp\\\/#\\\/schema\\\/logo\\\/image\\\/\"},\"sameAs\":[\"https:\\\/\\\/www.facebook.com\\\/svenskamagasinet\",\"https:\\\/\\\/x.com\\\/SvenskaMagasine\"]},{\"@type\":\"Person\",\"@id\":\"https:\\\/\\\/lightweb.dev\\\/l\\\/svm-temp\\\/#\\\/schema\\\/person\\\/7a82b8a73d171d32360a564b6d03508e\",\"name\":\"Ola Josefsson\",\"description\":\"Bevakar Solkusten och Spanien sedan 1994.\",\"sameAs\":[\"https:\\\/\\\/lightweb.dev\\\/l\\\/svm-temp\"],\"url\":\"https:\\\/\\\/lightweb.dev\\\/l\\\/svm-temp\\\/reporter\\\/ola-josefsson\\\/\"}]}<\/script>\n<!-- \/ Yoast SEO Premium plugin. -->","yoast_head_json":{"title":"Antalet fall av illegalt ockuperade bost\u00e4der har \u00f6kat tredubbelt - Svenska Magasinet","description":"Efter att den spanska regeringen drev igenom en ny bostadslag mot vr\u00e4kning har antalet illegalt ockuperade bost\u00e4der i M\u00e1laga \u00f6kat fr\u00e5n 155 till 492. Det handlar allts\u00e5 om en tredubbling enbart i M\u00e1laga kommun.","robots":{"index":"noindex","follow":"follow","max-snippet":"max-snippet:-1","max-image-preview":"max-image-preview:large","max-video-preview":"max-video-preview:-1"},"og_locale":"sv_SE","og_type":"article","og_title":"Antalet fall av illegalt ockuperade bost\u00e4der har \u00f6kat tredubbelt","og_description":"Efter att den spanska regeringen drev igenom en ny bostadslag mot vr\u00e4kning har antalet illegalt ockuperade bost\u00e4der i M\u00e1laga \u00f6kat fr\u00e5n 155 till 492. Det handlar allts\u00e5 om en tredubbling enbart i M\u00e1laga kommun.","og_url":"https:\/\/lightweb.dev\/l\/svm-temp\/nyheter\/bostad\/antalet-fall-av-illegalt-ockuperade-bostader-har-okat-tredubbelt\/","og_site_name":"Svenska Magasinet","article_publisher":"https:\/\/www.facebook.com\/svenskamagasinet","article_published_time":"2025-01-31T09:30:38+00:00","article_modified_time":"2025-01-31T10:20:43+00:00","og_image":[{"width":1280,"height":960,"url":"https:\/\/lightweb.dev\/l\/svm-temp\/wp-content\/uploads\/2023\/04\/IMG_6710-stor.jpeg","type":"image\/jpeg"}],"author":"Ola Josefsson","twitter_card":"summary_large_image","twitter_creator":"@SvenskaMagasine","twitter_site":"@SvenskaMagasine","schema":{"@context":"https:\/\/schema.org","@graph":[{"@type":"Article","@id":"https:\/\/lightweb.dev\/l\/svm-temp\/nyheter\/bostad\/antalet-fall-av-illegalt-ockuperade-bostader-har-okat-tredubbelt\/#article","isPartOf":{"@id":"https:\/\/lightweb.dev\/l\/svm-temp\/nyheter\/bostad\/antalet-fall-av-illegalt-ockuperade-bostader-har-okat-tredubbelt\/"},"author":{"name":"Ola Josefsson","@id":"https:\/\/lightweb.dev\/l\/svm-temp\/#\/schema\/person\/7a82b8a73d171d32360a564b6d03508e"},"headline":"Antalet fall av illegalt ockuperade bost\u00e4der har \u00f6kat tredubbelt","datePublished":"2025-01-31T09:30:38+00:00","dateModified":"2025-01-31T10:20:43+00:00","mainEntityOfPage":{"@id":"https:\/\/lightweb.dev\/l\/svm-temp\/nyheter\/bostad\/antalet-fall-av-illegalt-ockuperade-bostader-har-okat-tredubbelt\/"},"wordCount":647,"publisher":{"@id":"https:\/\/lightweb.dev\/l\/svm-temp\/#organization"},"image":{"@id":"https:\/\/lightweb.dev\/l\/svm-temp\/nyheter\/bostad\/antalet-fall-av-illegalt-ockuperade-bostader-har-okat-tredubbelt\/#primaryimage"},"thumbnailUrl":"https:\/\/lightweb.dev\/l\/svm-temp\/wp-content\/uploads\/2023\/04\/IMG_6710-stor.jpeg","articleSection":["Arkiv","Nyheter"],"inLanguage":"sv-SE"},{"@type":"WebPage","@id":"https:\/\/lightweb.dev\/l\/svm-temp\/nyheter\/bostad\/antalet-fall-av-illegalt-ockuperade-bostader-har-okat-tredubbelt\/","url":"https:\/\/lightweb.dev\/l\/svm-temp\/nyheter\/bostad\/antalet-fall-av-illegalt-ockuperade-bostader-har-okat-tredubbelt\/","name":"Antalet fall av illegalt ockuperade bost\u00e4der har \u00f6kat tredubbelt - Svenska Magasinet","isPartOf":{"@id":"https:\/\/lightweb.dev\/l\/svm-temp\/#website"},"primaryImageOfPage":{"@id":"https:\/\/lightweb.dev\/l\/svm-temp\/nyheter\/bostad\/antalet-fall-av-illegalt-ockuperade-bostader-har-okat-tredubbelt\/#primaryimage"},"image":{"@id":"https:\/\/lightweb.dev\/l\/svm-temp\/nyheter\/bostad\/antalet-fall-av-illegalt-ockuperade-bostader-har-okat-tredubbelt\/#primaryimage"},"thumbnailUrl":"https:\/\/lightweb.dev\/l\/svm-temp\/wp-content\/uploads\/2023\/04\/IMG_6710-stor.jpeg","datePublished":"2025-01-31T09:30:38+00:00","dateModified":"2025-01-31T10:20:43+00:00","description":"Efter att den spanska regeringen drev igenom en ny bostadslag mot vr\u00e4kning har antalet illegalt ockuperade bost\u00e4der i M\u00e1laga \u00f6kat fr\u00e5n 155 till 492. Det handlar allts\u00e5 om en tredubbling enbart i M\u00e1laga kommun.","breadcrumb":{"@id":"https:\/\/lightweb.dev\/l\/svm-temp\/nyheter\/bostad\/antalet-fall-av-illegalt-ockuperade-bostader-har-okat-tredubbelt\/#breadcrumb"},"inLanguage":"sv-SE","potentialAction":[{"@type":"ReadAction","target":["https:\/\/lightweb.dev\/l\/svm-temp\/nyheter\/bostad\/antalet-fall-av-illegalt-ockuperade-bostader-har-okat-tredubbelt\/"]}]},{"@type":"ImageObject","inLanguage":"sv-SE","@id":"https:\/\/lightweb.dev\/l\/svm-temp\/nyheter\/bostad\/antalet-fall-av-illegalt-ockuperade-bostader-har-okat-tredubbelt\/#primaryimage","url":"https:\/\/lightweb.dev\/l\/svm-temp\/wp-content\/uploads\/2023\/04\/IMG_6710-stor.jpeg","contentUrl":"https:\/\/lightweb.dev\/l\/svm-temp\/wp-content\/uploads\/2023\/04\/IMG_6710-stor.jpeg","width":1280,"height":960},{"@type":"BreadcrumbList","@id":"https:\/\/lightweb.dev\/l\/svm-temp\/nyheter\/bostad\/antalet-fall-av-illegalt-ockuperade-bostader-har-okat-tredubbelt\/#breadcrumb","itemListElement":[{"@type":"ListItem","position":1,"name":"Hem","item":"https:\/\/lightweb.dev\/l\/svm-temp\/"},{"@type":"ListItem","position":2,"name":"Antalet fall av illegalt ockuperade bost\u00e4der har \u00f6kat tredubbelt"}]},{"@type":"WebSite","@id":"https:\/\/lightweb.dev\/l\/svm-temp\/#website","url":"https:\/\/lightweb.dev\/l\/svm-temp\/","name":"Svenska Magasinet","description":"Dina Spanska nyheter p&aring; Svenska","publisher":{"@id":"https:\/\/lightweb.dev\/l\/svm-temp\/#organization"},"potentialAction":[{"@type":"SearchAction","target":{"@type":"EntryPoint","urlTemplate":"https:\/\/lightweb.dev\/l\/svm-temp\/?s={search_term_string}"},"query-input":{"@type":"PropertyValueSpecification","valueRequired":true,"valueName":"search_term_string"}}],"inLanguage":"sv-SE"},{"@type":"Organization","@id":"https:\/\/lightweb.dev\/l\/svm-temp\/#organization","name":"Melkerson y Nott SL","alternateName":"Svenska Magasinet","url":"https:\/\/lightweb.dev\/l\/svm-temp\/","logo":{"@type":"ImageObject","inLanguage":"sv-SE","@id":"https:\/\/lightweb.dev\/l\/svm-temp\/#\/schema\/logo\/image\/","url":"https:\/\/lightweb.dev\/l\/svm-temp\/wp-content\/uploads\/2025\/02\/SvM-logo-Xtra-Centrerad-SVART.png","contentUrl":"https:\/\/lightweb.dev\/l\/svm-temp\/wp-content\/uploads\/2025\/02\/SvM-logo-Xtra-Centrerad-SVART.png","width":300,"height":99,"caption":"Melkerson y Nott SL"},"image":{"@id":"https:\/\/lightweb.dev\/l\/svm-temp\/#\/schema\/logo\/image\/"},"sameAs":["https:\/\/www.facebook.com\/svenskamagasinet","https:\/\/x.com\/SvenskaMagasine"]},{"@type":"Person","@id":"https:\/\/lightweb.dev\/l\/svm-temp\/#\/schema\/person\/7a82b8a73d171d32360a564b6d03508e","name":"Ola Josefsson","description":"Bevakar Solkusten och Spanien sedan 1994.","sameAs":["https:\/\/lightweb.dev\/l\/svm-temp"],"url":"https:\/\/lightweb.dev\/l\/svm-temp\/reporter\/ola-josefsson\/"}]}},"_links":{"self":[{"href":"https:\/\/lightweb.dev\/l\/svm-temp\/wp-json\/wp\/v2\/posts\/77877","targetHints":{"allow":["GET"]}}],"collection":[{"href":"https:\/\/lightweb.dev\/l\/svm-temp\/wp-json\/wp\/v2\/posts"}],"about":[{"href":"https:\/\/lightweb.dev\/l\/svm-temp\/wp-json\/wp\/v2\/types\/post"}],"author":[{"embeddable":true,"href":"https:\/\/lightweb.dev\/l\/svm-temp\/wp-json\/wp\/v2\/users\/7"}],"replies":[{"embeddable":true,"href":"https:\/\/lightweb.dev\/l\/svm-temp\/wp-json\/wp\/v2\/comments?post=77877"}],"version-history":[{"count":0,"href":"https:\/\/lightweb.dev\/l\/svm-temp\/wp-json\/wp\/v2\/posts\/77877\/revisions"}],"wp:featuredmedia":[{"embeddable":true,"href":"https:\/\/lightweb.dev\/l\/svm-temp\/wp-json\/wp\/v2\/media\/63015"}],"wp:attachment":[{"href":"https:\/\/lightweb.dev\/l\/svm-temp\/wp-json\/wp\/v2\/media?parent=77877"}],"wp:term":[{"taxonomy":"category","embeddable":true,"href":"https:\/\/lightweb.dev\/l\/svm-temp\/wp-json\/wp\/v2\/categories?post=77877"},{"taxonomy":"post_tag","embeddable":true,"href":"https:\/\/lightweb.dev\/l\/svm-temp\/wp-json\/wp\/v2\/tags?post=77877"}],"curies":[{"name":"wp","href":"https:\/\/api.w.org\/{rel}","templated":true}]}}