{"id":77881,"date":"2025-01-31T11:11:46","date_gmt":"2025-01-31T10:11:46","guid":{"rendered":"https:\/\/lightweb.dev\/l\/svm-temp\/?p=77881"},"modified":"2025-01-31T11:11:46","modified_gmt":"2025-01-31T10:11:46","slug":"svenskt-influencer-par-i-marbella-i-utpressningsforsok","status":"publish","type":"post","link":"https:\/\/lightweb.dev\/l\/svm-temp\/nyheter\/inrikes\/svenskt-influencer-par-i-marbella-i-utpressningsforsok\/","title":{"rendered":"Svenskt influencer-par i Marbella i utpressningsf\u00f6rs\u00f6k"},"content":{"rendered":"<p><strong>P\u00e5 sociala medier delar paret med sig av resor, mat, tr\u00e4ning, renoveringar och barnens uppv\u00e4xt. Tusentals f\u00f6ljer det svenska parets vardag i Marbella.<\/strong><\/p>\n<p><strong>Nu har paret utsatts f\u00f6r ett utpressningsf\u00f6rs\u00f6k.<\/strong><\/p>\n<p>Den 22 januari fick det svenska paret ett f\u00f6rsta utpressningsmejl fr\u00e5n en ok\u00e4nd adress. \u00d6verf\u00f6r 1,2 miljoner euro i kryptovalutor inom sex dagar. Vid f\u00f6rsening tillkommer b\u00f6ter p\u00e5 50.000 euro per dag.<\/p>\n<p>Annars v\u00e4ntar en handgranatattack mot kvinnans f\u00f6r\u00e4ldrar. Enligt uppgifter som <a href=\"https:\/\/www.diariosur.es\/sucesos\/extorsionan-pareja-influencers-suecos-marbella-piden-millon-20250127132721-nt.html\">Diario Sur<\/a> h\u00e4nvisar till ska hoten \u00e4ven ha riktats mot parets barn och husdjur.<\/p>\n<p>Fyra dagar efter det misst\u00e4nkta utpressningsf\u00f6rs\u00f6ket ska en person ha ringt larmtj\u00e4nsten 112 och upplyst om att denne skulle f\u00e5 n\u00e4ra 9.000 euro om personen kasta in en handgranat i ett hem.<\/p>\n<p>P\u00e5 adressen bor anh\u00f6riga till den kvinnliga influencern, skriver <a href=\"https:\/\/www.expressen.se\/nyheter\/sverige\/misstanken-hotet-mot-kanda-influencer-paret-handgranatattack\/\">Expressen.<\/a><\/p>\n<p>De anh\u00f6riga \u00e4r sedan polisen n\u00e5tts av uppgifterna inte kvar p\u00e5 adressen. En anm\u00e4lan om f\u00f6rs\u00f6k till utpressning och anstiftan till allm\u00e4nfarlig \u00f6del\u00e4ggelse \u00e4r uppr\u00e4ttad, skriver tidningen.<\/p>\n<p>I Marbella har samtidigt nationalpolisen inlett en separat utredning f\u00f6r att klarg\u00f6ra fakta, skriver Diario Sur.<\/p>\n","protected":false},"excerpt":{"rendered":"<p>P\u00e5 sociala medier delar paret med sig av resor, mat, tr\u00e4ning, renoveringar och barnens uppv\u00e4xt. Tusentals f\u00f6ljer det svenska parets vardag i Marbella. Nu har paret utsatts f\u00f6r ett utpressningsf\u00f6rs\u00f6k&#8230;<\/p>\n","protected":false},"author":7,"featured_media":74071,"comment_status":"closed","ping_status":"closed","sticky":false,"template":"","format":"standard","meta":{"_et_pb_use_builder":"","_et_pb_old_content":"","_et_gb_content_width":"","footnotes":""},"categories":[284,3],"tags":[],"class_list":["post-77881","post","type-post","status-publish","format-standard","has-post-thumbnail","hentry","category-inrikes","category-nyheter"],"yoast_head":"<!-- This site is optimized with the Yoast SEO Premium plugin v26.2 (Yoast SEO v27.4) - https:\/\/yoast.com\/product\/yoast-seo-premium-wordpress\/ -->\n<title>Svenskt influencer-par i Marbella i utpressningsf\u00f6rs\u00f6k - Svenska Magasinet<\/title>\n<meta name=\"description\" content=\"P\u00e5 sociala medier delar paret med sig av resor, mat, tr\u00e4ning, renoveringar och barnens uppv\u00e4xt. Tusentals f\u00f6ljer det svenska parets vardag i Marbella. Nu har de utsatts f\u00f6r ett utpressningsf\u00f6rs\u00f6k.\" \/>\n<meta name=\"robots\" content=\"noindex, follow, max-snippet:-1, max-image-preview:large, max-video-preview:-1\" \/>\n<meta property=\"og:locale\" content=\"sv_SE\" \/>\n<meta property=\"og:type\" content=\"article\" \/>\n<meta property=\"og:title\" content=\"Svenskt influencer-par i Marbella i utpressningsf\u00f6rs\u00f6k\" \/>\n<meta property=\"og:description\" content=\"P\u00e5 sociala medier delar paret med sig av resor, mat, tr\u00e4ning, renoveringar och barnens uppv\u00e4xt. Tusentals f\u00f6ljer det svenska parets vardag i Marbella. Nu har de utsatts f\u00f6r ett utpressningsf\u00f6rs\u00f6k.\" \/>\n<meta property=\"og:url\" content=\"https:\/\/lightweb.dev\/l\/svm-temp\/nyheter\/inrikes\/svenskt-influencer-par-i-marbella-i-utpressningsforsok\/\" \/>\n<meta property=\"og:site_name\" content=\"Svenska Magasinet\" \/>\n<meta property=\"article:publisher\" content=\"https:\/\/www.facebook.com\/svenskamagasinet\" \/>\n<meta property=\"article:published_time\" content=\"2025-01-31T10:11:46+00:00\" \/>\n<meta property=\"og:image\" content=\"https:\/\/lightweb.dev\/l\/svm-temp\/wp-content\/uploads\/2024\/09\/GEDpBClXwAU0zno-stor.jpeg\" \/>\n\t<meta property=\"og:image:width\" content=\"1200\" \/>\n\t<meta property=\"og:image:height\" content=\"630\" \/>\n\t<meta property=\"og:image:type\" content=\"image\/jpeg\" \/>\n<meta name=\"author\" content=\"Ola Josefsson\" \/>\n<meta name=\"twitter:card\" content=\"summary_large_image\" \/>\n<meta name=\"twitter:creator\" content=\"@SvenskaMagasine\" \/>\n<meta name=\"twitter:site\" content=\"@SvenskaMagasine\" \/>\n<script type=\"application\/ld+json\" class=\"yoast-schema-graph\">{\"@context\":\"https:\\\/\\\/schema.org\",\"@graph\":[{\"@type\":\"Article\",\"@id\":\"https:\\\/\\\/lightweb.dev\\\/l\\\/svm-temp\\\/nyheter\\\/inrikes\\\/svenskt-influencer-par-i-marbella-i-utpressningsforsok\\\/#article\",\"isPartOf\":{\"@id\":\"https:\\\/\\\/lightweb.dev\\\/l\\\/svm-temp\\\/nyheter\\\/inrikes\\\/svenskt-influencer-par-i-marbella-i-utpressningsforsok\\\/\"},\"author\":{\"name\":\"Ola Josefsson\",\"@id\":\"https:\\\/\\\/lightweb.dev\\\/l\\\/svm-temp\\\/#\\\/schema\\\/person\\\/7a82b8a73d171d32360a564b6d03508e\"},\"headline\":\"Svenskt influencer-par i Marbella i utpressningsf\u00f6rs\u00f6k\",\"datePublished\":\"2025-01-31T10:11:46+00:00\",\"mainEntityOfPage\":{\"@id\":\"https:\\\/\\\/lightweb.dev\\\/l\\\/svm-temp\\\/nyheter\\\/inrikes\\\/svenskt-influencer-par-i-marbella-i-utpressningsforsok\\\/\"},\"wordCount\":206,\"publisher\":{\"@id\":\"https:\\\/\\\/lightweb.dev\\\/l\\\/svm-temp\\\/#organization\"},\"image\":{\"@id\":\"https:\\\/\\\/lightweb.dev\\\/l\\\/svm-temp\\\/nyheter\\\/inrikes\\\/svenskt-influencer-par-i-marbella-i-utpressningsforsok\\\/#primaryimage\"},\"thumbnailUrl\":\"https:\\\/\\\/lightweb.dev\\\/l\\\/svm-temp\\\/wp-content\\\/uploads\\\/2024\\\/09\\\/GEDpBClXwAU0zno-stor.jpeg\",\"articleSection\":[\"Inrikes\",\"Nyheter\"],\"inLanguage\":\"sv-SE\"},{\"@type\":\"WebPage\",\"@id\":\"https:\\\/\\\/lightweb.dev\\\/l\\\/svm-temp\\\/nyheter\\\/inrikes\\\/svenskt-influencer-par-i-marbella-i-utpressningsforsok\\\/\",\"url\":\"https:\\\/\\\/lightweb.dev\\\/l\\\/svm-temp\\\/nyheter\\\/inrikes\\\/svenskt-influencer-par-i-marbella-i-utpressningsforsok\\\/\",\"name\":\"Svenskt influencer-par i Marbella i utpressningsf\u00f6rs\u00f6k - Svenska Magasinet\",\"isPartOf\":{\"@id\":\"https:\\\/\\\/lightweb.dev\\\/l\\\/svm-temp\\\/#website\"},\"primaryImageOfPage\":{\"@id\":\"https:\\\/\\\/lightweb.dev\\\/l\\\/svm-temp\\\/nyheter\\\/inrikes\\\/svenskt-influencer-par-i-marbella-i-utpressningsforsok\\\/#primaryimage\"},\"image\":{\"@id\":\"https:\\\/\\\/lightweb.dev\\\/l\\\/svm-temp\\\/nyheter\\\/inrikes\\\/svenskt-influencer-par-i-marbella-i-utpressningsforsok\\\/#primaryimage\"},\"thumbnailUrl\":\"https:\\\/\\\/lightweb.dev\\\/l\\\/svm-temp\\\/wp-content\\\/uploads\\\/2024\\\/09\\\/GEDpBClXwAU0zno-stor.jpeg\",\"datePublished\":\"2025-01-31T10:11:46+00:00\",\"description\":\"P\u00e5 sociala medier delar paret med sig av resor, mat, tr\u00e4ning, renoveringar och barnens uppv\u00e4xt. Tusentals f\u00f6ljer det svenska parets vardag i Marbella. Nu har de utsatts f\u00f6r ett utpressningsf\u00f6rs\u00f6k.\",\"breadcrumb\":{\"@id\":\"https:\\\/\\\/lightweb.dev\\\/l\\\/svm-temp\\\/nyheter\\\/inrikes\\\/svenskt-influencer-par-i-marbella-i-utpressningsforsok\\\/#breadcrumb\"},\"inLanguage\":\"sv-SE\",\"potentialAction\":[{\"@type\":\"ReadAction\",\"target\":[\"https:\\\/\\\/lightweb.dev\\\/l\\\/svm-temp\\\/nyheter\\\/inrikes\\\/svenskt-influencer-par-i-marbella-i-utpressningsforsok\\\/\"]}]},{\"@type\":\"ImageObject\",\"inLanguage\":\"sv-SE\",\"@id\":\"https:\\\/\\\/lightweb.dev\\\/l\\\/svm-temp\\\/nyheter\\\/inrikes\\\/svenskt-influencer-par-i-marbella-i-utpressningsforsok\\\/#primaryimage\",\"url\":\"https:\\\/\\\/lightweb.dev\\\/l\\\/svm-temp\\\/wp-content\\\/uploads\\\/2024\\\/09\\\/GEDpBClXwAU0zno-stor.jpeg\",\"contentUrl\":\"https:\\\/\\\/lightweb.dev\\\/l\\\/svm-temp\\\/wp-content\\\/uploads\\\/2024\\\/09\\\/GEDpBClXwAU0zno-stor.jpeg\",\"width\":1200,\"height\":630},{\"@type\":\"BreadcrumbList\",\"@id\":\"https:\\\/\\\/lightweb.dev\\\/l\\\/svm-temp\\\/nyheter\\\/inrikes\\\/svenskt-influencer-par-i-marbella-i-utpressningsforsok\\\/#breadcrumb\",\"itemListElement\":[{\"@type\":\"ListItem\",\"position\":1,\"name\":\"Hem\",\"item\":\"https:\\\/\\\/lightweb.dev\\\/l\\\/svm-temp\\\/\"},{\"@type\":\"ListItem\",\"position\":2,\"name\":\"Svenskt influencer-par i Marbella i utpressningsf\u00f6rs\u00f6k\"}]},{\"@type\":\"WebSite\",\"@id\":\"https:\\\/\\\/lightweb.dev\\\/l\\\/svm-temp\\\/#website\",\"url\":\"https:\\\/\\\/lightweb.dev\\\/l\\\/svm-temp\\\/\",\"name\":\"Svenska Magasinet\",\"description\":\"Dina Spanska nyheter p&aring; Svenska\",\"publisher\":{\"@id\":\"https:\\\/\\\/lightweb.dev\\\/l\\\/svm-temp\\\/#organization\"},\"potentialAction\":[{\"@type\":\"SearchAction\",\"target\":{\"@type\":\"EntryPoint\",\"urlTemplate\":\"https:\\\/\\\/lightweb.dev\\\/l\\\/svm-temp\\\/?s={search_term_string}\"},\"query-input\":{\"@type\":\"PropertyValueSpecification\",\"valueRequired\":true,\"valueName\":\"search_term_string\"}}],\"inLanguage\":\"sv-SE\"},{\"@type\":\"Organization\",\"@id\":\"https:\\\/\\\/lightweb.dev\\\/l\\\/svm-temp\\\/#organization\",\"name\":\"Melkerson y Nott SL\",\"alternateName\":\"Svenska Magasinet\",\"url\":\"https:\\\/\\\/lightweb.dev\\\/l\\\/svm-temp\\\/\",\"logo\":{\"@type\":\"ImageObject\",\"inLanguage\":\"sv-SE\",\"@id\":\"https:\\\/\\\/lightweb.dev\\\/l\\\/svm-temp\\\/#\\\/schema\\\/logo\\\/image\\\/\",\"url\":\"https:\\\/\\\/lightweb.dev\\\/l\\\/svm-temp\\\/wp-content\\\/uploads\\\/2025\\\/02\\\/SvM-logo-Xtra-Centrerad-SVART.png\",\"contentUrl\":\"https:\\\/\\\/lightweb.dev\\\/l\\\/svm-temp\\\/wp-content\\\/uploads\\\/2025\\\/02\\\/SvM-logo-Xtra-Centrerad-SVART.png\",\"width\":300,\"height\":99,\"caption\":\"Melkerson y Nott SL\"},\"image\":{\"@id\":\"https:\\\/\\\/lightweb.dev\\\/l\\\/svm-temp\\\/#\\\/schema\\\/logo\\\/image\\\/\"},\"sameAs\":[\"https:\\\/\\\/www.facebook.com\\\/svenskamagasinet\",\"https:\\\/\\\/x.com\\\/SvenskaMagasine\"]},{\"@type\":\"Person\",\"@id\":\"https:\\\/\\\/lightweb.dev\\\/l\\\/svm-temp\\\/#\\\/schema\\\/person\\\/7a82b8a73d171d32360a564b6d03508e\",\"name\":\"Ola Josefsson\",\"description\":\"Bevakar Solkusten och Spanien sedan 1994.\",\"sameAs\":[\"https:\\\/\\\/lightweb.dev\\\/l\\\/svm-temp\"],\"url\":\"https:\\\/\\\/lightweb.dev\\\/l\\\/svm-temp\\\/reporter\\\/ola-josefsson\\\/\"}]}<\/script>\n<!-- \/ Yoast SEO Premium plugin. -->","yoast_head_json":{"title":"Svenskt influencer-par i Marbella i utpressningsf\u00f6rs\u00f6k - Svenska Magasinet","description":"P\u00e5 sociala medier delar paret med sig av resor, mat, tr\u00e4ning, renoveringar och barnens uppv\u00e4xt. Tusentals f\u00f6ljer det svenska parets vardag i Marbella. Nu har de utsatts f\u00f6r ett utpressningsf\u00f6rs\u00f6k.","robots":{"index":"noindex","follow":"follow","max-snippet":"max-snippet:-1","max-image-preview":"max-image-preview:large","max-video-preview":"max-video-preview:-1"},"og_locale":"sv_SE","og_type":"article","og_title":"Svenskt influencer-par i Marbella i utpressningsf\u00f6rs\u00f6k","og_description":"P\u00e5 sociala medier delar paret med sig av resor, mat, tr\u00e4ning, renoveringar och barnens uppv\u00e4xt. Tusentals f\u00f6ljer det svenska parets vardag i Marbella. Nu har de utsatts f\u00f6r ett utpressningsf\u00f6rs\u00f6k.","og_url":"https:\/\/lightweb.dev\/l\/svm-temp\/nyheter\/inrikes\/svenskt-influencer-par-i-marbella-i-utpressningsforsok\/","og_site_name":"Svenska Magasinet","article_publisher":"https:\/\/www.facebook.com\/svenskamagasinet","article_published_time":"2025-01-31T10:11:46+00:00","og_image":[{"width":1200,"height":630,"url":"https:\/\/lightweb.dev\/l\/svm-temp\/wp-content\/uploads\/2024\/09\/GEDpBClXwAU0zno-stor.jpeg","type":"image\/jpeg"}],"author":"Ola Josefsson","twitter_card":"summary_large_image","twitter_creator":"@SvenskaMagasine","twitter_site":"@SvenskaMagasine","schema":{"@context":"https:\/\/schema.org","@graph":[{"@type":"Article","@id":"https:\/\/lightweb.dev\/l\/svm-temp\/nyheter\/inrikes\/svenskt-influencer-par-i-marbella-i-utpressningsforsok\/#article","isPartOf":{"@id":"https:\/\/lightweb.dev\/l\/svm-temp\/nyheter\/inrikes\/svenskt-influencer-par-i-marbella-i-utpressningsforsok\/"},"author":{"name":"Ola Josefsson","@id":"https:\/\/lightweb.dev\/l\/svm-temp\/#\/schema\/person\/7a82b8a73d171d32360a564b6d03508e"},"headline":"Svenskt influencer-par i Marbella i utpressningsf\u00f6rs\u00f6k","datePublished":"2025-01-31T10:11:46+00:00","mainEntityOfPage":{"@id":"https:\/\/lightweb.dev\/l\/svm-temp\/nyheter\/inrikes\/svenskt-influencer-par-i-marbella-i-utpressningsforsok\/"},"wordCount":206,"publisher":{"@id":"https:\/\/lightweb.dev\/l\/svm-temp\/#organization"},"image":{"@id":"https:\/\/lightweb.dev\/l\/svm-temp\/nyheter\/inrikes\/svenskt-influencer-par-i-marbella-i-utpressningsforsok\/#primaryimage"},"thumbnailUrl":"https:\/\/lightweb.dev\/l\/svm-temp\/wp-content\/uploads\/2024\/09\/GEDpBClXwAU0zno-stor.jpeg","articleSection":["Inrikes","Nyheter"],"inLanguage":"sv-SE"},{"@type":"WebPage","@id":"https:\/\/lightweb.dev\/l\/svm-temp\/nyheter\/inrikes\/svenskt-influencer-par-i-marbella-i-utpressningsforsok\/","url":"https:\/\/lightweb.dev\/l\/svm-temp\/nyheter\/inrikes\/svenskt-influencer-par-i-marbella-i-utpressningsforsok\/","name":"Svenskt influencer-par i Marbella i utpressningsf\u00f6rs\u00f6k - Svenska Magasinet","isPartOf":{"@id":"https:\/\/lightweb.dev\/l\/svm-temp\/#website"},"primaryImageOfPage":{"@id":"https:\/\/lightweb.dev\/l\/svm-temp\/nyheter\/inrikes\/svenskt-influencer-par-i-marbella-i-utpressningsforsok\/#primaryimage"},"image":{"@id":"https:\/\/lightweb.dev\/l\/svm-temp\/nyheter\/inrikes\/svenskt-influencer-par-i-marbella-i-utpressningsforsok\/#primaryimage"},"thumbnailUrl":"https:\/\/lightweb.dev\/l\/svm-temp\/wp-content\/uploads\/2024\/09\/GEDpBClXwAU0zno-stor.jpeg","datePublished":"2025-01-31T10:11:46+00:00","description":"P\u00e5 sociala medier delar paret med sig av resor, mat, tr\u00e4ning, renoveringar och barnens uppv\u00e4xt. Tusentals f\u00f6ljer det svenska parets vardag i Marbella. Nu har de utsatts f\u00f6r ett utpressningsf\u00f6rs\u00f6k.","breadcrumb":{"@id":"https:\/\/lightweb.dev\/l\/svm-temp\/nyheter\/inrikes\/svenskt-influencer-par-i-marbella-i-utpressningsforsok\/#breadcrumb"},"inLanguage":"sv-SE","potentialAction":[{"@type":"ReadAction","target":["https:\/\/lightweb.dev\/l\/svm-temp\/nyheter\/inrikes\/svenskt-influencer-par-i-marbella-i-utpressningsforsok\/"]}]},{"@type":"ImageObject","inLanguage":"sv-SE","@id":"https:\/\/lightweb.dev\/l\/svm-temp\/nyheter\/inrikes\/svenskt-influencer-par-i-marbella-i-utpressningsforsok\/#primaryimage","url":"https:\/\/lightweb.dev\/l\/svm-temp\/wp-content\/uploads\/2024\/09\/GEDpBClXwAU0zno-stor.jpeg","contentUrl":"https:\/\/lightweb.dev\/l\/svm-temp\/wp-content\/uploads\/2024\/09\/GEDpBClXwAU0zno-stor.jpeg","width":1200,"height":630},{"@type":"BreadcrumbList","@id":"https:\/\/lightweb.dev\/l\/svm-temp\/nyheter\/inrikes\/svenskt-influencer-par-i-marbella-i-utpressningsforsok\/#breadcrumb","itemListElement":[{"@type":"ListItem","position":1,"name":"Hem","item":"https:\/\/lightweb.dev\/l\/svm-temp\/"},{"@type":"ListItem","position":2,"name":"Svenskt influencer-par i Marbella i utpressningsf\u00f6rs\u00f6k"}]},{"@type":"WebSite","@id":"https:\/\/lightweb.dev\/l\/svm-temp\/#website","url":"https:\/\/lightweb.dev\/l\/svm-temp\/","name":"Svenska Magasinet","description":"Dina Spanska nyheter p&aring; Svenska","publisher":{"@id":"https:\/\/lightweb.dev\/l\/svm-temp\/#organization"},"potentialAction":[{"@type":"SearchAction","target":{"@type":"EntryPoint","urlTemplate":"https:\/\/lightweb.dev\/l\/svm-temp\/?s={search_term_string}"},"query-input":{"@type":"PropertyValueSpecification","valueRequired":true,"valueName":"search_term_string"}}],"inLanguage":"sv-SE"},{"@type":"Organization","@id":"https:\/\/lightweb.dev\/l\/svm-temp\/#organization","name":"Melkerson y Nott SL","alternateName":"Svenska Magasinet","url":"https:\/\/lightweb.dev\/l\/svm-temp\/","logo":{"@type":"ImageObject","inLanguage":"sv-SE","@id":"https:\/\/lightweb.dev\/l\/svm-temp\/#\/schema\/logo\/image\/","url":"https:\/\/lightweb.dev\/l\/svm-temp\/wp-content\/uploads\/2025\/02\/SvM-logo-Xtra-Centrerad-SVART.png","contentUrl":"https:\/\/lightweb.dev\/l\/svm-temp\/wp-content\/uploads\/2025\/02\/SvM-logo-Xtra-Centrerad-SVART.png","width":300,"height":99,"caption":"Melkerson y Nott SL"},"image":{"@id":"https:\/\/lightweb.dev\/l\/svm-temp\/#\/schema\/logo\/image\/"},"sameAs":["https:\/\/www.facebook.com\/svenskamagasinet","https:\/\/x.com\/SvenskaMagasine"]},{"@type":"Person","@id":"https:\/\/lightweb.dev\/l\/svm-temp\/#\/schema\/person\/7a82b8a73d171d32360a564b6d03508e","name":"Ola Josefsson","description":"Bevakar Solkusten och Spanien sedan 1994.","sameAs":["https:\/\/lightweb.dev\/l\/svm-temp"],"url":"https:\/\/lightweb.dev\/l\/svm-temp\/reporter\/ola-josefsson\/"}]}},"_links":{"self":[{"href":"https:\/\/lightweb.dev\/l\/svm-temp\/wp-json\/wp\/v2\/posts\/77881","targetHints":{"allow":["GET"]}}],"collection":[{"href":"https:\/\/lightweb.dev\/l\/svm-temp\/wp-json\/wp\/v2\/posts"}],"about":[{"href":"https:\/\/lightweb.dev\/l\/svm-temp\/wp-json\/wp\/v2\/types\/post"}],"author":[{"embeddable":true,"href":"https:\/\/lightweb.dev\/l\/svm-temp\/wp-json\/wp\/v2\/users\/7"}],"replies":[{"embeddable":true,"href":"https:\/\/lightweb.dev\/l\/svm-temp\/wp-json\/wp\/v2\/comments?post=77881"}],"version-history":[{"count":0,"href":"https:\/\/lightweb.dev\/l\/svm-temp\/wp-json\/wp\/v2\/posts\/77881\/revisions"}],"wp:featuredmedia":[{"embeddable":true,"href":"https:\/\/lightweb.dev\/l\/svm-temp\/wp-json\/wp\/v2\/media\/74071"}],"wp:attachment":[{"href":"https:\/\/lightweb.dev\/l\/svm-temp\/wp-json\/wp\/v2\/media?parent=77881"}],"wp:term":[{"taxonomy":"category","embeddable":true,"href":"https:\/\/lightweb.dev\/l\/svm-temp\/wp-json\/wp\/v2\/categories?post=77881"},{"taxonomy":"post_tag","embeddable":true,"href":"https:\/\/lightweb.dev\/l\/svm-temp\/wp-json\/wp\/v2\/tags?post=77881"}],"curies":[{"name":"wp","href":"https:\/\/api.w.org\/{rel}","templated":true}]}}