{"id":77887,"date":"2025-01-31T15:04:09","date_gmt":"2025-01-31T14:04:09","guid":{"rendered":"https:\/\/lightweb.dev\/l\/svm-temp\/?p=77887"},"modified":"2025-01-31T15:04:09","modified_gmt":"2025-01-31T14:04:09","slug":"rockin-race-jamboree-i-torremolinos","status":"publish","type":"post","link":"https:\/\/lightweb.dev\/l\/svm-temp\/nyheter\/rockin-race-jamboree-i-torremolinos\/","title":{"rendered":"Rockin\u2019 Race Jamboree i Torremolinos"},"content":{"rendered":"<p><strong>N\u00e4sta vecka g\u00e5r en av v\u00e4rldens b\u00e4sta American Roots-festivaler av stapeln i Torremolinos.\u00a0<\/strong><\/p>\n<p><strong>Fler \u00e4n 30 artister kommer att framtr\u00e4da och ikonen Nick Lowe g\u00f6r sin enda spelning i Spanien f\u00f6r \u00e5ret.\u00a0<\/strong><\/p>\n<p><span style=\"font-weight: 400;\">Omkring 20 000 fans av retromusik v\u00e4ntas ta sig till Torremolinos n\u00e4sta vecka n\u00e4r Rockin\u2019 Race Jamboree firar sin 31a upplaga. Det \u00e4r en festival som p\u00e5g\u00e5r i fem dagar, mellan onsdag och s\u00f6ndag, d\u00e4r det spelas American Roots p\u00e5 flera olika platser runt om i staden. Det blir rockabilly, blues, surf, rock \u2018n\u2019 roll och boogie-woogie.<\/span><\/p>\n<p><span style=\"font-weight: 400;\">Spelningarna h\u00e5lls p\u00e5 auditoriet Pr\u00edncipe de Asturias, Hotel Barracuda, Plaza del Remo och p\u00e5 utvalda barer. En del spelningar beh\u00f6ver man biljett till och de s\u00e5lde slut redan i oktober f\u00f6rra \u00e5ret. Men de konserter som h\u00e5lls p\u00e5 Plaza del Remo och i barerna JC\u2019s Bar, The Fat Fajita och Cerveceria Twister \u00e4r gratis och \u00f6ppna f\u00f6r alla. Dessutom kommer det \u00e5terigen finnas ett dansgolv f\u00f6r plats med runt 800 personer utanf\u00f6r auditoriet.\u00a0<\/span><\/p>\n<p><span style=\"font-weight: 400;\">Rockin\u2019 Race Jamboree \u00e4r den mest framst\u00e5ende festivalen f\u00f6r American Roots i Europa och har vunnit pris som v\u00e4rldens b\u00e4sta i sitt slag. Den kommer att bjuda p\u00e5 fler \u00e4n 30 liveframtr\u00e4danden av n\u00e5gra av genrens st\u00f6rsta namn. Musikentusiaster fr\u00e5n hela kontinenten bes\u00f6ker Torremolinos, m\u00e5nga av dem kl\u00e4r upp sig i klassisk 50-talsstil. F\u00f6r att locka s\u00e5 m\u00e5nga som m\u00f6jligt h\u00e5lls festivalen i februari, en tid p\u00e5 \u00e5ret d\u00e5 flyg och hotell \u00e4r billigare.\u00a0<\/span><\/p>\n<p><span style=\"font-weight: 400;\">P\u00e5 l\u00f6rdagen kan man \u00e4ven bes\u00f6ka en utst\u00e4llning av klassiska bilar och motorcyklar som finns p\u00e5 Plaza del Remo mellan 11.00 och 16.00.<\/span><\/p>\n<p><span style=\"font-weight: 400;\">I \u00e5rets utbud av artister hittar vi bland annat Nick Lowe and the Straitjackets som g\u00f6r sin enda spelning p\u00e5 spansk mark f\u00f6r \u00e5ret.\u00a0<\/span><\/p>\n<p><span style=\"font-weight: 400;\">Dessutom hittar vi artister som Lee Rocker fr\u00e5n The Stray Cats som hade flera hits under 80-talet som Stray Cat Strut, Rock this Town och Runaway Boys. Hillbilly Moon Explosion, ett schweiziskt band som spelar en fusion av blues, swing, country och surf. The Cactus Blossoms, en alternativ country och folkmusikgrupp fr\u00e5n Minneapolis. Den Chicagobaserade duon Joel Paterson och Annie Dolan som spelar country och western swing.\u00a0<\/span><\/p>\n<p><span style=\"font-weight: 400;\">F\u00f6r att l\u00e4sa om alla artister och n\u00e4r de spelar kan man g\u00e5 till <\/span><a href=\"http:\/\/www.rockinrace.com\"><span style=\"font-weight: 400;\">www.rockinrace.com<\/span><\/a><span style=\"font-weight: 400;\">.<\/span><\/p>\n","protected":false},"excerpt":{"rendered":"<p>N\u00e4sta vecka g\u00e5r en av v\u00e4rldens b\u00e4sta American Roots-festivaler av stapeln i Torremolinos.\u00a0Fler \u00e4n 30 artister kommer att framtr\u00e4da och ikonen Nick Lowe g\u00f6r sin enda spelning i Spanien f\u00f6r \u00e5ret.\u00a0<\/p>\n","protected":false},"author":14,"featured_media":77886,"comment_status":"closed","ping_status":"closed","sticky":false,"template":"","format":"standard","meta":{"_et_pb_use_builder":"","_et_pb_old_content":"","_et_gb_content_width":"","footnotes":""},"categories":[395,3],"tags":[],"class_list":["post-77887","post","type-post","status-publish","format-standard","has-post-thumbnail","hentry","category-arkiv-nyheter","category-nyheter"],"yoast_head":"<!-- This site is optimized with the Yoast SEO Premium plugin v26.2 (Yoast SEO v27.4) - https:\/\/yoast.com\/product\/yoast-seo-premium-wordpress\/ -->\n<title>Rockin\u2019 Race Jamboree i Torremolinos - Svenska Magasinet<\/title>\n<meta name=\"robots\" content=\"noindex, follow, max-snippet:-1, max-image-preview:large, max-video-preview:-1\" \/>\n<meta property=\"og:locale\" content=\"sv_SE\" \/>\n<meta property=\"og:type\" content=\"article\" \/>\n<meta property=\"og:title\" content=\"Rockin\u2019 Race Jamboree i Torremolinos\" \/>\n<meta property=\"og:description\" content=\"N\u00e4sta vecka g\u00e5r en av v\u00e4rldens b\u00e4sta American Roots-festivaler av stapeln i Torremolinos.\u00a0Fler \u00e4n 30 artister kommer att framtr\u00e4da och ikonen Nick Lowe g\u00f6r sin enda spelning i Spanien f\u00f6r \u00e5ret.\u00a0\" \/>\n<meta property=\"og:url\" content=\"https:\/\/lightweb.dev\/l\/svm-temp\/nyheter\/rockin-race-jamboree-i-torremolinos\/\" \/>\n<meta property=\"og:site_name\" content=\"Svenska Magasinet\" \/>\n<meta property=\"article:publisher\" content=\"https:\/\/www.facebook.com\/svenskamagasinet\" \/>\n<meta property=\"article:published_time\" content=\"2025-01-31T14:04:09+00:00\" \/>\n<meta property=\"og:image\" content=\"https:\/\/lightweb.dev\/l\/svm-temp\/wp-content\/uploads\/2025\/01\/svm20250131132626.webp\" \/>\n\t<meta property=\"og:image:width\" content=\"900\" \/>\n\t<meta property=\"og:image:height\" content=\"400\" \/>\n\t<meta property=\"og:image:type\" content=\"image\/webp\" \/>\n<meta name=\"author\" content=\"Robbie Eriksson\" \/>\n<meta name=\"twitter:card\" content=\"summary_large_image\" \/>\n<meta name=\"twitter:creator\" content=\"@SvenskaMagasine\" \/>\n<meta name=\"twitter:site\" content=\"@SvenskaMagasine\" \/>\n<script type=\"application\/ld+json\" class=\"yoast-schema-graph\">{\"@context\":\"https:\\\/\\\/schema.org\",\"@graph\":[{\"@type\":\"Article\",\"@id\":\"https:\\\/\\\/lightweb.dev\\\/l\\\/svm-temp\\\/nyheter\\\/rockin-race-jamboree-i-torremolinos\\\/#article\",\"isPartOf\":{\"@id\":\"https:\\\/\\\/lightweb.dev\\\/l\\\/svm-temp\\\/nyheter\\\/rockin-race-jamboree-i-torremolinos\\\/\"},\"author\":{\"name\":\"Robbie Eriksson\",\"@id\":\"https:\\\/\\\/lightweb.dev\\\/l\\\/svm-temp\\\/#\\\/schema\\\/person\\\/caffe038990d25722f5a04a03c906a2b\"},\"headline\":\"Rockin\u2019 Race Jamboree i Torremolinos\",\"datePublished\":\"2025-01-31T14:04:09+00:00\",\"mainEntityOfPage\":{\"@id\":\"https:\\\/\\\/lightweb.dev\\\/l\\\/svm-temp\\\/nyheter\\\/rockin-race-jamboree-i-torremolinos\\\/\"},\"wordCount\":414,\"publisher\":{\"@id\":\"https:\\\/\\\/lightweb.dev\\\/l\\\/svm-temp\\\/#organization\"},\"image\":{\"@id\":\"https:\\\/\\\/lightweb.dev\\\/l\\\/svm-temp\\\/nyheter\\\/rockin-race-jamboree-i-torremolinos\\\/#primaryimage\"},\"thumbnailUrl\":\"https:\\\/\\\/lightweb.dev\\\/l\\\/svm-temp\\\/wp-content\\\/uploads\\\/2025\\\/01\\\/svm20250131132626.webp\",\"articleSection\":[\"Arkiv\",\"Nyheter\"],\"inLanguage\":\"sv-SE\"},{\"@type\":\"WebPage\",\"@id\":\"https:\\\/\\\/lightweb.dev\\\/l\\\/svm-temp\\\/nyheter\\\/rockin-race-jamboree-i-torremolinos\\\/\",\"url\":\"https:\\\/\\\/lightweb.dev\\\/l\\\/svm-temp\\\/nyheter\\\/rockin-race-jamboree-i-torremolinos\\\/\",\"name\":\"Rockin\u2019 Race Jamboree i Torremolinos - Svenska Magasinet\",\"isPartOf\":{\"@id\":\"https:\\\/\\\/lightweb.dev\\\/l\\\/svm-temp\\\/#website\"},\"primaryImageOfPage\":{\"@id\":\"https:\\\/\\\/lightweb.dev\\\/l\\\/svm-temp\\\/nyheter\\\/rockin-race-jamboree-i-torremolinos\\\/#primaryimage\"},\"image\":{\"@id\":\"https:\\\/\\\/lightweb.dev\\\/l\\\/svm-temp\\\/nyheter\\\/rockin-race-jamboree-i-torremolinos\\\/#primaryimage\"},\"thumbnailUrl\":\"https:\\\/\\\/lightweb.dev\\\/l\\\/svm-temp\\\/wp-content\\\/uploads\\\/2025\\\/01\\\/svm20250131132626.webp\",\"datePublished\":\"2025-01-31T14:04:09+00:00\",\"breadcrumb\":{\"@id\":\"https:\\\/\\\/lightweb.dev\\\/l\\\/svm-temp\\\/nyheter\\\/rockin-race-jamboree-i-torremolinos\\\/#breadcrumb\"},\"inLanguage\":\"sv-SE\",\"potentialAction\":[{\"@type\":\"ReadAction\",\"target\":[\"https:\\\/\\\/lightweb.dev\\\/l\\\/svm-temp\\\/nyheter\\\/rockin-race-jamboree-i-torremolinos\\\/\"]}]},{\"@type\":\"ImageObject\",\"inLanguage\":\"sv-SE\",\"@id\":\"https:\\\/\\\/lightweb.dev\\\/l\\\/svm-temp\\\/nyheter\\\/rockin-race-jamboree-i-torremolinos\\\/#primaryimage\",\"url\":\"https:\\\/\\\/lightweb.dev\\\/l\\\/svm-temp\\\/wp-content\\\/uploads\\\/2025\\\/01\\\/svm20250131132626.webp\",\"contentUrl\":\"https:\\\/\\\/lightweb.dev\\\/l\\\/svm-temp\\\/wp-content\\\/uploads\\\/2025\\\/01\\\/svm20250131132626.webp\",\"width\":900,\"height\":400},{\"@type\":\"BreadcrumbList\",\"@id\":\"https:\\\/\\\/lightweb.dev\\\/l\\\/svm-temp\\\/nyheter\\\/rockin-race-jamboree-i-torremolinos\\\/#breadcrumb\",\"itemListElement\":[{\"@type\":\"ListItem\",\"position\":1,\"name\":\"Hem\",\"item\":\"https:\\\/\\\/lightweb.dev\\\/l\\\/svm-temp\\\/\"},{\"@type\":\"ListItem\",\"position\":2,\"name\":\"Rockin\u2019 Race Jamboree i Torremolinos\"}]},{\"@type\":\"WebSite\",\"@id\":\"https:\\\/\\\/lightweb.dev\\\/l\\\/svm-temp\\\/#website\",\"url\":\"https:\\\/\\\/lightweb.dev\\\/l\\\/svm-temp\\\/\",\"name\":\"Svenska Magasinet\",\"description\":\"Dina Spanska nyheter p&aring; Svenska\",\"publisher\":{\"@id\":\"https:\\\/\\\/lightweb.dev\\\/l\\\/svm-temp\\\/#organization\"},\"potentialAction\":[{\"@type\":\"SearchAction\",\"target\":{\"@type\":\"EntryPoint\",\"urlTemplate\":\"https:\\\/\\\/lightweb.dev\\\/l\\\/svm-temp\\\/?s={search_term_string}\"},\"query-input\":{\"@type\":\"PropertyValueSpecification\",\"valueRequired\":true,\"valueName\":\"search_term_string\"}}],\"inLanguage\":\"sv-SE\"},{\"@type\":\"Organization\",\"@id\":\"https:\\\/\\\/lightweb.dev\\\/l\\\/svm-temp\\\/#organization\",\"name\":\"Melkerson y Nott SL\",\"alternateName\":\"Svenska Magasinet\",\"url\":\"https:\\\/\\\/lightweb.dev\\\/l\\\/svm-temp\\\/\",\"logo\":{\"@type\":\"ImageObject\",\"inLanguage\":\"sv-SE\",\"@id\":\"https:\\\/\\\/lightweb.dev\\\/l\\\/svm-temp\\\/#\\\/schema\\\/logo\\\/image\\\/\",\"url\":\"https:\\\/\\\/lightweb.dev\\\/l\\\/svm-temp\\\/wp-content\\\/uploads\\\/2025\\\/02\\\/SvM-logo-Xtra-Centrerad-SVART.png\",\"contentUrl\":\"https:\\\/\\\/lightweb.dev\\\/l\\\/svm-temp\\\/wp-content\\\/uploads\\\/2025\\\/02\\\/SvM-logo-Xtra-Centrerad-SVART.png\",\"width\":300,\"height\":99,\"caption\":\"Melkerson y Nott SL\"},\"image\":{\"@id\":\"https:\\\/\\\/lightweb.dev\\\/l\\\/svm-temp\\\/#\\\/schema\\\/logo\\\/image\\\/\"},\"sameAs\":[\"https:\\\/\\\/www.facebook.com\\\/svenskamagasinet\",\"https:\\\/\\\/x.com\\\/SvenskaMagasine\"]},{\"@type\":\"Person\",\"@id\":\"https:\\\/\\\/lightweb.dev\\\/l\\\/svm-temp\\\/#\\\/schema\\\/person\\\/caffe038990d25722f5a04a03c906a2b\",\"name\":\"Robbie Eriksson\",\"sameAs\":[\"https:\\\/\\\/lightweb.dev\\\/l\\\/svm-temp\"],\"url\":\"https:\\\/\\\/lightweb.dev\\\/l\\\/svm-temp\\\/reporter\\\/robbie-eriksson\\\/\"}]}<\/script>\n<!-- \/ Yoast SEO Premium plugin. -->","yoast_head_json":{"title":"Rockin\u2019 Race Jamboree i Torremolinos - Svenska Magasinet","robots":{"index":"noindex","follow":"follow","max-snippet":"max-snippet:-1","max-image-preview":"max-image-preview:large","max-video-preview":"max-video-preview:-1"},"og_locale":"sv_SE","og_type":"article","og_title":"Rockin\u2019 Race Jamboree i Torremolinos","og_description":"N\u00e4sta vecka g\u00e5r en av v\u00e4rldens b\u00e4sta American Roots-festivaler av stapeln i Torremolinos.\u00a0Fler \u00e4n 30 artister kommer att framtr\u00e4da och ikonen Nick Lowe g\u00f6r sin enda spelning i Spanien f\u00f6r \u00e5ret.\u00a0","og_url":"https:\/\/lightweb.dev\/l\/svm-temp\/nyheter\/rockin-race-jamboree-i-torremolinos\/","og_site_name":"Svenska Magasinet","article_publisher":"https:\/\/www.facebook.com\/svenskamagasinet","article_published_time":"2025-01-31T14:04:09+00:00","og_image":[{"width":900,"height":400,"url":"https:\/\/lightweb.dev\/l\/svm-temp\/wp-content\/uploads\/2025\/01\/svm20250131132626.webp","type":"image\/webp"}],"author":"Robbie Eriksson","twitter_card":"summary_large_image","twitter_creator":"@SvenskaMagasine","twitter_site":"@SvenskaMagasine","schema":{"@context":"https:\/\/schema.org","@graph":[{"@type":"Article","@id":"https:\/\/lightweb.dev\/l\/svm-temp\/nyheter\/rockin-race-jamboree-i-torremolinos\/#article","isPartOf":{"@id":"https:\/\/lightweb.dev\/l\/svm-temp\/nyheter\/rockin-race-jamboree-i-torremolinos\/"},"author":{"name":"Robbie Eriksson","@id":"https:\/\/lightweb.dev\/l\/svm-temp\/#\/schema\/person\/caffe038990d25722f5a04a03c906a2b"},"headline":"Rockin\u2019 Race Jamboree i Torremolinos","datePublished":"2025-01-31T14:04:09+00:00","mainEntityOfPage":{"@id":"https:\/\/lightweb.dev\/l\/svm-temp\/nyheter\/rockin-race-jamboree-i-torremolinos\/"},"wordCount":414,"publisher":{"@id":"https:\/\/lightweb.dev\/l\/svm-temp\/#organization"},"image":{"@id":"https:\/\/lightweb.dev\/l\/svm-temp\/nyheter\/rockin-race-jamboree-i-torremolinos\/#primaryimage"},"thumbnailUrl":"https:\/\/lightweb.dev\/l\/svm-temp\/wp-content\/uploads\/2025\/01\/svm20250131132626.webp","articleSection":["Arkiv","Nyheter"],"inLanguage":"sv-SE"},{"@type":"WebPage","@id":"https:\/\/lightweb.dev\/l\/svm-temp\/nyheter\/rockin-race-jamboree-i-torremolinos\/","url":"https:\/\/lightweb.dev\/l\/svm-temp\/nyheter\/rockin-race-jamboree-i-torremolinos\/","name":"Rockin\u2019 Race Jamboree i Torremolinos - Svenska Magasinet","isPartOf":{"@id":"https:\/\/lightweb.dev\/l\/svm-temp\/#website"},"primaryImageOfPage":{"@id":"https:\/\/lightweb.dev\/l\/svm-temp\/nyheter\/rockin-race-jamboree-i-torremolinos\/#primaryimage"},"image":{"@id":"https:\/\/lightweb.dev\/l\/svm-temp\/nyheter\/rockin-race-jamboree-i-torremolinos\/#primaryimage"},"thumbnailUrl":"https:\/\/lightweb.dev\/l\/svm-temp\/wp-content\/uploads\/2025\/01\/svm20250131132626.webp","datePublished":"2025-01-31T14:04:09+00:00","breadcrumb":{"@id":"https:\/\/lightweb.dev\/l\/svm-temp\/nyheter\/rockin-race-jamboree-i-torremolinos\/#breadcrumb"},"inLanguage":"sv-SE","potentialAction":[{"@type":"ReadAction","target":["https:\/\/lightweb.dev\/l\/svm-temp\/nyheter\/rockin-race-jamboree-i-torremolinos\/"]}]},{"@type":"ImageObject","inLanguage":"sv-SE","@id":"https:\/\/lightweb.dev\/l\/svm-temp\/nyheter\/rockin-race-jamboree-i-torremolinos\/#primaryimage","url":"https:\/\/lightweb.dev\/l\/svm-temp\/wp-content\/uploads\/2025\/01\/svm20250131132626.webp","contentUrl":"https:\/\/lightweb.dev\/l\/svm-temp\/wp-content\/uploads\/2025\/01\/svm20250131132626.webp","width":900,"height":400},{"@type":"BreadcrumbList","@id":"https:\/\/lightweb.dev\/l\/svm-temp\/nyheter\/rockin-race-jamboree-i-torremolinos\/#breadcrumb","itemListElement":[{"@type":"ListItem","position":1,"name":"Hem","item":"https:\/\/lightweb.dev\/l\/svm-temp\/"},{"@type":"ListItem","position":2,"name":"Rockin\u2019 Race Jamboree i Torremolinos"}]},{"@type":"WebSite","@id":"https:\/\/lightweb.dev\/l\/svm-temp\/#website","url":"https:\/\/lightweb.dev\/l\/svm-temp\/","name":"Svenska Magasinet","description":"Dina Spanska nyheter p&aring; Svenska","publisher":{"@id":"https:\/\/lightweb.dev\/l\/svm-temp\/#organization"},"potentialAction":[{"@type":"SearchAction","target":{"@type":"EntryPoint","urlTemplate":"https:\/\/lightweb.dev\/l\/svm-temp\/?s={search_term_string}"},"query-input":{"@type":"PropertyValueSpecification","valueRequired":true,"valueName":"search_term_string"}}],"inLanguage":"sv-SE"},{"@type":"Organization","@id":"https:\/\/lightweb.dev\/l\/svm-temp\/#organization","name":"Melkerson y Nott SL","alternateName":"Svenska Magasinet","url":"https:\/\/lightweb.dev\/l\/svm-temp\/","logo":{"@type":"ImageObject","inLanguage":"sv-SE","@id":"https:\/\/lightweb.dev\/l\/svm-temp\/#\/schema\/logo\/image\/","url":"https:\/\/lightweb.dev\/l\/svm-temp\/wp-content\/uploads\/2025\/02\/SvM-logo-Xtra-Centrerad-SVART.png","contentUrl":"https:\/\/lightweb.dev\/l\/svm-temp\/wp-content\/uploads\/2025\/02\/SvM-logo-Xtra-Centrerad-SVART.png","width":300,"height":99,"caption":"Melkerson y Nott SL"},"image":{"@id":"https:\/\/lightweb.dev\/l\/svm-temp\/#\/schema\/logo\/image\/"},"sameAs":["https:\/\/www.facebook.com\/svenskamagasinet","https:\/\/x.com\/SvenskaMagasine"]},{"@type":"Person","@id":"https:\/\/lightweb.dev\/l\/svm-temp\/#\/schema\/person\/caffe038990d25722f5a04a03c906a2b","name":"Robbie Eriksson","sameAs":["https:\/\/lightweb.dev\/l\/svm-temp"],"url":"https:\/\/lightweb.dev\/l\/svm-temp\/reporter\/robbie-eriksson\/"}]}},"_links":{"self":[{"href":"https:\/\/lightweb.dev\/l\/svm-temp\/wp-json\/wp\/v2\/posts\/77887","targetHints":{"allow":["GET"]}}],"collection":[{"href":"https:\/\/lightweb.dev\/l\/svm-temp\/wp-json\/wp\/v2\/posts"}],"about":[{"href":"https:\/\/lightweb.dev\/l\/svm-temp\/wp-json\/wp\/v2\/types\/post"}],"author":[{"embeddable":true,"href":"https:\/\/lightweb.dev\/l\/svm-temp\/wp-json\/wp\/v2\/users\/14"}],"replies":[{"embeddable":true,"href":"https:\/\/lightweb.dev\/l\/svm-temp\/wp-json\/wp\/v2\/comments?post=77887"}],"version-history":[{"count":0,"href":"https:\/\/lightweb.dev\/l\/svm-temp\/wp-json\/wp\/v2\/posts\/77887\/revisions"}],"wp:featuredmedia":[{"embeddable":true,"href":"https:\/\/lightweb.dev\/l\/svm-temp\/wp-json\/wp\/v2\/media\/77886"}],"wp:attachment":[{"href":"https:\/\/lightweb.dev\/l\/svm-temp\/wp-json\/wp\/v2\/media?parent=77887"}],"wp:term":[{"taxonomy":"category","embeddable":true,"href":"https:\/\/lightweb.dev\/l\/svm-temp\/wp-json\/wp\/v2\/categories?post=77887"},{"taxonomy":"post_tag","embeddable":true,"href":"https:\/\/lightweb.dev\/l\/svm-temp\/wp-json\/wp\/v2\/tags?post=77887"}],"curies":[{"name":"wp","href":"https:\/\/api.w.org\/{rel}","templated":true}]}}