{"id":77900,"date":"2025-02-01T20:24:51","date_gmt":"2025-02-01T19:24:51","guid":{"rendered":"https:\/\/lightweb.dev\/l\/svm-temp\/?p=77900"},"modified":"2025-02-01T20:24:51","modified_gmt":"2025-02-01T19:24:51","slug":"mijas-kommun-vadjar-till-allmanheten-mata-inte-vildsvin","status":"publish","type":"post","link":"https:\/\/lightweb.dev\/l\/svm-temp\/nyheter\/mijas-kommun-vadjar-till-allmanheten-mata-inte-vildsvin\/","title":{"rendered":"Mijas kommun v\u00e4djar till allm\u00e4nheten: Mata inte vildsvin"},"content":{"rendered":"<p><strong>Det \u00e4r onaturligt att ge mat till vilda djur och det medf\u00f6r risker f\u00f6r alla. Vildsvin f\u00f6r\u00f6kar sig l\u00e4tt och ger obalans i ekosystemet, \u00f6verf\u00f6r sjukdomar och hotar andra arter.<\/strong><\/p>\n<p>Mijas kommun har inlett en kampanj d\u00e4r man v\u00e4djar till allm\u00e4nheten om att inte mata vildsvin. De som utfodrar vildsvin riskerar b\u00f6ter p\u00e5 upp till 750 euro d\u00e5 det \u00e4r f\u00f6rbjudet enligt den kommunala ordningslagen artikel 86.2, skriver <a href=\"https:\/\/www.diariosur.es\/costadelsol\/mijas-pide-apoyo-vecinos-frenar-poblacion-jabalies-20250131002749-nt.html\">Diario Sur.<\/a><\/p>\n<p>F\u00f6r n\u00e5gra m\u00e5nader sedan fick en inv\u00e5nare b\u00f6ter p\u00e5 250 euro.<\/p>\n<p>Allm\u00e4nheten m\u00e5ste bli mer medveten om riskerna. Det har blivit ett folkh\u00e4lso- och s\u00e4kerhetsproblem inte bara i Mijas kommun utan \u00e4ven p\u00e5 andra platser l\u00e4ngs kusten.<\/p>\n<div id=\"attachment_77899\" style=\"width: 910px\" class=\"wp-caption alignnone\"><img loading=\"lazy\" decoding=\"async\" aria-describedby=\"caption-attachment-77899\" class=\"wp-image-77899 size-full\" src=\"https:\/\/lightweb.dev\/l\/svm-temp\/wp-content\/uploads\/2025\/02\/svm20250201192130.webp\" alt=\"\" width=\"900\" height=\"400\" srcset=\"https:\/\/lightweb.dev\/l\/svm-temp\/wp-content\/uploads\/2025\/02\/svm20250201192130.webp 900w, https:\/\/lightweb.dev\/l\/svm-temp\/wp-content\/uploads\/2025\/02\/svm20250201192130-300x133.webp 300w, https:\/\/lightweb.dev\/l\/svm-temp\/wp-content\/uploads\/2025\/02\/svm20250201192130-768x341.webp 768w, https:\/\/lightweb.dev\/l\/svm-temp\/wp-content\/uploads\/2025\/02\/svm20250201192130-610x271.webp 610w, https:\/\/lightweb.dev\/l\/svm-temp\/wp-content\/uploads\/2025\/02\/svm20250201192130-600x267.webp 600w\" sizes=\"(max-width: 900px) 100vw, 900px\" \/><p id=\"caption-attachment-77899\" class=\"wp-caption-text\">Marco Cort\u00e9s<\/p><\/div>\n<p>&#8211; Vi m\u00e5ste betona att vilda djur inte ska utfodras under n\u00e5gra omst\u00e4ndigheter. Att g\u00f6ra det ger obalans i ekosystemet. Dessutom inneb\u00e4r det fara f\u00f6r allm\u00e4nheten n\u00e4r de tar sig in i st\u00e4derna, s\u00e4ger Marco Cort\u00e9s, kommunalr\u00e5d med ansvar f\u00f6r milj\u00f6.<\/p>\n<p>Experter s\u00e4ger att vildsvinen riskerar att \u00f6verf\u00f6ra salmonella (Choleraesuis), afrikansk svinpest och hepatit E exempelvis.<\/p>\n<h2>T\u00e4nk p\u00e5: Vildsvin f\u00f6r\u00f6kar sig l\u00e4tt<\/h2>\n<p><img loading=\"lazy\" decoding=\"async\" class=\"alignnone wp-image-77898 size-full\" src=\"https:\/\/lightweb.dev\/l\/svm-temp\/wp-content\/uploads\/2025\/02\/svm20250201192111.webp\" alt=\"\" width=\"900\" height=\"400\" srcset=\"https:\/\/lightweb.dev\/l\/svm-temp\/wp-content\/uploads\/2025\/02\/svm20250201192111.webp 900w, https:\/\/lightweb.dev\/l\/svm-temp\/wp-content\/uploads\/2025\/02\/svm20250201192111-300x133.webp 300w, https:\/\/lightweb.dev\/l\/svm-temp\/wp-content\/uploads\/2025\/02\/svm20250201192111-768x341.webp 768w, https:\/\/lightweb.dev\/l\/svm-temp\/wp-content\/uploads\/2025\/02\/svm20250201192111-610x271.webp 610w, https:\/\/lightweb.dev\/l\/svm-temp\/wp-content\/uploads\/2025\/02\/svm20250201192111-600x267.webp 600w\" sizes=\"(max-width: 900px) 100vw, 900px\" \/><\/p>\n<p>Suggor och galtar blir k\u00f6nsmogna innan ett \u00e5rs \u00e5lder och parar sig under det andra levnads\u00e5ret. Suggan \u00e4r dr\u00e4ktig i cirka fyra m\u00e5nader och f\u00f6der i snitt fem kultingar per kull. Det \u00e4r ovanligt men suggor kan f\u00e5 upp till tre kullar p\u00e5 tv\u00e5 \u00e5r.<\/p>\n","protected":false},"excerpt":{"rendered":"<p>Det \u00e4r onaturligt att ge mat till vilda djur och det medf\u00f6r risker f\u00f6r alla. Vildsvin f\u00f6r\u00f6kar sig l\u00e4tt och ger obalans i ekosystemet, \u00f6verf\u00f6r sjukdomar och hotar andra arter&#8230;<\/p>\n","protected":false},"author":7,"featured_media":77897,"comment_status":"closed","ping_status":"closed","sticky":false,"template":"","format":"standard","meta":{"_et_pb_use_builder":"","_et_pb_old_content":"","_et_gb_content_width":"","footnotes":""},"categories":[284,3],"tags":[],"class_list":["post-77900","post","type-post","status-publish","format-standard","has-post-thumbnail","hentry","category-inrikes","category-nyheter"],"yoast_head":"<!-- This site is optimized with the Yoast SEO Premium plugin v26.2 (Yoast SEO v27.4) - https:\/\/yoast.com\/product\/yoast-seo-premium-wordpress\/ -->\n<title>Mijas kommun v\u00e4djar till allm\u00e4nheten: Mata inte vildsvin - Svenska Magasinet<\/title>\n<meta name=\"description\" content=\"Det \u00e4r onaturligt att ge mat till vilda djur och det medf\u00f6r risker f\u00f6r alla. Vildsvin f\u00f6r\u00f6kar sig l\u00e4tt och ger obalans i ekosystemet, \u00f6verf\u00f6r sjukdomar och hotar andra arter.\" \/>\n<meta name=\"robots\" content=\"noindex, follow, max-snippet:-1, max-image-preview:large, max-video-preview:-1\" \/>\n<meta property=\"og:locale\" content=\"sv_SE\" \/>\n<meta property=\"og:type\" content=\"article\" \/>\n<meta property=\"og:title\" content=\"Mijas kommun v\u00e4djar till allm\u00e4nheten: Mata inte vildsvin\" \/>\n<meta property=\"og:description\" content=\"Det \u00e4r onaturligt att ge mat till vilda djur och det medf\u00f6r risker f\u00f6r alla. Vildsvin f\u00f6r\u00f6kar sig l\u00e4tt och ger obalans i ekosystemet, \u00f6verf\u00f6r sjukdomar och hotar andra arter.\" \/>\n<meta property=\"og:url\" content=\"https:\/\/lightweb.dev\/l\/svm-temp\/nyheter\/lokalt\/mijas-kommun-vadjar-till-allmanheten-mata-inte-vildsvin\/\" \/>\n<meta property=\"og:site_name\" content=\"Svenska Magasinet\" \/>\n<meta property=\"article:publisher\" content=\"https:\/\/www.facebook.com\/svenskamagasinet\" \/>\n<meta property=\"article:published_time\" content=\"2025-02-01T19:24:51+00:00\" \/>\n<meta property=\"og:image\" content=\"https:\/\/lightweb.dev\/l\/svm-temp\/wp-content\/uploads\/2025\/02\/svm20250201192031.webp\" \/>\n\t<meta property=\"og:image:width\" content=\"900\" \/>\n\t<meta property=\"og:image:height\" content=\"400\" \/>\n\t<meta property=\"og:image:type\" content=\"image\/webp\" \/>\n<meta name=\"author\" content=\"Ola Josefsson\" \/>\n<meta name=\"twitter:card\" content=\"summary_large_image\" \/>\n<meta name=\"twitter:creator\" content=\"@SvenskaMagasine\" \/>\n<meta name=\"twitter:site\" content=\"@SvenskaMagasine\" \/>\n<script type=\"application\/ld+json\" class=\"yoast-schema-graph\">{\"@context\":\"https:\\\/\\\/schema.org\",\"@graph\":[{\"@type\":\"Article\",\"@id\":\"https:\\\/\\\/lightweb.dev\\\/l\\\/svm-temp\\\/nyheter\\\/lokalt\\\/mijas-kommun-vadjar-till-allmanheten-mata-inte-vildsvin\\\/#article\",\"isPartOf\":{\"@id\":\"https:\\\/\\\/lightweb.dev\\\/l\\\/svm-temp\\\/nyheter\\\/lokalt\\\/mijas-kommun-vadjar-till-allmanheten-mata-inte-vildsvin\\\/\"},\"author\":{\"name\":\"Ola Josefsson\",\"@id\":\"https:\\\/\\\/lightweb.dev\\\/l\\\/svm-temp\\\/#\\\/schema\\\/person\\\/7a82b8a73d171d32360a564b6d03508e\"},\"headline\":\"Mijas kommun v\u00e4djar till allm\u00e4nheten: Mata inte vildsvin\",\"datePublished\":\"2025-02-01T19:24:51+00:00\",\"mainEntityOfPage\":{\"@id\":\"https:\\\/\\\/lightweb.dev\\\/l\\\/svm-temp\\\/nyheter\\\/lokalt\\\/mijas-kommun-vadjar-till-allmanheten-mata-inte-vildsvin\\\/\"},\"wordCount\":276,\"publisher\":{\"@id\":\"https:\\\/\\\/lightweb.dev\\\/l\\\/svm-temp\\\/#organization\"},\"image\":{\"@id\":\"https:\\\/\\\/lightweb.dev\\\/l\\\/svm-temp\\\/nyheter\\\/lokalt\\\/mijas-kommun-vadjar-till-allmanheten-mata-inte-vildsvin\\\/#primaryimage\"},\"thumbnailUrl\":\"https:\\\/\\\/lightweb.dev\\\/l\\\/svm-temp\\\/wp-content\\\/uploads\\\/2025\\\/02\\\/svm20250201192031.webp\",\"articleSection\":[\"Inrikes\",\"Nyheter\"],\"inLanguage\":\"sv-SE\"},{\"@type\":\"WebPage\",\"@id\":\"https:\\\/\\\/lightweb.dev\\\/l\\\/svm-temp\\\/nyheter\\\/lokalt\\\/mijas-kommun-vadjar-till-allmanheten-mata-inte-vildsvin\\\/\",\"url\":\"https:\\\/\\\/lightweb.dev\\\/l\\\/svm-temp\\\/nyheter\\\/lokalt\\\/mijas-kommun-vadjar-till-allmanheten-mata-inte-vildsvin\\\/\",\"name\":\"Mijas kommun v\u00e4djar till allm\u00e4nheten: Mata inte vildsvin - Svenska Magasinet\",\"isPartOf\":{\"@id\":\"https:\\\/\\\/lightweb.dev\\\/l\\\/svm-temp\\\/#website\"},\"primaryImageOfPage\":{\"@id\":\"https:\\\/\\\/lightweb.dev\\\/l\\\/svm-temp\\\/nyheter\\\/lokalt\\\/mijas-kommun-vadjar-till-allmanheten-mata-inte-vildsvin\\\/#primaryimage\"},\"image\":{\"@id\":\"https:\\\/\\\/lightweb.dev\\\/l\\\/svm-temp\\\/nyheter\\\/lokalt\\\/mijas-kommun-vadjar-till-allmanheten-mata-inte-vildsvin\\\/#primaryimage\"},\"thumbnailUrl\":\"https:\\\/\\\/lightweb.dev\\\/l\\\/svm-temp\\\/wp-content\\\/uploads\\\/2025\\\/02\\\/svm20250201192031.webp\",\"datePublished\":\"2025-02-01T19:24:51+00:00\",\"description\":\"Det \u00e4r onaturligt att ge mat till vilda djur och det medf\u00f6r risker f\u00f6r alla. Vildsvin f\u00f6r\u00f6kar sig l\u00e4tt och ger obalans i ekosystemet, \u00f6verf\u00f6r sjukdomar och hotar andra arter.\",\"breadcrumb\":{\"@id\":\"https:\\\/\\\/lightweb.dev\\\/l\\\/svm-temp\\\/nyheter\\\/lokalt\\\/mijas-kommun-vadjar-till-allmanheten-mata-inte-vildsvin\\\/#breadcrumb\"},\"inLanguage\":\"sv-SE\",\"potentialAction\":[{\"@type\":\"ReadAction\",\"target\":[\"https:\\\/\\\/lightweb.dev\\\/l\\\/svm-temp\\\/nyheter\\\/lokalt\\\/mijas-kommun-vadjar-till-allmanheten-mata-inte-vildsvin\\\/\"]}]},{\"@type\":\"ImageObject\",\"inLanguage\":\"sv-SE\",\"@id\":\"https:\\\/\\\/lightweb.dev\\\/l\\\/svm-temp\\\/nyheter\\\/lokalt\\\/mijas-kommun-vadjar-till-allmanheten-mata-inte-vildsvin\\\/#primaryimage\",\"url\":\"https:\\\/\\\/lightweb.dev\\\/l\\\/svm-temp\\\/wp-content\\\/uploads\\\/2025\\\/02\\\/svm20250201192031.webp\",\"contentUrl\":\"https:\\\/\\\/lightweb.dev\\\/l\\\/svm-temp\\\/wp-content\\\/uploads\\\/2025\\\/02\\\/svm20250201192031.webp\",\"width\":900,\"height\":400,\"caption\":\"(Foto: Mijas Comunicaci\u00f3n)\"},{\"@type\":\"BreadcrumbList\",\"@id\":\"https:\\\/\\\/lightweb.dev\\\/l\\\/svm-temp\\\/nyheter\\\/lokalt\\\/mijas-kommun-vadjar-till-allmanheten-mata-inte-vildsvin\\\/#breadcrumb\",\"itemListElement\":[{\"@type\":\"ListItem\",\"position\":1,\"name\":\"Hem\",\"item\":\"https:\\\/\\\/lightweb.dev\\\/l\\\/svm-temp\\\/\"},{\"@type\":\"ListItem\",\"position\":2,\"name\":\"Mijas kommun v\u00e4djar till allm\u00e4nheten: Mata inte vildsvin\"}]},{\"@type\":\"WebSite\",\"@id\":\"https:\\\/\\\/lightweb.dev\\\/l\\\/svm-temp\\\/#website\",\"url\":\"https:\\\/\\\/lightweb.dev\\\/l\\\/svm-temp\\\/\",\"name\":\"Svenska Magasinet\",\"description\":\"Dina Spanska nyheter p&aring; Svenska\",\"publisher\":{\"@id\":\"https:\\\/\\\/lightweb.dev\\\/l\\\/svm-temp\\\/#organization\"},\"potentialAction\":[{\"@type\":\"SearchAction\",\"target\":{\"@type\":\"EntryPoint\",\"urlTemplate\":\"https:\\\/\\\/lightweb.dev\\\/l\\\/svm-temp\\\/?s={search_term_string}\"},\"query-input\":{\"@type\":\"PropertyValueSpecification\",\"valueRequired\":true,\"valueName\":\"search_term_string\"}}],\"inLanguage\":\"sv-SE\"},{\"@type\":\"Organization\",\"@id\":\"https:\\\/\\\/lightweb.dev\\\/l\\\/svm-temp\\\/#organization\",\"name\":\"Melkerson y Nott SL\",\"alternateName\":\"Svenska Magasinet\",\"url\":\"https:\\\/\\\/lightweb.dev\\\/l\\\/svm-temp\\\/\",\"logo\":{\"@type\":\"ImageObject\",\"inLanguage\":\"sv-SE\",\"@id\":\"https:\\\/\\\/lightweb.dev\\\/l\\\/svm-temp\\\/#\\\/schema\\\/logo\\\/image\\\/\",\"url\":\"https:\\\/\\\/lightweb.dev\\\/l\\\/svm-temp\\\/wp-content\\\/uploads\\\/2025\\\/02\\\/SvM-logo-Xtra-Centrerad-SVART.png\",\"contentUrl\":\"https:\\\/\\\/lightweb.dev\\\/l\\\/svm-temp\\\/wp-content\\\/uploads\\\/2025\\\/02\\\/SvM-logo-Xtra-Centrerad-SVART.png\",\"width\":300,\"height\":99,\"caption\":\"Melkerson y Nott SL\"},\"image\":{\"@id\":\"https:\\\/\\\/lightweb.dev\\\/l\\\/svm-temp\\\/#\\\/schema\\\/logo\\\/image\\\/\"},\"sameAs\":[\"https:\\\/\\\/www.facebook.com\\\/svenskamagasinet\",\"https:\\\/\\\/x.com\\\/SvenskaMagasine\"]},{\"@type\":\"Person\",\"@id\":\"https:\\\/\\\/lightweb.dev\\\/l\\\/svm-temp\\\/#\\\/schema\\\/person\\\/7a82b8a73d171d32360a564b6d03508e\",\"name\":\"Ola Josefsson\",\"description\":\"Bevakar Solkusten och Spanien sedan 1994.\",\"sameAs\":[\"https:\\\/\\\/lightweb.dev\\\/l\\\/svm-temp\"],\"url\":\"https:\\\/\\\/lightweb.dev\\\/l\\\/svm-temp\\\/reporter\\\/ola-josefsson\\\/\"}]}<\/script>\n<!-- \/ Yoast SEO Premium plugin. -->","yoast_head_json":{"title":"Mijas kommun v\u00e4djar till allm\u00e4nheten: Mata inte vildsvin - Svenska Magasinet","description":"Det \u00e4r onaturligt att ge mat till vilda djur och det medf\u00f6r risker f\u00f6r alla. Vildsvin f\u00f6r\u00f6kar sig l\u00e4tt och ger obalans i ekosystemet, \u00f6verf\u00f6r sjukdomar och hotar andra arter.","robots":{"index":"noindex","follow":"follow","max-snippet":"max-snippet:-1","max-image-preview":"max-image-preview:large","max-video-preview":"max-video-preview:-1"},"og_locale":"sv_SE","og_type":"article","og_title":"Mijas kommun v\u00e4djar till allm\u00e4nheten: Mata inte vildsvin","og_description":"Det \u00e4r onaturligt att ge mat till vilda djur och det medf\u00f6r risker f\u00f6r alla. Vildsvin f\u00f6r\u00f6kar sig l\u00e4tt och ger obalans i ekosystemet, \u00f6verf\u00f6r sjukdomar och hotar andra arter.","og_url":"https:\/\/lightweb.dev\/l\/svm-temp\/nyheter\/lokalt\/mijas-kommun-vadjar-till-allmanheten-mata-inte-vildsvin\/","og_site_name":"Svenska Magasinet","article_publisher":"https:\/\/www.facebook.com\/svenskamagasinet","article_published_time":"2025-02-01T19:24:51+00:00","og_image":[{"width":900,"height":400,"url":"https:\/\/lightweb.dev\/l\/svm-temp\/wp-content\/uploads\/2025\/02\/svm20250201192031.webp","type":"image\/webp"}],"author":"Ola Josefsson","twitter_card":"summary_large_image","twitter_creator":"@SvenskaMagasine","twitter_site":"@SvenskaMagasine","schema":{"@context":"https:\/\/schema.org","@graph":[{"@type":"Article","@id":"https:\/\/lightweb.dev\/l\/svm-temp\/nyheter\/lokalt\/mijas-kommun-vadjar-till-allmanheten-mata-inte-vildsvin\/#article","isPartOf":{"@id":"https:\/\/lightweb.dev\/l\/svm-temp\/nyheter\/lokalt\/mijas-kommun-vadjar-till-allmanheten-mata-inte-vildsvin\/"},"author":{"name":"Ola Josefsson","@id":"https:\/\/lightweb.dev\/l\/svm-temp\/#\/schema\/person\/7a82b8a73d171d32360a564b6d03508e"},"headline":"Mijas kommun v\u00e4djar till allm\u00e4nheten: Mata inte vildsvin","datePublished":"2025-02-01T19:24:51+00:00","mainEntityOfPage":{"@id":"https:\/\/lightweb.dev\/l\/svm-temp\/nyheter\/lokalt\/mijas-kommun-vadjar-till-allmanheten-mata-inte-vildsvin\/"},"wordCount":276,"publisher":{"@id":"https:\/\/lightweb.dev\/l\/svm-temp\/#organization"},"image":{"@id":"https:\/\/lightweb.dev\/l\/svm-temp\/nyheter\/lokalt\/mijas-kommun-vadjar-till-allmanheten-mata-inte-vildsvin\/#primaryimage"},"thumbnailUrl":"https:\/\/lightweb.dev\/l\/svm-temp\/wp-content\/uploads\/2025\/02\/svm20250201192031.webp","articleSection":["Inrikes","Nyheter"],"inLanguage":"sv-SE"},{"@type":"WebPage","@id":"https:\/\/lightweb.dev\/l\/svm-temp\/nyheter\/lokalt\/mijas-kommun-vadjar-till-allmanheten-mata-inte-vildsvin\/","url":"https:\/\/lightweb.dev\/l\/svm-temp\/nyheter\/lokalt\/mijas-kommun-vadjar-till-allmanheten-mata-inte-vildsvin\/","name":"Mijas kommun v\u00e4djar till allm\u00e4nheten: Mata inte vildsvin - Svenska Magasinet","isPartOf":{"@id":"https:\/\/lightweb.dev\/l\/svm-temp\/#website"},"primaryImageOfPage":{"@id":"https:\/\/lightweb.dev\/l\/svm-temp\/nyheter\/lokalt\/mijas-kommun-vadjar-till-allmanheten-mata-inte-vildsvin\/#primaryimage"},"image":{"@id":"https:\/\/lightweb.dev\/l\/svm-temp\/nyheter\/lokalt\/mijas-kommun-vadjar-till-allmanheten-mata-inte-vildsvin\/#primaryimage"},"thumbnailUrl":"https:\/\/lightweb.dev\/l\/svm-temp\/wp-content\/uploads\/2025\/02\/svm20250201192031.webp","datePublished":"2025-02-01T19:24:51+00:00","description":"Det \u00e4r onaturligt att ge mat till vilda djur och det medf\u00f6r risker f\u00f6r alla. Vildsvin f\u00f6r\u00f6kar sig l\u00e4tt och ger obalans i ekosystemet, \u00f6verf\u00f6r sjukdomar och hotar andra arter.","breadcrumb":{"@id":"https:\/\/lightweb.dev\/l\/svm-temp\/nyheter\/lokalt\/mijas-kommun-vadjar-till-allmanheten-mata-inte-vildsvin\/#breadcrumb"},"inLanguage":"sv-SE","potentialAction":[{"@type":"ReadAction","target":["https:\/\/lightweb.dev\/l\/svm-temp\/nyheter\/lokalt\/mijas-kommun-vadjar-till-allmanheten-mata-inte-vildsvin\/"]}]},{"@type":"ImageObject","inLanguage":"sv-SE","@id":"https:\/\/lightweb.dev\/l\/svm-temp\/nyheter\/lokalt\/mijas-kommun-vadjar-till-allmanheten-mata-inte-vildsvin\/#primaryimage","url":"https:\/\/lightweb.dev\/l\/svm-temp\/wp-content\/uploads\/2025\/02\/svm20250201192031.webp","contentUrl":"https:\/\/lightweb.dev\/l\/svm-temp\/wp-content\/uploads\/2025\/02\/svm20250201192031.webp","width":900,"height":400,"caption":"(Foto: Mijas Comunicaci\u00f3n)"},{"@type":"BreadcrumbList","@id":"https:\/\/lightweb.dev\/l\/svm-temp\/nyheter\/lokalt\/mijas-kommun-vadjar-till-allmanheten-mata-inte-vildsvin\/#breadcrumb","itemListElement":[{"@type":"ListItem","position":1,"name":"Hem","item":"https:\/\/lightweb.dev\/l\/svm-temp\/"},{"@type":"ListItem","position":2,"name":"Mijas kommun v\u00e4djar till allm\u00e4nheten: Mata inte vildsvin"}]},{"@type":"WebSite","@id":"https:\/\/lightweb.dev\/l\/svm-temp\/#website","url":"https:\/\/lightweb.dev\/l\/svm-temp\/","name":"Svenska Magasinet","description":"Dina Spanska nyheter p&aring; Svenska","publisher":{"@id":"https:\/\/lightweb.dev\/l\/svm-temp\/#organization"},"potentialAction":[{"@type":"SearchAction","target":{"@type":"EntryPoint","urlTemplate":"https:\/\/lightweb.dev\/l\/svm-temp\/?s={search_term_string}"},"query-input":{"@type":"PropertyValueSpecification","valueRequired":true,"valueName":"search_term_string"}}],"inLanguage":"sv-SE"},{"@type":"Organization","@id":"https:\/\/lightweb.dev\/l\/svm-temp\/#organization","name":"Melkerson y Nott SL","alternateName":"Svenska Magasinet","url":"https:\/\/lightweb.dev\/l\/svm-temp\/","logo":{"@type":"ImageObject","inLanguage":"sv-SE","@id":"https:\/\/lightweb.dev\/l\/svm-temp\/#\/schema\/logo\/image\/","url":"https:\/\/lightweb.dev\/l\/svm-temp\/wp-content\/uploads\/2025\/02\/SvM-logo-Xtra-Centrerad-SVART.png","contentUrl":"https:\/\/lightweb.dev\/l\/svm-temp\/wp-content\/uploads\/2025\/02\/SvM-logo-Xtra-Centrerad-SVART.png","width":300,"height":99,"caption":"Melkerson y Nott SL"},"image":{"@id":"https:\/\/lightweb.dev\/l\/svm-temp\/#\/schema\/logo\/image\/"},"sameAs":["https:\/\/www.facebook.com\/svenskamagasinet","https:\/\/x.com\/SvenskaMagasine"]},{"@type":"Person","@id":"https:\/\/lightweb.dev\/l\/svm-temp\/#\/schema\/person\/7a82b8a73d171d32360a564b6d03508e","name":"Ola Josefsson","description":"Bevakar Solkusten och Spanien sedan 1994.","sameAs":["https:\/\/lightweb.dev\/l\/svm-temp"],"url":"https:\/\/lightweb.dev\/l\/svm-temp\/reporter\/ola-josefsson\/"}]}},"_links":{"self":[{"href":"https:\/\/lightweb.dev\/l\/svm-temp\/wp-json\/wp\/v2\/posts\/77900","targetHints":{"allow":["GET"]}}],"collection":[{"href":"https:\/\/lightweb.dev\/l\/svm-temp\/wp-json\/wp\/v2\/posts"}],"about":[{"href":"https:\/\/lightweb.dev\/l\/svm-temp\/wp-json\/wp\/v2\/types\/post"}],"author":[{"embeddable":true,"href":"https:\/\/lightweb.dev\/l\/svm-temp\/wp-json\/wp\/v2\/users\/7"}],"replies":[{"embeddable":true,"href":"https:\/\/lightweb.dev\/l\/svm-temp\/wp-json\/wp\/v2\/comments?post=77900"}],"version-history":[{"count":0,"href":"https:\/\/lightweb.dev\/l\/svm-temp\/wp-json\/wp\/v2\/posts\/77900\/revisions"}],"wp:featuredmedia":[{"embeddable":true,"href":"https:\/\/lightweb.dev\/l\/svm-temp\/wp-json\/wp\/v2\/media\/77897"}],"wp:attachment":[{"href":"https:\/\/lightweb.dev\/l\/svm-temp\/wp-json\/wp\/v2\/media?parent=77900"}],"wp:term":[{"taxonomy":"category","embeddable":true,"href":"https:\/\/lightweb.dev\/l\/svm-temp\/wp-json\/wp\/v2\/categories?post=77900"},{"taxonomy":"post_tag","embeddable":true,"href":"https:\/\/lightweb.dev\/l\/svm-temp\/wp-json\/wp\/v2\/tags?post=77900"}],"curies":[{"name":"wp","href":"https:\/\/api.w.org\/{rel}","templated":true}]}}