{"id":77911,"date":"2025-02-02T10:55:58","date_gmt":"2025-02-02T09:55:58","guid":{"rendered":"https:\/\/lightweb.dev\/l\/svm-temp\/?p=77911"},"modified":"2025-02-02T20:35:15","modified_gmt":"2025-02-02T19:35:15","slug":"melody-representerar-spanien-i-eurovision","status":"publish","type":"post","link":"https:\/\/lightweb.dev\/l\/svm-temp\/nyheter\/inrikes\/melody-representerar-spanien-i-eurovision\/","title":{"rendered":"Melody fr\u00e5n Fuengirola representerar Spanien i Eurovision"},"content":{"rendered":"<p><strong>Hon har artisteri i blodet och f\u00f6ljer i sin pappas fotsp\u00e5r. Sent p\u00e5 l\u00f6rdagskv\u00e4llen stod det klart att Melod\u00eda Ruiz Guti\u00e9rrez vinner den spanska uttagningen Benidorm Fest med sitt bidrag \u201dEsa Diva\u201d och f\u00e5r representera Spanien i Eurovision Song Contest i Basel, Schweiz i maj.<\/strong><\/p>\n<blockquote class=\"twitter-tweet\" data-media-max-width=\"560\">\n<p dir=\"ltr\" lang=\"es\">Melody (<a href=\"https:\/\/twitter.com\/soyyomelody?ref_src=twsrc%5Etfw\">@soyyomelody<\/a>) se convierte en la representante de Espa\u00f1a en Eurovisi\u00f3n. \ud83d\udc96<a href=\"https:\/\/twitter.com\/hashtag\/BenidormFestFinal?src=hash&amp;ref_src=twsrc%5Etfw\">#BenidormFestFinal<\/a>| <a href=\"https:\/\/twitter.com\/hashtag\/BenidormFest2025?src=hash&amp;ref_src=twsrc%5Etfw\">#BenidormFest2025<\/a>| <a href=\"https:\/\/twitter.com\/hashtag\/BenidormFest?src=hash&amp;ref_src=twsrc%5Etfw\">#BenidormFest<\/a> <a href=\"https:\/\/t.co\/EOM9XLYnlt\">https:\/\/t.co\/EOM9XLYnlt<\/a> <a href=\"https:\/\/t.co\/SVx0CKWePK\">pic.twitter.com\/SVx0CKWePK<\/a><\/p>\n<p>\u2014 Benidorm Fest (@BenidormFestTVE) <a href=\"https:\/\/twitter.com\/BenidormFestTVE\/status\/1885830718481203243?ref_src=twsrc%5Etfw\">February 1, 2025<\/a><\/p><\/blockquote>\n<p><script async src=\"https:\/\/platform.twitter.com\/widgets.js\" charset=\"utf-8\"><\/script><\/p>\n<p>Pappa Lorenzo Ruiz som \u00e4r bosatt i Fuengirola ingick p\u00e5 80-talet i gruppen Los Kiyos som hade stora framg\u00e5ngar i Spanien med totalt sex album och superhiten \u201dQue va, que va, que va\u201d. Senare bildade Lorenzo gruppen Zibay\u00ed tillsammans med sina systrar Paqui och Pilar med fyra album som resultat.<\/p>\n<p>Lorenzos senaste album kom 2019 och han spelar \u00f6ver hela Spanien fortsatt.<\/p>\n<p>Dottern Melod\u00eda med artistnamnet Melody gick tidigt i pappans fotsp\u00e5r. Redan som sex\u00e5ring b\u00f6rjade hon dansa i sin pappas grupp. Som nio\u00e5ring b\u00f6rjade hon upptr\u00e4da och snart kom hennes f\u00f6rsta hit \u201dEl Baile del Gorila\u201d, Gorilladansen, som slog i hela Spanien och blev den stora sommarhiten 2001.<\/p>\n<p>Lorenzo och Melody har upptr\u00e4tt vid flera tillf\u00e4llen. 2016 vann far och dotter t\u00e4vlingen \u201dLev\u00e1ntate All Stars\u201d p\u00e5 Telecinco.<\/p>\n<p>Melody \u00e4r ocks\u00e5 bosatt i Fuengirola tillsammans med Ignacio Batall\u00e1n, tidigare professionell volleybollspelare och numera personlig tr\u00e4nare och ansvarig f\u00f6rt ett gym i Fuengirola. Hon gillar Costa del Sol och M\u00e1laga.<\/p>\n<p>&#8211; M\u00e1laga har jag i mitt hj\u00e4rta, jag har min familj h\u00e4r, jag trivs s\u00e5 bra h\u00e4r, har Melody tidigare sagt.<\/p>\n<p><img loading=\"lazy\" decoding=\"async\" class=\"alignnone wp-image-77913 size-large\" src=\"https:\/\/lightweb.dev\/l\/svm-temp\/wp-content\/uploads\/2025\/02\/GivRlSLWAAAb42K-stor-900x614.jpeg\" alt=\"\" width=\"900\" height=\"614\" srcset=\"https:\/\/lightweb.dev\/l\/svm-temp\/wp-content\/uploads\/2025\/02\/GivRlSLWAAAb42K-stor-900x614.jpeg 900w, https:\/\/lightweb.dev\/l\/svm-temp\/wp-content\/uploads\/2025\/02\/GivRlSLWAAAb42K-stor-300x205.jpeg 300w, https:\/\/lightweb.dev\/l\/svm-temp\/wp-content\/uploads\/2025\/02\/GivRlSLWAAAb42K-stor-768x524.jpeg 768w, https:\/\/lightweb.dev\/l\/svm-temp\/wp-content\/uploads\/2025\/02\/GivRlSLWAAAb42K-stor-610x416.jpeg 610w, https:\/\/lightweb.dev\/l\/svm-temp\/wp-content\/uploads\/2025\/02\/GivRlSLWAAAb42K-stor-1080x737.jpeg 1080w, https:\/\/lightweb.dev\/l\/svm-temp\/wp-content\/uploads\/2025\/02\/GivRlSLWAAAb42K-stor-600x409.jpeg 600w, https:\/\/lightweb.dev\/l\/svm-temp\/wp-content\/uploads\/2025\/02\/GivRlSLWAAAb42K-stor.jpeg 1280w\" sizes=\"(max-width: 900px) 100vw, 900px\" \/><\/p>\n","protected":false},"excerpt":{"rendered":"<p>Hon har artisteri i blodet och f\u00f6ljer i sin pappas fotsp\u00e5r. Sent p\u00e5 l\u00f6rdagskv\u00e4llen stod det klart att Melod\u00eda Ruiz Guti\u00e9rrez vinner den spanska uttagningen Benidorm Fest med sitt bidrag \u201dEsa Diva\u201d och f\u00e5r representera Spanien i Eurovision Song Contest&#8230;<\/p>\n","protected":false},"author":7,"featured_media":77910,"comment_status":"closed","ping_status":"closed","sticky":false,"template":"","format":"standard","meta":{"_et_pb_use_builder":"","_et_pb_old_content":"","_et_gb_content_width":"","footnotes":""},"categories":[284,3],"tags":[],"class_list":["post-77911","post","type-post","status-publish","format-standard","has-post-thumbnail","hentry","category-inrikes","category-nyheter"],"yoast_head":"<!-- This site is optimized with the Yoast SEO Premium plugin v26.2 (Yoast SEO v27.4) - https:\/\/yoast.com\/product\/yoast-seo-premium-wordpress\/ -->\n<title>Melody fr\u00e5n Fuengirola representerar Spanien i Eurovision - Svenska Magasinet<\/title>\n<meta name=\"description\" content=\"Hon har artisteri i blodet och f\u00f6ljer i sin pappas fotsp\u00e5r. Sent p\u00e5 l\u00f6rdagskv\u00e4llen stod det klart att Melod\u00eda Ruiz vinner den spanska uttagningen Benidorm Fest med sitt bidrag \u201dEsa Diva\u201d och f\u00e5r representera Spanien i Eurovision Song Contest i Basel, Schweiz i maj.\" \/>\n<meta name=\"robots\" content=\"noindex, follow, max-snippet:-1, max-image-preview:large, max-video-preview:-1\" \/>\n<meta property=\"og:locale\" content=\"sv_SE\" \/>\n<meta property=\"og:type\" content=\"article\" \/>\n<meta property=\"og:title\" content=\"Melody fr\u00e5n Fuengirola representerar Spanien i Eurovision\" \/>\n<meta property=\"og:description\" content=\"Hon har artisteri i blodet och f\u00f6ljer i sin pappas fotsp\u00e5r. Sent p\u00e5 l\u00f6rdagskv\u00e4llen stod det klart att Melod\u00eda Ruiz vinner den spanska uttagningen Benidorm Fest med sitt bidrag \u201dEsa Diva\u201d och f\u00e5r representera Spanien i Eurovision Song Contest i Basel, Schweiz i maj.\" \/>\n<meta property=\"og:url\" content=\"https:\/\/lightweb.dev\/l\/svm-temp\/nyheter\/inrikes\/melody-representerar-spanien-i-eurovision\/\" \/>\n<meta property=\"og:site_name\" content=\"Svenska Magasinet\" \/>\n<meta property=\"article:publisher\" content=\"https:\/\/www.facebook.com\/svenskamagasinet\" \/>\n<meta property=\"article:published_time\" content=\"2025-02-02T09:55:58+00:00\" \/>\n<meta property=\"article:modified_time\" content=\"2025-02-02T19:35:15+00:00\" \/>\n<meta property=\"og:image\" content=\"https:\/\/lightweb.dev\/l\/svm-temp\/wp-content\/uploads\/2025\/02\/svm20250202095318.webp\" \/>\n\t<meta property=\"og:image:width\" content=\"900\" \/>\n\t<meta property=\"og:image:height\" content=\"400\" \/>\n\t<meta property=\"og:image:type\" content=\"image\/webp\" \/>\n<meta name=\"author\" content=\"Ola Josefsson\" \/>\n<meta name=\"twitter:card\" content=\"summary_large_image\" \/>\n<meta name=\"twitter:creator\" content=\"@SvenskaMagasine\" \/>\n<meta name=\"twitter:site\" content=\"@SvenskaMagasine\" \/>\n<script type=\"application\/ld+json\" class=\"yoast-schema-graph\">{\"@context\":\"https:\\\/\\\/schema.org\",\"@graph\":[{\"@type\":\"Article\",\"@id\":\"https:\\\/\\\/lightweb.dev\\\/l\\\/svm-temp\\\/nyheter\\\/inrikes\\\/melody-representerar-spanien-i-eurovision\\\/#article\",\"isPartOf\":{\"@id\":\"https:\\\/\\\/lightweb.dev\\\/l\\\/svm-temp\\\/nyheter\\\/inrikes\\\/melody-representerar-spanien-i-eurovision\\\/\"},\"author\":{\"name\":\"Ola Josefsson\",\"@id\":\"https:\\\/\\\/lightweb.dev\\\/l\\\/svm-temp\\\/#\\\/schema\\\/person\\\/7a82b8a73d171d32360a564b6d03508e\"},\"headline\":\"Melody fr\u00e5n Fuengirola representerar Spanien i Eurovision\",\"datePublished\":\"2025-02-02T09:55:58+00:00\",\"dateModified\":\"2025-02-02T19:35:15+00:00\",\"mainEntityOfPage\":{\"@id\":\"https:\\\/\\\/lightweb.dev\\\/l\\\/svm-temp\\\/nyheter\\\/inrikes\\\/melody-representerar-spanien-i-eurovision\\\/\"},\"wordCount\":288,\"publisher\":{\"@id\":\"https:\\\/\\\/lightweb.dev\\\/l\\\/svm-temp\\\/#organization\"},\"image\":{\"@id\":\"https:\\\/\\\/lightweb.dev\\\/l\\\/svm-temp\\\/nyheter\\\/inrikes\\\/melody-representerar-spanien-i-eurovision\\\/#primaryimage\"},\"thumbnailUrl\":\"https:\\\/\\\/lightweb.dev\\\/l\\\/svm-temp\\\/wp-content\\\/uploads\\\/2025\\\/02\\\/svm20250202095318.webp\",\"articleSection\":[\"Inrikes\",\"Nyheter\"],\"inLanguage\":\"sv-SE\"},{\"@type\":\"WebPage\",\"@id\":\"https:\\\/\\\/lightweb.dev\\\/l\\\/svm-temp\\\/nyheter\\\/inrikes\\\/melody-representerar-spanien-i-eurovision\\\/\",\"url\":\"https:\\\/\\\/lightweb.dev\\\/l\\\/svm-temp\\\/nyheter\\\/inrikes\\\/melody-representerar-spanien-i-eurovision\\\/\",\"name\":\"Melody fr\u00e5n Fuengirola representerar Spanien i Eurovision - Svenska Magasinet\",\"isPartOf\":{\"@id\":\"https:\\\/\\\/lightweb.dev\\\/l\\\/svm-temp\\\/#website\"},\"primaryImageOfPage\":{\"@id\":\"https:\\\/\\\/lightweb.dev\\\/l\\\/svm-temp\\\/nyheter\\\/inrikes\\\/melody-representerar-spanien-i-eurovision\\\/#primaryimage\"},\"image\":{\"@id\":\"https:\\\/\\\/lightweb.dev\\\/l\\\/svm-temp\\\/nyheter\\\/inrikes\\\/melody-representerar-spanien-i-eurovision\\\/#primaryimage\"},\"thumbnailUrl\":\"https:\\\/\\\/lightweb.dev\\\/l\\\/svm-temp\\\/wp-content\\\/uploads\\\/2025\\\/02\\\/svm20250202095318.webp\",\"datePublished\":\"2025-02-02T09:55:58+00:00\",\"dateModified\":\"2025-02-02T19:35:15+00:00\",\"description\":\"Hon har artisteri i blodet och f\u00f6ljer i sin pappas fotsp\u00e5r. Sent p\u00e5 l\u00f6rdagskv\u00e4llen stod det klart att Melod\u00eda Ruiz vinner den spanska uttagningen Benidorm Fest med sitt bidrag \u201dEsa Diva\u201d och f\u00e5r representera Spanien i Eurovision Song Contest i Basel, Schweiz i maj.\",\"breadcrumb\":{\"@id\":\"https:\\\/\\\/lightweb.dev\\\/l\\\/svm-temp\\\/nyheter\\\/inrikes\\\/melody-representerar-spanien-i-eurovision\\\/#breadcrumb\"},\"inLanguage\":\"sv-SE\",\"potentialAction\":[{\"@type\":\"ReadAction\",\"target\":[\"https:\\\/\\\/lightweb.dev\\\/l\\\/svm-temp\\\/nyheter\\\/inrikes\\\/melody-representerar-spanien-i-eurovision\\\/\"]}]},{\"@type\":\"ImageObject\",\"inLanguage\":\"sv-SE\",\"@id\":\"https:\\\/\\\/lightweb.dev\\\/l\\\/svm-temp\\\/nyheter\\\/inrikes\\\/melody-representerar-spanien-i-eurovision\\\/#primaryimage\",\"url\":\"https:\\\/\\\/lightweb.dev\\\/l\\\/svm-temp\\\/wp-content\\\/uploads\\\/2025\\\/02\\\/svm20250202095318.webp\",\"contentUrl\":\"https:\\\/\\\/lightweb.dev\\\/l\\\/svm-temp\\\/wp-content\\\/uploads\\\/2025\\\/02\\\/svm20250202095318.webp\",\"width\":900,\"height\":400,\"caption\":\"(Foto: X@eurovision_tve)\"},{\"@type\":\"BreadcrumbList\",\"@id\":\"https:\\\/\\\/lightweb.dev\\\/l\\\/svm-temp\\\/nyheter\\\/inrikes\\\/melody-representerar-spanien-i-eurovision\\\/#breadcrumb\",\"itemListElement\":[{\"@type\":\"ListItem\",\"position\":1,\"name\":\"Hem\",\"item\":\"https:\\\/\\\/lightweb.dev\\\/l\\\/svm-temp\\\/\"},{\"@type\":\"ListItem\",\"position\":2,\"name\":\"Melody fr\u00e5n Fuengirola representerar Spanien i Eurovision\"}]},{\"@type\":\"WebSite\",\"@id\":\"https:\\\/\\\/lightweb.dev\\\/l\\\/svm-temp\\\/#website\",\"url\":\"https:\\\/\\\/lightweb.dev\\\/l\\\/svm-temp\\\/\",\"name\":\"Svenska Magasinet\",\"description\":\"Dina Spanska nyheter p&aring; Svenska\",\"publisher\":{\"@id\":\"https:\\\/\\\/lightweb.dev\\\/l\\\/svm-temp\\\/#organization\"},\"potentialAction\":[{\"@type\":\"SearchAction\",\"target\":{\"@type\":\"EntryPoint\",\"urlTemplate\":\"https:\\\/\\\/lightweb.dev\\\/l\\\/svm-temp\\\/?s={search_term_string}\"},\"query-input\":{\"@type\":\"PropertyValueSpecification\",\"valueRequired\":true,\"valueName\":\"search_term_string\"}}],\"inLanguage\":\"sv-SE\"},{\"@type\":\"Organization\",\"@id\":\"https:\\\/\\\/lightweb.dev\\\/l\\\/svm-temp\\\/#organization\",\"name\":\"Melkerson y Nott SL\",\"alternateName\":\"Svenska Magasinet\",\"url\":\"https:\\\/\\\/lightweb.dev\\\/l\\\/svm-temp\\\/\",\"logo\":{\"@type\":\"ImageObject\",\"inLanguage\":\"sv-SE\",\"@id\":\"https:\\\/\\\/lightweb.dev\\\/l\\\/svm-temp\\\/#\\\/schema\\\/logo\\\/image\\\/\",\"url\":\"https:\\\/\\\/lightweb.dev\\\/l\\\/svm-temp\\\/wp-content\\\/uploads\\\/2025\\\/02\\\/SvM-logo-Xtra-Centrerad-SVART.png\",\"contentUrl\":\"https:\\\/\\\/lightweb.dev\\\/l\\\/svm-temp\\\/wp-content\\\/uploads\\\/2025\\\/02\\\/SvM-logo-Xtra-Centrerad-SVART.png\",\"width\":300,\"height\":99,\"caption\":\"Melkerson y Nott SL\"},\"image\":{\"@id\":\"https:\\\/\\\/lightweb.dev\\\/l\\\/svm-temp\\\/#\\\/schema\\\/logo\\\/image\\\/\"},\"sameAs\":[\"https:\\\/\\\/www.facebook.com\\\/svenskamagasinet\",\"https:\\\/\\\/x.com\\\/SvenskaMagasine\"]},{\"@type\":\"Person\",\"@id\":\"https:\\\/\\\/lightweb.dev\\\/l\\\/svm-temp\\\/#\\\/schema\\\/person\\\/7a82b8a73d171d32360a564b6d03508e\",\"name\":\"Ola Josefsson\",\"description\":\"Bevakar Solkusten och Spanien sedan 1994.\",\"sameAs\":[\"https:\\\/\\\/lightweb.dev\\\/l\\\/svm-temp\"],\"url\":\"https:\\\/\\\/lightweb.dev\\\/l\\\/svm-temp\\\/reporter\\\/ola-josefsson\\\/\"}]}<\/script>\n<!-- \/ Yoast SEO Premium plugin. -->","yoast_head_json":{"title":"Melody fr\u00e5n Fuengirola representerar Spanien i Eurovision - Svenska Magasinet","description":"Hon har artisteri i blodet och f\u00f6ljer i sin pappas fotsp\u00e5r. Sent p\u00e5 l\u00f6rdagskv\u00e4llen stod det klart att Melod\u00eda Ruiz vinner den spanska uttagningen Benidorm Fest med sitt bidrag \u201dEsa Diva\u201d och f\u00e5r representera Spanien i Eurovision Song Contest i Basel, Schweiz i maj.","robots":{"index":"noindex","follow":"follow","max-snippet":"max-snippet:-1","max-image-preview":"max-image-preview:large","max-video-preview":"max-video-preview:-1"},"og_locale":"sv_SE","og_type":"article","og_title":"Melody fr\u00e5n Fuengirola representerar Spanien i Eurovision","og_description":"Hon har artisteri i blodet och f\u00f6ljer i sin pappas fotsp\u00e5r. Sent p\u00e5 l\u00f6rdagskv\u00e4llen stod det klart att Melod\u00eda Ruiz vinner den spanska uttagningen Benidorm Fest med sitt bidrag \u201dEsa Diva\u201d och f\u00e5r representera Spanien i Eurovision Song Contest i Basel, Schweiz i maj.","og_url":"https:\/\/lightweb.dev\/l\/svm-temp\/nyheter\/inrikes\/melody-representerar-spanien-i-eurovision\/","og_site_name":"Svenska Magasinet","article_publisher":"https:\/\/www.facebook.com\/svenskamagasinet","article_published_time":"2025-02-02T09:55:58+00:00","article_modified_time":"2025-02-02T19:35:15+00:00","og_image":[{"width":900,"height":400,"url":"https:\/\/lightweb.dev\/l\/svm-temp\/wp-content\/uploads\/2025\/02\/svm20250202095318.webp","type":"image\/webp"}],"author":"Ola Josefsson","twitter_card":"summary_large_image","twitter_creator":"@SvenskaMagasine","twitter_site":"@SvenskaMagasine","schema":{"@context":"https:\/\/schema.org","@graph":[{"@type":"Article","@id":"https:\/\/lightweb.dev\/l\/svm-temp\/nyheter\/inrikes\/melody-representerar-spanien-i-eurovision\/#article","isPartOf":{"@id":"https:\/\/lightweb.dev\/l\/svm-temp\/nyheter\/inrikes\/melody-representerar-spanien-i-eurovision\/"},"author":{"name":"Ola Josefsson","@id":"https:\/\/lightweb.dev\/l\/svm-temp\/#\/schema\/person\/7a82b8a73d171d32360a564b6d03508e"},"headline":"Melody fr\u00e5n Fuengirola representerar Spanien i Eurovision","datePublished":"2025-02-02T09:55:58+00:00","dateModified":"2025-02-02T19:35:15+00:00","mainEntityOfPage":{"@id":"https:\/\/lightweb.dev\/l\/svm-temp\/nyheter\/inrikes\/melody-representerar-spanien-i-eurovision\/"},"wordCount":288,"publisher":{"@id":"https:\/\/lightweb.dev\/l\/svm-temp\/#organization"},"image":{"@id":"https:\/\/lightweb.dev\/l\/svm-temp\/nyheter\/inrikes\/melody-representerar-spanien-i-eurovision\/#primaryimage"},"thumbnailUrl":"https:\/\/lightweb.dev\/l\/svm-temp\/wp-content\/uploads\/2025\/02\/svm20250202095318.webp","articleSection":["Inrikes","Nyheter"],"inLanguage":"sv-SE"},{"@type":"WebPage","@id":"https:\/\/lightweb.dev\/l\/svm-temp\/nyheter\/inrikes\/melody-representerar-spanien-i-eurovision\/","url":"https:\/\/lightweb.dev\/l\/svm-temp\/nyheter\/inrikes\/melody-representerar-spanien-i-eurovision\/","name":"Melody fr\u00e5n Fuengirola representerar Spanien i Eurovision - Svenska Magasinet","isPartOf":{"@id":"https:\/\/lightweb.dev\/l\/svm-temp\/#website"},"primaryImageOfPage":{"@id":"https:\/\/lightweb.dev\/l\/svm-temp\/nyheter\/inrikes\/melody-representerar-spanien-i-eurovision\/#primaryimage"},"image":{"@id":"https:\/\/lightweb.dev\/l\/svm-temp\/nyheter\/inrikes\/melody-representerar-spanien-i-eurovision\/#primaryimage"},"thumbnailUrl":"https:\/\/lightweb.dev\/l\/svm-temp\/wp-content\/uploads\/2025\/02\/svm20250202095318.webp","datePublished":"2025-02-02T09:55:58+00:00","dateModified":"2025-02-02T19:35:15+00:00","description":"Hon har artisteri i blodet och f\u00f6ljer i sin pappas fotsp\u00e5r. Sent p\u00e5 l\u00f6rdagskv\u00e4llen stod det klart att Melod\u00eda Ruiz vinner den spanska uttagningen Benidorm Fest med sitt bidrag \u201dEsa Diva\u201d och f\u00e5r representera Spanien i Eurovision Song Contest i Basel, Schweiz i maj.","breadcrumb":{"@id":"https:\/\/lightweb.dev\/l\/svm-temp\/nyheter\/inrikes\/melody-representerar-spanien-i-eurovision\/#breadcrumb"},"inLanguage":"sv-SE","potentialAction":[{"@type":"ReadAction","target":["https:\/\/lightweb.dev\/l\/svm-temp\/nyheter\/inrikes\/melody-representerar-spanien-i-eurovision\/"]}]},{"@type":"ImageObject","inLanguage":"sv-SE","@id":"https:\/\/lightweb.dev\/l\/svm-temp\/nyheter\/inrikes\/melody-representerar-spanien-i-eurovision\/#primaryimage","url":"https:\/\/lightweb.dev\/l\/svm-temp\/wp-content\/uploads\/2025\/02\/svm20250202095318.webp","contentUrl":"https:\/\/lightweb.dev\/l\/svm-temp\/wp-content\/uploads\/2025\/02\/svm20250202095318.webp","width":900,"height":400,"caption":"(Foto: X@eurovision_tve)"},{"@type":"BreadcrumbList","@id":"https:\/\/lightweb.dev\/l\/svm-temp\/nyheter\/inrikes\/melody-representerar-spanien-i-eurovision\/#breadcrumb","itemListElement":[{"@type":"ListItem","position":1,"name":"Hem","item":"https:\/\/lightweb.dev\/l\/svm-temp\/"},{"@type":"ListItem","position":2,"name":"Melody fr\u00e5n Fuengirola representerar Spanien i Eurovision"}]},{"@type":"WebSite","@id":"https:\/\/lightweb.dev\/l\/svm-temp\/#website","url":"https:\/\/lightweb.dev\/l\/svm-temp\/","name":"Svenska Magasinet","description":"Dina Spanska nyheter p&aring; Svenska","publisher":{"@id":"https:\/\/lightweb.dev\/l\/svm-temp\/#organization"},"potentialAction":[{"@type":"SearchAction","target":{"@type":"EntryPoint","urlTemplate":"https:\/\/lightweb.dev\/l\/svm-temp\/?s={search_term_string}"},"query-input":{"@type":"PropertyValueSpecification","valueRequired":true,"valueName":"search_term_string"}}],"inLanguage":"sv-SE"},{"@type":"Organization","@id":"https:\/\/lightweb.dev\/l\/svm-temp\/#organization","name":"Melkerson y Nott SL","alternateName":"Svenska Magasinet","url":"https:\/\/lightweb.dev\/l\/svm-temp\/","logo":{"@type":"ImageObject","inLanguage":"sv-SE","@id":"https:\/\/lightweb.dev\/l\/svm-temp\/#\/schema\/logo\/image\/","url":"https:\/\/lightweb.dev\/l\/svm-temp\/wp-content\/uploads\/2025\/02\/SvM-logo-Xtra-Centrerad-SVART.png","contentUrl":"https:\/\/lightweb.dev\/l\/svm-temp\/wp-content\/uploads\/2025\/02\/SvM-logo-Xtra-Centrerad-SVART.png","width":300,"height":99,"caption":"Melkerson y Nott SL"},"image":{"@id":"https:\/\/lightweb.dev\/l\/svm-temp\/#\/schema\/logo\/image\/"},"sameAs":["https:\/\/www.facebook.com\/svenskamagasinet","https:\/\/x.com\/SvenskaMagasine"]},{"@type":"Person","@id":"https:\/\/lightweb.dev\/l\/svm-temp\/#\/schema\/person\/7a82b8a73d171d32360a564b6d03508e","name":"Ola Josefsson","description":"Bevakar Solkusten och Spanien sedan 1994.","sameAs":["https:\/\/lightweb.dev\/l\/svm-temp"],"url":"https:\/\/lightweb.dev\/l\/svm-temp\/reporter\/ola-josefsson\/"}]}},"_links":{"self":[{"href":"https:\/\/lightweb.dev\/l\/svm-temp\/wp-json\/wp\/v2\/posts\/77911","targetHints":{"allow":["GET"]}}],"collection":[{"href":"https:\/\/lightweb.dev\/l\/svm-temp\/wp-json\/wp\/v2\/posts"}],"about":[{"href":"https:\/\/lightweb.dev\/l\/svm-temp\/wp-json\/wp\/v2\/types\/post"}],"author":[{"embeddable":true,"href":"https:\/\/lightweb.dev\/l\/svm-temp\/wp-json\/wp\/v2\/users\/7"}],"replies":[{"embeddable":true,"href":"https:\/\/lightweb.dev\/l\/svm-temp\/wp-json\/wp\/v2\/comments?post=77911"}],"version-history":[{"count":0,"href":"https:\/\/lightweb.dev\/l\/svm-temp\/wp-json\/wp\/v2\/posts\/77911\/revisions"}],"wp:featuredmedia":[{"embeddable":true,"href":"https:\/\/lightweb.dev\/l\/svm-temp\/wp-json\/wp\/v2\/media\/77910"}],"wp:attachment":[{"href":"https:\/\/lightweb.dev\/l\/svm-temp\/wp-json\/wp\/v2\/media?parent=77911"}],"wp:term":[{"taxonomy":"category","embeddable":true,"href":"https:\/\/lightweb.dev\/l\/svm-temp\/wp-json\/wp\/v2\/categories?post=77911"},{"taxonomy":"post_tag","embeddable":true,"href":"https:\/\/lightweb.dev\/l\/svm-temp\/wp-json\/wp\/v2\/tags?post=77911"}],"curies":[{"name":"wp","href":"https:\/\/api.w.org\/{rel}","templated":true}]}}