{"id":77921,"date":"2025-02-03T08:39:04","date_gmt":"2025-02-03T07:39:04","guid":{"rendered":"https:\/\/lightweb.dev\/l\/svm-temp\/?p=77921"},"modified":"2025-02-04T09:29:42","modified_gmt":"2025-02-04T08:29:42","slug":"aemet-hojer-till-orange-vadervarning-pa-vastra-solkusten","status":"publish","type":"post","link":"https:\/\/lightweb.dev\/l\/svm-temp\/nyheter\/aemet-hojer-till-orange-vadervarning-pa-vastra-solkusten\/","title":{"rendered":"Aemet h\u00f6jde till orange v\u00e4dervarning p\u00e5 v\u00e4stra Solkusten"},"content":{"rendered":"<p><strong>Skyfall, \u00f6versv\u00e4mningar och st\u00e4ngda skolor gjorde att v\u00e4derlekstj\u00e4nsten Aemet h\u00f6jde den gula v\u00e4dervarningen till orange.<\/strong><\/p>\n<p><strong>Det rapporteras om stora trafikproblem efter att det fallit 70 mm regn p\u00e5 bara en timme i Torremolinosomr\u00e5det. Omkring ett par 100 incidenter har intr\u00e4ffat under m\u00e5ndagen p\u00e5 grund av regnov\u00e4dret.<\/strong><\/p>\n<p>Regionregeringen skriver p\u00e5 X att myndigheten aktiverar beredskapsplanen i h\u00e4ndelse av \u00f6versv\u00e4mningar. De uppmanar allm\u00e4nheten att f\u00f6lja anvisningarna via larmtj\u00e4nsten <a href=\"https:\/\/x.com\/E112Andalucia\">112<\/a> som finns p\u00e5 de sociala plattformarna.<\/p>\n<blockquote class=\"twitter-tweet\" data-media-max-width=\"560\">\n<p dir=\"ltr\" lang=\"es\"><a href=\"https:\/\/twitter.com\/hashtag\/ElTiempo?src=hash&amp;ref_src=twsrc%5Etfw\">#ElTiempo<\/a> | <a href=\"https:\/\/twitter.com\/hashtag\/Mijas?src=hash&amp;ref_src=twsrc%5Etfw\">#Mijas<\/a><br \/>\n\u2614\u26a0\ufe0f Las fuertes lluvias de este lunes provocan el corte total de la autov\u00eda A-7 sentido C\u00e1diz desde el kil\u00f3metro 1019 al 1020. Adem\u00e1s se mantienen las retenciones en la misma autov\u00eda desde el kil\u00f3metro 1010 al 1019. <a href=\"https:\/\/t.co\/OCwKBk20Ma\">pic.twitter.com\/OCwKBk20Ma<\/a><\/p>\n<p>\u2014 Mijas Comunicaci\u00f3n (@MijasCom) <a href=\"https:\/\/twitter.com\/MijasCom\/status\/1886355012856545414?ref_src=twsrc%5Etfw\">February 3, 2025<\/a><\/p><\/blockquote>\n<p><script async src=\"https:\/\/platform.twitter.com\/widgets.js\" charset=\"utf-8\"><\/script><\/p>\n<p>Mellan klockan 5 och 6 p\u00e5 m\u00e5ndagsmorgonen f\u00f6ll det 70 mm regn i Torremolinos, enligt uppgifter fr\u00e5n Meteoclimatic. Arroyo de la Miel fick 65 mm medan v\u00e4derlekstj\u00e4nsten Aemet (Agencia Estatal de Meteorolog\u00eda) har m\u00e4tt 54 mm i Torremolinos. Sierra de Mijas har f\u00e5tt 63 mm enligt Hidrosur vid regionregeringen Junta de Andaluc\u00eda.<\/p>\n<p>Torremolinos kommun meddelar att de har satt in sin beredskapsplan p\u00e5 grund av den kraftiga nederb\u00f6rden som orsakas av stormen Ivo.<\/p>\n<div id=\"attachment_77959\" style=\"width: 910px\" class=\"wp-caption alignnone\"><img loading=\"lazy\" decoding=\"async\" aria-describedby=\"caption-attachment-77959\" class=\"wp-image-77959 size-full\" src=\"https:\/\/lightweb.dev\/l\/svm-temp\/wp-content\/uploads\/2025\/02\/svm20250203180736.webp\" alt=\"\" width=\"900\" height=\"400\" srcset=\"https:\/\/lightweb.dev\/l\/svm-temp\/wp-content\/uploads\/2025\/02\/svm20250203180736.webp 900w, https:\/\/lightweb.dev\/l\/svm-temp\/wp-content\/uploads\/2025\/02\/svm20250203180736-300x133.webp 300w, https:\/\/lightweb.dev\/l\/svm-temp\/wp-content\/uploads\/2025\/02\/svm20250203180736-768x341.webp 768w, https:\/\/lightweb.dev\/l\/svm-temp\/wp-content\/uploads\/2025\/02\/svm20250203180736-610x271.webp 610w, https:\/\/lightweb.dev\/l\/svm-temp\/wp-content\/uploads\/2025\/02\/svm20250203180736-600x267.webp 600w\" sizes=\"(max-width: 900px) 100vw, 900px\" \/><p id=\"caption-attachment-77959\" class=\"wp-caption-text\">A-7:an fr\u00e5n Fuengirola mot Marbella var oframkomlig under flera timmar p\u00e5 m\u00e5ndagen. (Foto: DGT)<\/p><\/div>\n<p>Borgm\u00e4staren Margarita del Cid s\u00e4ger i ett <a href=\"https:\/\/www.torremolinos.es\/2025\/02\/torremolinos-activa-su-comite-de-emergencias-y-atiende-las-numerosas-incidencias-registradas-por-las-fuertes-lluvias\/\">pressmeddelande<\/a> att kommunens skolor h\u00e5ller st\u00e4ngt p\u00e5 m\u00e5ndagen. Kommunen ber inv\u00e5narna att vidta f\u00f6rsiktighets\u00e5tg\u00e4rder och undvika on\u00f6diga resor.<\/p>\n<p>Strax f\u00f6re klockan 9 p\u00e5 m\u00e5ndagsmorgonen drabbades Fuengirola av ett kraftigt \u00e5skov\u00e4der. Det rapporteras om \u00f6versv\u00e4mmade gator, k\u00f6er och trafikproblem under rusningstrafiken.<\/p>\n<p>Aemet h\u00f6jde p\u00e5 m\u00e5ndagsmorgonen v\u00e4dervarningen till orange i M\u00e1laga stad, Costa del Sol och Guadalhorce d\u00e5 det kunde falla 30 mm regn p\u00e5 en timme eller 100 mm p\u00e5 tolv timar. Varningen g\u00e4llde fram till klockan 15 d\u00e5 den \u00e5tergick till gul.<\/p>\n<p>Totalt under m\u00e5ndagen fick Sierra de Mijas mest nederb\u00f6rd med 125 mm. Torremolinos stad fick 84 mm, stadsdelen El Pinillo i Torremolinos-El Pinillo fick 110, Benalm\u00e1dena-Arroyo de la Miel 81 och Alhaur\u00edn de la Torre 56 mm.<\/p>\n","protected":false},"excerpt":{"rendered":"<p>Skyfall, \u00f6versv\u00e4mningar och st\u00e4ngda skolor gjorde att v\u00e4derlekstj\u00e4nsten Aemet h\u00f6jde den gula v\u00e4dervarningen till orange. Det rapporteras om stora trafikproblem efter att det fallit 70 mm regn p\u00e5 bara en timme i Torremolinosomr\u00e5det&#8230;<\/p>\n","protected":false},"author":7,"featured_media":77920,"comment_status":"closed","ping_status":"closed","sticky":false,"template":"","format":"standard","meta":{"_et_pb_use_builder":"","_et_pb_old_content":"","_et_gb_content_width":"","footnotes":""},"categories":[284,3],"tags":[],"class_list":["post-77921","post","type-post","status-publish","format-standard","has-post-thumbnail","hentry","category-inrikes","category-nyheter"],"yoast_head":"<!-- This site is optimized with the Yoast SEO Premium plugin v26.2 (Yoast SEO v27.4) - https:\/\/yoast.com\/product\/yoast-seo-premium-wordpress\/ -->\n<title>Aemet h\u00f6jde till orange v\u00e4dervarning p\u00e5 v\u00e4stra Solkusten - Svenska Magasinet<\/title>\n<meta name=\"robots\" content=\"noindex, follow, max-snippet:-1, max-image-preview:large, max-video-preview:-1\" \/>\n<meta property=\"og:locale\" content=\"sv_SE\" \/>\n<meta property=\"og:type\" content=\"article\" \/>\n<meta property=\"og:title\" content=\"Aemet h\u00f6jde till orange v\u00e4dervarning p\u00e5 v\u00e4stra Solkusten\" \/>\n<meta property=\"og:description\" content=\"Skyfall, \u00f6versv\u00e4mningar och st\u00e4ngda skolor gjorde att v\u00e4derlekstj\u00e4nsten Aemet h\u00f6jde den gula v\u00e4dervarningen till orange. Det rapporteras om stora trafikproblem efter att det fallit 70 mm regn p\u00e5 bara en timme i Torremolinosomr\u00e5det...\" \/>\n<meta property=\"og:url\" content=\"https:\/\/lightweb.dev\/l\/svm-temp\/nyheter\/lokalt\/aemet-hojer-till-orange-vadervarning-pa-vastra-solkusten\/\" \/>\n<meta property=\"og:site_name\" content=\"Svenska Magasinet\" \/>\n<meta property=\"article:publisher\" content=\"https:\/\/www.facebook.com\/svenskamagasinet\" \/>\n<meta property=\"article:published_time\" content=\"2025-02-03T07:39:04+00:00\" \/>\n<meta property=\"article:modified_time\" content=\"2025-02-04T08:29:42+00:00\" \/>\n<meta property=\"og:image\" content=\"https:\/\/lightweb.dev\/l\/svm-temp\/wp-content\/uploads\/2025\/02\/svm20250203073727.webp\" \/>\n\t<meta property=\"og:image:width\" content=\"900\" \/>\n\t<meta property=\"og:image:height\" content=\"400\" \/>\n\t<meta property=\"og:image:type\" content=\"image\/webp\" \/>\n<meta name=\"author\" content=\"Ola Josefsson\" \/>\n<meta name=\"twitter:card\" content=\"summary_large_image\" \/>\n<meta name=\"twitter:creator\" content=\"@SvenskaMagasine\" \/>\n<meta name=\"twitter:site\" content=\"@SvenskaMagasine\" \/>\n<script type=\"application\/ld+json\" class=\"yoast-schema-graph\">{\"@context\":\"https:\\\/\\\/schema.org\",\"@graph\":[{\"@type\":\"Article\",\"@id\":\"https:\\\/\\\/lightweb.dev\\\/l\\\/svm-temp\\\/nyheter\\\/lokalt\\\/aemet-hojer-till-orange-vadervarning-pa-vastra-solkusten\\\/#article\",\"isPartOf\":{\"@id\":\"https:\\\/\\\/lightweb.dev\\\/l\\\/svm-temp\\\/nyheter\\\/lokalt\\\/aemet-hojer-till-orange-vadervarning-pa-vastra-solkusten\\\/\"},\"author\":{\"name\":\"Ola Josefsson\",\"@id\":\"https:\\\/\\\/lightweb.dev\\\/l\\\/svm-temp\\\/#\\\/schema\\\/person\\\/7a82b8a73d171d32360a564b6d03508e\"},\"headline\":\"Aemet h\u00f6jde till orange v\u00e4dervarning p\u00e5 v\u00e4stra Solkusten\",\"datePublished\":\"2025-02-03T07:39:04+00:00\",\"dateModified\":\"2025-02-04T08:29:42+00:00\",\"mainEntityOfPage\":{\"@id\":\"https:\\\/\\\/lightweb.dev\\\/l\\\/svm-temp\\\/nyheter\\\/lokalt\\\/aemet-hojer-till-orange-vadervarning-pa-vastra-solkusten\\\/\"},\"wordCount\":389,\"publisher\":{\"@id\":\"https:\\\/\\\/lightweb.dev\\\/l\\\/svm-temp\\\/#organization\"},\"image\":{\"@id\":\"https:\\\/\\\/lightweb.dev\\\/l\\\/svm-temp\\\/nyheter\\\/lokalt\\\/aemet-hojer-till-orange-vadervarning-pa-vastra-solkusten\\\/#primaryimage\"},\"thumbnailUrl\":\"https:\\\/\\\/lightweb.dev\\\/l\\\/svm-temp\\\/wp-content\\\/uploads\\\/2025\\\/02\\\/svm20250203073727.webp\",\"articleSection\":[\"Inrikes\",\"Nyheter\"],\"inLanguage\":\"sv-SE\"},{\"@type\":\"WebPage\",\"@id\":\"https:\\\/\\\/lightweb.dev\\\/l\\\/svm-temp\\\/nyheter\\\/lokalt\\\/aemet-hojer-till-orange-vadervarning-pa-vastra-solkusten\\\/\",\"url\":\"https:\\\/\\\/lightweb.dev\\\/l\\\/svm-temp\\\/nyheter\\\/lokalt\\\/aemet-hojer-till-orange-vadervarning-pa-vastra-solkusten\\\/\",\"name\":\"Aemet h\u00f6jde till orange v\u00e4dervarning p\u00e5 v\u00e4stra Solkusten - Svenska Magasinet\",\"isPartOf\":{\"@id\":\"https:\\\/\\\/lightweb.dev\\\/l\\\/svm-temp\\\/#website\"},\"primaryImageOfPage\":{\"@id\":\"https:\\\/\\\/lightweb.dev\\\/l\\\/svm-temp\\\/nyheter\\\/lokalt\\\/aemet-hojer-till-orange-vadervarning-pa-vastra-solkusten\\\/#primaryimage\"},\"image\":{\"@id\":\"https:\\\/\\\/lightweb.dev\\\/l\\\/svm-temp\\\/nyheter\\\/lokalt\\\/aemet-hojer-till-orange-vadervarning-pa-vastra-solkusten\\\/#primaryimage\"},\"thumbnailUrl\":\"https:\\\/\\\/lightweb.dev\\\/l\\\/svm-temp\\\/wp-content\\\/uploads\\\/2025\\\/02\\\/svm20250203073727.webp\",\"datePublished\":\"2025-02-03T07:39:04+00:00\",\"dateModified\":\"2025-02-04T08:29:42+00:00\",\"breadcrumb\":{\"@id\":\"https:\\\/\\\/lightweb.dev\\\/l\\\/svm-temp\\\/nyheter\\\/lokalt\\\/aemet-hojer-till-orange-vadervarning-pa-vastra-solkusten\\\/#breadcrumb\"},\"inLanguage\":\"sv-SE\",\"potentialAction\":[{\"@type\":\"ReadAction\",\"target\":[\"https:\\\/\\\/lightweb.dev\\\/l\\\/svm-temp\\\/nyheter\\\/lokalt\\\/aemet-hojer-till-orange-vadervarning-pa-vastra-solkusten\\\/\"]}]},{\"@type\":\"ImageObject\",\"inLanguage\":\"sv-SE\",\"@id\":\"https:\\\/\\\/lightweb.dev\\\/l\\\/svm-temp\\\/nyheter\\\/lokalt\\\/aemet-hojer-till-orange-vadervarning-pa-vastra-solkusten\\\/#primaryimage\",\"url\":\"https:\\\/\\\/lightweb.dev\\\/l\\\/svm-temp\\\/wp-content\\\/uploads\\\/2025\\\/02\\\/svm20250203073727.webp\",\"contentUrl\":\"https:\\\/\\\/lightweb.dev\\\/l\\\/svm-temp\\\/wp-content\\\/uploads\\\/2025\\\/02\\\/svm20250203073727.webp\",\"width\":900,\"height\":400,\"caption\":\"(Foto: Aemet)\"},{\"@type\":\"BreadcrumbList\",\"@id\":\"https:\\\/\\\/lightweb.dev\\\/l\\\/svm-temp\\\/nyheter\\\/lokalt\\\/aemet-hojer-till-orange-vadervarning-pa-vastra-solkusten\\\/#breadcrumb\",\"itemListElement\":[{\"@type\":\"ListItem\",\"position\":1,\"name\":\"Hem\",\"item\":\"https:\\\/\\\/lightweb.dev\\\/l\\\/svm-temp\\\/\"},{\"@type\":\"ListItem\",\"position\":2,\"name\":\"Aemet h\u00f6jde till orange v\u00e4dervarning p\u00e5 v\u00e4stra Solkusten\"}]},{\"@type\":\"WebSite\",\"@id\":\"https:\\\/\\\/lightweb.dev\\\/l\\\/svm-temp\\\/#website\",\"url\":\"https:\\\/\\\/lightweb.dev\\\/l\\\/svm-temp\\\/\",\"name\":\"Svenska Magasinet\",\"description\":\"Dina Spanska nyheter p&aring; Svenska\",\"publisher\":{\"@id\":\"https:\\\/\\\/lightweb.dev\\\/l\\\/svm-temp\\\/#organization\"},\"potentialAction\":[{\"@type\":\"SearchAction\",\"target\":{\"@type\":\"EntryPoint\",\"urlTemplate\":\"https:\\\/\\\/lightweb.dev\\\/l\\\/svm-temp\\\/?s={search_term_string}\"},\"query-input\":{\"@type\":\"PropertyValueSpecification\",\"valueRequired\":true,\"valueName\":\"search_term_string\"}}],\"inLanguage\":\"sv-SE\"},{\"@type\":\"Organization\",\"@id\":\"https:\\\/\\\/lightweb.dev\\\/l\\\/svm-temp\\\/#organization\",\"name\":\"Melkerson y Nott SL\",\"alternateName\":\"Svenska Magasinet\",\"url\":\"https:\\\/\\\/lightweb.dev\\\/l\\\/svm-temp\\\/\",\"logo\":{\"@type\":\"ImageObject\",\"inLanguage\":\"sv-SE\",\"@id\":\"https:\\\/\\\/lightweb.dev\\\/l\\\/svm-temp\\\/#\\\/schema\\\/logo\\\/image\\\/\",\"url\":\"https:\\\/\\\/lightweb.dev\\\/l\\\/svm-temp\\\/wp-content\\\/uploads\\\/2025\\\/02\\\/SvM-logo-Xtra-Centrerad-SVART.png\",\"contentUrl\":\"https:\\\/\\\/lightweb.dev\\\/l\\\/svm-temp\\\/wp-content\\\/uploads\\\/2025\\\/02\\\/SvM-logo-Xtra-Centrerad-SVART.png\",\"width\":300,\"height\":99,\"caption\":\"Melkerson y Nott SL\"},\"image\":{\"@id\":\"https:\\\/\\\/lightweb.dev\\\/l\\\/svm-temp\\\/#\\\/schema\\\/logo\\\/image\\\/\"},\"sameAs\":[\"https:\\\/\\\/www.facebook.com\\\/svenskamagasinet\",\"https:\\\/\\\/x.com\\\/SvenskaMagasine\"]},{\"@type\":\"Person\",\"@id\":\"https:\\\/\\\/lightweb.dev\\\/l\\\/svm-temp\\\/#\\\/schema\\\/person\\\/7a82b8a73d171d32360a564b6d03508e\",\"name\":\"Ola Josefsson\",\"description\":\"Bevakar Solkusten och Spanien sedan 1994.\",\"sameAs\":[\"https:\\\/\\\/lightweb.dev\\\/l\\\/svm-temp\"],\"url\":\"https:\\\/\\\/lightweb.dev\\\/l\\\/svm-temp\\\/reporter\\\/ola-josefsson\\\/\"}]}<\/script>\n<!-- \/ Yoast SEO Premium plugin. -->","yoast_head_json":{"title":"Aemet h\u00f6jde till orange v\u00e4dervarning p\u00e5 v\u00e4stra Solkusten - Svenska Magasinet","robots":{"index":"noindex","follow":"follow","max-snippet":"max-snippet:-1","max-image-preview":"max-image-preview:large","max-video-preview":"max-video-preview:-1"},"og_locale":"sv_SE","og_type":"article","og_title":"Aemet h\u00f6jde till orange v\u00e4dervarning p\u00e5 v\u00e4stra Solkusten","og_description":"Skyfall, \u00f6versv\u00e4mningar och st\u00e4ngda skolor gjorde att v\u00e4derlekstj\u00e4nsten Aemet h\u00f6jde den gula v\u00e4dervarningen till orange. Det rapporteras om stora trafikproblem efter att det fallit 70 mm regn p\u00e5 bara en timme i Torremolinosomr\u00e5det...","og_url":"https:\/\/lightweb.dev\/l\/svm-temp\/nyheter\/lokalt\/aemet-hojer-till-orange-vadervarning-pa-vastra-solkusten\/","og_site_name":"Svenska Magasinet","article_publisher":"https:\/\/www.facebook.com\/svenskamagasinet","article_published_time":"2025-02-03T07:39:04+00:00","article_modified_time":"2025-02-04T08:29:42+00:00","og_image":[{"width":900,"height":400,"url":"https:\/\/lightweb.dev\/l\/svm-temp\/wp-content\/uploads\/2025\/02\/svm20250203073727.webp","type":"image\/webp"}],"author":"Ola Josefsson","twitter_card":"summary_large_image","twitter_creator":"@SvenskaMagasine","twitter_site":"@SvenskaMagasine","schema":{"@context":"https:\/\/schema.org","@graph":[{"@type":"Article","@id":"https:\/\/lightweb.dev\/l\/svm-temp\/nyheter\/lokalt\/aemet-hojer-till-orange-vadervarning-pa-vastra-solkusten\/#article","isPartOf":{"@id":"https:\/\/lightweb.dev\/l\/svm-temp\/nyheter\/lokalt\/aemet-hojer-till-orange-vadervarning-pa-vastra-solkusten\/"},"author":{"name":"Ola Josefsson","@id":"https:\/\/lightweb.dev\/l\/svm-temp\/#\/schema\/person\/7a82b8a73d171d32360a564b6d03508e"},"headline":"Aemet h\u00f6jde till orange v\u00e4dervarning p\u00e5 v\u00e4stra Solkusten","datePublished":"2025-02-03T07:39:04+00:00","dateModified":"2025-02-04T08:29:42+00:00","mainEntityOfPage":{"@id":"https:\/\/lightweb.dev\/l\/svm-temp\/nyheter\/lokalt\/aemet-hojer-till-orange-vadervarning-pa-vastra-solkusten\/"},"wordCount":389,"publisher":{"@id":"https:\/\/lightweb.dev\/l\/svm-temp\/#organization"},"image":{"@id":"https:\/\/lightweb.dev\/l\/svm-temp\/nyheter\/lokalt\/aemet-hojer-till-orange-vadervarning-pa-vastra-solkusten\/#primaryimage"},"thumbnailUrl":"https:\/\/lightweb.dev\/l\/svm-temp\/wp-content\/uploads\/2025\/02\/svm20250203073727.webp","articleSection":["Inrikes","Nyheter"],"inLanguage":"sv-SE"},{"@type":"WebPage","@id":"https:\/\/lightweb.dev\/l\/svm-temp\/nyheter\/lokalt\/aemet-hojer-till-orange-vadervarning-pa-vastra-solkusten\/","url":"https:\/\/lightweb.dev\/l\/svm-temp\/nyheter\/lokalt\/aemet-hojer-till-orange-vadervarning-pa-vastra-solkusten\/","name":"Aemet h\u00f6jde till orange v\u00e4dervarning p\u00e5 v\u00e4stra Solkusten - Svenska Magasinet","isPartOf":{"@id":"https:\/\/lightweb.dev\/l\/svm-temp\/#website"},"primaryImageOfPage":{"@id":"https:\/\/lightweb.dev\/l\/svm-temp\/nyheter\/lokalt\/aemet-hojer-till-orange-vadervarning-pa-vastra-solkusten\/#primaryimage"},"image":{"@id":"https:\/\/lightweb.dev\/l\/svm-temp\/nyheter\/lokalt\/aemet-hojer-till-orange-vadervarning-pa-vastra-solkusten\/#primaryimage"},"thumbnailUrl":"https:\/\/lightweb.dev\/l\/svm-temp\/wp-content\/uploads\/2025\/02\/svm20250203073727.webp","datePublished":"2025-02-03T07:39:04+00:00","dateModified":"2025-02-04T08:29:42+00:00","breadcrumb":{"@id":"https:\/\/lightweb.dev\/l\/svm-temp\/nyheter\/lokalt\/aemet-hojer-till-orange-vadervarning-pa-vastra-solkusten\/#breadcrumb"},"inLanguage":"sv-SE","potentialAction":[{"@type":"ReadAction","target":["https:\/\/lightweb.dev\/l\/svm-temp\/nyheter\/lokalt\/aemet-hojer-till-orange-vadervarning-pa-vastra-solkusten\/"]}]},{"@type":"ImageObject","inLanguage":"sv-SE","@id":"https:\/\/lightweb.dev\/l\/svm-temp\/nyheter\/lokalt\/aemet-hojer-till-orange-vadervarning-pa-vastra-solkusten\/#primaryimage","url":"https:\/\/lightweb.dev\/l\/svm-temp\/wp-content\/uploads\/2025\/02\/svm20250203073727.webp","contentUrl":"https:\/\/lightweb.dev\/l\/svm-temp\/wp-content\/uploads\/2025\/02\/svm20250203073727.webp","width":900,"height":400,"caption":"(Foto: Aemet)"},{"@type":"BreadcrumbList","@id":"https:\/\/lightweb.dev\/l\/svm-temp\/nyheter\/lokalt\/aemet-hojer-till-orange-vadervarning-pa-vastra-solkusten\/#breadcrumb","itemListElement":[{"@type":"ListItem","position":1,"name":"Hem","item":"https:\/\/lightweb.dev\/l\/svm-temp\/"},{"@type":"ListItem","position":2,"name":"Aemet h\u00f6jde till orange v\u00e4dervarning p\u00e5 v\u00e4stra Solkusten"}]},{"@type":"WebSite","@id":"https:\/\/lightweb.dev\/l\/svm-temp\/#website","url":"https:\/\/lightweb.dev\/l\/svm-temp\/","name":"Svenska Magasinet","description":"Dina Spanska nyheter p&aring; Svenska","publisher":{"@id":"https:\/\/lightweb.dev\/l\/svm-temp\/#organization"},"potentialAction":[{"@type":"SearchAction","target":{"@type":"EntryPoint","urlTemplate":"https:\/\/lightweb.dev\/l\/svm-temp\/?s={search_term_string}"},"query-input":{"@type":"PropertyValueSpecification","valueRequired":true,"valueName":"search_term_string"}}],"inLanguage":"sv-SE"},{"@type":"Organization","@id":"https:\/\/lightweb.dev\/l\/svm-temp\/#organization","name":"Melkerson y Nott SL","alternateName":"Svenska Magasinet","url":"https:\/\/lightweb.dev\/l\/svm-temp\/","logo":{"@type":"ImageObject","inLanguage":"sv-SE","@id":"https:\/\/lightweb.dev\/l\/svm-temp\/#\/schema\/logo\/image\/","url":"https:\/\/lightweb.dev\/l\/svm-temp\/wp-content\/uploads\/2025\/02\/SvM-logo-Xtra-Centrerad-SVART.png","contentUrl":"https:\/\/lightweb.dev\/l\/svm-temp\/wp-content\/uploads\/2025\/02\/SvM-logo-Xtra-Centrerad-SVART.png","width":300,"height":99,"caption":"Melkerson y Nott SL"},"image":{"@id":"https:\/\/lightweb.dev\/l\/svm-temp\/#\/schema\/logo\/image\/"},"sameAs":["https:\/\/www.facebook.com\/svenskamagasinet","https:\/\/x.com\/SvenskaMagasine"]},{"@type":"Person","@id":"https:\/\/lightweb.dev\/l\/svm-temp\/#\/schema\/person\/7a82b8a73d171d32360a564b6d03508e","name":"Ola Josefsson","description":"Bevakar Solkusten och Spanien sedan 1994.","sameAs":["https:\/\/lightweb.dev\/l\/svm-temp"],"url":"https:\/\/lightweb.dev\/l\/svm-temp\/reporter\/ola-josefsson\/"}]}},"_links":{"self":[{"href":"https:\/\/lightweb.dev\/l\/svm-temp\/wp-json\/wp\/v2\/posts\/77921","targetHints":{"allow":["GET"]}}],"collection":[{"href":"https:\/\/lightweb.dev\/l\/svm-temp\/wp-json\/wp\/v2\/posts"}],"about":[{"href":"https:\/\/lightweb.dev\/l\/svm-temp\/wp-json\/wp\/v2\/types\/post"}],"author":[{"embeddable":true,"href":"https:\/\/lightweb.dev\/l\/svm-temp\/wp-json\/wp\/v2\/users\/7"}],"replies":[{"embeddable":true,"href":"https:\/\/lightweb.dev\/l\/svm-temp\/wp-json\/wp\/v2\/comments?post=77921"}],"version-history":[{"count":0,"href":"https:\/\/lightweb.dev\/l\/svm-temp\/wp-json\/wp\/v2\/posts\/77921\/revisions"}],"wp:featuredmedia":[{"embeddable":true,"href":"https:\/\/lightweb.dev\/l\/svm-temp\/wp-json\/wp\/v2\/media\/77920"}],"wp:attachment":[{"href":"https:\/\/lightweb.dev\/l\/svm-temp\/wp-json\/wp\/v2\/media?parent=77921"}],"wp:term":[{"taxonomy":"category","embeddable":true,"href":"https:\/\/lightweb.dev\/l\/svm-temp\/wp-json\/wp\/v2\/categories?post=77921"},{"taxonomy":"post_tag","embeddable":true,"href":"https:\/\/lightweb.dev\/l\/svm-temp\/wp-json\/wp\/v2\/tags?post=77921"}],"curies":[{"name":"wp","href":"https:\/\/api.w.org\/{rel}","templated":true}]}}