{"id":77935,"date":"2025-02-03T15:09:39","date_gmt":"2025-02-03T14:09:39","guid":{"rendered":"https:\/\/lightweb.dev\/l\/svm-temp\/?p=77935"},"modified":"2025-02-03T15:09:39","modified_gmt":"2025-02-03T14:09:39","slug":"aret-inleddes-med-hogre-inflation","status":"publish","type":"post","link":"https:\/\/lightweb.dev\/l\/svm-temp\/nyheter\/aret-inleddes-med-hogre-inflation\/","title":{"rendered":"\u00c5ret inleddes med h\u00f6gre inflation"},"content":{"rendered":"<p><strong>Inflationen \u00f6kade i slutet p\u00e5 2024, n\u00e5got som h\u00f6ll i sig under \u00e5rets f\u00f6rsta m\u00e5nad.\u00a0<\/strong><\/p>\n<p><span style=\"font-weight: 400;\"><strong>Det beror fr\u00e4mst p\u00e5 dyrare br\u00e4nsle och elektricitet.<\/strong>\u00a0<\/span><\/p>\n<p><span style=\"font-weight: 400;\">Priserna \u00f6kade i n\u00e5got l\u00e5ngsammare takt under 2024 men det nya \u00e5ret har b\u00f6rjat med en \u00f6kning. I januari steg inflationen med 0,2 procentenheter och landade 3 procent, fr\u00e4mst p\u00e5 grund av dyrare br\u00e4nsle och el. Det \u00e4r den h\u00f6gsta noteringen sedan juni f\u00f6rra \u00e5ret d\u00e5 en nedtrappning p\u00e5b\u00f6rjade som h\u00f6ll i sig fram till november innan utvecklingen v\u00e4nde igen i december. Uppgifterna kommer fr\u00e5n det nationella institutet f\u00f6r statistik (INE).\u00a0<\/span><\/p>\n<p><span style=\"font-weight: 400;\">Den upp\u00e5tg\u00e5ende trenden som b\u00f6rjade i december f\u00f6rra \u00e5ret h\u00f6ll allts\u00e5 i sig under \u00e5rets f\u00f6rsta m\u00e5nad. En stor del av f\u00f6rklaringen \u00e4r att momsen p\u00e5 el gick tillbaka till 21 procent efter att under flera \u00e5r varit reducerad till 10 procent.\u00a0<\/span><\/p>\n<p><span style=\"font-weight: 400;\">Priserna p\u00e5 br\u00e4nsle \u00f6kade \u00e4ven det och blev h\u00f6gre f\u00f6r sjunde veckan i rad. Data fr\u00e5n EU Oil Bulletin visar att en liter diesel blivit 0,6 procent dyrare i genomsnitt och ligger p\u00e5 1,51 euro per liter, den h\u00f6gsta noteringen sedan maj 2024. Samtidigt steg priser p\u00e5 en liter bensin under f\u00f6rra veckan med 0,5 procent j\u00e4mf\u00f6rt med veckan innan och kostar i genomsnitt 1,58 euro.\u00a0<\/span><\/p>\n<p><span style=\"font-weight: 400;\">Detta betyder att det kostar 82,94 euro att fylla en genomsnittlig tank med diesel, 1,16 euro mer \u00e4n f\u00f6r ett \u00e5r sedan. Samma siffror f\u00f6r en tank bensin \u00e4r 86,8 och 2,2 euro. Dessa priser \u00e4r dock l\u00e5ngt ifr\u00e5n toppen som n\u00e5ddes i juli 2022, p\u00e5 grund av energikrisen efter att Ryssland invaderade Ukraina, d\u00e5 bensin kostade 2,14 euro per liter och diesel 2,10.\u00a0\u00a0\u00a0\u00a0<\/span><\/p>\n<p><span style=\"font-weight: 400;\">Siffrorna \u00e4r \u00e4nnu inte fullst\u00e4ndiga d\u00e5 vi m\u00e5ste v\u00e4nta i tv\u00e5 veckor f\u00f6r att f\u00e5 se inflationen p\u00e5 mat. Eftersom \u00e4ven flera basvaror i butikerna hade reducerad moms fram till 31 december 2024 v\u00e4ntas den slutliga inflationen f\u00f6r januari bli \u00e4nnu h\u00f6gre.\u00a0<\/span><\/p>\n<h2><span style=\"font-weight: 400;\">Underliggande faktorer kontrollerade\u00a0<\/span><\/h2>\n<p><span style=\"font-weight: 400;\">Kriget i Ukraina fick k\u00e4rninflationen &#8211; den som exkluderar priser p\u00e5 el och f\u00e4rska livsmedel &#8211; att f\u00f6r f\u00f6rsta g\u00e5ngen n\u00e5gonsin ligga h\u00f6gre \u00e4n den totala niv\u00e5n. Den trenden h\u00f6ll i sig till f\u00f6r bara tv\u00e5 m\u00e5nader sedan. I november var k\u00e4rninflationen och den totala p\u00e5 samma niv\u00e5. Den fortsatte att falla i januari och ligger nu p\u00e5 2,4 procent, 0,6 procentenheter under den totala.\u00a0<\/span><\/p>\n<p><span style=\"font-weight: 400;\">I slutet av f\u00f6rra \u00e5ret hade den \u00e5rliga inflationen sjunkit till 2,8 procent, n\u00e4stan en hel enhet l\u00e4gre \u00e4n 2023.\u00a0<\/span><\/p>\n<p><span style=\"font-weight: 400;\">\u00c4ven om det finns en bit kvar s\u00e5 n\u00e4rmar sig Spanien allts\u00e5 det m\u00e5l som Europeiska Centralbanken (ECB) om en inflation p\u00e5 2 procent. <\/span><\/p>\n","protected":false},"excerpt":{"rendered":"<p>Inflationen \u00f6kade i slutet p\u00e5 2024, n\u00e5got som h\u00f6ll i sig under \u00e5rets f\u00f6rsta m\u00e5nad.\u00a0Det beror fr\u00e4mst p\u00e5 dyrare br\u00e4nsle och elektricitet.<\/p>\n","protected":false},"author":14,"featured_media":55123,"comment_status":"closed","ping_status":"closed","sticky":false,"template":"","format":"standard","meta":{"_et_pb_use_builder":"","_et_pb_old_content":"","_et_gb_content_width":"","footnotes":""},"categories":[351,3],"tags":[],"class_list":["post-77935","post","type-post","status-publish","format-standard","has-post-thumbnail","hentry","category-ekonomi-nyheter","category-nyheter"],"yoast_head":"<!-- This site is optimized with the Yoast SEO Premium plugin v26.2 (Yoast SEO v27.4) - https:\/\/yoast.com\/product\/yoast-seo-premium-wordpress\/ -->\n<title>\u00c5ret inleddes med h\u00f6gre inflation - Svenska Magasinet<\/title>\n<meta name=\"robots\" content=\"noindex, follow, max-snippet:-1, max-image-preview:large, max-video-preview:-1\" \/>\n<meta property=\"og:locale\" content=\"sv_SE\" \/>\n<meta property=\"og:type\" content=\"article\" \/>\n<meta property=\"og:title\" content=\"\u00c5ret inleddes med h\u00f6gre inflation\" \/>\n<meta property=\"og:description\" content=\"Inflationen \u00f6kade i slutet p\u00e5 2024, n\u00e5got som h\u00f6ll i sig under \u00e5rets f\u00f6rsta m\u00e5nad.\u00a0Det beror fr\u00e4mst p\u00e5 dyrare br\u00e4nsle och elektricitet.\" \/>\n<meta property=\"og:url\" content=\"https:\/\/lightweb.dev\/l\/svm-temp\/nyheter\/aret-inleddes-med-hogre-inflation\/\" \/>\n<meta property=\"og:site_name\" content=\"Svenska Magasinet\" \/>\n<meta property=\"article:publisher\" content=\"https:\/\/www.facebook.com\/svenskamagasinet\" \/>\n<meta property=\"article:published_time\" content=\"2025-02-03T14:09:39+00:00\" \/>\n<meta property=\"og:image\" content=\"https:\/\/lightweb.dev\/l\/svm-temp\/wp-content\/uploads\/2022\/06\/inflation-spanien.jpg\" \/>\n\t<meta property=\"og:image:width\" content=\"1228\" \/>\n\t<meta property=\"og:image:height\" content=\"800\" \/>\n\t<meta property=\"og:image:type\" content=\"image\/jpeg\" \/>\n<meta name=\"author\" content=\"Robbie Eriksson\" \/>\n<meta name=\"twitter:card\" content=\"summary_large_image\" \/>\n<meta name=\"twitter:creator\" content=\"@SvenskaMagasine\" \/>\n<meta name=\"twitter:site\" content=\"@SvenskaMagasine\" \/>\n<script type=\"application\/ld+json\" class=\"yoast-schema-graph\">{\"@context\":\"https:\\\/\\\/schema.org\",\"@graph\":[{\"@type\":\"Article\",\"@id\":\"https:\\\/\\\/lightweb.dev\\\/l\\\/svm-temp\\\/nyheter\\\/aret-inleddes-med-hogre-inflation\\\/#article\",\"isPartOf\":{\"@id\":\"https:\\\/\\\/lightweb.dev\\\/l\\\/svm-temp\\\/nyheter\\\/aret-inleddes-med-hogre-inflation\\\/\"},\"author\":{\"name\":\"Robbie Eriksson\",\"@id\":\"https:\\\/\\\/lightweb.dev\\\/l\\\/svm-temp\\\/#\\\/schema\\\/person\\\/caffe038990d25722f5a04a03c906a2b\"},\"headline\":\"\u00c5ret inleddes med h\u00f6gre inflation\",\"datePublished\":\"2025-02-03T14:09:39+00:00\",\"mainEntityOfPage\":{\"@id\":\"https:\\\/\\\/lightweb.dev\\\/l\\\/svm-temp\\\/nyheter\\\/aret-inleddes-med-hogre-inflation\\\/\"},\"wordCount\":465,\"publisher\":{\"@id\":\"https:\\\/\\\/lightweb.dev\\\/l\\\/svm-temp\\\/#organization\"},\"image\":{\"@id\":\"https:\\\/\\\/lightweb.dev\\\/l\\\/svm-temp\\\/nyheter\\\/aret-inleddes-med-hogre-inflation\\\/#primaryimage\"},\"thumbnailUrl\":\"https:\\\/\\\/lightweb.dev\\\/l\\\/svm-temp\\\/wp-content\\\/uploads\\\/2022\\\/06\\\/inflation-spanien.jpg\",\"articleSection\":[\"Ekonomi\",\"Nyheter\"],\"inLanguage\":\"sv-SE\"},{\"@type\":\"WebPage\",\"@id\":\"https:\\\/\\\/lightweb.dev\\\/l\\\/svm-temp\\\/nyheter\\\/aret-inleddes-med-hogre-inflation\\\/\",\"url\":\"https:\\\/\\\/lightweb.dev\\\/l\\\/svm-temp\\\/nyheter\\\/aret-inleddes-med-hogre-inflation\\\/\",\"name\":\"\u00c5ret inleddes med h\u00f6gre inflation - Svenska Magasinet\",\"isPartOf\":{\"@id\":\"https:\\\/\\\/lightweb.dev\\\/l\\\/svm-temp\\\/#website\"},\"primaryImageOfPage\":{\"@id\":\"https:\\\/\\\/lightweb.dev\\\/l\\\/svm-temp\\\/nyheter\\\/aret-inleddes-med-hogre-inflation\\\/#primaryimage\"},\"image\":{\"@id\":\"https:\\\/\\\/lightweb.dev\\\/l\\\/svm-temp\\\/nyheter\\\/aret-inleddes-med-hogre-inflation\\\/#primaryimage\"},\"thumbnailUrl\":\"https:\\\/\\\/lightweb.dev\\\/l\\\/svm-temp\\\/wp-content\\\/uploads\\\/2022\\\/06\\\/inflation-spanien.jpg\",\"datePublished\":\"2025-02-03T14:09:39+00:00\",\"breadcrumb\":{\"@id\":\"https:\\\/\\\/lightweb.dev\\\/l\\\/svm-temp\\\/nyheter\\\/aret-inleddes-med-hogre-inflation\\\/#breadcrumb\"},\"inLanguage\":\"sv-SE\",\"potentialAction\":[{\"@type\":\"ReadAction\",\"target\":[\"https:\\\/\\\/lightweb.dev\\\/l\\\/svm-temp\\\/nyheter\\\/aret-inleddes-med-hogre-inflation\\\/\"]}]},{\"@type\":\"ImageObject\",\"inLanguage\":\"sv-SE\",\"@id\":\"https:\\\/\\\/lightweb.dev\\\/l\\\/svm-temp\\\/nyheter\\\/aret-inleddes-med-hogre-inflation\\\/#primaryimage\",\"url\":\"https:\\\/\\\/lightweb.dev\\\/l\\\/svm-temp\\\/wp-content\\\/uploads\\\/2022\\\/06\\\/inflation-spanien.jpg\",\"contentUrl\":\"https:\\\/\\\/lightweb.dev\\\/l\\\/svm-temp\\\/wp-content\\\/uploads\\\/2022\\\/06\\\/inflation-spanien.jpg\",\"width\":1228,\"height\":800,\"caption\":\"Inflation\"},{\"@type\":\"BreadcrumbList\",\"@id\":\"https:\\\/\\\/lightweb.dev\\\/l\\\/svm-temp\\\/nyheter\\\/aret-inleddes-med-hogre-inflation\\\/#breadcrumb\",\"itemListElement\":[{\"@type\":\"ListItem\",\"position\":1,\"name\":\"Hem\",\"item\":\"https:\\\/\\\/lightweb.dev\\\/l\\\/svm-temp\\\/\"},{\"@type\":\"ListItem\",\"position\":2,\"name\":\"\u00c5ret inleddes med h\u00f6gre inflation\"}]},{\"@type\":\"WebSite\",\"@id\":\"https:\\\/\\\/lightweb.dev\\\/l\\\/svm-temp\\\/#website\",\"url\":\"https:\\\/\\\/lightweb.dev\\\/l\\\/svm-temp\\\/\",\"name\":\"Svenska Magasinet\",\"description\":\"Dina Spanska nyheter p&aring; Svenska\",\"publisher\":{\"@id\":\"https:\\\/\\\/lightweb.dev\\\/l\\\/svm-temp\\\/#organization\"},\"potentialAction\":[{\"@type\":\"SearchAction\",\"target\":{\"@type\":\"EntryPoint\",\"urlTemplate\":\"https:\\\/\\\/lightweb.dev\\\/l\\\/svm-temp\\\/?s={search_term_string}\"},\"query-input\":{\"@type\":\"PropertyValueSpecification\",\"valueRequired\":true,\"valueName\":\"search_term_string\"}}],\"inLanguage\":\"sv-SE\"},{\"@type\":\"Organization\",\"@id\":\"https:\\\/\\\/lightweb.dev\\\/l\\\/svm-temp\\\/#organization\",\"name\":\"Melkerson y Nott SL\",\"alternateName\":\"Svenska Magasinet\",\"url\":\"https:\\\/\\\/lightweb.dev\\\/l\\\/svm-temp\\\/\",\"logo\":{\"@type\":\"ImageObject\",\"inLanguage\":\"sv-SE\",\"@id\":\"https:\\\/\\\/lightweb.dev\\\/l\\\/svm-temp\\\/#\\\/schema\\\/logo\\\/image\\\/\",\"url\":\"https:\\\/\\\/lightweb.dev\\\/l\\\/svm-temp\\\/wp-content\\\/uploads\\\/2025\\\/02\\\/SvM-logo-Xtra-Centrerad-SVART.png\",\"contentUrl\":\"https:\\\/\\\/lightweb.dev\\\/l\\\/svm-temp\\\/wp-content\\\/uploads\\\/2025\\\/02\\\/SvM-logo-Xtra-Centrerad-SVART.png\",\"width\":300,\"height\":99,\"caption\":\"Melkerson y Nott SL\"},\"image\":{\"@id\":\"https:\\\/\\\/lightweb.dev\\\/l\\\/svm-temp\\\/#\\\/schema\\\/logo\\\/image\\\/\"},\"sameAs\":[\"https:\\\/\\\/www.facebook.com\\\/svenskamagasinet\",\"https:\\\/\\\/x.com\\\/SvenskaMagasine\"]},{\"@type\":\"Person\",\"@id\":\"https:\\\/\\\/lightweb.dev\\\/l\\\/svm-temp\\\/#\\\/schema\\\/person\\\/caffe038990d25722f5a04a03c906a2b\",\"name\":\"Robbie Eriksson\",\"sameAs\":[\"https:\\\/\\\/lightweb.dev\\\/l\\\/svm-temp\"],\"url\":\"https:\\\/\\\/lightweb.dev\\\/l\\\/svm-temp\\\/reporter\\\/robbie-eriksson\\\/\"}]}<\/script>\n<!-- \/ Yoast SEO Premium plugin. -->","yoast_head_json":{"title":"\u00c5ret inleddes med h\u00f6gre inflation - Svenska Magasinet","robots":{"index":"noindex","follow":"follow","max-snippet":"max-snippet:-1","max-image-preview":"max-image-preview:large","max-video-preview":"max-video-preview:-1"},"og_locale":"sv_SE","og_type":"article","og_title":"\u00c5ret inleddes med h\u00f6gre inflation","og_description":"Inflationen \u00f6kade i slutet p\u00e5 2024, n\u00e5got som h\u00f6ll i sig under \u00e5rets f\u00f6rsta m\u00e5nad.\u00a0Det beror fr\u00e4mst p\u00e5 dyrare br\u00e4nsle och elektricitet.","og_url":"https:\/\/lightweb.dev\/l\/svm-temp\/nyheter\/aret-inleddes-med-hogre-inflation\/","og_site_name":"Svenska Magasinet","article_publisher":"https:\/\/www.facebook.com\/svenskamagasinet","article_published_time":"2025-02-03T14:09:39+00:00","og_image":[{"width":1228,"height":800,"url":"https:\/\/lightweb.dev\/l\/svm-temp\/wp-content\/uploads\/2022\/06\/inflation-spanien.jpg","type":"image\/jpeg"}],"author":"Robbie Eriksson","twitter_card":"summary_large_image","twitter_creator":"@SvenskaMagasine","twitter_site":"@SvenskaMagasine","schema":{"@context":"https:\/\/schema.org","@graph":[{"@type":"Article","@id":"https:\/\/lightweb.dev\/l\/svm-temp\/nyheter\/aret-inleddes-med-hogre-inflation\/#article","isPartOf":{"@id":"https:\/\/lightweb.dev\/l\/svm-temp\/nyheter\/aret-inleddes-med-hogre-inflation\/"},"author":{"name":"Robbie Eriksson","@id":"https:\/\/lightweb.dev\/l\/svm-temp\/#\/schema\/person\/caffe038990d25722f5a04a03c906a2b"},"headline":"\u00c5ret inleddes med h\u00f6gre inflation","datePublished":"2025-02-03T14:09:39+00:00","mainEntityOfPage":{"@id":"https:\/\/lightweb.dev\/l\/svm-temp\/nyheter\/aret-inleddes-med-hogre-inflation\/"},"wordCount":465,"publisher":{"@id":"https:\/\/lightweb.dev\/l\/svm-temp\/#organization"},"image":{"@id":"https:\/\/lightweb.dev\/l\/svm-temp\/nyheter\/aret-inleddes-med-hogre-inflation\/#primaryimage"},"thumbnailUrl":"https:\/\/lightweb.dev\/l\/svm-temp\/wp-content\/uploads\/2022\/06\/inflation-spanien.jpg","articleSection":["Ekonomi","Nyheter"],"inLanguage":"sv-SE"},{"@type":"WebPage","@id":"https:\/\/lightweb.dev\/l\/svm-temp\/nyheter\/aret-inleddes-med-hogre-inflation\/","url":"https:\/\/lightweb.dev\/l\/svm-temp\/nyheter\/aret-inleddes-med-hogre-inflation\/","name":"\u00c5ret inleddes med h\u00f6gre inflation - Svenska Magasinet","isPartOf":{"@id":"https:\/\/lightweb.dev\/l\/svm-temp\/#website"},"primaryImageOfPage":{"@id":"https:\/\/lightweb.dev\/l\/svm-temp\/nyheter\/aret-inleddes-med-hogre-inflation\/#primaryimage"},"image":{"@id":"https:\/\/lightweb.dev\/l\/svm-temp\/nyheter\/aret-inleddes-med-hogre-inflation\/#primaryimage"},"thumbnailUrl":"https:\/\/lightweb.dev\/l\/svm-temp\/wp-content\/uploads\/2022\/06\/inflation-spanien.jpg","datePublished":"2025-02-03T14:09:39+00:00","breadcrumb":{"@id":"https:\/\/lightweb.dev\/l\/svm-temp\/nyheter\/aret-inleddes-med-hogre-inflation\/#breadcrumb"},"inLanguage":"sv-SE","potentialAction":[{"@type":"ReadAction","target":["https:\/\/lightweb.dev\/l\/svm-temp\/nyheter\/aret-inleddes-med-hogre-inflation\/"]}]},{"@type":"ImageObject","inLanguage":"sv-SE","@id":"https:\/\/lightweb.dev\/l\/svm-temp\/nyheter\/aret-inleddes-med-hogre-inflation\/#primaryimage","url":"https:\/\/lightweb.dev\/l\/svm-temp\/wp-content\/uploads\/2022\/06\/inflation-spanien.jpg","contentUrl":"https:\/\/lightweb.dev\/l\/svm-temp\/wp-content\/uploads\/2022\/06\/inflation-spanien.jpg","width":1228,"height":800,"caption":"Inflation"},{"@type":"BreadcrumbList","@id":"https:\/\/lightweb.dev\/l\/svm-temp\/nyheter\/aret-inleddes-med-hogre-inflation\/#breadcrumb","itemListElement":[{"@type":"ListItem","position":1,"name":"Hem","item":"https:\/\/lightweb.dev\/l\/svm-temp\/"},{"@type":"ListItem","position":2,"name":"\u00c5ret inleddes med h\u00f6gre inflation"}]},{"@type":"WebSite","@id":"https:\/\/lightweb.dev\/l\/svm-temp\/#website","url":"https:\/\/lightweb.dev\/l\/svm-temp\/","name":"Svenska Magasinet","description":"Dina Spanska nyheter p&aring; Svenska","publisher":{"@id":"https:\/\/lightweb.dev\/l\/svm-temp\/#organization"},"potentialAction":[{"@type":"SearchAction","target":{"@type":"EntryPoint","urlTemplate":"https:\/\/lightweb.dev\/l\/svm-temp\/?s={search_term_string}"},"query-input":{"@type":"PropertyValueSpecification","valueRequired":true,"valueName":"search_term_string"}}],"inLanguage":"sv-SE"},{"@type":"Organization","@id":"https:\/\/lightweb.dev\/l\/svm-temp\/#organization","name":"Melkerson y Nott SL","alternateName":"Svenska Magasinet","url":"https:\/\/lightweb.dev\/l\/svm-temp\/","logo":{"@type":"ImageObject","inLanguage":"sv-SE","@id":"https:\/\/lightweb.dev\/l\/svm-temp\/#\/schema\/logo\/image\/","url":"https:\/\/lightweb.dev\/l\/svm-temp\/wp-content\/uploads\/2025\/02\/SvM-logo-Xtra-Centrerad-SVART.png","contentUrl":"https:\/\/lightweb.dev\/l\/svm-temp\/wp-content\/uploads\/2025\/02\/SvM-logo-Xtra-Centrerad-SVART.png","width":300,"height":99,"caption":"Melkerson y Nott SL"},"image":{"@id":"https:\/\/lightweb.dev\/l\/svm-temp\/#\/schema\/logo\/image\/"},"sameAs":["https:\/\/www.facebook.com\/svenskamagasinet","https:\/\/x.com\/SvenskaMagasine"]},{"@type":"Person","@id":"https:\/\/lightweb.dev\/l\/svm-temp\/#\/schema\/person\/caffe038990d25722f5a04a03c906a2b","name":"Robbie Eriksson","sameAs":["https:\/\/lightweb.dev\/l\/svm-temp"],"url":"https:\/\/lightweb.dev\/l\/svm-temp\/reporter\/robbie-eriksson\/"}]}},"_links":{"self":[{"href":"https:\/\/lightweb.dev\/l\/svm-temp\/wp-json\/wp\/v2\/posts\/77935","targetHints":{"allow":["GET"]}}],"collection":[{"href":"https:\/\/lightweb.dev\/l\/svm-temp\/wp-json\/wp\/v2\/posts"}],"about":[{"href":"https:\/\/lightweb.dev\/l\/svm-temp\/wp-json\/wp\/v2\/types\/post"}],"author":[{"embeddable":true,"href":"https:\/\/lightweb.dev\/l\/svm-temp\/wp-json\/wp\/v2\/users\/14"}],"replies":[{"embeddable":true,"href":"https:\/\/lightweb.dev\/l\/svm-temp\/wp-json\/wp\/v2\/comments?post=77935"}],"version-history":[{"count":0,"href":"https:\/\/lightweb.dev\/l\/svm-temp\/wp-json\/wp\/v2\/posts\/77935\/revisions"}],"wp:featuredmedia":[{"embeddable":true,"href":"https:\/\/lightweb.dev\/l\/svm-temp\/wp-json\/wp\/v2\/media\/55123"}],"wp:attachment":[{"href":"https:\/\/lightweb.dev\/l\/svm-temp\/wp-json\/wp\/v2\/media?parent=77935"}],"wp:term":[{"taxonomy":"category","embeddable":true,"href":"https:\/\/lightweb.dev\/l\/svm-temp\/wp-json\/wp\/v2\/categories?post=77935"},{"taxonomy":"post_tag","embeddable":true,"href":"https:\/\/lightweb.dev\/l\/svm-temp\/wp-json\/wp\/v2\/tags?post=77935"}],"curies":[{"name":"wp","href":"https:\/\/api.w.org\/{rel}","templated":true}]}}