{"id":7870,"date":"2021-01-12T00:00:00","date_gmt":"2021-01-11T23:00:00","guid":{"rendered":"https:\/\/lightweb.dev\/l\/svm-temp\/spanien-just-nu-vaxxie\/"},"modified":"2021-01-12T00:00:00","modified_gmt":"2021-01-11T23:00:00","slug":"spanien-just-nu-vaxxie","status":"publish","type":"post","link":"https:\/\/lightweb.dev\/l\/svm-temp\/artiklar\/spanien-just-nu-vaxxie\/","title":{"rendered":"Spanien just nu \u2013 vaxxie"},"content":{"rendered":"<p> F\u00f6re ny\u00e5ret b\u00f6rjade bilderna dyka upp i fl\u00f6det. S\u00e5 v\u00e4nj dig. Efter miljontals selfie med munskydd s\u00e5 v\u00e4ntar n\u00e4sta inl\u00e4gg p\u00e5 sociala medier p\u00e5 n\u00e5gon som f\u00e5r en spruta och stick i armen, en s\u00e5 kallad vaxxie. Av Ola Josefsson<br \/>\nP\u00e5 Twitter: @JosefssonOla<\/p>\n<p>De regionala Folkh\u00e4lsov\u00e5rdsmyndigheterna har publicerat prioriteringsf\u00f6rslag och turordning medan vaccinet tillverkas och levereras allt eftersom. \u00c4ldre vid s\u00e4rskilt boende och de som h\u00e5ller andra vid liv st\u00e5r f\u00f6rst p\u00e5 listan.<\/p>\n<p>Sedan f\u00f6ljer riskgrupper \u00f6ver en viss \u00e5lder och h\u00e4r g\u00e5r meningarna is\u00e4r. Spanien r\u00e4knar riskgrupper som de \u00f6ver 65 \u00e5r. I Storbritannien \u00e4r 80+:arna i den f\u00f6rsta gruppen medan Sverige startar fr\u00e5n 70+.<\/p>\n<p>Mellan f\u00f6rsommaren och eftersommaren blir det intressant d\u00e5 massvaccinationen tar fart p\u00e5 allvar. Kommer n\u00e5gra yrkesgrupper att g\u00e5 f\u00f6re andra? Vilken turordning kommer att g\u00e4lla? Unga vuxna f\u00f6re medel\u00e5lders eller tv\u00e4rtom?<\/p>\n<p>Kanske det \u00e4r unga vuxna som b\u00f6r st\u00e5 p\u00e5 tur. Det vill s\u00e4ga corona-generationen, de som kommer att leva l\u00e4ngst med konsekvenserna av covid-19-pandemin i form av h\u00e5rt arbete, skatter, avgifter och betala av p\u00e5 statsskulden som just nu bara v\u00e4xer n\u00e4r spanska staten l\u00e5nar som aldrig f\u00f6rr. Knappast n\u00e5got som de \u00e4ldre beh\u00f6ver bekymra sig f\u00f6r. I framtiden.<\/p>\n<p>Det finns unders\u00f6kningar som visar att det \u00e4r unga m\u00e4nniskor p\u00e5verkats s\u00e4rskilt av pandemin och har m\u00e5tt s\u00e4mst. M\u00e5nga upplever att b\u00e5de den fysiska och psykiska h\u00e4lsan har f\u00f6rs\u00e4mrats.<\/p>\n<p>L\u00e4gg till restriktioner som p\u00e5tvingad eller frivillig isolering och nedst\u00e4ngningar av gym och tr\u00e4ningsanl\u00e4ggningar som f\u00e5tt direkta konsekvenser p\u00e5 folkh\u00e4lsan. Forskning visar att det bidrar till psykisk oh\u00e4lsa, missbruk och andra sjukdomar som \u00e4r relaterade till d\u00f6dsfall i f\u00f6rtid. Det g\u00e4ller de som har 30 till 60 \u00e5r kvar att leva, j\u00e4mf\u00f6rt med de \u00e5ldersgrupper som drabbats av covid-19.<\/p>\n<p>Hittills har det varit en sv\u00e5r balansg\u00e5ng f\u00f6r unga vuxna att g\u00e5. De har f\u00e5tt ikl\u00e4 sig rollen som syndabockar under pandemin, som struntar i restriktioner med \u00f6kad smittspridning som f\u00f6ljd. Av den anledningen borde dessa vaccineras tidigt.<\/p>\n<p>Och hur blir det med Spaniensvenskarna? Omkring 90.000 svenskar har en anknytning till Spanien enligt svenska myndigheter. Vi \u00e4r n\u00e5gra stycken som har valt att stanna i Spanien under pandemin. Jag m\u00f6ter dem regelbundet p\u00e5 paseon under powerwalken eller tr\u00e4ningsrundan. Glada och s\u00e4kra med att vara i Spanien.<\/p>\n<p>Kommer vi att bli vaccinerade mot covid-19 h\u00e4r i Spanien, \u00e4r en vanlig fr\u00e5ga. \u00c4ven svenska medborgare \u00f6ver 65 \u00e5r med hemvist i Spanien ing\u00e5r i de f\u00f6rsta grupperna under v\u00e5ren. \u00d6vriga l\u00e4r f\u00e5 v\u00e4nta.<\/p>\n<p>Det finns en medvetenhet om behovet av att undvika riskfyllda situationer vilket har bidragit till f\u00e4rre sociala kontakter. Jag l\u00e4gger ocks\u00e5 m\u00e4rke till svenskars solidaritet och st\u00f6d till familje\u00e4gda caf\u00e9er, tapasbarer, fiskaff\u00e4rer, bagerier, restauranger och butiker som riskerar att f\u00e5 st\u00e4nga ned med betydande f\u00f6rluster om kunderna upph\u00f6r.<\/p>\n<p>Sedan pandemistarten har vi gjort br\u00f6dink\u00f6p i kvarterets bageri. Den f\u00e4rska fisken har inhandlats i den lokala fiskaff\u00e4ren. Vi har gjort ink\u00f6p som vanligt hos gr\u00f6nsakshandlaren och i kvarterets livsmedelsbutik. Och st\u00f6ttat lunchbarer med \u201dmeny del d\u00eda\u201d.<\/p>\n<p>Det blir n\u00e5gra uppmuntrande ord vid varje bes\u00f6k. Och leenden. Det \u00e4r s\u00e5 det civila samh\u00e4llet fungerar.<\/p>\n<p>Vi har ocks\u00e5 skakat p\u00e5 huvudet \u00e5t restriktioner och begr\u00e4nsningar som inf\u00f6rts. N\u00e5gra kan vi verkligen s\u00e4tta fr\u00e5getecken kring. Fokus tycks ha legat p\u00e5 perimeterkarant\u00e4n och att st\u00e4nga ned barer, caf\u00e9er, restauranger och butiker.<\/p>\n<p>Men varf\u00f6r st\u00e4nga ned barer och restauranger som redan \u00e4r halvtomma, g\u00e5r p\u00e5 kn\u00e4na och knappast k\u00e4nnetecknas av tr\u00e4ngsel.<\/p>\n<p>Varf\u00f6r st\u00e4nga ett caf\u00e9 klockan sex p\u00e5 eftermiddagen och inte vid \u00e5tta? Varf\u00f6r kan butiker vara \u00f6ppna klockan fem p\u00e5 eftermiddagen men nedst\u00e4ngda en timme senare?<\/p>\n<p>F\u00f6rutom covid-19-pandemi har \u00e4ven en pandemi av nedst\u00e4ngningar svept \u00f6ver Spanien. Regisserade av landets 17 regioner f\u00f6r att verka handlingskraftiga. Var och en p\u00e5 sitt s\u00e4tt genom perimeterkarant\u00e4n f\u00f6r kommun och region och uteg\u00e5ngsf\u00f6rbud. Aldrig under tidigare pandemier som asiaten och Hongkonginfluensan har s\u00e5dana h\u00e4r nedst\u00e4ngningar inf\u00f6rts.<\/p>\n<p>Det finns ny forskning som har utv\u00e4rderat vilka av de \u00e5tg\u00e4rder som inf\u00f6rts av olika l\u00e4nder som \u00e4r de mest effektiva f\u00f6r att bromsa smittspridningen. Tidskriften Science har analyserat utbrottet av covid-19 i 41 l\u00e4nder under v\u00e5ren.<\/p>\n<p>Forskarna har funnit att en begr\u00e4nsning av sammankomster till max tio personer var kopplat till den st\u00f6rsta minskningen av det s\u00e5 kallade R-talet, som representerar hur m\u00e5nga personer som varje infekterad individ i genomsnitt f\u00f6r vidare smittan till.<\/p>\n<p>S\u00e5 n\u00e4r Andalusien och andra regioner tagit beslut om att max tio personer f\u00e5r samlas s\u00e5 finns det allts\u00e5 ett vetenskapligt st\u00f6d f\u00f6r det. Om redan halvtomma barer eller restauranger h\u00e5ller \u00f6ppet till klockan 23 eller 18 g\u00f6r varken fr\u00e5n eller till. Det \u00e4r antalet personer som samlas som \u00e4r det avg\u00f6rande.<\/p>\n<p>S\u00e5 vi inv\u00e4ntar v\u00e5r tid f\u00f6r en \u201dvaxxie\u201d och vi bjuder p\u00e5 ett solidariskt varmt leende i bageriet, fiskaff\u00e4ren eller hos kvarterets gr\u00f6nsakshandlare. Det har aldrig varit viktigare \u00e4n just nu.<\/p>\n","protected":false},"excerpt":{"rendered":"<p>F\u00f6re ny\u00e5ret b\u00f6rjade bilderna dyka upp i fl\u00f6det. S\u00e5 v\u00e4nj dig. Efter miljontals selfie med munskydd s\u00e5 v\u00e4ntar n\u00e4sta inl\u00e4gg p\u00e5 sociala medier p\u00e5 n\u00e5gon som f\u00e5r en spruta och stick i armen, en s\u00e5 kallad vaxxie. Av Ola Josefsson P\u00e5 Twitter: @JosefssonOla De regionala Folkh\u00e4lsov\u00e5rdsmyndigheterna har publicerat prioriteringsf\u00f6rslag och turordning medan vaccinet tillverkas och [&hellip;]<\/p>\n","protected":false},"author":8,"featured_media":7871,"comment_status":"open","ping_status":"open","sticky":false,"template":"","format":"standard","meta":{"_et_pb_use_builder":"","_et_pb_old_content":"","_et_gb_content_width":"","footnotes":""},"categories":[4,36],"tags":[],"class_list":["post-7870","post","type-post","status-publish","format-standard","has-post-thumbnail","hentry","category-artiklar","category-spanien-just-nu"],"yoast_head":"<!-- This site is optimized with the Yoast SEO Premium plugin v26.2 (Yoast SEO v28.2) - https:\/\/yoast.com\/product\/yoast-seo-premium-wordpress\/ -->\n<title>Spanien just nu \u2013 vaxxie - Svenska Magasinet<\/title>\n<meta name=\"robots\" content=\"noindex, follow, max-snippet:-1, max-image-preview:large, max-video-preview:-1\" \/>\n<meta property=\"og:locale\" content=\"sv_SE\" \/>\n<meta property=\"og:type\" content=\"article\" \/>\n<meta property=\"og:title\" content=\"Spanien just nu \u2013 vaxxie\" \/>\n<meta property=\"og:description\" content=\"F\u00f6re ny\u00e5ret b\u00f6rjade bilderna dyka upp i fl\u00f6det. S\u00e5 v\u00e4nj dig. Efter miljontals selfie med munskydd s\u00e5 v\u00e4ntar n\u00e4sta inl\u00e4gg p\u00e5 sociala medier p\u00e5 n\u00e5gon som f\u00e5r en spruta och stick i armen, en s\u00e5 kallad vaxxie. Av Ola Josefsson P\u00e5 Twitter: @JosefssonOla De regionala Folkh\u00e4lsov\u00e5rdsmyndigheterna har publicerat prioriteringsf\u00f6rslag och turordning medan vaccinet tillverkas och [&hellip;]\" \/>\n<meta property=\"og:url\" content=\"https:\/\/lightweb.dev\/l\/svm-temp\/artiklar\/spanien-just-nu-vaxxie\/\" \/>\n<meta property=\"og:site_name\" content=\"Svenska Magasinet\" \/>\n<meta property=\"article:publisher\" content=\"https:\/\/www.facebook.com\/svenskamagasinet\" \/>\n<meta property=\"article:published_time\" content=\"2021-01-11T23:00:00+00:00\" \/>\n<meta property=\"og:image\" content=\"https:\/\/lightweb.dev\/l\/svm-temp\/wp-content\/uploads\/2022\/04\/spanien-just-nu-vaxxie.png\" \/>\n\t<meta property=\"og:image:width\" content=\"514\" \/>\n\t<meta property=\"og:image:height\" content=\"200\" \/>\n\t<meta property=\"og:image:type\" content=\"image\/png\" \/>\n<meta name=\"author\" content=\"Redaktionen SvM\" \/>\n<meta name=\"twitter:card\" content=\"summary_large_image\" \/>\n<meta name=\"twitter:creator\" content=\"@SvenskaMagasine\" \/>\n<meta name=\"twitter:site\" content=\"@SvenskaMagasine\" \/>\n<script type=\"application\/ld+json\" class=\"yoast-schema-graph\">{\"@context\":\"https:\\\/\\\/schema.org\",\"@graph\":[{\"@type\":\"Article\",\"@id\":\"https:\\\/\\\/lightweb.dev\\\/l\\\/svm-temp\\\/artiklar\\\/spanien-just-nu-vaxxie\\\/#article\",\"isPartOf\":{\"@id\":\"https:\\\/\\\/lightweb.dev\\\/l\\\/svm-temp\\\/artiklar\\\/spanien-just-nu-vaxxie\\\/\"},\"author\":{\"name\":\"Redaktionen SvM\",\"@id\":\"https:\\\/\\\/lightweb.dev\\\/l\\\/svm-temp\\\/#\\\/schema\\\/person\\\/206a3bda5b607b0c25e1749191e4d837\"},\"headline\":\"Spanien just nu \u2013 vaxxie\",\"datePublished\":\"2021-01-11T23:00:00+00:00\",\"mainEntityOfPage\":{\"@id\":\"https:\\\/\\\/lightweb.dev\\\/l\\\/svm-temp\\\/artiklar\\\/spanien-just-nu-vaxxie\\\/\"},\"wordCount\":944,\"commentCount\":0,\"publisher\":{\"@id\":\"https:\\\/\\\/lightweb.dev\\\/l\\\/svm-temp\\\/#organization\"},\"image\":{\"@id\":\"https:\\\/\\\/lightweb.dev\\\/l\\\/svm-temp\\\/artiklar\\\/spanien-just-nu-vaxxie\\\/#primaryimage\"},\"thumbnailUrl\":\"https:\\\/\\\/lightweb.dev\\\/l\\\/svm-temp\\\/wp-content\\\/uploads\\\/2022\\\/04\\\/spanien-just-nu-vaxxie.png\",\"articleSection\":[\"Artiklar\",\"Spanien just nu\"],\"inLanguage\":\"sv-SE\"},{\"@type\":\"WebPage\",\"@id\":\"https:\\\/\\\/lightweb.dev\\\/l\\\/svm-temp\\\/artiklar\\\/spanien-just-nu-vaxxie\\\/\",\"url\":\"https:\\\/\\\/lightweb.dev\\\/l\\\/svm-temp\\\/artiklar\\\/spanien-just-nu-vaxxie\\\/\",\"name\":\"Spanien just nu \u2013 vaxxie - Svenska Magasinet\",\"isPartOf\":{\"@id\":\"https:\\\/\\\/lightweb.dev\\\/l\\\/svm-temp\\\/#website\"},\"primaryImageOfPage\":{\"@id\":\"https:\\\/\\\/lightweb.dev\\\/l\\\/svm-temp\\\/artiklar\\\/spanien-just-nu-vaxxie\\\/#primaryimage\"},\"image\":{\"@id\":\"https:\\\/\\\/lightweb.dev\\\/l\\\/svm-temp\\\/artiklar\\\/spanien-just-nu-vaxxie\\\/#primaryimage\"},\"thumbnailUrl\":\"https:\\\/\\\/lightweb.dev\\\/l\\\/svm-temp\\\/wp-content\\\/uploads\\\/2022\\\/04\\\/spanien-just-nu-vaxxie.png\",\"datePublished\":\"2021-01-11T23:00:00+00:00\",\"breadcrumb\":{\"@id\":\"https:\\\/\\\/lightweb.dev\\\/l\\\/svm-temp\\\/artiklar\\\/spanien-just-nu-vaxxie\\\/#breadcrumb\"},\"inLanguage\":\"sv-SE\",\"potentialAction\":[{\"@type\":\"ReadAction\",\"target\":[\"https:\\\/\\\/lightweb.dev\\\/l\\\/svm-temp\\\/artiklar\\\/spanien-just-nu-vaxxie\\\/\"]}]},{\"@type\":\"ImageObject\",\"inLanguage\":\"sv-SE\",\"@id\":\"https:\\\/\\\/lightweb.dev\\\/l\\\/svm-temp\\\/artiklar\\\/spanien-just-nu-vaxxie\\\/#primaryimage\",\"url\":\"https:\\\/\\\/lightweb.dev\\\/l\\\/svm-temp\\\/wp-content\\\/uploads\\\/2022\\\/04\\\/spanien-just-nu-vaxxie.png\",\"contentUrl\":\"https:\\\/\\\/lightweb.dev\\\/l\\\/svm-temp\\\/wp-content\\\/uploads\\\/2022\\\/04\\\/spanien-just-nu-vaxxie.png\",\"width\":514,\"height\":200},{\"@type\":\"BreadcrumbList\",\"@id\":\"https:\\\/\\\/lightweb.dev\\\/l\\\/svm-temp\\\/artiklar\\\/spanien-just-nu-vaxxie\\\/#breadcrumb\",\"itemListElement\":[{\"@type\":\"ListItem\",\"position\":1,\"name\":\"Hem\",\"item\":\"https:\\\/\\\/lightweb.dev\\\/l\\\/svm-temp\\\/\"},{\"@type\":\"ListItem\",\"position\":2,\"name\":\"Spanien just nu \u2013 vaxxie\"}]},{\"@type\":\"WebSite\",\"@id\":\"https:\\\/\\\/lightweb.dev\\\/l\\\/svm-temp\\\/#website\",\"url\":\"https:\\\/\\\/lightweb.dev\\\/l\\\/svm-temp\\\/\",\"name\":\"Svenska Magasinet\",\"description\":\"Dina Spanska nyheter p&aring; Svenska\",\"publisher\":{\"@id\":\"https:\\\/\\\/lightweb.dev\\\/l\\\/svm-temp\\\/#organization\"},\"potentialAction\":[{\"@type\":\"SearchAction\",\"target\":{\"@type\":\"EntryPoint\",\"urlTemplate\":\"https:\\\/\\\/lightweb.dev\\\/l\\\/svm-temp\\\/?s={search_term_string}\"},\"query-input\":{\"@type\":\"PropertyValueSpecification\",\"valueRequired\":true,\"valueName\":\"search_term_string\"}}],\"inLanguage\":\"sv-SE\"},{\"@type\":\"Organization\",\"@id\":\"https:\\\/\\\/lightweb.dev\\\/l\\\/svm-temp\\\/#organization\",\"name\":\"Melkerson y Nott SL\",\"alternateName\":\"Svenska Magasinet\",\"url\":\"https:\\\/\\\/lightweb.dev\\\/l\\\/svm-temp\\\/\",\"logo\":{\"@type\":\"ImageObject\",\"inLanguage\":\"sv-SE\",\"@id\":\"https:\\\/\\\/lightweb.dev\\\/l\\\/svm-temp\\\/#\\\/schema\\\/logo\\\/image\\\/\",\"url\":\"https:\\\/\\\/lightweb.dev\\\/l\\\/svm-temp\\\/wp-content\\\/uploads\\\/2025\\\/02\\\/SvM-logo-Xtra-Centrerad-SVART.png\",\"contentUrl\":\"https:\\\/\\\/lightweb.dev\\\/l\\\/svm-temp\\\/wp-content\\\/uploads\\\/2025\\\/02\\\/SvM-logo-Xtra-Centrerad-SVART.png\",\"width\":300,\"height\":99,\"caption\":\"Melkerson y Nott SL\"},\"image\":{\"@id\":\"https:\\\/\\\/lightweb.dev\\\/l\\\/svm-temp\\\/#\\\/schema\\\/logo\\\/image\\\/\"},\"sameAs\":[\"https:\\\/\\\/www.facebook.com\\\/svenskamagasinet\",\"https:\\\/\\\/x.com\\\/SvenskaMagasine\"]},{\"@type\":\"Person\",\"@id\":\"https:\\\/\\\/lightweb.dev\\\/l\\\/svm-temp\\\/#\\\/schema\\\/person\\\/206a3bda5b607b0c25e1749191e4d837\",\"name\":\"Redaktionen SvM\",\"description\":\"Redaktionen\",\"sameAs\":[\"https:\\\/\\\/lightweb.dev\\\/l\\\/svm-temp\"],\"url\":\"https:\\\/\\\/lightweb.dev\\\/l\\\/svm-temp\\\/reporter\\\/redaktionen\\\/\"}]}<\/script>\n<!-- \/ Yoast SEO Premium plugin. -->","yoast_head_json":{"title":"Spanien just nu \u2013 vaxxie - Svenska Magasinet","robots":{"index":"noindex","follow":"follow","max-snippet":"max-snippet:-1","max-image-preview":"max-image-preview:large","max-video-preview":"max-video-preview:-1"},"og_locale":"sv_SE","og_type":"article","og_title":"Spanien just nu \u2013 vaxxie","og_description":"F\u00f6re ny\u00e5ret b\u00f6rjade bilderna dyka upp i fl\u00f6det. S\u00e5 v\u00e4nj dig. Efter miljontals selfie med munskydd s\u00e5 v\u00e4ntar n\u00e4sta inl\u00e4gg p\u00e5 sociala medier p\u00e5 n\u00e5gon som f\u00e5r en spruta och stick i armen, en s\u00e5 kallad vaxxie. Av Ola Josefsson P\u00e5 Twitter: @JosefssonOla De regionala Folkh\u00e4lsov\u00e5rdsmyndigheterna har publicerat prioriteringsf\u00f6rslag och turordning medan vaccinet tillverkas och [&hellip;]","og_url":"https:\/\/lightweb.dev\/l\/svm-temp\/artiklar\/spanien-just-nu-vaxxie\/","og_site_name":"Svenska Magasinet","article_publisher":"https:\/\/www.facebook.com\/svenskamagasinet","article_published_time":"2021-01-11T23:00:00+00:00","og_image":[{"width":514,"height":200,"url":"https:\/\/lightweb.dev\/l\/svm-temp\/wp-content\/uploads\/2022\/04\/spanien-just-nu-vaxxie.png","type":"image\/png"}],"author":"Redaktionen SvM","twitter_card":"summary_large_image","twitter_creator":"@SvenskaMagasine","twitter_site":"@SvenskaMagasine","schema":{"@context":"https:\/\/schema.org","@graph":[{"@type":"Article","@id":"https:\/\/lightweb.dev\/l\/svm-temp\/artiklar\/spanien-just-nu-vaxxie\/#article","isPartOf":{"@id":"https:\/\/lightweb.dev\/l\/svm-temp\/artiklar\/spanien-just-nu-vaxxie\/"},"author":{"name":"Redaktionen SvM","@id":"https:\/\/lightweb.dev\/l\/svm-temp\/#\/schema\/person\/206a3bda5b607b0c25e1749191e4d837"},"headline":"Spanien just nu \u2013 vaxxie","datePublished":"2021-01-11T23:00:00+00:00","mainEntityOfPage":{"@id":"https:\/\/lightweb.dev\/l\/svm-temp\/artiklar\/spanien-just-nu-vaxxie\/"},"wordCount":944,"commentCount":0,"publisher":{"@id":"https:\/\/lightweb.dev\/l\/svm-temp\/#organization"},"image":{"@id":"https:\/\/lightweb.dev\/l\/svm-temp\/artiklar\/spanien-just-nu-vaxxie\/#primaryimage"},"thumbnailUrl":"https:\/\/lightweb.dev\/l\/svm-temp\/wp-content\/uploads\/2022\/04\/spanien-just-nu-vaxxie.png","articleSection":["Artiklar","Spanien just nu"],"inLanguage":"sv-SE"},{"@type":"WebPage","@id":"https:\/\/lightweb.dev\/l\/svm-temp\/artiklar\/spanien-just-nu-vaxxie\/","url":"https:\/\/lightweb.dev\/l\/svm-temp\/artiklar\/spanien-just-nu-vaxxie\/","name":"Spanien just nu \u2013 vaxxie - Svenska Magasinet","isPartOf":{"@id":"https:\/\/lightweb.dev\/l\/svm-temp\/#website"},"primaryImageOfPage":{"@id":"https:\/\/lightweb.dev\/l\/svm-temp\/artiklar\/spanien-just-nu-vaxxie\/#primaryimage"},"image":{"@id":"https:\/\/lightweb.dev\/l\/svm-temp\/artiklar\/spanien-just-nu-vaxxie\/#primaryimage"},"thumbnailUrl":"https:\/\/lightweb.dev\/l\/svm-temp\/wp-content\/uploads\/2022\/04\/spanien-just-nu-vaxxie.png","datePublished":"2021-01-11T23:00:00+00:00","breadcrumb":{"@id":"https:\/\/lightweb.dev\/l\/svm-temp\/artiklar\/spanien-just-nu-vaxxie\/#breadcrumb"},"inLanguage":"sv-SE","potentialAction":[{"@type":"ReadAction","target":["https:\/\/lightweb.dev\/l\/svm-temp\/artiklar\/spanien-just-nu-vaxxie\/"]}]},{"@type":"ImageObject","inLanguage":"sv-SE","@id":"https:\/\/lightweb.dev\/l\/svm-temp\/artiklar\/spanien-just-nu-vaxxie\/#primaryimage","url":"https:\/\/lightweb.dev\/l\/svm-temp\/wp-content\/uploads\/2022\/04\/spanien-just-nu-vaxxie.png","contentUrl":"https:\/\/lightweb.dev\/l\/svm-temp\/wp-content\/uploads\/2022\/04\/spanien-just-nu-vaxxie.png","width":514,"height":200},{"@type":"BreadcrumbList","@id":"https:\/\/lightweb.dev\/l\/svm-temp\/artiklar\/spanien-just-nu-vaxxie\/#breadcrumb","itemListElement":[{"@type":"ListItem","position":1,"name":"Hem","item":"https:\/\/lightweb.dev\/l\/svm-temp\/"},{"@type":"ListItem","position":2,"name":"Spanien just nu \u2013 vaxxie"}]},{"@type":"WebSite","@id":"https:\/\/lightweb.dev\/l\/svm-temp\/#website","url":"https:\/\/lightweb.dev\/l\/svm-temp\/","name":"Svenska Magasinet","description":"Dina Spanska nyheter p&aring; Svenska","publisher":{"@id":"https:\/\/lightweb.dev\/l\/svm-temp\/#organization"},"potentialAction":[{"@type":"SearchAction","target":{"@type":"EntryPoint","urlTemplate":"https:\/\/lightweb.dev\/l\/svm-temp\/?s={search_term_string}"},"query-input":{"@type":"PropertyValueSpecification","valueRequired":true,"valueName":"search_term_string"}}],"inLanguage":"sv-SE"},{"@type":"Organization","@id":"https:\/\/lightweb.dev\/l\/svm-temp\/#organization","name":"Melkerson y Nott SL","alternateName":"Svenska Magasinet","url":"https:\/\/lightweb.dev\/l\/svm-temp\/","logo":{"@type":"ImageObject","inLanguage":"sv-SE","@id":"https:\/\/lightweb.dev\/l\/svm-temp\/#\/schema\/logo\/image\/","url":"https:\/\/lightweb.dev\/l\/svm-temp\/wp-content\/uploads\/2025\/02\/SvM-logo-Xtra-Centrerad-SVART.png","contentUrl":"https:\/\/lightweb.dev\/l\/svm-temp\/wp-content\/uploads\/2025\/02\/SvM-logo-Xtra-Centrerad-SVART.png","width":300,"height":99,"caption":"Melkerson y Nott SL"},"image":{"@id":"https:\/\/lightweb.dev\/l\/svm-temp\/#\/schema\/logo\/image\/"},"sameAs":["https:\/\/www.facebook.com\/svenskamagasinet","https:\/\/x.com\/SvenskaMagasine"]},{"@type":"Person","@id":"https:\/\/lightweb.dev\/l\/svm-temp\/#\/schema\/person\/206a3bda5b607b0c25e1749191e4d837","name":"Redaktionen SvM","description":"Redaktionen","sameAs":["https:\/\/lightweb.dev\/l\/svm-temp"],"url":"https:\/\/lightweb.dev\/l\/svm-temp\/reporter\/redaktionen\/"}]}},"_links":{"self":[{"href":"https:\/\/lightweb.dev\/l\/svm-temp\/wp-json\/wp\/v2\/posts\/7870","targetHints":{"allow":["GET"]}}],"collection":[{"href":"https:\/\/lightweb.dev\/l\/svm-temp\/wp-json\/wp\/v2\/posts"}],"about":[{"href":"https:\/\/lightweb.dev\/l\/svm-temp\/wp-json\/wp\/v2\/types\/post"}],"author":[{"embeddable":true,"href":"https:\/\/lightweb.dev\/l\/svm-temp\/wp-json\/wp\/v2\/users\/8"}],"replies":[{"embeddable":true,"href":"https:\/\/lightweb.dev\/l\/svm-temp\/wp-json\/wp\/v2\/comments?post=7870"}],"version-history":[{"count":0,"href":"https:\/\/lightweb.dev\/l\/svm-temp\/wp-json\/wp\/v2\/posts\/7870\/revisions"}],"wp:featuredmedia":[{"embeddable":true,"href":"https:\/\/lightweb.dev\/l\/svm-temp\/wp-json\/wp\/v2\/media\/7871"}],"wp:attachment":[{"href":"https:\/\/lightweb.dev\/l\/svm-temp\/wp-json\/wp\/v2\/media?parent=7870"}],"wp:term":[{"taxonomy":"category","embeddable":true,"href":"https:\/\/lightweb.dev\/l\/svm-temp\/wp-json\/wp\/v2\/categories?post=7870"},{"taxonomy":"post_tag","embeddable":true,"href":"https:\/\/lightweb.dev\/l\/svm-temp\/wp-json\/wp\/v2\/tags?post=7870"}],"curies":[{"name":"wp","href":"https:\/\/api.w.org\/{rel}","templated":true}]}}