{"id":78936,"date":"2025-02-11T10:57:21","date_gmt":"2025-02-11T09:57:21","guid":{"rendered":"https:\/\/lightweb.dev\/l\/svm-temp\/?p=78936"},"modified":"2025-02-11T10:57:21","modified_gmt":"2025-02-11T09:57:21","slug":"delfinerna-lamnar-madrids-zoo","status":"publish","type":"post","link":"https:\/\/lightweb.dev\/l\/svm-temp\/nyheter\/delfinerna-lamnar-madrids-zoo\/","title":{"rendered":"Delfinerna l\u00e4mnar Madrids zoo"},"content":{"rendered":"<p><strong>Efter yttre p\u00e5tryckningar har nu delfinerna som funnits hos Zoo de Madrid flyttats till en kinesisk djurpark d\u00e4r f\u00f6ruts\u00e4ttningarna \u00e4r b\u00e4ttre.\u00a0<\/strong><\/p>\n<p><span style=\"font-weight: 400;\">Efter en rekommendation fr\u00e5n den europeiska f\u00f6reningen f\u00f6r zoo och akvarium (EAZA) har Spaniens st\u00f6rsta zoologiska park (Zoo de Madrid) valt att flytta sina delfiner till en djurpark p\u00e5 den kinesiska \u00f6n Hainan. Beslutet fattades f\u00f6r att \u201cs\u00e4kerst\u00e4lla den h\u00f6gsta teknologiska standarden&#8221; och \u201ch\u00e5lla flocken tillsammans\u201d.\u00a0<\/span><\/p>\n<p><span style=\"font-weight: 400;\">\u201cDjuren har anl\u00e4nt i perfekt skick, tillsammans med sina sk\u00f6tare\u201d, har Zoo de Madrid sagt i ett uttalande d\u00e4r de \u00e4ven f\u00f6rklarade att den kinesiska parken \u201char moderna faciliteter och de mest avancerade teknologiska medlen\u201d och att de redan har tagit \u00f6ver flera delfiner fr\u00e5n andra europeiska instanser.\u00a0<\/span><\/p>\n<p><span style=\"font-weight: 400;\">Delfinernas varande hos Madrids zoo har varit kontroversiellt de senaste \u00e5ren. 2019 publicerade flera djurr\u00e4ttsorganisationer en gemensam rapport som visade att tv\u00e5 av djuren verkade sjuka och hade hudskador samtidigt som sju av dem visade tecken p\u00e5 synfel.<\/span><\/p>\n<p><span style=\"font-weight: 400;\">Guardia Civils enhet f\u00f6r djurskydd inledde tillsammans med Madrids regionala styre en utredning som inte hittade n\u00e5gra oegentligheter och d\u00e4rf\u00f6r straffades Zoo de Madrid inte. D\u00e4refter l\u00e4mnade f\u00f6retaget som driver djurparken, Proyecto Gran Simio, in en st\u00e4mningsans\u00f6kan mot de utredande parterna. Den slogs dock ner av alla juridiska instanser som pr\u00f6vade fallet.\u00a0<\/span><\/p>\n<p><span style=\"font-weight: 400;\">Nu har man allts\u00e5 beslutat att flytta delfinerna \u00e4nd\u00e5. Detta ses som en seger bland djurr\u00e4ttsorganisationer men m\u00e5nga av dem vill se att man g\u00e5r \u00e4nnu l\u00e4ngre. I onsdags f\u00f6rra veckan kr\u00e4vde, bland annat, Great Ape Project att Zoo de Madrid helt skulle st\u00e4nga sitt akvarium och p\u00e5minde att delfiner \u00e4r &#8221;intelligenta varelser\u201d och kallade dem f\u00f6r \u201chavets apor\u201d.\u00a0<\/span><\/p>\n<p><span style=\"font-weight: 400;\">Zoo de Madrid vill sj\u00e4lva inte st\u00e4nga ner akvariet helt. De s\u00e4ger att de ist\u00e4llet kan anv\u00e4nda faciliteterna som tillf\u00e4llig f\u00f6rl\u00e4ggning f\u00f6r djur vars normala boende genomg\u00e5r renoveringar eller andra f\u00f6rb\u00e4ttringar. De uppger dessutom att de i framtiden ska utv\u00e4rdera m\u00f6jligheterna att anpassa sig f\u00f6r att bevara andra marina arter.\u00a0<\/span><\/p>\n<p>&nbsp;<\/p>\n","protected":false},"excerpt":{"rendered":"<p>Efter yttre p\u00e5tryckningar har nu delfinerna som funnits hos Zoo de Madrid flyttats till en kinesisk djurpark d\u00e4r f\u00f6ruts\u00e4ttningarna \u00e4r b\u00e4ttre.\u00a0<\/p>\n","protected":false},"author":14,"featured_media":78935,"comment_status":"closed","ping_status":"closed","sticky":false,"template":"","format":"standard","meta":{"_et_pb_use_builder":"","_et_pb_old_content":"","_et_gb_content_width":"","footnotes":""},"categories":[395,3],"tags":[],"class_list":["post-78936","post","type-post","status-publish","format-standard","has-post-thumbnail","hentry","category-arkiv-nyheter","category-nyheter"],"yoast_head":"<!-- This site is optimized with the Yoast SEO Premium plugin v26.2 (Yoast SEO v27.4) - https:\/\/yoast.com\/product\/yoast-seo-premium-wordpress\/ -->\n<title>Delfinerna l\u00e4mnar Madrids zoo - Svenska Magasinet<\/title>\n<meta name=\"robots\" content=\"noindex, follow, max-snippet:-1, max-image-preview:large, max-video-preview:-1\" \/>\n<meta property=\"og:locale\" content=\"sv_SE\" \/>\n<meta property=\"og:type\" content=\"article\" \/>\n<meta property=\"og:title\" content=\"Delfinerna l\u00e4mnar Madrids zoo\" \/>\n<meta property=\"og:description\" content=\"Efter yttre p\u00e5tryckningar har nu delfinerna som funnits hos Zoo de Madrid flyttats till en kinesisk djurpark d\u00e4r f\u00f6ruts\u00e4ttningarna \u00e4r b\u00e4ttre.\u00a0\" \/>\n<meta property=\"og:url\" content=\"https:\/\/lightweb.dev\/l\/svm-temp\/nyheter\/delfinerna-lamnar-madrids-zoo\/\" \/>\n<meta property=\"og:site_name\" content=\"Svenska Magasinet\" \/>\n<meta property=\"article:publisher\" content=\"https:\/\/www.facebook.com\/svenskamagasinet\" \/>\n<meta property=\"article:published_time\" content=\"2025-02-11T09:57:21+00:00\" \/>\n<meta property=\"og:image\" content=\"https:\/\/lightweb.dev\/l\/svm-temp\/wp-content\/uploads\/2025\/02\/svm20250211095217.webp\" \/>\n\t<meta property=\"og:image:width\" content=\"900\" \/>\n\t<meta property=\"og:image:height\" content=\"400\" \/>\n\t<meta property=\"og:image:type\" content=\"image\/webp\" \/>\n<meta name=\"author\" content=\"Robbie Eriksson\" \/>\n<meta name=\"twitter:card\" content=\"summary_large_image\" \/>\n<meta name=\"twitter:creator\" content=\"@SvenskaMagasine\" \/>\n<meta name=\"twitter:site\" content=\"@SvenskaMagasine\" \/>\n<script type=\"application\/ld+json\" class=\"yoast-schema-graph\">{\"@context\":\"https:\\\/\\\/schema.org\",\"@graph\":[{\"@type\":\"Article\",\"@id\":\"https:\\\/\\\/lightweb.dev\\\/l\\\/svm-temp\\\/nyheter\\\/delfinerna-lamnar-madrids-zoo\\\/#article\",\"isPartOf\":{\"@id\":\"https:\\\/\\\/lightweb.dev\\\/l\\\/svm-temp\\\/nyheter\\\/delfinerna-lamnar-madrids-zoo\\\/\"},\"author\":{\"name\":\"Robbie Eriksson\",\"@id\":\"https:\\\/\\\/lightweb.dev\\\/l\\\/svm-temp\\\/#\\\/schema\\\/person\\\/caffe038990d25722f5a04a03c906a2b\"},\"headline\":\"Delfinerna l\u00e4mnar Madrids zoo\",\"datePublished\":\"2025-02-11T09:57:21+00:00\",\"mainEntityOfPage\":{\"@id\":\"https:\\\/\\\/lightweb.dev\\\/l\\\/svm-temp\\\/nyheter\\\/delfinerna-lamnar-madrids-zoo\\\/\"},\"wordCount\":373,\"publisher\":{\"@id\":\"https:\\\/\\\/lightweb.dev\\\/l\\\/svm-temp\\\/#organization\"},\"image\":{\"@id\":\"https:\\\/\\\/lightweb.dev\\\/l\\\/svm-temp\\\/nyheter\\\/delfinerna-lamnar-madrids-zoo\\\/#primaryimage\"},\"thumbnailUrl\":\"https:\\\/\\\/lightweb.dev\\\/l\\\/svm-temp\\\/wp-content\\\/uploads\\\/2025\\\/02\\\/svm20250211095217.webp\",\"articleSection\":[\"Arkiv\",\"Nyheter\"],\"inLanguage\":\"sv-SE\"},{\"@type\":\"WebPage\",\"@id\":\"https:\\\/\\\/lightweb.dev\\\/l\\\/svm-temp\\\/nyheter\\\/delfinerna-lamnar-madrids-zoo\\\/\",\"url\":\"https:\\\/\\\/lightweb.dev\\\/l\\\/svm-temp\\\/nyheter\\\/delfinerna-lamnar-madrids-zoo\\\/\",\"name\":\"Delfinerna l\u00e4mnar Madrids zoo - Svenska Magasinet\",\"isPartOf\":{\"@id\":\"https:\\\/\\\/lightweb.dev\\\/l\\\/svm-temp\\\/#website\"},\"primaryImageOfPage\":{\"@id\":\"https:\\\/\\\/lightweb.dev\\\/l\\\/svm-temp\\\/nyheter\\\/delfinerna-lamnar-madrids-zoo\\\/#primaryimage\"},\"image\":{\"@id\":\"https:\\\/\\\/lightweb.dev\\\/l\\\/svm-temp\\\/nyheter\\\/delfinerna-lamnar-madrids-zoo\\\/#primaryimage\"},\"thumbnailUrl\":\"https:\\\/\\\/lightweb.dev\\\/l\\\/svm-temp\\\/wp-content\\\/uploads\\\/2025\\\/02\\\/svm20250211095217.webp\",\"datePublished\":\"2025-02-11T09:57:21+00:00\",\"breadcrumb\":{\"@id\":\"https:\\\/\\\/lightweb.dev\\\/l\\\/svm-temp\\\/nyheter\\\/delfinerna-lamnar-madrids-zoo\\\/#breadcrumb\"},\"inLanguage\":\"sv-SE\",\"potentialAction\":[{\"@type\":\"ReadAction\",\"target\":[\"https:\\\/\\\/lightweb.dev\\\/l\\\/svm-temp\\\/nyheter\\\/delfinerna-lamnar-madrids-zoo\\\/\"]}]},{\"@type\":\"ImageObject\",\"inLanguage\":\"sv-SE\",\"@id\":\"https:\\\/\\\/lightweb.dev\\\/l\\\/svm-temp\\\/nyheter\\\/delfinerna-lamnar-madrids-zoo\\\/#primaryimage\",\"url\":\"https:\\\/\\\/lightweb.dev\\\/l\\\/svm-temp\\\/wp-content\\\/uploads\\\/2025\\\/02\\\/svm20250211095217.webp\",\"contentUrl\":\"https:\\\/\\\/lightweb.dev\\\/l\\\/svm-temp\\\/wp-content\\\/uploads\\\/2025\\\/02\\\/svm20250211095217.webp\",\"width\":900,\"height\":400,\"caption\":\"(Bild: Zoo de Madrid)\"},{\"@type\":\"BreadcrumbList\",\"@id\":\"https:\\\/\\\/lightweb.dev\\\/l\\\/svm-temp\\\/nyheter\\\/delfinerna-lamnar-madrids-zoo\\\/#breadcrumb\",\"itemListElement\":[{\"@type\":\"ListItem\",\"position\":1,\"name\":\"Hem\",\"item\":\"https:\\\/\\\/lightweb.dev\\\/l\\\/svm-temp\\\/\"},{\"@type\":\"ListItem\",\"position\":2,\"name\":\"Delfinerna l\u00e4mnar Madrids zoo\"}]},{\"@type\":\"WebSite\",\"@id\":\"https:\\\/\\\/lightweb.dev\\\/l\\\/svm-temp\\\/#website\",\"url\":\"https:\\\/\\\/lightweb.dev\\\/l\\\/svm-temp\\\/\",\"name\":\"Svenska Magasinet\",\"description\":\"Dina Spanska nyheter p&aring; Svenska\",\"publisher\":{\"@id\":\"https:\\\/\\\/lightweb.dev\\\/l\\\/svm-temp\\\/#organization\"},\"potentialAction\":[{\"@type\":\"SearchAction\",\"target\":{\"@type\":\"EntryPoint\",\"urlTemplate\":\"https:\\\/\\\/lightweb.dev\\\/l\\\/svm-temp\\\/?s={search_term_string}\"},\"query-input\":{\"@type\":\"PropertyValueSpecification\",\"valueRequired\":true,\"valueName\":\"search_term_string\"}}],\"inLanguage\":\"sv-SE\"},{\"@type\":\"Organization\",\"@id\":\"https:\\\/\\\/lightweb.dev\\\/l\\\/svm-temp\\\/#organization\",\"name\":\"Melkerson y Nott SL\",\"alternateName\":\"Svenska Magasinet\",\"url\":\"https:\\\/\\\/lightweb.dev\\\/l\\\/svm-temp\\\/\",\"logo\":{\"@type\":\"ImageObject\",\"inLanguage\":\"sv-SE\",\"@id\":\"https:\\\/\\\/lightweb.dev\\\/l\\\/svm-temp\\\/#\\\/schema\\\/logo\\\/image\\\/\",\"url\":\"https:\\\/\\\/lightweb.dev\\\/l\\\/svm-temp\\\/wp-content\\\/uploads\\\/2025\\\/02\\\/SvM-logo-Xtra-Centrerad-SVART.png\",\"contentUrl\":\"https:\\\/\\\/lightweb.dev\\\/l\\\/svm-temp\\\/wp-content\\\/uploads\\\/2025\\\/02\\\/SvM-logo-Xtra-Centrerad-SVART.png\",\"width\":300,\"height\":99,\"caption\":\"Melkerson y Nott SL\"},\"image\":{\"@id\":\"https:\\\/\\\/lightweb.dev\\\/l\\\/svm-temp\\\/#\\\/schema\\\/logo\\\/image\\\/\"},\"sameAs\":[\"https:\\\/\\\/www.facebook.com\\\/svenskamagasinet\",\"https:\\\/\\\/x.com\\\/SvenskaMagasine\"]},{\"@type\":\"Person\",\"@id\":\"https:\\\/\\\/lightweb.dev\\\/l\\\/svm-temp\\\/#\\\/schema\\\/person\\\/caffe038990d25722f5a04a03c906a2b\",\"name\":\"Robbie Eriksson\",\"sameAs\":[\"https:\\\/\\\/lightweb.dev\\\/l\\\/svm-temp\"],\"url\":\"https:\\\/\\\/lightweb.dev\\\/l\\\/svm-temp\\\/reporter\\\/robbie-eriksson\\\/\"}]}<\/script>\n<!-- \/ Yoast SEO Premium plugin. -->","yoast_head_json":{"title":"Delfinerna l\u00e4mnar Madrids zoo - Svenska Magasinet","robots":{"index":"noindex","follow":"follow","max-snippet":"max-snippet:-1","max-image-preview":"max-image-preview:large","max-video-preview":"max-video-preview:-1"},"og_locale":"sv_SE","og_type":"article","og_title":"Delfinerna l\u00e4mnar Madrids zoo","og_description":"Efter yttre p\u00e5tryckningar har nu delfinerna som funnits hos Zoo de Madrid flyttats till en kinesisk djurpark d\u00e4r f\u00f6ruts\u00e4ttningarna \u00e4r b\u00e4ttre.\u00a0","og_url":"https:\/\/lightweb.dev\/l\/svm-temp\/nyheter\/delfinerna-lamnar-madrids-zoo\/","og_site_name":"Svenska Magasinet","article_publisher":"https:\/\/www.facebook.com\/svenskamagasinet","article_published_time":"2025-02-11T09:57:21+00:00","og_image":[{"width":900,"height":400,"url":"https:\/\/lightweb.dev\/l\/svm-temp\/wp-content\/uploads\/2025\/02\/svm20250211095217.webp","type":"image\/webp"}],"author":"Robbie Eriksson","twitter_card":"summary_large_image","twitter_creator":"@SvenskaMagasine","twitter_site":"@SvenskaMagasine","schema":{"@context":"https:\/\/schema.org","@graph":[{"@type":"Article","@id":"https:\/\/lightweb.dev\/l\/svm-temp\/nyheter\/delfinerna-lamnar-madrids-zoo\/#article","isPartOf":{"@id":"https:\/\/lightweb.dev\/l\/svm-temp\/nyheter\/delfinerna-lamnar-madrids-zoo\/"},"author":{"name":"Robbie Eriksson","@id":"https:\/\/lightweb.dev\/l\/svm-temp\/#\/schema\/person\/caffe038990d25722f5a04a03c906a2b"},"headline":"Delfinerna l\u00e4mnar Madrids zoo","datePublished":"2025-02-11T09:57:21+00:00","mainEntityOfPage":{"@id":"https:\/\/lightweb.dev\/l\/svm-temp\/nyheter\/delfinerna-lamnar-madrids-zoo\/"},"wordCount":373,"publisher":{"@id":"https:\/\/lightweb.dev\/l\/svm-temp\/#organization"},"image":{"@id":"https:\/\/lightweb.dev\/l\/svm-temp\/nyheter\/delfinerna-lamnar-madrids-zoo\/#primaryimage"},"thumbnailUrl":"https:\/\/lightweb.dev\/l\/svm-temp\/wp-content\/uploads\/2025\/02\/svm20250211095217.webp","articleSection":["Arkiv","Nyheter"],"inLanguage":"sv-SE"},{"@type":"WebPage","@id":"https:\/\/lightweb.dev\/l\/svm-temp\/nyheter\/delfinerna-lamnar-madrids-zoo\/","url":"https:\/\/lightweb.dev\/l\/svm-temp\/nyheter\/delfinerna-lamnar-madrids-zoo\/","name":"Delfinerna l\u00e4mnar Madrids zoo - Svenska Magasinet","isPartOf":{"@id":"https:\/\/lightweb.dev\/l\/svm-temp\/#website"},"primaryImageOfPage":{"@id":"https:\/\/lightweb.dev\/l\/svm-temp\/nyheter\/delfinerna-lamnar-madrids-zoo\/#primaryimage"},"image":{"@id":"https:\/\/lightweb.dev\/l\/svm-temp\/nyheter\/delfinerna-lamnar-madrids-zoo\/#primaryimage"},"thumbnailUrl":"https:\/\/lightweb.dev\/l\/svm-temp\/wp-content\/uploads\/2025\/02\/svm20250211095217.webp","datePublished":"2025-02-11T09:57:21+00:00","breadcrumb":{"@id":"https:\/\/lightweb.dev\/l\/svm-temp\/nyheter\/delfinerna-lamnar-madrids-zoo\/#breadcrumb"},"inLanguage":"sv-SE","potentialAction":[{"@type":"ReadAction","target":["https:\/\/lightweb.dev\/l\/svm-temp\/nyheter\/delfinerna-lamnar-madrids-zoo\/"]}]},{"@type":"ImageObject","inLanguage":"sv-SE","@id":"https:\/\/lightweb.dev\/l\/svm-temp\/nyheter\/delfinerna-lamnar-madrids-zoo\/#primaryimage","url":"https:\/\/lightweb.dev\/l\/svm-temp\/wp-content\/uploads\/2025\/02\/svm20250211095217.webp","contentUrl":"https:\/\/lightweb.dev\/l\/svm-temp\/wp-content\/uploads\/2025\/02\/svm20250211095217.webp","width":900,"height":400,"caption":"(Bild: Zoo de Madrid)"},{"@type":"BreadcrumbList","@id":"https:\/\/lightweb.dev\/l\/svm-temp\/nyheter\/delfinerna-lamnar-madrids-zoo\/#breadcrumb","itemListElement":[{"@type":"ListItem","position":1,"name":"Hem","item":"https:\/\/lightweb.dev\/l\/svm-temp\/"},{"@type":"ListItem","position":2,"name":"Delfinerna l\u00e4mnar Madrids zoo"}]},{"@type":"WebSite","@id":"https:\/\/lightweb.dev\/l\/svm-temp\/#website","url":"https:\/\/lightweb.dev\/l\/svm-temp\/","name":"Svenska Magasinet","description":"Dina Spanska nyheter p&aring; Svenska","publisher":{"@id":"https:\/\/lightweb.dev\/l\/svm-temp\/#organization"},"potentialAction":[{"@type":"SearchAction","target":{"@type":"EntryPoint","urlTemplate":"https:\/\/lightweb.dev\/l\/svm-temp\/?s={search_term_string}"},"query-input":{"@type":"PropertyValueSpecification","valueRequired":true,"valueName":"search_term_string"}}],"inLanguage":"sv-SE"},{"@type":"Organization","@id":"https:\/\/lightweb.dev\/l\/svm-temp\/#organization","name":"Melkerson y Nott SL","alternateName":"Svenska Magasinet","url":"https:\/\/lightweb.dev\/l\/svm-temp\/","logo":{"@type":"ImageObject","inLanguage":"sv-SE","@id":"https:\/\/lightweb.dev\/l\/svm-temp\/#\/schema\/logo\/image\/","url":"https:\/\/lightweb.dev\/l\/svm-temp\/wp-content\/uploads\/2025\/02\/SvM-logo-Xtra-Centrerad-SVART.png","contentUrl":"https:\/\/lightweb.dev\/l\/svm-temp\/wp-content\/uploads\/2025\/02\/SvM-logo-Xtra-Centrerad-SVART.png","width":300,"height":99,"caption":"Melkerson y Nott SL"},"image":{"@id":"https:\/\/lightweb.dev\/l\/svm-temp\/#\/schema\/logo\/image\/"},"sameAs":["https:\/\/www.facebook.com\/svenskamagasinet","https:\/\/x.com\/SvenskaMagasine"]},{"@type":"Person","@id":"https:\/\/lightweb.dev\/l\/svm-temp\/#\/schema\/person\/caffe038990d25722f5a04a03c906a2b","name":"Robbie Eriksson","sameAs":["https:\/\/lightweb.dev\/l\/svm-temp"],"url":"https:\/\/lightweb.dev\/l\/svm-temp\/reporter\/robbie-eriksson\/"}]}},"_links":{"self":[{"href":"https:\/\/lightweb.dev\/l\/svm-temp\/wp-json\/wp\/v2\/posts\/78936","targetHints":{"allow":["GET"]}}],"collection":[{"href":"https:\/\/lightweb.dev\/l\/svm-temp\/wp-json\/wp\/v2\/posts"}],"about":[{"href":"https:\/\/lightweb.dev\/l\/svm-temp\/wp-json\/wp\/v2\/types\/post"}],"author":[{"embeddable":true,"href":"https:\/\/lightweb.dev\/l\/svm-temp\/wp-json\/wp\/v2\/users\/14"}],"replies":[{"embeddable":true,"href":"https:\/\/lightweb.dev\/l\/svm-temp\/wp-json\/wp\/v2\/comments?post=78936"}],"version-history":[{"count":0,"href":"https:\/\/lightweb.dev\/l\/svm-temp\/wp-json\/wp\/v2\/posts\/78936\/revisions"}],"wp:featuredmedia":[{"embeddable":true,"href":"https:\/\/lightweb.dev\/l\/svm-temp\/wp-json\/wp\/v2\/media\/78935"}],"wp:attachment":[{"href":"https:\/\/lightweb.dev\/l\/svm-temp\/wp-json\/wp\/v2\/media?parent=78936"}],"wp:term":[{"taxonomy":"category","embeddable":true,"href":"https:\/\/lightweb.dev\/l\/svm-temp\/wp-json\/wp\/v2\/categories?post=78936"},{"taxonomy":"post_tag","embeddable":true,"href":"https:\/\/lightweb.dev\/l\/svm-temp\/wp-json\/wp\/v2\/tags?post=78936"}],"curies":[{"name":"wp","href":"https:\/\/api.w.org\/{rel}","templated":true}]}}