{"id":78939,"date":"2025-02-11T11:15:07","date_gmt":"2025-02-11T10:15:07","guid":{"rendered":"https:\/\/lightweb.dev\/l\/svm-temp\/?p=78939"},"modified":"2025-02-11T14:38:20","modified_gmt":"2025-02-11T13:38:20","slug":"trumps-handelstullar-slar-hardast-mot-andalusien-baskien-och-valencia","status":"publish","type":"post","link":"https:\/\/lightweb.dev\/l\/svm-temp\/nyheter\/trumps-handelstullar-slar-hardast-mot-andalusien-baskien-och-valencia\/","title":{"rendered":"Trumps handelstullar sl\u00e5r h\u00e5rdast mot Andalusien, Baskien och Valencia"},"content":{"rendered":"<p><strong>Olivolja och elektronikdelar \u00e4r bland de produkter som kan drabbas mest av USA:s planerade handelstullar. Spanien blir inte immun mot president Donald Trumps politik.<\/strong><\/p>\n<p>Scenariot \u00e4r i skrivande stund os\u00e4kert men g\u00f6r USA verklighet av sina handelstullar kommer Andalusien, Baskien och Valenciaregionen att vara bland de regioner i Spanien som drabbas mest, enligt en sammanst\u00e4lld rapport fr\u00e5n fackf\u00f6rbundet CC OO.<\/p>\n<blockquote class=\"twitter-tweet\" data-media-max-width=\"560\">\n<p dir=\"ltr\" lang=\"es\">\ud83d\udd34Con datos de 2023 la Comunidad Valenciana, Pa\u00eds Vasco y Andaluc\u00eda son las comunidades m\u00e1s expuestas.<\/p>\n<p>\u27a1\ufe0fEn t\u00e9rminos absolutos hay que incluir a Catalu\u00f1a y Madrid ya que tambi\u00e9n muestran una exposici\u00f3n relevante.<\/p>\n<p>4\/5 <a href=\"https:\/\/t.co\/lhCyuhIaMn\">pic.twitter.com\/lhCyuhIaMn<\/a><\/p>\n<p>\u2014 CCOO Estudios (@CCOO_Estudios) <a href=\"https:\/\/twitter.com\/CCOO_Estudios\/status\/1888880090714366044?ref_src=twsrc%5Etfw\">February 10, 2025<\/a><\/p><\/blockquote>\n<p><script async src=\"https:\/\/platform.twitter.com\/widgets.js\" charset=\"utf-8\"><\/script><\/p>\n<p>Kommissionsordf\u00f6rande Ursula von der Leyen beklagar Washingtons senaste beslut att inf\u00f6ra en skatt p\u00e5 25 procent p\u00e5 europeisk aluminium- och st\u00e5lexport och betonar att dessa omotiverade \u00e5tg\u00e4rder kommer att bem\u00f6tas med ett fast och proportionerligt europeiskt svar.<\/p>\n<p>Hon skriver i ett tidigare pressmeddelande:<\/p>\n<p>\u201dTullar \u00e4r skatter: d\u00e5ligt f\u00f6r f\u00f6retagen, \u00e4nnu v\u00e4rre f\u00f6r konsumenterna\u201d.<\/p>\n<p>Exakta detaljer om hur EU t\u00e4nker svara har \u00e4nnu inte presenterats.<\/p>\n<p>EU importerar olja, naturgas och l\u00e4kemedel fr\u00e5n USA medan Washington importerar mediciner, motorfordon och maskiner fr\u00e5n Europa i huvudsak.<\/p>\n<p>F\u00f6r Spaniens del st\u00e5r 500 miljoner euro p\u00e5 spel vilket motsvarar f\u00f6rs\u00e4ljningen av aluminium och st\u00e5l till USA. Spanien \u00e4r den tionde st\u00f6rsta export\u00f6ren av st\u00e5l till USA med en f\u00f6rs\u00e4ljning p\u00e5 290.000 ton.<\/p>\n<p>N\u00e4r det g\u00e4ller aluminium ligger Spanien p\u00e5 tjugo\u00e5ttonde plats, med 19.664 ton 2024 till ett v\u00e4rde av 128,9 miljoner euro.<\/p>\n<p>Trump har tidigare meddelat att handelstullar p\u00e5 28,55 procent inf\u00f6rs p\u00e5 vindkraftverk tillverkade i Spanien.<\/p>\n","protected":false},"excerpt":{"rendered":"<p>Olivolja och elektronikdelar \u00e4r bland de produkter som kan drabbas mest av USA:s planerade handelstullar. Spanien blir inte immun mot president Donald Trumps politik&#8230;<\/p>\n","protected":false},"author":7,"featured_media":78967,"comment_status":"closed","ping_status":"closed","sticky":false,"template":"","format":"standard","meta":{"_et_pb_use_builder":"","_et_pb_old_content":"","_et_gb_content_width":"","footnotes":""},"categories":[395,3],"tags":[],"class_list":["post-78939","post","type-post","status-publish","format-standard","has-post-thumbnail","hentry","category-arkiv-nyheter","category-nyheter"],"yoast_head":"<!-- This site is optimized with the Yoast SEO Premium plugin v26.2 (Yoast SEO v27.4) - https:\/\/yoast.com\/product\/yoast-seo-premium-wordpress\/ -->\n<title>Trumps handelstullar sl\u00e5r h\u00e5rdast mot Andalusien, Baskien och Valencia - Svenska Magasinet<\/title>\n<meta name=\"description\" content=\"Olivolja och elektronikdelar \u00e4r bland de produkter som kan drabbas mest av USA:s planerade handelstullar. Spanien blir inte immun mot president Donald Trumps politik.\" \/>\n<meta name=\"robots\" content=\"noindex, follow, max-snippet:-1, max-image-preview:large, max-video-preview:-1\" \/>\n<meta property=\"og:locale\" content=\"sv_SE\" \/>\n<meta property=\"og:type\" content=\"article\" \/>\n<meta property=\"og:title\" content=\"Trumps handelstullar sl\u00e5r h\u00e5rdast mot Andalusien, Baskien och Valencia\" \/>\n<meta property=\"og:description\" content=\"Olivolja och elektronikdelar \u00e4r bland de produkter som kan drabbas mest av USA:s planerade handelstullar. Spanien blir inte immun mot president Donald Trumps politik.\" \/>\n<meta property=\"og:url\" content=\"https:\/\/lightweb.dev\/l\/svm-temp\/nyheter\/naringsliv\/trumps-handelstullar-slar-hardast-mot-andalusien-baskien-och-valencia\/\" \/>\n<meta property=\"og:site_name\" content=\"Svenska Magasinet\" \/>\n<meta property=\"article:publisher\" content=\"https:\/\/www.facebook.com\/svenskamagasinet\" \/>\n<meta property=\"article:published_time\" content=\"2025-02-11T10:15:07+00:00\" \/>\n<meta property=\"article:modified_time\" content=\"2025-02-11T13:38:20+00:00\" \/>\n<meta property=\"og:image\" content=\"https:\/\/lightweb.dev\/l\/svm-temp\/wp-content\/uploads\/2025\/02\/svm20250211133347.webp\" \/>\n\t<meta property=\"og:image:width\" content=\"900\" \/>\n\t<meta property=\"og:image:height\" content=\"400\" \/>\n\t<meta property=\"og:image:type\" content=\"image\/webp\" \/>\n<meta name=\"author\" content=\"Ola Josefsson\" \/>\n<meta name=\"twitter:card\" content=\"summary_large_image\" \/>\n<meta name=\"twitter:creator\" content=\"@SvenskaMagasine\" \/>\n<meta name=\"twitter:site\" content=\"@SvenskaMagasine\" \/>\n<script type=\"application\/ld+json\" class=\"yoast-schema-graph\">{\"@context\":\"https:\\\/\\\/schema.org\",\"@graph\":[{\"@type\":\"Article\",\"@id\":\"https:\\\/\\\/lightweb.dev\\\/l\\\/svm-temp\\\/nyheter\\\/naringsliv\\\/trumps-handelstullar-slar-hardast-mot-andalusien-baskien-och-valencia\\\/#article\",\"isPartOf\":{\"@id\":\"https:\\\/\\\/lightweb.dev\\\/l\\\/svm-temp\\\/nyheter\\\/naringsliv\\\/trumps-handelstullar-slar-hardast-mot-andalusien-baskien-och-valencia\\\/\"},\"author\":{\"name\":\"Ola Josefsson\",\"@id\":\"https:\\\/\\\/lightweb.dev\\\/l\\\/svm-temp\\\/#\\\/schema\\\/person\\\/7a82b8a73d171d32360a564b6d03508e\"},\"headline\":\"Trumps handelstullar sl\u00e5r h\u00e5rdast mot Andalusien, Baskien och Valencia\",\"datePublished\":\"2025-02-11T10:15:07+00:00\",\"dateModified\":\"2025-02-11T13:38:20+00:00\",\"mainEntityOfPage\":{\"@id\":\"https:\\\/\\\/lightweb.dev\\\/l\\\/svm-temp\\\/nyheter\\\/naringsliv\\\/trumps-handelstullar-slar-hardast-mot-andalusien-baskien-och-valencia\\\/\"},\"wordCount\":299,\"publisher\":{\"@id\":\"https:\\\/\\\/lightweb.dev\\\/l\\\/svm-temp\\\/#organization\"},\"image\":{\"@id\":\"https:\\\/\\\/lightweb.dev\\\/l\\\/svm-temp\\\/nyheter\\\/naringsliv\\\/trumps-handelstullar-slar-hardast-mot-andalusien-baskien-och-valencia\\\/#primaryimage\"},\"thumbnailUrl\":\"https:\\\/\\\/lightweb.dev\\\/l\\\/svm-temp\\\/wp-content\\\/uploads\\\/2025\\\/02\\\/svm20250211133347.webp\",\"articleSection\":[\"Arkiv\",\"Nyheter\"],\"inLanguage\":\"sv-SE\"},{\"@type\":\"WebPage\",\"@id\":\"https:\\\/\\\/lightweb.dev\\\/l\\\/svm-temp\\\/nyheter\\\/naringsliv\\\/trumps-handelstullar-slar-hardast-mot-andalusien-baskien-och-valencia\\\/\",\"url\":\"https:\\\/\\\/lightweb.dev\\\/l\\\/svm-temp\\\/nyheter\\\/naringsliv\\\/trumps-handelstullar-slar-hardast-mot-andalusien-baskien-och-valencia\\\/\",\"name\":\"Trumps handelstullar sl\u00e5r h\u00e5rdast mot Andalusien, Baskien och Valencia - Svenska Magasinet\",\"isPartOf\":{\"@id\":\"https:\\\/\\\/lightweb.dev\\\/l\\\/svm-temp\\\/#website\"},\"primaryImageOfPage\":{\"@id\":\"https:\\\/\\\/lightweb.dev\\\/l\\\/svm-temp\\\/nyheter\\\/naringsliv\\\/trumps-handelstullar-slar-hardast-mot-andalusien-baskien-och-valencia\\\/#primaryimage\"},\"image\":{\"@id\":\"https:\\\/\\\/lightweb.dev\\\/l\\\/svm-temp\\\/nyheter\\\/naringsliv\\\/trumps-handelstullar-slar-hardast-mot-andalusien-baskien-och-valencia\\\/#primaryimage\"},\"thumbnailUrl\":\"https:\\\/\\\/lightweb.dev\\\/l\\\/svm-temp\\\/wp-content\\\/uploads\\\/2025\\\/02\\\/svm20250211133347.webp\",\"datePublished\":\"2025-02-11T10:15:07+00:00\",\"dateModified\":\"2025-02-11T13:38:20+00:00\",\"description\":\"Olivolja och elektronikdelar \u00e4r bland de produkter som kan drabbas mest av USA:s planerade handelstullar. Spanien blir inte immun mot president Donald Trumps politik.\",\"breadcrumb\":{\"@id\":\"https:\\\/\\\/lightweb.dev\\\/l\\\/svm-temp\\\/nyheter\\\/naringsliv\\\/trumps-handelstullar-slar-hardast-mot-andalusien-baskien-och-valencia\\\/#breadcrumb\"},\"inLanguage\":\"sv-SE\",\"potentialAction\":[{\"@type\":\"ReadAction\",\"target\":[\"https:\\\/\\\/lightweb.dev\\\/l\\\/svm-temp\\\/nyheter\\\/naringsliv\\\/trumps-handelstullar-slar-hardast-mot-andalusien-baskien-och-valencia\\\/\"]}]},{\"@type\":\"ImageObject\",\"inLanguage\":\"sv-SE\",\"@id\":\"https:\\\/\\\/lightweb.dev\\\/l\\\/svm-temp\\\/nyheter\\\/naringsliv\\\/trumps-handelstullar-slar-hardast-mot-andalusien-baskien-och-valencia\\\/#primaryimage\",\"url\":\"https:\\\/\\\/lightweb.dev\\\/l\\\/svm-temp\\\/wp-content\\\/uploads\\\/2025\\\/02\\\/svm20250211133347.webp\",\"contentUrl\":\"https:\\\/\\\/lightweb.dev\\\/l\\\/svm-temp\\\/wp-content\\\/uploads\\\/2025\\\/02\\\/svm20250211133347.webp\",\"width\":900,\"height\":400},{\"@type\":\"BreadcrumbList\",\"@id\":\"https:\\\/\\\/lightweb.dev\\\/l\\\/svm-temp\\\/nyheter\\\/naringsliv\\\/trumps-handelstullar-slar-hardast-mot-andalusien-baskien-och-valencia\\\/#breadcrumb\",\"itemListElement\":[{\"@type\":\"ListItem\",\"position\":1,\"name\":\"Hem\",\"item\":\"https:\\\/\\\/lightweb.dev\\\/l\\\/svm-temp\\\/\"},{\"@type\":\"ListItem\",\"position\":2,\"name\":\"Trumps handelstullar sl\u00e5r h\u00e5rdast mot Andalusien, Baskien och Valencia\"}]},{\"@type\":\"WebSite\",\"@id\":\"https:\\\/\\\/lightweb.dev\\\/l\\\/svm-temp\\\/#website\",\"url\":\"https:\\\/\\\/lightweb.dev\\\/l\\\/svm-temp\\\/\",\"name\":\"Svenska Magasinet\",\"description\":\"Dina Spanska nyheter p&aring; Svenska\",\"publisher\":{\"@id\":\"https:\\\/\\\/lightweb.dev\\\/l\\\/svm-temp\\\/#organization\"},\"potentialAction\":[{\"@type\":\"SearchAction\",\"target\":{\"@type\":\"EntryPoint\",\"urlTemplate\":\"https:\\\/\\\/lightweb.dev\\\/l\\\/svm-temp\\\/?s={search_term_string}\"},\"query-input\":{\"@type\":\"PropertyValueSpecification\",\"valueRequired\":true,\"valueName\":\"search_term_string\"}}],\"inLanguage\":\"sv-SE\"},{\"@type\":\"Organization\",\"@id\":\"https:\\\/\\\/lightweb.dev\\\/l\\\/svm-temp\\\/#organization\",\"name\":\"Melkerson y Nott SL\",\"alternateName\":\"Svenska Magasinet\",\"url\":\"https:\\\/\\\/lightweb.dev\\\/l\\\/svm-temp\\\/\",\"logo\":{\"@type\":\"ImageObject\",\"inLanguage\":\"sv-SE\",\"@id\":\"https:\\\/\\\/lightweb.dev\\\/l\\\/svm-temp\\\/#\\\/schema\\\/logo\\\/image\\\/\",\"url\":\"https:\\\/\\\/lightweb.dev\\\/l\\\/svm-temp\\\/wp-content\\\/uploads\\\/2025\\\/02\\\/SvM-logo-Xtra-Centrerad-SVART.png\",\"contentUrl\":\"https:\\\/\\\/lightweb.dev\\\/l\\\/svm-temp\\\/wp-content\\\/uploads\\\/2025\\\/02\\\/SvM-logo-Xtra-Centrerad-SVART.png\",\"width\":300,\"height\":99,\"caption\":\"Melkerson y Nott SL\"},\"image\":{\"@id\":\"https:\\\/\\\/lightweb.dev\\\/l\\\/svm-temp\\\/#\\\/schema\\\/logo\\\/image\\\/\"},\"sameAs\":[\"https:\\\/\\\/www.facebook.com\\\/svenskamagasinet\",\"https:\\\/\\\/x.com\\\/SvenskaMagasine\"]},{\"@type\":\"Person\",\"@id\":\"https:\\\/\\\/lightweb.dev\\\/l\\\/svm-temp\\\/#\\\/schema\\\/person\\\/7a82b8a73d171d32360a564b6d03508e\",\"name\":\"Ola Josefsson\",\"description\":\"Bevakar Solkusten och Spanien sedan 1994.\",\"sameAs\":[\"https:\\\/\\\/lightweb.dev\\\/l\\\/svm-temp\"],\"url\":\"https:\\\/\\\/lightweb.dev\\\/l\\\/svm-temp\\\/reporter\\\/ola-josefsson\\\/\"}]}<\/script>\n<!-- \/ Yoast SEO Premium plugin. -->","yoast_head_json":{"title":"Trumps handelstullar sl\u00e5r h\u00e5rdast mot Andalusien, Baskien och Valencia - Svenska Magasinet","description":"Olivolja och elektronikdelar \u00e4r bland de produkter som kan drabbas mest av USA:s planerade handelstullar. Spanien blir inte immun mot president Donald Trumps politik.","robots":{"index":"noindex","follow":"follow","max-snippet":"max-snippet:-1","max-image-preview":"max-image-preview:large","max-video-preview":"max-video-preview:-1"},"og_locale":"sv_SE","og_type":"article","og_title":"Trumps handelstullar sl\u00e5r h\u00e5rdast mot Andalusien, Baskien och Valencia","og_description":"Olivolja och elektronikdelar \u00e4r bland de produkter som kan drabbas mest av USA:s planerade handelstullar. Spanien blir inte immun mot president Donald Trumps politik.","og_url":"https:\/\/lightweb.dev\/l\/svm-temp\/nyheter\/naringsliv\/trumps-handelstullar-slar-hardast-mot-andalusien-baskien-och-valencia\/","og_site_name":"Svenska Magasinet","article_publisher":"https:\/\/www.facebook.com\/svenskamagasinet","article_published_time":"2025-02-11T10:15:07+00:00","article_modified_time":"2025-02-11T13:38:20+00:00","og_image":[{"width":900,"height":400,"url":"https:\/\/lightweb.dev\/l\/svm-temp\/wp-content\/uploads\/2025\/02\/svm20250211133347.webp","type":"image\/webp"}],"author":"Ola Josefsson","twitter_card":"summary_large_image","twitter_creator":"@SvenskaMagasine","twitter_site":"@SvenskaMagasine","schema":{"@context":"https:\/\/schema.org","@graph":[{"@type":"Article","@id":"https:\/\/lightweb.dev\/l\/svm-temp\/nyheter\/naringsliv\/trumps-handelstullar-slar-hardast-mot-andalusien-baskien-och-valencia\/#article","isPartOf":{"@id":"https:\/\/lightweb.dev\/l\/svm-temp\/nyheter\/naringsliv\/trumps-handelstullar-slar-hardast-mot-andalusien-baskien-och-valencia\/"},"author":{"name":"Ola Josefsson","@id":"https:\/\/lightweb.dev\/l\/svm-temp\/#\/schema\/person\/7a82b8a73d171d32360a564b6d03508e"},"headline":"Trumps handelstullar sl\u00e5r h\u00e5rdast mot Andalusien, Baskien och Valencia","datePublished":"2025-02-11T10:15:07+00:00","dateModified":"2025-02-11T13:38:20+00:00","mainEntityOfPage":{"@id":"https:\/\/lightweb.dev\/l\/svm-temp\/nyheter\/naringsliv\/trumps-handelstullar-slar-hardast-mot-andalusien-baskien-och-valencia\/"},"wordCount":299,"publisher":{"@id":"https:\/\/lightweb.dev\/l\/svm-temp\/#organization"},"image":{"@id":"https:\/\/lightweb.dev\/l\/svm-temp\/nyheter\/naringsliv\/trumps-handelstullar-slar-hardast-mot-andalusien-baskien-och-valencia\/#primaryimage"},"thumbnailUrl":"https:\/\/lightweb.dev\/l\/svm-temp\/wp-content\/uploads\/2025\/02\/svm20250211133347.webp","articleSection":["Arkiv","Nyheter"],"inLanguage":"sv-SE"},{"@type":"WebPage","@id":"https:\/\/lightweb.dev\/l\/svm-temp\/nyheter\/naringsliv\/trumps-handelstullar-slar-hardast-mot-andalusien-baskien-och-valencia\/","url":"https:\/\/lightweb.dev\/l\/svm-temp\/nyheter\/naringsliv\/trumps-handelstullar-slar-hardast-mot-andalusien-baskien-och-valencia\/","name":"Trumps handelstullar sl\u00e5r h\u00e5rdast mot Andalusien, Baskien och Valencia - Svenska Magasinet","isPartOf":{"@id":"https:\/\/lightweb.dev\/l\/svm-temp\/#website"},"primaryImageOfPage":{"@id":"https:\/\/lightweb.dev\/l\/svm-temp\/nyheter\/naringsliv\/trumps-handelstullar-slar-hardast-mot-andalusien-baskien-och-valencia\/#primaryimage"},"image":{"@id":"https:\/\/lightweb.dev\/l\/svm-temp\/nyheter\/naringsliv\/trumps-handelstullar-slar-hardast-mot-andalusien-baskien-och-valencia\/#primaryimage"},"thumbnailUrl":"https:\/\/lightweb.dev\/l\/svm-temp\/wp-content\/uploads\/2025\/02\/svm20250211133347.webp","datePublished":"2025-02-11T10:15:07+00:00","dateModified":"2025-02-11T13:38:20+00:00","description":"Olivolja och elektronikdelar \u00e4r bland de produkter som kan drabbas mest av USA:s planerade handelstullar. Spanien blir inte immun mot president Donald Trumps politik.","breadcrumb":{"@id":"https:\/\/lightweb.dev\/l\/svm-temp\/nyheter\/naringsliv\/trumps-handelstullar-slar-hardast-mot-andalusien-baskien-och-valencia\/#breadcrumb"},"inLanguage":"sv-SE","potentialAction":[{"@type":"ReadAction","target":["https:\/\/lightweb.dev\/l\/svm-temp\/nyheter\/naringsliv\/trumps-handelstullar-slar-hardast-mot-andalusien-baskien-och-valencia\/"]}]},{"@type":"ImageObject","inLanguage":"sv-SE","@id":"https:\/\/lightweb.dev\/l\/svm-temp\/nyheter\/naringsliv\/trumps-handelstullar-slar-hardast-mot-andalusien-baskien-och-valencia\/#primaryimage","url":"https:\/\/lightweb.dev\/l\/svm-temp\/wp-content\/uploads\/2025\/02\/svm20250211133347.webp","contentUrl":"https:\/\/lightweb.dev\/l\/svm-temp\/wp-content\/uploads\/2025\/02\/svm20250211133347.webp","width":900,"height":400},{"@type":"BreadcrumbList","@id":"https:\/\/lightweb.dev\/l\/svm-temp\/nyheter\/naringsliv\/trumps-handelstullar-slar-hardast-mot-andalusien-baskien-och-valencia\/#breadcrumb","itemListElement":[{"@type":"ListItem","position":1,"name":"Hem","item":"https:\/\/lightweb.dev\/l\/svm-temp\/"},{"@type":"ListItem","position":2,"name":"Trumps handelstullar sl\u00e5r h\u00e5rdast mot Andalusien, Baskien och Valencia"}]},{"@type":"WebSite","@id":"https:\/\/lightweb.dev\/l\/svm-temp\/#website","url":"https:\/\/lightweb.dev\/l\/svm-temp\/","name":"Svenska Magasinet","description":"Dina Spanska nyheter p&aring; Svenska","publisher":{"@id":"https:\/\/lightweb.dev\/l\/svm-temp\/#organization"},"potentialAction":[{"@type":"SearchAction","target":{"@type":"EntryPoint","urlTemplate":"https:\/\/lightweb.dev\/l\/svm-temp\/?s={search_term_string}"},"query-input":{"@type":"PropertyValueSpecification","valueRequired":true,"valueName":"search_term_string"}}],"inLanguage":"sv-SE"},{"@type":"Organization","@id":"https:\/\/lightweb.dev\/l\/svm-temp\/#organization","name":"Melkerson y Nott SL","alternateName":"Svenska Magasinet","url":"https:\/\/lightweb.dev\/l\/svm-temp\/","logo":{"@type":"ImageObject","inLanguage":"sv-SE","@id":"https:\/\/lightweb.dev\/l\/svm-temp\/#\/schema\/logo\/image\/","url":"https:\/\/lightweb.dev\/l\/svm-temp\/wp-content\/uploads\/2025\/02\/SvM-logo-Xtra-Centrerad-SVART.png","contentUrl":"https:\/\/lightweb.dev\/l\/svm-temp\/wp-content\/uploads\/2025\/02\/SvM-logo-Xtra-Centrerad-SVART.png","width":300,"height":99,"caption":"Melkerson y Nott SL"},"image":{"@id":"https:\/\/lightweb.dev\/l\/svm-temp\/#\/schema\/logo\/image\/"},"sameAs":["https:\/\/www.facebook.com\/svenskamagasinet","https:\/\/x.com\/SvenskaMagasine"]},{"@type":"Person","@id":"https:\/\/lightweb.dev\/l\/svm-temp\/#\/schema\/person\/7a82b8a73d171d32360a564b6d03508e","name":"Ola Josefsson","description":"Bevakar Solkusten och Spanien sedan 1994.","sameAs":["https:\/\/lightweb.dev\/l\/svm-temp"],"url":"https:\/\/lightweb.dev\/l\/svm-temp\/reporter\/ola-josefsson\/"}]}},"_links":{"self":[{"href":"https:\/\/lightweb.dev\/l\/svm-temp\/wp-json\/wp\/v2\/posts\/78939","targetHints":{"allow":["GET"]}}],"collection":[{"href":"https:\/\/lightweb.dev\/l\/svm-temp\/wp-json\/wp\/v2\/posts"}],"about":[{"href":"https:\/\/lightweb.dev\/l\/svm-temp\/wp-json\/wp\/v2\/types\/post"}],"author":[{"embeddable":true,"href":"https:\/\/lightweb.dev\/l\/svm-temp\/wp-json\/wp\/v2\/users\/7"}],"replies":[{"embeddable":true,"href":"https:\/\/lightweb.dev\/l\/svm-temp\/wp-json\/wp\/v2\/comments?post=78939"}],"version-history":[{"count":0,"href":"https:\/\/lightweb.dev\/l\/svm-temp\/wp-json\/wp\/v2\/posts\/78939\/revisions"}],"wp:featuredmedia":[{"embeddable":true,"href":"https:\/\/lightweb.dev\/l\/svm-temp\/wp-json\/wp\/v2\/media\/78967"}],"wp:attachment":[{"href":"https:\/\/lightweb.dev\/l\/svm-temp\/wp-json\/wp\/v2\/media?parent=78939"}],"wp:term":[{"taxonomy":"category","embeddable":true,"href":"https:\/\/lightweb.dev\/l\/svm-temp\/wp-json\/wp\/v2\/categories?post=78939"},{"taxonomy":"post_tag","embeddable":true,"href":"https:\/\/lightweb.dev\/l\/svm-temp\/wp-json\/wp\/v2\/tags?post=78939"}],"curies":[{"name":"wp","href":"https:\/\/api.w.org\/{rel}","templated":true}]}}