{"id":78949,"date":"2025-02-11T14:35:16","date_gmt":"2025-02-11T13:35:16","guid":{"rendered":"https:\/\/lightweb.dev\/l\/svm-temp\/?p=78949"},"modified":"2025-02-11T14:35:16","modified_gmt":"2025-02-11T13:35:16","slug":"spanien-sanker-den-tillatna-alkoholnivan-for-bilforare","status":"publish","type":"post","link":"https:\/\/lightweb.dev\/l\/svm-temp\/nyheter\/spanien-sanker-den-tillatna-alkoholnivan-for-bilforare\/","title":{"rendered":"Spanien s\u00e4nker den till\u00e5tna alkoholniv\u00e5n f\u00f6r bilf\u00f6rare"},"content":{"rendered":"<p><strong>F\u00f6r att g\u00f6ra v\u00e4garna s\u00e4krare har trafikverket beslutat att inf\u00f6ra str\u00e4ngare regler n\u00e4r det g\u00e4ller att k\u00f6ra bil efter att ha druckit alkohol.\u00a0<\/strong><\/p>\n<p><span style=\"font-weight: 400;\">Det spanska trafikverket (DGT) har sagt att de kommer att s\u00e4nka den till\u00e5tna alkoholniv\u00e5n i blodet f\u00f6r bilf\u00f6rare under 2025. Beslutet sker i enlighet med regeringens f\u00f6rslag att uppdatera trafikreglerna i landet som har r\u00f6stats igenom i parlamentet. Det inneb\u00e4r att maxgr\u00e4nsen f\u00f6r bilf\u00f6rare s\u00e4nks fr\u00e5n 0,5 gram alkohol per liter blod till 0,2.\u00a0<\/span><\/p>\n<p><span style=\"font-weight: 400;\">De uppdaterade lagarna g\u00e4ller inte \u00e4nnu men de ska enligt planen tr\u00e4da i kraft under \u00e5ret. De kommer \u00e4ven inneb\u00e4ra uppdaterade b\u00f6tesbelopp f\u00f6r dem som inte f\u00f6ljer reglerna.<\/span><\/p>\n<p><span style=\"font-weight: 400;\">DGT s\u00e4ger att alkoholp\u00e5verkade f\u00f6rare \u00e4r en av de mest frekventa orsakerna till olyckor i trafiken. De uppskattar att de ligger bakom mellan 30 och 50 procent av alla d\u00f6dliga olyckor p\u00e5 v\u00e4garna. Myndigheten understryker att dessa olyckor och d\u00f6dsfall skulle kunnat undvikas om alla landets f\u00f6rare hade en ansvarsfull alkoholkonsumtion och l\u00e4t bli att k\u00f6ra n\u00e4r de var p\u00e5verkade.\u00a0<\/span><\/p>\n<p><span style=\"font-weight: 400;\">DGT m\u00e4ter alkoholniv\u00e5n i gram per liter (g\/l) eller dess motsvarighet i utandad luft.\u00a0<\/span><\/p>\n<p><span style=\"font-weight: 400;\">I dagsl\u00e4get g\u00e4ller dessa niv\u00e5er:\u00a0<\/span><\/p>\n<p><span style=\"font-weight: 400;\">Nyb\u00f6rjare och professionella f\u00f6rare:\u00a0<\/span><\/p>\n<p><strong>&#8211; Blodniv\u00e5: 0,3g\/l<\/strong><\/p>\n<p><strong>&#8211; Utandning: 0,15mg\/l<\/strong><\/p>\n<p><span style=\"font-weight: 400;\">Andra:\u00a0<\/span><\/p>\n<p><strong>&#8211; Blodniv\u00e5: 0,5g\/l<\/strong><\/p>\n<p><strong>&#8211; Utandning: 0,2mg\/l<\/strong><\/p>\n<h2><span style=\"font-weight: 400;\">\u00c4ndringar<\/span><\/h2>\n<p><span style=\"font-weight: 400;\">De nya reglerna inneb\u00e4r att maxgr\u00e4nsen p\u00e5 blodniv\u00e5n s\u00e4nks till 0,2g\/l och vid utandning till 0,10mg\/l f\u00f6r alla f\u00f6rare. Det betyder att Spanien l\u00e4gger sig p\u00e5 samma niv\u00e5 som tre andra EU-l\u00e4nder: Sverige, Polen och Estland. I unionen finns dessutom fyra l\u00e4nder som satt gr\u00e4nsen vid 0,0g\/l. De \u00e4r Slovakien, Ungern, Tjeckien och Rum\u00e4nien.\u00a0<\/span><\/p>\n","protected":false},"excerpt":{"rendered":"<p>F\u00f6r att g\u00f6ra v\u00e4garna s\u00e4krare har trafikverket beslutat att inf\u00f6ra str\u00e4ngare regler n\u00e4r det g\u00e4ller att k\u00f6ra bil efter att ha druckit alkohol.\u00a0<\/p>\n","protected":false},"author":14,"featured_media":78968,"comment_status":"closed","ping_status":"closed","sticky":false,"template":"","format":"standard","meta":{"_et_pb_use_builder":"","_et_pb_old_content":"","_et_gb_content_width":"","footnotes":""},"categories":[395,3],"tags":[],"class_list":["post-78949","post","type-post","status-publish","format-standard","has-post-thumbnail","hentry","category-arkiv-nyheter","category-nyheter"],"yoast_head":"<!-- This site is optimized with the Yoast SEO Premium plugin v26.2 (Yoast SEO v27.4) - https:\/\/yoast.com\/product\/yoast-seo-premium-wordpress\/ -->\n<title>Spanien s\u00e4nker den till\u00e5tna alkoholniv\u00e5n f\u00f6r bilf\u00f6rare - Svenska Magasinet<\/title>\n<meta name=\"robots\" content=\"noindex, follow, max-snippet:-1, max-image-preview:large, max-video-preview:-1\" \/>\n<meta property=\"og:locale\" content=\"sv_SE\" \/>\n<meta property=\"og:type\" content=\"article\" \/>\n<meta property=\"og:title\" content=\"Spanien s\u00e4nker den till\u00e5tna alkoholniv\u00e5n f\u00f6r bilf\u00f6rare\" \/>\n<meta property=\"og:description\" content=\"F\u00f6r att g\u00f6ra v\u00e4garna s\u00e4krare har trafikverket beslutat att inf\u00f6ra str\u00e4ngare regler n\u00e4r det g\u00e4ller att k\u00f6ra bil efter att ha druckit alkohol.\u00a0\" \/>\n<meta property=\"og:url\" content=\"https:\/\/lightweb.dev\/l\/svm-temp\/nyheter\/spanien-sanker-den-tillatna-alkoholnivan-for-bilforare\/\" \/>\n<meta property=\"og:site_name\" content=\"Svenska Magasinet\" \/>\n<meta property=\"article:publisher\" content=\"https:\/\/www.facebook.com\/svenskamagasinet\" \/>\n<meta property=\"article:published_time\" content=\"2025-02-11T13:35:16+00:00\" \/>\n<meta property=\"og:image\" content=\"https:\/\/lightweb.dev\/l\/svm-temp\/wp-content\/uploads\/2025\/02\/svm20250211133401.webp\" \/>\n\t<meta property=\"og:image:width\" content=\"900\" \/>\n\t<meta property=\"og:image:height\" content=\"400\" \/>\n\t<meta property=\"og:image:type\" content=\"image\/webp\" \/>\n<meta name=\"author\" content=\"Robbie Eriksson\" \/>\n<meta name=\"twitter:card\" content=\"summary_large_image\" \/>\n<meta name=\"twitter:creator\" content=\"@SvenskaMagasine\" \/>\n<meta name=\"twitter:site\" content=\"@SvenskaMagasine\" \/>\n<script type=\"application\/ld+json\" class=\"yoast-schema-graph\">{\"@context\":\"https:\\\/\\\/schema.org\",\"@graph\":[{\"@type\":\"Article\",\"@id\":\"https:\\\/\\\/lightweb.dev\\\/l\\\/svm-temp\\\/nyheter\\\/spanien-sanker-den-tillatna-alkoholnivan-for-bilforare\\\/#article\",\"isPartOf\":{\"@id\":\"https:\\\/\\\/lightweb.dev\\\/l\\\/svm-temp\\\/nyheter\\\/spanien-sanker-den-tillatna-alkoholnivan-for-bilforare\\\/\"},\"author\":{\"name\":\"Robbie Eriksson\",\"@id\":\"https:\\\/\\\/lightweb.dev\\\/l\\\/svm-temp\\\/#\\\/schema\\\/person\\\/caffe038990d25722f5a04a03c906a2b\"},\"headline\":\"Spanien s\u00e4nker den till\u00e5tna alkoholniv\u00e5n f\u00f6r bilf\u00f6rare\",\"datePublished\":\"2025-02-11T13:35:16+00:00\",\"mainEntityOfPage\":{\"@id\":\"https:\\\/\\\/lightweb.dev\\\/l\\\/svm-temp\\\/nyheter\\\/spanien-sanker-den-tillatna-alkoholnivan-for-bilforare\\\/\"},\"wordCount\":328,\"publisher\":{\"@id\":\"https:\\\/\\\/lightweb.dev\\\/l\\\/svm-temp\\\/#organization\"},\"image\":{\"@id\":\"https:\\\/\\\/lightweb.dev\\\/l\\\/svm-temp\\\/nyheter\\\/spanien-sanker-den-tillatna-alkoholnivan-for-bilforare\\\/#primaryimage\"},\"thumbnailUrl\":\"https:\\\/\\\/lightweb.dev\\\/l\\\/svm-temp\\\/wp-content\\\/uploads\\\/2025\\\/02\\\/svm20250211133401.webp\",\"articleSection\":[\"Arkiv\",\"Nyheter\"],\"inLanguage\":\"sv-SE\"},{\"@type\":\"WebPage\",\"@id\":\"https:\\\/\\\/lightweb.dev\\\/l\\\/svm-temp\\\/nyheter\\\/spanien-sanker-den-tillatna-alkoholnivan-for-bilforare\\\/\",\"url\":\"https:\\\/\\\/lightweb.dev\\\/l\\\/svm-temp\\\/nyheter\\\/spanien-sanker-den-tillatna-alkoholnivan-for-bilforare\\\/\",\"name\":\"Spanien s\u00e4nker den till\u00e5tna alkoholniv\u00e5n f\u00f6r bilf\u00f6rare - Svenska Magasinet\",\"isPartOf\":{\"@id\":\"https:\\\/\\\/lightweb.dev\\\/l\\\/svm-temp\\\/#website\"},\"primaryImageOfPage\":{\"@id\":\"https:\\\/\\\/lightweb.dev\\\/l\\\/svm-temp\\\/nyheter\\\/spanien-sanker-den-tillatna-alkoholnivan-for-bilforare\\\/#primaryimage\"},\"image\":{\"@id\":\"https:\\\/\\\/lightweb.dev\\\/l\\\/svm-temp\\\/nyheter\\\/spanien-sanker-den-tillatna-alkoholnivan-for-bilforare\\\/#primaryimage\"},\"thumbnailUrl\":\"https:\\\/\\\/lightweb.dev\\\/l\\\/svm-temp\\\/wp-content\\\/uploads\\\/2025\\\/02\\\/svm20250211133401.webp\",\"datePublished\":\"2025-02-11T13:35:16+00:00\",\"breadcrumb\":{\"@id\":\"https:\\\/\\\/lightweb.dev\\\/l\\\/svm-temp\\\/nyheter\\\/spanien-sanker-den-tillatna-alkoholnivan-for-bilforare\\\/#breadcrumb\"},\"inLanguage\":\"sv-SE\",\"potentialAction\":[{\"@type\":\"ReadAction\",\"target\":[\"https:\\\/\\\/lightweb.dev\\\/l\\\/svm-temp\\\/nyheter\\\/spanien-sanker-den-tillatna-alkoholnivan-for-bilforare\\\/\"]}]},{\"@type\":\"ImageObject\",\"inLanguage\":\"sv-SE\",\"@id\":\"https:\\\/\\\/lightweb.dev\\\/l\\\/svm-temp\\\/nyheter\\\/spanien-sanker-den-tillatna-alkoholnivan-for-bilforare\\\/#primaryimage\",\"url\":\"https:\\\/\\\/lightweb.dev\\\/l\\\/svm-temp\\\/wp-content\\\/uploads\\\/2025\\\/02\\\/svm20250211133401.webp\",\"contentUrl\":\"https:\\\/\\\/lightweb.dev\\\/l\\\/svm-temp\\\/wp-content\\\/uploads\\\/2025\\\/02\\\/svm20250211133401.webp\",\"width\":900,\"height\":400},{\"@type\":\"BreadcrumbList\",\"@id\":\"https:\\\/\\\/lightweb.dev\\\/l\\\/svm-temp\\\/nyheter\\\/spanien-sanker-den-tillatna-alkoholnivan-for-bilforare\\\/#breadcrumb\",\"itemListElement\":[{\"@type\":\"ListItem\",\"position\":1,\"name\":\"Hem\",\"item\":\"https:\\\/\\\/lightweb.dev\\\/l\\\/svm-temp\\\/\"},{\"@type\":\"ListItem\",\"position\":2,\"name\":\"Spanien s\u00e4nker den till\u00e5tna alkoholniv\u00e5n f\u00f6r bilf\u00f6rare\"}]},{\"@type\":\"WebSite\",\"@id\":\"https:\\\/\\\/lightweb.dev\\\/l\\\/svm-temp\\\/#website\",\"url\":\"https:\\\/\\\/lightweb.dev\\\/l\\\/svm-temp\\\/\",\"name\":\"Svenska Magasinet\",\"description\":\"Dina Spanska nyheter p&aring; Svenska\",\"publisher\":{\"@id\":\"https:\\\/\\\/lightweb.dev\\\/l\\\/svm-temp\\\/#organization\"},\"potentialAction\":[{\"@type\":\"SearchAction\",\"target\":{\"@type\":\"EntryPoint\",\"urlTemplate\":\"https:\\\/\\\/lightweb.dev\\\/l\\\/svm-temp\\\/?s={search_term_string}\"},\"query-input\":{\"@type\":\"PropertyValueSpecification\",\"valueRequired\":true,\"valueName\":\"search_term_string\"}}],\"inLanguage\":\"sv-SE\"},{\"@type\":\"Organization\",\"@id\":\"https:\\\/\\\/lightweb.dev\\\/l\\\/svm-temp\\\/#organization\",\"name\":\"Melkerson y Nott SL\",\"alternateName\":\"Svenska Magasinet\",\"url\":\"https:\\\/\\\/lightweb.dev\\\/l\\\/svm-temp\\\/\",\"logo\":{\"@type\":\"ImageObject\",\"inLanguage\":\"sv-SE\",\"@id\":\"https:\\\/\\\/lightweb.dev\\\/l\\\/svm-temp\\\/#\\\/schema\\\/logo\\\/image\\\/\",\"url\":\"https:\\\/\\\/lightweb.dev\\\/l\\\/svm-temp\\\/wp-content\\\/uploads\\\/2025\\\/02\\\/SvM-logo-Xtra-Centrerad-SVART.png\",\"contentUrl\":\"https:\\\/\\\/lightweb.dev\\\/l\\\/svm-temp\\\/wp-content\\\/uploads\\\/2025\\\/02\\\/SvM-logo-Xtra-Centrerad-SVART.png\",\"width\":300,\"height\":99,\"caption\":\"Melkerson y Nott SL\"},\"image\":{\"@id\":\"https:\\\/\\\/lightweb.dev\\\/l\\\/svm-temp\\\/#\\\/schema\\\/logo\\\/image\\\/\"},\"sameAs\":[\"https:\\\/\\\/www.facebook.com\\\/svenskamagasinet\",\"https:\\\/\\\/x.com\\\/SvenskaMagasine\"]},{\"@type\":\"Person\",\"@id\":\"https:\\\/\\\/lightweb.dev\\\/l\\\/svm-temp\\\/#\\\/schema\\\/person\\\/caffe038990d25722f5a04a03c906a2b\",\"name\":\"Robbie Eriksson\",\"sameAs\":[\"https:\\\/\\\/lightweb.dev\\\/l\\\/svm-temp\"],\"url\":\"https:\\\/\\\/lightweb.dev\\\/l\\\/svm-temp\\\/reporter\\\/robbie-eriksson\\\/\"}]}<\/script>\n<!-- \/ Yoast SEO Premium plugin. -->","yoast_head_json":{"title":"Spanien s\u00e4nker den till\u00e5tna alkoholniv\u00e5n f\u00f6r bilf\u00f6rare - Svenska Magasinet","robots":{"index":"noindex","follow":"follow","max-snippet":"max-snippet:-1","max-image-preview":"max-image-preview:large","max-video-preview":"max-video-preview:-1"},"og_locale":"sv_SE","og_type":"article","og_title":"Spanien s\u00e4nker den till\u00e5tna alkoholniv\u00e5n f\u00f6r bilf\u00f6rare","og_description":"F\u00f6r att g\u00f6ra v\u00e4garna s\u00e4krare har trafikverket beslutat att inf\u00f6ra str\u00e4ngare regler n\u00e4r det g\u00e4ller att k\u00f6ra bil efter att ha druckit alkohol.\u00a0","og_url":"https:\/\/lightweb.dev\/l\/svm-temp\/nyheter\/spanien-sanker-den-tillatna-alkoholnivan-for-bilforare\/","og_site_name":"Svenska Magasinet","article_publisher":"https:\/\/www.facebook.com\/svenskamagasinet","article_published_time":"2025-02-11T13:35:16+00:00","og_image":[{"width":900,"height":400,"url":"https:\/\/lightweb.dev\/l\/svm-temp\/wp-content\/uploads\/2025\/02\/svm20250211133401.webp","type":"image\/webp"}],"author":"Robbie Eriksson","twitter_card":"summary_large_image","twitter_creator":"@SvenskaMagasine","twitter_site":"@SvenskaMagasine","schema":{"@context":"https:\/\/schema.org","@graph":[{"@type":"Article","@id":"https:\/\/lightweb.dev\/l\/svm-temp\/nyheter\/spanien-sanker-den-tillatna-alkoholnivan-for-bilforare\/#article","isPartOf":{"@id":"https:\/\/lightweb.dev\/l\/svm-temp\/nyheter\/spanien-sanker-den-tillatna-alkoholnivan-for-bilforare\/"},"author":{"name":"Robbie Eriksson","@id":"https:\/\/lightweb.dev\/l\/svm-temp\/#\/schema\/person\/caffe038990d25722f5a04a03c906a2b"},"headline":"Spanien s\u00e4nker den till\u00e5tna alkoholniv\u00e5n f\u00f6r bilf\u00f6rare","datePublished":"2025-02-11T13:35:16+00:00","mainEntityOfPage":{"@id":"https:\/\/lightweb.dev\/l\/svm-temp\/nyheter\/spanien-sanker-den-tillatna-alkoholnivan-for-bilforare\/"},"wordCount":328,"publisher":{"@id":"https:\/\/lightweb.dev\/l\/svm-temp\/#organization"},"image":{"@id":"https:\/\/lightweb.dev\/l\/svm-temp\/nyheter\/spanien-sanker-den-tillatna-alkoholnivan-for-bilforare\/#primaryimage"},"thumbnailUrl":"https:\/\/lightweb.dev\/l\/svm-temp\/wp-content\/uploads\/2025\/02\/svm20250211133401.webp","articleSection":["Arkiv","Nyheter"],"inLanguage":"sv-SE"},{"@type":"WebPage","@id":"https:\/\/lightweb.dev\/l\/svm-temp\/nyheter\/spanien-sanker-den-tillatna-alkoholnivan-for-bilforare\/","url":"https:\/\/lightweb.dev\/l\/svm-temp\/nyheter\/spanien-sanker-den-tillatna-alkoholnivan-for-bilforare\/","name":"Spanien s\u00e4nker den till\u00e5tna alkoholniv\u00e5n f\u00f6r bilf\u00f6rare - Svenska Magasinet","isPartOf":{"@id":"https:\/\/lightweb.dev\/l\/svm-temp\/#website"},"primaryImageOfPage":{"@id":"https:\/\/lightweb.dev\/l\/svm-temp\/nyheter\/spanien-sanker-den-tillatna-alkoholnivan-for-bilforare\/#primaryimage"},"image":{"@id":"https:\/\/lightweb.dev\/l\/svm-temp\/nyheter\/spanien-sanker-den-tillatna-alkoholnivan-for-bilforare\/#primaryimage"},"thumbnailUrl":"https:\/\/lightweb.dev\/l\/svm-temp\/wp-content\/uploads\/2025\/02\/svm20250211133401.webp","datePublished":"2025-02-11T13:35:16+00:00","breadcrumb":{"@id":"https:\/\/lightweb.dev\/l\/svm-temp\/nyheter\/spanien-sanker-den-tillatna-alkoholnivan-for-bilforare\/#breadcrumb"},"inLanguage":"sv-SE","potentialAction":[{"@type":"ReadAction","target":["https:\/\/lightweb.dev\/l\/svm-temp\/nyheter\/spanien-sanker-den-tillatna-alkoholnivan-for-bilforare\/"]}]},{"@type":"ImageObject","inLanguage":"sv-SE","@id":"https:\/\/lightweb.dev\/l\/svm-temp\/nyheter\/spanien-sanker-den-tillatna-alkoholnivan-for-bilforare\/#primaryimage","url":"https:\/\/lightweb.dev\/l\/svm-temp\/wp-content\/uploads\/2025\/02\/svm20250211133401.webp","contentUrl":"https:\/\/lightweb.dev\/l\/svm-temp\/wp-content\/uploads\/2025\/02\/svm20250211133401.webp","width":900,"height":400},{"@type":"BreadcrumbList","@id":"https:\/\/lightweb.dev\/l\/svm-temp\/nyheter\/spanien-sanker-den-tillatna-alkoholnivan-for-bilforare\/#breadcrumb","itemListElement":[{"@type":"ListItem","position":1,"name":"Hem","item":"https:\/\/lightweb.dev\/l\/svm-temp\/"},{"@type":"ListItem","position":2,"name":"Spanien s\u00e4nker den till\u00e5tna alkoholniv\u00e5n f\u00f6r bilf\u00f6rare"}]},{"@type":"WebSite","@id":"https:\/\/lightweb.dev\/l\/svm-temp\/#website","url":"https:\/\/lightweb.dev\/l\/svm-temp\/","name":"Svenska Magasinet","description":"Dina Spanska nyheter p&aring; Svenska","publisher":{"@id":"https:\/\/lightweb.dev\/l\/svm-temp\/#organization"},"potentialAction":[{"@type":"SearchAction","target":{"@type":"EntryPoint","urlTemplate":"https:\/\/lightweb.dev\/l\/svm-temp\/?s={search_term_string}"},"query-input":{"@type":"PropertyValueSpecification","valueRequired":true,"valueName":"search_term_string"}}],"inLanguage":"sv-SE"},{"@type":"Organization","@id":"https:\/\/lightweb.dev\/l\/svm-temp\/#organization","name":"Melkerson y Nott SL","alternateName":"Svenska Magasinet","url":"https:\/\/lightweb.dev\/l\/svm-temp\/","logo":{"@type":"ImageObject","inLanguage":"sv-SE","@id":"https:\/\/lightweb.dev\/l\/svm-temp\/#\/schema\/logo\/image\/","url":"https:\/\/lightweb.dev\/l\/svm-temp\/wp-content\/uploads\/2025\/02\/SvM-logo-Xtra-Centrerad-SVART.png","contentUrl":"https:\/\/lightweb.dev\/l\/svm-temp\/wp-content\/uploads\/2025\/02\/SvM-logo-Xtra-Centrerad-SVART.png","width":300,"height":99,"caption":"Melkerson y Nott SL"},"image":{"@id":"https:\/\/lightweb.dev\/l\/svm-temp\/#\/schema\/logo\/image\/"},"sameAs":["https:\/\/www.facebook.com\/svenskamagasinet","https:\/\/x.com\/SvenskaMagasine"]},{"@type":"Person","@id":"https:\/\/lightweb.dev\/l\/svm-temp\/#\/schema\/person\/caffe038990d25722f5a04a03c906a2b","name":"Robbie Eriksson","sameAs":["https:\/\/lightweb.dev\/l\/svm-temp"],"url":"https:\/\/lightweb.dev\/l\/svm-temp\/reporter\/robbie-eriksson\/"}]}},"_links":{"self":[{"href":"https:\/\/lightweb.dev\/l\/svm-temp\/wp-json\/wp\/v2\/posts\/78949","targetHints":{"allow":["GET"]}}],"collection":[{"href":"https:\/\/lightweb.dev\/l\/svm-temp\/wp-json\/wp\/v2\/posts"}],"about":[{"href":"https:\/\/lightweb.dev\/l\/svm-temp\/wp-json\/wp\/v2\/types\/post"}],"author":[{"embeddable":true,"href":"https:\/\/lightweb.dev\/l\/svm-temp\/wp-json\/wp\/v2\/users\/14"}],"replies":[{"embeddable":true,"href":"https:\/\/lightweb.dev\/l\/svm-temp\/wp-json\/wp\/v2\/comments?post=78949"}],"version-history":[{"count":0,"href":"https:\/\/lightweb.dev\/l\/svm-temp\/wp-json\/wp\/v2\/posts\/78949\/revisions"}],"wp:featuredmedia":[{"embeddable":true,"href":"https:\/\/lightweb.dev\/l\/svm-temp\/wp-json\/wp\/v2\/media\/78968"}],"wp:attachment":[{"href":"https:\/\/lightweb.dev\/l\/svm-temp\/wp-json\/wp\/v2\/media?parent=78949"}],"wp:term":[{"taxonomy":"category","embeddable":true,"href":"https:\/\/lightweb.dev\/l\/svm-temp\/wp-json\/wp\/v2\/categories?post=78949"},{"taxonomy":"post_tag","embeddable":true,"href":"https:\/\/lightweb.dev\/l\/svm-temp\/wp-json\/wp\/v2\/tags?post=78949"}],"curies":[{"name":"wp","href":"https:\/\/api.w.org\/{rel}","templated":true}]}}