{"id":79192,"date":"2025-02-12T09:45:31","date_gmt":"2025-02-12T08:45:31","guid":{"rendered":"https:\/\/lightweb.dev\/l\/svm-temp\/?p=79192"},"modified":"2025-02-12T09:46:00","modified_gmt":"2025-02-12T08:46:00","slug":"nya-satsningar-ska-medverka-till-att-inlandsbyar-inte-avfolkas","status":"publish","type":"post","link":"https:\/\/lightweb.dev\/l\/svm-temp\/nyheter\/nya-satsningar-ska-medverka-till-att-inlandsbyar-inte-avfolkas\/","title":{"rendered":"Nya satsningar ska medverka till att inlandsbyar inte avfolkas"},"content":{"rendered":"<p><strong>5G-t\u00e4ckning, b\u00e4ttre elf\u00f6rs\u00f6rjning, vatttenledningar, nya vandringsleder och v\u00e4gar och en satsning p\u00e5 en biomassaanl\u00e4ggning vid den gamla tippen i Casarabonela.<\/strong><\/p>\n<p>Det \u00e4r satsningar p\u00e5 nio respektive 23 samh\u00e4llen i Sierra de las Nieves och Serran\u00eda de Ronda som f\u00e5r nytta av Agenda Rural och Urbana som t\u00e4cks till stora delar av EU:s \u00e5terh\u00e4mtningsfond.<\/p>\n<p><img loading=\"lazy\" decoding=\"async\" class=\"alignnone wp-image-79190 size-full\" src=\"https:\/\/lightweb.dev\/l\/svm-temp\/wp-content\/uploads\/2025\/02\/svm20250212083850.webp\" alt=\"\" width=\"900\" height=\"400\" srcset=\"https:\/\/lightweb.dev\/l\/svm-temp\/wp-content\/uploads\/2025\/02\/svm20250212083850.webp 900w, https:\/\/lightweb.dev\/l\/svm-temp\/wp-content\/uploads\/2025\/02\/svm20250212083850-480x213.webp 480w\" sizes=\"(min-width: 0px) and (max-width: 480px) 480px, (min-width: 481px) 900px, 100vw\" \/><\/p>\n<p>Satsningen presenterades i samband med en presstr\u00e4ff i klostret Convento de Santo Domingo i Ronda d\u00e4r samtliga borgm\u00e4stare deltog.<\/p>\n<p>Provinsstyrelsens ordf\u00f6rande Francisco Salado s\u00e4ger Sierra de las Nieves och Serran\u00eda de Ronda t\u00e4cker en stor del av provinsen, faktiskt tv\u00e5 fj\u00e4rdedelar. Flera byar och samh\u00e4llen lider av avfolkning.<\/p>\n<p>Satsningen omfattar totalt 83 projekt som har klassificerats som strategiska som att \u00e5terst\u00e4lla jordbruksmarker och skapa n\u00e4tverk f\u00f6r att fr\u00e4mja bete. Men ocks\u00e5 anv\u00e4ndning av skogsavfall som en k\u00e4lla till h\u00e5llbar energi.<\/p>\n<p>Projekten finansieras p\u00e5 olika s\u00e4tt och fokuserar \u00e4ven p\u00e5 bioekonomin, en ekonomi d\u00e4r material, kemikalier och energi har sitt ursprung i f\u00f6rnybara biobaserade r\u00e5varor.<\/p>\n<p>Bland annat ska pannor och biomassa-v\u00e4rmen\u00e4t installeras i Valle del Genal och Valle del Guadiaro.<\/p>\n","protected":false},"excerpt":{"rendered":"<p>5G-t\u00e4ckning, b\u00e4ttre elf\u00f6rs\u00f6rjning, vatttenledningar, nya vandringsleder och v\u00e4gar och en satsning p\u00e5 en biomassaanl\u00e4ggning vid den gamla tippen i Casarabonela&#8230;<\/p>\n","protected":false},"author":7,"featured_media":79191,"comment_status":"closed","ping_status":"closed","sticky":false,"template":"","format":"standard","meta":{"_et_pb_use_builder":"","_et_pb_old_content":"","_et_gb_content_width":"","footnotes":""},"categories":[284,3],"tags":[],"class_list":["post-79192","post","type-post","status-publish","format-standard","has-post-thumbnail","hentry","category-inrikes","category-nyheter"],"yoast_head":"<!-- This site is optimized with the Yoast SEO Premium plugin v26.2 (Yoast SEO v27.4) - https:\/\/yoast.com\/product\/yoast-seo-premium-wordpress\/ -->\n<title>Nya satsningar ska medverka till att inlandsbyar inte avfolkas - Svenska Magasinet<\/title>\n<meta name=\"description\" content=\"5G-t\u00e4ckning, b\u00e4ttre elf\u00f6rs\u00f6rjning, vatttenledningar, nya vandringsleder och v\u00e4gar och en satsning p\u00e5 en biomassaanl\u00e4ggning vid den gamla tippen i Casarabonela.\" \/>\n<meta name=\"robots\" content=\"noindex, follow, max-snippet:-1, max-image-preview:large, max-video-preview:-1\" \/>\n<meta property=\"og:locale\" content=\"sv_SE\" \/>\n<meta property=\"og:type\" content=\"article\" \/>\n<meta property=\"og:title\" content=\"Nya satsningar ska medverka till att inlandsbyar inte avfolkas\" \/>\n<meta property=\"og:description\" content=\"5G-t\u00e4ckning, b\u00e4ttre elf\u00f6rs\u00f6rjning, vatttenledningar, nya vandringsleder och v\u00e4gar och en satsning p\u00e5 en biomassaanl\u00e4ggning vid den gamla tippen i Casarabonela.\" \/>\n<meta property=\"og:url\" content=\"https:\/\/lightweb.dev\/l\/svm-temp\/nyheter\/lokalt\/nya-satsningar-ska-medverka-till-att-inlandsbyar-inte-avfolkas\/\" \/>\n<meta property=\"og:site_name\" content=\"Svenska Magasinet\" \/>\n<meta property=\"article:publisher\" content=\"https:\/\/www.facebook.com\/svenskamagasinet\" \/>\n<meta property=\"article:published_time\" content=\"2025-02-12T08:45:31+00:00\" \/>\n<meta property=\"article:modified_time\" content=\"2025-02-12T08:46:00+00:00\" \/>\n<meta property=\"og:image\" content=\"https:\/\/lightweb.dev\/l\/svm-temp\/wp-content\/uploads\/2025\/02\/svm20250212083929.webp\" \/>\n\t<meta property=\"og:image:width\" content=\"900\" \/>\n\t<meta property=\"og:image:height\" content=\"400\" \/>\n\t<meta property=\"og:image:type\" content=\"image\/webp\" \/>\n<meta name=\"author\" content=\"Ola Josefsson\" \/>\n<meta name=\"twitter:card\" content=\"summary_large_image\" \/>\n<meta name=\"twitter:creator\" content=\"@SvenskaMagasine\" \/>\n<meta name=\"twitter:site\" content=\"@SvenskaMagasine\" \/>\n<script type=\"application\/ld+json\" class=\"yoast-schema-graph\">{\"@context\":\"https:\\\/\\\/schema.org\",\"@graph\":[{\"@type\":\"Article\",\"@id\":\"https:\\\/\\\/lightweb.dev\\\/l\\\/svm-temp\\\/nyheter\\\/lokalt\\\/nya-satsningar-ska-medverka-till-att-inlandsbyar-inte-avfolkas\\\/#article\",\"isPartOf\":{\"@id\":\"https:\\\/\\\/lightweb.dev\\\/l\\\/svm-temp\\\/nyheter\\\/lokalt\\\/nya-satsningar-ska-medverka-till-att-inlandsbyar-inte-avfolkas\\\/\"},\"author\":{\"name\":\"Ola Josefsson\",\"@id\":\"https:\\\/\\\/lightweb.dev\\\/l\\\/svm-temp\\\/#\\\/schema\\\/person\\\/7a82b8a73d171d32360a564b6d03508e\"},\"headline\":\"Nya satsningar ska medverka till att inlandsbyar inte avfolkas\",\"datePublished\":\"2025-02-12T08:45:31+00:00\",\"dateModified\":\"2025-02-12T08:46:00+00:00\",\"mainEntityOfPage\":{\"@id\":\"https:\\\/\\\/lightweb.dev\\\/l\\\/svm-temp\\\/nyheter\\\/lokalt\\\/nya-satsningar-ska-medverka-till-att-inlandsbyar-inte-avfolkas\\\/\"},\"wordCount\":213,\"publisher\":{\"@id\":\"https:\\\/\\\/lightweb.dev\\\/l\\\/svm-temp\\\/#organization\"},\"image\":{\"@id\":\"https:\\\/\\\/lightweb.dev\\\/l\\\/svm-temp\\\/nyheter\\\/lokalt\\\/nya-satsningar-ska-medverka-till-att-inlandsbyar-inte-avfolkas\\\/#primaryimage\"},\"thumbnailUrl\":\"https:\\\/\\\/lightweb.dev\\\/l\\\/svm-temp\\\/wp-content\\\/uploads\\\/2025\\\/02\\\/svm20250212083929.webp\",\"articleSection\":[\"Inrikes\",\"Nyheter\"],\"inLanguage\":\"sv-SE\"},{\"@type\":\"WebPage\",\"@id\":\"https:\\\/\\\/lightweb.dev\\\/l\\\/svm-temp\\\/nyheter\\\/lokalt\\\/nya-satsningar-ska-medverka-till-att-inlandsbyar-inte-avfolkas\\\/\",\"url\":\"https:\\\/\\\/lightweb.dev\\\/l\\\/svm-temp\\\/nyheter\\\/lokalt\\\/nya-satsningar-ska-medverka-till-att-inlandsbyar-inte-avfolkas\\\/\",\"name\":\"Nya satsningar ska medverka till att inlandsbyar inte avfolkas - Svenska Magasinet\",\"isPartOf\":{\"@id\":\"https:\\\/\\\/lightweb.dev\\\/l\\\/svm-temp\\\/#website\"},\"primaryImageOfPage\":{\"@id\":\"https:\\\/\\\/lightweb.dev\\\/l\\\/svm-temp\\\/nyheter\\\/lokalt\\\/nya-satsningar-ska-medverka-till-att-inlandsbyar-inte-avfolkas\\\/#primaryimage\"},\"image\":{\"@id\":\"https:\\\/\\\/lightweb.dev\\\/l\\\/svm-temp\\\/nyheter\\\/lokalt\\\/nya-satsningar-ska-medverka-till-att-inlandsbyar-inte-avfolkas\\\/#primaryimage\"},\"thumbnailUrl\":\"https:\\\/\\\/lightweb.dev\\\/l\\\/svm-temp\\\/wp-content\\\/uploads\\\/2025\\\/02\\\/svm20250212083929.webp\",\"datePublished\":\"2025-02-12T08:45:31+00:00\",\"dateModified\":\"2025-02-12T08:46:00+00:00\",\"description\":\"5G-t\u00e4ckning, b\u00e4ttre elf\u00f6rs\u00f6rjning, vatttenledningar, nya vandringsleder och v\u00e4gar och en satsning p\u00e5 en biomassaanl\u00e4ggning vid den gamla tippen i Casarabonela.\",\"breadcrumb\":{\"@id\":\"https:\\\/\\\/lightweb.dev\\\/l\\\/svm-temp\\\/nyheter\\\/lokalt\\\/nya-satsningar-ska-medverka-till-att-inlandsbyar-inte-avfolkas\\\/#breadcrumb\"},\"inLanguage\":\"sv-SE\",\"potentialAction\":[{\"@type\":\"ReadAction\",\"target\":[\"https:\\\/\\\/lightweb.dev\\\/l\\\/svm-temp\\\/nyheter\\\/lokalt\\\/nya-satsningar-ska-medverka-till-att-inlandsbyar-inte-avfolkas\\\/\"]}]},{\"@type\":\"ImageObject\",\"inLanguage\":\"sv-SE\",\"@id\":\"https:\\\/\\\/lightweb.dev\\\/l\\\/svm-temp\\\/nyheter\\\/lokalt\\\/nya-satsningar-ska-medverka-till-att-inlandsbyar-inte-avfolkas\\\/#primaryimage\",\"url\":\"https:\\\/\\\/lightweb.dev\\\/l\\\/svm-temp\\\/wp-content\\\/uploads\\\/2025\\\/02\\\/svm20250212083929.webp\",\"contentUrl\":\"https:\\\/\\\/lightweb.dev\\\/l\\\/svm-temp\\\/wp-content\\\/uploads\\\/2025\\\/02\\\/svm20250212083929.webp\",\"width\":900,\"height\":400,\"caption\":\"Genalguacil i Ronda-omr\u00e5det.\"},{\"@type\":\"BreadcrumbList\",\"@id\":\"https:\\\/\\\/lightweb.dev\\\/l\\\/svm-temp\\\/nyheter\\\/lokalt\\\/nya-satsningar-ska-medverka-till-att-inlandsbyar-inte-avfolkas\\\/#breadcrumb\",\"itemListElement\":[{\"@type\":\"ListItem\",\"position\":1,\"name\":\"Hem\",\"item\":\"https:\\\/\\\/lightweb.dev\\\/l\\\/svm-temp\\\/\"},{\"@type\":\"ListItem\",\"position\":2,\"name\":\"Nya satsningar ska medverka till att inlandsbyar inte avfolkas\"}]},{\"@type\":\"WebSite\",\"@id\":\"https:\\\/\\\/lightweb.dev\\\/l\\\/svm-temp\\\/#website\",\"url\":\"https:\\\/\\\/lightweb.dev\\\/l\\\/svm-temp\\\/\",\"name\":\"Svenska Magasinet\",\"description\":\"Dina Spanska nyheter p&aring; Svenska\",\"publisher\":{\"@id\":\"https:\\\/\\\/lightweb.dev\\\/l\\\/svm-temp\\\/#organization\"},\"potentialAction\":[{\"@type\":\"SearchAction\",\"target\":{\"@type\":\"EntryPoint\",\"urlTemplate\":\"https:\\\/\\\/lightweb.dev\\\/l\\\/svm-temp\\\/?s={search_term_string}\"},\"query-input\":{\"@type\":\"PropertyValueSpecification\",\"valueRequired\":true,\"valueName\":\"search_term_string\"}}],\"inLanguage\":\"sv-SE\"},{\"@type\":\"Organization\",\"@id\":\"https:\\\/\\\/lightweb.dev\\\/l\\\/svm-temp\\\/#organization\",\"name\":\"Melkerson y Nott SL\",\"alternateName\":\"Svenska Magasinet\",\"url\":\"https:\\\/\\\/lightweb.dev\\\/l\\\/svm-temp\\\/\",\"logo\":{\"@type\":\"ImageObject\",\"inLanguage\":\"sv-SE\",\"@id\":\"https:\\\/\\\/lightweb.dev\\\/l\\\/svm-temp\\\/#\\\/schema\\\/logo\\\/image\\\/\",\"url\":\"https:\\\/\\\/lightweb.dev\\\/l\\\/svm-temp\\\/wp-content\\\/uploads\\\/2025\\\/02\\\/SvM-logo-Xtra-Centrerad-SVART.png\",\"contentUrl\":\"https:\\\/\\\/lightweb.dev\\\/l\\\/svm-temp\\\/wp-content\\\/uploads\\\/2025\\\/02\\\/SvM-logo-Xtra-Centrerad-SVART.png\",\"width\":300,\"height\":99,\"caption\":\"Melkerson y Nott SL\"},\"image\":{\"@id\":\"https:\\\/\\\/lightweb.dev\\\/l\\\/svm-temp\\\/#\\\/schema\\\/logo\\\/image\\\/\"},\"sameAs\":[\"https:\\\/\\\/www.facebook.com\\\/svenskamagasinet\",\"https:\\\/\\\/x.com\\\/SvenskaMagasine\"]},{\"@type\":\"Person\",\"@id\":\"https:\\\/\\\/lightweb.dev\\\/l\\\/svm-temp\\\/#\\\/schema\\\/person\\\/7a82b8a73d171d32360a564b6d03508e\",\"name\":\"Ola Josefsson\",\"description\":\"Bevakar Solkusten och Spanien sedan 1994.\",\"sameAs\":[\"https:\\\/\\\/lightweb.dev\\\/l\\\/svm-temp\"],\"url\":\"https:\\\/\\\/lightweb.dev\\\/l\\\/svm-temp\\\/reporter\\\/ola-josefsson\\\/\"}]}<\/script>\n<!-- \/ Yoast SEO Premium plugin. -->","yoast_head_json":{"title":"Nya satsningar ska medverka till att inlandsbyar inte avfolkas - Svenska Magasinet","description":"5G-t\u00e4ckning, b\u00e4ttre elf\u00f6rs\u00f6rjning, vatttenledningar, nya vandringsleder och v\u00e4gar och en satsning p\u00e5 en biomassaanl\u00e4ggning vid den gamla tippen i Casarabonela.","robots":{"index":"noindex","follow":"follow","max-snippet":"max-snippet:-1","max-image-preview":"max-image-preview:large","max-video-preview":"max-video-preview:-1"},"og_locale":"sv_SE","og_type":"article","og_title":"Nya satsningar ska medverka till att inlandsbyar inte avfolkas","og_description":"5G-t\u00e4ckning, b\u00e4ttre elf\u00f6rs\u00f6rjning, vatttenledningar, nya vandringsleder och v\u00e4gar och en satsning p\u00e5 en biomassaanl\u00e4ggning vid den gamla tippen i Casarabonela.","og_url":"https:\/\/lightweb.dev\/l\/svm-temp\/nyheter\/lokalt\/nya-satsningar-ska-medverka-till-att-inlandsbyar-inte-avfolkas\/","og_site_name":"Svenska Magasinet","article_publisher":"https:\/\/www.facebook.com\/svenskamagasinet","article_published_time":"2025-02-12T08:45:31+00:00","article_modified_time":"2025-02-12T08:46:00+00:00","og_image":[{"width":900,"height":400,"url":"https:\/\/lightweb.dev\/l\/svm-temp\/wp-content\/uploads\/2025\/02\/svm20250212083929.webp","type":"image\/webp"}],"author":"Ola Josefsson","twitter_card":"summary_large_image","twitter_creator":"@SvenskaMagasine","twitter_site":"@SvenskaMagasine","schema":{"@context":"https:\/\/schema.org","@graph":[{"@type":"Article","@id":"https:\/\/lightweb.dev\/l\/svm-temp\/nyheter\/lokalt\/nya-satsningar-ska-medverka-till-att-inlandsbyar-inte-avfolkas\/#article","isPartOf":{"@id":"https:\/\/lightweb.dev\/l\/svm-temp\/nyheter\/lokalt\/nya-satsningar-ska-medverka-till-att-inlandsbyar-inte-avfolkas\/"},"author":{"name":"Ola Josefsson","@id":"https:\/\/lightweb.dev\/l\/svm-temp\/#\/schema\/person\/7a82b8a73d171d32360a564b6d03508e"},"headline":"Nya satsningar ska medverka till att inlandsbyar inte avfolkas","datePublished":"2025-02-12T08:45:31+00:00","dateModified":"2025-02-12T08:46:00+00:00","mainEntityOfPage":{"@id":"https:\/\/lightweb.dev\/l\/svm-temp\/nyheter\/lokalt\/nya-satsningar-ska-medverka-till-att-inlandsbyar-inte-avfolkas\/"},"wordCount":213,"publisher":{"@id":"https:\/\/lightweb.dev\/l\/svm-temp\/#organization"},"image":{"@id":"https:\/\/lightweb.dev\/l\/svm-temp\/nyheter\/lokalt\/nya-satsningar-ska-medverka-till-att-inlandsbyar-inte-avfolkas\/#primaryimage"},"thumbnailUrl":"https:\/\/lightweb.dev\/l\/svm-temp\/wp-content\/uploads\/2025\/02\/svm20250212083929.webp","articleSection":["Inrikes","Nyheter"],"inLanguage":"sv-SE"},{"@type":"WebPage","@id":"https:\/\/lightweb.dev\/l\/svm-temp\/nyheter\/lokalt\/nya-satsningar-ska-medverka-till-att-inlandsbyar-inte-avfolkas\/","url":"https:\/\/lightweb.dev\/l\/svm-temp\/nyheter\/lokalt\/nya-satsningar-ska-medverka-till-att-inlandsbyar-inte-avfolkas\/","name":"Nya satsningar ska medverka till att inlandsbyar inte avfolkas - Svenska Magasinet","isPartOf":{"@id":"https:\/\/lightweb.dev\/l\/svm-temp\/#website"},"primaryImageOfPage":{"@id":"https:\/\/lightweb.dev\/l\/svm-temp\/nyheter\/lokalt\/nya-satsningar-ska-medverka-till-att-inlandsbyar-inte-avfolkas\/#primaryimage"},"image":{"@id":"https:\/\/lightweb.dev\/l\/svm-temp\/nyheter\/lokalt\/nya-satsningar-ska-medverka-till-att-inlandsbyar-inte-avfolkas\/#primaryimage"},"thumbnailUrl":"https:\/\/lightweb.dev\/l\/svm-temp\/wp-content\/uploads\/2025\/02\/svm20250212083929.webp","datePublished":"2025-02-12T08:45:31+00:00","dateModified":"2025-02-12T08:46:00+00:00","description":"5G-t\u00e4ckning, b\u00e4ttre elf\u00f6rs\u00f6rjning, vatttenledningar, nya vandringsleder och v\u00e4gar och en satsning p\u00e5 en biomassaanl\u00e4ggning vid den gamla tippen i Casarabonela.","breadcrumb":{"@id":"https:\/\/lightweb.dev\/l\/svm-temp\/nyheter\/lokalt\/nya-satsningar-ska-medverka-till-att-inlandsbyar-inte-avfolkas\/#breadcrumb"},"inLanguage":"sv-SE","potentialAction":[{"@type":"ReadAction","target":["https:\/\/lightweb.dev\/l\/svm-temp\/nyheter\/lokalt\/nya-satsningar-ska-medverka-till-att-inlandsbyar-inte-avfolkas\/"]}]},{"@type":"ImageObject","inLanguage":"sv-SE","@id":"https:\/\/lightweb.dev\/l\/svm-temp\/nyheter\/lokalt\/nya-satsningar-ska-medverka-till-att-inlandsbyar-inte-avfolkas\/#primaryimage","url":"https:\/\/lightweb.dev\/l\/svm-temp\/wp-content\/uploads\/2025\/02\/svm20250212083929.webp","contentUrl":"https:\/\/lightweb.dev\/l\/svm-temp\/wp-content\/uploads\/2025\/02\/svm20250212083929.webp","width":900,"height":400,"caption":"Genalguacil i Ronda-omr\u00e5det."},{"@type":"BreadcrumbList","@id":"https:\/\/lightweb.dev\/l\/svm-temp\/nyheter\/lokalt\/nya-satsningar-ska-medverka-till-att-inlandsbyar-inte-avfolkas\/#breadcrumb","itemListElement":[{"@type":"ListItem","position":1,"name":"Hem","item":"https:\/\/lightweb.dev\/l\/svm-temp\/"},{"@type":"ListItem","position":2,"name":"Nya satsningar ska medverka till att inlandsbyar inte avfolkas"}]},{"@type":"WebSite","@id":"https:\/\/lightweb.dev\/l\/svm-temp\/#website","url":"https:\/\/lightweb.dev\/l\/svm-temp\/","name":"Svenska Magasinet","description":"Dina Spanska nyheter p&aring; Svenska","publisher":{"@id":"https:\/\/lightweb.dev\/l\/svm-temp\/#organization"},"potentialAction":[{"@type":"SearchAction","target":{"@type":"EntryPoint","urlTemplate":"https:\/\/lightweb.dev\/l\/svm-temp\/?s={search_term_string}"},"query-input":{"@type":"PropertyValueSpecification","valueRequired":true,"valueName":"search_term_string"}}],"inLanguage":"sv-SE"},{"@type":"Organization","@id":"https:\/\/lightweb.dev\/l\/svm-temp\/#organization","name":"Melkerson y Nott SL","alternateName":"Svenska Magasinet","url":"https:\/\/lightweb.dev\/l\/svm-temp\/","logo":{"@type":"ImageObject","inLanguage":"sv-SE","@id":"https:\/\/lightweb.dev\/l\/svm-temp\/#\/schema\/logo\/image\/","url":"https:\/\/lightweb.dev\/l\/svm-temp\/wp-content\/uploads\/2025\/02\/SvM-logo-Xtra-Centrerad-SVART.png","contentUrl":"https:\/\/lightweb.dev\/l\/svm-temp\/wp-content\/uploads\/2025\/02\/SvM-logo-Xtra-Centrerad-SVART.png","width":300,"height":99,"caption":"Melkerson y Nott SL"},"image":{"@id":"https:\/\/lightweb.dev\/l\/svm-temp\/#\/schema\/logo\/image\/"},"sameAs":["https:\/\/www.facebook.com\/svenskamagasinet","https:\/\/x.com\/SvenskaMagasine"]},{"@type":"Person","@id":"https:\/\/lightweb.dev\/l\/svm-temp\/#\/schema\/person\/7a82b8a73d171d32360a564b6d03508e","name":"Ola Josefsson","description":"Bevakar Solkusten och Spanien sedan 1994.","sameAs":["https:\/\/lightweb.dev\/l\/svm-temp"],"url":"https:\/\/lightweb.dev\/l\/svm-temp\/reporter\/ola-josefsson\/"}]}},"_links":{"self":[{"href":"https:\/\/lightweb.dev\/l\/svm-temp\/wp-json\/wp\/v2\/posts\/79192","targetHints":{"allow":["GET"]}}],"collection":[{"href":"https:\/\/lightweb.dev\/l\/svm-temp\/wp-json\/wp\/v2\/posts"}],"about":[{"href":"https:\/\/lightweb.dev\/l\/svm-temp\/wp-json\/wp\/v2\/types\/post"}],"author":[{"embeddable":true,"href":"https:\/\/lightweb.dev\/l\/svm-temp\/wp-json\/wp\/v2\/users\/7"}],"replies":[{"embeddable":true,"href":"https:\/\/lightweb.dev\/l\/svm-temp\/wp-json\/wp\/v2\/comments?post=79192"}],"version-history":[{"count":0,"href":"https:\/\/lightweb.dev\/l\/svm-temp\/wp-json\/wp\/v2\/posts\/79192\/revisions"}],"wp:featuredmedia":[{"embeddable":true,"href":"https:\/\/lightweb.dev\/l\/svm-temp\/wp-json\/wp\/v2\/media\/79191"}],"wp:attachment":[{"href":"https:\/\/lightweb.dev\/l\/svm-temp\/wp-json\/wp\/v2\/media?parent=79192"}],"wp:term":[{"taxonomy":"category","embeddable":true,"href":"https:\/\/lightweb.dev\/l\/svm-temp\/wp-json\/wp\/v2\/categories?post=79192"},{"taxonomy":"post_tag","embeddable":true,"href":"https:\/\/lightweb.dev\/l\/svm-temp\/wp-json\/wp\/v2\/tags?post=79192"}],"curies":[{"name":"wp","href":"https:\/\/api.w.org\/{rel}","templated":true}]}}