{"id":79201,"date":"2025-02-12T10:26:10","date_gmt":"2025-02-12T09:26:10","guid":{"rendered":"https:\/\/lightweb.dev\/l\/svm-temp\/?p=79201"},"modified":"2025-02-13T09:01:11","modified_gmt":"2025-02-13T08:01:11","slug":"vildsvinsplagan-sprider-sig-nu-placeras-fallor-ut","status":"publish","type":"post","link":"https:\/\/lightweb.dev\/l\/svm-temp\/nyheter\/vildsvinsplagan-sprider-sig-nu-placeras-fallor-ut\/","title":{"rendered":"Vildsvinspl\u00e5gan sprider sig \u2013 nu placeras f\u00e4llor ut"},"content":{"rendered":"<p><strong>Ett privat f\u00f6retag har nu f\u00e5tt i uppgift att placera ut vildsvinsf\u00e4llor i Mijas kommun. Senaste tiden har vildsvin tagit sig in p\u00e5 k\u00f6pcentrum, lekparker f\u00f6r barn, tr\u00e4dg\u00e5rdar och badstr\u00e4nder. Samtidigt inneb\u00e4r vildsvinen en trafikfara.<\/strong><\/p>\n<p><strong>Efter att vildsvinen f\u00e5ngats ska de skjutas.<\/strong><\/p>\n<div id=\"attachment_79199\" style=\"width: 910px\" class=\"wp-caption alignnone\"><img loading=\"lazy\" decoding=\"async\" aria-describedby=\"caption-attachment-79199\" class=\"wp-image-79199 size-full\" src=\"https:\/\/lightweb.dev\/l\/svm-temp\/wp-content\/uploads\/2025\/02\/svm20250212091854.webp\" alt=\"\" width=\"900\" height=\"400\" srcset=\"https:\/\/lightweb.dev\/l\/svm-temp\/wp-content\/uploads\/2025\/02\/svm20250212091854.webp 900w, https:\/\/lightweb.dev\/l\/svm-temp\/wp-content\/uploads\/2025\/02\/svm20250212091854-480x213.webp 480w\" sizes=\"(min-width: 0px) and (max-width: 480px) 480px, (min-width: 481px) 900px, 100vw\" \/><p id=\"caption-attachment-79199\" class=\"wp-caption-text\">K\u00f6pcentret Miramar h\u00e4romdagen.<\/p><\/div>\n<p>Bilder p\u00e5 sociala medier visar vildsvin p\u00e5 k\u00f6pcentret Miramar i Fuengirola. F\u00f6r\u00e4ldrar har framf\u00f6rt klagom\u00e5l p\u00e5 att de inte kan bes\u00f6ka lekparker med barnen p\u00e5 grund av st\u00e4ndig n\u00e4rvaro av vildsvin.<\/p>\n<p>Fr\u00e5n bostadsomr\u00e5den i Mijas kommun kommer det klagom\u00e5l om hur vildsvinen f\u00f6rst\u00e5r tr\u00e4dg\u00e5rdar och staket. Samtidigt inneb\u00e4r det en trafikfara p\u00e5 den h\u00e5rt trafikerade A-7:an.<\/p>\n<p>Antalet vildsvin har f\u00e5tt \u00f6ka okontrollerat. Nu inser myndigheterna att n\u00e5got m\u00e5ste g\u00f6ras.<\/p>\n<h2>Anv\u00e4ndes 2023<\/h2>\n<p><a href=\"https:\/\/www.diariosur.es\/costadelsol\/mijas-adjudica-empresa-privada-captura-vivo-jabalies-20250211135726-nt.html\">Diario Sur<\/a> skriver p\u00e5 onsdagen att Mijas kommun har tagit beslut om att placera ut vildsvinsf\u00e4llor som anv\u00e4ndes 2023 men som togs tillbaka under fjol\u00e5ret.<\/p>\n<p>Det blir f\u00f6retaget Adda Ops SA som \u00e4r specialiserade p\u00e5 naturskydd som f\u00e5r uppdraget under ett \u00e5r. Ett uppdrag som kan f\u00f6rl\u00e4ngas under tre \u00e5r om problemet best\u00e5r.<\/p>\n<p>Vildsvinsf\u00e4llorna ska placeras ut i Calahonda, i omr\u00e5det Arroyo de la Cala n\u00e4ra Club La Costa och l\u00e4ngs Carretera de Mijas samt i andra omr\u00e5den med m\u00e5nga vildsvin.<\/p>\n<h2>Tv\u00e5 redskap<\/h2>\n<p>&#8211; Regionregeringen i Andalusien har godk\u00e4nt tv\u00e5 redskap till att minska best\u00e5ndet av vildsvin. Antingen genom att s\u00e4tta in b\u00e5gskyttar eller placera ut f\u00e4llor. Vi har valt det senare alternativet, s\u00e4ger Marco Cort\u00e9s, kommunalr\u00e5d f\u00f6r djurskydd.<\/p>\n<p>Efter att vildsvinen f\u00e5ngats in ska de skjutas.<\/p>\n<h2 class=\"entry-title\">L\u00e4s mer: <a href=\"https:\/\/lightweb.dev\/l\/svm-temp\/nyheter\/lokalt\/mijas-kommun-vadjar-till-allmanheten-mata-inte-vildsvin\/\">Mijas kommun v\u00e4djar till allm\u00e4nheten: Mata inte vildsvin<\/a><\/h2>\n<p>Mijas kommun inledde nyligen en kampanj d\u00e4r man v\u00e4djar till allm\u00e4nheten om att inte mata vildsvin. De som utfodrar vildsvin riskerar b\u00f6ter p\u00e5 upp till 750 euro d\u00e5 det \u00e4r f\u00f6rbjudet enligt den kommunala ordningslagen artikel 86.2.<\/p>\n<p>Djurskyddsorganisationer har \u00e5 sin sida rekommenderat att man anv\u00e4nder sig av kemisk kastrering.<\/p>\n","protected":false},"excerpt":{"rendered":"<p>Ett privat f\u00f6retag har nu f\u00e5tt i uppgift att placera ut vildsvinsf\u00e4llor i Mijas kommun. Senaste tiden har vildsvin tagit sig in p\u00e5 k\u00f6pcentrum, lekparker f\u00f6r barn, tr\u00e4dg\u00e5rdar och badstr\u00e4nder. Samtidigt inneb\u00e4r vildsvinen en trafikfara&#8230;.<\/p>\n","protected":false},"author":7,"featured_media":79200,"comment_status":"closed","ping_status":"closed","sticky":false,"template":"","format":"standard","meta":{"_et_pb_use_builder":"","_et_pb_old_content":"","_et_gb_content_width":"","footnotes":""},"categories":[284,3],"tags":[],"class_list":["post-79201","post","type-post","status-publish","format-standard","has-post-thumbnail","hentry","category-inrikes","category-nyheter"],"yoast_head":"<!-- This site is optimized with the Yoast SEO Premium plugin v26.2 (Yoast SEO v27.4) - https:\/\/yoast.com\/product\/yoast-seo-premium-wordpress\/ -->\n<title>Vildsvinspl\u00e5gan sprider sig \u2013 nu placeras f\u00e4llor ut - Svenska Magasinet<\/title>\n<meta name=\"description\" content=\"Ett privat f\u00f6retag har nu f\u00e5tt i uppgift att placera ut vildsvinsf\u00e4llor i Mijas kommun. Senaste tiden har vildsvin tagit sig in p\u00e5 k\u00f6pcentrum, lekparker f\u00f6r barn, tr\u00e4dg\u00e5rdar och badstr\u00e4nder. Samtidigt inneb\u00e4r vildsvinen en trafikfara. Efter att vildsvinen f\u00e5ngats ska de skjutas.\" \/>\n<meta name=\"robots\" content=\"noindex, follow, max-snippet:-1, max-image-preview:large, max-video-preview:-1\" \/>\n<meta property=\"og:locale\" content=\"sv_SE\" \/>\n<meta property=\"og:type\" content=\"article\" \/>\n<meta property=\"og:title\" content=\"Vildsvinspl\u00e5gan sprider sig \u2013 nu placeras f\u00e4llor ut\" \/>\n<meta property=\"og:description\" content=\"Ett privat f\u00f6retag har nu f\u00e5tt i uppgift att placera ut vildsvinsf\u00e4llor i Mijas kommun. Senaste tiden har vildsvin tagit sig in p\u00e5 k\u00f6pcentrum, lekparker f\u00f6r barn, tr\u00e4dg\u00e5rdar och badstr\u00e4nder. Samtidigt inneb\u00e4r vildsvinen en trafikfara. Efter att vildsvinen f\u00e5ngats ska de skjutas.\" \/>\n<meta property=\"og:url\" content=\"https:\/\/lightweb.dev\/l\/svm-temp\/nyheter\/lokalt\/vildsvinsplagan-sprider-sig-nu-placeras-fallor-ut\/\" \/>\n<meta property=\"og:site_name\" content=\"Svenska Magasinet\" \/>\n<meta property=\"article:publisher\" content=\"https:\/\/www.facebook.com\/svenskamagasinet\" \/>\n<meta property=\"article:published_time\" content=\"2025-02-12T09:26:10+00:00\" \/>\n<meta property=\"article:modified_time\" content=\"2025-02-13T08:01:11+00:00\" \/>\n<meta property=\"og:image\" content=\"https:\/\/lightweb.dev\/l\/svm-temp\/wp-content\/uploads\/2025\/02\/svm20250212091915.webp\" \/>\n\t<meta property=\"og:image:width\" content=\"900\" \/>\n\t<meta property=\"og:image:height\" content=\"400\" \/>\n\t<meta property=\"og:image:type\" content=\"image\/webp\" \/>\n<meta name=\"author\" content=\"Ola Josefsson\" \/>\n<meta name=\"twitter:card\" content=\"summary_large_image\" \/>\n<meta name=\"twitter:creator\" content=\"@SvenskaMagasine\" \/>\n<meta name=\"twitter:site\" content=\"@SvenskaMagasine\" \/>\n<script type=\"application\/ld+json\" class=\"yoast-schema-graph\">{\"@context\":\"https:\\\/\\\/schema.org\",\"@graph\":[{\"@type\":\"Article\",\"@id\":\"https:\\\/\\\/lightweb.dev\\\/l\\\/svm-temp\\\/nyheter\\\/lokalt\\\/vildsvinsplagan-sprider-sig-nu-placeras-fallor-ut\\\/#article\",\"isPartOf\":{\"@id\":\"https:\\\/\\\/lightweb.dev\\\/l\\\/svm-temp\\\/nyheter\\\/lokalt\\\/vildsvinsplagan-sprider-sig-nu-placeras-fallor-ut\\\/\"},\"author\":{\"name\":\"Ola Josefsson\",\"@id\":\"https:\\\/\\\/lightweb.dev\\\/l\\\/svm-temp\\\/#\\\/schema\\\/person\\\/7a82b8a73d171d32360a564b6d03508e\"},\"headline\":\"Vildsvinspl\u00e5gan sprider sig \u2013 nu placeras f\u00e4llor ut\",\"datePublished\":\"2025-02-12T09:26:10+00:00\",\"dateModified\":\"2025-02-13T08:01:11+00:00\",\"mainEntityOfPage\":{\"@id\":\"https:\\\/\\\/lightweb.dev\\\/l\\\/svm-temp\\\/nyheter\\\/lokalt\\\/vildsvinsplagan-sprider-sig-nu-placeras-fallor-ut\\\/\"},\"wordCount\":382,\"publisher\":{\"@id\":\"https:\\\/\\\/lightweb.dev\\\/l\\\/svm-temp\\\/#organization\"},\"image\":{\"@id\":\"https:\\\/\\\/lightweb.dev\\\/l\\\/svm-temp\\\/nyheter\\\/lokalt\\\/vildsvinsplagan-sprider-sig-nu-placeras-fallor-ut\\\/#primaryimage\"},\"thumbnailUrl\":\"https:\\\/\\\/lightweb.dev\\\/l\\\/svm-temp\\\/wp-content\\\/uploads\\\/2025\\\/02\\\/svm20250212091915.webp\",\"articleSection\":[\"Inrikes\",\"Nyheter\"],\"inLanguage\":\"sv-SE\"},{\"@type\":\"WebPage\",\"@id\":\"https:\\\/\\\/lightweb.dev\\\/l\\\/svm-temp\\\/nyheter\\\/lokalt\\\/vildsvinsplagan-sprider-sig-nu-placeras-fallor-ut\\\/\",\"url\":\"https:\\\/\\\/lightweb.dev\\\/l\\\/svm-temp\\\/nyheter\\\/lokalt\\\/vildsvinsplagan-sprider-sig-nu-placeras-fallor-ut\\\/\",\"name\":\"Vildsvinspl\u00e5gan sprider sig \u2013 nu placeras f\u00e4llor ut - Svenska Magasinet\",\"isPartOf\":{\"@id\":\"https:\\\/\\\/lightweb.dev\\\/l\\\/svm-temp\\\/#website\"},\"primaryImageOfPage\":{\"@id\":\"https:\\\/\\\/lightweb.dev\\\/l\\\/svm-temp\\\/nyheter\\\/lokalt\\\/vildsvinsplagan-sprider-sig-nu-placeras-fallor-ut\\\/#primaryimage\"},\"image\":{\"@id\":\"https:\\\/\\\/lightweb.dev\\\/l\\\/svm-temp\\\/nyheter\\\/lokalt\\\/vildsvinsplagan-sprider-sig-nu-placeras-fallor-ut\\\/#primaryimage\"},\"thumbnailUrl\":\"https:\\\/\\\/lightweb.dev\\\/l\\\/svm-temp\\\/wp-content\\\/uploads\\\/2025\\\/02\\\/svm20250212091915.webp\",\"datePublished\":\"2025-02-12T09:26:10+00:00\",\"dateModified\":\"2025-02-13T08:01:11+00:00\",\"description\":\"Ett privat f\u00f6retag har nu f\u00e5tt i uppgift att placera ut vildsvinsf\u00e4llor i Mijas kommun. Senaste tiden har vildsvin tagit sig in p\u00e5 k\u00f6pcentrum, lekparker f\u00f6r barn, tr\u00e4dg\u00e5rdar och badstr\u00e4nder. Samtidigt inneb\u00e4r vildsvinen en trafikfara. Efter att vildsvinen f\u00e5ngats ska de skjutas.\",\"breadcrumb\":{\"@id\":\"https:\\\/\\\/lightweb.dev\\\/l\\\/svm-temp\\\/nyheter\\\/lokalt\\\/vildsvinsplagan-sprider-sig-nu-placeras-fallor-ut\\\/#breadcrumb\"},\"inLanguage\":\"sv-SE\",\"potentialAction\":[{\"@type\":\"ReadAction\",\"target\":[\"https:\\\/\\\/lightweb.dev\\\/l\\\/svm-temp\\\/nyheter\\\/lokalt\\\/vildsvinsplagan-sprider-sig-nu-placeras-fallor-ut\\\/\"]}]},{\"@type\":\"ImageObject\",\"inLanguage\":\"sv-SE\",\"@id\":\"https:\\\/\\\/lightweb.dev\\\/l\\\/svm-temp\\\/nyheter\\\/lokalt\\\/vildsvinsplagan-sprider-sig-nu-placeras-fallor-ut\\\/#primaryimage\",\"url\":\"https:\\\/\\\/lightweb.dev\\\/l\\\/svm-temp\\\/wp-content\\\/uploads\\\/2025\\\/02\\\/svm20250212091915.webp\",\"contentUrl\":\"https:\\\/\\\/lightweb.dev\\\/l\\\/svm-temp\\\/wp-content\\\/uploads\\\/2025\\\/02\\\/svm20250212091915.webp\",\"width\":900,\"height\":400,\"caption\":\"(Foto: Adda Ops SA)\"},{\"@type\":\"BreadcrumbList\",\"@id\":\"https:\\\/\\\/lightweb.dev\\\/l\\\/svm-temp\\\/nyheter\\\/lokalt\\\/vildsvinsplagan-sprider-sig-nu-placeras-fallor-ut\\\/#breadcrumb\",\"itemListElement\":[{\"@type\":\"ListItem\",\"position\":1,\"name\":\"Hem\",\"item\":\"https:\\\/\\\/lightweb.dev\\\/l\\\/svm-temp\\\/\"},{\"@type\":\"ListItem\",\"position\":2,\"name\":\"Vildsvinspl\u00e5gan sprider sig \u2013 nu placeras f\u00e4llor ut\"}]},{\"@type\":\"WebSite\",\"@id\":\"https:\\\/\\\/lightweb.dev\\\/l\\\/svm-temp\\\/#website\",\"url\":\"https:\\\/\\\/lightweb.dev\\\/l\\\/svm-temp\\\/\",\"name\":\"Svenska Magasinet\",\"description\":\"Dina Spanska nyheter p&aring; Svenska\",\"publisher\":{\"@id\":\"https:\\\/\\\/lightweb.dev\\\/l\\\/svm-temp\\\/#organization\"},\"potentialAction\":[{\"@type\":\"SearchAction\",\"target\":{\"@type\":\"EntryPoint\",\"urlTemplate\":\"https:\\\/\\\/lightweb.dev\\\/l\\\/svm-temp\\\/?s={search_term_string}\"},\"query-input\":{\"@type\":\"PropertyValueSpecification\",\"valueRequired\":true,\"valueName\":\"search_term_string\"}}],\"inLanguage\":\"sv-SE\"},{\"@type\":\"Organization\",\"@id\":\"https:\\\/\\\/lightweb.dev\\\/l\\\/svm-temp\\\/#organization\",\"name\":\"Melkerson y Nott SL\",\"alternateName\":\"Svenska Magasinet\",\"url\":\"https:\\\/\\\/lightweb.dev\\\/l\\\/svm-temp\\\/\",\"logo\":{\"@type\":\"ImageObject\",\"inLanguage\":\"sv-SE\",\"@id\":\"https:\\\/\\\/lightweb.dev\\\/l\\\/svm-temp\\\/#\\\/schema\\\/logo\\\/image\\\/\",\"url\":\"https:\\\/\\\/lightweb.dev\\\/l\\\/svm-temp\\\/wp-content\\\/uploads\\\/2025\\\/02\\\/SvM-logo-Xtra-Centrerad-SVART.png\",\"contentUrl\":\"https:\\\/\\\/lightweb.dev\\\/l\\\/svm-temp\\\/wp-content\\\/uploads\\\/2025\\\/02\\\/SvM-logo-Xtra-Centrerad-SVART.png\",\"width\":300,\"height\":99,\"caption\":\"Melkerson y Nott SL\"},\"image\":{\"@id\":\"https:\\\/\\\/lightweb.dev\\\/l\\\/svm-temp\\\/#\\\/schema\\\/logo\\\/image\\\/\"},\"sameAs\":[\"https:\\\/\\\/www.facebook.com\\\/svenskamagasinet\",\"https:\\\/\\\/x.com\\\/SvenskaMagasine\"]},{\"@type\":\"Person\",\"@id\":\"https:\\\/\\\/lightweb.dev\\\/l\\\/svm-temp\\\/#\\\/schema\\\/person\\\/7a82b8a73d171d32360a564b6d03508e\",\"name\":\"Ola Josefsson\",\"description\":\"Bevakar Solkusten och Spanien sedan 1994.\",\"sameAs\":[\"https:\\\/\\\/lightweb.dev\\\/l\\\/svm-temp\"],\"url\":\"https:\\\/\\\/lightweb.dev\\\/l\\\/svm-temp\\\/reporter\\\/ola-josefsson\\\/\"}]}<\/script>\n<!-- \/ Yoast SEO Premium plugin. -->","yoast_head_json":{"title":"Vildsvinspl\u00e5gan sprider sig \u2013 nu placeras f\u00e4llor ut - Svenska Magasinet","description":"Ett privat f\u00f6retag har nu f\u00e5tt i uppgift att placera ut vildsvinsf\u00e4llor i Mijas kommun. Senaste tiden har vildsvin tagit sig in p\u00e5 k\u00f6pcentrum, lekparker f\u00f6r barn, tr\u00e4dg\u00e5rdar och badstr\u00e4nder. Samtidigt inneb\u00e4r vildsvinen en trafikfara. Efter att vildsvinen f\u00e5ngats ska de skjutas.","robots":{"index":"noindex","follow":"follow","max-snippet":"max-snippet:-1","max-image-preview":"max-image-preview:large","max-video-preview":"max-video-preview:-1"},"og_locale":"sv_SE","og_type":"article","og_title":"Vildsvinspl\u00e5gan sprider sig \u2013 nu placeras f\u00e4llor ut","og_description":"Ett privat f\u00f6retag har nu f\u00e5tt i uppgift att placera ut vildsvinsf\u00e4llor i Mijas kommun. Senaste tiden har vildsvin tagit sig in p\u00e5 k\u00f6pcentrum, lekparker f\u00f6r barn, tr\u00e4dg\u00e5rdar och badstr\u00e4nder. Samtidigt inneb\u00e4r vildsvinen en trafikfara. Efter att vildsvinen f\u00e5ngats ska de skjutas.","og_url":"https:\/\/lightweb.dev\/l\/svm-temp\/nyheter\/lokalt\/vildsvinsplagan-sprider-sig-nu-placeras-fallor-ut\/","og_site_name":"Svenska Magasinet","article_publisher":"https:\/\/www.facebook.com\/svenskamagasinet","article_published_time":"2025-02-12T09:26:10+00:00","article_modified_time":"2025-02-13T08:01:11+00:00","og_image":[{"width":900,"height":400,"url":"https:\/\/lightweb.dev\/l\/svm-temp\/wp-content\/uploads\/2025\/02\/svm20250212091915.webp","type":"image\/webp"}],"author":"Ola Josefsson","twitter_card":"summary_large_image","twitter_creator":"@SvenskaMagasine","twitter_site":"@SvenskaMagasine","schema":{"@context":"https:\/\/schema.org","@graph":[{"@type":"Article","@id":"https:\/\/lightweb.dev\/l\/svm-temp\/nyheter\/lokalt\/vildsvinsplagan-sprider-sig-nu-placeras-fallor-ut\/#article","isPartOf":{"@id":"https:\/\/lightweb.dev\/l\/svm-temp\/nyheter\/lokalt\/vildsvinsplagan-sprider-sig-nu-placeras-fallor-ut\/"},"author":{"name":"Ola Josefsson","@id":"https:\/\/lightweb.dev\/l\/svm-temp\/#\/schema\/person\/7a82b8a73d171d32360a564b6d03508e"},"headline":"Vildsvinspl\u00e5gan sprider sig \u2013 nu placeras f\u00e4llor ut","datePublished":"2025-02-12T09:26:10+00:00","dateModified":"2025-02-13T08:01:11+00:00","mainEntityOfPage":{"@id":"https:\/\/lightweb.dev\/l\/svm-temp\/nyheter\/lokalt\/vildsvinsplagan-sprider-sig-nu-placeras-fallor-ut\/"},"wordCount":382,"publisher":{"@id":"https:\/\/lightweb.dev\/l\/svm-temp\/#organization"},"image":{"@id":"https:\/\/lightweb.dev\/l\/svm-temp\/nyheter\/lokalt\/vildsvinsplagan-sprider-sig-nu-placeras-fallor-ut\/#primaryimage"},"thumbnailUrl":"https:\/\/lightweb.dev\/l\/svm-temp\/wp-content\/uploads\/2025\/02\/svm20250212091915.webp","articleSection":["Inrikes","Nyheter"],"inLanguage":"sv-SE"},{"@type":"WebPage","@id":"https:\/\/lightweb.dev\/l\/svm-temp\/nyheter\/lokalt\/vildsvinsplagan-sprider-sig-nu-placeras-fallor-ut\/","url":"https:\/\/lightweb.dev\/l\/svm-temp\/nyheter\/lokalt\/vildsvinsplagan-sprider-sig-nu-placeras-fallor-ut\/","name":"Vildsvinspl\u00e5gan sprider sig \u2013 nu placeras f\u00e4llor ut - Svenska Magasinet","isPartOf":{"@id":"https:\/\/lightweb.dev\/l\/svm-temp\/#website"},"primaryImageOfPage":{"@id":"https:\/\/lightweb.dev\/l\/svm-temp\/nyheter\/lokalt\/vildsvinsplagan-sprider-sig-nu-placeras-fallor-ut\/#primaryimage"},"image":{"@id":"https:\/\/lightweb.dev\/l\/svm-temp\/nyheter\/lokalt\/vildsvinsplagan-sprider-sig-nu-placeras-fallor-ut\/#primaryimage"},"thumbnailUrl":"https:\/\/lightweb.dev\/l\/svm-temp\/wp-content\/uploads\/2025\/02\/svm20250212091915.webp","datePublished":"2025-02-12T09:26:10+00:00","dateModified":"2025-02-13T08:01:11+00:00","description":"Ett privat f\u00f6retag har nu f\u00e5tt i uppgift att placera ut vildsvinsf\u00e4llor i Mijas kommun. Senaste tiden har vildsvin tagit sig in p\u00e5 k\u00f6pcentrum, lekparker f\u00f6r barn, tr\u00e4dg\u00e5rdar och badstr\u00e4nder. Samtidigt inneb\u00e4r vildsvinen en trafikfara. Efter att vildsvinen f\u00e5ngats ska de skjutas.","breadcrumb":{"@id":"https:\/\/lightweb.dev\/l\/svm-temp\/nyheter\/lokalt\/vildsvinsplagan-sprider-sig-nu-placeras-fallor-ut\/#breadcrumb"},"inLanguage":"sv-SE","potentialAction":[{"@type":"ReadAction","target":["https:\/\/lightweb.dev\/l\/svm-temp\/nyheter\/lokalt\/vildsvinsplagan-sprider-sig-nu-placeras-fallor-ut\/"]}]},{"@type":"ImageObject","inLanguage":"sv-SE","@id":"https:\/\/lightweb.dev\/l\/svm-temp\/nyheter\/lokalt\/vildsvinsplagan-sprider-sig-nu-placeras-fallor-ut\/#primaryimage","url":"https:\/\/lightweb.dev\/l\/svm-temp\/wp-content\/uploads\/2025\/02\/svm20250212091915.webp","contentUrl":"https:\/\/lightweb.dev\/l\/svm-temp\/wp-content\/uploads\/2025\/02\/svm20250212091915.webp","width":900,"height":400,"caption":"(Foto: Adda Ops SA)"},{"@type":"BreadcrumbList","@id":"https:\/\/lightweb.dev\/l\/svm-temp\/nyheter\/lokalt\/vildsvinsplagan-sprider-sig-nu-placeras-fallor-ut\/#breadcrumb","itemListElement":[{"@type":"ListItem","position":1,"name":"Hem","item":"https:\/\/lightweb.dev\/l\/svm-temp\/"},{"@type":"ListItem","position":2,"name":"Vildsvinspl\u00e5gan sprider sig \u2013 nu placeras f\u00e4llor ut"}]},{"@type":"WebSite","@id":"https:\/\/lightweb.dev\/l\/svm-temp\/#website","url":"https:\/\/lightweb.dev\/l\/svm-temp\/","name":"Svenska Magasinet","description":"Dina Spanska nyheter p&aring; Svenska","publisher":{"@id":"https:\/\/lightweb.dev\/l\/svm-temp\/#organization"},"potentialAction":[{"@type":"SearchAction","target":{"@type":"EntryPoint","urlTemplate":"https:\/\/lightweb.dev\/l\/svm-temp\/?s={search_term_string}"},"query-input":{"@type":"PropertyValueSpecification","valueRequired":true,"valueName":"search_term_string"}}],"inLanguage":"sv-SE"},{"@type":"Organization","@id":"https:\/\/lightweb.dev\/l\/svm-temp\/#organization","name":"Melkerson y Nott SL","alternateName":"Svenska Magasinet","url":"https:\/\/lightweb.dev\/l\/svm-temp\/","logo":{"@type":"ImageObject","inLanguage":"sv-SE","@id":"https:\/\/lightweb.dev\/l\/svm-temp\/#\/schema\/logo\/image\/","url":"https:\/\/lightweb.dev\/l\/svm-temp\/wp-content\/uploads\/2025\/02\/SvM-logo-Xtra-Centrerad-SVART.png","contentUrl":"https:\/\/lightweb.dev\/l\/svm-temp\/wp-content\/uploads\/2025\/02\/SvM-logo-Xtra-Centrerad-SVART.png","width":300,"height":99,"caption":"Melkerson y Nott SL"},"image":{"@id":"https:\/\/lightweb.dev\/l\/svm-temp\/#\/schema\/logo\/image\/"},"sameAs":["https:\/\/www.facebook.com\/svenskamagasinet","https:\/\/x.com\/SvenskaMagasine"]},{"@type":"Person","@id":"https:\/\/lightweb.dev\/l\/svm-temp\/#\/schema\/person\/7a82b8a73d171d32360a564b6d03508e","name":"Ola Josefsson","description":"Bevakar Solkusten och Spanien sedan 1994.","sameAs":["https:\/\/lightweb.dev\/l\/svm-temp"],"url":"https:\/\/lightweb.dev\/l\/svm-temp\/reporter\/ola-josefsson\/"}]}},"_links":{"self":[{"href":"https:\/\/lightweb.dev\/l\/svm-temp\/wp-json\/wp\/v2\/posts\/79201","targetHints":{"allow":["GET"]}}],"collection":[{"href":"https:\/\/lightweb.dev\/l\/svm-temp\/wp-json\/wp\/v2\/posts"}],"about":[{"href":"https:\/\/lightweb.dev\/l\/svm-temp\/wp-json\/wp\/v2\/types\/post"}],"author":[{"embeddable":true,"href":"https:\/\/lightweb.dev\/l\/svm-temp\/wp-json\/wp\/v2\/users\/7"}],"replies":[{"embeddable":true,"href":"https:\/\/lightweb.dev\/l\/svm-temp\/wp-json\/wp\/v2\/comments?post=79201"}],"version-history":[{"count":0,"href":"https:\/\/lightweb.dev\/l\/svm-temp\/wp-json\/wp\/v2\/posts\/79201\/revisions"}],"wp:featuredmedia":[{"embeddable":true,"href":"https:\/\/lightweb.dev\/l\/svm-temp\/wp-json\/wp\/v2\/media\/79200"}],"wp:attachment":[{"href":"https:\/\/lightweb.dev\/l\/svm-temp\/wp-json\/wp\/v2\/media?parent=79201"}],"wp:term":[{"taxonomy":"category","embeddable":true,"href":"https:\/\/lightweb.dev\/l\/svm-temp\/wp-json\/wp\/v2\/categories?post=79201"},{"taxonomy":"post_tag","embeddable":true,"href":"https:\/\/lightweb.dev\/l\/svm-temp\/wp-json\/wp\/v2\/tags?post=79201"}],"curies":[{"name":"wp","href":"https:\/\/api.w.org\/{rel}","templated":true}]}}