{"id":7950,"date":"2020-11-11T00:00:00","date_gmt":"2020-11-10T23:00:00","guid":{"rendered":"https:\/\/lightweb.dev\/l\/svm-temp\/hej-lasare-snabbtester-kan-vara-losningen\/"},"modified":"2022-10-22T18:38:25","modified_gmt":"2022-10-22T16:38:25","slug":"hej-lasare-snabbtester-kan-vara-losningen","status":"publish","type":"post","link":"https:\/\/lightweb.dev\/l\/svm-temp\/artiklar\/hej-lasare-snabbtester-kan-vara-losningen\/","title":{"rendered":"Hej L\u00e4sare: Snabbtester kan vara l\u00f6sningen?"},"content":{"rendered":"<p>\u201dSOLKUSTEN HAR EN STOR POTENTIAL att komma ur krisen starkare. Det var huvudbudskapet i samband med videokonferensen Turism och Covid som dagstidningen Diario SUR arrangerade i b\u00f6rjan av m\u00e5naden. Turism spelar en huvudroll i den spanska \u00e5terh\u00e4mtningen och att arbetstillf\u00e4llen skapas. Av Anders Rosell, formgivare och chefredakt\u00f6r<\/p>\n<p>I provinsen M\u00e1laga och Costa del Sol \u00e4r det 117.000 familjer och 13.000 f\u00f6retag som lever av turism. En sektor som genererar 15 procent av BNP.<\/p>\n<p>Storbritanniens ambassad\u00f6r i Spanien, Tim Hommings, sa under sitt inl\u00e4gg att \u201dSpanien kommer i forts\u00e4ttningen att vara ett eftertraktat resm\u00e5l som kommer att dra brittiska resen\u00e4rer\u201d.<\/p>\n<p>Turistsektorn, landets centralregering och regionregeringen Junta de Andaluc\u00eda betonar turism som ekonomisk motor. Coronakrisen har \u00e5 andra sidan orsakat en sv\u00e5r situation f\u00f6r turistsektorn. Och det \u00e4r oroande i dagsl\u00e4get.<\/p>\n<p>Enligt FN:s V\u00e4rldsturistorganisation UNWTO:s Antonio Butler, som talade vid videokonferensen kommer Spanien att forts\u00e4tta vara v\u00e4rldsledande inom turism. Organisationen har sitt s\u00e4te i Madrid sedan 45 \u00e5r tillbaka.\u201d Detta rapporterade min kollega Ola Josefsson p\u00e5 v\u00e5r hemsida efter Diaro SURs videokonferens.<\/p>\n<p>Det \u00e4r f\u00f6rst\u00e5s m\u00e5nga (l\u00e4s alla!) som \u00e4r oroade inte bara vad g\u00e4ller turism utan andra faktorer, men samtidigt betryggande att det p\u00e5g\u00e5r arbete p\u00e5 alla fronter f\u00f6r att hitta till en \u00e5terh\u00e4mtning \u00e4ven om vi drabbas av bakslag i beslutsfattandet. Kampen forts\u00e4tter ett tag till.<\/p>\n","protected":false},"excerpt":{"rendered":"<p>\u201dSOLKUSTEN HAR EN STOR POTENTIAL att komma ur krisen starkare. Det var huvudbudskapet i samband med videokonferensen Turism och Covid som dagstidningen Diario SUR arrangerade i b\u00f6rjan av m\u00e5naden. Turism spelar en huvudroll i den spanska \u00e5terh\u00e4mtningen och att arbetstillf\u00e4llen skapas. Av Anders Rosell, formgivare och chefredakt\u00f6r I provinsen M\u00e1laga och Costa del Sol \u00e4r [&hellip;]<\/p>\n","protected":false},"author":8,"featured_media":58572,"comment_status":"open","ping_status":"open","sticky":false,"template":"","format":"standard","meta":{"_et_pb_use_builder":"","_et_pb_old_content":"","_et_gb_content_width":"","footnotes":""},"categories":[4,397],"tags":[],"class_list":["post-7950","post","type-post","status-publish","format-standard","has-post-thumbnail","hentry","category-artiklar","category-ledare"],"yoast_head":"<!-- This site is optimized with the Yoast SEO Premium plugin v26.2 (Yoast SEO v28.2) - https:\/\/yoast.com\/product\/yoast-seo-premium-wordpress\/ -->\n<title>Hej L\u00e4sare: Snabbtester kan vara l\u00f6sningen? - Svenska Magasinet<\/title>\n<meta name=\"robots\" content=\"noindex, follow, max-snippet:-1, max-image-preview:large, max-video-preview:-1\" \/>\n<meta property=\"og:locale\" content=\"sv_SE\" \/>\n<meta property=\"og:type\" content=\"article\" \/>\n<meta property=\"og:title\" content=\"Hej L\u00e4sare: Snabbtester kan vara l\u00f6sningen?\" \/>\n<meta property=\"og:description\" content=\"\u201dSOLKUSTEN HAR EN STOR POTENTIAL att komma ur krisen starkare. Det var huvudbudskapet i samband med videokonferensen Turism och Covid som dagstidningen Diario SUR arrangerade i b\u00f6rjan av m\u00e5naden. Turism spelar en huvudroll i den spanska \u00e5terh\u00e4mtningen och att arbetstillf\u00e4llen skapas. Av Anders Rosell, formgivare och chefredakt\u00f6r I provinsen M\u00e1laga och Costa del Sol \u00e4r [&hellip;]\" \/>\n<meta property=\"og:url\" content=\"https:\/\/lightweb.dev\/l\/svm-temp\/artiklar\/hej-lasare-snabbtester-kan-vara-losningen\/\" \/>\n<meta property=\"og:site_name\" content=\"Svenska Magasinet\" \/>\n<meta property=\"article:publisher\" content=\"https:\/\/www.facebook.com\/svenskamagasinet\" \/>\n<meta property=\"article:published_time\" content=\"2020-11-10T23:00:00+00:00\" \/>\n<meta property=\"article:modified_time\" content=\"2022-10-22T16:38:25+00:00\" \/>\n<meta property=\"og:image\" content=\"https:\/\/lightweb.dev\/l\/svm-temp\/wp-content\/uploads\/2021\/03\/coffee-gd09340dec_1920.jpg\" \/>\n\t<meta property=\"og:image:width\" content=\"1920\" \/>\n\t<meta property=\"og:image:height\" content=\"1280\" \/>\n\t<meta property=\"og:image:type\" content=\"image\/jpeg\" \/>\n<meta name=\"author\" content=\"Redaktionen SvM\" \/>\n<meta name=\"twitter:card\" content=\"summary_large_image\" \/>\n<meta name=\"twitter:creator\" content=\"@SvenskaMagasine\" \/>\n<meta name=\"twitter:site\" content=\"@SvenskaMagasine\" \/>\n<script type=\"application\/ld+json\" class=\"yoast-schema-graph\">{\"@context\":\"https:\\\/\\\/schema.org\",\"@graph\":[{\"@type\":\"Article\",\"@id\":\"https:\\\/\\\/lightweb.dev\\\/l\\\/svm-temp\\\/artiklar\\\/hej-lasare-snabbtester-kan-vara-losningen\\\/#article\",\"isPartOf\":{\"@id\":\"https:\\\/\\\/lightweb.dev\\\/l\\\/svm-temp\\\/artiklar\\\/hej-lasare-snabbtester-kan-vara-losningen\\\/\"},\"author\":{\"name\":\"Redaktionen SvM\",\"@id\":\"https:\\\/\\\/lightweb.dev\\\/l\\\/svm-temp\\\/#\\\/schema\\\/person\\\/206a3bda5b607b0c25e1749191e4d837\"},\"headline\":\"Hej L\u00e4sare: Snabbtester kan vara l\u00f6sningen?\",\"datePublished\":\"2020-11-10T23:00:00+00:00\",\"dateModified\":\"2022-10-22T16:38:25+00:00\",\"mainEntityOfPage\":{\"@id\":\"https:\\\/\\\/lightweb.dev\\\/l\\\/svm-temp\\\/artiklar\\\/hej-lasare-snabbtester-kan-vara-losningen\\\/\"},\"wordCount\":252,\"commentCount\":0,\"publisher\":{\"@id\":\"https:\\\/\\\/lightweb.dev\\\/l\\\/svm-temp\\\/#organization\"},\"image\":{\"@id\":\"https:\\\/\\\/lightweb.dev\\\/l\\\/svm-temp\\\/artiklar\\\/hej-lasare-snabbtester-kan-vara-losningen\\\/#primaryimage\"},\"thumbnailUrl\":\"https:\\\/\\\/lightweb.dev\\\/l\\\/svm-temp\\\/wp-content\\\/uploads\\\/2021\\\/03\\\/coffee-gd09340dec_1920.jpg\",\"articleSection\":[\"Artiklar\",\"Ledare\"],\"inLanguage\":\"sv-SE\"},{\"@type\":\"WebPage\",\"@id\":\"https:\\\/\\\/lightweb.dev\\\/l\\\/svm-temp\\\/artiklar\\\/hej-lasare-snabbtester-kan-vara-losningen\\\/\",\"url\":\"https:\\\/\\\/lightweb.dev\\\/l\\\/svm-temp\\\/artiklar\\\/hej-lasare-snabbtester-kan-vara-losningen\\\/\",\"name\":\"Hej L\u00e4sare: Snabbtester kan vara l\u00f6sningen? - Svenska Magasinet\",\"isPartOf\":{\"@id\":\"https:\\\/\\\/lightweb.dev\\\/l\\\/svm-temp\\\/#website\"},\"primaryImageOfPage\":{\"@id\":\"https:\\\/\\\/lightweb.dev\\\/l\\\/svm-temp\\\/artiklar\\\/hej-lasare-snabbtester-kan-vara-losningen\\\/#primaryimage\"},\"image\":{\"@id\":\"https:\\\/\\\/lightweb.dev\\\/l\\\/svm-temp\\\/artiklar\\\/hej-lasare-snabbtester-kan-vara-losningen\\\/#primaryimage\"},\"thumbnailUrl\":\"https:\\\/\\\/lightweb.dev\\\/l\\\/svm-temp\\\/wp-content\\\/uploads\\\/2021\\\/03\\\/coffee-gd09340dec_1920.jpg\",\"datePublished\":\"2020-11-10T23:00:00+00:00\",\"dateModified\":\"2022-10-22T16:38:25+00:00\",\"breadcrumb\":{\"@id\":\"https:\\\/\\\/lightweb.dev\\\/l\\\/svm-temp\\\/artiklar\\\/hej-lasare-snabbtester-kan-vara-losningen\\\/#breadcrumb\"},\"inLanguage\":\"sv-SE\",\"potentialAction\":[{\"@type\":\"ReadAction\",\"target\":[\"https:\\\/\\\/lightweb.dev\\\/l\\\/svm-temp\\\/artiklar\\\/hej-lasare-snabbtester-kan-vara-losningen\\\/\"]}]},{\"@type\":\"ImageObject\",\"inLanguage\":\"sv-SE\",\"@id\":\"https:\\\/\\\/lightweb.dev\\\/l\\\/svm-temp\\\/artiklar\\\/hej-lasare-snabbtester-kan-vara-losningen\\\/#primaryimage\",\"url\":\"https:\\\/\\\/lightweb.dev\\\/l\\\/svm-temp\\\/wp-content\\\/uploads\\\/2021\\\/03\\\/coffee-gd09340dec_1920.jpg\",\"contentUrl\":\"https:\\\/\\\/lightweb.dev\\\/l\\\/svm-temp\\\/wp-content\\\/uploads\\\/2021\\\/03\\\/coffee-gd09340dec_1920.jpg\",\"width\":1920,\"height\":1280},{\"@type\":\"BreadcrumbList\",\"@id\":\"https:\\\/\\\/lightweb.dev\\\/l\\\/svm-temp\\\/artiklar\\\/hej-lasare-snabbtester-kan-vara-losningen\\\/#breadcrumb\",\"itemListElement\":[{\"@type\":\"ListItem\",\"position\":1,\"name\":\"Hem\",\"item\":\"https:\\\/\\\/lightweb.dev\\\/l\\\/svm-temp\\\/\"},{\"@type\":\"ListItem\",\"position\":2,\"name\":\"Hej L\u00e4sare: Snabbtester kan vara l\u00f6sningen?\"}]},{\"@type\":\"WebSite\",\"@id\":\"https:\\\/\\\/lightweb.dev\\\/l\\\/svm-temp\\\/#website\",\"url\":\"https:\\\/\\\/lightweb.dev\\\/l\\\/svm-temp\\\/\",\"name\":\"Svenska Magasinet\",\"description\":\"Dina Spanska nyheter p&aring; Svenska\",\"publisher\":{\"@id\":\"https:\\\/\\\/lightweb.dev\\\/l\\\/svm-temp\\\/#organization\"},\"potentialAction\":[{\"@type\":\"SearchAction\",\"target\":{\"@type\":\"EntryPoint\",\"urlTemplate\":\"https:\\\/\\\/lightweb.dev\\\/l\\\/svm-temp\\\/?s={search_term_string}\"},\"query-input\":{\"@type\":\"PropertyValueSpecification\",\"valueRequired\":true,\"valueName\":\"search_term_string\"}}],\"inLanguage\":\"sv-SE\"},{\"@type\":\"Organization\",\"@id\":\"https:\\\/\\\/lightweb.dev\\\/l\\\/svm-temp\\\/#organization\",\"name\":\"Melkerson y Nott SL\",\"alternateName\":\"Svenska Magasinet\",\"url\":\"https:\\\/\\\/lightweb.dev\\\/l\\\/svm-temp\\\/\",\"logo\":{\"@type\":\"ImageObject\",\"inLanguage\":\"sv-SE\",\"@id\":\"https:\\\/\\\/lightweb.dev\\\/l\\\/svm-temp\\\/#\\\/schema\\\/logo\\\/image\\\/\",\"url\":\"https:\\\/\\\/lightweb.dev\\\/l\\\/svm-temp\\\/wp-content\\\/uploads\\\/2025\\\/02\\\/SvM-logo-Xtra-Centrerad-SVART.png\",\"contentUrl\":\"https:\\\/\\\/lightweb.dev\\\/l\\\/svm-temp\\\/wp-content\\\/uploads\\\/2025\\\/02\\\/SvM-logo-Xtra-Centrerad-SVART.png\",\"width\":300,\"height\":99,\"caption\":\"Melkerson y Nott SL\"},\"image\":{\"@id\":\"https:\\\/\\\/lightweb.dev\\\/l\\\/svm-temp\\\/#\\\/schema\\\/logo\\\/image\\\/\"},\"sameAs\":[\"https:\\\/\\\/www.facebook.com\\\/svenskamagasinet\",\"https:\\\/\\\/x.com\\\/SvenskaMagasine\"]},{\"@type\":\"Person\",\"@id\":\"https:\\\/\\\/lightweb.dev\\\/l\\\/svm-temp\\\/#\\\/schema\\\/person\\\/206a3bda5b607b0c25e1749191e4d837\",\"name\":\"Redaktionen SvM\",\"description\":\"Redaktionen\",\"sameAs\":[\"https:\\\/\\\/lightweb.dev\\\/l\\\/svm-temp\"],\"url\":\"https:\\\/\\\/lightweb.dev\\\/l\\\/svm-temp\\\/reporter\\\/redaktionen\\\/\"}]}<\/script>\n<!-- \/ Yoast SEO Premium plugin. -->","yoast_head_json":{"title":"Hej L\u00e4sare: Snabbtester kan vara l\u00f6sningen? - Svenska Magasinet","robots":{"index":"noindex","follow":"follow","max-snippet":"max-snippet:-1","max-image-preview":"max-image-preview:large","max-video-preview":"max-video-preview:-1"},"og_locale":"sv_SE","og_type":"article","og_title":"Hej L\u00e4sare: Snabbtester kan vara l\u00f6sningen?","og_description":"\u201dSOLKUSTEN HAR EN STOR POTENTIAL att komma ur krisen starkare. Det var huvudbudskapet i samband med videokonferensen Turism och Covid som dagstidningen Diario SUR arrangerade i b\u00f6rjan av m\u00e5naden. Turism spelar en huvudroll i den spanska \u00e5terh\u00e4mtningen och att arbetstillf\u00e4llen skapas. Av Anders Rosell, formgivare och chefredakt\u00f6r I provinsen M\u00e1laga och Costa del Sol \u00e4r [&hellip;]","og_url":"https:\/\/lightweb.dev\/l\/svm-temp\/artiklar\/hej-lasare-snabbtester-kan-vara-losningen\/","og_site_name":"Svenska Magasinet","article_publisher":"https:\/\/www.facebook.com\/svenskamagasinet","article_published_time":"2020-11-10T23:00:00+00:00","article_modified_time":"2022-10-22T16:38:25+00:00","og_image":[{"width":1920,"height":1280,"url":"https:\/\/lightweb.dev\/l\/svm-temp\/wp-content\/uploads\/2021\/03\/coffee-gd09340dec_1920.jpg","type":"image\/jpeg"}],"author":"Redaktionen SvM","twitter_card":"summary_large_image","twitter_creator":"@SvenskaMagasine","twitter_site":"@SvenskaMagasine","schema":{"@context":"https:\/\/schema.org","@graph":[{"@type":"Article","@id":"https:\/\/lightweb.dev\/l\/svm-temp\/artiklar\/hej-lasare-snabbtester-kan-vara-losningen\/#article","isPartOf":{"@id":"https:\/\/lightweb.dev\/l\/svm-temp\/artiklar\/hej-lasare-snabbtester-kan-vara-losningen\/"},"author":{"name":"Redaktionen SvM","@id":"https:\/\/lightweb.dev\/l\/svm-temp\/#\/schema\/person\/206a3bda5b607b0c25e1749191e4d837"},"headline":"Hej L\u00e4sare: Snabbtester kan vara l\u00f6sningen?","datePublished":"2020-11-10T23:00:00+00:00","dateModified":"2022-10-22T16:38:25+00:00","mainEntityOfPage":{"@id":"https:\/\/lightweb.dev\/l\/svm-temp\/artiklar\/hej-lasare-snabbtester-kan-vara-losningen\/"},"wordCount":252,"commentCount":0,"publisher":{"@id":"https:\/\/lightweb.dev\/l\/svm-temp\/#organization"},"image":{"@id":"https:\/\/lightweb.dev\/l\/svm-temp\/artiklar\/hej-lasare-snabbtester-kan-vara-losningen\/#primaryimage"},"thumbnailUrl":"https:\/\/lightweb.dev\/l\/svm-temp\/wp-content\/uploads\/2021\/03\/coffee-gd09340dec_1920.jpg","articleSection":["Artiklar","Ledare"],"inLanguage":"sv-SE"},{"@type":"WebPage","@id":"https:\/\/lightweb.dev\/l\/svm-temp\/artiklar\/hej-lasare-snabbtester-kan-vara-losningen\/","url":"https:\/\/lightweb.dev\/l\/svm-temp\/artiklar\/hej-lasare-snabbtester-kan-vara-losningen\/","name":"Hej L\u00e4sare: Snabbtester kan vara l\u00f6sningen? - Svenska Magasinet","isPartOf":{"@id":"https:\/\/lightweb.dev\/l\/svm-temp\/#website"},"primaryImageOfPage":{"@id":"https:\/\/lightweb.dev\/l\/svm-temp\/artiklar\/hej-lasare-snabbtester-kan-vara-losningen\/#primaryimage"},"image":{"@id":"https:\/\/lightweb.dev\/l\/svm-temp\/artiklar\/hej-lasare-snabbtester-kan-vara-losningen\/#primaryimage"},"thumbnailUrl":"https:\/\/lightweb.dev\/l\/svm-temp\/wp-content\/uploads\/2021\/03\/coffee-gd09340dec_1920.jpg","datePublished":"2020-11-10T23:00:00+00:00","dateModified":"2022-10-22T16:38:25+00:00","breadcrumb":{"@id":"https:\/\/lightweb.dev\/l\/svm-temp\/artiklar\/hej-lasare-snabbtester-kan-vara-losningen\/#breadcrumb"},"inLanguage":"sv-SE","potentialAction":[{"@type":"ReadAction","target":["https:\/\/lightweb.dev\/l\/svm-temp\/artiklar\/hej-lasare-snabbtester-kan-vara-losningen\/"]}]},{"@type":"ImageObject","inLanguage":"sv-SE","@id":"https:\/\/lightweb.dev\/l\/svm-temp\/artiklar\/hej-lasare-snabbtester-kan-vara-losningen\/#primaryimage","url":"https:\/\/lightweb.dev\/l\/svm-temp\/wp-content\/uploads\/2021\/03\/coffee-gd09340dec_1920.jpg","contentUrl":"https:\/\/lightweb.dev\/l\/svm-temp\/wp-content\/uploads\/2021\/03\/coffee-gd09340dec_1920.jpg","width":1920,"height":1280},{"@type":"BreadcrumbList","@id":"https:\/\/lightweb.dev\/l\/svm-temp\/artiklar\/hej-lasare-snabbtester-kan-vara-losningen\/#breadcrumb","itemListElement":[{"@type":"ListItem","position":1,"name":"Hem","item":"https:\/\/lightweb.dev\/l\/svm-temp\/"},{"@type":"ListItem","position":2,"name":"Hej L\u00e4sare: Snabbtester kan vara l\u00f6sningen?"}]},{"@type":"WebSite","@id":"https:\/\/lightweb.dev\/l\/svm-temp\/#website","url":"https:\/\/lightweb.dev\/l\/svm-temp\/","name":"Svenska Magasinet","description":"Dina Spanska nyheter p&aring; Svenska","publisher":{"@id":"https:\/\/lightweb.dev\/l\/svm-temp\/#organization"},"potentialAction":[{"@type":"SearchAction","target":{"@type":"EntryPoint","urlTemplate":"https:\/\/lightweb.dev\/l\/svm-temp\/?s={search_term_string}"},"query-input":{"@type":"PropertyValueSpecification","valueRequired":true,"valueName":"search_term_string"}}],"inLanguage":"sv-SE"},{"@type":"Organization","@id":"https:\/\/lightweb.dev\/l\/svm-temp\/#organization","name":"Melkerson y Nott SL","alternateName":"Svenska Magasinet","url":"https:\/\/lightweb.dev\/l\/svm-temp\/","logo":{"@type":"ImageObject","inLanguage":"sv-SE","@id":"https:\/\/lightweb.dev\/l\/svm-temp\/#\/schema\/logo\/image\/","url":"https:\/\/lightweb.dev\/l\/svm-temp\/wp-content\/uploads\/2025\/02\/SvM-logo-Xtra-Centrerad-SVART.png","contentUrl":"https:\/\/lightweb.dev\/l\/svm-temp\/wp-content\/uploads\/2025\/02\/SvM-logo-Xtra-Centrerad-SVART.png","width":300,"height":99,"caption":"Melkerson y Nott SL"},"image":{"@id":"https:\/\/lightweb.dev\/l\/svm-temp\/#\/schema\/logo\/image\/"},"sameAs":["https:\/\/www.facebook.com\/svenskamagasinet","https:\/\/x.com\/SvenskaMagasine"]},{"@type":"Person","@id":"https:\/\/lightweb.dev\/l\/svm-temp\/#\/schema\/person\/206a3bda5b607b0c25e1749191e4d837","name":"Redaktionen SvM","description":"Redaktionen","sameAs":["https:\/\/lightweb.dev\/l\/svm-temp"],"url":"https:\/\/lightweb.dev\/l\/svm-temp\/reporter\/redaktionen\/"}]}},"_links":{"self":[{"href":"https:\/\/lightweb.dev\/l\/svm-temp\/wp-json\/wp\/v2\/posts\/7950","targetHints":{"allow":["GET"]}}],"collection":[{"href":"https:\/\/lightweb.dev\/l\/svm-temp\/wp-json\/wp\/v2\/posts"}],"about":[{"href":"https:\/\/lightweb.dev\/l\/svm-temp\/wp-json\/wp\/v2\/types\/post"}],"author":[{"embeddable":true,"href":"https:\/\/lightweb.dev\/l\/svm-temp\/wp-json\/wp\/v2\/users\/8"}],"replies":[{"embeddable":true,"href":"https:\/\/lightweb.dev\/l\/svm-temp\/wp-json\/wp\/v2\/comments?post=7950"}],"version-history":[{"count":0,"href":"https:\/\/lightweb.dev\/l\/svm-temp\/wp-json\/wp\/v2\/posts\/7950\/revisions"}],"wp:featuredmedia":[{"embeddable":true,"href":"https:\/\/lightweb.dev\/l\/svm-temp\/wp-json\/wp\/v2\/media\/58572"}],"wp:attachment":[{"href":"https:\/\/lightweb.dev\/l\/svm-temp\/wp-json\/wp\/v2\/media?parent=7950"}],"wp:term":[{"taxonomy":"category","embeddable":true,"href":"https:\/\/lightweb.dev\/l\/svm-temp\/wp-json\/wp\/v2\/categories?post=7950"},{"taxonomy":"post_tag","embeddable":true,"href":"https:\/\/lightweb.dev\/l\/svm-temp\/wp-json\/wp\/v2\/tags?post=7950"}],"curies":[{"name":"wp","href":"https:\/\/api.w.org\/{rel}","templated":true}]}}