{"id":7972,"date":"2020-10-12T00:00:00","date_gmt":"2020-10-11T22:00:00","guid":{"rendered":"https:\/\/lightweb.dev\/l\/svm-temp\/spanien-just-nu-polarisering\/"},"modified":"2020-10-12T00:00:00","modified_gmt":"2020-10-11T22:00:00","slug":"spanien-just-nu-polarisering","status":"publish","type":"post","link":"https:\/\/lightweb.dev\/l\/svm-temp\/artiklar\/spanien-just-nu-polarisering\/","title":{"rendered":"Spanien just nu \u2013 polarisering"},"content":{"rendered":"<p> FN firar 75-\u00e5rsjubileum i en v\u00e4rld (med Spanien) som upplevs mer polariserad och splittrad \u00e4n n\u00e5gonsin. Politiska ledare fr\u00e5n v\u00e4nster till h\u00f6ger har st\u00e5tt p\u00e5 rad f\u00f6r att tala i FN:s generalf\u00f6rsamling. Av Ola Josefsson<br \/>\nP\u00e5 Twitter: @JosefssonOla<\/p>\n<p>Polarisering globalt och p\u00e5 n\u00e4ra h\u00e5ll i Spanien. Baserad p\u00e5 framv\u00e4xten av populism, b\u00e5de v\u00e4nster och h\u00f6ger. F\u00f6rst\u00e4rkt av sociala n\u00e4tverk, fake news samt moralisk och intellektuell ytlighet. Samtidigt som Spanien befinner sig i den v\u00e4rsta recessionen sedan inb\u00f6rdeskriget.<\/p>\n<p>F\u00f6renta Nationerna ersatte NF som upph\u00f6rde efter knappt 26 \u00e5r eftersom de inte f\u00f6rhindrade andra v\u00e4rldskrigets utbrott. Och nu firar FN 75 \u00e5r i en v\u00e4rld som k\u00e4nnetecknas av polarisering och splittring.<\/p>\n<p>M\u00f6tena i FN:s generalf\u00f6rsamling just nu skiljer sig j\u00e4mf\u00f6rt med tidigare. Ingen frenetisk aktivitet, inget trafikkaos eller hektiskt schema d\u00e4r politiker springer mellan olika m\u00f6ten i den magnifika byggnaden designad av bland annat Oscar Niemeyer, Le Corbusier och Wallace Harrison.<\/p>\n<p>Den h\u00e4r g\u00e5ngen har inte de politiska ledarna rest till New York. F\u00e4rdiginspelade videotal har h\u00f6rts i den halvtomma generalf\u00f6rsamlingens sal i FN-byggnaden p\u00e5 East Rivers v\u00e4stra strand. I en tid som \u00e4r m\u00f6rkare \u00e4n vanligt.<\/p>\n<p>Under FN:s 75-\u00e5rsjubileum 2020 upplever vi en planet h\u00e4rjad av pandemi, konflikter, l\u00e5gkonjunktur och v\u00e4xande oj\u00e4mlikhet. P\u00e5 hemmaplan h\u00e4r i Spanien upplever vi nu den v\u00e4rsta recensionen sedan inb\u00f6rdeskrigets dagar (1936-1939) rapporterar medier.<\/p>\n<p>L\u00e4get \u00e4r annorlunda j\u00e4mf\u00f6rt med 26 juni 1945 n\u00e4r FN:s grundstadga undertecknades i San Francisco med delegater fr\u00e5n 50 l\u00e4nder p\u00e5 plats. Det talades om en ny v\u00e4rld som skulle v\u00e4xa fram ur andra v\u00e4rldskrigets ruiner. Utrymme skulle skapas f\u00f6r internationellt samarbete f\u00f6r att r\u00e4dda m\u00e4nskligheten och framtida generationer fr\u00e5n krig och avhumanisering.<\/p>\n<p>Nu har tre fj\u00e4rdedelar av ett sekel g\u00e5tt. Optimismen som var s\u00e5 tydlig vid FN:s f\u00f6delse har bleknat. I st\u00e4llet f\u00f6r multilateralism och l\u00e4nder som samarbetar pressas v\u00e4rlden av extrem nationalism och polarisering.<\/p>\n<p>Covid-19 har avsl\u00f6jat v\u00e4rldens br\u00e4cklighet, sa FN:s generalsekreterare Ant\u00f3nio Guterres i sitt anf\u00f6rande. Och s\u00e5rbarheter kan bara hanteras genom samarbete, sa han vidare.<\/p>\n<p>Han r\u00e4knade upp kriser som pl\u00e5gar v\u00e4rlden men p\u00e5minde ocks\u00e5 om FN:s viktiga segrar som fredsavtal, avkolonisering, m\u00e4nskliga r\u00e4ttigheter, slutet p\u00e5 apartheid, utrotning av sjukdomar, f\u00e4rre som lider av hunger, utveckling av internationell lag och milj\u00f6avtal. Samtidigt f\u00f6rd\u00f6mde han att oj\u00e4mlikheten mellan k\u00f6nen som beskrivs som \u201dden st\u00f6rsta utmaningen\u201d.<br \/>\nHan talade om det vi sett h\u00e4r i Spanien senaste halv\u00e5ret. \u201dVi m\u00e5ste utpl\u00e5na den fruktansv\u00e4rda \u00f6kningen av v\u00e5ld mot kvinnor och flickor under covid-19-pandemin. Det \u00e4r ett dolt krig mot kvinnor\u201d.<\/p>\n<p>Som motgift mot polarisering efterlyser Guterres en ny multilateralism baserad p\u00e5 civilsamh\u00e4llet, st\u00e4der, f\u00f6retag, lokala myndigheter och ungdomar. Han uppmanar de politiska ledarna att samarbeta.<\/p>\n<p>Det tog inte m\u00e5nga timmar innan sprickorna blottades och konfrontationer var ett faktum. Kinas Xi Jinping och generalsekreterare i det kommunistiska partiet kom med dold kritik av amerikansk arrogans n\u00e4r han sa att inget land har r\u00e4tt att kontrollera andra och dra egna f\u00f6rdelar n\u00e4r det g\u00e4ller utveckling.<\/p>\n<p>Tv\u00e5 av de viktigaste initiativtagarna som bl\u00e5ste liv i FN var Storbritannien och USA. Numera har de st\u00e4llt sig utanf\u00f6r multilateralismens trosbek\u00e4nnelse. De st\u00e5r p\u00e5 avst\u00e5nd, uppslukade av en ny nationalism, och drar sig allt l\u00e4ngre bort fr\u00e5n internationellt samarbete.<\/p>\n<p>Och nu v\u00e4ntar val i USA. Kommer Trumph att respektera valresultatet? Efter en valdebatt nyligen skrev den tidigare ordf\u00f6randen i FN:s generalf\u00f6rsamling Jan Eliasson p\u00e5 Twitter:<\/p>\n<p>Efter \u201cdebatten\u201d ig\u00e5r \u00e4r det nu isande klart att Trump inte avser erk\u00e4nna ett valresultat som g\u00e5r emot honom. Hans maning till extrema anh\u00e4ngare att vara redo, \u201dstand by\u201d, \u00e4r en f\u00f6rvarning om historisk splittring och en v\u00e5g av v\u00e5ld. USAs demokrati har aldrig varit mer hotad.<\/p>\n<p>USA och Storbritannien, hur kommer de att agera i en n\u00e4ra framtid? Storbritannien l\u00e4mnar Europasamarbetet, f\u00f6r att n\u00e4rma sig USA, som ett Angloamerika?<\/p>\n<p>Fr\u00e5n spansk horisont \u00e4r utvecklingen intressant. Den brittiska kolonin Gibraltar och amerikanska baser i Sydspanien. Nyligen framkom det att USA planerar att \u00f6verf\u00f6ra tusentals milit\u00e4rer fr\u00e5n Afrikakommandot stationerade i Stuttgart till marinbasen i Rota och flygbasen Moron de la Frontera i syd\u00f6stra Spanien. Med flytten till Spanien kommer de n\u00e4rmare Afrika och 53 l\u00e4nder d\u00e4r de under kort varsel ska kunna agera. Spanien blir d\u00e5 bland USA:s viktigaste allierade i Europa.<\/p>\n<p>Med en utveckling av \u00f6kad amerikansk n\u00e4rvaro i Sydspanien l\u00e4r debatten tillta. Redan nu finns det krafter i Spanien som vill avsluta samarbetet, be amerikanarna \u201dgo home\u201d och att Spanien ska l\u00e4mna NATO. Tonl\u00e4get h\u00f6js, konfrontationerna tilltar.<\/p>\n<p>V\u00e4rldssamh\u00e4llet h\u00e4nger p\u00e5 en sk\u00f6r tr\u00e5d \u00f6ver avgrunden.<\/p>\n","protected":false},"excerpt":{"rendered":"<p>FN firar 75-\u00e5rsjubileum i en v\u00e4rld (med Spanien) som upplevs mer polariserad och splittrad \u00e4n n\u00e5gonsin. Politiska ledare fr\u00e5n v\u00e4nster till h\u00f6ger har st\u00e5tt p\u00e5 rad f\u00f6r att tala i FN:s generalf\u00f6rsamling. Av Ola Josefsson P\u00e5 Twitter: @JosefssonOla Polarisering globalt och p\u00e5 n\u00e4ra h\u00e5ll i Spanien. Baserad p\u00e5 framv\u00e4xten av populism, b\u00e5de v\u00e4nster och h\u00f6ger. [&hellip;]<\/p>\n","protected":false},"author":8,"featured_media":7973,"comment_status":"open","ping_status":"open","sticky":false,"template":"","format":"standard","meta":{"_et_pb_use_builder":"","_et_pb_old_content":"","_et_gb_content_width":"","footnotes":""},"categories":[4,36],"tags":[],"class_list":["post-7972","post","type-post","status-publish","format-standard","has-post-thumbnail","hentry","category-artiklar","category-spanien-just-nu"],"yoast_head":"<!-- This site is optimized with the Yoast SEO Premium plugin v26.2 (Yoast SEO v28.2) - https:\/\/yoast.com\/product\/yoast-seo-premium-wordpress\/ -->\n<title>Spanien just nu \u2013 polarisering - Svenska Magasinet<\/title>\n<meta name=\"robots\" content=\"noindex, follow, max-snippet:-1, max-image-preview:large, max-video-preview:-1\" \/>\n<meta property=\"og:locale\" content=\"sv_SE\" \/>\n<meta property=\"og:type\" content=\"article\" \/>\n<meta property=\"og:title\" content=\"Spanien just nu \u2013 polarisering\" \/>\n<meta property=\"og:description\" content=\"FN firar 75-\u00e5rsjubileum i en v\u00e4rld (med Spanien) som upplevs mer polariserad och splittrad \u00e4n n\u00e5gonsin. Politiska ledare fr\u00e5n v\u00e4nster till h\u00f6ger har st\u00e5tt p\u00e5 rad f\u00f6r att tala i FN:s generalf\u00f6rsamling. Av Ola Josefsson P\u00e5 Twitter: @JosefssonOla Polarisering globalt och p\u00e5 n\u00e4ra h\u00e5ll i Spanien. Baserad p\u00e5 framv\u00e4xten av populism, b\u00e5de v\u00e4nster och h\u00f6ger. [&hellip;]\" \/>\n<meta property=\"og:url\" content=\"https:\/\/lightweb.dev\/l\/svm-temp\/artiklar\/spanien-just-nu-polarisering\/\" \/>\n<meta property=\"og:site_name\" content=\"Svenska Magasinet\" \/>\n<meta property=\"article:publisher\" content=\"https:\/\/www.facebook.com\/svenskamagasinet\" \/>\n<meta property=\"article:published_time\" content=\"2020-10-11T22:00:00+00:00\" \/>\n<meta property=\"og:image\" content=\"https:\/\/lightweb.dev\/l\/svm-temp\/wp-content\/uploads\/2022\/04\/spanien-just-nu-polarisering.png\" \/>\n\t<meta property=\"og:image:width\" content=\"514\" \/>\n\t<meta property=\"og:image:height\" content=\"200\" \/>\n\t<meta property=\"og:image:type\" content=\"image\/png\" \/>\n<meta name=\"author\" content=\"Redaktionen SvM\" \/>\n<meta name=\"twitter:card\" content=\"summary_large_image\" \/>\n<meta name=\"twitter:creator\" content=\"@SvenskaMagasine\" \/>\n<meta name=\"twitter:site\" content=\"@SvenskaMagasine\" \/>\n<script type=\"application\/ld+json\" class=\"yoast-schema-graph\">{\"@context\":\"https:\\\/\\\/schema.org\",\"@graph\":[{\"@type\":\"Article\",\"@id\":\"https:\\\/\\\/lightweb.dev\\\/l\\\/svm-temp\\\/artiklar\\\/spanien-just-nu-polarisering\\\/#article\",\"isPartOf\":{\"@id\":\"https:\\\/\\\/lightweb.dev\\\/l\\\/svm-temp\\\/artiklar\\\/spanien-just-nu-polarisering\\\/\"},\"author\":{\"name\":\"Redaktionen SvM\",\"@id\":\"https:\\\/\\\/lightweb.dev\\\/l\\\/svm-temp\\\/#\\\/schema\\\/person\\\/206a3bda5b607b0c25e1749191e4d837\"},\"headline\":\"Spanien just nu \u2013 polarisering\",\"datePublished\":\"2020-10-11T22:00:00+00:00\",\"mainEntityOfPage\":{\"@id\":\"https:\\\/\\\/lightweb.dev\\\/l\\\/svm-temp\\\/artiklar\\\/spanien-just-nu-polarisering\\\/\"},\"wordCount\":882,\"commentCount\":0,\"publisher\":{\"@id\":\"https:\\\/\\\/lightweb.dev\\\/l\\\/svm-temp\\\/#organization\"},\"image\":{\"@id\":\"https:\\\/\\\/lightweb.dev\\\/l\\\/svm-temp\\\/artiklar\\\/spanien-just-nu-polarisering\\\/#primaryimage\"},\"thumbnailUrl\":\"https:\\\/\\\/lightweb.dev\\\/l\\\/svm-temp\\\/wp-content\\\/uploads\\\/2022\\\/04\\\/spanien-just-nu-polarisering.png\",\"articleSection\":[\"Artiklar\",\"Spanien just nu\"],\"inLanguage\":\"sv-SE\"},{\"@type\":\"WebPage\",\"@id\":\"https:\\\/\\\/lightweb.dev\\\/l\\\/svm-temp\\\/artiklar\\\/spanien-just-nu-polarisering\\\/\",\"url\":\"https:\\\/\\\/lightweb.dev\\\/l\\\/svm-temp\\\/artiklar\\\/spanien-just-nu-polarisering\\\/\",\"name\":\"Spanien just nu \u2013 polarisering - Svenska Magasinet\",\"isPartOf\":{\"@id\":\"https:\\\/\\\/lightweb.dev\\\/l\\\/svm-temp\\\/#website\"},\"primaryImageOfPage\":{\"@id\":\"https:\\\/\\\/lightweb.dev\\\/l\\\/svm-temp\\\/artiklar\\\/spanien-just-nu-polarisering\\\/#primaryimage\"},\"image\":{\"@id\":\"https:\\\/\\\/lightweb.dev\\\/l\\\/svm-temp\\\/artiklar\\\/spanien-just-nu-polarisering\\\/#primaryimage\"},\"thumbnailUrl\":\"https:\\\/\\\/lightweb.dev\\\/l\\\/svm-temp\\\/wp-content\\\/uploads\\\/2022\\\/04\\\/spanien-just-nu-polarisering.png\",\"datePublished\":\"2020-10-11T22:00:00+00:00\",\"breadcrumb\":{\"@id\":\"https:\\\/\\\/lightweb.dev\\\/l\\\/svm-temp\\\/artiklar\\\/spanien-just-nu-polarisering\\\/#breadcrumb\"},\"inLanguage\":\"sv-SE\",\"potentialAction\":[{\"@type\":\"ReadAction\",\"target\":[\"https:\\\/\\\/lightweb.dev\\\/l\\\/svm-temp\\\/artiklar\\\/spanien-just-nu-polarisering\\\/\"]}]},{\"@type\":\"ImageObject\",\"inLanguage\":\"sv-SE\",\"@id\":\"https:\\\/\\\/lightweb.dev\\\/l\\\/svm-temp\\\/artiklar\\\/spanien-just-nu-polarisering\\\/#primaryimage\",\"url\":\"https:\\\/\\\/lightweb.dev\\\/l\\\/svm-temp\\\/wp-content\\\/uploads\\\/2022\\\/04\\\/spanien-just-nu-polarisering.png\",\"contentUrl\":\"https:\\\/\\\/lightweb.dev\\\/l\\\/svm-temp\\\/wp-content\\\/uploads\\\/2022\\\/04\\\/spanien-just-nu-polarisering.png\",\"width\":514,\"height\":200},{\"@type\":\"BreadcrumbList\",\"@id\":\"https:\\\/\\\/lightweb.dev\\\/l\\\/svm-temp\\\/artiklar\\\/spanien-just-nu-polarisering\\\/#breadcrumb\",\"itemListElement\":[{\"@type\":\"ListItem\",\"position\":1,\"name\":\"Hem\",\"item\":\"https:\\\/\\\/lightweb.dev\\\/l\\\/svm-temp\\\/\"},{\"@type\":\"ListItem\",\"position\":2,\"name\":\"Spanien just nu \u2013 polarisering\"}]},{\"@type\":\"WebSite\",\"@id\":\"https:\\\/\\\/lightweb.dev\\\/l\\\/svm-temp\\\/#website\",\"url\":\"https:\\\/\\\/lightweb.dev\\\/l\\\/svm-temp\\\/\",\"name\":\"Svenska Magasinet\",\"description\":\"Dina Spanska nyheter p&aring; Svenska\",\"publisher\":{\"@id\":\"https:\\\/\\\/lightweb.dev\\\/l\\\/svm-temp\\\/#organization\"},\"potentialAction\":[{\"@type\":\"SearchAction\",\"target\":{\"@type\":\"EntryPoint\",\"urlTemplate\":\"https:\\\/\\\/lightweb.dev\\\/l\\\/svm-temp\\\/?s={search_term_string}\"},\"query-input\":{\"@type\":\"PropertyValueSpecification\",\"valueRequired\":true,\"valueName\":\"search_term_string\"}}],\"inLanguage\":\"sv-SE\"},{\"@type\":\"Organization\",\"@id\":\"https:\\\/\\\/lightweb.dev\\\/l\\\/svm-temp\\\/#organization\",\"name\":\"Melkerson y Nott SL\",\"alternateName\":\"Svenska Magasinet\",\"url\":\"https:\\\/\\\/lightweb.dev\\\/l\\\/svm-temp\\\/\",\"logo\":{\"@type\":\"ImageObject\",\"inLanguage\":\"sv-SE\",\"@id\":\"https:\\\/\\\/lightweb.dev\\\/l\\\/svm-temp\\\/#\\\/schema\\\/logo\\\/image\\\/\",\"url\":\"https:\\\/\\\/lightweb.dev\\\/l\\\/svm-temp\\\/wp-content\\\/uploads\\\/2025\\\/02\\\/SvM-logo-Xtra-Centrerad-SVART.png\",\"contentUrl\":\"https:\\\/\\\/lightweb.dev\\\/l\\\/svm-temp\\\/wp-content\\\/uploads\\\/2025\\\/02\\\/SvM-logo-Xtra-Centrerad-SVART.png\",\"width\":300,\"height\":99,\"caption\":\"Melkerson y Nott SL\"},\"image\":{\"@id\":\"https:\\\/\\\/lightweb.dev\\\/l\\\/svm-temp\\\/#\\\/schema\\\/logo\\\/image\\\/\"},\"sameAs\":[\"https:\\\/\\\/www.facebook.com\\\/svenskamagasinet\",\"https:\\\/\\\/x.com\\\/SvenskaMagasine\"]},{\"@type\":\"Person\",\"@id\":\"https:\\\/\\\/lightweb.dev\\\/l\\\/svm-temp\\\/#\\\/schema\\\/person\\\/206a3bda5b607b0c25e1749191e4d837\",\"name\":\"Redaktionen SvM\",\"description\":\"Redaktionen\",\"sameAs\":[\"https:\\\/\\\/lightweb.dev\\\/l\\\/svm-temp\"],\"url\":\"https:\\\/\\\/lightweb.dev\\\/l\\\/svm-temp\\\/reporter\\\/redaktionen\\\/\"}]}<\/script>\n<!-- \/ Yoast SEO Premium plugin. -->","yoast_head_json":{"title":"Spanien just nu \u2013 polarisering - Svenska Magasinet","robots":{"index":"noindex","follow":"follow","max-snippet":"max-snippet:-1","max-image-preview":"max-image-preview:large","max-video-preview":"max-video-preview:-1"},"og_locale":"sv_SE","og_type":"article","og_title":"Spanien just nu \u2013 polarisering","og_description":"FN firar 75-\u00e5rsjubileum i en v\u00e4rld (med Spanien) som upplevs mer polariserad och splittrad \u00e4n n\u00e5gonsin. Politiska ledare fr\u00e5n v\u00e4nster till h\u00f6ger har st\u00e5tt p\u00e5 rad f\u00f6r att tala i FN:s generalf\u00f6rsamling. Av Ola Josefsson P\u00e5 Twitter: @JosefssonOla Polarisering globalt och p\u00e5 n\u00e4ra h\u00e5ll i Spanien. Baserad p\u00e5 framv\u00e4xten av populism, b\u00e5de v\u00e4nster och h\u00f6ger. [&hellip;]","og_url":"https:\/\/lightweb.dev\/l\/svm-temp\/artiklar\/spanien-just-nu-polarisering\/","og_site_name":"Svenska Magasinet","article_publisher":"https:\/\/www.facebook.com\/svenskamagasinet","article_published_time":"2020-10-11T22:00:00+00:00","og_image":[{"width":514,"height":200,"url":"https:\/\/lightweb.dev\/l\/svm-temp\/wp-content\/uploads\/2022\/04\/spanien-just-nu-polarisering.png","type":"image\/png"}],"author":"Redaktionen SvM","twitter_card":"summary_large_image","twitter_creator":"@SvenskaMagasine","twitter_site":"@SvenskaMagasine","schema":{"@context":"https:\/\/schema.org","@graph":[{"@type":"Article","@id":"https:\/\/lightweb.dev\/l\/svm-temp\/artiklar\/spanien-just-nu-polarisering\/#article","isPartOf":{"@id":"https:\/\/lightweb.dev\/l\/svm-temp\/artiklar\/spanien-just-nu-polarisering\/"},"author":{"name":"Redaktionen SvM","@id":"https:\/\/lightweb.dev\/l\/svm-temp\/#\/schema\/person\/206a3bda5b607b0c25e1749191e4d837"},"headline":"Spanien just nu \u2013 polarisering","datePublished":"2020-10-11T22:00:00+00:00","mainEntityOfPage":{"@id":"https:\/\/lightweb.dev\/l\/svm-temp\/artiklar\/spanien-just-nu-polarisering\/"},"wordCount":882,"commentCount":0,"publisher":{"@id":"https:\/\/lightweb.dev\/l\/svm-temp\/#organization"},"image":{"@id":"https:\/\/lightweb.dev\/l\/svm-temp\/artiklar\/spanien-just-nu-polarisering\/#primaryimage"},"thumbnailUrl":"https:\/\/lightweb.dev\/l\/svm-temp\/wp-content\/uploads\/2022\/04\/spanien-just-nu-polarisering.png","articleSection":["Artiklar","Spanien just nu"],"inLanguage":"sv-SE"},{"@type":"WebPage","@id":"https:\/\/lightweb.dev\/l\/svm-temp\/artiklar\/spanien-just-nu-polarisering\/","url":"https:\/\/lightweb.dev\/l\/svm-temp\/artiklar\/spanien-just-nu-polarisering\/","name":"Spanien just nu \u2013 polarisering - Svenska Magasinet","isPartOf":{"@id":"https:\/\/lightweb.dev\/l\/svm-temp\/#website"},"primaryImageOfPage":{"@id":"https:\/\/lightweb.dev\/l\/svm-temp\/artiklar\/spanien-just-nu-polarisering\/#primaryimage"},"image":{"@id":"https:\/\/lightweb.dev\/l\/svm-temp\/artiklar\/spanien-just-nu-polarisering\/#primaryimage"},"thumbnailUrl":"https:\/\/lightweb.dev\/l\/svm-temp\/wp-content\/uploads\/2022\/04\/spanien-just-nu-polarisering.png","datePublished":"2020-10-11T22:00:00+00:00","breadcrumb":{"@id":"https:\/\/lightweb.dev\/l\/svm-temp\/artiklar\/spanien-just-nu-polarisering\/#breadcrumb"},"inLanguage":"sv-SE","potentialAction":[{"@type":"ReadAction","target":["https:\/\/lightweb.dev\/l\/svm-temp\/artiklar\/spanien-just-nu-polarisering\/"]}]},{"@type":"ImageObject","inLanguage":"sv-SE","@id":"https:\/\/lightweb.dev\/l\/svm-temp\/artiklar\/spanien-just-nu-polarisering\/#primaryimage","url":"https:\/\/lightweb.dev\/l\/svm-temp\/wp-content\/uploads\/2022\/04\/spanien-just-nu-polarisering.png","contentUrl":"https:\/\/lightweb.dev\/l\/svm-temp\/wp-content\/uploads\/2022\/04\/spanien-just-nu-polarisering.png","width":514,"height":200},{"@type":"BreadcrumbList","@id":"https:\/\/lightweb.dev\/l\/svm-temp\/artiklar\/spanien-just-nu-polarisering\/#breadcrumb","itemListElement":[{"@type":"ListItem","position":1,"name":"Hem","item":"https:\/\/lightweb.dev\/l\/svm-temp\/"},{"@type":"ListItem","position":2,"name":"Spanien just nu \u2013 polarisering"}]},{"@type":"WebSite","@id":"https:\/\/lightweb.dev\/l\/svm-temp\/#website","url":"https:\/\/lightweb.dev\/l\/svm-temp\/","name":"Svenska Magasinet","description":"Dina Spanska nyheter p&aring; Svenska","publisher":{"@id":"https:\/\/lightweb.dev\/l\/svm-temp\/#organization"},"potentialAction":[{"@type":"SearchAction","target":{"@type":"EntryPoint","urlTemplate":"https:\/\/lightweb.dev\/l\/svm-temp\/?s={search_term_string}"},"query-input":{"@type":"PropertyValueSpecification","valueRequired":true,"valueName":"search_term_string"}}],"inLanguage":"sv-SE"},{"@type":"Organization","@id":"https:\/\/lightweb.dev\/l\/svm-temp\/#organization","name":"Melkerson y Nott SL","alternateName":"Svenska Magasinet","url":"https:\/\/lightweb.dev\/l\/svm-temp\/","logo":{"@type":"ImageObject","inLanguage":"sv-SE","@id":"https:\/\/lightweb.dev\/l\/svm-temp\/#\/schema\/logo\/image\/","url":"https:\/\/lightweb.dev\/l\/svm-temp\/wp-content\/uploads\/2025\/02\/SvM-logo-Xtra-Centrerad-SVART.png","contentUrl":"https:\/\/lightweb.dev\/l\/svm-temp\/wp-content\/uploads\/2025\/02\/SvM-logo-Xtra-Centrerad-SVART.png","width":300,"height":99,"caption":"Melkerson y Nott SL"},"image":{"@id":"https:\/\/lightweb.dev\/l\/svm-temp\/#\/schema\/logo\/image\/"},"sameAs":["https:\/\/www.facebook.com\/svenskamagasinet","https:\/\/x.com\/SvenskaMagasine"]},{"@type":"Person","@id":"https:\/\/lightweb.dev\/l\/svm-temp\/#\/schema\/person\/206a3bda5b607b0c25e1749191e4d837","name":"Redaktionen SvM","description":"Redaktionen","sameAs":["https:\/\/lightweb.dev\/l\/svm-temp"],"url":"https:\/\/lightweb.dev\/l\/svm-temp\/reporter\/redaktionen\/"}]}},"_links":{"self":[{"href":"https:\/\/lightweb.dev\/l\/svm-temp\/wp-json\/wp\/v2\/posts\/7972","targetHints":{"allow":["GET"]}}],"collection":[{"href":"https:\/\/lightweb.dev\/l\/svm-temp\/wp-json\/wp\/v2\/posts"}],"about":[{"href":"https:\/\/lightweb.dev\/l\/svm-temp\/wp-json\/wp\/v2\/types\/post"}],"author":[{"embeddable":true,"href":"https:\/\/lightweb.dev\/l\/svm-temp\/wp-json\/wp\/v2\/users\/8"}],"replies":[{"embeddable":true,"href":"https:\/\/lightweb.dev\/l\/svm-temp\/wp-json\/wp\/v2\/comments?post=7972"}],"version-history":[{"count":0,"href":"https:\/\/lightweb.dev\/l\/svm-temp\/wp-json\/wp\/v2\/posts\/7972\/revisions"}],"wp:featuredmedia":[{"embeddable":true,"href":"https:\/\/lightweb.dev\/l\/svm-temp\/wp-json\/wp\/v2\/media\/7973"}],"wp:attachment":[{"href":"https:\/\/lightweb.dev\/l\/svm-temp\/wp-json\/wp\/v2\/media?parent=7972"}],"wp:term":[{"taxonomy":"category","embeddable":true,"href":"https:\/\/lightweb.dev\/l\/svm-temp\/wp-json\/wp\/v2\/categories?post=7972"},{"taxonomy":"post_tag","embeddable":true,"href":"https:\/\/lightweb.dev\/l\/svm-temp\/wp-json\/wp\/v2\/tags?post=7972"}],"curies":[{"name":"wp","href":"https:\/\/api.w.org\/{rel}","templated":true}]}}