{"id":80033,"date":"2025-03-08T17:02:50","date_gmt":"2025-03-08T16:02:50","guid":{"rendered":"https:\/\/lightweb.dev\/l\/svm-temp\/?p=80033"},"modified":"2025-03-10T08:42:55","modified_gmt":"2025-03-10T07:42:55","slug":"nu-oppnar-vattenreservoarerna-rondavagen-stangd-efter-ras","status":"publish","type":"post","link":"https:\/\/lightweb.dev\/l\/svm-temp\/nyheter\/nu-oppnar-vattenreservoarerna-rondavagen-stangd-efter-ras\/","title":{"rendered":"Nu \u00f6ppnar vattenreservoarerna \u2013 Rondav\u00e4gen st\u00e4ngd i flera m\u00e5nader efter ras"},"content":{"rendered":"<p><strong>Vattenreservoaren La Concepci\u00f3n mellan Ist\u00e1n och Marbella som f\u00f6rser elva kommuner mellan Torremolinos och Manilva har b\u00f6rjat att t\u00f6mmas p\u00e5 vatten som en f\u00f6rsiktighets\u00e5tg\u00e4rd. Reservoaren \u00e4r fylld till 84 procent.<\/strong><\/p>\n<p><strong>Helgens regnov\u00e4der g\u00f6r att den snabbt n\u00e4rmar sig maxkapacitet.<\/strong><\/p>\n<p>Ov\u00e4dret \u201dJana\u201d har medf\u00f6rt att avsaltningsanl\u00e4ggningen i Marbella g\u00e5r p\u00e5 halvfart. Med en fylld La Concepci\u00f3n-damm har behovet minskat att ta vatten fr\u00e5n andra h\u00e5ll.<\/p>\n<p>La Concepci\u00f3n \u00e4r i minsta laget vilket g\u00f6r att mycket vatten nu g\u00e5r till spillo och sl\u00e4pps ut i havet via r\u00edo Verde. Trots l\u00f6ften i flera \u00e5r med att f\u00f6ra \u00f6ver vatten fr\u00e5n La Concepci\u00f3n till La Vi\u00f1uela-dammen \u00f6ster\u00a0om M\u00e1laga har dessa projekt inte f\u00f6rverkligats.<\/p>\n<p>106 mm regn har kommit som mest i M\u00e1lagaprovinsen bara senaste dygnet. P\u00e5 en timme f\u00f6ll det 44 mm regn lokalt i inlandet (vid Hidrosur:s officiella m\u00e4tstation Las Golondrinas i Tolox), och det forts\u00e4tter att regna.<\/p>\n<p>Under veckan har r\u00edo Tur\u00f3n i Ardales f\u00e5tt mest med 303 mm f\u00f6ljt av Casarabonela med 258 mm.<\/p>\n<p>Den enda personskadan som rapporterats g\u00e4ller en 70-\u00e5rig kvinna som fick f\u00f6ras till sjukhuset Hospital Costa del Sol efter att ha tr\u00e4ffats av en nedfallande tr\u00e4dgren p\u00e5 calle Juan XXIII i Marbella.<\/p>\n<p>I Mijas sveptes en man med n\u00e4r bilen som han f\u00e4rdades i drogs med av vattnet i floden r\u00edo Pasadas i omr\u00e5det Atalaya. N\u00e5gra v\u00e4nner kom till unds\u00e4ttning och kunde r\u00e4dda mannen som m\u00e5r bra efter omst\u00e4ndigheterna.<\/p>\n<p>Orange v\u00e4dervarning g\u00e4ller f\u00f6r Ronda-omr\u00e5det p\u00e5 l\u00f6rdagen. I \u00f6vrigt g\u00e4ller gul v\u00e4dervarning f\u00f6r M\u00e1lagaprovinsen fram till tisdag.<\/p>\n<h2><strong>Trafikproblem<\/strong><\/h2>\n<p>Regnov\u00e4dret har orsakat flera problem. F\u00f6rutom \u00f6versv\u00e4mningar rapporteras det om jordskred.<\/p>\n<p><img loading=\"lazy\" decoding=\"async\" class=\"alignnone wp-image-80040 size-full\" src=\"https:\/\/lightweb.dev\/l\/svm-temp\/wp-content\/uploads\/2025\/03\/svm20250308162432.webp\" alt=\"\" width=\"900\" height=\"400\" srcset=\"https:\/\/lightweb.dev\/l\/svm-temp\/wp-content\/uploads\/2025\/03\/svm20250308162432.webp 900w, https:\/\/lightweb.dev\/l\/svm-temp\/wp-content\/uploads\/2025\/03\/svm20250308162432-480x213.webp 480w\" sizes=\"(min-width: 0px) and (max-width: 480px) 480px, (min-width: 481px) 900px, 100vw\" \/><\/p>\n<p>Fr\u00e5n klockan 12.41 p\u00e5 l\u00f6rdagen \u00e4r A-397:an som f\u00f6rbinder San Pedro Alc\u00e1ntara och Ronda oframkomlig och avst\u00e4ngd mellan kilometerplatserna 13 och 38 p\u00e5 grund av ett st\u00f6rre jordskred, meddelar Direcci\u00f3n General de Tr\u00e1fico.<\/p>\n<p>Det \u00e4r oklart n\u00e4r Rondav\u00e4gen mellan San Pedro Alc\u00e1ntara och Ronda kan \u00f6ppna igen. Enligt uppgifter till <a href=\"https:\/\/www.diariosur.es\/malaga\/corte-carretera-tiempo-trabajadores-llegar-20250309231957-nt.html\">Diario Sur<\/a> f\u00f6rblir den st\u00e4ngd tillsvidare. Det kan ta flera m\u00e5nader innan v\u00e4gen \u00e4r framkomlig och \u00f6ppen f\u00f6r trafik igen.<\/p>\n<p>Omkring 7.500 bilister anv\u00e4nder sig av Rondav\u00e4gen dagligen. Den n\u00e4rmaste tiden blir det en rej\u00e4l omv\u00e4g via Campillos, Antequera, Ardales och Co\u00edn om man kommer \u00f6sterifr\u00e5n eller via Gauc\u00edn och Manilva om man kommer v\u00e4sterifr\u00e5n.<\/p>\n<p>Regionens utvecklingsr\u00e5d Roc\u00edo D\u00edaz skriver p\u00e5 sociala medier och uppmanar allm\u00e4nheten om att vara f\u00f6rsiktig. P\u00e5 grund av att en bro vid puerto de Los Madro\u00f1os p\u00e5 gr\u00e4nsen till Benahav\u00eds kommun har f\u00e5tt skador i samband med ras kan det ta flera m\u00e5nader innan v\u00e4gen mellan Ronda och San Pedro \u00e4r \u00e5terst\u00e4lld.<\/p>\n<p>P\u00e5 grund av det kuperade landskapet \u00e4r det inte m\u00f6jligt att bygga en provisorisk v\u00e4g.<\/p>\n<p><em>Fotnot. Texten \u00e4r uppdaterad.<\/em><\/p>\n<blockquote class=\"twitter-tweet\" data-media-max-width=\"560\">\n<p dir=\"ltr\" lang=\"es\">Estado actual de la carretera A397<\/p>\n<p>Ronda &#8211; San Pedro<\/p>\n<p>\ud83d\udcf2 v\u00eda WhatsApp <a href=\"https:\/\/t.co\/PK5PWBegrl\">pic.twitter.com\/PK5PWBegrl<\/a><\/p>\n<p>\u2014 Tiempo en Ronda (@TiempoenRonda) <a href=\"https:\/\/twitter.com\/TiempoenRonda\/status\/1898428736359305418?ref_src=twsrc%5Etfw\">March 8, 2025<\/a><\/p><\/blockquote>\n<p><script async src=\"https:\/\/platform.twitter.com\/widgets.js\" charset=\"utf-8\"><\/script><\/p>\n<p>Inf\u00f6r l\u00f6rdagen hade myndigheterna utlyst en orange v\u00e4dervarning f\u00f6r Ronda-omr\u00e5det. Det \u00e4r ocks\u00e5 det omr\u00e5det som har drabbats h\u00e5rdast av det senaste regnov\u00e4dret.<\/p>\n<p>\u00c4ven trafiken vid M\u00e1laga flygplats har p\u00e5verkats under l\u00f6rdagen. Fem passagerarflyg har f\u00e5tt omdirigeras till Almer\u00eda, Sevilla och Granada. Det rapporteras om h\u00e5rda vindbyar vid M\u00e1laga flygplats, skriver <a href=\"https:\/\/x.com\/controladores\">@controladores<\/a> p\u00e5 X.<\/p>\n<p>Regionregeringen utlyste n\u00f6dl\u00e4ge 1 p\u00e5 l\u00f6rdagen. Larmtj\u00e4nsten Servicio de Emergencias 112 Andaluc\u00eda rapporterar om 130 incidenter under l\u00f6rdagen, skriver nyhetsbyr\u00e5n Europa Press.<\/p>\n<blockquote class=\"twitter-tweet\" data-media-max-width=\"560\">\n<p dir=\"ltr\" lang=\"es\">El embalse del Pont\u00f3n Alto, en la provincia de Segovia, al 100% de su capacidad, aliviando agua esta ma\u00f1ana. <a href=\"https:\/\/t.co\/t84XMUh5qN\">pic.twitter.com\/t84XMUh5qN<\/a><\/p>\n<p>\u2014 MeteoMadrid (@carlosweder_) <a href=\"https:\/\/twitter.com\/carlosweder_\/status\/1898324394184753309?ref_src=twsrc%5Etfw\">March 8, 2025<\/a><\/p><\/blockquote>\n<p><script async src=\"https:\/\/platform.twitter.com\/widgets.js\" charset=\"utf-8\"><\/script><\/p>\n<p>\u00c4ven fr\u00e5n Spaniens centrala delar \u00e4r flera vattenreservoarer fyllda till 100 procent. H\u00e4r har myndigheterna b\u00f6rjat t\u00f6mma vatten. Det g\u00e4ller runt Segovia, \u00c1vila och Madrid.<\/p>\n<p>Madridregionen utlyste n\u00f6dl\u00e4ge 1 p\u00e5 l\u00f6rdagen. Larmtj\u00e4nsten 112 Comunidad de Madrid rapporterar om 270 incidenter mellan klockan 8 och 19.30.<\/p>\n","protected":false},"excerpt":{"rendered":"<p>Vattenreservoaren La Concepci\u00f3n mellan Ist\u00e1n och Marbella som f\u00f6rser elva kommuner mellan Torremolinos och Manilva har b\u00f6rjat att t\u00f6mmas p\u00e5 vatten som en f\u00f6rsiktighets\u00e5tg\u00e4rd. Reservoaren \u00e4r fylld till 84 procent&#8230;<\/p>\n","protected":false},"author":7,"featured_media":80032,"comment_status":"closed","ping_status":"closed","sticky":false,"template":"","format":"standard","meta":{"_et_pb_use_builder":"","_et_pb_old_content":"","_et_gb_content_width":"","footnotes":""},"categories":[284,3],"tags":[],"class_list":["post-80033","post","type-post","status-publish","format-standard","has-post-thumbnail","hentry","category-inrikes","category-nyheter"],"yoast_head":"<!-- This site is optimized with the Yoast SEO Premium plugin v26.2 (Yoast SEO v27.4) - https:\/\/yoast.com\/product\/yoast-seo-premium-wordpress\/ -->\n<title>Nu \u00f6ppnar vattenreservoarerna \u2013 Rondav\u00e4gen st\u00e4ngd i flera m\u00e5nader efter ras - Svenska Magasinet<\/title>\n<meta name=\"description\" content=\"Vattenreservoaren La Concepci\u00f3n mellan Ist\u00e1n och Marbella som f\u00f6rser elva kommuner mellan Torremolinos och Manilva har b\u00f6rjat att t\u00f6mmas p\u00e5 vatten som en f\u00f6rsiktighets\u00e5tg\u00e4rd. Reservoaren \u00e4r fylld till 82 procent. Helgens regnov\u00e4der g\u00f6r att den snabbt n\u00e4rmar sig maxkapacitet.\" \/>\n<meta name=\"robots\" content=\"noindex, follow, max-snippet:-1, max-image-preview:large, max-video-preview:-1\" \/>\n<meta property=\"og:locale\" content=\"sv_SE\" \/>\n<meta property=\"og:type\" content=\"article\" \/>\n<meta property=\"og:title\" content=\"Nu \u00f6ppnar vattenreservoarerna \u2013 Rondav\u00e4gen st\u00e4ngd i flera m\u00e5nader efter ras\" \/>\n<meta property=\"og:description\" content=\"Vattenreservoaren La Concepci\u00f3n mellan Ist\u00e1n och Marbella som f\u00f6rser elva kommuner mellan Torremolinos och Manilva har b\u00f6rjat att t\u00f6mmas p\u00e5 vatten som en f\u00f6rsiktighets\u00e5tg\u00e4rd. Reservoaren \u00e4r fylld till 82 procent. Helgens regnov\u00e4der g\u00f6r att den snabbt n\u00e4rmar sig maxkapacitet.\" \/>\n<meta property=\"og:url\" content=\"https:\/\/lightweb.dev\/l\/svm-temp\/nyheter\/vader\/nu-oppnar-vattenreservoarerna-rondavagen-stangd-efter-ras\/\" \/>\n<meta property=\"og:site_name\" content=\"Svenska Magasinet\" \/>\n<meta property=\"article:publisher\" content=\"https:\/\/www.facebook.com\/svenskamagasinet\" \/>\n<meta property=\"article:published_time\" content=\"2025-03-08T16:02:50+00:00\" \/>\n<meta property=\"article:modified_time\" content=\"2025-03-10T07:42:55+00:00\" \/>\n<meta property=\"og:image\" content=\"https:\/\/lightweb.dev\/l\/svm-temp\/wp-content\/uploads\/2025\/03\/svm20250308155949.webp\" \/>\n\t<meta property=\"og:image:width\" content=\"900\" \/>\n\t<meta property=\"og:image:height\" content=\"400\" \/>\n\t<meta property=\"og:image:type\" content=\"image\/webp\" \/>\n<meta name=\"author\" content=\"Ola Josefsson\" \/>\n<meta name=\"twitter:card\" content=\"summary_large_image\" \/>\n<meta name=\"twitter:creator\" content=\"@SvenskaMagasine\" \/>\n<meta name=\"twitter:site\" content=\"@SvenskaMagasine\" \/>\n<script type=\"application\/ld+json\" class=\"yoast-schema-graph\">{\"@context\":\"https:\\\/\\\/schema.org\",\"@graph\":[{\"@type\":\"Article\",\"@id\":\"https:\\\/\\\/lightweb.dev\\\/l\\\/svm-temp\\\/nyheter\\\/vader\\\/nu-oppnar-vattenreservoarerna-rondavagen-stangd-efter-ras\\\/#article\",\"isPartOf\":{\"@id\":\"https:\\\/\\\/lightweb.dev\\\/l\\\/svm-temp\\\/nyheter\\\/vader\\\/nu-oppnar-vattenreservoarerna-rondavagen-stangd-efter-ras\\\/\"},\"author\":{\"name\":\"Ola Josefsson\",\"@id\":\"https:\\\/\\\/lightweb.dev\\\/l\\\/svm-temp\\\/#\\\/schema\\\/person\\\/7a82b8a73d171d32360a564b6d03508e\"},\"headline\":\"Nu \u00f6ppnar vattenreservoarerna \u2013 Rondav\u00e4gen st\u00e4ngd i flera m\u00e5nader efter ras\",\"datePublished\":\"2025-03-08T16:02:50+00:00\",\"dateModified\":\"2025-03-10T07:42:55+00:00\",\"mainEntityOfPage\":{\"@id\":\"https:\\\/\\\/lightweb.dev\\\/l\\\/svm-temp\\\/nyheter\\\/vader\\\/nu-oppnar-vattenreservoarerna-rondavagen-stangd-efter-ras\\\/\"},\"wordCount\":745,\"publisher\":{\"@id\":\"https:\\\/\\\/lightweb.dev\\\/l\\\/svm-temp\\\/#organization\"},\"image\":{\"@id\":\"https:\\\/\\\/lightweb.dev\\\/l\\\/svm-temp\\\/nyheter\\\/vader\\\/nu-oppnar-vattenreservoarerna-rondavagen-stangd-efter-ras\\\/#primaryimage\"},\"thumbnailUrl\":\"https:\\\/\\\/lightweb.dev\\\/l\\\/svm-temp\\\/wp-content\\\/uploads\\\/2025\\\/03\\\/svm20250308155949.webp\",\"articleSection\":[\"Inrikes\",\"Nyheter\"],\"inLanguage\":\"sv-SE\"},{\"@type\":\"WebPage\",\"@id\":\"https:\\\/\\\/lightweb.dev\\\/l\\\/svm-temp\\\/nyheter\\\/vader\\\/nu-oppnar-vattenreservoarerna-rondavagen-stangd-efter-ras\\\/\",\"url\":\"https:\\\/\\\/lightweb.dev\\\/l\\\/svm-temp\\\/nyheter\\\/vader\\\/nu-oppnar-vattenreservoarerna-rondavagen-stangd-efter-ras\\\/\",\"name\":\"Nu \u00f6ppnar vattenreservoarerna \u2013 Rondav\u00e4gen st\u00e4ngd i flera m\u00e5nader efter ras - Svenska Magasinet\",\"isPartOf\":{\"@id\":\"https:\\\/\\\/lightweb.dev\\\/l\\\/svm-temp\\\/#website\"},\"primaryImageOfPage\":{\"@id\":\"https:\\\/\\\/lightweb.dev\\\/l\\\/svm-temp\\\/nyheter\\\/vader\\\/nu-oppnar-vattenreservoarerna-rondavagen-stangd-efter-ras\\\/#primaryimage\"},\"image\":{\"@id\":\"https:\\\/\\\/lightweb.dev\\\/l\\\/svm-temp\\\/nyheter\\\/vader\\\/nu-oppnar-vattenreservoarerna-rondavagen-stangd-efter-ras\\\/#primaryimage\"},\"thumbnailUrl\":\"https:\\\/\\\/lightweb.dev\\\/l\\\/svm-temp\\\/wp-content\\\/uploads\\\/2025\\\/03\\\/svm20250308155949.webp\",\"datePublished\":\"2025-03-08T16:02:50+00:00\",\"dateModified\":\"2025-03-10T07:42:55+00:00\",\"description\":\"Vattenreservoaren La Concepci\u00f3n mellan Ist\u00e1n och Marbella som f\u00f6rser elva kommuner mellan Torremolinos och Manilva har b\u00f6rjat att t\u00f6mmas p\u00e5 vatten som en f\u00f6rsiktighets\u00e5tg\u00e4rd. Reservoaren \u00e4r fylld till 82 procent. Helgens regnov\u00e4der g\u00f6r att den snabbt n\u00e4rmar sig maxkapacitet.\",\"breadcrumb\":{\"@id\":\"https:\\\/\\\/lightweb.dev\\\/l\\\/svm-temp\\\/nyheter\\\/vader\\\/nu-oppnar-vattenreservoarerna-rondavagen-stangd-efter-ras\\\/#breadcrumb\"},\"inLanguage\":\"sv-SE\",\"potentialAction\":[{\"@type\":\"ReadAction\",\"target\":[\"https:\\\/\\\/lightweb.dev\\\/l\\\/svm-temp\\\/nyheter\\\/vader\\\/nu-oppnar-vattenreservoarerna-rondavagen-stangd-efter-ras\\\/\"]}]},{\"@type\":\"ImageObject\",\"inLanguage\":\"sv-SE\",\"@id\":\"https:\\\/\\\/lightweb.dev\\\/l\\\/svm-temp\\\/nyheter\\\/vader\\\/nu-oppnar-vattenreservoarerna-rondavagen-stangd-efter-ras\\\/#primaryimage\",\"url\":\"https:\\\/\\\/lightweb.dev\\\/l\\\/svm-temp\\\/wp-content\\\/uploads\\\/2025\\\/03\\\/svm20250308155949.webp\",\"contentUrl\":\"https:\\\/\\\/lightweb.dev\\\/l\\\/svm-temp\\\/wp-content\\\/uploads\\\/2025\\\/03\\\/svm20250308155949.webp\",\"width\":900,\"height\":400},{\"@type\":\"BreadcrumbList\",\"@id\":\"https:\\\/\\\/lightweb.dev\\\/l\\\/svm-temp\\\/nyheter\\\/vader\\\/nu-oppnar-vattenreservoarerna-rondavagen-stangd-efter-ras\\\/#breadcrumb\",\"itemListElement\":[{\"@type\":\"ListItem\",\"position\":1,\"name\":\"Hem\",\"item\":\"https:\\\/\\\/lightweb.dev\\\/l\\\/svm-temp\\\/\"},{\"@type\":\"ListItem\",\"position\":2,\"name\":\"Nu \u00f6ppnar vattenreservoarerna \u2013 Rondav\u00e4gen st\u00e4ngd i flera m\u00e5nader efter ras\"}]},{\"@type\":\"WebSite\",\"@id\":\"https:\\\/\\\/lightweb.dev\\\/l\\\/svm-temp\\\/#website\",\"url\":\"https:\\\/\\\/lightweb.dev\\\/l\\\/svm-temp\\\/\",\"name\":\"Svenska Magasinet\",\"description\":\"Dina Spanska nyheter p&aring; Svenska\",\"publisher\":{\"@id\":\"https:\\\/\\\/lightweb.dev\\\/l\\\/svm-temp\\\/#organization\"},\"potentialAction\":[{\"@type\":\"SearchAction\",\"target\":{\"@type\":\"EntryPoint\",\"urlTemplate\":\"https:\\\/\\\/lightweb.dev\\\/l\\\/svm-temp\\\/?s={search_term_string}\"},\"query-input\":{\"@type\":\"PropertyValueSpecification\",\"valueRequired\":true,\"valueName\":\"search_term_string\"}}],\"inLanguage\":\"sv-SE\"},{\"@type\":\"Organization\",\"@id\":\"https:\\\/\\\/lightweb.dev\\\/l\\\/svm-temp\\\/#organization\",\"name\":\"Melkerson y Nott SL\",\"alternateName\":\"Svenska Magasinet\",\"url\":\"https:\\\/\\\/lightweb.dev\\\/l\\\/svm-temp\\\/\",\"logo\":{\"@type\":\"ImageObject\",\"inLanguage\":\"sv-SE\",\"@id\":\"https:\\\/\\\/lightweb.dev\\\/l\\\/svm-temp\\\/#\\\/schema\\\/logo\\\/image\\\/\",\"url\":\"https:\\\/\\\/lightweb.dev\\\/l\\\/svm-temp\\\/wp-content\\\/uploads\\\/2025\\\/02\\\/SvM-logo-Xtra-Centrerad-SVART.png\",\"contentUrl\":\"https:\\\/\\\/lightweb.dev\\\/l\\\/svm-temp\\\/wp-content\\\/uploads\\\/2025\\\/02\\\/SvM-logo-Xtra-Centrerad-SVART.png\",\"width\":300,\"height\":99,\"caption\":\"Melkerson y Nott SL\"},\"image\":{\"@id\":\"https:\\\/\\\/lightweb.dev\\\/l\\\/svm-temp\\\/#\\\/schema\\\/logo\\\/image\\\/\"},\"sameAs\":[\"https:\\\/\\\/www.facebook.com\\\/svenskamagasinet\",\"https:\\\/\\\/x.com\\\/SvenskaMagasine\"]},{\"@type\":\"Person\",\"@id\":\"https:\\\/\\\/lightweb.dev\\\/l\\\/svm-temp\\\/#\\\/schema\\\/person\\\/7a82b8a73d171d32360a564b6d03508e\",\"name\":\"Ola Josefsson\",\"description\":\"Bevakar Solkusten och Spanien sedan 1994.\",\"sameAs\":[\"https:\\\/\\\/lightweb.dev\\\/l\\\/svm-temp\"],\"url\":\"https:\\\/\\\/lightweb.dev\\\/l\\\/svm-temp\\\/reporter\\\/ola-josefsson\\\/\"}]}<\/script>\n<!-- \/ Yoast SEO Premium plugin. -->","yoast_head_json":{"title":"Nu \u00f6ppnar vattenreservoarerna \u2013 Rondav\u00e4gen st\u00e4ngd i flera m\u00e5nader efter ras - Svenska Magasinet","description":"Vattenreservoaren La Concepci\u00f3n mellan Ist\u00e1n och Marbella som f\u00f6rser elva kommuner mellan Torremolinos och Manilva har b\u00f6rjat att t\u00f6mmas p\u00e5 vatten som en f\u00f6rsiktighets\u00e5tg\u00e4rd. Reservoaren \u00e4r fylld till 82 procent. Helgens regnov\u00e4der g\u00f6r att den snabbt n\u00e4rmar sig maxkapacitet.","robots":{"index":"noindex","follow":"follow","max-snippet":"max-snippet:-1","max-image-preview":"max-image-preview:large","max-video-preview":"max-video-preview:-1"},"og_locale":"sv_SE","og_type":"article","og_title":"Nu \u00f6ppnar vattenreservoarerna \u2013 Rondav\u00e4gen st\u00e4ngd i flera m\u00e5nader efter ras","og_description":"Vattenreservoaren La Concepci\u00f3n mellan Ist\u00e1n och Marbella som f\u00f6rser elva kommuner mellan Torremolinos och Manilva har b\u00f6rjat att t\u00f6mmas p\u00e5 vatten som en f\u00f6rsiktighets\u00e5tg\u00e4rd. Reservoaren \u00e4r fylld till 82 procent. Helgens regnov\u00e4der g\u00f6r att den snabbt n\u00e4rmar sig maxkapacitet.","og_url":"https:\/\/lightweb.dev\/l\/svm-temp\/nyheter\/vader\/nu-oppnar-vattenreservoarerna-rondavagen-stangd-efter-ras\/","og_site_name":"Svenska Magasinet","article_publisher":"https:\/\/www.facebook.com\/svenskamagasinet","article_published_time":"2025-03-08T16:02:50+00:00","article_modified_time":"2025-03-10T07:42:55+00:00","og_image":[{"width":900,"height":400,"url":"https:\/\/lightweb.dev\/l\/svm-temp\/wp-content\/uploads\/2025\/03\/svm20250308155949.webp","type":"image\/webp"}],"author":"Ola Josefsson","twitter_card":"summary_large_image","twitter_creator":"@SvenskaMagasine","twitter_site":"@SvenskaMagasine","schema":{"@context":"https:\/\/schema.org","@graph":[{"@type":"Article","@id":"https:\/\/lightweb.dev\/l\/svm-temp\/nyheter\/vader\/nu-oppnar-vattenreservoarerna-rondavagen-stangd-efter-ras\/#article","isPartOf":{"@id":"https:\/\/lightweb.dev\/l\/svm-temp\/nyheter\/vader\/nu-oppnar-vattenreservoarerna-rondavagen-stangd-efter-ras\/"},"author":{"name":"Ola Josefsson","@id":"https:\/\/lightweb.dev\/l\/svm-temp\/#\/schema\/person\/7a82b8a73d171d32360a564b6d03508e"},"headline":"Nu \u00f6ppnar vattenreservoarerna \u2013 Rondav\u00e4gen st\u00e4ngd i flera m\u00e5nader efter ras","datePublished":"2025-03-08T16:02:50+00:00","dateModified":"2025-03-10T07:42:55+00:00","mainEntityOfPage":{"@id":"https:\/\/lightweb.dev\/l\/svm-temp\/nyheter\/vader\/nu-oppnar-vattenreservoarerna-rondavagen-stangd-efter-ras\/"},"wordCount":745,"publisher":{"@id":"https:\/\/lightweb.dev\/l\/svm-temp\/#organization"},"image":{"@id":"https:\/\/lightweb.dev\/l\/svm-temp\/nyheter\/vader\/nu-oppnar-vattenreservoarerna-rondavagen-stangd-efter-ras\/#primaryimage"},"thumbnailUrl":"https:\/\/lightweb.dev\/l\/svm-temp\/wp-content\/uploads\/2025\/03\/svm20250308155949.webp","articleSection":["Inrikes","Nyheter"],"inLanguage":"sv-SE"},{"@type":"WebPage","@id":"https:\/\/lightweb.dev\/l\/svm-temp\/nyheter\/vader\/nu-oppnar-vattenreservoarerna-rondavagen-stangd-efter-ras\/","url":"https:\/\/lightweb.dev\/l\/svm-temp\/nyheter\/vader\/nu-oppnar-vattenreservoarerna-rondavagen-stangd-efter-ras\/","name":"Nu \u00f6ppnar vattenreservoarerna \u2013 Rondav\u00e4gen st\u00e4ngd i flera m\u00e5nader efter ras - Svenska Magasinet","isPartOf":{"@id":"https:\/\/lightweb.dev\/l\/svm-temp\/#website"},"primaryImageOfPage":{"@id":"https:\/\/lightweb.dev\/l\/svm-temp\/nyheter\/vader\/nu-oppnar-vattenreservoarerna-rondavagen-stangd-efter-ras\/#primaryimage"},"image":{"@id":"https:\/\/lightweb.dev\/l\/svm-temp\/nyheter\/vader\/nu-oppnar-vattenreservoarerna-rondavagen-stangd-efter-ras\/#primaryimage"},"thumbnailUrl":"https:\/\/lightweb.dev\/l\/svm-temp\/wp-content\/uploads\/2025\/03\/svm20250308155949.webp","datePublished":"2025-03-08T16:02:50+00:00","dateModified":"2025-03-10T07:42:55+00:00","description":"Vattenreservoaren La Concepci\u00f3n mellan Ist\u00e1n och Marbella som f\u00f6rser elva kommuner mellan Torremolinos och Manilva har b\u00f6rjat att t\u00f6mmas p\u00e5 vatten som en f\u00f6rsiktighets\u00e5tg\u00e4rd. Reservoaren \u00e4r fylld till 82 procent. Helgens regnov\u00e4der g\u00f6r att den snabbt n\u00e4rmar sig maxkapacitet.","breadcrumb":{"@id":"https:\/\/lightweb.dev\/l\/svm-temp\/nyheter\/vader\/nu-oppnar-vattenreservoarerna-rondavagen-stangd-efter-ras\/#breadcrumb"},"inLanguage":"sv-SE","potentialAction":[{"@type":"ReadAction","target":["https:\/\/lightweb.dev\/l\/svm-temp\/nyheter\/vader\/nu-oppnar-vattenreservoarerna-rondavagen-stangd-efter-ras\/"]}]},{"@type":"ImageObject","inLanguage":"sv-SE","@id":"https:\/\/lightweb.dev\/l\/svm-temp\/nyheter\/vader\/nu-oppnar-vattenreservoarerna-rondavagen-stangd-efter-ras\/#primaryimage","url":"https:\/\/lightweb.dev\/l\/svm-temp\/wp-content\/uploads\/2025\/03\/svm20250308155949.webp","contentUrl":"https:\/\/lightweb.dev\/l\/svm-temp\/wp-content\/uploads\/2025\/03\/svm20250308155949.webp","width":900,"height":400},{"@type":"BreadcrumbList","@id":"https:\/\/lightweb.dev\/l\/svm-temp\/nyheter\/vader\/nu-oppnar-vattenreservoarerna-rondavagen-stangd-efter-ras\/#breadcrumb","itemListElement":[{"@type":"ListItem","position":1,"name":"Hem","item":"https:\/\/lightweb.dev\/l\/svm-temp\/"},{"@type":"ListItem","position":2,"name":"Nu \u00f6ppnar vattenreservoarerna \u2013 Rondav\u00e4gen st\u00e4ngd i flera m\u00e5nader efter ras"}]},{"@type":"WebSite","@id":"https:\/\/lightweb.dev\/l\/svm-temp\/#website","url":"https:\/\/lightweb.dev\/l\/svm-temp\/","name":"Svenska Magasinet","description":"Dina Spanska nyheter p&aring; Svenska","publisher":{"@id":"https:\/\/lightweb.dev\/l\/svm-temp\/#organization"},"potentialAction":[{"@type":"SearchAction","target":{"@type":"EntryPoint","urlTemplate":"https:\/\/lightweb.dev\/l\/svm-temp\/?s={search_term_string}"},"query-input":{"@type":"PropertyValueSpecification","valueRequired":true,"valueName":"search_term_string"}}],"inLanguage":"sv-SE"},{"@type":"Organization","@id":"https:\/\/lightweb.dev\/l\/svm-temp\/#organization","name":"Melkerson y Nott SL","alternateName":"Svenska Magasinet","url":"https:\/\/lightweb.dev\/l\/svm-temp\/","logo":{"@type":"ImageObject","inLanguage":"sv-SE","@id":"https:\/\/lightweb.dev\/l\/svm-temp\/#\/schema\/logo\/image\/","url":"https:\/\/lightweb.dev\/l\/svm-temp\/wp-content\/uploads\/2025\/02\/SvM-logo-Xtra-Centrerad-SVART.png","contentUrl":"https:\/\/lightweb.dev\/l\/svm-temp\/wp-content\/uploads\/2025\/02\/SvM-logo-Xtra-Centrerad-SVART.png","width":300,"height":99,"caption":"Melkerson y Nott SL"},"image":{"@id":"https:\/\/lightweb.dev\/l\/svm-temp\/#\/schema\/logo\/image\/"},"sameAs":["https:\/\/www.facebook.com\/svenskamagasinet","https:\/\/x.com\/SvenskaMagasine"]},{"@type":"Person","@id":"https:\/\/lightweb.dev\/l\/svm-temp\/#\/schema\/person\/7a82b8a73d171d32360a564b6d03508e","name":"Ola Josefsson","description":"Bevakar Solkusten och Spanien sedan 1994.","sameAs":["https:\/\/lightweb.dev\/l\/svm-temp"],"url":"https:\/\/lightweb.dev\/l\/svm-temp\/reporter\/ola-josefsson\/"}]}},"_links":{"self":[{"href":"https:\/\/lightweb.dev\/l\/svm-temp\/wp-json\/wp\/v2\/posts\/80033","targetHints":{"allow":["GET"]}}],"collection":[{"href":"https:\/\/lightweb.dev\/l\/svm-temp\/wp-json\/wp\/v2\/posts"}],"about":[{"href":"https:\/\/lightweb.dev\/l\/svm-temp\/wp-json\/wp\/v2\/types\/post"}],"author":[{"embeddable":true,"href":"https:\/\/lightweb.dev\/l\/svm-temp\/wp-json\/wp\/v2\/users\/7"}],"replies":[{"embeddable":true,"href":"https:\/\/lightweb.dev\/l\/svm-temp\/wp-json\/wp\/v2\/comments?post=80033"}],"version-history":[{"count":0,"href":"https:\/\/lightweb.dev\/l\/svm-temp\/wp-json\/wp\/v2\/posts\/80033\/revisions"}],"wp:featuredmedia":[{"embeddable":true,"href":"https:\/\/lightweb.dev\/l\/svm-temp\/wp-json\/wp\/v2\/media\/80032"}],"wp:attachment":[{"href":"https:\/\/lightweb.dev\/l\/svm-temp\/wp-json\/wp\/v2\/media?parent=80033"}],"wp:term":[{"taxonomy":"category","embeddable":true,"href":"https:\/\/lightweb.dev\/l\/svm-temp\/wp-json\/wp\/v2\/categories?post=80033"},{"taxonomy":"post_tag","embeddable":true,"href":"https:\/\/lightweb.dev\/l\/svm-temp\/wp-json\/wp\/v2\/tags?post=80033"}],"curies":[{"name":"wp","href":"https:\/\/api.w.org\/{rel}","templated":true}]}}