{"id":80048,"date":"2025-03-09T18:20:33","date_gmt":"2025-03-09T17:20:33","guid":{"rendered":"https:\/\/lightweb.dev\/l\/svm-temp\/?p=80048"},"modified":"2025-03-20T16:41:15","modified_gmt":"2025-03-20T15:41:15","slug":"turistsektorn-8-000-lediga-jobb","status":"publish","type":"post","link":"https:\/\/lightweb.dev\/l\/svm-temp\/nyheter\/turistsektorn-8-000-lediga-jobb\/","title":{"rendered":"Turistsektorn: 8.000 lediga jobb"},"content":{"rendered":"<p><strong>Den 20 mars arrangeras en jobbm\u00e4ssa vid Palacio de Ferias y Congresos i Torremolinos. Det \u00e4r turistsektorn p\u00e5 Solkusten som s\u00f6ker 8.000 personer f\u00f6r att ut\u00f6ka personalstyrkan inf\u00f6r p\u00e5sken d\u00e5 h\u00f6gs\u00e4songen drar ig\u00e5ng.<\/strong><\/p>\n<p>50-talet f\u00f6retag inom turistsektorn plus ett dussin skolor och andra utbildningar deltar vid evenemanget.<\/p>\n<p>Den som \u00e4r intresserade beh\u00f6ver bara ta med sitt CV till rekryteringsdagen. F\u00f6retag inom turistsektorn g\u00f6r arbetsintervjuer p\u00e5 plats. Arrang\u00f6rerna betonar att det \u00e4r gratis intr\u00e4de och att ingen registrering kr\u00e4vs.<\/p>\n<blockquote class=\"twitter-tweet\" data-media-max-width=\"560\">\n<p dir=\"ltr\" lang=\"es\">\u00bfBuscas talento para tu negocio?<\/p>\n<p>Si necesitas personal cualificado en cocina, sala, cocteler\u00eda, marketing y m\u00e1s, no te pierdas la III Jornada Emplea Turismo M\u00e1laga Costa del Sol.<\/p>\n<p>\u25fe 20 de marzo<br \/>\n\u25fe Palacio de Congresos de Torremolinos<br \/>\n\u25fe De 9:00 a 18:00 horas. <a href=\"https:\/\/t.co\/AJonDhFkm9\">pic.twitter.com\/AJonDhFkm9<\/a><\/p>\n<p>\u2014 MAHOS M\u00e1laga (@MahosMlg) <a href=\"https:\/\/twitter.com\/MahosMlg\/status\/1897273507102515691?ref_src=twsrc%5Etfw\">March 5, 2025<\/a><\/p><\/blockquote>\n<p><script async src=\"https:\/\/platform.twitter.com\/widgets.js\" charset=\"utf-8\"><\/script><\/p>\n<p>Det \u00e4r tredje upplagan som arrangeras som beskrivs som mycket framg\u00e5ngsrik f\u00f6r turistsektorn.<\/p>\n<p>I samband med covid-19-pandemin som tv\u00e4rbromsade turismen i Spanien och som gjorde att m\u00e5nga tidigare anst\u00e4llda inom turism bytte inriktning, har det saknats kvalificerat folk.<\/p>\n<p>Jobbm\u00e4ssan \u00e4r \u00f6ppen fr\u00e5n klockan 9 till 18. Arbetss\u00f6kande kan l\u00e4mna in sina CV.<\/p>\n<p>Serveringspersonal, kokerskor, kockar, receptionister och underh\u00e5llsarbetare \u00e4r det behov av.<\/p>\n<p>Vicepresidenten f\u00f6r hotellsammanslutningen Aehcos p\u00e5 Solkusten (Asociaci\u00f3n de Empresarios Hoteleros) Javier Hern\u00e1ndez s\u00e4ger:<\/p>\n<p>&#8211; Jag vill uppmuntra alla som \u00e4r arbetsl\u00f6sa eller de som vill arbeta inom turistsektorn att dra nytta av denna m\u00f6jlighet. Under jobbm\u00e4ssan anordnas det workshops i hur man uppr\u00e4ttar ett CV.<\/p>\n<p>Hotellsektorn beh\u00f6ver fylla 1.800 lediga platser tom totalt blir 5.000 arbetstillf\u00e4llen. Serveringsst\u00e4llena st\u00e5r f\u00f6r 100.000 arbetstillf\u00e4llen som blir 106.000 fr\u00e5n p\u00e5skveckan Semana Santa och under h\u00f6gs\u00e4song.<\/p>\n","protected":false},"excerpt":{"rendered":"<p>Den 20 mars arrangeras en jobbm\u00e4ssa vid Palacio de Ferias y Congresos i Torremolinos. Det \u00e4r turistsektorn p\u00e5 Solkusten som s\u00f6ker 8.000 personer f\u00f6r att ut\u00f6ka personalstyrkan inf\u00f6r p\u00e5sken d\u00e5 h\u00f6gs\u00e4songen drar ig\u00e5ng&#8230;<\/p>\n","protected":false},"author":7,"featured_media":80486,"comment_status":"closed","ping_status":"closed","sticky":false,"template":"","format":"standard","meta":{"_et_pb_use_builder":"","_et_pb_old_content":"","_et_gb_content_width":"","footnotes":""},"categories":[351,3],"tags":[],"class_list":["post-80048","post","type-post","status-publish","format-standard","has-post-thumbnail","hentry","category-ekonomi-nyheter","category-nyheter"],"yoast_head":"<!-- This site is optimized with the Yoast SEO Premium plugin v26.2 (Yoast SEO v27.4) - https:\/\/yoast.com\/product\/yoast-seo-premium-wordpress\/ -->\n<title>Turistsektorn: 8.000 lediga jobb - Svenska Magasinet<\/title>\n<meta name=\"description\" content=\"Den 20 mars arrangeras en jobbm\u00e4ssa vid Palacio de Ferias y Congresos i Torremolinos. Det \u00e4r turistsektorn p\u00e5 Solkusten som s\u00f6ker 8.000 personer f\u00f6r att ut\u00f6ka personalstyrkan inf\u00f6r p\u00e5sken d\u00e5 h\u00f6gs\u00e4songen drar ig\u00e5ng.\" \/>\n<meta name=\"robots\" content=\"noindex, follow, max-snippet:-1, max-image-preview:large, max-video-preview:-1\" \/>\n<meta property=\"og:locale\" content=\"sv_SE\" \/>\n<meta property=\"og:type\" content=\"article\" \/>\n<meta property=\"og:title\" content=\"Turistsektorn: 8.000 lediga jobb\" \/>\n<meta property=\"og:description\" content=\"Den 20 mars arrangeras en jobbm\u00e4ssa vid Palacio de Ferias y Congresos i Torremolinos. Det \u00e4r turistsektorn p\u00e5 Solkusten som s\u00f6ker 8.000 personer f\u00f6r att ut\u00f6ka personalstyrkan inf\u00f6r p\u00e5sken d\u00e5 h\u00f6gs\u00e4songen drar ig\u00e5ng.\" \/>\n<meta property=\"og:url\" content=\"https:\/\/lightweb.dev\/l\/svm-temp\/nyheter\/naringsliv\/turistsektorn-8-000-lediga-jobb\/\" \/>\n<meta property=\"og:site_name\" content=\"Svenska Magasinet\" \/>\n<meta property=\"article:publisher\" content=\"https:\/\/www.facebook.com\/svenskamagasinet\" \/>\n<meta property=\"article:published_time\" content=\"2025-03-09T17:20:33+00:00\" \/>\n<meta property=\"article:modified_time\" content=\"2025-03-20T15:41:15+00:00\" \/>\n<meta property=\"og:image\" content=\"https:\/\/lightweb.dev\/l\/svm-temp\/wp-content\/uploads\/2025\/03\/svm20250320154024.webp\" \/>\n\t<meta property=\"og:image:width\" content=\"900\" \/>\n\t<meta property=\"og:image:height\" content=\"400\" \/>\n\t<meta property=\"og:image:type\" content=\"image\/webp\" \/>\n<meta name=\"author\" content=\"Ola Josefsson\" \/>\n<meta name=\"twitter:card\" content=\"summary_large_image\" \/>\n<meta name=\"twitter:creator\" content=\"@SvenskaMagasine\" \/>\n<meta name=\"twitter:site\" content=\"@SvenskaMagasine\" \/>\n<script type=\"application\/ld+json\" class=\"yoast-schema-graph\">{\"@context\":\"https:\\\/\\\/schema.org\",\"@graph\":[{\"@type\":\"Article\",\"@id\":\"https:\\\/\\\/lightweb.dev\\\/l\\\/svm-temp\\\/nyheter\\\/naringsliv\\\/turistsektorn-8-000-lediga-jobb\\\/#article\",\"isPartOf\":{\"@id\":\"https:\\\/\\\/lightweb.dev\\\/l\\\/svm-temp\\\/nyheter\\\/naringsliv\\\/turistsektorn-8-000-lediga-jobb\\\/\"},\"author\":{\"name\":\"Ola Josefsson\",\"@id\":\"https:\\\/\\\/lightweb.dev\\\/l\\\/svm-temp\\\/#\\\/schema\\\/person\\\/7a82b8a73d171d32360a564b6d03508e\"},\"headline\":\"Turistsektorn: 8.000 lediga jobb\",\"datePublished\":\"2025-03-09T17:20:33+00:00\",\"dateModified\":\"2025-03-20T15:41:15+00:00\",\"mainEntityOfPage\":{\"@id\":\"https:\\\/\\\/lightweb.dev\\\/l\\\/svm-temp\\\/nyheter\\\/naringsliv\\\/turistsektorn-8-000-lediga-jobb\\\/\"},\"wordCount\":301,\"publisher\":{\"@id\":\"https:\\\/\\\/lightweb.dev\\\/l\\\/svm-temp\\\/#organization\"},\"image\":{\"@id\":\"https:\\\/\\\/lightweb.dev\\\/l\\\/svm-temp\\\/nyheter\\\/naringsliv\\\/turistsektorn-8-000-lediga-jobb\\\/#primaryimage\"},\"thumbnailUrl\":\"https:\\\/\\\/lightweb.dev\\\/l\\\/svm-temp\\\/wp-content\\\/uploads\\\/2025\\\/03\\\/svm20250320154024.webp\",\"articleSection\":[\"Ekonomi\",\"Nyheter\"],\"inLanguage\":\"sv-SE\"},{\"@type\":\"WebPage\",\"@id\":\"https:\\\/\\\/lightweb.dev\\\/l\\\/svm-temp\\\/nyheter\\\/naringsliv\\\/turistsektorn-8-000-lediga-jobb\\\/\",\"url\":\"https:\\\/\\\/lightweb.dev\\\/l\\\/svm-temp\\\/nyheter\\\/naringsliv\\\/turistsektorn-8-000-lediga-jobb\\\/\",\"name\":\"Turistsektorn: 8.000 lediga jobb - Svenska Magasinet\",\"isPartOf\":{\"@id\":\"https:\\\/\\\/lightweb.dev\\\/l\\\/svm-temp\\\/#website\"},\"primaryImageOfPage\":{\"@id\":\"https:\\\/\\\/lightweb.dev\\\/l\\\/svm-temp\\\/nyheter\\\/naringsliv\\\/turistsektorn-8-000-lediga-jobb\\\/#primaryimage\"},\"image\":{\"@id\":\"https:\\\/\\\/lightweb.dev\\\/l\\\/svm-temp\\\/nyheter\\\/naringsliv\\\/turistsektorn-8-000-lediga-jobb\\\/#primaryimage\"},\"thumbnailUrl\":\"https:\\\/\\\/lightweb.dev\\\/l\\\/svm-temp\\\/wp-content\\\/uploads\\\/2025\\\/03\\\/svm20250320154024.webp\",\"datePublished\":\"2025-03-09T17:20:33+00:00\",\"dateModified\":\"2025-03-20T15:41:15+00:00\",\"description\":\"Den 20 mars arrangeras en jobbm\u00e4ssa vid Palacio de Ferias y Congresos i Torremolinos. Det \u00e4r turistsektorn p\u00e5 Solkusten som s\u00f6ker 8.000 personer f\u00f6r att ut\u00f6ka personalstyrkan inf\u00f6r p\u00e5sken d\u00e5 h\u00f6gs\u00e4songen drar ig\u00e5ng.\",\"breadcrumb\":{\"@id\":\"https:\\\/\\\/lightweb.dev\\\/l\\\/svm-temp\\\/nyheter\\\/naringsliv\\\/turistsektorn-8-000-lediga-jobb\\\/#breadcrumb\"},\"inLanguage\":\"sv-SE\",\"potentialAction\":[{\"@type\":\"ReadAction\",\"target\":[\"https:\\\/\\\/lightweb.dev\\\/l\\\/svm-temp\\\/nyheter\\\/naringsliv\\\/turistsektorn-8-000-lediga-jobb\\\/\"]}]},{\"@type\":\"ImageObject\",\"inLanguage\":\"sv-SE\",\"@id\":\"https:\\\/\\\/lightweb.dev\\\/l\\\/svm-temp\\\/nyheter\\\/naringsliv\\\/turistsektorn-8-000-lediga-jobb\\\/#primaryimage\",\"url\":\"https:\\\/\\\/lightweb.dev\\\/l\\\/svm-temp\\\/wp-content\\\/uploads\\\/2025\\\/03\\\/svm20250320154024.webp\",\"contentUrl\":\"https:\\\/\\\/lightweb.dev\\\/l\\\/svm-temp\\\/wp-content\\\/uploads\\\/2025\\\/03\\\/svm20250320154024.webp\",\"width\":900,\"height\":400},{\"@type\":\"BreadcrumbList\",\"@id\":\"https:\\\/\\\/lightweb.dev\\\/l\\\/svm-temp\\\/nyheter\\\/naringsliv\\\/turistsektorn-8-000-lediga-jobb\\\/#breadcrumb\",\"itemListElement\":[{\"@type\":\"ListItem\",\"position\":1,\"name\":\"Hem\",\"item\":\"https:\\\/\\\/lightweb.dev\\\/l\\\/svm-temp\\\/\"},{\"@type\":\"ListItem\",\"position\":2,\"name\":\"Turistsektorn: 8.000 lediga jobb\"}]},{\"@type\":\"WebSite\",\"@id\":\"https:\\\/\\\/lightweb.dev\\\/l\\\/svm-temp\\\/#website\",\"url\":\"https:\\\/\\\/lightweb.dev\\\/l\\\/svm-temp\\\/\",\"name\":\"Svenska Magasinet\",\"description\":\"Dina Spanska nyheter p&aring; Svenska\",\"publisher\":{\"@id\":\"https:\\\/\\\/lightweb.dev\\\/l\\\/svm-temp\\\/#organization\"},\"potentialAction\":[{\"@type\":\"SearchAction\",\"target\":{\"@type\":\"EntryPoint\",\"urlTemplate\":\"https:\\\/\\\/lightweb.dev\\\/l\\\/svm-temp\\\/?s={search_term_string}\"},\"query-input\":{\"@type\":\"PropertyValueSpecification\",\"valueRequired\":true,\"valueName\":\"search_term_string\"}}],\"inLanguage\":\"sv-SE\"},{\"@type\":\"Organization\",\"@id\":\"https:\\\/\\\/lightweb.dev\\\/l\\\/svm-temp\\\/#organization\",\"name\":\"Melkerson y Nott SL\",\"alternateName\":\"Svenska Magasinet\",\"url\":\"https:\\\/\\\/lightweb.dev\\\/l\\\/svm-temp\\\/\",\"logo\":{\"@type\":\"ImageObject\",\"inLanguage\":\"sv-SE\",\"@id\":\"https:\\\/\\\/lightweb.dev\\\/l\\\/svm-temp\\\/#\\\/schema\\\/logo\\\/image\\\/\",\"url\":\"https:\\\/\\\/lightweb.dev\\\/l\\\/svm-temp\\\/wp-content\\\/uploads\\\/2025\\\/02\\\/SvM-logo-Xtra-Centrerad-SVART.png\",\"contentUrl\":\"https:\\\/\\\/lightweb.dev\\\/l\\\/svm-temp\\\/wp-content\\\/uploads\\\/2025\\\/02\\\/SvM-logo-Xtra-Centrerad-SVART.png\",\"width\":300,\"height\":99,\"caption\":\"Melkerson y Nott SL\"},\"image\":{\"@id\":\"https:\\\/\\\/lightweb.dev\\\/l\\\/svm-temp\\\/#\\\/schema\\\/logo\\\/image\\\/\"},\"sameAs\":[\"https:\\\/\\\/www.facebook.com\\\/svenskamagasinet\",\"https:\\\/\\\/x.com\\\/SvenskaMagasine\"]},{\"@type\":\"Person\",\"@id\":\"https:\\\/\\\/lightweb.dev\\\/l\\\/svm-temp\\\/#\\\/schema\\\/person\\\/7a82b8a73d171d32360a564b6d03508e\",\"name\":\"Ola Josefsson\",\"description\":\"Bevakar Solkusten och Spanien sedan 1994.\",\"sameAs\":[\"https:\\\/\\\/lightweb.dev\\\/l\\\/svm-temp\"],\"url\":\"https:\\\/\\\/lightweb.dev\\\/l\\\/svm-temp\\\/reporter\\\/ola-josefsson\\\/\"}]}<\/script>\n<!-- \/ Yoast SEO Premium plugin. -->","yoast_head_json":{"title":"Turistsektorn: 8.000 lediga jobb - Svenska Magasinet","description":"Den 20 mars arrangeras en jobbm\u00e4ssa vid Palacio de Ferias y Congresos i Torremolinos. Det \u00e4r turistsektorn p\u00e5 Solkusten som s\u00f6ker 8.000 personer f\u00f6r att ut\u00f6ka personalstyrkan inf\u00f6r p\u00e5sken d\u00e5 h\u00f6gs\u00e4songen drar ig\u00e5ng.","robots":{"index":"noindex","follow":"follow","max-snippet":"max-snippet:-1","max-image-preview":"max-image-preview:large","max-video-preview":"max-video-preview:-1"},"og_locale":"sv_SE","og_type":"article","og_title":"Turistsektorn: 8.000 lediga jobb","og_description":"Den 20 mars arrangeras en jobbm\u00e4ssa vid Palacio de Ferias y Congresos i Torremolinos. Det \u00e4r turistsektorn p\u00e5 Solkusten som s\u00f6ker 8.000 personer f\u00f6r att ut\u00f6ka personalstyrkan inf\u00f6r p\u00e5sken d\u00e5 h\u00f6gs\u00e4songen drar ig\u00e5ng.","og_url":"https:\/\/lightweb.dev\/l\/svm-temp\/nyheter\/naringsliv\/turistsektorn-8-000-lediga-jobb\/","og_site_name":"Svenska Magasinet","article_publisher":"https:\/\/www.facebook.com\/svenskamagasinet","article_published_time":"2025-03-09T17:20:33+00:00","article_modified_time":"2025-03-20T15:41:15+00:00","og_image":[{"width":900,"height":400,"url":"https:\/\/lightweb.dev\/l\/svm-temp\/wp-content\/uploads\/2025\/03\/svm20250320154024.webp","type":"image\/webp"}],"author":"Ola Josefsson","twitter_card":"summary_large_image","twitter_creator":"@SvenskaMagasine","twitter_site":"@SvenskaMagasine","schema":{"@context":"https:\/\/schema.org","@graph":[{"@type":"Article","@id":"https:\/\/lightweb.dev\/l\/svm-temp\/nyheter\/naringsliv\/turistsektorn-8-000-lediga-jobb\/#article","isPartOf":{"@id":"https:\/\/lightweb.dev\/l\/svm-temp\/nyheter\/naringsliv\/turistsektorn-8-000-lediga-jobb\/"},"author":{"name":"Ola Josefsson","@id":"https:\/\/lightweb.dev\/l\/svm-temp\/#\/schema\/person\/7a82b8a73d171d32360a564b6d03508e"},"headline":"Turistsektorn: 8.000 lediga jobb","datePublished":"2025-03-09T17:20:33+00:00","dateModified":"2025-03-20T15:41:15+00:00","mainEntityOfPage":{"@id":"https:\/\/lightweb.dev\/l\/svm-temp\/nyheter\/naringsliv\/turistsektorn-8-000-lediga-jobb\/"},"wordCount":301,"publisher":{"@id":"https:\/\/lightweb.dev\/l\/svm-temp\/#organization"},"image":{"@id":"https:\/\/lightweb.dev\/l\/svm-temp\/nyheter\/naringsliv\/turistsektorn-8-000-lediga-jobb\/#primaryimage"},"thumbnailUrl":"https:\/\/lightweb.dev\/l\/svm-temp\/wp-content\/uploads\/2025\/03\/svm20250320154024.webp","articleSection":["Ekonomi","Nyheter"],"inLanguage":"sv-SE"},{"@type":"WebPage","@id":"https:\/\/lightweb.dev\/l\/svm-temp\/nyheter\/naringsliv\/turistsektorn-8-000-lediga-jobb\/","url":"https:\/\/lightweb.dev\/l\/svm-temp\/nyheter\/naringsliv\/turistsektorn-8-000-lediga-jobb\/","name":"Turistsektorn: 8.000 lediga jobb - Svenska Magasinet","isPartOf":{"@id":"https:\/\/lightweb.dev\/l\/svm-temp\/#website"},"primaryImageOfPage":{"@id":"https:\/\/lightweb.dev\/l\/svm-temp\/nyheter\/naringsliv\/turistsektorn-8-000-lediga-jobb\/#primaryimage"},"image":{"@id":"https:\/\/lightweb.dev\/l\/svm-temp\/nyheter\/naringsliv\/turistsektorn-8-000-lediga-jobb\/#primaryimage"},"thumbnailUrl":"https:\/\/lightweb.dev\/l\/svm-temp\/wp-content\/uploads\/2025\/03\/svm20250320154024.webp","datePublished":"2025-03-09T17:20:33+00:00","dateModified":"2025-03-20T15:41:15+00:00","description":"Den 20 mars arrangeras en jobbm\u00e4ssa vid Palacio de Ferias y Congresos i Torremolinos. Det \u00e4r turistsektorn p\u00e5 Solkusten som s\u00f6ker 8.000 personer f\u00f6r att ut\u00f6ka personalstyrkan inf\u00f6r p\u00e5sken d\u00e5 h\u00f6gs\u00e4songen drar ig\u00e5ng.","breadcrumb":{"@id":"https:\/\/lightweb.dev\/l\/svm-temp\/nyheter\/naringsliv\/turistsektorn-8-000-lediga-jobb\/#breadcrumb"},"inLanguage":"sv-SE","potentialAction":[{"@type":"ReadAction","target":["https:\/\/lightweb.dev\/l\/svm-temp\/nyheter\/naringsliv\/turistsektorn-8-000-lediga-jobb\/"]}]},{"@type":"ImageObject","inLanguage":"sv-SE","@id":"https:\/\/lightweb.dev\/l\/svm-temp\/nyheter\/naringsliv\/turistsektorn-8-000-lediga-jobb\/#primaryimage","url":"https:\/\/lightweb.dev\/l\/svm-temp\/wp-content\/uploads\/2025\/03\/svm20250320154024.webp","contentUrl":"https:\/\/lightweb.dev\/l\/svm-temp\/wp-content\/uploads\/2025\/03\/svm20250320154024.webp","width":900,"height":400},{"@type":"BreadcrumbList","@id":"https:\/\/lightweb.dev\/l\/svm-temp\/nyheter\/naringsliv\/turistsektorn-8-000-lediga-jobb\/#breadcrumb","itemListElement":[{"@type":"ListItem","position":1,"name":"Hem","item":"https:\/\/lightweb.dev\/l\/svm-temp\/"},{"@type":"ListItem","position":2,"name":"Turistsektorn: 8.000 lediga jobb"}]},{"@type":"WebSite","@id":"https:\/\/lightweb.dev\/l\/svm-temp\/#website","url":"https:\/\/lightweb.dev\/l\/svm-temp\/","name":"Svenska Magasinet","description":"Dina Spanska nyheter p&aring; Svenska","publisher":{"@id":"https:\/\/lightweb.dev\/l\/svm-temp\/#organization"},"potentialAction":[{"@type":"SearchAction","target":{"@type":"EntryPoint","urlTemplate":"https:\/\/lightweb.dev\/l\/svm-temp\/?s={search_term_string}"},"query-input":{"@type":"PropertyValueSpecification","valueRequired":true,"valueName":"search_term_string"}}],"inLanguage":"sv-SE"},{"@type":"Organization","@id":"https:\/\/lightweb.dev\/l\/svm-temp\/#organization","name":"Melkerson y Nott SL","alternateName":"Svenska Magasinet","url":"https:\/\/lightweb.dev\/l\/svm-temp\/","logo":{"@type":"ImageObject","inLanguage":"sv-SE","@id":"https:\/\/lightweb.dev\/l\/svm-temp\/#\/schema\/logo\/image\/","url":"https:\/\/lightweb.dev\/l\/svm-temp\/wp-content\/uploads\/2025\/02\/SvM-logo-Xtra-Centrerad-SVART.png","contentUrl":"https:\/\/lightweb.dev\/l\/svm-temp\/wp-content\/uploads\/2025\/02\/SvM-logo-Xtra-Centrerad-SVART.png","width":300,"height":99,"caption":"Melkerson y Nott SL"},"image":{"@id":"https:\/\/lightweb.dev\/l\/svm-temp\/#\/schema\/logo\/image\/"},"sameAs":["https:\/\/www.facebook.com\/svenskamagasinet","https:\/\/x.com\/SvenskaMagasine"]},{"@type":"Person","@id":"https:\/\/lightweb.dev\/l\/svm-temp\/#\/schema\/person\/7a82b8a73d171d32360a564b6d03508e","name":"Ola Josefsson","description":"Bevakar Solkusten och Spanien sedan 1994.","sameAs":["https:\/\/lightweb.dev\/l\/svm-temp"],"url":"https:\/\/lightweb.dev\/l\/svm-temp\/reporter\/ola-josefsson\/"}]}},"_links":{"self":[{"href":"https:\/\/lightweb.dev\/l\/svm-temp\/wp-json\/wp\/v2\/posts\/80048","targetHints":{"allow":["GET"]}}],"collection":[{"href":"https:\/\/lightweb.dev\/l\/svm-temp\/wp-json\/wp\/v2\/posts"}],"about":[{"href":"https:\/\/lightweb.dev\/l\/svm-temp\/wp-json\/wp\/v2\/types\/post"}],"author":[{"embeddable":true,"href":"https:\/\/lightweb.dev\/l\/svm-temp\/wp-json\/wp\/v2\/users\/7"}],"replies":[{"embeddable":true,"href":"https:\/\/lightweb.dev\/l\/svm-temp\/wp-json\/wp\/v2\/comments?post=80048"}],"version-history":[{"count":0,"href":"https:\/\/lightweb.dev\/l\/svm-temp\/wp-json\/wp\/v2\/posts\/80048\/revisions"}],"wp:featuredmedia":[{"embeddable":true,"href":"https:\/\/lightweb.dev\/l\/svm-temp\/wp-json\/wp\/v2\/media\/80486"}],"wp:attachment":[{"href":"https:\/\/lightweb.dev\/l\/svm-temp\/wp-json\/wp\/v2\/media?parent=80048"}],"wp:term":[{"taxonomy":"category","embeddable":true,"href":"https:\/\/lightweb.dev\/l\/svm-temp\/wp-json\/wp\/v2\/categories?post=80048"},{"taxonomy":"post_tag","embeddable":true,"href":"https:\/\/lightweb.dev\/l\/svm-temp\/wp-json\/wp\/v2\/tags?post=80048"}],"curies":[{"name":"wp","href":"https:\/\/api.w.org\/{rel}","templated":true}]}}