{"id":80058,"date":"2025-03-10T10:57:48","date_gmt":"2025-03-10T09:57:48","guid":{"rendered":"https:\/\/lightweb.dev\/l\/svm-temp\/?p=80058"},"modified":"2025-03-10T10:58:40","modified_gmt":"2025-03-10T09:58:40","slug":"oklart-om-overenskommelse-kring-utokade-spanska-forsvarsutgifter","status":"publish","type":"post","link":"https:\/\/lightweb.dev\/l\/svm-temp\/nyheter\/inrikes\/oklart-om-overenskommelse-kring-utokade-spanska-forsvarsutgifter\/","title":{"rendered":"Oklart om \u00f6verenskommelse kring ut\u00f6kade spanska f\u00f6rsvarsutgifter"},"content":{"rendered":"<p><strong>P\u00e5 torsdag ska regeringschefen Pedro S\u00e1nchez tr\u00e4ffa oppositionsledaren Alberto N\u00fa\u00f1ez Feij\u00f3o. En \u00f6verenskommelse om hur Spanien ska \u00f6ka f\u00f6rsvarsutgifterna till tv\u00e5 procent av BNP f\u00f6re 2029 m\u00e5ste till.<\/strong><\/p>\n<p><strong>Tonl\u00e4get \u00e4r fortsatt h\u00f6gt mellan regering och opposition vilket f\u00f6rsv\u00e5rar samarbete.<\/strong><\/p>\n<p>&#8211; Feij\u00f3o \u00e4r inte \u00e4r kapabel att leda oppositionen. Han st\u00e5r utan id\u00e9er och m\u00e5l, sa Pedro S\u00e1nchez n\u00e4r han talade vid PSOE:s regionala konferens i Galicien.<\/p>\n<p>Pressen \u00e4r p\u00e5taglig p\u00e5 Spanien att ut\u00f6ka sina f\u00f6rsvarsutgifter efter att 26 EU-l\u00e4nder vid ett extrainsatt EU-toppm\u00f6te sagt ja till f\u00f6rsvarsplanen \u201dReArm Europe\u201d.<\/p>\n<h2 class=\"entry-title\">L\u00e4s mer: <a href=\"https:\/\/lightweb.dev\/l\/svm-temp\/nyheter\/utrikes\/eus-forsvarsplan-satter-press-pa-sanchez-att-hoja-forsvarsanslagen\/\">EU:s f\u00f6rsvarsplan s\u00e4tter press p\u00e5 S\u00e1nchez att h\u00f6ja f\u00f6rsvarsanslagen<\/a><\/h2>\n<p>I nul\u00e4get \u00e4r Spanien bland sju l\u00e4nder som ligger under m\u00e5let med f\u00f6rsvarsutgifter p\u00e5 2 procent av BNP.<\/p>\n<p>Av Natos 31-medlemsl\u00e4nder bidrar Spanien med minst pengar, 1,28 procent av landets BNP. Spanien hoppas n\u00e5 m\u00e5let, tv\u00e5 procent, f\u00f6re 2029.<\/p>\n<p>Samtidigt h\u00f6js fler r\u00f6ster att m\u00e5let ska \u00f6kas till 3 procent. EU-kommissionens ordf\u00f6rande Ursula von der Leyen s\u00e4ger att Europa m\u00e5ste visa vilja och handling i att upprusta f\u00f6rsvaret.<\/p>\n<p>N\u00e5got som den spanska regeringschefen Pedro S\u00e1nchez inte helst talar om d\u00e5 han saknar st\u00f6d fr\u00e5n sina koalitionspartner fr\u00e5n ytterkantsv\u00e4nstern och helst angriper oppositionsledaren Alberto N\u00fa\u00f1ez Feij\u00f3o.<\/p>\n<p>S\u00e1nchez v\u00e4ljer inte strategin att lugna ner saker och ting innan torsdagens m\u00f6te med Feij\u00f3o i Regeringskansliet La Moncloa.<\/p>\n<p>&#8211; De (l\u00e4s Partido Popular, red. Anm.) snubblar runt, \u00e4r utan id\u00e9er, utan m\u00e5l och utan skrupler. Feij\u00f3o \u00e4r inte oppositionsledare eftersom han inte vet hur oppositionspolitik ska bedrivas, sa S\u00e1nchez p\u00e5 s\u00f6ndagen.<\/p>\n<p>S\u00e1nchez n\u00e4mnde inte n\u00e5got hur han skulle f\u00e5 st\u00f6d f\u00f6r \u00f6kade f\u00f6rsvarsutgifter eller den inst\u00e4llning som PSOE:s koalitionspartner har i fr\u00e5gan d\u00e4r flera partier f\u00f6respr\u00e5kar att Spanien l\u00e4mnar Nato.<\/p>\n<p>Han sa samtidigt att upprustningen av Europa \u00e4r mer n\u00f6dv\u00e4ndig \u00e4n n\u00e5gonsin och att Spanien m\u00e5ste f\u00f6rsvara Europa s\u00e5 att Europa kan f\u00f6rsvara sig.<\/p>\n","protected":false},"excerpt":{"rendered":"<p>P\u00e5 torsdag ska regeringschefen Pedro S\u00e1nchez tr\u00e4ffa oppositionsledaren Alberto N\u00fa\u00f1ez Feij\u00f3o. En \u00f6verenskommelse om hur Spanien ska \u00f6ka f\u00f6rsvarsutgifterna till tv\u00e5 procent av BNP f\u00f6re 2029 m\u00e5ste till. Tonl\u00e4get \u00e4r fortsatt h\u00f6gt&#8230;<\/p>\n","protected":false},"author":7,"featured_media":79991,"comment_status":"closed","ping_status":"closed","sticky":false,"template":"","format":"standard","meta":{"_et_pb_use_builder":"","_et_pb_old_content":"","_et_gb_content_width":"","footnotes":""},"categories":[284,3],"tags":[],"class_list":["post-80058","post","type-post","status-publish","format-standard","has-post-thumbnail","hentry","category-inrikes","category-nyheter"],"yoast_head":"<!-- This site is optimized with the Yoast SEO Premium plugin v26.2 (Yoast SEO v27.4) - https:\/\/yoast.com\/product\/yoast-seo-premium-wordpress\/ -->\n<title>Oklart om \u00f6verenskommelse kring ut\u00f6kade spanska f\u00f6rsvarsutgifter - Svenska Magasinet<\/title>\n<meta name=\"robots\" content=\"noindex, follow, max-snippet:-1, max-image-preview:large, max-video-preview:-1\" \/>\n<meta property=\"og:locale\" content=\"sv_SE\" \/>\n<meta property=\"og:type\" content=\"article\" \/>\n<meta property=\"og:title\" content=\"Oklart om \u00f6verenskommelse kring ut\u00f6kade spanska f\u00f6rsvarsutgifter\" \/>\n<meta property=\"og:description\" content=\"P\u00e5 torsdag ska regeringschefen Pedro S\u00e1nchez tr\u00e4ffa oppositionsledaren Alberto N\u00fa\u00f1ez Feij\u00f3o. En \u00f6verenskommelse om hur Spanien ska \u00f6ka f\u00f6rsvarsutgifterna till tv\u00e5 procent av BNP f\u00f6re 2029 m\u00e5ste till. Tonl\u00e4get \u00e4r fortsatt h\u00f6gt...\" \/>\n<meta property=\"og:url\" content=\"https:\/\/lightweb.dev\/l\/svm-temp\/nyheter\/inrikes\/oklart-om-overenskommelse-kring-utokade-spanska-forsvarsutgifter\/\" \/>\n<meta property=\"og:site_name\" content=\"Svenska Magasinet\" \/>\n<meta property=\"article:publisher\" content=\"https:\/\/www.facebook.com\/svenskamagasinet\" \/>\n<meta property=\"article:published_time\" content=\"2025-03-10T09:57:48+00:00\" \/>\n<meta property=\"article:modified_time\" content=\"2025-03-10T09:58:40+00:00\" \/>\n<meta property=\"og:image\" content=\"https:\/\/lightweb.dev\/l\/svm-temp\/wp-content\/uploads\/2025\/03\/svm20250307093224.webp\" \/>\n\t<meta property=\"og:image:width\" content=\"900\" \/>\n\t<meta property=\"og:image:height\" content=\"400\" \/>\n\t<meta property=\"og:image:type\" content=\"image\/webp\" \/>\n<meta name=\"author\" content=\"Ola Josefsson\" \/>\n<meta name=\"twitter:card\" content=\"summary_large_image\" \/>\n<meta name=\"twitter:creator\" content=\"@SvenskaMagasine\" \/>\n<meta name=\"twitter:site\" content=\"@SvenskaMagasine\" \/>\n<script type=\"application\/ld+json\" class=\"yoast-schema-graph\">{\"@context\":\"https:\\\/\\\/schema.org\",\"@graph\":[{\"@type\":\"Article\",\"@id\":\"https:\\\/\\\/lightweb.dev\\\/l\\\/svm-temp\\\/nyheter\\\/inrikes\\\/oklart-om-overenskommelse-kring-utokade-spanska-forsvarsutgifter\\\/#article\",\"isPartOf\":{\"@id\":\"https:\\\/\\\/lightweb.dev\\\/l\\\/svm-temp\\\/nyheter\\\/inrikes\\\/oklart-om-overenskommelse-kring-utokade-spanska-forsvarsutgifter\\\/\"},\"author\":{\"name\":\"Ola Josefsson\",\"@id\":\"https:\\\/\\\/lightweb.dev\\\/l\\\/svm-temp\\\/#\\\/schema\\\/person\\\/7a82b8a73d171d32360a564b6d03508e\"},\"headline\":\"Oklart om \u00f6verenskommelse kring ut\u00f6kade spanska f\u00f6rsvarsutgifter\",\"datePublished\":\"2025-03-10T09:57:48+00:00\",\"dateModified\":\"2025-03-10T09:58:40+00:00\",\"mainEntityOfPage\":{\"@id\":\"https:\\\/\\\/lightweb.dev\\\/l\\\/svm-temp\\\/nyheter\\\/inrikes\\\/oklart-om-overenskommelse-kring-utokade-spanska-forsvarsutgifter\\\/\"},\"wordCount\":385,\"publisher\":{\"@id\":\"https:\\\/\\\/lightweb.dev\\\/l\\\/svm-temp\\\/#organization\"},\"image\":{\"@id\":\"https:\\\/\\\/lightweb.dev\\\/l\\\/svm-temp\\\/nyheter\\\/inrikes\\\/oklart-om-overenskommelse-kring-utokade-spanska-forsvarsutgifter\\\/#primaryimage\"},\"thumbnailUrl\":\"https:\\\/\\\/lightweb.dev\\\/l\\\/svm-temp\\\/wp-content\\\/uploads\\\/2025\\\/03\\\/svm20250307093224.webp\",\"articleSection\":[\"Inrikes\",\"Nyheter\"],\"inLanguage\":\"sv-SE\"},{\"@type\":\"WebPage\",\"@id\":\"https:\\\/\\\/lightweb.dev\\\/l\\\/svm-temp\\\/nyheter\\\/inrikes\\\/oklart-om-overenskommelse-kring-utokade-spanska-forsvarsutgifter\\\/\",\"url\":\"https:\\\/\\\/lightweb.dev\\\/l\\\/svm-temp\\\/nyheter\\\/inrikes\\\/oklart-om-overenskommelse-kring-utokade-spanska-forsvarsutgifter\\\/\",\"name\":\"Oklart om \u00f6verenskommelse kring ut\u00f6kade spanska f\u00f6rsvarsutgifter - Svenska Magasinet\",\"isPartOf\":{\"@id\":\"https:\\\/\\\/lightweb.dev\\\/l\\\/svm-temp\\\/#website\"},\"primaryImageOfPage\":{\"@id\":\"https:\\\/\\\/lightweb.dev\\\/l\\\/svm-temp\\\/nyheter\\\/inrikes\\\/oklart-om-overenskommelse-kring-utokade-spanska-forsvarsutgifter\\\/#primaryimage\"},\"image\":{\"@id\":\"https:\\\/\\\/lightweb.dev\\\/l\\\/svm-temp\\\/nyheter\\\/inrikes\\\/oklart-om-overenskommelse-kring-utokade-spanska-forsvarsutgifter\\\/#primaryimage\"},\"thumbnailUrl\":\"https:\\\/\\\/lightweb.dev\\\/l\\\/svm-temp\\\/wp-content\\\/uploads\\\/2025\\\/03\\\/svm20250307093224.webp\",\"datePublished\":\"2025-03-10T09:57:48+00:00\",\"dateModified\":\"2025-03-10T09:58:40+00:00\",\"breadcrumb\":{\"@id\":\"https:\\\/\\\/lightweb.dev\\\/l\\\/svm-temp\\\/nyheter\\\/inrikes\\\/oklart-om-overenskommelse-kring-utokade-spanska-forsvarsutgifter\\\/#breadcrumb\"},\"inLanguage\":\"sv-SE\",\"potentialAction\":[{\"@type\":\"ReadAction\",\"target\":[\"https:\\\/\\\/lightweb.dev\\\/l\\\/svm-temp\\\/nyheter\\\/inrikes\\\/oklart-om-overenskommelse-kring-utokade-spanska-forsvarsutgifter\\\/\"]}]},{\"@type\":\"ImageObject\",\"inLanguage\":\"sv-SE\",\"@id\":\"https:\\\/\\\/lightweb.dev\\\/l\\\/svm-temp\\\/nyheter\\\/inrikes\\\/oklart-om-overenskommelse-kring-utokade-spanska-forsvarsutgifter\\\/#primaryimage\",\"url\":\"https:\\\/\\\/lightweb.dev\\\/l\\\/svm-temp\\\/wp-content\\\/uploads\\\/2025\\\/03\\\/svm20250307093224.webp\",\"contentUrl\":\"https:\\\/\\\/lightweb.dev\\\/l\\\/svm-temp\\\/wp-content\\\/uploads\\\/2025\\\/03\\\/svm20250307093224.webp\",\"width\":900,\"height\":400,\"caption\":\"(Foto: Regeringskansliet La Moncloa)\"},{\"@type\":\"BreadcrumbList\",\"@id\":\"https:\\\/\\\/lightweb.dev\\\/l\\\/svm-temp\\\/nyheter\\\/inrikes\\\/oklart-om-overenskommelse-kring-utokade-spanska-forsvarsutgifter\\\/#breadcrumb\",\"itemListElement\":[{\"@type\":\"ListItem\",\"position\":1,\"name\":\"Hem\",\"item\":\"https:\\\/\\\/lightweb.dev\\\/l\\\/svm-temp\\\/\"},{\"@type\":\"ListItem\",\"position\":2,\"name\":\"Oklart om \u00f6verenskommelse kring ut\u00f6kade spanska f\u00f6rsvarsutgifter\"}]},{\"@type\":\"WebSite\",\"@id\":\"https:\\\/\\\/lightweb.dev\\\/l\\\/svm-temp\\\/#website\",\"url\":\"https:\\\/\\\/lightweb.dev\\\/l\\\/svm-temp\\\/\",\"name\":\"Svenska Magasinet\",\"description\":\"Dina Spanska nyheter p&aring; Svenska\",\"publisher\":{\"@id\":\"https:\\\/\\\/lightweb.dev\\\/l\\\/svm-temp\\\/#organization\"},\"potentialAction\":[{\"@type\":\"SearchAction\",\"target\":{\"@type\":\"EntryPoint\",\"urlTemplate\":\"https:\\\/\\\/lightweb.dev\\\/l\\\/svm-temp\\\/?s={search_term_string}\"},\"query-input\":{\"@type\":\"PropertyValueSpecification\",\"valueRequired\":true,\"valueName\":\"search_term_string\"}}],\"inLanguage\":\"sv-SE\"},{\"@type\":\"Organization\",\"@id\":\"https:\\\/\\\/lightweb.dev\\\/l\\\/svm-temp\\\/#organization\",\"name\":\"Melkerson y Nott SL\",\"alternateName\":\"Svenska Magasinet\",\"url\":\"https:\\\/\\\/lightweb.dev\\\/l\\\/svm-temp\\\/\",\"logo\":{\"@type\":\"ImageObject\",\"inLanguage\":\"sv-SE\",\"@id\":\"https:\\\/\\\/lightweb.dev\\\/l\\\/svm-temp\\\/#\\\/schema\\\/logo\\\/image\\\/\",\"url\":\"https:\\\/\\\/lightweb.dev\\\/l\\\/svm-temp\\\/wp-content\\\/uploads\\\/2025\\\/02\\\/SvM-logo-Xtra-Centrerad-SVART.png\",\"contentUrl\":\"https:\\\/\\\/lightweb.dev\\\/l\\\/svm-temp\\\/wp-content\\\/uploads\\\/2025\\\/02\\\/SvM-logo-Xtra-Centrerad-SVART.png\",\"width\":300,\"height\":99,\"caption\":\"Melkerson y Nott SL\"},\"image\":{\"@id\":\"https:\\\/\\\/lightweb.dev\\\/l\\\/svm-temp\\\/#\\\/schema\\\/logo\\\/image\\\/\"},\"sameAs\":[\"https:\\\/\\\/www.facebook.com\\\/svenskamagasinet\",\"https:\\\/\\\/x.com\\\/SvenskaMagasine\"]},{\"@type\":\"Person\",\"@id\":\"https:\\\/\\\/lightweb.dev\\\/l\\\/svm-temp\\\/#\\\/schema\\\/person\\\/7a82b8a73d171d32360a564b6d03508e\",\"name\":\"Ola Josefsson\",\"description\":\"Bevakar Solkusten och Spanien sedan 1994.\",\"sameAs\":[\"https:\\\/\\\/lightweb.dev\\\/l\\\/svm-temp\"],\"url\":\"https:\\\/\\\/lightweb.dev\\\/l\\\/svm-temp\\\/reporter\\\/ola-josefsson\\\/\"}]}<\/script>\n<!-- \/ Yoast SEO Premium plugin. -->","yoast_head_json":{"title":"Oklart om \u00f6verenskommelse kring ut\u00f6kade spanska f\u00f6rsvarsutgifter - Svenska Magasinet","robots":{"index":"noindex","follow":"follow","max-snippet":"max-snippet:-1","max-image-preview":"max-image-preview:large","max-video-preview":"max-video-preview:-1"},"og_locale":"sv_SE","og_type":"article","og_title":"Oklart om \u00f6verenskommelse kring ut\u00f6kade spanska f\u00f6rsvarsutgifter","og_description":"P\u00e5 torsdag ska regeringschefen Pedro S\u00e1nchez tr\u00e4ffa oppositionsledaren Alberto N\u00fa\u00f1ez Feij\u00f3o. En \u00f6verenskommelse om hur Spanien ska \u00f6ka f\u00f6rsvarsutgifterna till tv\u00e5 procent av BNP f\u00f6re 2029 m\u00e5ste till. Tonl\u00e4get \u00e4r fortsatt h\u00f6gt...","og_url":"https:\/\/lightweb.dev\/l\/svm-temp\/nyheter\/inrikes\/oklart-om-overenskommelse-kring-utokade-spanska-forsvarsutgifter\/","og_site_name":"Svenska Magasinet","article_publisher":"https:\/\/www.facebook.com\/svenskamagasinet","article_published_time":"2025-03-10T09:57:48+00:00","article_modified_time":"2025-03-10T09:58:40+00:00","og_image":[{"width":900,"height":400,"url":"https:\/\/lightweb.dev\/l\/svm-temp\/wp-content\/uploads\/2025\/03\/svm20250307093224.webp","type":"image\/webp"}],"author":"Ola Josefsson","twitter_card":"summary_large_image","twitter_creator":"@SvenskaMagasine","twitter_site":"@SvenskaMagasine","schema":{"@context":"https:\/\/schema.org","@graph":[{"@type":"Article","@id":"https:\/\/lightweb.dev\/l\/svm-temp\/nyheter\/inrikes\/oklart-om-overenskommelse-kring-utokade-spanska-forsvarsutgifter\/#article","isPartOf":{"@id":"https:\/\/lightweb.dev\/l\/svm-temp\/nyheter\/inrikes\/oklart-om-overenskommelse-kring-utokade-spanska-forsvarsutgifter\/"},"author":{"name":"Ola Josefsson","@id":"https:\/\/lightweb.dev\/l\/svm-temp\/#\/schema\/person\/7a82b8a73d171d32360a564b6d03508e"},"headline":"Oklart om \u00f6verenskommelse kring ut\u00f6kade spanska f\u00f6rsvarsutgifter","datePublished":"2025-03-10T09:57:48+00:00","dateModified":"2025-03-10T09:58:40+00:00","mainEntityOfPage":{"@id":"https:\/\/lightweb.dev\/l\/svm-temp\/nyheter\/inrikes\/oklart-om-overenskommelse-kring-utokade-spanska-forsvarsutgifter\/"},"wordCount":385,"publisher":{"@id":"https:\/\/lightweb.dev\/l\/svm-temp\/#organization"},"image":{"@id":"https:\/\/lightweb.dev\/l\/svm-temp\/nyheter\/inrikes\/oklart-om-overenskommelse-kring-utokade-spanska-forsvarsutgifter\/#primaryimage"},"thumbnailUrl":"https:\/\/lightweb.dev\/l\/svm-temp\/wp-content\/uploads\/2025\/03\/svm20250307093224.webp","articleSection":["Inrikes","Nyheter"],"inLanguage":"sv-SE"},{"@type":"WebPage","@id":"https:\/\/lightweb.dev\/l\/svm-temp\/nyheter\/inrikes\/oklart-om-overenskommelse-kring-utokade-spanska-forsvarsutgifter\/","url":"https:\/\/lightweb.dev\/l\/svm-temp\/nyheter\/inrikes\/oklart-om-overenskommelse-kring-utokade-spanska-forsvarsutgifter\/","name":"Oklart om \u00f6verenskommelse kring ut\u00f6kade spanska f\u00f6rsvarsutgifter - Svenska Magasinet","isPartOf":{"@id":"https:\/\/lightweb.dev\/l\/svm-temp\/#website"},"primaryImageOfPage":{"@id":"https:\/\/lightweb.dev\/l\/svm-temp\/nyheter\/inrikes\/oklart-om-overenskommelse-kring-utokade-spanska-forsvarsutgifter\/#primaryimage"},"image":{"@id":"https:\/\/lightweb.dev\/l\/svm-temp\/nyheter\/inrikes\/oklart-om-overenskommelse-kring-utokade-spanska-forsvarsutgifter\/#primaryimage"},"thumbnailUrl":"https:\/\/lightweb.dev\/l\/svm-temp\/wp-content\/uploads\/2025\/03\/svm20250307093224.webp","datePublished":"2025-03-10T09:57:48+00:00","dateModified":"2025-03-10T09:58:40+00:00","breadcrumb":{"@id":"https:\/\/lightweb.dev\/l\/svm-temp\/nyheter\/inrikes\/oklart-om-overenskommelse-kring-utokade-spanska-forsvarsutgifter\/#breadcrumb"},"inLanguage":"sv-SE","potentialAction":[{"@type":"ReadAction","target":["https:\/\/lightweb.dev\/l\/svm-temp\/nyheter\/inrikes\/oklart-om-overenskommelse-kring-utokade-spanska-forsvarsutgifter\/"]}]},{"@type":"ImageObject","inLanguage":"sv-SE","@id":"https:\/\/lightweb.dev\/l\/svm-temp\/nyheter\/inrikes\/oklart-om-overenskommelse-kring-utokade-spanska-forsvarsutgifter\/#primaryimage","url":"https:\/\/lightweb.dev\/l\/svm-temp\/wp-content\/uploads\/2025\/03\/svm20250307093224.webp","contentUrl":"https:\/\/lightweb.dev\/l\/svm-temp\/wp-content\/uploads\/2025\/03\/svm20250307093224.webp","width":900,"height":400,"caption":"(Foto: Regeringskansliet La Moncloa)"},{"@type":"BreadcrumbList","@id":"https:\/\/lightweb.dev\/l\/svm-temp\/nyheter\/inrikes\/oklart-om-overenskommelse-kring-utokade-spanska-forsvarsutgifter\/#breadcrumb","itemListElement":[{"@type":"ListItem","position":1,"name":"Hem","item":"https:\/\/lightweb.dev\/l\/svm-temp\/"},{"@type":"ListItem","position":2,"name":"Oklart om \u00f6verenskommelse kring ut\u00f6kade spanska f\u00f6rsvarsutgifter"}]},{"@type":"WebSite","@id":"https:\/\/lightweb.dev\/l\/svm-temp\/#website","url":"https:\/\/lightweb.dev\/l\/svm-temp\/","name":"Svenska Magasinet","description":"Dina Spanska nyheter p&aring; Svenska","publisher":{"@id":"https:\/\/lightweb.dev\/l\/svm-temp\/#organization"},"potentialAction":[{"@type":"SearchAction","target":{"@type":"EntryPoint","urlTemplate":"https:\/\/lightweb.dev\/l\/svm-temp\/?s={search_term_string}"},"query-input":{"@type":"PropertyValueSpecification","valueRequired":true,"valueName":"search_term_string"}}],"inLanguage":"sv-SE"},{"@type":"Organization","@id":"https:\/\/lightweb.dev\/l\/svm-temp\/#organization","name":"Melkerson y Nott SL","alternateName":"Svenska Magasinet","url":"https:\/\/lightweb.dev\/l\/svm-temp\/","logo":{"@type":"ImageObject","inLanguage":"sv-SE","@id":"https:\/\/lightweb.dev\/l\/svm-temp\/#\/schema\/logo\/image\/","url":"https:\/\/lightweb.dev\/l\/svm-temp\/wp-content\/uploads\/2025\/02\/SvM-logo-Xtra-Centrerad-SVART.png","contentUrl":"https:\/\/lightweb.dev\/l\/svm-temp\/wp-content\/uploads\/2025\/02\/SvM-logo-Xtra-Centrerad-SVART.png","width":300,"height":99,"caption":"Melkerson y Nott SL"},"image":{"@id":"https:\/\/lightweb.dev\/l\/svm-temp\/#\/schema\/logo\/image\/"},"sameAs":["https:\/\/www.facebook.com\/svenskamagasinet","https:\/\/x.com\/SvenskaMagasine"]},{"@type":"Person","@id":"https:\/\/lightweb.dev\/l\/svm-temp\/#\/schema\/person\/7a82b8a73d171d32360a564b6d03508e","name":"Ola Josefsson","description":"Bevakar Solkusten och Spanien sedan 1994.","sameAs":["https:\/\/lightweb.dev\/l\/svm-temp"],"url":"https:\/\/lightweb.dev\/l\/svm-temp\/reporter\/ola-josefsson\/"}]}},"_links":{"self":[{"href":"https:\/\/lightweb.dev\/l\/svm-temp\/wp-json\/wp\/v2\/posts\/80058","targetHints":{"allow":["GET"]}}],"collection":[{"href":"https:\/\/lightweb.dev\/l\/svm-temp\/wp-json\/wp\/v2\/posts"}],"about":[{"href":"https:\/\/lightweb.dev\/l\/svm-temp\/wp-json\/wp\/v2\/types\/post"}],"author":[{"embeddable":true,"href":"https:\/\/lightweb.dev\/l\/svm-temp\/wp-json\/wp\/v2\/users\/7"}],"replies":[{"embeddable":true,"href":"https:\/\/lightweb.dev\/l\/svm-temp\/wp-json\/wp\/v2\/comments?post=80058"}],"version-history":[{"count":0,"href":"https:\/\/lightweb.dev\/l\/svm-temp\/wp-json\/wp\/v2\/posts\/80058\/revisions"}],"wp:featuredmedia":[{"embeddable":true,"href":"https:\/\/lightweb.dev\/l\/svm-temp\/wp-json\/wp\/v2\/media\/79991"}],"wp:attachment":[{"href":"https:\/\/lightweb.dev\/l\/svm-temp\/wp-json\/wp\/v2\/media?parent=80058"}],"wp:term":[{"taxonomy":"category","embeddable":true,"href":"https:\/\/lightweb.dev\/l\/svm-temp\/wp-json\/wp\/v2\/categories?post=80058"},{"taxonomy":"post_tag","embeddable":true,"href":"https:\/\/lightweb.dev\/l\/svm-temp\/wp-json\/wp\/v2\/tags?post=80058"}],"curies":[{"name":"wp","href":"https:\/\/api.w.org\/{rel}","templated":true}]}}