{"id":80082,"date":"2025-04-01T00:30:14","date_gmt":"2025-03-31T22:30:14","guid":{"rendered":"https:\/\/lightweb.dev\/l\/svm-temp\/?p=80082"},"modified":"2025-04-01T09:41:35","modified_gmt":"2025-04-01T07:41:35","slug":"sju-byar-att-besoka-under-semana-santa","status":"publish","type":"post","link":"https:\/\/lightweb.dev\/l\/svm-temp\/nyheter\/sju-byar-att-besoka-under-semana-santa\/","title":{"rendered":"Sju byar att bes\u00f6ka under Semana Santa"},"content":{"rendered":"<p><strong>M\u00e1laga och Sevilla t\u00e4vlar om vem som har de fr\u00e4msta processionerna under p\u00e5sken. Men f\u00f6rutom M\u00e1laga p\u00e5 Solkusten \u00e4r det p\u00e5skprocessioner i de flesta byar och samh\u00e4llen.<\/strong><\/p>\n<p><strong>H\u00e4r har du n\u00e5gra f\u00f6rslag p\u00e5 byar i inlandet att bes\u00f6ka under Semana Santa 2025.<\/strong><\/p>\n<p>Nyfikna \u00e5sk\u00e5dare och bes\u00f6kare f\u00f6ljer processionerna. En utflykt till en by i inlandet under p\u00e5sken \u00e4r som att komma till en annan v\u00e4rld.<\/p>\n<p>\u00c4ven om M\u00e1laga spelar huvudrollen under p\u00e5skfirandet p\u00e5 Solkusten \u00e4r det \u00e4ven st\u00e4mningsfullt att bes\u00f6ka Antequera, Archidona, Riogordo eller Casarabonela f\u00f6r att f\u00e5 en n\u00e4ra upplevelse \u00f6ver vad denna tradition betyder i provinsen M\u00e1laga.<\/p>\n<p>Den katolska religi\u00f6sa n\u00e4rvaron \u00e4r speciellt n\u00e4rvarande i Antequera som \u00e4r bland kommunerna med flest kyrkor i f\u00f6rh\u00e5llande till folkm\u00e4ngd och storlek.<\/p>\n<h2><strong>Casarabonela<\/strong><\/h2>\n<p><img loading=\"lazy\" decoding=\"async\" class=\"alignnone wp-image-80079 size-full\" src=\"https:\/\/lightweb.dev\/l\/svm-temp\/wp-content\/uploads\/2025\/03\/svm20250310105206.webp\" alt=\"\" width=\"900\" height=\"400\" srcset=\"https:\/\/lightweb.dev\/l\/svm-temp\/wp-content\/uploads\/2025\/03\/svm20250310105206.webp 900w, https:\/\/lightweb.dev\/l\/svm-temp\/wp-content\/uploads\/2025\/03\/svm20250310105206-480x213.webp 480w\" sizes=\"(min-width: 0px) and (max-width: 480px) 480px, (min-width: 481px) 900px, 100vw\" \/><\/p>\n<p>Pasi\u00f3n de Casarabonela utspelar sig inne i kyrkan Santiago. Utrymmet \u00e4r begr\u00e4nsat och det betyder att bes\u00f6kare m\u00e5ste g\u00f6ra f\u00f6rk\u00f6p av biljetter f\u00f6r att kunna komma in. Passionsspelen p\u00e5g\u00e5r fr\u00e5n s\u00f6ndagen f\u00f6re p\u00e5sk till tisdagen under p\u00e5skveckan.<\/p>\n<p>Casarabonela var den f\u00f6rsta av provinsens byar att s\u00e4tta upp ett eget passionsspel, allts\u00e5 den bibliska beskrivningen av Jesus lidande och d\u00f6d. Den \u00e4r n\u00e5got mer dyster och m\u00f6rkare \u00e4n p\u00e5 andra h\u00e5ll.<\/p>\n<p>Processionerna p\u00e5g\u00e5r under hela veckan i byn som har m\u00e5nga religi\u00f6sa f\u00f6rem\u00e5l l\u00e4ngs gator och torg. Casarabonela som har en \u00e4ldre f\u00e4stning som ligger mitt i byn \u00e4r omgivet av ett vackert landskap vid Sierra de Alcapara\u00edn och ravinen Tajo San Francisco.<\/p>\n<h2><strong>Alhaur\u00edn El Grande<\/strong><\/h2>\n<p><img loading=\"lazy\" decoding=\"async\" class=\"alignnone wp-image-80075 size-full\" src=\"https:\/\/lightweb.dev\/l\/svm-temp\/wp-content\/uploads\/2025\/03\/svm20250310105004.webp\" alt=\"\" width=\"900\" height=\"400\" srcset=\"https:\/\/lightweb.dev\/l\/svm-temp\/wp-content\/uploads\/2025\/03\/svm20250310105004.webp 900w, https:\/\/lightweb.dev\/l\/svm-temp\/wp-content\/uploads\/2025\/03\/svm20250310105004-480x213.webp 480w\" sizes=\"(min-width: 0px) and (max-width: 480px) 480px, (min-width: 481px) 900px, 100vw\" \/><\/p>\n<p>Byn \u00e4r k\u00e4nd f\u00f6r sina p\u00e5skprocessioner med tv\u00e5 konkurrerande br\u00f6draskap som \u00e4r d\u00f6pta efter f\u00e4rgerna p\u00e5 deras rockar, Los Verdes och Los Moraos.<\/p>\n<p>De religi\u00f6sa traditionerna \u00e4r starka i Alhaur\u00edn El Grande som ligger i Guadalhorce-dalen. Kyrkan Encarnaci\u00f3n \u00e4r en viktig plats under Semana Santa. I byn finns \u00e4ldre torn och byggnader. En vacker vandringsled g\u00e5r vid omr\u00e5det med namnet Fuente del Acebuche.<\/p>\n<h2><strong>Antequera<\/strong><\/h2>\n<p><img loading=\"lazy\" decoding=\"async\" class=\"alignnone wp-image-80076 size-full\" src=\"https:\/\/lightweb.dev\/l\/svm-temp\/wp-content\/uploads\/2025\/03\/svm20250310105033.webp\" alt=\"\" width=\"900\" height=\"400\" srcset=\"https:\/\/lightweb.dev\/l\/svm-temp\/wp-content\/uploads\/2025\/03\/svm20250310105033.webp 900w, https:\/\/lightweb.dev\/l\/svm-temp\/wp-content\/uploads\/2025\/03\/svm20250310105033-480x213.webp 480w\" sizes=\"(min-width: 0px) and (max-width: 480px) 480px, (min-width: 481px) 900px, 100vw\" \/><\/p>\n<p>Antequera har de mest p\u00e5kostade och st\u00f6rsta processionerna i provinsen efter M\u00e1laga. Staden vid El Torcal vibrerar under Semana Santa. De religi\u00f6sa traditionerna \u00e4r starka h\u00e4r ute p\u00e5 landet.<\/p>\n<p>Den mest omtalade traditionen \u00e4r \u2018correr la vega\u2019. Den inneb\u00e4r att de som b\u00e4r p\u00e5 kristusfigurerna avslutar processionerna i de h\u00f6gst bel\u00e4gna delarna av staden med att springa uppf\u00f6r de branta gatorna.<\/p>\n<p>Antequera har k-m\u00e4rkta historiska byggnader som Arco de los Gigantes, Alcazaba, Real Colegiata de Santa Mar\u00eda la Mayor och stadsmuseet.<\/p>\n<p>Gl\u00f6m inte heller bort det som blev provinsens f\u00f6rsta v\u00e4rldsarv sommaren 2016. Stenkammargravarna eller megalitgravarna D\u00f3lmenes de Antequera p\u00e5 Unescos v\u00e4rldsarvslista (Patrimonio de la Humanidad).<\/p>\n<p>Ett stycke h\u00e4rifr\u00e5n ligger El Torcal med vandringsleder i ett fascinerande landskap.<\/p>\n<p>M\u00e5nga v\u00e4ljer att sova ut p\u00e5 det gamla klostret Convento de la Magdalena som numera \u00e4r hotell. Textilfabriken, F\u00e1bricas Textiles, visar en svunnen tid n\u00e4r textilindustrin var stor i Antequera.<\/p>\n<h2><strong>Archidona<\/strong><\/h2>\n<p><img loading=\"lazy\" decoding=\"async\" class=\"alignnone wp-image-80077 size-full\" src=\"https:\/\/lightweb.dev\/l\/svm-temp\/wp-content\/uploads\/2025\/03\/svm20250310105108.webp\" alt=\"\" width=\"900\" height=\"400\" srcset=\"https:\/\/lightweb.dev\/l\/svm-temp\/wp-content\/uploads\/2025\/03\/svm20250310105108.webp 900w, https:\/\/lightweb.dev\/l\/svm-temp\/wp-content\/uploads\/2025\/03\/svm20250310105108-480x213.webp 480w\" sizes=\"(min-width: 0px) and (max-width: 480px) 480px, (min-width: 481px) 900px, 100vw\" \/><\/p>\n<p>Torget Plaza Ochavada lyser starkast under Semana Santa. Processionerna och Kristi lidande upplevs extra starkt i Archidona. Byn har flera kyrkor och \u00e4ven ett kloster d\u00e4r det fortsatt tillverkas s\u00f6tsaker som s\u00e4ljs till allm\u00e4nheten och bes\u00f6kare. H\u00e4r finns en skola d\u00e4r Blas Infante gick, han som var Andalusiens frihetsk\u00e4mpe och skrev det andalusiska manifestet. Dessutom bjuder Archidona p\u00e5 en vacker panoramautsikt.<\/p>\n<h2><strong>Ronda<\/strong><\/h2>\n<p>Processionerna under Semana Santa i Ronda \u00e4r imponerande. Anledningen \u00e4r Rondas l\u00e4ge p\u00e5 h\u00f6jden och den djupa ravinen som sk\u00e4r genom stan. Allt detta bidrar till en fascinerande upplevelse.<\/p>\n<p>La Alameda del Tajo, Puente Nuevo, Palacio de Mondrag\u00f3n, Casa del Gigante, Museo Joaqu\u00edn Peinado och de arabiska baden \u00e4r n\u00e5gra av platserna.<\/p>\n<p>Runt Ronda finns flera ving\u00e5rdar varf\u00f6r m\u00e5nga kombinerar ett bes\u00f6k med processioner med att \u00e4ven smaka n\u00e5got gott vin fr\u00e5n trakten.<\/p>\n<p>Ravinen har numera dramatiska vandringsleder.<\/p>\n<h2><strong>Riogordo<\/strong><\/h2>\n<p><img loading=\"lazy\" decoding=\"async\" class=\"alignnone wp-image-80080 size-full\" src=\"https:\/\/lightweb.dev\/l\/svm-temp\/wp-content\/uploads\/2025\/03\/svm20250310105233.webp\" alt=\"\" width=\"900\" height=\"400\" srcset=\"https:\/\/lightweb.dev\/l\/svm-temp\/wp-content\/uploads\/2025\/03\/svm20250310105233.webp 900w, https:\/\/lightweb.dev\/l\/svm-temp\/wp-content\/uploads\/2025\/03\/svm20250310105233-480x213.webp 480w\" sizes=\"(min-width: 0px) and (max-width: 480px) 480px, (min-width: 481px) 900px, 100vw\" \/><\/p>\n<p>Passionsspelen p\u00e5 l\u00e5ngfredagen och p\u00e5skafton lockar tusentals bes\u00f6kare till Riogordo. De ordnas vid en utomhusteater i Riogordo vid utkanten av byns centrum.<\/p>\n<p>Riogordo \u00e4r \u00e4ven en mysig stad att vandra runt i med vackra kyrkor som Nuestra Se\u00f1ora de Gracia och ett etnografiskt museum, d\u00e4r man kan f\u00e5 en inblick i vardagslivet fr\u00e5n f\u00f6rr.<\/p>\n<p>\u00c4ven h\u00e4r finns fina alternativ f\u00f6r den vandringssugne d\u00e5 du kan promenera d\u00e4rifr\u00e5n till n\u00e4rliggande st\u00e4der som Alfarnate, Alfarnatejo, Periana och Comares.<\/p>\n<h2><strong>Iznate<\/strong><\/h2>\n<p>H\u00e4r hittar vi en av de mest unika p\u00e5sktraditionerna som kan upplevas i M\u00e1lagaprovinsen. Inv\u00e5narna kl\u00e4r ut sig i gamla tunikor och masker f\u00f6r att sedan ge sig ut i staden och leta efter en bild p\u00e5 Kristusbarnet.<\/p>\n<p>Dessutom b\u00f6rjar Iznate alltid p\u00e5skveckan med en festival f\u00f6r att hylla sitt skyddshelgon Virgen de los Dolores.<\/p>\n<p>Men \u00e4ven h\u00e4r finns mycket mer att besk\u00e5da. P\u00e5 v\u00e4g in i staden kan man stanna till vid font\u00e4nen Fuente de los Tres Deseos. Du har fantastiska vyer fr\u00e5n Loma de Barcos d\u00e4r du klara dagar kan du se \u00e4nda till Afrika.<\/p>\n<div id=\"attachment_80081\" style=\"width: 910px\" class=\"wp-caption alignnone\"><img loading=\"lazy\" decoding=\"async\" aria-describedby=\"caption-attachment-80081\" class=\"wp-image-80081 size-full\" src=\"https:\/\/lightweb.dev\/l\/svm-temp\/wp-content\/uploads\/2025\/03\/svm20250310105255.webp\" alt=\"\" width=\"900\" height=\"400\" srcset=\"https:\/\/lightweb.dev\/l\/svm-temp\/wp-content\/uploads\/2025\/03\/svm20250310105255.webp 900w, https:\/\/lightweb.dev\/l\/svm-temp\/wp-content\/uploads\/2025\/03\/svm20250310105255-480x213.webp 480w\" sizes=\"(min-width: 0px) and (max-width: 480px) 480px, (min-width: 481px) 900px, 100vw\" \/><p id=\"caption-attachment-80081\" class=\"wp-caption-text\">V\u00e9lez M\u00e1laga<\/p><\/div>\n<p><strong>Fotnot.<\/strong> Andra kommuner att rekommendera under Semana Santa \u00e4r Campillos, \u00c1lora, Arriate, V\u00e9lez-M\u00e1laga, Carratraca och Co\u00edn.<\/p>\n","protected":false},"excerpt":{"rendered":"<p>M\u00e1laga och Sevilla t\u00e4vlar om vem som har de fr\u00e4msta processionerna under p\u00e5sken. Men f\u00f6rutom M\u00e1laga p\u00e5 Solkusten \u00e4r det p\u00e5skprocessioner i de flesta byar och samh\u00e4llen. H\u00e4r har du n\u00e5gra f\u00f6rslag p\u00e5 byar i inlandet att bes\u00f6ka under Semana Santa 2025&#8230;<\/p>\n","protected":false},"author":7,"featured_media":80074,"comment_status":"closed","ping_status":"closed","sticky":false,"template":"","format":"standard","meta":{"_et_pb_use_builder":"","_et_pb_old_content":"","_et_gb_content_width":"","footnotes":""},"categories":[395,3],"tags":[],"class_list":["post-80082","post","type-post","status-publish","format-standard","has-post-thumbnail","hentry","category-arkiv-nyheter","category-nyheter"],"yoast_head":"<!-- This site is optimized with the Yoast SEO Premium plugin v26.2 (Yoast SEO v27.5) - https:\/\/yoast.com\/product\/yoast-seo-premium-wordpress\/ -->\n<title>Sju byar att bes\u00f6ka under Semana Santa - Svenska Magasinet<\/title>\n<meta name=\"robots\" content=\"noindex, follow, max-snippet:-1, max-image-preview:large, max-video-preview:-1\" \/>\n<meta property=\"og:locale\" content=\"sv_SE\" \/>\n<meta property=\"og:type\" content=\"article\" \/>\n<meta property=\"og:title\" content=\"Sju byar att bes\u00f6ka under Semana Santa\" \/>\n<meta property=\"og:description\" content=\"M\u00e1laga och Sevilla t\u00e4vlar om vem som har de fr\u00e4msta processionerna under p\u00e5sken. Men f\u00f6rutom M\u00e1laga p\u00e5 Solkusten \u00e4r det p\u00e5skprocessioner i de flesta byar och samh\u00e4llen. H\u00e4r har du n\u00e5gra f\u00f6rslag p\u00e5 byar i inlandet att bes\u00f6ka under Semana Santa 2025...\" \/>\n<meta property=\"og:url\" content=\"https:\/\/lightweb.dev\/l\/svm-temp\/nyheter\/kultur-nyheter\/sju-byar-att-besoka-under-semana-santa\/\" \/>\n<meta property=\"og:site_name\" content=\"Svenska Magasinet\" \/>\n<meta property=\"article:publisher\" content=\"https:\/\/www.facebook.com\/svenskamagasinet\" \/>\n<meta property=\"article:published_time\" content=\"2025-03-31T22:30:14+00:00\" \/>\n<meta property=\"article:modified_time\" content=\"2025-04-01T07:41:35+00:00\" \/>\n<meta property=\"og:image\" content=\"https:\/\/lightweb.dev\/l\/svm-temp\/wp-content\/uploads\/2025\/03\/svm20250310104937.webp\" \/>\n\t<meta property=\"og:image:width\" content=\"900\" \/>\n\t<meta property=\"og:image:height\" content=\"400\" \/>\n\t<meta property=\"og:image:type\" content=\"image\/webp\" \/>\n<meta name=\"author\" content=\"Ola Josefsson\" \/>\n<meta name=\"twitter:card\" content=\"summary_large_image\" \/>\n<meta name=\"twitter:creator\" content=\"@SvenskaMagasine\" \/>\n<meta name=\"twitter:site\" content=\"@SvenskaMagasine\" \/>\n<script type=\"application\/ld+json\" class=\"yoast-schema-graph\">{\"@context\":\"https:\\\/\\\/schema.org\",\"@graph\":[{\"@type\":\"Article\",\"@id\":\"https:\\\/\\\/lightweb.dev\\\/l\\\/svm-temp\\\/nyheter\\\/kultur-nyheter\\\/sju-byar-att-besoka-under-semana-santa\\\/#article\",\"isPartOf\":{\"@id\":\"https:\\\/\\\/lightweb.dev\\\/l\\\/svm-temp\\\/nyheter\\\/kultur-nyheter\\\/sju-byar-att-besoka-under-semana-santa\\\/\"},\"author\":{\"name\":\"Ola Josefsson\",\"@id\":\"https:\\\/\\\/lightweb.dev\\\/l\\\/svm-temp\\\/#\\\/schema\\\/person\\\/7a82b8a73d171d32360a564b6d03508e\"},\"headline\":\"Sju byar att bes\u00f6ka under Semana Santa\",\"datePublished\":\"2025-03-31T22:30:14+00:00\",\"dateModified\":\"2025-04-01T07:41:35+00:00\",\"mainEntityOfPage\":{\"@id\":\"https:\\\/\\\/lightweb.dev\\\/l\\\/svm-temp\\\/nyheter\\\/kultur-nyheter\\\/sju-byar-att-besoka-under-semana-santa\\\/\"},\"wordCount\":944,\"publisher\":{\"@id\":\"https:\\\/\\\/lightweb.dev\\\/l\\\/svm-temp\\\/#organization\"},\"image\":{\"@id\":\"https:\\\/\\\/lightweb.dev\\\/l\\\/svm-temp\\\/nyheter\\\/kultur-nyheter\\\/sju-byar-att-besoka-under-semana-santa\\\/#primaryimage\"},\"thumbnailUrl\":\"https:\\\/\\\/lightweb.dev\\\/l\\\/svm-temp\\\/wp-content\\\/uploads\\\/2025\\\/03\\\/svm20250310104937.webp\",\"articleSection\":[\"Arkiv\",\"Nyheter\"],\"inLanguage\":\"sv-SE\"},{\"@type\":\"WebPage\",\"@id\":\"https:\\\/\\\/lightweb.dev\\\/l\\\/svm-temp\\\/nyheter\\\/kultur-nyheter\\\/sju-byar-att-besoka-under-semana-santa\\\/\",\"url\":\"https:\\\/\\\/lightweb.dev\\\/l\\\/svm-temp\\\/nyheter\\\/kultur-nyheter\\\/sju-byar-att-besoka-under-semana-santa\\\/\",\"name\":\"Sju byar att bes\u00f6ka under Semana Santa - Svenska Magasinet\",\"isPartOf\":{\"@id\":\"https:\\\/\\\/lightweb.dev\\\/l\\\/svm-temp\\\/#website\"},\"primaryImageOfPage\":{\"@id\":\"https:\\\/\\\/lightweb.dev\\\/l\\\/svm-temp\\\/nyheter\\\/kultur-nyheter\\\/sju-byar-att-besoka-under-semana-santa\\\/#primaryimage\"},\"image\":{\"@id\":\"https:\\\/\\\/lightweb.dev\\\/l\\\/svm-temp\\\/nyheter\\\/kultur-nyheter\\\/sju-byar-att-besoka-under-semana-santa\\\/#primaryimage\"},\"thumbnailUrl\":\"https:\\\/\\\/lightweb.dev\\\/l\\\/svm-temp\\\/wp-content\\\/uploads\\\/2025\\\/03\\\/svm20250310104937.webp\",\"datePublished\":\"2025-03-31T22:30:14+00:00\",\"dateModified\":\"2025-04-01T07:41:35+00:00\",\"breadcrumb\":{\"@id\":\"https:\\\/\\\/lightweb.dev\\\/l\\\/svm-temp\\\/nyheter\\\/kultur-nyheter\\\/sju-byar-att-besoka-under-semana-santa\\\/#breadcrumb\"},\"inLanguage\":\"sv-SE\",\"potentialAction\":[{\"@type\":\"ReadAction\",\"target\":[\"https:\\\/\\\/lightweb.dev\\\/l\\\/svm-temp\\\/nyheter\\\/kultur-nyheter\\\/sju-byar-att-besoka-under-semana-santa\\\/\"]}]},{\"@type\":\"ImageObject\",\"inLanguage\":\"sv-SE\",\"@id\":\"https:\\\/\\\/lightweb.dev\\\/l\\\/svm-temp\\\/nyheter\\\/kultur-nyheter\\\/sju-byar-att-besoka-under-semana-santa\\\/#primaryimage\",\"url\":\"https:\\\/\\\/lightweb.dev\\\/l\\\/svm-temp\\\/wp-content\\\/uploads\\\/2025\\\/03\\\/svm20250310104937.webp\",\"contentUrl\":\"https:\\\/\\\/lightweb.dev\\\/l\\\/svm-temp\\\/wp-content\\\/uploads\\\/2025\\\/03\\\/svm20250310104937.webp\",\"width\":900,\"height\":400},{\"@type\":\"BreadcrumbList\",\"@id\":\"https:\\\/\\\/lightweb.dev\\\/l\\\/svm-temp\\\/nyheter\\\/kultur-nyheter\\\/sju-byar-att-besoka-under-semana-santa\\\/#breadcrumb\",\"itemListElement\":[{\"@type\":\"ListItem\",\"position\":1,\"name\":\"Hem\",\"item\":\"https:\\\/\\\/lightweb.dev\\\/l\\\/svm-temp\\\/\"},{\"@type\":\"ListItem\",\"position\":2,\"name\":\"Sju byar att bes\u00f6ka under Semana Santa\"}]},{\"@type\":\"WebSite\",\"@id\":\"https:\\\/\\\/lightweb.dev\\\/l\\\/svm-temp\\\/#website\",\"url\":\"https:\\\/\\\/lightweb.dev\\\/l\\\/svm-temp\\\/\",\"name\":\"Svenska Magasinet\",\"description\":\"Dina Spanska nyheter p&aring; Svenska\",\"publisher\":{\"@id\":\"https:\\\/\\\/lightweb.dev\\\/l\\\/svm-temp\\\/#organization\"},\"potentialAction\":[{\"@type\":\"SearchAction\",\"target\":{\"@type\":\"EntryPoint\",\"urlTemplate\":\"https:\\\/\\\/lightweb.dev\\\/l\\\/svm-temp\\\/?s={search_term_string}\"},\"query-input\":{\"@type\":\"PropertyValueSpecification\",\"valueRequired\":true,\"valueName\":\"search_term_string\"}}],\"inLanguage\":\"sv-SE\"},{\"@type\":\"Organization\",\"@id\":\"https:\\\/\\\/lightweb.dev\\\/l\\\/svm-temp\\\/#organization\",\"name\":\"Melkerson y Nott SL\",\"alternateName\":\"Svenska Magasinet\",\"url\":\"https:\\\/\\\/lightweb.dev\\\/l\\\/svm-temp\\\/\",\"logo\":{\"@type\":\"ImageObject\",\"inLanguage\":\"sv-SE\",\"@id\":\"https:\\\/\\\/lightweb.dev\\\/l\\\/svm-temp\\\/#\\\/schema\\\/logo\\\/image\\\/\",\"url\":\"https:\\\/\\\/lightweb.dev\\\/l\\\/svm-temp\\\/wp-content\\\/uploads\\\/2025\\\/02\\\/SvM-logo-Xtra-Centrerad-SVART.png\",\"contentUrl\":\"https:\\\/\\\/lightweb.dev\\\/l\\\/svm-temp\\\/wp-content\\\/uploads\\\/2025\\\/02\\\/SvM-logo-Xtra-Centrerad-SVART.png\",\"width\":300,\"height\":99,\"caption\":\"Melkerson y Nott SL\"},\"image\":{\"@id\":\"https:\\\/\\\/lightweb.dev\\\/l\\\/svm-temp\\\/#\\\/schema\\\/logo\\\/image\\\/\"},\"sameAs\":[\"https:\\\/\\\/www.facebook.com\\\/svenskamagasinet\",\"https:\\\/\\\/x.com\\\/SvenskaMagasine\"]},{\"@type\":\"Person\",\"@id\":\"https:\\\/\\\/lightweb.dev\\\/l\\\/svm-temp\\\/#\\\/schema\\\/person\\\/7a82b8a73d171d32360a564b6d03508e\",\"name\":\"Ola Josefsson\",\"description\":\"Bevakar Solkusten och Spanien sedan 1994.\",\"sameAs\":[\"https:\\\/\\\/lightweb.dev\\\/l\\\/svm-temp\"],\"url\":\"https:\\\/\\\/lightweb.dev\\\/l\\\/svm-temp\\\/reporter\\\/ola-josefsson\\\/\"}]}<\/script>\n<!-- \/ Yoast SEO Premium plugin. -->","yoast_head_json":{"title":"Sju byar att bes\u00f6ka under Semana Santa - Svenska Magasinet","robots":{"index":"noindex","follow":"follow","max-snippet":"max-snippet:-1","max-image-preview":"max-image-preview:large","max-video-preview":"max-video-preview:-1"},"og_locale":"sv_SE","og_type":"article","og_title":"Sju byar att bes\u00f6ka under Semana Santa","og_description":"M\u00e1laga och Sevilla t\u00e4vlar om vem som har de fr\u00e4msta processionerna under p\u00e5sken. Men f\u00f6rutom M\u00e1laga p\u00e5 Solkusten \u00e4r det p\u00e5skprocessioner i de flesta byar och samh\u00e4llen. H\u00e4r har du n\u00e5gra f\u00f6rslag p\u00e5 byar i inlandet att bes\u00f6ka under Semana Santa 2025...","og_url":"https:\/\/lightweb.dev\/l\/svm-temp\/nyheter\/kultur-nyheter\/sju-byar-att-besoka-under-semana-santa\/","og_site_name":"Svenska Magasinet","article_publisher":"https:\/\/www.facebook.com\/svenskamagasinet","article_published_time":"2025-03-31T22:30:14+00:00","article_modified_time":"2025-04-01T07:41:35+00:00","og_image":[{"width":900,"height":400,"url":"https:\/\/lightweb.dev\/l\/svm-temp\/wp-content\/uploads\/2025\/03\/svm20250310104937.webp","type":"image\/webp"}],"author":"Ola Josefsson","twitter_card":"summary_large_image","twitter_creator":"@SvenskaMagasine","twitter_site":"@SvenskaMagasine","schema":{"@context":"https:\/\/schema.org","@graph":[{"@type":"Article","@id":"https:\/\/lightweb.dev\/l\/svm-temp\/nyheter\/kultur-nyheter\/sju-byar-att-besoka-under-semana-santa\/#article","isPartOf":{"@id":"https:\/\/lightweb.dev\/l\/svm-temp\/nyheter\/kultur-nyheter\/sju-byar-att-besoka-under-semana-santa\/"},"author":{"name":"Ola Josefsson","@id":"https:\/\/lightweb.dev\/l\/svm-temp\/#\/schema\/person\/7a82b8a73d171d32360a564b6d03508e"},"headline":"Sju byar att bes\u00f6ka under Semana Santa","datePublished":"2025-03-31T22:30:14+00:00","dateModified":"2025-04-01T07:41:35+00:00","mainEntityOfPage":{"@id":"https:\/\/lightweb.dev\/l\/svm-temp\/nyheter\/kultur-nyheter\/sju-byar-att-besoka-under-semana-santa\/"},"wordCount":944,"publisher":{"@id":"https:\/\/lightweb.dev\/l\/svm-temp\/#organization"},"image":{"@id":"https:\/\/lightweb.dev\/l\/svm-temp\/nyheter\/kultur-nyheter\/sju-byar-att-besoka-under-semana-santa\/#primaryimage"},"thumbnailUrl":"https:\/\/lightweb.dev\/l\/svm-temp\/wp-content\/uploads\/2025\/03\/svm20250310104937.webp","articleSection":["Arkiv","Nyheter"],"inLanguage":"sv-SE"},{"@type":"WebPage","@id":"https:\/\/lightweb.dev\/l\/svm-temp\/nyheter\/kultur-nyheter\/sju-byar-att-besoka-under-semana-santa\/","url":"https:\/\/lightweb.dev\/l\/svm-temp\/nyheter\/kultur-nyheter\/sju-byar-att-besoka-under-semana-santa\/","name":"Sju byar att bes\u00f6ka under Semana Santa - Svenska Magasinet","isPartOf":{"@id":"https:\/\/lightweb.dev\/l\/svm-temp\/#website"},"primaryImageOfPage":{"@id":"https:\/\/lightweb.dev\/l\/svm-temp\/nyheter\/kultur-nyheter\/sju-byar-att-besoka-under-semana-santa\/#primaryimage"},"image":{"@id":"https:\/\/lightweb.dev\/l\/svm-temp\/nyheter\/kultur-nyheter\/sju-byar-att-besoka-under-semana-santa\/#primaryimage"},"thumbnailUrl":"https:\/\/lightweb.dev\/l\/svm-temp\/wp-content\/uploads\/2025\/03\/svm20250310104937.webp","datePublished":"2025-03-31T22:30:14+00:00","dateModified":"2025-04-01T07:41:35+00:00","breadcrumb":{"@id":"https:\/\/lightweb.dev\/l\/svm-temp\/nyheter\/kultur-nyheter\/sju-byar-att-besoka-under-semana-santa\/#breadcrumb"},"inLanguage":"sv-SE","potentialAction":[{"@type":"ReadAction","target":["https:\/\/lightweb.dev\/l\/svm-temp\/nyheter\/kultur-nyheter\/sju-byar-att-besoka-under-semana-santa\/"]}]},{"@type":"ImageObject","inLanguage":"sv-SE","@id":"https:\/\/lightweb.dev\/l\/svm-temp\/nyheter\/kultur-nyheter\/sju-byar-att-besoka-under-semana-santa\/#primaryimage","url":"https:\/\/lightweb.dev\/l\/svm-temp\/wp-content\/uploads\/2025\/03\/svm20250310104937.webp","contentUrl":"https:\/\/lightweb.dev\/l\/svm-temp\/wp-content\/uploads\/2025\/03\/svm20250310104937.webp","width":900,"height":400},{"@type":"BreadcrumbList","@id":"https:\/\/lightweb.dev\/l\/svm-temp\/nyheter\/kultur-nyheter\/sju-byar-att-besoka-under-semana-santa\/#breadcrumb","itemListElement":[{"@type":"ListItem","position":1,"name":"Hem","item":"https:\/\/lightweb.dev\/l\/svm-temp\/"},{"@type":"ListItem","position":2,"name":"Sju byar att bes\u00f6ka under Semana Santa"}]},{"@type":"WebSite","@id":"https:\/\/lightweb.dev\/l\/svm-temp\/#website","url":"https:\/\/lightweb.dev\/l\/svm-temp\/","name":"Svenska Magasinet","description":"Dina Spanska nyheter p&aring; Svenska","publisher":{"@id":"https:\/\/lightweb.dev\/l\/svm-temp\/#organization"},"potentialAction":[{"@type":"SearchAction","target":{"@type":"EntryPoint","urlTemplate":"https:\/\/lightweb.dev\/l\/svm-temp\/?s={search_term_string}"},"query-input":{"@type":"PropertyValueSpecification","valueRequired":true,"valueName":"search_term_string"}}],"inLanguage":"sv-SE"},{"@type":"Organization","@id":"https:\/\/lightweb.dev\/l\/svm-temp\/#organization","name":"Melkerson y Nott SL","alternateName":"Svenska Magasinet","url":"https:\/\/lightweb.dev\/l\/svm-temp\/","logo":{"@type":"ImageObject","inLanguage":"sv-SE","@id":"https:\/\/lightweb.dev\/l\/svm-temp\/#\/schema\/logo\/image\/","url":"https:\/\/lightweb.dev\/l\/svm-temp\/wp-content\/uploads\/2025\/02\/SvM-logo-Xtra-Centrerad-SVART.png","contentUrl":"https:\/\/lightweb.dev\/l\/svm-temp\/wp-content\/uploads\/2025\/02\/SvM-logo-Xtra-Centrerad-SVART.png","width":300,"height":99,"caption":"Melkerson y Nott SL"},"image":{"@id":"https:\/\/lightweb.dev\/l\/svm-temp\/#\/schema\/logo\/image\/"},"sameAs":["https:\/\/www.facebook.com\/svenskamagasinet","https:\/\/x.com\/SvenskaMagasine"]},{"@type":"Person","@id":"https:\/\/lightweb.dev\/l\/svm-temp\/#\/schema\/person\/7a82b8a73d171d32360a564b6d03508e","name":"Ola Josefsson","description":"Bevakar Solkusten och Spanien sedan 1994.","sameAs":["https:\/\/lightweb.dev\/l\/svm-temp"],"url":"https:\/\/lightweb.dev\/l\/svm-temp\/reporter\/ola-josefsson\/"}]}},"_links":{"self":[{"href":"https:\/\/lightweb.dev\/l\/svm-temp\/wp-json\/wp\/v2\/posts\/80082","targetHints":{"allow":["GET"]}}],"collection":[{"href":"https:\/\/lightweb.dev\/l\/svm-temp\/wp-json\/wp\/v2\/posts"}],"about":[{"href":"https:\/\/lightweb.dev\/l\/svm-temp\/wp-json\/wp\/v2\/types\/post"}],"author":[{"embeddable":true,"href":"https:\/\/lightweb.dev\/l\/svm-temp\/wp-json\/wp\/v2\/users\/7"}],"replies":[{"embeddable":true,"href":"https:\/\/lightweb.dev\/l\/svm-temp\/wp-json\/wp\/v2\/comments?post=80082"}],"version-history":[{"count":0,"href":"https:\/\/lightweb.dev\/l\/svm-temp\/wp-json\/wp\/v2\/posts\/80082\/revisions"}],"wp:featuredmedia":[{"embeddable":true,"href":"https:\/\/lightweb.dev\/l\/svm-temp\/wp-json\/wp\/v2\/media\/80074"}],"wp:attachment":[{"href":"https:\/\/lightweb.dev\/l\/svm-temp\/wp-json\/wp\/v2\/media?parent=80082"}],"wp:term":[{"taxonomy":"category","embeddable":true,"href":"https:\/\/lightweb.dev\/l\/svm-temp\/wp-json\/wp\/v2\/categories?post=80082"},{"taxonomy":"post_tag","embeddable":true,"href":"https:\/\/lightweb.dev\/l\/svm-temp\/wp-json\/wp\/v2\/tags?post=80082"}],"curies":[{"name":"wp","href":"https:\/\/api.w.org\/{rel}","templated":true}]}}