{"id":80137,"date":"2025-03-10T15:14:26","date_gmt":"2025-03-10T14:14:26","guid":{"rendered":"https:\/\/lightweb.dev\/l\/svm-temp\/?p=80137"},"modified":"2025-03-10T21:38:55","modified_gmt":"2025-03-10T20:38:55","slug":"bekraftat-attondelsfinalen-spanien-danmark-i-davis-cup-spelas-i-marbella","status":"publish","type":"post","link":"https:\/\/lightweb.dev\/l\/svm-temp\/nyheter\/sport\/bekraftat-attondelsfinalen-spanien-danmark-i-davis-cup-spelas-i-marbella\/","title":{"rendered":"Bekr\u00e4ftat: \u00c5ttondelsfinalen Spanien-Danmark i Davis Cup spelas i Marbella"},"content":{"rendered":"<p><strong>Marbella och Club de Tenis Puente Romano blir spelplats n\u00e4r \u00e5ttondelsfinalen i tennisens Davis Cup mellan Spanien och Danmark avg\u00f6rs den 12 till 14 september.<\/strong><\/p>\n<p><strong>En h\u00e4rlig fest v\u00e4ntar f\u00f6r alla tennis\u00e4lskare med Carlos Alcaraz, Holger Rune och Alejandro Davidovich.<\/strong><\/p>\n<p>Marbellas borgm\u00e4stare \u00c1ngeles Mu\u00f1oz s\u00e4ger till <a href=\"https:\/\/www.rfet.es\/es\/noticia\/la-rfet-propone-marbella-para-acoger-el-espana-dinamarca-de-copa-davis-en-septiembre\">tennisf\u00f6rbundet:<\/a><\/p>\n<p>&#8211; Kommunfullm\u00e4ktige har med stor tillfredsst\u00e4llelse v\u00e4lkomnat f\u00f6rslaget om att Marbella \u00e5terigen ska vara v\u00e4rd f\u00f6r Davis Cup. Det bekr\u00e4ftar \u00e5terigen att Marbella \u00e4r ett riktm\u00e4rke f\u00f6r sport och en plats f\u00f6r stora internationella t\u00e4vlingar.<\/p>\n<p>P\u00e5 m\u00e5ndagen kom beskedet att tennisf\u00f6rbundet Real Federaci\u00f3n Espa\u00f1ola de Tenis (RFET) v\u00e4ljer Marbella som spelplats till den kommande \u00e5ttondelsfinalen i Davis Cup.<\/p>\n<p>Internationella tennisf\u00f6rbundet (ITF) v\u00e4ntas godk\u00e4nna beslutet under de n\u00e4rmaste dagarna.<\/p>\n<p>\u00c1ngeles Mu\u00f1oz s\u00e4ger att Puente Romano Tennis Club med centercourten Manolo Santana har bevittnat flera historiska \u00f6gonblick. Det blir femte g\u00e5ngen som v\u00e5r kommun \u00e4r v\u00e4rd f\u00f6r en Davis Cup-match.<\/p>\n<p><img loading=\"lazy\" decoding=\"async\" class=\"alignnone wp-image-80136 size-full\" src=\"https:\/\/lightweb.dev\/l\/svm-temp\/wp-content\/uploads\/2025\/03\/svm20250310141043.webp\" alt=\"\" width=\"900\" height=\"400\" srcset=\"https:\/\/lightweb.dev\/l\/svm-temp\/wp-content\/uploads\/2025\/03\/svm20250310141043.webp 900w, https:\/\/lightweb.dev\/l\/svm-temp\/wp-content\/uploads\/2025\/03\/svm20250310141043-480x213.webp 480w\" sizes=\"(min-width: 0px) and (max-width: 480px) 480px, (min-width: 481px) 900px, 100vw\" \/><\/p>\n<p>Tennisanl\u00e4ggningen i Marbella tar 4.000 \u00e5sk\u00e5dare och med extral\u00e4ktare kan publiksiffran \u00f6ka som 2018 mot Storbritannien.<\/p>\n<p>Andalusiens idrottsr\u00e5d Patricia del Pozo till\u00e4gger att det \u00e4r en bra nyhet att Davis Cup \u00e5terv\u00e4nder till Solkusten.<\/p>\n<p>&#8211; Dessa turneringar har en viktig social och ekonomisk p\u00e5verkan och uppmuntrar gr\u00e4srotsidrotten d\u00e5 m\u00e5nga tennisspelande barn och ungdomar f\u00e5r se de b\u00e4sta spelarna p\u00e5 n\u00e4ra h\u00e5ll.<\/p>\n<p>Det blir det traditionella formatet, fyra singelmatcher och en dubbel. Vinnaren tar sig till slutspelet Final 8 i Bologna i Italien.<\/p>\n<p>\u00c5ttondelsfinalen spelas direkt efter Grand slam-turneringen US Open. Det betyder att spelarna byter fr\u00e5n hardcourt till grus.<\/p>\n<div id=\"attachment_80151\" style=\"width: 910px\" class=\"wp-caption alignnone\"><img loading=\"lazy\" decoding=\"async\" aria-describedby=\"caption-attachment-80151\" class=\"wp-image-80151 size-full\" src=\"https:\/\/lightweb.dev\/l\/svm-temp\/wp-content\/uploads\/2025\/03\/svm20250310202621.webp\" alt=\"\" width=\"900\" height=\"400\" srcset=\"https:\/\/lightweb.dev\/l\/svm-temp\/wp-content\/uploads\/2025\/03\/svm20250310202621.webp 900w, https:\/\/lightweb.dev\/l\/svm-temp\/wp-content\/uploads\/2025\/03\/svm20250310202621-480x213.webp 480w\" sizes=\"(min-width: 0px) and (max-width: 480px) 480px, (min-width: 481px) 900px, 100vw\" \/><p id=\"caption-attachment-80151\" class=\"wp-caption-text\">S\u00e5 h\u00e4r s\u00e5g det ut senaste n\u00e4r Davis Cup spelades i Marbella. Bra publiktillstr\u00f6mning. (Foto: RFET)<\/p><\/div>\n<p><span>Tennisf\u00f6rbundets ordf\u00f6rande Miguel D\u00edaz Rom\u00e1n tackar f\u00f6r e<\/span>ngagemanget fr\u00e5n Junta de Andaluc\u00eda och Marbellas kommunfullm\u00e4ktige.<\/p>\n<p>&#8211; Marbella v\u00e4lkomnar oss alltid med \u00f6ppna armar, med ett h\u00e4rligt klimat och en anl\u00e4ggning i perfekt skick. Och naturligtvis k\u00e4nner vi st\u00f6det fr\u00e5n publiken.<\/p>\n<p>Marbella och Puente Romano har arrangerat Davis Cup-matcher flera g\u00e5nger som februari 1989 d\u00e5 Spanien m\u00f6tte Mexiko, 2018 mot Storbritannien och 2022 mot Rum\u00e4nien.<\/p>\n<p><img loading=\"lazy\" decoding=\"async\" class=\"alignnone wp-image-80135 size-full\" src=\"https:\/\/lightweb.dev\/l\/svm-temp\/wp-content\/uploads\/2025\/03\/svm20250310141026.webp\" alt=\"\" width=\"900\" height=\"400\" srcset=\"https:\/\/lightweb.dev\/l\/svm-temp\/wp-content\/uploads\/2025\/03\/svm20250310141026.webp 900w, https:\/\/lightweb.dev\/l\/svm-temp\/wp-content\/uploads\/2025\/03\/svm20250310141026-480x213.webp 480w\" sizes=\"(min-width: 0px) and (max-width: 480px) 480px, (min-width: 481px) 900px, 100vw\" \/><\/p>\n<p>2009 spelade Spanien-Tyskland Davis Cup p\u00e5 tjurf\u00e4ktningsarenan Plaza de Toros i Puerto Ban\u00fas.<\/p>\n","protected":false},"excerpt":{"rendered":"<p>Marbella och Club de Tenis Puente Romano blir spelplats n\u00e4r \u00e5ttondelsfinalen i tennisens Davis Cup mellan Spanien och Danmark avg\u00f6rs den 12 till 14 september. En h\u00e4rlig fest v\u00e4ntar f\u00f6r alla tennis\u00e4lskare med Carlos Alcaraz, Holger Rune och Alejandro Davidovich&#8230;<\/p>\n","protected":false},"author":7,"featured_media":80134,"comment_status":"closed","ping_status":"closed","sticky":false,"template":"","format":"standard","meta":{"_et_pb_use_builder":"","_et_pb_old_content":"","_et_gb_content_width":"","footnotes":""},"categories":[3,352],"tags":[],"class_list":["post-80137","post","type-post","status-publish","format-standard","has-post-thumbnail","hentry","category-nyheter","category-sport"],"yoast_head":"<!-- This site is optimized with the Yoast SEO Premium plugin v26.2 (Yoast SEO v27.4) - https:\/\/yoast.com\/product\/yoast-seo-premium-wordpress\/ -->\n<title>Bekr\u00e4ftat: \u00c5ttondelsfinalen Spanien-Danmark i Davis Cup spelas i Marbella - Svenska Magasinet<\/title>\n<meta name=\"robots\" content=\"noindex, follow, max-snippet:-1, max-image-preview:large, max-video-preview:-1\" \/>\n<meta property=\"og:locale\" content=\"sv_SE\" \/>\n<meta property=\"og:type\" content=\"article\" \/>\n<meta property=\"og:title\" content=\"Bekr\u00e4ftat: \u00c5ttondelsfinalen Spanien-Danmark i Davis Cup spelas i Marbella\" \/>\n<meta property=\"og:description\" content=\"Marbella och Club de Tenis Puente Romano blir spelplats n\u00e4r \u00e5ttondelsfinalen i tennisens Davis Cup mellan Spanien och Danmark avg\u00f6rs den 12 till 14 september. En h\u00e4rlig fest v\u00e4ntar f\u00f6r alla tennis\u00e4lskare med Carlos Alcaraz, Holger Rune och Alejandro Davidovich...\" \/>\n<meta property=\"og:url\" content=\"https:\/\/lightweb.dev\/l\/svm-temp\/nyheter\/sport\/bekraftat-attondelsfinalen-spanien-danmark-i-davis-cup-spelas-i-marbella\/\" \/>\n<meta property=\"og:site_name\" content=\"Svenska Magasinet\" \/>\n<meta property=\"article:publisher\" content=\"https:\/\/www.facebook.com\/svenskamagasinet\" \/>\n<meta property=\"article:published_time\" content=\"2025-03-10T14:14:26+00:00\" \/>\n<meta property=\"article:modified_time\" content=\"2025-03-10T20:38:55+00:00\" \/>\n<meta property=\"og:image\" content=\"https:\/\/lightweb.dev\/l\/svm-temp\/wp-content\/uploads\/2025\/03\/svm20250310141009.webp\" \/>\n\t<meta property=\"og:image:width\" content=\"900\" \/>\n\t<meta property=\"og:image:height\" content=\"400\" \/>\n\t<meta property=\"og:image:type\" content=\"image\/webp\" \/>\n<meta name=\"author\" content=\"Ola Josefsson\" \/>\n<meta name=\"twitter:card\" content=\"summary_large_image\" \/>\n<meta name=\"twitter:creator\" content=\"@SvenskaMagasine\" \/>\n<meta name=\"twitter:site\" content=\"@SvenskaMagasine\" \/>\n<script type=\"application\/ld+json\" class=\"yoast-schema-graph\">{\"@context\":\"https:\\\/\\\/schema.org\",\"@graph\":[{\"@type\":\"Article\",\"@id\":\"https:\\\/\\\/lightweb.dev\\\/l\\\/svm-temp\\\/nyheter\\\/sport\\\/bekraftat-attondelsfinalen-spanien-danmark-i-davis-cup-spelas-i-marbella\\\/#article\",\"isPartOf\":{\"@id\":\"https:\\\/\\\/lightweb.dev\\\/l\\\/svm-temp\\\/nyheter\\\/sport\\\/bekraftat-attondelsfinalen-spanien-danmark-i-davis-cup-spelas-i-marbella\\\/\"},\"author\":{\"name\":\"Ola Josefsson\",\"@id\":\"https:\\\/\\\/lightweb.dev\\\/l\\\/svm-temp\\\/#\\\/schema\\\/person\\\/7a82b8a73d171d32360a564b6d03508e\"},\"headline\":\"Bekr\u00e4ftat: \u00c5ttondelsfinalen Spanien-Danmark i Davis Cup spelas i Marbella\",\"datePublished\":\"2025-03-10T14:14:26+00:00\",\"dateModified\":\"2025-03-10T20:38:55+00:00\",\"mainEntityOfPage\":{\"@id\":\"https:\\\/\\\/lightweb.dev\\\/l\\\/svm-temp\\\/nyheter\\\/sport\\\/bekraftat-attondelsfinalen-spanien-danmark-i-davis-cup-spelas-i-marbella\\\/\"},\"wordCount\":418,\"publisher\":{\"@id\":\"https:\\\/\\\/lightweb.dev\\\/l\\\/svm-temp\\\/#organization\"},\"image\":{\"@id\":\"https:\\\/\\\/lightweb.dev\\\/l\\\/svm-temp\\\/nyheter\\\/sport\\\/bekraftat-attondelsfinalen-spanien-danmark-i-davis-cup-spelas-i-marbella\\\/#primaryimage\"},\"thumbnailUrl\":\"https:\\\/\\\/lightweb.dev\\\/l\\\/svm-temp\\\/wp-content\\\/uploads\\\/2025\\\/03\\\/svm20250310141009.webp\",\"articleSection\":[\"Nyheter\",\"Sport\"],\"inLanguage\":\"sv-SE\"},{\"@type\":\"WebPage\",\"@id\":\"https:\\\/\\\/lightweb.dev\\\/l\\\/svm-temp\\\/nyheter\\\/sport\\\/bekraftat-attondelsfinalen-spanien-danmark-i-davis-cup-spelas-i-marbella\\\/\",\"url\":\"https:\\\/\\\/lightweb.dev\\\/l\\\/svm-temp\\\/nyheter\\\/sport\\\/bekraftat-attondelsfinalen-spanien-danmark-i-davis-cup-spelas-i-marbella\\\/\",\"name\":\"Bekr\u00e4ftat: \u00c5ttondelsfinalen Spanien-Danmark i Davis Cup spelas i Marbella - Svenska Magasinet\",\"isPartOf\":{\"@id\":\"https:\\\/\\\/lightweb.dev\\\/l\\\/svm-temp\\\/#website\"},\"primaryImageOfPage\":{\"@id\":\"https:\\\/\\\/lightweb.dev\\\/l\\\/svm-temp\\\/nyheter\\\/sport\\\/bekraftat-attondelsfinalen-spanien-danmark-i-davis-cup-spelas-i-marbella\\\/#primaryimage\"},\"image\":{\"@id\":\"https:\\\/\\\/lightweb.dev\\\/l\\\/svm-temp\\\/nyheter\\\/sport\\\/bekraftat-attondelsfinalen-spanien-danmark-i-davis-cup-spelas-i-marbella\\\/#primaryimage\"},\"thumbnailUrl\":\"https:\\\/\\\/lightweb.dev\\\/l\\\/svm-temp\\\/wp-content\\\/uploads\\\/2025\\\/03\\\/svm20250310141009.webp\",\"datePublished\":\"2025-03-10T14:14:26+00:00\",\"dateModified\":\"2025-03-10T20:38:55+00:00\",\"breadcrumb\":{\"@id\":\"https:\\\/\\\/lightweb.dev\\\/l\\\/svm-temp\\\/nyheter\\\/sport\\\/bekraftat-attondelsfinalen-spanien-danmark-i-davis-cup-spelas-i-marbella\\\/#breadcrumb\"},\"inLanguage\":\"sv-SE\",\"potentialAction\":[{\"@type\":\"ReadAction\",\"target\":[\"https:\\\/\\\/lightweb.dev\\\/l\\\/svm-temp\\\/nyheter\\\/sport\\\/bekraftat-attondelsfinalen-spanien-danmark-i-davis-cup-spelas-i-marbella\\\/\"]}]},{\"@type\":\"ImageObject\",\"inLanguage\":\"sv-SE\",\"@id\":\"https:\\\/\\\/lightweb.dev\\\/l\\\/svm-temp\\\/nyheter\\\/sport\\\/bekraftat-attondelsfinalen-spanien-danmark-i-davis-cup-spelas-i-marbella\\\/#primaryimage\",\"url\":\"https:\\\/\\\/lightweb.dev\\\/l\\\/svm-temp\\\/wp-content\\\/uploads\\\/2025\\\/03\\\/svm20250310141009.webp\",\"contentUrl\":\"https:\\\/\\\/lightweb.dev\\\/l\\\/svm-temp\\\/wp-content\\\/uploads\\\/2025\\\/03\\\/svm20250310141009.webp\",\"width\":900,\"height\":400,\"caption\":\"(Foto: RFET)\"},{\"@type\":\"BreadcrumbList\",\"@id\":\"https:\\\/\\\/lightweb.dev\\\/l\\\/svm-temp\\\/nyheter\\\/sport\\\/bekraftat-attondelsfinalen-spanien-danmark-i-davis-cup-spelas-i-marbella\\\/#breadcrumb\",\"itemListElement\":[{\"@type\":\"ListItem\",\"position\":1,\"name\":\"Hem\",\"item\":\"https:\\\/\\\/lightweb.dev\\\/l\\\/svm-temp\\\/\"},{\"@type\":\"ListItem\",\"position\":2,\"name\":\"Bekr\u00e4ftat: \u00c5ttondelsfinalen Spanien-Danmark i Davis Cup spelas i Marbella\"}]},{\"@type\":\"WebSite\",\"@id\":\"https:\\\/\\\/lightweb.dev\\\/l\\\/svm-temp\\\/#website\",\"url\":\"https:\\\/\\\/lightweb.dev\\\/l\\\/svm-temp\\\/\",\"name\":\"Svenska Magasinet\",\"description\":\"Dina Spanska nyheter p&aring; Svenska\",\"publisher\":{\"@id\":\"https:\\\/\\\/lightweb.dev\\\/l\\\/svm-temp\\\/#organization\"},\"potentialAction\":[{\"@type\":\"SearchAction\",\"target\":{\"@type\":\"EntryPoint\",\"urlTemplate\":\"https:\\\/\\\/lightweb.dev\\\/l\\\/svm-temp\\\/?s={search_term_string}\"},\"query-input\":{\"@type\":\"PropertyValueSpecification\",\"valueRequired\":true,\"valueName\":\"search_term_string\"}}],\"inLanguage\":\"sv-SE\"},{\"@type\":\"Organization\",\"@id\":\"https:\\\/\\\/lightweb.dev\\\/l\\\/svm-temp\\\/#organization\",\"name\":\"Melkerson y Nott SL\",\"alternateName\":\"Svenska Magasinet\",\"url\":\"https:\\\/\\\/lightweb.dev\\\/l\\\/svm-temp\\\/\",\"logo\":{\"@type\":\"ImageObject\",\"inLanguage\":\"sv-SE\",\"@id\":\"https:\\\/\\\/lightweb.dev\\\/l\\\/svm-temp\\\/#\\\/schema\\\/logo\\\/image\\\/\",\"url\":\"https:\\\/\\\/lightweb.dev\\\/l\\\/svm-temp\\\/wp-content\\\/uploads\\\/2025\\\/02\\\/SvM-logo-Xtra-Centrerad-SVART.png\",\"contentUrl\":\"https:\\\/\\\/lightweb.dev\\\/l\\\/svm-temp\\\/wp-content\\\/uploads\\\/2025\\\/02\\\/SvM-logo-Xtra-Centrerad-SVART.png\",\"width\":300,\"height\":99,\"caption\":\"Melkerson y Nott SL\"},\"image\":{\"@id\":\"https:\\\/\\\/lightweb.dev\\\/l\\\/svm-temp\\\/#\\\/schema\\\/logo\\\/image\\\/\"},\"sameAs\":[\"https:\\\/\\\/www.facebook.com\\\/svenskamagasinet\",\"https:\\\/\\\/x.com\\\/SvenskaMagasine\"]},{\"@type\":\"Person\",\"@id\":\"https:\\\/\\\/lightweb.dev\\\/l\\\/svm-temp\\\/#\\\/schema\\\/person\\\/7a82b8a73d171d32360a564b6d03508e\",\"name\":\"Ola Josefsson\",\"description\":\"Bevakar Solkusten och Spanien sedan 1994.\",\"sameAs\":[\"https:\\\/\\\/lightweb.dev\\\/l\\\/svm-temp\"],\"url\":\"https:\\\/\\\/lightweb.dev\\\/l\\\/svm-temp\\\/reporter\\\/ola-josefsson\\\/\"}]}<\/script>\n<!-- \/ Yoast SEO Premium plugin. -->","yoast_head_json":{"title":"Bekr\u00e4ftat: \u00c5ttondelsfinalen Spanien-Danmark i Davis Cup spelas i Marbella - Svenska Magasinet","robots":{"index":"noindex","follow":"follow","max-snippet":"max-snippet:-1","max-image-preview":"max-image-preview:large","max-video-preview":"max-video-preview:-1"},"og_locale":"sv_SE","og_type":"article","og_title":"Bekr\u00e4ftat: \u00c5ttondelsfinalen Spanien-Danmark i Davis Cup spelas i Marbella","og_description":"Marbella och Club de Tenis Puente Romano blir spelplats n\u00e4r \u00e5ttondelsfinalen i tennisens Davis Cup mellan Spanien och Danmark avg\u00f6rs den 12 till 14 september. En h\u00e4rlig fest v\u00e4ntar f\u00f6r alla tennis\u00e4lskare med Carlos Alcaraz, Holger Rune och Alejandro Davidovich...","og_url":"https:\/\/lightweb.dev\/l\/svm-temp\/nyheter\/sport\/bekraftat-attondelsfinalen-spanien-danmark-i-davis-cup-spelas-i-marbella\/","og_site_name":"Svenska Magasinet","article_publisher":"https:\/\/www.facebook.com\/svenskamagasinet","article_published_time":"2025-03-10T14:14:26+00:00","article_modified_time":"2025-03-10T20:38:55+00:00","og_image":[{"width":900,"height":400,"url":"https:\/\/lightweb.dev\/l\/svm-temp\/wp-content\/uploads\/2025\/03\/svm20250310141009.webp","type":"image\/webp"}],"author":"Ola Josefsson","twitter_card":"summary_large_image","twitter_creator":"@SvenskaMagasine","twitter_site":"@SvenskaMagasine","schema":{"@context":"https:\/\/schema.org","@graph":[{"@type":"Article","@id":"https:\/\/lightweb.dev\/l\/svm-temp\/nyheter\/sport\/bekraftat-attondelsfinalen-spanien-danmark-i-davis-cup-spelas-i-marbella\/#article","isPartOf":{"@id":"https:\/\/lightweb.dev\/l\/svm-temp\/nyheter\/sport\/bekraftat-attondelsfinalen-spanien-danmark-i-davis-cup-spelas-i-marbella\/"},"author":{"name":"Ola Josefsson","@id":"https:\/\/lightweb.dev\/l\/svm-temp\/#\/schema\/person\/7a82b8a73d171d32360a564b6d03508e"},"headline":"Bekr\u00e4ftat: \u00c5ttondelsfinalen Spanien-Danmark i Davis Cup spelas i Marbella","datePublished":"2025-03-10T14:14:26+00:00","dateModified":"2025-03-10T20:38:55+00:00","mainEntityOfPage":{"@id":"https:\/\/lightweb.dev\/l\/svm-temp\/nyheter\/sport\/bekraftat-attondelsfinalen-spanien-danmark-i-davis-cup-spelas-i-marbella\/"},"wordCount":418,"publisher":{"@id":"https:\/\/lightweb.dev\/l\/svm-temp\/#organization"},"image":{"@id":"https:\/\/lightweb.dev\/l\/svm-temp\/nyheter\/sport\/bekraftat-attondelsfinalen-spanien-danmark-i-davis-cup-spelas-i-marbella\/#primaryimage"},"thumbnailUrl":"https:\/\/lightweb.dev\/l\/svm-temp\/wp-content\/uploads\/2025\/03\/svm20250310141009.webp","articleSection":["Nyheter","Sport"],"inLanguage":"sv-SE"},{"@type":"WebPage","@id":"https:\/\/lightweb.dev\/l\/svm-temp\/nyheter\/sport\/bekraftat-attondelsfinalen-spanien-danmark-i-davis-cup-spelas-i-marbella\/","url":"https:\/\/lightweb.dev\/l\/svm-temp\/nyheter\/sport\/bekraftat-attondelsfinalen-spanien-danmark-i-davis-cup-spelas-i-marbella\/","name":"Bekr\u00e4ftat: \u00c5ttondelsfinalen Spanien-Danmark i Davis Cup spelas i Marbella - Svenska Magasinet","isPartOf":{"@id":"https:\/\/lightweb.dev\/l\/svm-temp\/#website"},"primaryImageOfPage":{"@id":"https:\/\/lightweb.dev\/l\/svm-temp\/nyheter\/sport\/bekraftat-attondelsfinalen-spanien-danmark-i-davis-cup-spelas-i-marbella\/#primaryimage"},"image":{"@id":"https:\/\/lightweb.dev\/l\/svm-temp\/nyheter\/sport\/bekraftat-attondelsfinalen-spanien-danmark-i-davis-cup-spelas-i-marbella\/#primaryimage"},"thumbnailUrl":"https:\/\/lightweb.dev\/l\/svm-temp\/wp-content\/uploads\/2025\/03\/svm20250310141009.webp","datePublished":"2025-03-10T14:14:26+00:00","dateModified":"2025-03-10T20:38:55+00:00","breadcrumb":{"@id":"https:\/\/lightweb.dev\/l\/svm-temp\/nyheter\/sport\/bekraftat-attondelsfinalen-spanien-danmark-i-davis-cup-spelas-i-marbella\/#breadcrumb"},"inLanguage":"sv-SE","potentialAction":[{"@type":"ReadAction","target":["https:\/\/lightweb.dev\/l\/svm-temp\/nyheter\/sport\/bekraftat-attondelsfinalen-spanien-danmark-i-davis-cup-spelas-i-marbella\/"]}]},{"@type":"ImageObject","inLanguage":"sv-SE","@id":"https:\/\/lightweb.dev\/l\/svm-temp\/nyheter\/sport\/bekraftat-attondelsfinalen-spanien-danmark-i-davis-cup-spelas-i-marbella\/#primaryimage","url":"https:\/\/lightweb.dev\/l\/svm-temp\/wp-content\/uploads\/2025\/03\/svm20250310141009.webp","contentUrl":"https:\/\/lightweb.dev\/l\/svm-temp\/wp-content\/uploads\/2025\/03\/svm20250310141009.webp","width":900,"height":400,"caption":"(Foto: RFET)"},{"@type":"BreadcrumbList","@id":"https:\/\/lightweb.dev\/l\/svm-temp\/nyheter\/sport\/bekraftat-attondelsfinalen-spanien-danmark-i-davis-cup-spelas-i-marbella\/#breadcrumb","itemListElement":[{"@type":"ListItem","position":1,"name":"Hem","item":"https:\/\/lightweb.dev\/l\/svm-temp\/"},{"@type":"ListItem","position":2,"name":"Bekr\u00e4ftat: \u00c5ttondelsfinalen Spanien-Danmark i Davis Cup spelas i Marbella"}]},{"@type":"WebSite","@id":"https:\/\/lightweb.dev\/l\/svm-temp\/#website","url":"https:\/\/lightweb.dev\/l\/svm-temp\/","name":"Svenska Magasinet","description":"Dina Spanska nyheter p&aring; Svenska","publisher":{"@id":"https:\/\/lightweb.dev\/l\/svm-temp\/#organization"},"potentialAction":[{"@type":"SearchAction","target":{"@type":"EntryPoint","urlTemplate":"https:\/\/lightweb.dev\/l\/svm-temp\/?s={search_term_string}"},"query-input":{"@type":"PropertyValueSpecification","valueRequired":true,"valueName":"search_term_string"}}],"inLanguage":"sv-SE"},{"@type":"Organization","@id":"https:\/\/lightweb.dev\/l\/svm-temp\/#organization","name":"Melkerson y Nott SL","alternateName":"Svenska Magasinet","url":"https:\/\/lightweb.dev\/l\/svm-temp\/","logo":{"@type":"ImageObject","inLanguage":"sv-SE","@id":"https:\/\/lightweb.dev\/l\/svm-temp\/#\/schema\/logo\/image\/","url":"https:\/\/lightweb.dev\/l\/svm-temp\/wp-content\/uploads\/2025\/02\/SvM-logo-Xtra-Centrerad-SVART.png","contentUrl":"https:\/\/lightweb.dev\/l\/svm-temp\/wp-content\/uploads\/2025\/02\/SvM-logo-Xtra-Centrerad-SVART.png","width":300,"height":99,"caption":"Melkerson y Nott SL"},"image":{"@id":"https:\/\/lightweb.dev\/l\/svm-temp\/#\/schema\/logo\/image\/"},"sameAs":["https:\/\/www.facebook.com\/svenskamagasinet","https:\/\/x.com\/SvenskaMagasine"]},{"@type":"Person","@id":"https:\/\/lightweb.dev\/l\/svm-temp\/#\/schema\/person\/7a82b8a73d171d32360a564b6d03508e","name":"Ola Josefsson","description":"Bevakar Solkusten och Spanien sedan 1994.","sameAs":["https:\/\/lightweb.dev\/l\/svm-temp"],"url":"https:\/\/lightweb.dev\/l\/svm-temp\/reporter\/ola-josefsson\/"}]}},"_links":{"self":[{"href":"https:\/\/lightweb.dev\/l\/svm-temp\/wp-json\/wp\/v2\/posts\/80137","targetHints":{"allow":["GET"]}}],"collection":[{"href":"https:\/\/lightweb.dev\/l\/svm-temp\/wp-json\/wp\/v2\/posts"}],"about":[{"href":"https:\/\/lightweb.dev\/l\/svm-temp\/wp-json\/wp\/v2\/types\/post"}],"author":[{"embeddable":true,"href":"https:\/\/lightweb.dev\/l\/svm-temp\/wp-json\/wp\/v2\/users\/7"}],"replies":[{"embeddable":true,"href":"https:\/\/lightweb.dev\/l\/svm-temp\/wp-json\/wp\/v2\/comments?post=80137"}],"version-history":[{"count":0,"href":"https:\/\/lightweb.dev\/l\/svm-temp\/wp-json\/wp\/v2\/posts\/80137\/revisions"}],"wp:featuredmedia":[{"embeddable":true,"href":"https:\/\/lightweb.dev\/l\/svm-temp\/wp-json\/wp\/v2\/media\/80134"}],"wp:attachment":[{"href":"https:\/\/lightweb.dev\/l\/svm-temp\/wp-json\/wp\/v2\/media?parent=80137"}],"wp:term":[{"taxonomy":"category","embeddable":true,"href":"https:\/\/lightweb.dev\/l\/svm-temp\/wp-json\/wp\/v2\/categories?post=80137"},{"taxonomy":"post_tag","embeddable":true,"href":"https:\/\/lightweb.dev\/l\/svm-temp\/wp-json\/wp\/v2\/tags?post=80137"}],"curies":[{"name":"wp","href":"https:\/\/api.w.org\/{rel}","templated":true}]}}