{"id":80146,"date":"2025-03-10T19:49:42","date_gmt":"2025-03-10T18:49:42","guid":{"rendered":"https:\/\/lightweb.dev\/l\/svm-temp\/?p=80146"},"modified":"2025-03-11T09:40:43","modified_gmt":"2025-03-11T08:40:43","slug":"banarbetare-drunknade-nar-han-klippte-gras-vid-vattenhinder","status":"publish","type":"post","link":"https:\/\/lightweb.dev\/l\/svm-temp\/nyheter\/banarbetare-drunknade-nar-han-klippte-gras-vid-vattenhinder\/","title":{"rendered":"Banarbetare drunknade n\u00e4r han klippte gr\u00e4s vid vattenhinder"},"content":{"rendered":"<p><strong>En 41-\u00e5rig man som var banarbetare vid Baviera Golf Klubb i Caleta de V\u00e9lez \u00f6ster om M\u00e1laga har hittats d\u00f6d efter att ha drunknat i ett vattenhinder.<\/strong><\/p>\n<p><strong>Mannen, som inte kunde simma, \u00e5kte p\u00e5 en gr\u00e4sklippare n\u00e4r han av en of\u00f6rklarlig anledning k\u00f6rde ner i dammen som \u00e4r en hektar stor och tio meter djup.<\/strong><\/p>\n<p>H\u00e4ndelsen intr\u00e4ffade vid nio-tiden p\u00e5 m\u00e5ndagen. Dykare fr\u00e5n Guardia Civil anl\u00e4nde till platsen f\u00f6r att lokalisera kroppen som hittades i dammen 13.30.<\/p>\n<div id=\"attachment_80156\" style=\"width: 910px\" class=\"wp-caption alignnone\"><img loading=\"lazy\" decoding=\"async\" aria-describedby=\"caption-attachment-80156\" class=\"wp-image-80156 size-full\" src=\"https:\/\/lightweb.dev\/l\/svm-temp\/wp-content\/uploads\/2025\/03\/svm20250311083930.webp\" alt=\"\" width=\"900\" height=\"400\" srcset=\"https:\/\/lightweb.dev\/l\/svm-temp\/wp-content\/uploads\/2025\/03\/svm20250311083930.webp 900w, https:\/\/lightweb.dev\/l\/svm-temp\/wp-content\/uploads\/2025\/03\/svm20250311083930-480x213.webp 480w\" sizes=\"(min-width: 0px) and (max-width: 480px) 480px, (min-width: 481px) 900px, 100vw\" \/><p id=\"caption-attachment-80156\" class=\"wp-caption-text\">(Foto: Consorcio Provincial de Bomberos de la Diputaci\u00f3n de M\u00e1laga)<\/p><\/div>\n<p>Det beskrivs som en komplicerad operation d\u00e5 vattnet i dammen var grumligt. Gr\u00e4sklipparen som mannen \u00e5kte p\u00e5 har p\u00e5tr\u00e4ffats.<\/p>\n<p>Ett \u00f6gonvittne ska ha sett mannen n\u00e4r han av misstag k\u00f6rde ner i dammen och drunknade, skriver <a href=\"https:\/\/www.abc.es\/espana\/andalucia\/malaga\/muere-trabajador-tras-caer-lago-campo-golf-20250310174701-nts.html\">ABC.<\/a><\/p>\n<p>Den 41-\u00e5rige mannen var banarbetare p\u00e5 Baviera golfklubb i V\u00e9lez M\u00e1laga. N\u00e4r olyckan intr\u00e4ffade klippte han gr\u00e4set n\u00e4ra dammen.<\/p>\n<p>Kroppen f\u00f6rdes till r\u00e4ttsmedicinska IML (Instituto de Medicina Legal) i M\u00e1laga f\u00f6r obduktion.<\/p>\n<p>Fackf\u00f6reningarna CC OO och UGT h\u00e5ller en minnesstund p\u00e5 tisdagen klockan 12 i h\u00f6rnet Muelle Heredia och Alameda de Col\u00f3n i M\u00e1laga f\u00f6r att visa sin solidaritet och l\u00e4mna kondoleanser till den avlidnes familj och v\u00e4nner.<\/p>\n<p>Yrkesinspektionen har inlett en utredning f\u00f6r att klarg\u00f6ra de bakomliggande orsakerna till d\u00f6dsolyckan s\u00e5 att inte det upprepas.<\/p>\n<h2 class=\"entry-title\">L\u00e4s mer: <a href=\"https:\/\/lightweb.dev\/l\/svm-temp\/nyheter\/70-arig-golfspelare-drunknade-pa-golfbana\/\">70-\u00e5rig golfspelare drunknade p\u00e5 golfbana<\/a><\/h2>\n<p>I april 2013 drunknade en 70-\u00e5rig brittisk golfspelaren fr\u00e5n Skottland vid en golfbana i Huelva. Mannen slog bollen i vattnet p\u00e5 h\u00e5l nummer fem. N\u00e4r han skulle h\u00e4mta bollen halkade han och f\u00f6ll i vattnet och drunknade.<\/p>\n","protected":false},"excerpt":{"rendered":"<p>En 41-\u00e5rig man som var banarbetare vid Baviera Golf Klubb i Caleta de V\u00e9lez \u00f6ster om M\u00e1laga har hittats d\u00f6d efter att ha drunknat i ett vattenhinder. Mannen, som inte kunde simma, \u00e5kte p\u00e5 en gr\u00e4sklippare n\u00e4r han av en of\u00f6rklarlig anledning&#8230;<\/p>\n","protected":false},"author":7,"featured_media":80145,"comment_status":"closed","ping_status":"closed","sticky":false,"template":"","format":"standard","meta":{"_et_pb_use_builder":"","_et_pb_old_content":"","_et_gb_content_width":"","footnotes":""},"categories":[395,3],"tags":[],"class_list":["post-80146","post","type-post","status-publish","format-standard","has-post-thumbnail","hentry","category-arkiv-nyheter","category-nyheter"],"yoast_head":"<!-- This site is optimized with the Yoast SEO Premium plugin v26.2 (Yoast SEO v27.4) - https:\/\/yoast.com\/product\/yoast-seo-premium-wordpress\/ -->\n<title>Banarbetare drunknade n\u00e4r han klippte gr\u00e4s vid vattenhinder - Svenska Magasinet<\/title>\n<meta name=\"description\" content=\"En 41-\u00e5rig man som var banarbetare vid Baviera Golf Klubb i Caleta de V\u00e9lez \u00f6ster om M\u00e1laga har hittats d\u00f6d efter att ha drunknat i ett vattenhinder. Mannen, som inte kunde simma, \u00e5kte p\u00e5 en gr\u00e4sklippare n\u00e4r han av en of\u00f6rklarlig anledning k\u00f6rde ner i dammen som \u00e4r en hektar stor och tio meter djup.\" \/>\n<meta name=\"robots\" content=\"noindex, follow, max-snippet:-1, max-image-preview:large, max-video-preview:-1\" \/>\n<meta property=\"og:locale\" content=\"sv_SE\" \/>\n<meta property=\"og:type\" content=\"article\" \/>\n<meta property=\"og:title\" content=\"Banarbetare drunknade n\u00e4r han klippte gr\u00e4s vid vattenhinder\" \/>\n<meta property=\"og:description\" content=\"En 41-\u00e5rig man som var banarbetare vid Baviera Golf Klubb i Caleta de V\u00e9lez \u00f6ster om M\u00e1laga har hittats d\u00f6d efter att ha drunknat i ett vattenhinder. Mannen, som inte kunde simma, \u00e5kte p\u00e5 en gr\u00e4sklippare n\u00e4r han av en of\u00f6rklarlig anledning k\u00f6rde ner i dammen som \u00e4r en hektar stor och tio meter djup.\" \/>\n<meta property=\"og:url\" content=\"https:\/\/lightweb.dev\/l\/svm-temp\/nyheter\/lokalt\/banarbetare-drunknade-nar-han-klippte-gras-vid-vattenhinder\/\" \/>\n<meta property=\"og:site_name\" content=\"Svenska Magasinet\" \/>\n<meta property=\"article:publisher\" content=\"https:\/\/www.facebook.com\/svenskamagasinet\" \/>\n<meta property=\"article:published_time\" content=\"2025-03-10T18:49:42+00:00\" \/>\n<meta property=\"article:modified_time\" content=\"2025-03-11T08:40:43+00:00\" \/>\n<meta property=\"og:image\" content=\"https:\/\/lightweb.dev\/l\/svm-temp\/wp-content\/uploads\/2025\/03\/svm20250310184613.webp\" \/>\n\t<meta property=\"og:image:width\" content=\"900\" \/>\n\t<meta property=\"og:image:height\" content=\"400\" \/>\n\t<meta property=\"og:image:type\" content=\"image\/webp\" \/>\n<meta name=\"author\" content=\"Ola Josefsson\" \/>\n<meta name=\"twitter:card\" content=\"summary_large_image\" \/>\n<meta name=\"twitter:creator\" content=\"@SvenskaMagasine\" \/>\n<meta name=\"twitter:site\" content=\"@SvenskaMagasine\" \/>\n<script type=\"application\/ld+json\" class=\"yoast-schema-graph\">{\"@context\":\"https:\\\/\\\/schema.org\",\"@graph\":[{\"@type\":\"Article\",\"@id\":\"https:\\\/\\\/lightweb.dev\\\/l\\\/svm-temp\\\/nyheter\\\/lokalt\\\/banarbetare-drunknade-nar-han-klippte-gras-vid-vattenhinder\\\/#article\",\"isPartOf\":{\"@id\":\"https:\\\/\\\/lightweb.dev\\\/l\\\/svm-temp\\\/nyheter\\\/lokalt\\\/banarbetare-drunknade-nar-han-klippte-gras-vid-vattenhinder\\\/\"},\"author\":{\"name\":\"Ola Josefsson\",\"@id\":\"https:\\\/\\\/lightweb.dev\\\/l\\\/svm-temp\\\/#\\\/schema\\\/person\\\/7a82b8a73d171d32360a564b6d03508e\"},\"headline\":\"Banarbetare drunknade n\u00e4r han klippte gr\u00e4s vid vattenhinder\",\"datePublished\":\"2025-03-10T18:49:42+00:00\",\"dateModified\":\"2025-03-11T08:40:43+00:00\",\"mainEntityOfPage\":{\"@id\":\"https:\\\/\\\/lightweb.dev\\\/l\\\/svm-temp\\\/nyheter\\\/lokalt\\\/banarbetare-drunknade-nar-han-klippte-gras-vid-vattenhinder\\\/\"},\"wordCount\":319,\"publisher\":{\"@id\":\"https:\\\/\\\/lightweb.dev\\\/l\\\/svm-temp\\\/#organization\"},\"image\":{\"@id\":\"https:\\\/\\\/lightweb.dev\\\/l\\\/svm-temp\\\/nyheter\\\/lokalt\\\/banarbetare-drunknade-nar-han-klippte-gras-vid-vattenhinder\\\/#primaryimage\"},\"thumbnailUrl\":\"https:\\\/\\\/lightweb.dev\\\/l\\\/svm-temp\\\/wp-content\\\/uploads\\\/2025\\\/03\\\/svm20250310184613.webp\",\"articleSection\":[\"Arkiv\",\"Nyheter\"],\"inLanguage\":\"sv-SE\"},{\"@type\":\"WebPage\",\"@id\":\"https:\\\/\\\/lightweb.dev\\\/l\\\/svm-temp\\\/nyheter\\\/lokalt\\\/banarbetare-drunknade-nar-han-klippte-gras-vid-vattenhinder\\\/\",\"url\":\"https:\\\/\\\/lightweb.dev\\\/l\\\/svm-temp\\\/nyheter\\\/lokalt\\\/banarbetare-drunknade-nar-han-klippte-gras-vid-vattenhinder\\\/\",\"name\":\"Banarbetare drunknade n\u00e4r han klippte gr\u00e4s vid vattenhinder - Svenska Magasinet\",\"isPartOf\":{\"@id\":\"https:\\\/\\\/lightweb.dev\\\/l\\\/svm-temp\\\/#website\"},\"primaryImageOfPage\":{\"@id\":\"https:\\\/\\\/lightweb.dev\\\/l\\\/svm-temp\\\/nyheter\\\/lokalt\\\/banarbetare-drunknade-nar-han-klippte-gras-vid-vattenhinder\\\/#primaryimage\"},\"image\":{\"@id\":\"https:\\\/\\\/lightweb.dev\\\/l\\\/svm-temp\\\/nyheter\\\/lokalt\\\/banarbetare-drunknade-nar-han-klippte-gras-vid-vattenhinder\\\/#primaryimage\"},\"thumbnailUrl\":\"https:\\\/\\\/lightweb.dev\\\/l\\\/svm-temp\\\/wp-content\\\/uploads\\\/2025\\\/03\\\/svm20250310184613.webp\",\"datePublished\":\"2025-03-10T18:49:42+00:00\",\"dateModified\":\"2025-03-11T08:40:43+00:00\",\"description\":\"En 41-\u00e5rig man som var banarbetare vid Baviera Golf Klubb i Caleta de V\u00e9lez \u00f6ster om M\u00e1laga har hittats d\u00f6d efter att ha drunknat i ett vattenhinder. Mannen, som inte kunde simma, \u00e5kte p\u00e5 en gr\u00e4sklippare n\u00e4r han av en of\u00f6rklarlig anledning k\u00f6rde ner i dammen som \u00e4r en hektar stor och tio meter djup.\",\"breadcrumb\":{\"@id\":\"https:\\\/\\\/lightweb.dev\\\/l\\\/svm-temp\\\/nyheter\\\/lokalt\\\/banarbetare-drunknade-nar-han-klippte-gras-vid-vattenhinder\\\/#breadcrumb\"},\"inLanguage\":\"sv-SE\",\"potentialAction\":[{\"@type\":\"ReadAction\",\"target\":[\"https:\\\/\\\/lightweb.dev\\\/l\\\/svm-temp\\\/nyheter\\\/lokalt\\\/banarbetare-drunknade-nar-han-klippte-gras-vid-vattenhinder\\\/\"]}]},{\"@type\":\"ImageObject\",\"inLanguage\":\"sv-SE\",\"@id\":\"https:\\\/\\\/lightweb.dev\\\/l\\\/svm-temp\\\/nyheter\\\/lokalt\\\/banarbetare-drunknade-nar-han-klippte-gras-vid-vattenhinder\\\/#primaryimage\",\"url\":\"https:\\\/\\\/lightweb.dev\\\/l\\\/svm-temp\\\/wp-content\\\/uploads\\\/2025\\\/03\\\/svm20250310184613.webp\",\"contentUrl\":\"https:\\\/\\\/lightweb.dev\\\/l\\\/svm-temp\\\/wp-content\\\/uploads\\\/2025\\\/03\\\/svm20250310184613.webp\",\"width\":900,\"height\":400,\"caption\":\"(Foto: Baviera Golf)\"},{\"@type\":\"BreadcrumbList\",\"@id\":\"https:\\\/\\\/lightweb.dev\\\/l\\\/svm-temp\\\/nyheter\\\/lokalt\\\/banarbetare-drunknade-nar-han-klippte-gras-vid-vattenhinder\\\/#breadcrumb\",\"itemListElement\":[{\"@type\":\"ListItem\",\"position\":1,\"name\":\"Hem\",\"item\":\"https:\\\/\\\/lightweb.dev\\\/l\\\/svm-temp\\\/\"},{\"@type\":\"ListItem\",\"position\":2,\"name\":\"Banarbetare drunknade n\u00e4r han klippte gr\u00e4s vid vattenhinder\"}]},{\"@type\":\"WebSite\",\"@id\":\"https:\\\/\\\/lightweb.dev\\\/l\\\/svm-temp\\\/#website\",\"url\":\"https:\\\/\\\/lightweb.dev\\\/l\\\/svm-temp\\\/\",\"name\":\"Svenska Magasinet\",\"description\":\"Dina Spanska nyheter p&aring; Svenska\",\"publisher\":{\"@id\":\"https:\\\/\\\/lightweb.dev\\\/l\\\/svm-temp\\\/#organization\"},\"potentialAction\":[{\"@type\":\"SearchAction\",\"target\":{\"@type\":\"EntryPoint\",\"urlTemplate\":\"https:\\\/\\\/lightweb.dev\\\/l\\\/svm-temp\\\/?s={search_term_string}\"},\"query-input\":{\"@type\":\"PropertyValueSpecification\",\"valueRequired\":true,\"valueName\":\"search_term_string\"}}],\"inLanguage\":\"sv-SE\"},{\"@type\":\"Organization\",\"@id\":\"https:\\\/\\\/lightweb.dev\\\/l\\\/svm-temp\\\/#organization\",\"name\":\"Melkerson y Nott SL\",\"alternateName\":\"Svenska Magasinet\",\"url\":\"https:\\\/\\\/lightweb.dev\\\/l\\\/svm-temp\\\/\",\"logo\":{\"@type\":\"ImageObject\",\"inLanguage\":\"sv-SE\",\"@id\":\"https:\\\/\\\/lightweb.dev\\\/l\\\/svm-temp\\\/#\\\/schema\\\/logo\\\/image\\\/\",\"url\":\"https:\\\/\\\/lightweb.dev\\\/l\\\/svm-temp\\\/wp-content\\\/uploads\\\/2025\\\/02\\\/SvM-logo-Xtra-Centrerad-SVART.png\",\"contentUrl\":\"https:\\\/\\\/lightweb.dev\\\/l\\\/svm-temp\\\/wp-content\\\/uploads\\\/2025\\\/02\\\/SvM-logo-Xtra-Centrerad-SVART.png\",\"width\":300,\"height\":99,\"caption\":\"Melkerson y Nott SL\"},\"image\":{\"@id\":\"https:\\\/\\\/lightweb.dev\\\/l\\\/svm-temp\\\/#\\\/schema\\\/logo\\\/image\\\/\"},\"sameAs\":[\"https:\\\/\\\/www.facebook.com\\\/svenskamagasinet\",\"https:\\\/\\\/x.com\\\/SvenskaMagasine\"]},{\"@type\":\"Person\",\"@id\":\"https:\\\/\\\/lightweb.dev\\\/l\\\/svm-temp\\\/#\\\/schema\\\/person\\\/7a82b8a73d171d32360a564b6d03508e\",\"name\":\"Ola Josefsson\",\"description\":\"Bevakar Solkusten och Spanien sedan 1994.\",\"sameAs\":[\"https:\\\/\\\/lightweb.dev\\\/l\\\/svm-temp\"],\"url\":\"https:\\\/\\\/lightweb.dev\\\/l\\\/svm-temp\\\/reporter\\\/ola-josefsson\\\/\"}]}<\/script>\n<!-- \/ Yoast SEO Premium plugin. -->","yoast_head_json":{"title":"Banarbetare drunknade n\u00e4r han klippte gr\u00e4s vid vattenhinder - Svenska Magasinet","description":"En 41-\u00e5rig man som var banarbetare vid Baviera Golf Klubb i Caleta de V\u00e9lez \u00f6ster om M\u00e1laga har hittats d\u00f6d efter att ha drunknat i ett vattenhinder. Mannen, som inte kunde simma, \u00e5kte p\u00e5 en gr\u00e4sklippare n\u00e4r han av en of\u00f6rklarlig anledning k\u00f6rde ner i dammen som \u00e4r en hektar stor och tio meter djup.","robots":{"index":"noindex","follow":"follow","max-snippet":"max-snippet:-1","max-image-preview":"max-image-preview:large","max-video-preview":"max-video-preview:-1"},"og_locale":"sv_SE","og_type":"article","og_title":"Banarbetare drunknade n\u00e4r han klippte gr\u00e4s vid vattenhinder","og_description":"En 41-\u00e5rig man som var banarbetare vid Baviera Golf Klubb i Caleta de V\u00e9lez \u00f6ster om M\u00e1laga har hittats d\u00f6d efter att ha drunknat i ett vattenhinder. Mannen, som inte kunde simma, \u00e5kte p\u00e5 en gr\u00e4sklippare n\u00e4r han av en of\u00f6rklarlig anledning k\u00f6rde ner i dammen som \u00e4r en hektar stor och tio meter djup.","og_url":"https:\/\/lightweb.dev\/l\/svm-temp\/nyheter\/lokalt\/banarbetare-drunknade-nar-han-klippte-gras-vid-vattenhinder\/","og_site_name":"Svenska Magasinet","article_publisher":"https:\/\/www.facebook.com\/svenskamagasinet","article_published_time":"2025-03-10T18:49:42+00:00","article_modified_time":"2025-03-11T08:40:43+00:00","og_image":[{"width":900,"height":400,"url":"https:\/\/lightweb.dev\/l\/svm-temp\/wp-content\/uploads\/2025\/03\/svm20250310184613.webp","type":"image\/webp"}],"author":"Ola Josefsson","twitter_card":"summary_large_image","twitter_creator":"@SvenskaMagasine","twitter_site":"@SvenskaMagasine","schema":{"@context":"https:\/\/schema.org","@graph":[{"@type":"Article","@id":"https:\/\/lightweb.dev\/l\/svm-temp\/nyheter\/lokalt\/banarbetare-drunknade-nar-han-klippte-gras-vid-vattenhinder\/#article","isPartOf":{"@id":"https:\/\/lightweb.dev\/l\/svm-temp\/nyheter\/lokalt\/banarbetare-drunknade-nar-han-klippte-gras-vid-vattenhinder\/"},"author":{"name":"Ola Josefsson","@id":"https:\/\/lightweb.dev\/l\/svm-temp\/#\/schema\/person\/7a82b8a73d171d32360a564b6d03508e"},"headline":"Banarbetare drunknade n\u00e4r han klippte gr\u00e4s vid vattenhinder","datePublished":"2025-03-10T18:49:42+00:00","dateModified":"2025-03-11T08:40:43+00:00","mainEntityOfPage":{"@id":"https:\/\/lightweb.dev\/l\/svm-temp\/nyheter\/lokalt\/banarbetare-drunknade-nar-han-klippte-gras-vid-vattenhinder\/"},"wordCount":319,"publisher":{"@id":"https:\/\/lightweb.dev\/l\/svm-temp\/#organization"},"image":{"@id":"https:\/\/lightweb.dev\/l\/svm-temp\/nyheter\/lokalt\/banarbetare-drunknade-nar-han-klippte-gras-vid-vattenhinder\/#primaryimage"},"thumbnailUrl":"https:\/\/lightweb.dev\/l\/svm-temp\/wp-content\/uploads\/2025\/03\/svm20250310184613.webp","articleSection":["Arkiv","Nyheter"],"inLanguage":"sv-SE"},{"@type":"WebPage","@id":"https:\/\/lightweb.dev\/l\/svm-temp\/nyheter\/lokalt\/banarbetare-drunknade-nar-han-klippte-gras-vid-vattenhinder\/","url":"https:\/\/lightweb.dev\/l\/svm-temp\/nyheter\/lokalt\/banarbetare-drunknade-nar-han-klippte-gras-vid-vattenhinder\/","name":"Banarbetare drunknade n\u00e4r han klippte gr\u00e4s vid vattenhinder - Svenska Magasinet","isPartOf":{"@id":"https:\/\/lightweb.dev\/l\/svm-temp\/#website"},"primaryImageOfPage":{"@id":"https:\/\/lightweb.dev\/l\/svm-temp\/nyheter\/lokalt\/banarbetare-drunknade-nar-han-klippte-gras-vid-vattenhinder\/#primaryimage"},"image":{"@id":"https:\/\/lightweb.dev\/l\/svm-temp\/nyheter\/lokalt\/banarbetare-drunknade-nar-han-klippte-gras-vid-vattenhinder\/#primaryimage"},"thumbnailUrl":"https:\/\/lightweb.dev\/l\/svm-temp\/wp-content\/uploads\/2025\/03\/svm20250310184613.webp","datePublished":"2025-03-10T18:49:42+00:00","dateModified":"2025-03-11T08:40:43+00:00","description":"En 41-\u00e5rig man som var banarbetare vid Baviera Golf Klubb i Caleta de V\u00e9lez \u00f6ster om M\u00e1laga har hittats d\u00f6d efter att ha drunknat i ett vattenhinder. Mannen, som inte kunde simma, \u00e5kte p\u00e5 en gr\u00e4sklippare n\u00e4r han av en of\u00f6rklarlig anledning k\u00f6rde ner i dammen som \u00e4r en hektar stor och tio meter djup.","breadcrumb":{"@id":"https:\/\/lightweb.dev\/l\/svm-temp\/nyheter\/lokalt\/banarbetare-drunknade-nar-han-klippte-gras-vid-vattenhinder\/#breadcrumb"},"inLanguage":"sv-SE","potentialAction":[{"@type":"ReadAction","target":["https:\/\/lightweb.dev\/l\/svm-temp\/nyheter\/lokalt\/banarbetare-drunknade-nar-han-klippte-gras-vid-vattenhinder\/"]}]},{"@type":"ImageObject","inLanguage":"sv-SE","@id":"https:\/\/lightweb.dev\/l\/svm-temp\/nyheter\/lokalt\/banarbetare-drunknade-nar-han-klippte-gras-vid-vattenhinder\/#primaryimage","url":"https:\/\/lightweb.dev\/l\/svm-temp\/wp-content\/uploads\/2025\/03\/svm20250310184613.webp","contentUrl":"https:\/\/lightweb.dev\/l\/svm-temp\/wp-content\/uploads\/2025\/03\/svm20250310184613.webp","width":900,"height":400,"caption":"(Foto: Baviera Golf)"},{"@type":"BreadcrumbList","@id":"https:\/\/lightweb.dev\/l\/svm-temp\/nyheter\/lokalt\/banarbetare-drunknade-nar-han-klippte-gras-vid-vattenhinder\/#breadcrumb","itemListElement":[{"@type":"ListItem","position":1,"name":"Hem","item":"https:\/\/lightweb.dev\/l\/svm-temp\/"},{"@type":"ListItem","position":2,"name":"Banarbetare drunknade n\u00e4r han klippte gr\u00e4s vid vattenhinder"}]},{"@type":"WebSite","@id":"https:\/\/lightweb.dev\/l\/svm-temp\/#website","url":"https:\/\/lightweb.dev\/l\/svm-temp\/","name":"Svenska Magasinet","description":"Dina Spanska nyheter p&aring; Svenska","publisher":{"@id":"https:\/\/lightweb.dev\/l\/svm-temp\/#organization"},"potentialAction":[{"@type":"SearchAction","target":{"@type":"EntryPoint","urlTemplate":"https:\/\/lightweb.dev\/l\/svm-temp\/?s={search_term_string}"},"query-input":{"@type":"PropertyValueSpecification","valueRequired":true,"valueName":"search_term_string"}}],"inLanguage":"sv-SE"},{"@type":"Organization","@id":"https:\/\/lightweb.dev\/l\/svm-temp\/#organization","name":"Melkerson y Nott SL","alternateName":"Svenska Magasinet","url":"https:\/\/lightweb.dev\/l\/svm-temp\/","logo":{"@type":"ImageObject","inLanguage":"sv-SE","@id":"https:\/\/lightweb.dev\/l\/svm-temp\/#\/schema\/logo\/image\/","url":"https:\/\/lightweb.dev\/l\/svm-temp\/wp-content\/uploads\/2025\/02\/SvM-logo-Xtra-Centrerad-SVART.png","contentUrl":"https:\/\/lightweb.dev\/l\/svm-temp\/wp-content\/uploads\/2025\/02\/SvM-logo-Xtra-Centrerad-SVART.png","width":300,"height":99,"caption":"Melkerson y Nott SL"},"image":{"@id":"https:\/\/lightweb.dev\/l\/svm-temp\/#\/schema\/logo\/image\/"},"sameAs":["https:\/\/www.facebook.com\/svenskamagasinet","https:\/\/x.com\/SvenskaMagasine"]},{"@type":"Person","@id":"https:\/\/lightweb.dev\/l\/svm-temp\/#\/schema\/person\/7a82b8a73d171d32360a564b6d03508e","name":"Ola Josefsson","description":"Bevakar Solkusten och Spanien sedan 1994.","sameAs":["https:\/\/lightweb.dev\/l\/svm-temp"],"url":"https:\/\/lightweb.dev\/l\/svm-temp\/reporter\/ola-josefsson\/"}]}},"_links":{"self":[{"href":"https:\/\/lightweb.dev\/l\/svm-temp\/wp-json\/wp\/v2\/posts\/80146","targetHints":{"allow":["GET"]}}],"collection":[{"href":"https:\/\/lightweb.dev\/l\/svm-temp\/wp-json\/wp\/v2\/posts"}],"about":[{"href":"https:\/\/lightweb.dev\/l\/svm-temp\/wp-json\/wp\/v2\/types\/post"}],"author":[{"embeddable":true,"href":"https:\/\/lightweb.dev\/l\/svm-temp\/wp-json\/wp\/v2\/users\/7"}],"replies":[{"embeddable":true,"href":"https:\/\/lightweb.dev\/l\/svm-temp\/wp-json\/wp\/v2\/comments?post=80146"}],"version-history":[{"count":0,"href":"https:\/\/lightweb.dev\/l\/svm-temp\/wp-json\/wp\/v2\/posts\/80146\/revisions"}],"wp:featuredmedia":[{"embeddable":true,"href":"https:\/\/lightweb.dev\/l\/svm-temp\/wp-json\/wp\/v2\/media\/80145"}],"wp:attachment":[{"href":"https:\/\/lightweb.dev\/l\/svm-temp\/wp-json\/wp\/v2\/media?parent=80146"}],"wp:term":[{"taxonomy":"category","embeddable":true,"href":"https:\/\/lightweb.dev\/l\/svm-temp\/wp-json\/wp\/v2\/categories?post=80146"},{"taxonomy":"post_tag","embeddable":true,"href":"https:\/\/lightweb.dev\/l\/svm-temp\/wp-json\/wp\/v2\/tags?post=80146"}],"curies":[{"name":"wp","href":"https:\/\/api.w.org\/{rel}","templated":true}]}}